{"id":1863,"date":"2023-02-25T06:00:00","date_gmt":"2023-02-25T09:00:00","guid":{"rendered":"https:\/\/www.oracaoefe.com\/?p=1863"},"modified":"2023-02-24T13:21:33","modified_gmt":"2023-02-24T16:21:33","slug":"oracao-para-comecar-bem-o-dia-liberte-se-da-vaidade","status":"publish","type":"post","link":"https:\/\/www.oracaoefe.com\/fr\/oracao-para-comecar-bem-o-dia-liberte-se-da-vaidade\/","title":{"rendered":"Ora\u00e7\u00e3o para come\u00e7ar bem o dia: Liberte-se da vaidade"},"content":{"rendered":"<p class=\"wp-block-paragraph\">A <strong>ora\u00e7\u00e3o para come\u00e7ar bem o dia <\/strong>\u00e9 uma pr\u00e1tica comum em muitas fam\u00edlias. Muitas pessoas escolhem dar in\u00edcio a rotina com uma ora\u00e7\u00e3o para estabelecer uma conex\u00e3o espiritual, encontrar paz e inspira\u00e7\u00e3o, e estabelecer inten\u00e7\u00f5es positivas para o dia que se iniciou. A ora\u00e7\u00e3o matutina pode ser uma forma de se sentir mais conectado com a espiritualidade, e de se concentrar em valores importantes como gratid\u00e3o, amor, perd\u00e3o e compaix\u00e3o. A ora\u00e7\u00e3o matutina pode ajudar a reduzir o estresse e a ansiedade, trazer clareza mental e emocional, e melhorar a sa\u00fade geral e o bem-estar.<\/p>\n\n\n\n<figure class=\"wp-block-image size-large\"><img loading=\"lazy\" decoding=\"async\" width=\"1024\" height=\"682\" src=\"https:\/\/www.oracaoefe.com\/wp-content\/uploads\/2023\/02\/image-5-1024x682.png\" alt=\"\" class=\"wp-image-1864\" srcset=\"https:\/\/www.oracaoefe.com\/wp-content\/uploads\/2023\/02\/image-5-1024x682.png 1024w, https:\/\/www.oracaoefe.com\/wp-content\/uploads\/2023\/02\/image-5-300x200.png 300w, https:\/\/www.oracaoefe.com\/wp-content\/uploads\/2023\/02\/image-5-768x512.png 768w, https:\/\/www.oracaoefe.com\/wp-content\/uploads\/2023\/02\/image-5-18x12.png 18w, https:\/\/www.oracaoefe.com\/wp-content\/uploads\/2023\/02\/image-5.png 1280w\" sizes=\"auto, (max-width: 1024px) 100vw, 1024px\" \/><figcaption class=\"wp-element-caption\">Image : Pixabay - Reproduction<\/figcaption><\/figure>\n\n\n\n<p class=\"wp-block-paragraph\">Al\u00e9m disso, a ora\u00e7\u00e3o matutina pode ser uma forma de criar uma rotina espiritual saud\u00e1vel. Ao estabelecer o h\u00e1bito de fazer uma ora\u00e7\u00e3o logo pela manh\u00e3, voc\u00ea pode come\u00e7ar o dia com um sentimento de calma e prop\u00f3sito, e isso pode influenciar positivamente o resto do seu dia. Fazer uma ora\u00e7\u00e3o matutina regularmente tamb\u00e9m pode ajud\u00e1-lo a se sentir mais disciplinado e focado em suas metas e objetivos espirituais, e pode ser uma forma de nutrir sua f\u00e9 e devo\u00e7\u00e3o.<\/p>\n\n\n\n<h2 class=\"wp-block-heading\">Ora\u00e7\u00e3o para come\u00e7ar bem o dia e libertar-se da vaidade<\/h2>\n\n\n\n<p class=\"wp-block-paragraph\"><em>Oh, Meu Senhor, neste momento de introspec\u00e7\u00e3o, pe\u00e7o humildemente a sua ajuda para libertar-me da vaidade. Reconhe\u00e7o que a busca incessante pela aprova\u00e7\u00e3o e reconhecimento externos tem me afastado da minha verdadeira ess\u00eancia e me impedido de ser verdadeiramente feliz. Ajude-me a reconhecer que a verdadeira beleza vem de dentro e que a minha autoestima n\u00e3o deve depender do que os outros pensam de mim.<\/em><\/p>\n\n\n\n<p class=\"wp-block-paragraph\"><em>Que eu seja capaz de encontrar alegria nas coisas simples e verdadeiras da vida, em vez de buscar constantemente o brilho das luzes da fama e da fortuna. Que eu seja capaz de valorizar e cuidar do meu corpo e apar\u00eancia, sem cair na armadilha da vaidade que leva \u00e0 obsess\u00e3o com a imagem. Que eu seja capaz de cultivar a gratid\u00e3o pelas coisas que tenho, em vez de sempre querer mais e mais.<\/em><\/p>\n\n\n\n<p class=\"wp-block-paragraph\"><em>Ajude-me a ver a beleza em todos os seres, sem julgamentos ou compara\u00e7\u00f5es, e a amar a mim mesmo e aos outros sem condi\u00e7\u00f5es. Que eu possa ser capaz de reconhecer e apreciar as qualidades \u00fanicas que me tornam quem sou, em vez de tentar me encaixar em padr\u00f5es imposs\u00edveis de perfei\u00e7\u00e3o. Que eu possa encontrar a paz e a felicidade em minha pr\u00f3pria jornada, sem me comparar com os outros.<\/em><\/p>\n\n\n\n<p class=\"wp-block-paragraph\"><em>Com sua ajuda, querido Deus, eu me liberto da vaidade e encontro a verdadeira liberdade de ser eu mesmo, livre de qualquer julgamento externo. Que eu possa caminhar em dire\u00e7\u00e3o \u00e0 minha verdadeira ess\u00eancia, confiando em mim mesmo e em sua orienta\u00e7\u00e3o amorosa. Que assim seja. Am\u00e9m.<\/em><\/p>\n\n\n\n<h2 class=\"wp-block-heading\">Mensagem do dia sobre vaidade<\/h2>\n\n\n\n<p class=\"wp-block-paragraph\">Deus ensina que para se libertar da vaidade \u00e9 necess\u00e1rio buscar a humildade, reconhecendo que tudo o que temos e somos vem Dele e que sem a Sua gra\u00e7a n\u00e3o somos nada. A B\u00edblia ensina que a humildade \u00e9 uma virtude que agrada a Deus e \u00e9 essencial para o crescimento espiritual.<\/p>\n\n\n\n<p class=\"wp-block-paragraph\">Em Filipenses 2:3-4, est\u00e1 escrito: &#8220;Nada fa\u00e7ais por contenda ou por vangl\u00f3ria, mas por humildade; cada um considere os outros superiores a si mesmo. N\u00e3o atente cada um para o que \u00e9 propriamente seu, mas cada qual tamb\u00e9m para o que \u00e9 dos outros&#8221;. Essa passagem ensina que devemos colocar os outros antes de n\u00f3s mesmos e evitar buscar a gl\u00f3ria pessoal.<\/p>\n\n\n\n<p class=\"wp-block-paragraph\">Jesus tamb\u00e9m ensinou sobre a humildade em suas palavras e a\u00e7\u00f5es. Ele deixou de lado sua posi\u00e7\u00e3o como Filho de Deus e se humilhou ao se tornar um homem para servir e salvar a humanidade. Em Mateus 23:12, Ele diz: &#8220;Porque todo o que a si mesmo se exaltar ser\u00e1 humilhado, e todo o que a si mesmo se humilhar ser\u00e1 exaltado&#8221;.<\/p>\n\n\n\n<p class=\"wp-block-paragraph\">Al\u00e9m disso, a B\u00edblia ensina que a vaidade \u00e9 uma tenta\u00e7\u00e3o que pode levar ao pecado e nos afastar de Deus. Em 1 Jo\u00e3o 2:16 est\u00e1 escrito: &#8220;Porque tudo o que h\u00e1 no mundo, a concupisc\u00eancia da carne, a concupisc\u00eancia dos olhos e a soberba da vida, n\u00e3o vem do Pai, mas sim do mundo&#8221;.<\/p>\n\n\n\n<p class=\"wp-block-paragraph\">Portanto, Deus ensina que para nos libertarmos da vaidade, devemos buscar a humildade, colocando os outros em primeiro lugar e reconhecendo que tudo o que temos e somos vem Dele. Devemos evitar a busca pela gl\u00f3ria pessoal e nos concentrar em servir aos outros e a Deus.<\/p>\n\n\n\n<h2 class=\"wp-block-heading\">O que a B\u00edblia diz sobre vaidade?<\/h2>\n\n\n\n<p class=\"wp-block-paragraph\">Na B\u00edblia, a palavra vaidade \u00e9 frequentemente usada para descrever algo que \u00e9 f\u00fatil, vazio, sem valor ou insignificante. A vaidade tamb\u00e9m pode se referir \u00e0 arrog\u00e2ncia, orgulho excessivo ou autoindulg\u00eancia. Em geral, a B\u00edblia adverte contra a vaidade e ensina que a humildade \u00e9 um valor importante a ser cultivado.<\/p>\n\n\n\n<p class=\"wp-block-paragraph\">O livro de Eclesiastes, por exemplo, come\u00e7a com a afirma\u00e7\u00e3o &#8220;Vaidade de vaidades! Tudo \u00e9 vaidade&#8221; (Eclesiastes 1:2). O autor destaca a transitoriedade da vida e a falta de significado da busca por prazer e riqueza. Ele conclui que o \u00fanico caminho para a verdadeira felicidade \u00e9 temer a Deus e obedecer aos seus mandamentos.<\/p>\n\n\n\n<p class=\"wp-block-paragraph\">O ap\u00f3stolo Paulo tamb\u00e9m adverte contra a vaidade em suas cartas. Em Romanos 12:3, ele escreve: &#8220;Porque, pela gra\u00e7a que me foi dada, digo a cada um dentre v\u00f3s que n\u00e3o tenha de si mesmo um conceito mais elevado do que conv\u00e9m; mas que pense de si sobriamente, conforme a medida da f\u00e9 que Deus, repartiu a cada um&#8221;. Paulo ensina que a humildade \u00e9 necess\u00e1ria para o bom funcionamento da igreja e para o crescimento espiritual dos indiv\u00edduos.<\/p>\n\n\n\n<p class=\"wp-block-paragraph\">Em resumo, a vaidade \u00e9 vista pela B\u00edblia como algo a ser evitado, pois leva \u00e0 arrog\u00e2ncia, autoindulg\u00eancia e busca de prazer e riqueza a todo custo. A humildade, por outro lado, \u00e9 vista como uma virtude que leva ao crescimento espiritual e \u00e0 verdadeira felicidade.<\/p>\n\n\n\n<p class=\"wp-block-paragraph\"><strong>Voir aussi\u00a0: <a href=\"https:\/\/www.oracaoefe.com\/fr\/oracao-para-comecar-bem-o-dia-nao-se-esqueca-de-deus\/\">Ora\u00e7\u00e3o para come\u00e7ar bem o dia: N\u00e3o se esque\u00e7a de Deus<\/a><\/strong><\/p>\n\n\n\n<p class=\"wp-block-paragraph\">25 de mar\u00e7o de 2023<\/p>","protected":false},"excerpt":{"rendered":"<p>A ora\u00e7\u00e3o para come\u00e7ar bem o dia \u00e9 uma pr\u00e1tica comum em muitas fam\u00edlias. Muitas pessoas escolhem dar in\u00edcio a rotina com uma ora\u00e7\u00e3o para estabelecer uma conex\u00e3o espiritual, encontrar paz e inspira\u00e7\u00e3o, e estabelecer inten\u00e7\u00f5es positivas para o dia que se iniciou. A ora\u00e7\u00e3o matutina pode ser uma forma de se sentir mais conectado&hellip;&nbsp;<\/p>","protected":false},"author":3,"featured_media":1864,"comment_status":"closed","ping_status":"closed","sticky":false,"template":"","format":"standard","meta":{"neve_meta_sidebar":"","neve_meta_container":"","neve_meta_enable_content_width":"","neve_meta_content_width":0,"neve_meta_title_alignment":"","neve_meta_author_avatar":"","neve_post_elements_order":"","neve_meta_disable_header":"","neve_meta_disable_footer":"","neve_meta_disable_title":"","footnotes":""},"categories":[2],"tags":[160,163],"class_list":["post-1863","post","type-post","status-publish","format-standard","has-post-thumbnail","hentry","category-oracao","tag-oracao-do-dia","tag-prece-do-dia"],"yoast_head":"<!-- This site is optimized with the Yoast SEO plugin v28.4 - https:\/\/yoast.com\/product\/yoast-seo-wordpress\/ -->\n<title>Ora\u00e7\u00e3o para come\u00e7ar bem o dia: Liberte-se da vaidade - Ora\u00e7\u00e3o e F\u00e9<\/title>\n<meta name=\"description\" content=\"Deus tem pra voc\u00ea uma palavra de vida!\" \/>\n<meta name=\"robots\" content=\"index, follow, max-snippet:-1, max-image-preview:large, max-video-preview:-1\" \/>\n<link rel=\"canonical\" href=\"https:\/\/www.oracaoefe.com\/fr\/oracao-para-comecar-bem-o-dia-liberte-se-da-vaidade\/\" \/>\n<meta property=\"og:locale\" content=\"fr_FR\" \/>\n<meta property=\"og:type\" content=\"article\" \/>\n<meta property=\"og:title\" content=\"Ora\u00e7\u00e3o para come\u00e7ar bem o dia: Liberte-se da vaidade - Ora\u00e7\u00e3o e F\u00e9\" \/>\n<meta property=\"og:description\" content=\"Deus tem pra voc\u00ea uma palavra de vida!\" \/>\n<meta property=\"og:url\" content=\"https:\/\/www.oracaoefe.com\/fr\/oracao-para-comecar-bem-o-dia-liberte-se-da-vaidade\/\" \/>\n<meta property=\"og:site_name\" content=\"Ora\u00e7\u00e3o e F\u00e9\" \/>\n<meta property=\"article:published_time\" content=\"2023-02-25T09:00:00+00:00\" \/>\n<meta property=\"og:image\" content=\"https:\/\/www.oracaoefe.com\/wp-content\/uploads\/2023\/02\/image-5.png\" \/>\n\t<meta property=\"og:image:width\" content=\"1280\" \/>\n\t<meta property=\"og:image:height\" content=\"853\" \/>\n\t<meta property=\"og:image:type\" content=\"image\/png\" \/>\n<meta name=\"author\" content=\"Michele Azevedo\" \/>\n<meta name=\"twitter:card\" content=\"summary_large_image\" \/>\n<meta name=\"twitter:label1\" content=\"\u00c9crit par\" \/>\n\t<meta name=\"twitter:data1\" content=\"Michele Azevedo\" \/>\n\t<meta name=\"twitter:label2\" content=\"Dur\u00e9e de lecture estim\u00e9e\" \/>\n\t<meta name=\"twitter:data2\" content=\"5 minutes\" \/>\n<script type=\"application\/ld+json\" class=\"yoast-schema-graph\">{\"@context\":\"https:\\\/\\\/schema.org\",\"@graph\":[{\"@type\":\"Article\",\"@id\":\"https:\\\/\\\/www.oracaoefe.com\\\/oracao-para-comecar-bem-o-dia-liberte-se-da-vaidade\\\/#article\",\"isPartOf\":{\"@id\":\"https:\\\/\\\/www.oracaoefe.com\\\/oracao-para-comecar-bem-o-dia-liberte-se-da-vaidade\\\/\"},\"author\":{\"name\":\"Michele Azevedo\",\"@id\":\"https:\\\/\\\/www.oracaoefe.com\\\/#\\\/schema\\\/person\\\/17283c669442cf005c4d5bb58adfb7f5\"},\"headline\":\"Ora\u00e7\u00e3o para come\u00e7ar bem o dia: Liberte-se da vaidade\",\"datePublished\":\"2023-02-25T09:00:00+00:00\",\"mainEntityOfPage\":{\"@id\":\"https:\\\/\\\/www.oracaoefe.com\\\/oracao-para-comecar-bem-o-dia-liberte-se-da-vaidade\\\/\"},\"wordCount\":1065,\"image\":{\"@id\":\"https:\\\/\\\/www.oracaoefe.com\\\/oracao-para-comecar-bem-o-dia-liberte-se-da-vaidade\\\/#primaryimage\"},\"thumbnailUrl\":\"https:\\\/\\\/www.oracaoefe.com\\\/wp-content\\\/uploads\\\/2023\\\/02\\\/image-5.png\",\"keywords\":[\"ora\u00e7\u00e3o do dia\",\"prece do dia\"],\"articleSection\":[\"Ora\u00e7\u00e3o\"],\"inLanguage\":\"fr-FR\"},{\"@type\":\"WebPage\",\"@id\":\"https:\\\/\\\/www.oracaoefe.com\\\/oracao-para-comecar-bem-o-dia-liberte-se-da-vaidade\\\/\",\"url\":\"https:\\\/\\\/www.oracaoefe.com\\\/oracao-para-comecar-bem-o-dia-liberte-se-da-vaidade\\\/\",\"name\":\"Ora\u00e7\u00e3o para come\u00e7ar bem o dia: Liberte-se da vaidade - Ora\u00e7\u00e3o e F\u00e9\",\"isPartOf\":{\"@id\":\"https:\\\/\\\/www.oracaoefe.com\\\/#website\"},\"primaryImageOfPage\":{\"@id\":\"https:\\\/\\\/www.oracaoefe.com\\\/oracao-para-comecar-bem-o-dia-liberte-se-da-vaidade\\\/#primaryimage\"},\"image\":{\"@id\":\"https:\\\/\\\/www.oracaoefe.com\\\/oracao-para-comecar-bem-o-dia-liberte-se-da-vaidade\\\/#primaryimage\"},\"thumbnailUrl\":\"https:\\\/\\\/www.oracaoefe.com\\\/wp-content\\\/uploads\\\/2023\\\/02\\\/image-5.png\",\"datePublished\":\"2023-02-25T09:00:00+00:00\",\"author\":{\"@id\":\"https:\\\/\\\/www.oracaoefe.com\\\/#\\\/schema\\\/person\\\/17283c669442cf005c4d5bb58adfb7f5\"},\"description\":\"Deus tem pra voc\u00ea uma palavra de vida!\",\"breadcrumb\":{\"@id\":\"https:\\\/\\\/www.oracaoefe.com\\\/oracao-para-comecar-bem-o-dia-liberte-se-da-vaidade\\\/#breadcrumb\"},\"inLanguage\":\"fr-FR\",\"potentialAction\":[{\"@type\":\"ReadAction\",\"target\":[\"https:\\\/\\\/www.oracaoefe.com\\\/oracao-para-comecar-bem-o-dia-liberte-se-da-vaidade\\\/\"]}]},{\"@type\":\"ImageObject\",\"inLanguage\":\"fr-FR\",\"@id\":\"https:\\\/\\\/www.oracaoefe.com\\\/oracao-para-comecar-bem-o-dia-liberte-se-da-vaidade\\\/#primaryimage\",\"url\":\"https:\\\/\\\/www.oracaoefe.com\\\/wp-content\\\/uploads\\\/2023\\\/02\\\/image-5.png\",\"contentUrl\":\"https:\\\/\\\/www.oracaoefe.com\\\/wp-content\\\/uploads\\\/2023\\\/02\\\/image-5.png\",\"width\":1280,\"height\":853},{\"@type\":\"BreadcrumbList\",\"@id\":\"https:\\\/\\\/www.oracaoefe.com\\\/oracao-para-comecar-bem-o-dia-liberte-se-da-vaidade\\\/#breadcrumb\",\"itemListElement\":[{\"@type\":\"ListItem\",\"position\":1,\"name\":\"Home\",\"item\":\"https:\\\/\\\/www.oracaoefe.com\\\/\"},{\"@type\":\"ListItem\",\"position\":2,\"name\":\"Ora\u00e7\u00e3o\",\"item\":\"https:\\\/\\\/www.oracaoefe.com\\\/category\\\/oracao\\\/\"},{\"@type\":\"ListItem\",\"position\":3,\"name\":\"Ora\u00e7\u00e3o para come\u00e7ar bem o dia: Liberte-se da vaidade\"}]},{\"@type\":\"WebSite\",\"@id\":\"https:\\\/\\\/www.oracaoefe.com\\\/#website\",\"url\":\"https:\\\/\\\/www.oracaoefe.com\\\/\",\"name\":\"Ora\u00e7\u00e3o e F\u00e9\",\"description\":\"\",\"potentialAction\":[{\"@type\":\"SearchAction\",\"target\":{\"@type\":\"EntryPoint\",\"urlTemplate\":\"https:\\\/\\\/www.oracaoefe.com\\\/?s={search_term_string}\"},\"query-input\":{\"@type\":\"PropertyValueSpecification\",\"valueRequired\":true,\"valueName\":\"search_term_string\"}}],\"inLanguage\":\"fr-FR\"},{\"@type\":\"Person\",\"@id\":\"https:\\\/\\\/www.oracaoefe.com\\\/#\\\/schema\\\/person\\\/17283c669442cf005c4d5bb58adfb7f5\",\"name\":\"Michele Azevedo\",\"image\":{\"@type\":\"ImageObject\",\"inLanguage\":\"fr-FR\",\"@id\":\"https:\\\/\\\/secure.gravatar.com\\\/avatar\\\/6b0eb9d22841282815e2cd856a0061c45e1761cd54b22e952d98c4746939aa85?s=96&d=mm&r=g\",\"url\":\"https:\\\/\\\/secure.gravatar.com\\\/avatar\\\/6b0eb9d22841282815e2cd856a0061c45e1761cd54b22e952d98c4746939aa85?s=96&d=mm&r=g\",\"contentUrl\":\"https:\\\/\\\/secure.gravatar.com\\\/avatar\\\/6b0eb9d22841282815e2cd856a0061c45e1761cd54b22e952d98c4746939aa85?s=96&d=mm&r=g\",\"caption\":\"Michele Azevedo\"},\"description\":\"Formada em Letras - Portugu\u00eas\\\/ Ingl\u00eas pela Universidade Estadual de Ponta Grossa (UEPG), p\u00f3s-graduada em Arte na Educa\u00e7\u00e3o (FAPI) e Psicopedagogia Escolar (FAPI), idealizadora e propriet\u00e1ria do site Escritora de Sucesso, possui experi\u00eancia em escrita para blogs em geral e atua como redatora e revisora dos conte\u00fados do Ora\u00e7\u00e3o e F\u00e9.\",\"url\":\"https:\\\/\\\/www.oracaoefe.com\\\/fr\\\/author\\\/michele-azevedo\\\/\"}]}<\/script>\n<!-- \/ Yoast SEO plugin. -->","yoast_head_json":{"title":"Ora\u00e7\u00e3o para come\u00e7ar bem o dia: Liberte-se da vaidade - Ora\u00e7\u00e3o e F\u00e9","description":"Dieu a une parole de vie pour vous !","robots":{"index":"index","follow":"follow","max-snippet":"max-snippet:-1","max-image-preview":"max-image-preview:large","max-video-preview":"max-video-preview:-1"},"canonical":"https:\/\/www.oracaoefe.com\/fr\/oracao-para-comecar-bem-o-dia-liberte-se-da-vaidade\/","og_locale":"fr_FR","og_type":"article","og_title":"Ora\u00e7\u00e3o para come\u00e7ar bem o dia: Liberte-se da vaidade - Ora\u00e7\u00e3o e F\u00e9","og_description":"Deus tem pra voc\u00ea uma palavra de vida!","og_url":"https:\/\/www.oracaoefe.com\/fr\/oracao-para-comecar-bem-o-dia-liberte-se-da-vaidade\/","og_site_name":"Ora\u00e7\u00e3o e F\u00e9","article_published_time":"2023-02-25T09:00:00+00:00","og_image":[{"width":1280,"height":853,"url":"https:\/\/www.oracaoefe.com\/wp-content\/uploads\/2023\/02\/image-5.png","type":"image\/png"}],"author":"Michele Azevedo","twitter_card":"summary_large_image","twitter_misc":{"\u00c9crit par":"Michele Azevedo","Dur\u00e9e de lecture estim\u00e9e":"5 minutes"},"schema":{"@context":"https:\/\/schema.org","@graph":[{"@type":"Article","@id":"https:\/\/www.oracaoefe.com\/oracao-para-comecar-bem-o-dia-liberte-se-da-vaidade\/#article","isPartOf":{"@id":"https:\/\/www.oracaoefe.com\/oracao-para-comecar-bem-o-dia-liberte-se-da-vaidade\/"},"author":{"name":"Michele Azevedo","@id":"https:\/\/www.oracaoefe.com\/#\/schema\/person\/17283c669442cf005c4d5bb58adfb7f5"},"headline":"Ora\u00e7\u00e3o para come\u00e7ar bem o dia: Liberte-se da vaidade","datePublished":"2023-02-25T09:00:00+00:00","mainEntityOfPage":{"@id":"https:\/\/www.oracaoefe.com\/oracao-para-comecar-bem-o-dia-liberte-se-da-vaidade\/"},"wordCount":1065,"image":{"@id":"https:\/\/www.oracaoefe.com\/oracao-para-comecar-bem-o-dia-liberte-se-da-vaidade\/#primaryimage"},"thumbnailUrl":"https:\/\/www.oracaoefe.com\/wp-content\/uploads\/2023\/02\/image-5.png","keywords":["ora\u00e7\u00e3o do dia","prece do dia"],"articleSection":["Ora\u00e7\u00e3o"],"inLanguage":"fr-FR"},{"@type":"WebPage","@id":"https:\/\/www.oracaoefe.com\/oracao-para-comecar-bem-o-dia-liberte-se-da-vaidade\/","url":"https:\/\/www.oracaoefe.com\/oracao-para-comecar-bem-o-dia-liberte-se-da-vaidade\/","name":"Ora\u00e7\u00e3o para come\u00e7ar bem o dia: Liberte-se da vaidade - Ora\u00e7\u00e3o e F\u00e9","isPartOf":{"@id":"https:\/\/www.oracaoefe.com\/#website"},"primaryImageOfPage":{"@id":"https:\/\/www.oracaoefe.com\/oracao-para-comecar-bem-o-dia-liberte-se-da-vaidade\/#primaryimage"},"image":{"@id":"https:\/\/www.oracaoefe.com\/oracao-para-comecar-bem-o-dia-liberte-se-da-vaidade\/#primaryimage"},"thumbnailUrl":"https:\/\/www.oracaoefe.com\/wp-content\/uploads\/2023\/02\/image-5.png","datePublished":"2023-02-25T09:00:00+00:00","author":{"@id":"https:\/\/www.oracaoefe.com\/#\/schema\/person\/17283c669442cf005c4d5bb58adfb7f5"},"description":"Dieu a une parole de vie pour vous !","breadcrumb":{"@id":"https:\/\/www.oracaoefe.com\/oracao-para-comecar-bem-o-dia-liberte-se-da-vaidade\/#breadcrumb"},"inLanguage":"fr-FR","potentialAction":[{"@type":"ReadAction","target":["https:\/\/www.oracaoefe.com\/oracao-para-comecar-bem-o-dia-liberte-se-da-vaidade\/"]}]},{"@type":"ImageObject","inLanguage":"fr-FR","@id":"https:\/\/www.oracaoefe.com\/oracao-para-comecar-bem-o-dia-liberte-se-da-vaidade\/#primaryimage","url":"https:\/\/www.oracaoefe.com\/wp-content\/uploads\/2023\/02\/image-5.png","contentUrl":"https:\/\/www.oracaoefe.com\/wp-content\/uploads\/2023\/02\/image-5.png","width":1280,"height":853},{"@type":"BreadcrumbList","@id":"https:\/\/www.oracaoefe.com\/oracao-para-comecar-bem-o-dia-liberte-se-da-vaidade\/#breadcrumb","itemListElement":[{"@type":"ListItem","position":1,"name":"Home","item":"https:\/\/www.oracaoefe.com\/"},{"@type":"ListItem","position":2,"name":"Ora\u00e7\u00e3o","item":"https:\/\/www.oracaoefe.com\/category\/oracao\/"},{"@type":"ListItem","position":3,"name":"Ora\u00e7\u00e3o para come\u00e7ar bem o dia: Liberte-se da vaidade"}]},{"@type":"WebSite","@id":"https:\/\/www.oracaoefe.com\/#website","url":"https:\/\/www.oracaoefe.com\/","name":"Pri\u00e8re et foi","description":"","potentialAction":[{"@type":"SearchAction","target":{"@type":"EntryPoint","urlTemplate":"https:\/\/www.oracaoefe.com\/?s={search_term_string}"},"query-input":{"@type":"PropertyValueSpecification","valueRequired":true,"valueName":"search_term_string"}}],"inLanguage":"fr-FR"},{"@type":"Person","@id":"https:\/\/www.oracaoefe.com\/#\/schema\/person\/17283c669442cf005c4d5bb58adfb7f5","name":"Michele Azevedo","image":{"@type":"ImageObject","inLanguage":"fr-FR","@id":"https:\/\/secure.gravatar.com\/avatar\/6b0eb9d22841282815e2cd856a0061c45e1761cd54b22e952d98c4746939aa85?s=96&d=mm&r=g","url":"https:\/\/secure.gravatar.com\/avatar\/6b0eb9d22841282815e2cd856a0061c45e1761cd54b22e952d98c4746939aa85?s=96&d=mm&r=g","contentUrl":"https:\/\/secure.gravatar.com\/avatar\/6b0eb9d22841282815e2cd856a0061c45e1761cd54b22e952d98c4746939aa85?s=96&d=mm&r=g","caption":"Michele Azevedo"},"description":"Dipl\u00f4m\u00e9e en litt\u00e9rature portugaise\/anglaise de l&#039;Universit\u00e9 d&#039;\u00c9tat de Ponta Grossa (UEPG), avec des dipl\u00f4mes de troisi\u00e8me cycle en art dans l&#039;\u00e9ducation (FAPI) et en psychop\u00e9dagogie scolaire (FAPI), elle est la cr\u00e9atrice et propri\u00e9taire du site web Escritora de Sucesso, a de l&#039;exp\u00e9rience dans l&#039;\u00e9criture pour les blogs en g\u00e9n\u00e9ral et travaille comme r\u00e9dactrice et \u00e9ditrice du contenu pour Ora\u00e7\u00e3o e F\u00e9.","url":"https:\/\/www.oracaoefe.com\/fr\/author\/michele-azevedo\/"}]}},"_links":{"self":[{"href":"https:\/\/www.oracaoefe.com\/fr\/wp-json\/wp\/v2\/posts\/1863","targetHints":{"allow":["GET"]}}],"collection":[{"href":"https:\/\/www.oracaoefe.com\/fr\/wp-json\/wp\/v2\/posts"}],"about":[{"href":"https:\/\/www.oracaoefe.com\/fr\/wp-json\/wp\/v2\/types\/post"}],"author":[{"embeddable":true,"href":"https:\/\/www.oracaoefe.com\/fr\/wp-json\/wp\/v2\/users\/3"}],"replies":[{"embeddable":true,"href":"https:\/\/www.oracaoefe.com\/fr\/wp-json\/wp\/v2\/comments?post=1863"}],"version-history":[{"count":1,"href":"https:\/\/www.oracaoefe.com\/fr\/wp-json\/wp\/v2\/posts\/1863\/revisions"}],"predecessor-version":[{"id":1865,"href":"https:\/\/www.oracaoefe.com\/fr\/wp-json\/wp\/v2\/posts\/1863\/revisions\/1865"}],"wp:featuredmedia":[{"embeddable":true,"href":"https:\/\/www.oracaoefe.com\/fr\/wp-json\/wp\/v2\/media\/1864"}],"wp:attachment":[{"href":"https:\/\/www.oracaoefe.com\/fr\/wp-json\/wp\/v2\/media?parent=1863"}],"wp:term":[{"taxonomy":"category","embeddable":true,"href":"https:\/\/www.oracaoefe.com\/fr\/wp-json\/wp\/v2\/categories?post=1863"},{"taxonomy":"post_tag","embeddable":true,"href":"https:\/\/www.oracaoefe.com\/fr\/wp-json\/wp\/v2\/tags?post=1863"}],"curies":[{"name":"wp","href":"https:\/\/api.w.org\/{rel}","templated":true}]}}