{"id":1860,"date":"2023-02-23T08:00:00","date_gmt":"2023-02-23T11:00:00","guid":{"rendered":"https:\/\/www.oracaoefe.com\/?p=1860"},"modified":"2023-02-22T21:55:38","modified_gmt":"2023-02-23T00:55:38","slug":"oracao-para-comecar-o-dia-lembre-se-sempre-de-agradecer","status":"publish","type":"post","link":"https:\/\/www.oracaoefe.com\/fr\/oracao-para-comecar-o-dia-lembre-se-sempre-de-agradecer\/","title":{"rendered":"Ora\u00e7\u00e3o para come\u00e7ar o dia: Lembre-se sempre de agradecer"},"content":{"rendered":"<p class=\"wp-block-paragraph\">Gratid\u00e3o \u00e9 uma atitude de reconhecimento e aprecia\u00e7\u00e3o por tudo o que temos e por todas as b\u00ean\u00e7\u00e3os que recebemos em nossas vidas, sejam elas grandes ou pequenas. \u00c9 uma forma de valorizar e agradecer pelas pessoas, experi\u00eancias e oportunidades que nos ajudam a crescer, evoluir e ter uma vida mais feliz e realizada. A gratid\u00e3o nos leva a enxergar o lado bom das coisas, a ser mais positivos e a viver com mais alegria, contentamento e paz interior. Comece o seu dia agradecendo com uma ora\u00e7\u00e3o.<\/p>\n\n\n\n<figure class=\"wp-block-image size-large\"><img loading=\"lazy\" decoding=\"async\" width=\"1024\" height=\"683\" src=\"https:\/\/www.oracaoefe.com\/wp-content\/uploads\/2023\/02\/image-4-1024x683.png\" alt=\"\" class=\"wp-image-1861\" srcset=\"https:\/\/www.oracaoefe.com\/wp-content\/uploads\/2023\/02\/image-4-1024x683.png 1024w, https:\/\/www.oracaoefe.com\/wp-content\/uploads\/2023\/02\/image-4-300x200.png 300w, https:\/\/www.oracaoefe.com\/wp-content\/uploads\/2023\/02\/image-4-768x512.png 768w, https:\/\/www.oracaoefe.com\/wp-content\/uploads\/2023\/02\/image-4-18x12.png 18w, https:\/\/www.oracaoefe.com\/wp-content\/uploads\/2023\/02\/image-4.png 1280w\" sizes=\"auto, (max-width: 1024px) 100vw, 1024px\" \/><figcaption class=\"wp-element-caption\">Image : Pixabay - Reproduction<\/figcaption><\/figure>\n\n\n\n<h2 class=\"wp-block-heading\">Ora\u00e7\u00e3o para come\u00e7ar o dia e agradecer<\/h2>\n\n\n\n<p class=\"wp-block-paragraph\">A gratid\u00e3o \u00e9 uma emo\u00e7\u00e3o positiva que nos leva a reconhecer e valorizar as coisas boas que recebemos na vida, sejam elas materiais, emocionais ou espirituais. Ela nos ajuda a ter uma perspectiva mais positiva e a enxergar o lado bom das situa\u00e7\u00f5es, mesmo em momentos dif\u00edceis. A gratid\u00e3o tamb\u00e9m nos torna mais conscientes de tudo o que temos e nos permite apreciar e desfrutar da vida com mais intensidade.<\/p>\n\n\n\n<p class=\"wp-block-paragraph\">Quando praticamos a gratid\u00e3o regularmente, podemos experimentar muitos benef\u00edcios, incluindo melhoria da sa\u00fade mental e emocional, aumento da autoestima e da resili\u00eancia, e fortalecimento dos relacionamentos interpessoais. A gratid\u00e3o tamb\u00e9m pode nos inspirar a retribuir o bem que recebemos, compartilhando nossas b\u00ean\u00e7\u00e3os com os outros e fazendo a diferen\u00e7a na vida das pessoas \u00e0 nossa volta. Em resumo, a gratid\u00e3o \u00e9 uma atitude poderosa que nos ajuda a viver uma vida mais feliz, saud\u00e1vel e significativa. Ore com as dicas de ora\u00e7\u00f5es, a seguir, para agradecer.<\/p>\n\n\n\n<p class=\"wp-block-paragraph\">&#8220;<em>Senhor, agrade\u00e7o por mais um amanhecer e por mais uma oportunidade de viver. Que neste novo dia, eu possa ser uma pessoa melhor, mais amorosa, mais compassiva e mais generosa com todos que cruzarem o meu caminho.<\/em><\/p>\n\n\n\n<p class=\"wp-block-paragraph\"><em>Que a tua luz ilumine o meu caminho e que a tua sabedoria me guie nas decis\u00f5es que terei que tomar. Pe\u00e7o que me d\u00ea for\u00e7as para enfrentar os desafios que surgir\u00e3o e que eu possa encar\u00e1-los com coragem e determina\u00e7\u00e3o.<\/em><\/p>\n\n\n\n<p class=\"wp-block-paragraph\"><em>Que a minha mente esteja aberta para aprender coisas novas, para ouvir as necessidades das pessoas \u00e0 minha volta e para contribuir para um mundo melhor. Que eu possa ser um instrumento do teu amor e da tua paz, e que eu possa espalhar essas b\u00ean\u00e7\u00e3os por onde eu passar.<\/em><\/p>\n\n\n\n<p class=\"wp-block-paragraph\"><em>Aben\u00e7oa este dia, Senhor, e todas as pessoas que fazem parte da minha vida. Que a tua m\u00e3o protetora esteja sobre cada um de n\u00f3s, nos guardando de todo o mal e nos conduzindo ao bem. Que este dia seja aben\u00e7oado e produtivo, e que eu possa dormir \u00e0 noite com a consci\u00eancia tranquila e o cora\u00e7\u00e3o cheio de gratid\u00e3o. Am\u00e9m.<\/em>&#8220;<\/p>\n\n\n\n<h2 class=\"wp-block-heading\">Mensagem do dia: Lembre-se de agradecer<\/h2>\n\n\n\n<p class=\"wp-block-paragraph\">Agradecer \u00e9 uma atitude importante porque nos ajuda a reconhecer as b\u00ean\u00e7\u00e3os que recebemos na vida, sejam elas grandes ou pequenas. Quando agradecemos, estamos valorizando o que temos e o que nos foi dado, o que nos leva a sentir mais felizes e satisfeitos.<\/p>\n\n\n\n<p class=\"wp-block-paragraph\">Al\u00e9m disso, a gratid\u00e3o tamb\u00e9m nos ajuda a ser mais positivos e a ver o lado bom das coisas, mesmo em momentos dif\u00edceis. Quando agradecemos, estamos direcionando a nossa aten\u00e7\u00e3o para aquilo que \u00e9 bom e positivo, o que nos ajuda a lidar melhor com situa\u00e7\u00f5es adversas e a encontrar solu\u00e7\u00f5es para os problemas.<\/p>\n\n\n\n<p class=\"wp-block-paragraph\">A gratid\u00e3o tamb\u00e9m nos ajuda a fortalecer nossos relacionamentos, pois quando expressamos nossa gratid\u00e3o \u00e0s pessoas que nos ajudam, nos apoiam e nos amam, estamos mostrando a elas que valorizamos sua presen\u00e7a em nossa vida e reconhecemos seus esfor\u00e7os em nosso benef\u00edcio.<\/p>\n\n\n\n<p class=\"wp-block-paragraph\">Por fim, agradecer tamb\u00e9m pode ter benef\u00edcios f\u00edsicos e emocionais, como diminui\u00e7\u00e3o do estresse, aumento da autoestima e melhoria na qualidade do sono. Por isso, \u00e9 importante cultivar a gratid\u00e3o em nosso dia a dia e sempre encontrar motivos para agradecer.<\/p>\n\n\n\n<p class=\"wp-block-paragraph\">Gratid\u00e3o tamb\u00e9m nos aproxima de Deus, e nos torna todos os dias pessoas melhores.<\/p>\n\n\n\n<h3 class=\"wp-block-heading\">O que a B\u00edblia diz sobre gratid\u00e3o<\/h3>\n\n\n\n<p class=\"wp-block-paragraph\">A gratid\u00e3o \u00e9 um tema importante na B\u00edblia e \u00e9 frequentemente mencionada em diversas passagens. Segundo a B\u00edblia, a gratid\u00e3o \u00e9 uma atitude de reconhecimento e agradecimento a Deus pelas b\u00ean\u00e7\u00e3os que Ele nos concede. A seguir, apresento algumas passagens que destacam a import\u00e2ncia da gratid\u00e3o na B\u00edblia:<\/p>\n\n\n\n<p class=\"wp-block-paragraph\"><em>&#8220;Rendei gra\u00e7as ao Senhor, porque ele \u00e9 bom, porque a sua miseric\u00f3rdia dura para sempre.&#8221; <\/em>(Salmos 136:1)<\/p>\n\n\n\n<p class=\"wp-block-paragraph\"><em>&#8220;Em tudo dai gra\u00e7as, porque esta \u00e9 a vontade de Deus em Cristo Jesus para convosco.&#8221;<\/em> (1 Tessalonicenses 5:18)<\/p>\n\n\n\n<p class=\"wp-block-paragraph\"><em>&#8220;Porque do Senhor \u00e9 a terra e a sua plenitude, o mundo e aqueles que nele habitam.&#8221;<\/em> (Salmos 24:1)<\/p>\n\n\n\n<p class=\"wp-block-paragraph\"><em>&#8220;Bendize, \u00f3 minha alma, ao Senhor, e n\u00e3o te esque\u00e7as de nenhum de seus benef\u00edcios.&#8221; <\/em>(Salmos 103:2)<\/p>\n\n\n\n<p class=\"wp-block-paragraph\">Essas passagens nos mostram que a gratid\u00e3o \u00e9 uma atitude que deve estar presente em todas as \u00e1reas de nossa vida, e que devemos ser gratos a Deus por todas as b\u00ean\u00e7\u00e3os que recebemos, sejam elas grandes ou pequenas. A gratid\u00e3o nos ajuda a manter o foco nas coisas boas e a encontrar alegria e satisfa\u00e7\u00e3o nas pequenas coisas da vida, o que nos leva a viver de forma mais plena e feliz.<\/p>\n\n\n\n<p class=\"wp-block-paragraph\"><strong>Voir aussi\u00a0: <a href=\"https:\/\/www.oracaoefe.com\/fr\/oracao-para-comecar-bem-o-dia-prospere-em-todos-os-niveis\/\">Ora\u00e7\u00e3o para come\u00e7ar bem o dia: Prospere em todos os n\u00edveis<\/a><\/strong><\/p>\n\n\n\n<p class=\"wp-block-paragraph\">23 de fevereiro de 2023<\/p>","protected":false},"excerpt":{"rendered":"<p>Gratid\u00e3o \u00e9 uma atitude de reconhecimento e aprecia\u00e7\u00e3o por tudo o que temos e por todas as b\u00ean\u00e7\u00e3os que recebemos em nossas vidas, sejam elas grandes ou pequenas. \u00c9 uma forma de valorizar e agradecer pelas pessoas, experi\u00eancias e oportunidades que nos ajudam a crescer, evoluir e ter uma vida mais feliz e realizada. A&hellip;&nbsp;<\/p>","protected":false},"author":3,"featured_media":1861,"comment_status":"closed","ping_status":"closed","sticky":false,"template":"","format":"standard","meta":{"neve_meta_sidebar":"","neve_meta_container":"","neve_meta_enable_content_width":"","neve_meta_content_width":0,"neve_meta_title_alignment":"","neve_meta_author_avatar":"","neve_post_elements_order":"","neve_meta_disable_header":"","neve_meta_disable_footer":"","neve_meta_disable_title":"","footnotes":""},"categories":[2],"tags":[160,163],"class_list":["post-1860","post","type-post","status-publish","format-standard","has-post-thumbnail","hentry","category-oracao","tag-oracao-do-dia","tag-prece-do-dia"],"yoast_head":"<!-- This site is optimized with the Yoast SEO plugin v28.4 - https:\/\/yoast.com\/product\/yoast-seo-wordpress\/ -->\n<title>Ora\u00e7\u00e3o para come\u00e7ar o dia: Lembre-se sempre de agradecer - Ora\u00e7\u00e3o e F\u00e9<\/title>\n<meta name=\"description\" content=\"Deus tem pra voc\u00ea uma palavra de vida!\" \/>\n<meta name=\"robots\" content=\"index, follow, max-snippet:-1, max-image-preview:large, max-video-preview:-1\" \/>\n<link rel=\"canonical\" href=\"https:\/\/www.oracaoefe.com\/fr\/oracao-para-comecar-o-dia-lembre-se-sempre-de-agradecer\/\" \/>\n<meta property=\"og:locale\" content=\"fr_FR\" \/>\n<meta property=\"og:type\" content=\"article\" \/>\n<meta property=\"og:title\" content=\"Ora\u00e7\u00e3o para come\u00e7ar o dia: Lembre-se sempre de agradecer - Ora\u00e7\u00e3o e F\u00e9\" \/>\n<meta property=\"og:description\" content=\"Deus tem pra voc\u00ea uma palavra de vida!\" \/>\n<meta property=\"og:url\" content=\"https:\/\/www.oracaoefe.com\/fr\/oracao-para-comecar-o-dia-lembre-se-sempre-de-agradecer\/\" \/>\n<meta property=\"og:site_name\" content=\"Ora\u00e7\u00e3o e F\u00e9\" \/>\n<meta property=\"article:published_time\" content=\"2023-02-23T11:00:00+00:00\" \/>\n<meta property=\"og:image\" content=\"https:\/\/www.oracaoefe.com\/wp-content\/uploads\/2023\/02\/image-4.png\" \/>\n\t<meta property=\"og:image:width\" content=\"1280\" \/>\n\t<meta property=\"og:image:height\" content=\"854\" \/>\n\t<meta property=\"og:image:type\" content=\"image\/png\" \/>\n<meta name=\"author\" content=\"Michele Azevedo\" \/>\n<meta name=\"twitter:card\" content=\"summary_large_image\" \/>\n<meta name=\"twitter:label1\" content=\"\u00c9crit par\" \/>\n\t<meta name=\"twitter:data1\" content=\"Michele Azevedo\" \/>\n\t<meta name=\"twitter:label2\" content=\"Dur\u00e9e de lecture estim\u00e9e\" \/>\n\t<meta name=\"twitter:data2\" content=\"5 minutes\" \/>\n<script type=\"application\/ld+json\" class=\"yoast-schema-graph\">{\"@context\":\"https:\\\/\\\/schema.org\",\"@graph\":[{\"@type\":\"Article\",\"@id\":\"https:\\\/\\\/www.oracaoefe.com\\\/oracao-para-comecar-o-dia-lembre-se-sempre-de-agradecer\\\/#article\",\"isPartOf\":{\"@id\":\"https:\\\/\\\/www.oracaoefe.com\\\/oracao-para-comecar-o-dia-lembre-se-sempre-de-agradecer\\\/\"},\"author\":{\"name\":\"Michele Azevedo\",\"@id\":\"https:\\\/\\\/www.oracaoefe.com\\\/#\\\/schema\\\/person\\\/17283c669442cf005c4d5bb58adfb7f5\"},\"headline\":\"Ora\u00e7\u00e3o para come\u00e7ar o dia: Lembre-se sempre de agradecer\",\"datePublished\":\"2023-02-23T11:00:00+00:00\",\"mainEntityOfPage\":{\"@id\":\"https:\\\/\\\/www.oracaoefe.com\\\/oracao-para-comecar-o-dia-lembre-se-sempre-de-agradecer\\\/\"},\"wordCount\":941,\"image\":{\"@id\":\"https:\\\/\\\/www.oracaoefe.com\\\/oracao-para-comecar-o-dia-lembre-se-sempre-de-agradecer\\\/#primaryimage\"},\"thumbnailUrl\":\"https:\\\/\\\/www.oracaoefe.com\\\/wp-content\\\/uploads\\\/2023\\\/02\\\/image-4.png\",\"keywords\":[\"ora\u00e7\u00e3o do dia\",\"prece do dia\"],\"articleSection\":[\"Ora\u00e7\u00e3o\"],\"inLanguage\":\"fr-FR\"},{\"@type\":\"WebPage\",\"@id\":\"https:\\\/\\\/www.oracaoefe.com\\\/oracao-para-comecar-o-dia-lembre-se-sempre-de-agradecer\\\/\",\"url\":\"https:\\\/\\\/www.oracaoefe.com\\\/oracao-para-comecar-o-dia-lembre-se-sempre-de-agradecer\\\/\",\"name\":\"Ora\u00e7\u00e3o para come\u00e7ar o dia: Lembre-se sempre de agradecer - Ora\u00e7\u00e3o e F\u00e9\",\"isPartOf\":{\"@id\":\"https:\\\/\\\/www.oracaoefe.com\\\/#website\"},\"primaryImageOfPage\":{\"@id\":\"https:\\\/\\\/www.oracaoefe.com\\\/oracao-para-comecar-o-dia-lembre-se-sempre-de-agradecer\\\/#primaryimage\"},\"image\":{\"@id\":\"https:\\\/\\\/www.oracaoefe.com\\\/oracao-para-comecar-o-dia-lembre-se-sempre-de-agradecer\\\/#primaryimage\"},\"thumbnailUrl\":\"https:\\\/\\\/www.oracaoefe.com\\\/wp-content\\\/uploads\\\/2023\\\/02\\\/image-4.png\",\"datePublished\":\"2023-02-23T11:00:00+00:00\",\"author\":{\"@id\":\"https:\\\/\\\/www.oracaoefe.com\\\/#\\\/schema\\\/person\\\/17283c669442cf005c4d5bb58adfb7f5\"},\"description\":\"Deus tem pra voc\u00ea uma palavra de vida!\",\"breadcrumb\":{\"@id\":\"https:\\\/\\\/www.oracaoefe.com\\\/oracao-para-comecar-o-dia-lembre-se-sempre-de-agradecer\\\/#breadcrumb\"},\"inLanguage\":\"fr-FR\",\"potentialAction\":[{\"@type\":\"ReadAction\",\"target\":[\"https:\\\/\\\/www.oracaoefe.com\\\/oracao-para-comecar-o-dia-lembre-se-sempre-de-agradecer\\\/\"]}]},{\"@type\":\"ImageObject\",\"inLanguage\":\"fr-FR\",\"@id\":\"https:\\\/\\\/www.oracaoefe.com\\\/oracao-para-comecar-o-dia-lembre-se-sempre-de-agradecer\\\/#primaryimage\",\"url\":\"https:\\\/\\\/www.oracaoefe.com\\\/wp-content\\\/uploads\\\/2023\\\/02\\\/image-4.png\",\"contentUrl\":\"https:\\\/\\\/www.oracaoefe.com\\\/wp-content\\\/uploads\\\/2023\\\/02\\\/image-4.png\",\"width\":1280,\"height\":854},{\"@type\":\"BreadcrumbList\",\"@id\":\"https:\\\/\\\/www.oracaoefe.com\\\/oracao-para-comecar-o-dia-lembre-se-sempre-de-agradecer\\\/#breadcrumb\",\"itemListElement\":[{\"@type\":\"ListItem\",\"position\":1,\"name\":\"Home\",\"item\":\"https:\\\/\\\/www.oracaoefe.com\\\/\"},{\"@type\":\"ListItem\",\"position\":2,\"name\":\"Ora\u00e7\u00e3o\",\"item\":\"https:\\\/\\\/www.oracaoefe.com\\\/category\\\/oracao\\\/\"},{\"@type\":\"ListItem\",\"position\":3,\"name\":\"Ora\u00e7\u00e3o para come\u00e7ar o dia: Lembre-se sempre de agradecer\"}]},{\"@type\":\"WebSite\",\"@id\":\"https:\\\/\\\/www.oracaoefe.com\\\/#website\",\"url\":\"https:\\\/\\\/www.oracaoefe.com\\\/\",\"name\":\"Ora\u00e7\u00e3o e F\u00e9\",\"description\":\"\",\"potentialAction\":[{\"@type\":\"SearchAction\",\"target\":{\"@type\":\"EntryPoint\",\"urlTemplate\":\"https:\\\/\\\/www.oracaoefe.com\\\/?s={search_term_string}\"},\"query-input\":{\"@type\":\"PropertyValueSpecification\",\"valueRequired\":true,\"valueName\":\"search_term_string\"}}],\"inLanguage\":\"fr-FR\"},{\"@type\":\"Person\",\"@id\":\"https:\\\/\\\/www.oracaoefe.com\\\/#\\\/schema\\\/person\\\/17283c669442cf005c4d5bb58adfb7f5\",\"name\":\"Michele Azevedo\",\"image\":{\"@type\":\"ImageObject\",\"inLanguage\":\"fr-FR\",\"@id\":\"https:\\\/\\\/secure.gravatar.com\\\/avatar\\\/6b0eb9d22841282815e2cd856a0061c45e1761cd54b22e952d98c4746939aa85?s=96&d=mm&r=g\",\"url\":\"https:\\\/\\\/secure.gravatar.com\\\/avatar\\\/6b0eb9d22841282815e2cd856a0061c45e1761cd54b22e952d98c4746939aa85?s=96&d=mm&r=g\",\"contentUrl\":\"https:\\\/\\\/secure.gravatar.com\\\/avatar\\\/6b0eb9d22841282815e2cd856a0061c45e1761cd54b22e952d98c4746939aa85?s=96&d=mm&r=g\",\"caption\":\"Michele Azevedo\"},\"description\":\"Formada em Letras - Portugu\u00eas\\\/ Ingl\u00eas pela Universidade Estadual de Ponta Grossa (UEPG), p\u00f3s-graduada em Arte na Educa\u00e7\u00e3o (FAPI) e Psicopedagogia Escolar (FAPI), idealizadora e propriet\u00e1ria do site Escritora de Sucesso, possui experi\u00eancia em escrita para blogs em geral e atua como redatora e revisora dos conte\u00fados do Ora\u00e7\u00e3o e F\u00e9.\",\"url\":\"https:\\\/\\\/www.oracaoefe.com\\\/fr\\\/author\\\/michele-azevedo\\\/\"}]}<\/script>\n<!-- \/ Yoast SEO plugin. -->","yoast_head_json":{"title":"Ora\u00e7\u00e3o para come\u00e7ar o dia: Lembre-se sempre de agradecer - Ora\u00e7\u00e3o e F\u00e9","description":"Dieu a une parole de vie pour vous !","robots":{"index":"index","follow":"follow","max-snippet":"max-snippet:-1","max-image-preview":"max-image-preview:large","max-video-preview":"max-video-preview:-1"},"canonical":"https:\/\/www.oracaoefe.com\/fr\/oracao-para-comecar-o-dia-lembre-se-sempre-de-agradecer\/","og_locale":"fr_FR","og_type":"article","og_title":"Ora\u00e7\u00e3o para come\u00e7ar o dia: Lembre-se sempre de agradecer - Ora\u00e7\u00e3o e F\u00e9","og_description":"Deus tem pra voc\u00ea uma palavra de vida!","og_url":"https:\/\/www.oracaoefe.com\/fr\/oracao-para-comecar-o-dia-lembre-se-sempre-de-agradecer\/","og_site_name":"Ora\u00e7\u00e3o e F\u00e9","article_published_time":"2023-02-23T11:00:00+00:00","og_image":[{"width":1280,"height":854,"url":"https:\/\/www.oracaoefe.com\/wp-content\/uploads\/2023\/02\/image-4.png","type":"image\/png"}],"author":"Michele Azevedo","twitter_card":"summary_large_image","twitter_misc":{"\u00c9crit par":"Michele Azevedo","Dur\u00e9e de lecture estim\u00e9e":"5 minutes"},"schema":{"@context":"https:\/\/schema.org","@graph":[{"@type":"Article","@id":"https:\/\/www.oracaoefe.com\/oracao-para-comecar-o-dia-lembre-se-sempre-de-agradecer\/#article","isPartOf":{"@id":"https:\/\/www.oracaoefe.com\/oracao-para-comecar-o-dia-lembre-se-sempre-de-agradecer\/"},"author":{"name":"Michele Azevedo","@id":"https:\/\/www.oracaoefe.com\/#\/schema\/person\/17283c669442cf005c4d5bb58adfb7f5"},"headline":"Ora\u00e7\u00e3o para come\u00e7ar o dia: Lembre-se sempre de agradecer","datePublished":"2023-02-23T11:00:00+00:00","mainEntityOfPage":{"@id":"https:\/\/www.oracaoefe.com\/oracao-para-comecar-o-dia-lembre-se-sempre-de-agradecer\/"},"wordCount":941,"image":{"@id":"https:\/\/www.oracaoefe.com\/oracao-para-comecar-o-dia-lembre-se-sempre-de-agradecer\/#primaryimage"},"thumbnailUrl":"https:\/\/www.oracaoefe.com\/wp-content\/uploads\/2023\/02\/image-4.png","keywords":["ora\u00e7\u00e3o do dia","prece do dia"],"articleSection":["Ora\u00e7\u00e3o"],"inLanguage":"fr-FR"},{"@type":"WebPage","@id":"https:\/\/www.oracaoefe.com\/oracao-para-comecar-o-dia-lembre-se-sempre-de-agradecer\/","url":"https:\/\/www.oracaoefe.com\/oracao-para-comecar-o-dia-lembre-se-sempre-de-agradecer\/","name":"Ora\u00e7\u00e3o para come\u00e7ar o dia: Lembre-se sempre de agradecer - Ora\u00e7\u00e3o e F\u00e9","isPartOf":{"@id":"https:\/\/www.oracaoefe.com\/#website"},"primaryImageOfPage":{"@id":"https:\/\/www.oracaoefe.com\/oracao-para-comecar-o-dia-lembre-se-sempre-de-agradecer\/#primaryimage"},"image":{"@id":"https:\/\/www.oracaoefe.com\/oracao-para-comecar-o-dia-lembre-se-sempre-de-agradecer\/#primaryimage"},"thumbnailUrl":"https:\/\/www.oracaoefe.com\/wp-content\/uploads\/2023\/02\/image-4.png","datePublished":"2023-02-23T11:00:00+00:00","author":{"@id":"https:\/\/www.oracaoefe.com\/#\/schema\/person\/17283c669442cf005c4d5bb58adfb7f5"},"description":"Dieu a une parole de vie pour vous !","breadcrumb":{"@id":"https:\/\/www.oracaoefe.com\/oracao-para-comecar-o-dia-lembre-se-sempre-de-agradecer\/#breadcrumb"},"inLanguage":"fr-FR","potentialAction":[{"@type":"ReadAction","target":["https:\/\/www.oracaoefe.com\/oracao-para-comecar-o-dia-lembre-se-sempre-de-agradecer\/"]}]},{"@type":"ImageObject","inLanguage":"fr-FR","@id":"https:\/\/www.oracaoefe.com\/oracao-para-comecar-o-dia-lembre-se-sempre-de-agradecer\/#primaryimage","url":"https:\/\/www.oracaoefe.com\/wp-content\/uploads\/2023\/02\/image-4.png","contentUrl":"https:\/\/www.oracaoefe.com\/wp-content\/uploads\/2023\/02\/image-4.png","width":1280,"height":854},{"@type":"BreadcrumbList","@id":"https:\/\/www.oracaoefe.com\/oracao-para-comecar-o-dia-lembre-se-sempre-de-agradecer\/#breadcrumb","itemListElement":[{"@type":"ListItem","position":1,"name":"Home","item":"https:\/\/www.oracaoefe.com\/"},{"@type":"ListItem","position":2,"name":"Ora\u00e7\u00e3o","item":"https:\/\/www.oracaoefe.com\/category\/oracao\/"},{"@type":"ListItem","position":3,"name":"Ora\u00e7\u00e3o para come\u00e7ar o dia: Lembre-se sempre de agradecer"}]},{"@type":"WebSite","@id":"https:\/\/www.oracaoefe.com\/#website","url":"https:\/\/www.oracaoefe.com\/","name":"Pri\u00e8re et foi","description":"","potentialAction":[{"@type":"SearchAction","target":{"@type":"EntryPoint","urlTemplate":"https:\/\/www.oracaoefe.com\/?s={search_term_string}"},"query-input":{"@type":"PropertyValueSpecification","valueRequired":true,"valueName":"search_term_string"}}],"inLanguage":"fr-FR"},{"@type":"Person","@id":"https:\/\/www.oracaoefe.com\/#\/schema\/person\/17283c669442cf005c4d5bb58adfb7f5","name":"Michele Azevedo","image":{"@type":"ImageObject","inLanguage":"fr-FR","@id":"https:\/\/secure.gravatar.com\/avatar\/6b0eb9d22841282815e2cd856a0061c45e1761cd54b22e952d98c4746939aa85?s=96&d=mm&r=g","url":"https:\/\/secure.gravatar.com\/avatar\/6b0eb9d22841282815e2cd856a0061c45e1761cd54b22e952d98c4746939aa85?s=96&d=mm&r=g","contentUrl":"https:\/\/secure.gravatar.com\/avatar\/6b0eb9d22841282815e2cd856a0061c45e1761cd54b22e952d98c4746939aa85?s=96&d=mm&r=g","caption":"Michele Azevedo"},"description":"Dipl\u00f4m\u00e9e en litt\u00e9rature portugaise\/anglaise de l&#039;Universit\u00e9 d&#039;\u00c9tat de Ponta Grossa (UEPG), avec des dipl\u00f4mes de troisi\u00e8me cycle en art dans l&#039;\u00e9ducation (FAPI) et en psychop\u00e9dagogie scolaire (FAPI), elle est la cr\u00e9atrice et propri\u00e9taire du site web Escritora de Sucesso, a de l&#039;exp\u00e9rience dans l&#039;\u00e9criture pour les blogs en g\u00e9n\u00e9ral et travaille comme r\u00e9dactrice et \u00e9ditrice du contenu pour Ora\u00e7\u00e3o e F\u00e9.","url":"https:\/\/www.oracaoefe.com\/fr\/author\/michele-azevedo\/"}]}},"_links":{"self":[{"href":"https:\/\/www.oracaoefe.com\/fr\/wp-json\/wp\/v2\/posts\/1860","targetHints":{"allow":["GET"]}}],"collection":[{"href":"https:\/\/www.oracaoefe.com\/fr\/wp-json\/wp\/v2\/posts"}],"about":[{"href":"https:\/\/www.oracaoefe.com\/fr\/wp-json\/wp\/v2\/types\/post"}],"author":[{"embeddable":true,"href":"https:\/\/www.oracaoefe.com\/fr\/wp-json\/wp\/v2\/users\/3"}],"replies":[{"embeddable":true,"href":"https:\/\/www.oracaoefe.com\/fr\/wp-json\/wp\/v2\/comments?post=1860"}],"version-history":[{"count":1,"href":"https:\/\/www.oracaoefe.com\/fr\/wp-json\/wp\/v2\/posts\/1860\/revisions"}],"predecessor-version":[{"id":1862,"href":"https:\/\/www.oracaoefe.com\/fr\/wp-json\/wp\/v2\/posts\/1860\/revisions\/1862"}],"wp:featuredmedia":[{"embeddable":true,"href":"https:\/\/www.oracaoefe.com\/fr\/wp-json\/wp\/v2\/media\/1861"}],"wp:attachment":[{"href":"https:\/\/www.oracaoefe.com\/fr\/wp-json\/wp\/v2\/media?parent=1860"}],"wp:term":[{"taxonomy":"category","embeddable":true,"href":"https:\/\/www.oracaoefe.com\/fr\/wp-json\/wp\/v2\/categories?post=1860"},{"taxonomy":"post_tag","embeddable":true,"href":"https:\/\/www.oracaoefe.com\/fr\/wp-json\/wp\/v2\/tags?post=1860"}],"curies":[{"name":"wp","href":"https:\/\/api.w.org\/{rel}","templated":true}]}}