{"id":1831,"date":"2023-02-18T06:00:00","date_gmt":"2023-02-18T09:00:00","guid":{"rendered":"https:\/\/www.oracaoefe.com\/?p=1831"},"modified":"2023-02-13T19:39:45","modified_gmt":"2023-02-13T22:39:45","slug":"oracao-para-comecar-bem-o-dia-nao-se-esqueca-de-deus","status":"publish","type":"post","link":"https:\/\/www.oracaoefe.com\/fr\/oracao-para-comecar-bem-o-dia-nao-se-esqueca-de-deus\/","title":{"rendered":"Ora\u00e7\u00e3o para come\u00e7ar bem o dia: N\u00e3o se esque\u00e7a de Deus"},"content":{"rendered":"<p class=\"wp-block-paragraph\">A ora\u00e7\u00e3o da manh\u00e3 \u00e9 um dos momentos mais significativos para os religiosos expressarem gratid\u00e3o por sua sa\u00fade e pedirem prote\u00e7\u00e3o no in\u00edcio do novo dia. Com foco e a presen\u00e7a da Trindade, o que \u00e9 feito pela manh\u00e3 pode ter um impacto significativo e ajudar no fortalecimento da mente e do corpo. A ora\u00e7\u00e3o tem o poder de oferecer tudo que \u00e9 pedido se tivermos f\u00e9. Para ajud\u00e1-lo nestes momentos de conex\u00e3o com a religi\u00e3o, trouxemos algumas ora\u00e7\u00f5es que te ajudar\u00e3o a se conectar e praticar ainda mais a f\u00e9. Veja abaixo.<\/p>\n\n\n\n<figure class=\"wp-block-image size-large\"><img loading=\"lazy\" decoding=\"async\" width=\"1024\" height=\"662\" src=\"https:\/\/www.oracaoefe.com\/wp-content\/uploads\/2023\/02\/image-2-1024x662.png\" alt=\"\" class=\"wp-image-1834\" srcset=\"https:\/\/www.oracaoefe.com\/wp-content\/uploads\/2023\/02\/image-2-1024x662.png 1024w, https:\/\/www.oracaoefe.com\/wp-content\/uploads\/2023\/02\/image-2-300x194.png 300w, https:\/\/www.oracaoefe.com\/wp-content\/uploads\/2023\/02\/image-2-768x496.png 768w, https:\/\/www.oracaoefe.com\/wp-content\/uploads\/2023\/02\/image-2-18x12.png 18w, https:\/\/www.oracaoefe.com\/wp-content\/uploads\/2023\/02\/image-2.png 1280w\" sizes=\"auto, (max-width: 1024px) 100vw, 1024px\" \/><figcaption class=\"wp-element-caption\">Image : Pixabay - Reproduction<\/figcaption><\/figure>\n\n\n\n<h2 class=\"wp-block-heading\">Ora\u00e7\u00e3o para todas as manh\u00e3s<\/h2>\n\n\n\n<p class=\"wp-block-paragraph\"><em>\u201cNeste novo dia que se inicia, venho pedir sa\u00fade, paz, for\u00e7a e sabedoria, Senhor. Hoje, quero olhar com mais amor, ser mais paciente, compreensivo, viril e s\u00e1bio. Por favor, lembre-me da sua bondade infinita e interceda pelo dia de hoje. Am\u00e9m.&#8221;<\/em><\/p>\n\n\n\n<h2 class=\"wp-block-heading\">Ora\u00e7\u00e3o matinal para ser feita antes do trabalho<\/h2>\n\n\n\n<p class=\"wp-block-paragraph\"><em>\u201cQuerido Deus, obrigado pelo novo dia. Obrigado pela renova\u00e7\u00e3o di\u00e1ria de seu amor. Oh, Senhor, qu\u00e3o grandes s\u00e3o sua lealdade e amor inabal\u00e1vel! N\u00e3o tenho certeza do que vai acontecer hoje ou quanto farei, mas voc\u00ea age. Portanto, eu dou a voc\u00ea hoje todo meu amor. Pai, junte-se a mim e me fa\u00e7a instrumento de sua infinita bondade. Energize-me para o trabalho que est\u00e1 fazendo, pois sabe como estou cansado. <\/em><\/p>\n\n\n\n<p class=\"wp-block-paragraph\"><em>Por favor, me mostre o caminho da salva\u00e7\u00e3o e desperte meus caminhos para seguir os seus passos. Senhor, tenho muitas ideias criativas, mas todas elas est\u00e3o nubladas. Venha, Esp\u00edrito Santo, e coloque suas m\u00e3os em meu consciente como voc\u00ea fez nas \u00e1guas durante a cria\u00e7\u00e3o e fale de paz sobre o caos. Ajude-me a persistir no caminho do Senhor e ter f\u00e9 de que voc\u00ea me dar\u00e1 tudo de que preciso agora para concluir o processo que voc\u00ea me deu para concluir. No in\u00edcio desse novo dia, que o Senhor me mostre o caminho a seguir e me d\u00ea for\u00e7a para concluir o bom trabalho que iniciou. Tenho f\u00e9 em voc\u00ea, ent\u00e3o pe\u00e7o que use seu amor ao me usar. Voc\u00ea est\u00e1 no comando deste novo dia de trabalho. Tudo que tenho antes de ser meu \u00e9 teu, minha vida pertence ao senhor Deus, am\u00e9m.\u201d<\/em><\/p>\n\n\n\n<h2 class=\"wp-block-heading\">Ora\u00e7\u00e3o para ser feita todas as manh\u00e3s<\/h2>\n\n\n\n<p class=\"wp-block-paragraph\"><em>\u201cVenho pedir paz, sabedoria e for\u00e7a na quietude deste dia que se aproxima, senhor. Desejo olhar o mundo com olhos amorosos hoje, sendo atencioso, paciente, cauteloso e viril. Ver seus filhos como voc\u00ea os v\u00ea, apesar de suas caracter\u00edsticas humanas exteriores, e evitar ver qualquer coisa, exceto o bem em cada um deles. Estou fechando meus olhos para o mundo inteiro. Defenda minha l\u00edngua contra qualquer mal. Meu esp\u00edrito s\u00f3 \u00e9 sufocado por b\u00ean\u00e7\u00e3os. Oro para que todos que se aproximem de mim possam sentir sua presen\u00e7a porque voc\u00ea \u00e9 t\u00e3o gentil e feliz. Lembre-me de sua bondade, senhor, e prometa que n\u00e3o o ofenderei depois de hoje e garantirei que todos saibam quem voc\u00ea \u00e9. Fa\u00e7a deste dia um dia guiado por suas m\u00e3os, am\u00e9m.\u201d<\/em><\/p>\n\n\n\n<h2 class=\"wp-block-heading\">Ora\u00e7\u00e3o para ser feita durante amanh\u00e3 (r\u00e1pida)<\/h2>\n\n\n\n<p class=\"wp-block-paragraph\"><em>\u201cVoc\u00ea enfeita todas as coisas com sua presen\u00e7a, Deus Todo-Poderoso. Me mantenha perto do seu amor e dos seus caminhos. Certifique-se de que somos capazes de lembrar de voc\u00ea em todas as nossas a\u00e7\u00f5es e caminhos, e que voc\u00ea sempre nos conceda a gra\u00e7a de saber e entender o que voc\u00ea gostaria que realiz\u00e1ssemos e nos motivasse a faz\u00ea-lo. Am\u00e9m.\u201d<\/em><\/p>\n\n\n\n<h2 class=\"wp-block-heading\">Ora\u00e7\u00e3o para iniciar o dia bem e n\u00e3o se esquecer de Deus<\/h2>\n\n\n\n<p class=\"wp-block-paragraph\"><em>&#8220;Gradioso Deus, No in\u00edcio de um novo dia, voc\u00ea me d\u00e1 for\u00e7a. Pe\u00e7o que renove meu cora\u00e7\u00e3o com seu poder e prop\u00f3sito enquanto o mundo \u00e9 renovado. Perdoe-me pelos meus erros de ontem e encoraje-me a segui-lo mais de perto hoje. Hoje \u00e9 o primeiro dia da minha nova vida; brilhe atrav\u00e9s de mim para que todos que eu encontrar possam sentir sua presen\u00e7a em mim. Segure minha m\u00e3o, querido Senhor, pois sou incapaz de fazer isso sozinho. Am\u00e9m\u201d<\/em><\/p>\n\n\n\n<h2 class=\"wp-block-heading\">Porque devemos orar pela manh\u00e3<\/h2>\n\n\n\n<p class=\"wp-block-paragraph\">\u00c9 crucial e necess\u00e1rio orar ao longo de nosso dia para que as b\u00ean\u00e7\u00e3os sejam realizadas e nosso dia seja aben\u00e7oado. Como dito antes, sempre recebemos o que pedimos. Portanto, orar com um prop\u00f3sito para o dia que est\u00e1 come\u00e7ando \u00e9 pedir.&nbsp;<\/p>\n\n\n\n<p class=\"wp-block-paragraph\">Al\u00e9m disso, orar pela manh\u00e3 deve ser um momento de a\u00e7\u00e3o de gra\u00e7as: gratid\u00e3o por mais um dia, outra chance e outra noite memor\u00e1vel. Tamb\u00e9m estamos fazendo um gesto de amor, cuidado e respeito para com o pai quando pensamos pela primeira vez em Deus e falamos com ele pela manh\u00e3.<\/p>\n\n\n\n<p class=\"wp-block-paragraph\">Como resultado, quando voc\u00ea orar, agrade\u00e7a a Deus, pe\u00e7a Sua b\u00ean\u00e7\u00e3o para superar os desafios da vida com Sua ajuda e expresse seu amor a Deus agradecendo a Ele por sua sa\u00fade, sua fam\u00edlia e suas realiza\u00e7\u00f5es. Como sempre, Deus vai ouvi-lo, responder \u00e0s suas necessidades e am\u00e1-lo como sempre fez, basta ter f\u00e9 e acreditar em sua ora\u00e7\u00e3o.<\/p>\n\n\n\n<p class=\"wp-block-paragraph\"><strong>Voir aussi\u00a0: <a href=\"https:\/\/www.oracaoefe.com\/fr\/oracao-para-comecar-bem-o-dia-o-poder-de-agradecer-a-deus\/\">Ora\u00e7\u00e3o para come\u00e7ar bem o dia: O poder de agradecer a Deus<\/a><\/strong><\/p>\n\n\n\n<p class=\"wp-block-paragraph\">18 de fevereiro de 2023<\/p>","protected":false},"excerpt":{"rendered":"<p>A ora\u00e7\u00e3o da manh\u00e3 \u00e9 um dos momentos mais significativos para os religiosos expressarem gratid\u00e3o por sua sa\u00fade e pedirem prote\u00e7\u00e3o no in\u00edcio do novo dia. Com foco e a presen\u00e7a da Trindade, o que \u00e9 feito pela manh\u00e3 pode ter um impacto significativo e ajudar no fortalecimento da mente e do corpo. A ora\u00e7\u00e3o&hellip;&nbsp;<\/p>","protected":false},"author":3,"featured_media":1834,"comment_status":"closed","ping_status":"closed","sticky":false,"template":"","format":"standard","meta":{"neve_meta_sidebar":"","neve_meta_container":"","neve_meta_enable_content_width":"","neve_meta_content_width":0,"neve_meta_title_alignment":"","neve_meta_author_avatar":"","neve_post_elements_order":"","neve_meta_disable_header":"","neve_meta_disable_footer":"","neve_meta_disable_title":"","footnotes":""},"categories":[2],"tags":[160,163],"class_list":["post-1831","post","type-post","status-publish","format-standard","has-post-thumbnail","hentry","category-oracao","tag-oracao-do-dia","tag-prece-do-dia"],"yoast_head":"<!-- This site is optimized with the Yoast SEO plugin v28.4 - https:\/\/yoast.com\/product\/yoast-seo-wordpress\/ -->\n<title>Ora\u00e7\u00e3o para come\u00e7ar bem o dia: N\u00e3o se esque\u00e7a de Deus - Ora\u00e7\u00e3o e F\u00e9<\/title>\n<meta name=\"description\" content=\"Deus tem pra voc\u00ea uma palavra de vida!\" \/>\n<meta name=\"robots\" content=\"index, follow, max-snippet:-1, max-image-preview:large, max-video-preview:-1\" \/>\n<link rel=\"canonical\" href=\"https:\/\/www.oracaoefe.com\/fr\/oracao-para-comecar-bem-o-dia-nao-se-esqueca-de-deus\/\" \/>\n<meta property=\"og:locale\" content=\"fr_FR\" \/>\n<meta property=\"og:type\" content=\"article\" \/>\n<meta property=\"og:title\" content=\"Ora\u00e7\u00e3o para come\u00e7ar bem o dia: N\u00e3o se esque\u00e7a de Deus - Ora\u00e7\u00e3o e F\u00e9\" \/>\n<meta property=\"og:description\" content=\"Deus tem pra voc\u00ea uma palavra de vida!\" \/>\n<meta property=\"og:url\" content=\"https:\/\/www.oracaoefe.com\/fr\/oracao-para-comecar-bem-o-dia-nao-se-esqueca-de-deus\/\" \/>\n<meta property=\"og:site_name\" content=\"Ora\u00e7\u00e3o e F\u00e9\" \/>\n<meta property=\"article:published_time\" content=\"2023-02-18T09:00:00+00:00\" \/>\n<meta property=\"og:image\" content=\"https:\/\/www.oracaoefe.com\/wp-content\/uploads\/2023\/02\/image-2.png\" \/>\n\t<meta property=\"og:image:width\" content=\"1280\" \/>\n\t<meta property=\"og:image:height\" content=\"827\" \/>\n\t<meta property=\"og:image:type\" content=\"image\/png\" \/>\n<meta name=\"author\" content=\"Michele Azevedo\" \/>\n<meta name=\"twitter:card\" content=\"summary_large_image\" \/>\n<meta name=\"twitter:label1\" content=\"\u00c9crit par\" \/>\n\t<meta name=\"twitter:data1\" content=\"Michele Azevedo\" \/>\n\t<meta name=\"twitter:label2\" content=\"Dur\u00e9e de lecture estim\u00e9e\" \/>\n\t<meta name=\"twitter:data2\" content=\"5 minutes\" \/>\n<script type=\"application\/ld+json\" class=\"yoast-schema-graph\">{\"@context\":\"https:\\\/\\\/schema.org\",\"@graph\":[{\"@type\":\"Article\",\"@id\":\"https:\\\/\\\/www.oracaoefe.com\\\/oracao-para-comecar-bem-o-dia-nao-se-esqueca-de-deus\\\/#article\",\"isPartOf\":{\"@id\":\"https:\\\/\\\/www.oracaoefe.com\\\/oracao-para-comecar-bem-o-dia-nao-se-esqueca-de-deus\\\/\"},\"author\":{\"name\":\"Michele Azevedo\",\"@id\":\"https:\\\/\\\/www.oracaoefe.com\\\/#\\\/schema\\\/person\\\/17283c669442cf005c4d5bb58adfb7f5\"},\"headline\":\"Ora\u00e7\u00e3o para come\u00e7ar bem o dia: N\u00e3o se esque\u00e7a de Deus\",\"datePublished\":\"2023-02-18T09:00:00+00:00\",\"mainEntityOfPage\":{\"@id\":\"https:\\\/\\\/www.oracaoefe.com\\\/oracao-para-comecar-bem-o-dia-nao-se-esqueca-de-deus\\\/\"},\"wordCount\":930,\"image\":{\"@id\":\"https:\\\/\\\/www.oracaoefe.com\\\/oracao-para-comecar-bem-o-dia-nao-se-esqueca-de-deus\\\/#primaryimage\"},\"thumbnailUrl\":\"https:\\\/\\\/www.oracaoefe.com\\\/wp-content\\\/uploads\\\/2023\\\/02\\\/image-2.png\",\"keywords\":[\"ora\u00e7\u00e3o do dia\",\"prece do dia\"],\"articleSection\":[\"Ora\u00e7\u00e3o\"],\"inLanguage\":\"fr-FR\"},{\"@type\":\"WebPage\",\"@id\":\"https:\\\/\\\/www.oracaoefe.com\\\/oracao-para-comecar-bem-o-dia-nao-se-esqueca-de-deus\\\/\",\"url\":\"https:\\\/\\\/www.oracaoefe.com\\\/oracao-para-comecar-bem-o-dia-nao-se-esqueca-de-deus\\\/\",\"name\":\"Ora\u00e7\u00e3o para come\u00e7ar bem o dia: N\u00e3o se esque\u00e7a de Deus - Ora\u00e7\u00e3o e F\u00e9\",\"isPartOf\":{\"@id\":\"https:\\\/\\\/www.oracaoefe.com\\\/#website\"},\"primaryImageOfPage\":{\"@id\":\"https:\\\/\\\/www.oracaoefe.com\\\/oracao-para-comecar-bem-o-dia-nao-se-esqueca-de-deus\\\/#primaryimage\"},\"image\":{\"@id\":\"https:\\\/\\\/www.oracaoefe.com\\\/oracao-para-comecar-bem-o-dia-nao-se-esqueca-de-deus\\\/#primaryimage\"},\"thumbnailUrl\":\"https:\\\/\\\/www.oracaoefe.com\\\/wp-content\\\/uploads\\\/2023\\\/02\\\/image-2.png\",\"datePublished\":\"2023-02-18T09:00:00+00:00\",\"author\":{\"@id\":\"https:\\\/\\\/www.oracaoefe.com\\\/#\\\/schema\\\/person\\\/17283c669442cf005c4d5bb58adfb7f5\"},\"description\":\"Deus tem pra voc\u00ea uma palavra de vida!\",\"breadcrumb\":{\"@id\":\"https:\\\/\\\/www.oracaoefe.com\\\/oracao-para-comecar-bem-o-dia-nao-se-esqueca-de-deus\\\/#breadcrumb\"},\"inLanguage\":\"fr-FR\",\"potentialAction\":[{\"@type\":\"ReadAction\",\"target\":[\"https:\\\/\\\/www.oracaoefe.com\\\/oracao-para-comecar-bem-o-dia-nao-se-esqueca-de-deus\\\/\"]}]},{\"@type\":\"ImageObject\",\"inLanguage\":\"fr-FR\",\"@id\":\"https:\\\/\\\/www.oracaoefe.com\\\/oracao-para-comecar-bem-o-dia-nao-se-esqueca-de-deus\\\/#primaryimage\",\"url\":\"https:\\\/\\\/www.oracaoefe.com\\\/wp-content\\\/uploads\\\/2023\\\/02\\\/image-2.png\",\"contentUrl\":\"https:\\\/\\\/www.oracaoefe.com\\\/wp-content\\\/uploads\\\/2023\\\/02\\\/image-2.png\",\"width\":1280,\"height\":827},{\"@type\":\"BreadcrumbList\",\"@id\":\"https:\\\/\\\/www.oracaoefe.com\\\/oracao-para-comecar-bem-o-dia-nao-se-esqueca-de-deus\\\/#breadcrumb\",\"itemListElement\":[{\"@type\":\"ListItem\",\"position\":1,\"name\":\"Home\",\"item\":\"https:\\\/\\\/www.oracaoefe.com\\\/\"},{\"@type\":\"ListItem\",\"position\":2,\"name\":\"Ora\u00e7\u00e3o\",\"item\":\"https:\\\/\\\/www.oracaoefe.com\\\/category\\\/oracao\\\/\"},{\"@type\":\"ListItem\",\"position\":3,\"name\":\"Ora\u00e7\u00e3o para come\u00e7ar bem o dia: N\u00e3o se esque\u00e7a de Deus\"}]},{\"@type\":\"WebSite\",\"@id\":\"https:\\\/\\\/www.oracaoefe.com\\\/#website\",\"url\":\"https:\\\/\\\/www.oracaoefe.com\\\/\",\"name\":\"Ora\u00e7\u00e3o e F\u00e9\",\"description\":\"\",\"potentialAction\":[{\"@type\":\"SearchAction\",\"target\":{\"@type\":\"EntryPoint\",\"urlTemplate\":\"https:\\\/\\\/www.oracaoefe.com\\\/?s={search_term_string}\"},\"query-input\":{\"@type\":\"PropertyValueSpecification\",\"valueRequired\":true,\"valueName\":\"search_term_string\"}}],\"inLanguage\":\"fr-FR\"},{\"@type\":\"Person\",\"@id\":\"https:\\\/\\\/www.oracaoefe.com\\\/#\\\/schema\\\/person\\\/17283c669442cf005c4d5bb58adfb7f5\",\"name\":\"Michele Azevedo\",\"image\":{\"@type\":\"ImageObject\",\"inLanguage\":\"fr-FR\",\"@id\":\"https:\\\/\\\/secure.gravatar.com\\\/avatar\\\/6b0eb9d22841282815e2cd856a0061c45e1761cd54b22e952d98c4746939aa85?s=96&d=mm&r=g\",\"url\":\"https:\\\/\\\/secure.gravatar.com\\\/avatar\\\/6b0eb9d22841282815e2cd856a0061c45e1761cd54b22e952d98c4746939aa85?s=96&d=mm&r=g\",\"contentUrl\":\"https:\\\/\\\/secure.gravatar.com\\\/avatar\\\/6b0eb9d22841282815e2cd856a0061c45e1761cd54b22e952d98c4746939aa85?s=96&d=mm&r=g\",\"caption\":\"Michele Azevedo\"},\"description\":\"Formada em Letras - Portugu\u00eas\\\/ Ingl\u00eas pela Universidade Estadual de Ponta Grossa (UEPG), p\u00f3s-graduada em Arte na Educa\u00e7\u00e3o (FAPI) e Psicopedagogia Escolar (FAPI), idealizadora e propriet\u00e1ria do site Escritora de Sucesso, possui experi\u00eancia em escrita para blogs em geral e atua como redatora e revisora dos conte\u00fados do Ora\u00e7\u00e3o e F\u00e9.\",\"url\":\"https:\\\/\\\/www.oracaoefe.com\\\/fr\\\/author\\\/michele-azevedo\\\/\"}]}<\/script>\n<!-- \/ Yoast SEO plugin. -->","yoast_head_json":{"title":"Ora\u00e7\u00e3o para come\u00e7ar bem o dia: N\u00e3o se esque\u00e7a de Deus - Ora\u00e7\u00e3o e F\u00e9","description":"Dieu a une parole de vie pour vous !","robots":{"index":"index","follow":"follow","max-snippet":"max-snippet:-1","max-image-preview":"max-image-preview:large","max-video-preview":"max-video-preview:-1"},"canonical":"https:\/\/www.oracaoefe.com\/fr\/oracao-para-comecar-bem-o-dia-nao-se-esqueca-de-deus\/","og_locale":"fr_FR","og_type":"article","og_title":"Ora\u00e7\u00e3o para come\u00e7ar bem o dia: N\u00e3o se esque\u00e7a de Deus - Ora\u00e7\u00e3o e F\u00e9","og_description":"Deus tem pra voc\u00ea uma palavra de vida!","og_url":"https:\/\/www.oracaoefe.com\/fr\/oracao-para-comecar-bem-o-dia-nao-se-esqueca-de-deus\/","og_site_name":"Ora\u00e7\u00e3o e F\u00e9","article_published_time":"2023-02-18T09:00:00+00:00","og_image":[{"width":1280,"height":827,"url":"https:\/\/www.oracaoefe.com\/wp-content\/uploads\/2023\/02\/image-2.png","type":"image\/png"}],"author":"Michele Azevedo","twitter_card":"summary_large_image","twitter_misc":{"\u00c9crit par":"Michele Azevedo","Dur\u00e9e de lecture estim\u00e9e":"5 minutes"},"schema":{"@context":"https:\/\/schema.org","@graph":[{"@type":"Article","@id":"https:\/\/www.oracaoefe.com\/oracao-para-comecar-bem-o-dia-nao-se-esqueca-de-deus\/#article","isPartOf":{"@id":"https:\/\/www.oracaoefe.com\/oracao-para-comecar-bem-o-dia-nao-se-esqueca-de-deus\/"},"author":{"name":"Michele Azevedo","@id":"https:\/\/www.oracaoefe.com\/#\/schema\/person\/17283c669442cf005c4d5bb58adfb7f5"},"headline":"Ora\u00e7\u00e3o para come\u00e7ar bem o dia: N\u00e3o se esque\u00e7a de Deus","datePublished":"2023-02-18T09:00:00+00:00","mainEntityOfPage":{"@id":"https:\/\/www.oracaoefe.com\/oracao-para-comecar-bem-o-dia-nao-se-esqueca-de-deus\/"},"wordCount":930,"image":{"@id":"https:\/\/www.oracaoefe.com\/oracao-para-comecar-bem-o-dia-nao-se-esqueca-de-deus\/#primaryimage"},"thumbnailUrl":"https:\/\/www.oracaoefe.com\/wp-content\/uploads\/2023\/02\/image-2.png","keywords":["ora\u00e7\u00e3o do dia","prece do dia"],"articleSection":["Ora\u00e7\u00e3o"],"inLanguage":"fr-FR"},{"@type":"WebPage","@id":"https:\/\/www.oracaoefe.com\/oracao-para-comecar-bem-o-dia-nao-se-esqueca-de-deus\/","url":"https:\/\/www.oracaoefe.com\/oracao-para-comecar-bem-o-dia-nao-se-esqueca-de-deus\/","name":"Ora\u00e7\u00e3o para come\u00e7ar bem o dia: N\u00e3o se esque\u00e7a de Deus - Ora\u00e7\u00e3o e F\u00e9","isPartOf":{"@id":"https:\/\/www.oracaoefe.com\/#website"},"primaryImageOfPage":{"@id":"https:\/\/www.oracaoefe.com\/oracao-para-comecar-bem-o-dia-nao-se-esqueca-de-deus\/#primaryimage"},"image":{"@id":"https:\/\/www.oracaoefe.com\/oracao-para-comecar-bem-o-dia-nao-se-esqueca-de-deus\/#primaryimage"},"thumbnailUrl":"https:\/\/www.oracaoefe.com\/wp-content\/uploads\/2023\/02\/image-2.png","datePublished":"2023-02-18T09:00:00+00:00","author":{"@id":"https:\/\/www.oracaoefe.com\/#\/schema\/person\/17283c669442cf005c4d5bb58adfb7f5"},"description":"Dieu a une parole de vie pour vous !","breadcrumb":{"@id":"https:\/\/www.oracaoefe.com\/oracao-para-comecar-bem-o-dia-nao-se-esqueca-de-deus\/#breadcrumb"},"inLanguage":"fr-FR","potentialAction":[{"@type":"ReadAction","target":["https:\/\/www.oracaoefe.com\/oracao-para-comecar-bem-o-dia-nao-se-esqueca-de-deus\/"]}]},{"@type":"ImageObject","inLanguage":"fr-FR","@id":"https:\/\/www.oracaoefe.com\/oracao-para-comecar-bem-o-dia-nao-se-esqueca-de-deus\/#primaryimage","url":"https:\/\/www.oracaoefe.com\/wp-content\/uploads\/2023\/02\/image-2.png","contentUrl":"https:\/\/www.oracaoefe.com\/wp-content\/uploads\/2023\/02\/image-2.png","width":1280,"height":827},{"@type":"BreadcrumbList","@id":"https:\/\/www.oracaoefe.com\/oracao-para-comecar-bem-o-dia-nao-se-esqueca-de-deus\/#breadcrumb","itemListElement":[{"@type":"ListItem","position":1,"name":"Home","item":"https:\/\/www.oracaoefe.com\/"},{"@type":"ListItem","position":2,"name":"Ora\u00e7\u00e3o","item":"https:\/\/www.oracaoefe.com\/category\/oracao\/"},{"@type":"ListItem","position":3,"name":"Ora\u00e7\u00e3o para come\u00e7ar bem o dia: N\u00e3o se esque\u00e7a de Deus"}]},{"@type":"WebSite","@id":"https:\/\/www.oracaoefe.com\/#website","url":"https:\/\/www.oracaoefe.com\/","name":"Pri\u00e8re et foi","description":"","potentialAction":[{"@type":"SearchAction","target":{"@type":"EntryPoint","urlTemplate":"https:\/\/www.oracaoefe.com\/?s={search_term_string}"},"query-input":{"@type":"PropertyValueSpecification","valueRequired":true,"valueName":"search_term_string"}}],"inLanguage":"fr-FR"},{"@type":"Person","@id":"https:\/\/www.oracaoefe.com\/#\/schema\/person\/17283c669442cf005c4d5bb58adfb7f5","name":"Michele Azevedo","image":{"@type":"ImageObject","inLanguage":"fr-FR","@id":"https:\/\/secure.gravatar.com\/avatar\/6b0eb9d22841282815e2cd856a0061c45e1761cd54b22e952d98c4746939aa85?s=96&d=mm&r=g","url":"https:\/\/secure.gravatar.com\/avatar\/6b0eb9d22841282815e2cd856a0061c45e1761cd54b22e952d98c4746939aa85?s=96&d=mm&r=g","contentUrl":"https:\/\/secure.gravatar.com\/avatar\/6b0eb9d22841282815e2cd856a0061c45e1761cd54b22e952d98c4746939aa85?s=96&d=mm&r=g","caption":"Michele Azevedo"},"description":"Dipl\u00f4m\u00e9e en litt\u00e9rature portugaise\/anglaise de l&#039;Universit\u00e9 d&#039;\u00c9tat de Ponta Grossa (UEPG), avec des dipl\u00f4mes de troisi\u00e8me cycle en art dans l&#039;\u00e9ducation (FAPI) et en psychop\u00e9dagogie scolaire (FAPI), elle est la cr\u00e9atrice et propri\u00e9taire du site web Escritora de Sucesso, a de l&#039;exp\u00e9rience dans l&#039;\u00e9criture pour les blogs en g\u00e9n\u00e9ral et travaille comme r\u00e9dactrice et \u00e9ditrice du contenu pour Ora\u00e7\u00e3o e F\u00e9.","url":"https:\/\/www.oracaoefe.com\/fr\/author\/michele-azevedo\/"}]}},"_links":{"self":[{"href":"https:\/\/www.oracaoefe.com\/fr\/wp-json\/wp\/v2\/posts\/1831","targetHints":{"allow":["GET"]}}],"collection":[{"href":"https:\/\/www.oracaoefe.com\/fr\/wp-json\/wp\/v2\/posts"}],"about":[{"href":"https:\/\/www.oracaoefe.com\/fr\/wp-json\/wp\/v2\/types\/post"}],"author":[{"embeddable":true,"href":"https:\/\/www.oracaoefe.com\/fr\/wp-json\/wp\/v2\/users\/3"}],"replies":[{"embeddable":true,"href":"https:\/\/www.oracaoefe.com\/fr\/wp-json\/wp\/v2\/comments?post=1831"}],"version-history":[{"count":1,"href":"https:\/\/www.oracaoefe.com\/fr\/wp-json\/wp\/v2\/posts\/1831\/revisions"}],"predecessor-version":[{"id":1835,"href":"https:\/\/www.oracaoefe.com\/fr\/wp-json\/wp\/v2\/posts\/1831\/revisions\/1835"}],"wp:featuredmedia":[{"embeddable":true,"href":"https:\/\/www.oracaoefe.com\/fr\/wp-json\/wp\/v2\/media\/1834"}],"wp:attachment":[{"href":"https:\/\/www.oracaoefe.com\/fr\/wp-json\/wp\/v2\/media?parent=1831"}],"wp:term":[{"taxonomy":"category","embeddable":true,"href":"https:\/\/www.oracaoefe.com\/fr\/wp-json\/wp\/v2\/categories?post=1831"},{"taxonomy":"post_tag","embeddable":true,"href":"https:\/\/www.oracaoefe.com\/fr\/wp-json\/wp\/v2\/tags?post=1831"}],"curies":[{"name":"wp","href":"https:\/\/api.w.org\/{rel}","templated":true}]}}