{"id":1828,"date":"2023-02-16T06:00:00","date_gmt":"2023-02-16T09:00:00","guid":{"rendered":"https:\/\/www.oracaoefe.com\/?p=1828"},"modified":"2023-02-13T19:21:03","modified_gmt":"2023-02-13T22:21:03","slug":"oracao-para-comecar-bem-o-dia-prospere-em-todos-os-niveis","status":"publish","type":"post","link":"https:\/\/www.oracaoefe.com\/fr\/oracao-para-comecar-bem-o-dia-prospere-em-todos-os-niveis\/","title":{"rendered":"Ora\u00e7\u00e3o para come\u00e7ar bem o dia: Prospere em todos os n\u00edveis"},"content":{"rendered":"<p class=\"wp-block-paragraph\">Maneiras diferentes podem se expressar da <strong>prosperidade<\/strong>. H\u00e1 pessoas que possuem a prosperidade de riquezas materiais, pessoas que t\u00eam sorte e amor, e pessoas que s\u00e3o ricas em sua sa\u00fade. Uma parte de cada riqueza \u00e9 ideal para viver uma vida feliz e plena, mas isso nem sempre acontece, n\u00e3o \u00e9? Por esta raz\u00e3o, h\u00e1 a ora\u00e7\u00e3o matinal por riqueza e prosperidade, que \u00e9 uma maneira de se conectar com Deus e pedir ajuda. Ent\u00e3o, quando voc\u00ea orar, certifique-se de que seu pedido seja sincero e que voc\u00ea ser\u00e1 ouvido.<\/p>\n\n\n\n<p class=\"wp-block-paragraph\">Trouxemos neste artigo algumas ora\u00e7\u00f5es que devem ser feitas ao iniciar um novo dia, ora\u00e7\u00f5es para despertar a prosperidade em todos os n\u00edveis na sua vida. Para mais detalhes, continue acompanhando.\u00a0<\/p>\n\n\n\n<figure class=\"wp-block-image size-large\"><img loading=\"lazy\" decoding=\"async\" width=\"1024\" height=\"537\" src=\"https:\/\/www.oracaoefe.com\/wp-content\/uploads\/2023\/02\/image-1-1024x537.png\" alt=\"\" class=\"wp-image-1829\" srcset=\"https:\/\/www.oracaoefe.com\/wp-content\/uploads\/2023\/02\/image-1-1024x537.png 1024w, https:\/\/www.oracaoefe.com\/wp-content\/uploads\/2023\/02\/image-1-300x157.png 300w, https:\/\/www.oracaoefe.com\/wp-content\/uploads\/2023\/02\/image-1-768x403.png 768w, https:\/\/www.oracaoefe.com\/wp-content\/uploads\/2023\/02\/image-1-18x9.png 18w, https:\/\/www.oracaoefe.com\/wp-content\/uploads\/2023\/02\/image-1.png 1280w\" sizes=\"auto, (max-width: 1024px) 100vw, 1024px\" \/><figcaption class=\"wp-element-caption\">Image : Pixabay - Reproduction<\/figcaption><\/figure>\n\n\n\n<h2 class=\"wp-block-heading\">Ora\u00e7\u00f5es matinais para atrair a prosperidade em sua vida&nbsp;<\/h2>\n\n\n\n<p class=\"wp-block-paragraph\">1-<em> \u201cAqui estou eu para invocar Deus, o criador deste vasto universo, em nome da prosperidade em minha vida. Que no dia de hoje eu seja envolvido pela luz da prosperidade financeira, do topo da minha cabe\u00e7a at\u00e9 o \u00faltimo dedo dos meus p\u00e9s. Coloque o dom da riqueza em mim para que eu possa ver sua gl\u00f3ria e ouvir voc\u00ea chamando para onde estou indo. E oro para que a b\u00ean\u00e7\u00e3o da riqueza esteja presente em minha vida e para que tudo que eu fa\u00e7a prosperar at\u00e9 o que vier para dar errado d\u00ea certo. Deus controla o min\u00e9rio e a prata, portanto, s\u00f3 o Senhor consegue me conceder a fartura e prosperidade em todos os n\u00edveis de minha vida. Porque voc\u00ea \u00e9 um Deus que multiplica, une e acrescenta, fa\u00e7a sua grandeza conhecida em mim e me ajude a ganhar, conquistar e crescer. Eu levanto minha voz em nome de meu Deus e declaro que o dinheiro come\u00e7ar\u00e1 a fluir em todas as dire\u00e7\u00f5es e em torrentes de abund\u00e2ncia a partir de agora. De hoje em diante, meu destino est\u00e1 destinado a ser pr\u00f3spero, pois sou filho do Deus que criou todo o mundo e me far\u00e1 pr\u00f3spero em todos os aspectos da minha vida, assim seja, assim \u00e9, am\u00e9m.\u201d<\/em><\/p>\n\n\n\n<p class=\"wp-block-paragraph\">2-<em> &#8220;Querido Deus, que uma onda de energia positiva e uma luz transformadora venha ao nosso lado, restaurando nossas finan\u00e7as e nosso esp\u00edrito. Em qualquer lugar que haja comida ou qualquer valor, que haja multiplicadores dessas coisas. Devemos ser capazes de sustentar nossa fam\u00edlia e socorrer os necessitados, para que s\u00f3 o maior bem preencha nosso interior, abominar tudo o que nos faz tristes, para que o esp\u00edrito de uni\u00e3o e harmonia seja ativado em nossa mesa para que possamos compartilhar momentos tranquilos e alegres. Abra os port\u00f5es do c\u00e9u e espalhe a prosperidade perp\u00e9tua. Senhor, por favor, aben\u00e7oe-nos com a sua presen\u00e7a. Agradecemos sua generosidade e estaremos sempre gratos. Com muita gratid\u00e3o e amor, am\u00e9m!&#8221;<\/em><\/p>\n\n\n\n<p class=\"wp-block-paragraph\"><em>3- &#8220;Oh! grandioso Deus, por favor, conceda o meu pedido para que eu possa realizar meu desejo mesmo quando estiver nas alturas da gl\u00f3ria divina. Fa\u00e7a isso abrindo os olhos desta humilde criatura. Minha ora\u00e7\u00e3o \u00e9 ouvida. Oh! Obrigado, Pai, conceda-me o favor que tanto anseio (fa\u00e7a o pedido) que seja atendido. Deus, se eu merecer atenda meus pedidos agora de acordo com Suas riquezas em Gl\u00f3ria. Sempre serei grato por Tuas b\u00ean\u00e7\u00e3os que est\u00e3o constantemente presentes, ativas, imut\u00e1veis \u200b\u200be fluem abundantemente em minha vida. Meu pastor \u00e9 o Senhor; eu n\u00e3o vou errar. Ele me faz descansar em pastos verdes e me conduz firmemente a \u00e1guas tranquilas. Defenda minha alma; guia-me pelos caminhos da justi\u00e7a e do amor em seu nome. Eu n\u00e3o me preocupo com nada mesmo se continuasse a caminhar pelo vale da sombra da morte j\u00e1 que voc\u00ea est\u00e1 comigo; seu manto e amor me conforta. Na minha frente, na presen\u00e7a dos meus inimigos, voc\u00ea prepara uma refei\u00e7\u00e3o; benze minha cabe\u00e7a com \u00f3leo; Eu sou seu c\u00e1lice e transbordo. Todos os meus dias nesta vida sem d\u00favida ser\u00e3o cheios de miseric\u00f3rdia e bondade, e passarei muito tempo na casa do Senhor. Am\u00e9m.&nbsp;<\/em><\/p>\n\n\n\n<h2 class=\"wp-block-heading\">Ora\u00e7\u00e3o a Santo Expedito para causas urgentes relacionados a prosperidade<\/h2>\n\n\n\n<p class=\"wp-block-paragraph\"><em>\u201cNeste momento de afli\u00e7\u00e3o e desespero, meu Santo Expedito das Causas Justas e Urgentes, conforta-me. Junto com Nosso Senhor Jesus Cristo, rogai por mim. Proteja-me, ajude-me, d\u00ea-me for\u00e7a, coragem e serenidade. Voc\u00ea \u00e9 um guerreiro sagrado; voc\u00ea \u00e9 o santo dos feridos; voc\u00ea \u00e9 o santo dos desesperados; voc\u00ea \u00e9 o santo das causas urgentes. Atenda ao meu pedido: (fa\u00e7a um pedido neste momento). Ajude-me a superar esses tempos dif\u00edceis. Mantenha-me a salvo de qualquer coisa ou de todos que possam me prejudicar. Proteja minha fam\u00edlia, por favor. Por favor, d\u00ea aten\u00e7\u00e3o urgente ao meu pedido. Devolva-me a paz e a tranquilidade. Eu ficaria eternamente grato e espalharei seu nome para todos que t\u00eam f\u00e9. Am\u00e9m.\u201d<\/em><\/p>\n\n\n\n<h2 class=\"wp-block-heading\">Por que fazer ora\u00e7\u00f5es matinais para atrair a prosperidade<\/h2>\n\n\n\n<p class=\"wp-block-paragraph\">A prece pela prosperidade \u00e9 uma ora\u00e7\u00e3o a Deus pedindo ajuda em uma situa\u00e7\u00e3o dif\u00edcil. Nenhum pecado \u00e9 cometido e n\u00e3o h\u00e1 vergonha de orar pela vida financeira, Deus quer que sejamos felizes, e a seguran\u00e7a financeira \u00e9 um dos requisitos para uma vida saud\u00e1vel e plena. Ore todos os dias as ora\u00e7\u00f5es de Prosperidade e se esforce para seguir sempre os mandamentos do Senhor com muita perseveran\u00e7a e f\u00e9 para que Ele o ajude e esteja ao seu lado, mesmo quando tudo parecer imposs\u00edvel de ser mudado, lembre-se, nossa f\u00e9 pode mover montanhas, basta acreditar.<\/p>\n\n\n\n<p class=\"wp-block-paragraph\"><strong>Voir aussi\u00a0: <a href=\"https:\/\/www.oracaoefe.com\/fr\/oracao-para-comecar-bem-o-dia-pratique-o-respeito\/\">Ora\u00e7\u00e3o para come\u00e7ar bem o dia: Pratique o respeito<\/a><\/strong><\/p>\n\n\n\n<p class=\"wp-block-paragraph\">16 de fevereiro de 2023<\/p>","protected":false},"excerpt":{"rendered":"<p>Maneiras diferentes podem se expressar da prosperidade. H\u00e1 pessoas que possuem a prosperidade de riquezas materiais, pessoas que t\u00eam sorte e amor, e pessoas que s\u00e3o ricas em sua sa\u00fade. Uma parte de cada riqueza \u00e9 ideal para viver uma vida feliz e plena, mas isso nem sempre acontece, n\u00e3o \u00e9? Por esta raz\u00e3o, h\u00e1&hellip;&nbsp;<\/p>","protected":false},"author":3,"featured_media":1829,"comment_status":"closed","ping_status":"closed","sticky":false,"template":"","format":"standard","meta":{"neve_meta_sidebar":"","neve_meta_container":"","neve_meta_enable_content_width":"","neve_meta_content_width":0,"neve_meta_title_alignment":"","neve_meta_author_avatar":"","neve_post_elements_order":"","neve_meta_disable_header":"","neve_meta_disable_footer":"","neve_meta_disable_title":"","footnotes":""},"categories":[2],"tags":[160,163],"class_list":["post-1828","post","type-post","status-publish","format-standard","has-post-thumbnail","hentry","category-oracao","tag-oracao-do-dia","tag-prece-do-dia"],"yoast_head":"<!-- This site is optimized with the Yoast SEO plugin v28.4 - https:\/\/yoast.com\/product\/yoast-seo-wordpress\/ -->\n<title>Ora\u00e7\u00e3o para come\u00e7ar bem o dia: Prospere em todos os n\u00edveis - Ora\u00e7\u00e3o e F\u00e9<\/title>\n<meta name=\"description\" content=\"Deus tem pra voc\u00ea uma palavra de vida!\" \/>\n<meta name=\"robots\" content=\"index, follow, max-snippet:-1, max-image-preview:large, max-video-preview:-1\" \/>\n<link rel=\"canonical\" href=\"https:\/\/www.oracaoefe.com\/fr\/oracao-para-comecar-bem-o-dia-prospere-em-todos-os-niveis\/\" \/>\n<meta property=\"og:locale\" content=\"fr_FR\" \/>\n<meta property=\"og:type\" content=\"article\" \/>\n<meta property=\"og:title\" content=\"Ora\u00e7\u00e3o para come\u00e7ar bem o dia: Prospere em todos os n\u00edveis - Ora\u00e7\u00e3o e F\u00e9\" \/>\n<meta property=\"og:description\" content=\"Deus tem pra voc\u00ea uma palavra de vida!\" \/>\n<meta property=\"og:url\" content=\"https:\/\/www.oracaoefe.com\/fr\/oracao-para-comecar-bem-o-dia-prospere-em-todos-os-niveis\/\" \/>\n<meta property=\"og:site_name\" content=\"Ora\u00e7\u00e3o e F\u00e9\" \/>\n<meta property=\"article:published_time\" content=\"2023-02-16T09:00:00+00:00\" \/>\n<meta property=\"og:image\" content=\"https:\/\/www.oracaoefe.com\/wp-content\/uploads\/2023\/02\/image-1.png\" \/>\n\t<meta property=\"og:image:width\" content=\"1280\" \/>\n\t<meta property=\"og:image:height\" content=\"671\" \/>\n\t<meta property=\"og:image:type\" content=\"image\/png\" \/>\n<meta name=\"author\" content=\"Michele Azevedo\" \/>\n<meta name=\"twitter:card\" content=\"summary_large_image\" \/>\n<meta name=\"twitter:label1\" content=\"\u00c9crit par\" \/>\n\t<meta name=\"twitter:data1\" content=\"Michele Azevedo\" \/>\n\t<meta name=\"twitter:label2\" content=\"Dur\u00e9e de lecture estim\u00e9e\" \/>\n\t<meta name=\"twitter:data2\" content=\"5 minutes\" \/>\n<script type=\"application\/ld+json\" class=\"yoast-schema-graph\">{\"@context\":\"https:\\\/\\\/schema.org\",\"@graph\":[{\"@type\":\"Article\",\"@id\":\"https:\\\/\\\/www.oracaoefe.com\\\/oracao-para-comecar-bem-o-dia-prospere-em-todos-os-niveis\\\/#article\",\"isPartOf\":{\"@id\":\"https:\\\/\\\/www.oracaoefe.com\\\/oracao-para-comecar-bem-o-dia-prospere-em-todos-os-niveis\\\/\"},\"author\":{\"name\":\"Michele Azevedo\",\"@id\":\"https:\\\/\\\/www.oracaoefe.com\\\/#\\\/schema\\\/person\\\/17283c669442cf005c4d5bb58adfb7f5\"},\"headline\":\"Ora\u00e7\u00e3o para come\u00e7ar bem o dia: Prospere em todos os n\u00edveis\",\"datePublished\":\"2023-02-16T09:00:00+00:00\",\"mainEntityOfPage\":{\"@id\":\"https:\\\/\\\/www.oracaoefe.com\\\/oracao-para-comecar-bem-o-dia-prospere-em-todos-os-niveis\\\/\"},\"wordCount\":987,\"image\":{\"@id\":\"https:\\\/\\\/www.oracaoefe.com\\\/oracao-para-comecar-bem-o-dia-prospere-em-todos-os-niveis\\\/#primaryimage\"},\"thumbnailUrl\":\"https:\\\/\\\/www.oracaoefe.com\\\/wp-content\\\/uploads\\\/2023\\\/02\\\/image-1.png\",\"keywords\":[\"ora\u00e7\u00e3o do dia\",\"prece do dia\"],\"articleSection\":[\"Ora\u00e7\u00e3o\"],\"inLanguage\":\"fr-FR\"},{\"@type\":\"WebPage\",\"@id\":\"https:\\\/\\\/www.oracaoefe.com\\\/oracao-para-comecar-bem-o-dia-prospere-em-todos-os-niveis\\\/\",\"url\":\"https:\\\/\\\/www.oracaoefe.com\\\/oracao-para-comecar-bem-o-dia-prospere-em-todos-os-niveis\\\/\",\"name\":\"Ora\u00e7\u00e3o para come\u00e7ar bem o dia: Prospere em todos os n\u00edveis - Ora\u00e7\u00e3o e F\u00e9\",\"isPartOf\":{\"@id\":\"https:\\\/\\\/www.oracaoefe.com\\\/#website\"},\"primaryImageOfPage\":{\"@id\":\"https:\\\/\\\/www.oracaoefe.com\\\/oracao-para-comecar-bem-o-dia-prospere-em-todos-os-niveis\\\/#primaryimage\"},\"image\":{\"@id\":\"https:\\\/\\\/www.oracaoefe.com\\\/oracao-para-comecar-bem-o-dia-prospere-em-todos-os-niveis\\\/#primaryimage\"},\"thumbnailUrl\":\"https:\\\/\\\/www.oracaoefe.com\\\/wp-content\\\/uploads\\\/2023\\\/02\\\/image-1.png\",\"datePublished\":\"2023-02-16T09:00:00+00:00\",\"author\":{\"@id\":\"https:\\\/\\\/www.oracaoefe.com\\\/#\\\/schema\\\/person\\\/17283c669442cf005c4d5bb58adfb7f5\"},\"description\":\"Deus tem pra voc\u00ea uma palavra de vida!\",\"breadcrumb\":{\"@id\":\"https:\\\/\\\/www.oracaoefe.com\\\/oracao-para-comecar-bem-o-dia-prospere-em-todos-os-niveis\\\/#breadcrumb\"},\"inLanguage\":\"fr-FR\",\"potentialAction\":[{\"@type\":\"ReadAction\",\"target\":[\"https:\\\/\\\/www.oracaoefe.com\\\/oracao-para-comecar-bem-o-dia-prospere-em-todos-os-niveis\\\/\"]}]},{\"@type\":\"ImageObject\",\"inLanguage\":\"fr-FR\",\"@id\":\"https:\\\/\\\/www.oracaoefe.com\\\/oracao-para-comecar-bem-o-dia-prospere-em-todos-os-niveis\\\/#primaryimage\",\"url\":\"https:\\\/\\\/www.oracaoefe.com\\\/wp-content\\\/uploads\\\/2023\\\/02\\\/image-1.png\",\"contentUrl\":\"https:\\\/\\\/www.oracaoefe.com\\\/wp-content\\\/uploads\\\/2023\\\/02\\\/image-1.png\",\"width\":1280,\"height\":671},{\"@type\":\"BreadcrumbList\",\"@id\":\"https:\\\/\\\/www.oracaoefe.com\\\/oracao-para-comecar-bem-o-dia-prospere-em-todos-os-niveis\\\/#breadcrumb\",\"itemListElement\":[{\"@type\":\"ListItem\",\"position\":1,\"name\":\"Home\",\"item\":\"https:\\\/\\\/www.oracaoefe.com\\\/\"},{\"@type\":\"ListItem\",\"position\":2,\"name\":\"Ora\u00e7\u00e3o\",\"item\":\"https:\\\/\\\/www.oracaoefe.com\\\/category\\\/oracao\\\/\"},{\"@type\":\"ListItem\",\"position\":3,\"name\":\"Ora\u00e7\u00e3o para come\u00e7ar bem o dia: Prospere em todos os n\u00edveis\"}]},{\"@type\":\"WebSite\",\"@id\":\"https:\\\/\\\/www.oracaoefe.com\\\/#website\",\"url\":\"https:\\\/\\\/www.oracaoefe.com\\\/\",\"name\":\"Ora\u00e7\u00e3o e F\u00e9\",\"description\":\"\",\"potentialAction\":[{\"@type\":\"SearchAction\",\"target\":{\"@type\":\"EntryPoint\",\"urlTemplate\":\"https:\\\/\\\/www.oracaoefe.com\\\/?s={search_term_string}\"},\"query-input\":{\"@type\":\"PropertyValueSpecification\",\"valueRequired\":true,\"valueName\":\"search_term_string\"}}],\"inLanguage\":\"fr-FR\"},{\"@type\":\"Person\",\"@id\":\"https:\\\/\\\/www.oracaoefe.com\\\/#\\\/schema\\\/person\\\/17283c669442cf005c4d5bb58adfb7f5\",\"name\":\"Michele Azevedo\",\"image\":{\"@type\":\"ImageObject\",\"inLanguage\":\"fr-FR\",\"@id\":\"https:\\\/\\\/secure.gravatar.com\\\/avatar\\\/6b0eb9d22841282815e2cd856a0061c45e1761cd54b22e952d98c4746939aa85?s=96&d=mm&r=g\",\"url\":\"https:\\\/\\\/secure.gravatar.com\\\/avatar\\\/6b0eb9d22841282815e2cd856a0061c45e1761cd54b22e952d98c4746939aa85?s=96&d=mm&r=g\",\"contentUrl\":\"https:\\\/\\\/secure.gravatar.com\\\/avatar\\\/6b0eb9d22841282815e2cd856a0061c45e1761cd54b22e952d98c4746939aa85?s=96&d=mm&r=g\",\"caption\":\"Michele Azevedo\"},\"description\":\"Formada em Letras - Portugu\u00eas\\\/ Ingl\u00eas pela Universidade Estadual de Ponta Grossa (UEPG), p\u00f3s-graduada em Arte na Educa\u00e7\u00e3o (FAPI) e Psicopedagogia Escolar (FAPI), idealizadora e propriet\u00e1ria do site Escritora de Sucesso, possui experi\u00eancia em escrita para blogs em geral e atua como redatora e revisora dos conte\u00fados do Ora\u00e7\u00e3o e F\u00e9.\",\"url\":\"https:\\\/\\\/www.oracaoefe.com\\\/fr\\\/author\\\/michele-azevedo\\\/\"}]}<\/script>\n<!-- \/ Yoast SEO plugin. -->","yoast_head_json":{"title":"Ora\u00e7\u00e3o para come\u00e7ar bem o dia: Prospere em todos os n\u00edveis - Ora\u00e7\u00e3o e F\u00e9","description":"Dieu a une parole de vie pour vous !","robots":{"index":"index","follow":"follow","max-snippet":"max-snippet:-1","max-image-preview":"max-image-preview:large","max-video-preview":"max-video-preview:-1"},"canonical":"https:\/\/www.oracaoefe.com\/fr\/oracao-para-comecar-bem-o-dia-prospere-em-todos-os-niveis\/","og_locale":"fr_FR","og_type":"article","og_title":"Ora\u00e7\u00e3o para come\u00e7ar bem o dia: Prospere em todos os n\u00edveis - Ora\u00e7\u00e3o e F\u00e9","og_description":"Deus tem pra voc\u00ea uma palavra de vida!","og_url":"https:\/\/www.oracaoefe.com\/fr\/oracao-para-comecar-bem-o-dia-prospere-em-todos-os-niveis\/","og_site_name":"Ora\u00e7\u00e3o e F\u00e9","article_published_time":"2023-02-16T09:00:00+00:00","og_image":[{"width":1280,"height":671,"url":"https:\/\/www.oracaoefe.com\/wp-content\/uploads\/2023\/02\/image-1.png","type":"image\/png"}],"author":"Michele Azevedo","twitter_card":"summary_large_image","twitter_misc":{"\u00c9crit par":"Michele Azevedo","Dur\u00e9e de lecture estim\u00e9e":"5 minutes"},"schema":{"@context":"https:\/\/schema.org","@graph":[{"@type":"Article","@id":"https:\/\/www.oracaoefe.com\/oracao-para-comecar-bem-o-dia-prospere-em-todos-os-niveis\/#article","isPartOf":{"@id":"https:\/\/www.oracaoefe.com\/oracao-para-comecar-bem-o-dia-prospere-em-todos-os-niveis\/"},"author":{"name":"Michele Azevedo","@id":"https:\/\/www.oracaoefe.com\/#\/schema\/person\/17283c669442cf005c4d5bb58adfb7f5"},"headline":"Ora\u00e7\u00e3o para come\u00e7ar bem o dia: Prospere em todos os n\u00edveis","datePublished":"2023-02-16T09:00:00+00:00","mainEntityOfPage":{"@id":"https:\/\/www.oracaoefe.com\/oracao-para-comecar-bem-o-dia-prospere-em-todos-os-niveis\/"},"wordCount":987,"image":{"@id":"https:\/\/www.oracaoefe.com\/oracao-para-comecar-bem-o-dia-prospere-em-todos-os-niveis\/#primaryimage"},"thumbnailUrl":"https:\/\/www.oracaoefe.com\/wp-content\/uploads\/2023\/02\/image-1.png","keywords":["ora\u00e7\u00e3o do dia","prece do dia"],"articleSection":["Ora\u00e7\u00e3o"],"inLanguage":"fr-FR"},{"@type":"WebPage","@id":"https:\/\/www.oracaoefe.com\/oracao-para-comecar-bem-o-dia-prospere-em-todos-os-niveis\/","url":"https:\/\/www.oracaoefe.com\/oracao-para-comecar-bem-o-dia-prospere-em-todos-os-niveis\/","name":"Ora\u00e7\u00e3o para come\u00e7ar bem o dia: Prospere em todos os n\u00edveis - Ora\u00e7\u00e3o e F\u00e9","isPartOf":{"@id":"https:\/\/www.oracaoefe.com\/#website"},"primaryImageOfPage":{"@id":"https:\/\/www.oracaoefe.com\/oracao-para-comecar-bem-o-dia-prospere-em-todos-os-niveis\/#primaryimage"},"image":{"@id":"https:\/\/www.oracaoefe.com\/oracao-para-comecar-bem-o-dia-prospere-em-todos-os-niveis\/#primaryimage"},"thumbnailUrl":"https:\/\/www.oracaoefe.com\/wp-content\/uploads\/2023\/02\/image-1.png","datePublished":"2023-02-16T09:00:00+00:00","author":{"@id":"https:\/\/www.oracaoefe.com\/#\/schema\/person\/17283c669442cf005c4d5bb58adfb7f5"},"description":"Dieu a une parole de vie pour vous !","breadcrumb":{"@id":"https:\/\/www.oracaoefe.com\/oracao-para-comecar-bem-o-dia-prospere-em-todos-os-niveis\/#breadcrumb"},"inLanguage":"fr-FR","potentialAction":[{"@type":"ReadAction","target":["https:\/\/www.oracaoefe.com\/oracao-para-comecar-bem-o-dia-prospere-em-todos-os-niveis\/"]}]},{"@type":"ImageObject","inLanguage":"fr-FR","@id":"https:\/\/www.oracaoefe.com\/oracao-para-comecar-bem-o-dia-prospere-em-todos-os-niveis\/#primaryimage","url":"https:\/\/www.oracaoefe.com\/wp-content\/uploads\/2023\/02\/image-1.png","contentUrl":"https:\/\/www.oracaoefe.com\/wp-content\/uploads\/2023\/02\/image-1.png","width":1280,"height":671},{"@type":"BreadcrumbList","@id":"https:\/\/www.oracaoefe.com\/oracao-para-comecar-bem-o-dia-prospere-em-todos-os-niveis\/#breadcrumb","itemListElement":[{"@type":"ListItem","position":1,"name":"Home","item":"https:\/\/www.oracaoefe.com\/"},{"@type":"ListItem","position":2,"name":"Ora\u00e7\u00e3o","item":"https:\/\/www.oracaoefe.com\/category\/oracao\/"},{"@type":"ListItem","position":3,"name":"Ora\u00e7\u00e3o para come\u00e7ar bem o dia: Prospere em todos os n\u00edveis"}]},{"@type":"WebSite","@id":"https:\/\/www.oracaoefe.com\/#website","url":"https:\/\/www.oracaoefe.com\/","name":"Pri\u00e8re et foi","description":"","potentialAction":[{"@type":"SearchAction","target":{"@type":"EntryPoint","urlTemplate":"https:\/\/www.oracaoefe.com\/?s={search_term_string}"},"query-input":{"@type":"PropertyValueSpecification","valueRequired":true,"valueName":"search_term_string"}}],"inLanguage":"fr-FR"},{"@type":"Person","@id":"https:\/\/www.oracaoefe.com\/#\/schema\/person\/17283c669442cf005c4d5bb58adfb7f5","name":"Michele Azevedo","image":{"@type":"ImageObject","inLanguage":"fr-FR","@id":"https:\/\/secure.gravatar.com\/avatar\/6b0eb9d22841282815e2cd856a0061c45e1761cd54b22e952d98c4746939aa85?s=96&d=mm&r=g","url":"https:\/\/secure.gravatar.com\/avatar\/6b0eb9d22841282815e2cd856a0061c45e1761cd54b22e952d98c4746939aa85?s=96&d=mm&r=g","contentUrl":"https:\/\/secure.gravatar.com\/avatar\/6b0eb9d22841282815e2cd856a0061c45e1761cd54b22e952d98c4746939aa85?s=96&d=mm&r=g","caption":"Michele Azevedo"},"description":"Dipl\u00f4m\u00e9e en litt\u00e9rature portugaise\/anglaise de l&#039;Universit\u00e9 d&#039;\u00c9tat de Ponta Grossa (UEPG), avec des dipl\u00f4mes de troisi\u00e8me cycle en art dans l&#039;\u00e9ducation (FAPI) et en psychop\u00e9dagogie scolaire (FAPI), elle est la cr\u00e9atrice et propri\u00e9taire du site web Escritora de Sucesso, a de l&#039;exp\u00e9rience dans l&#039;\u00e9criture pour les blogs en g\u00e9n\u00e9ral et travaille comme r\u00e9dactrice et \u00e9ditrice du contenu pour Ora\u00e7\u00e3o e F\u00e9.","url":"https:\/\/www.oracaoefe.com\/fr\/author\/michele-azevedo\/"}]}},"_links":{"self":[{"href":"https:\/\/www.oracaoefe.com\/fr\/wp-json\/wp\/v2\/posts\/1828","targetHints":{"allow":["GET"]}}],"collection":[{"href":"https:\/\/www.oracaoefe.com\/fr\/wp-json\/wp\/v2\/posts"}],"about":[{"href":"https:\/\/www.oracaoefe.com\/fr\/wp-json\/wp\/v2\/types\/post"}],"author":[{"embeddable":true,"href":"https:\/\/www.oracaoefe.com\/fr\/wp-json\/wp\/v2\/users\/3"}],"replies":[{"embeddable":true,"href":"https:\/\/www.oracaoefe.com\/fr\/wp-json\/wp\/v2\/comments?post=1828"}],"version-history":[{"count":1,"href":"https:\/\/www.oracaoefe.com\/fr\/wp-json\/wp\/v2\/posts\/1828\/revisions"}],"predecessor-version":[{"id":1830,"href":"https:\/\/www.oracaoefe.com\/fr\/wp-json\/wp\/v2\/posts\/1828\/revisions\/1830"}],"wp:featuredmedia":[{"embeddable":true,"href":"https:\/\/www.oracaoefe.com\/fr\/wp-json\/wp\/v2\/media\/1829"}],"wp:attachment":[{"href":"https:\/\/www.oracaoefe.com\/fr\/wp-json\/wp\/v2\/media?parent=1828"}],"wp:term":[{"taxonomy":"category","embeddable":true,"href":"https:\/\/www.oracaoefe.com\/fr\/wp-json\/wp\/v2\/categories?post=1828"},{"taxonomy":"post_tag","embeddable":true,"href":"https:\/\/www.oracaoefe.com\/fr\/wp-json\/wp\/v2\/tags?post=1828"}],"curies":[{"name":"wp","href":"https:\/\/api.w.org\/{rel}","templated":true}]}}