{"id":1825,"date":"2023-02-14T06:00:00","date_gmt":"2023-02-14T09:00:00","guid":{"rendered":"https:\/\/www.oracaoefe.com\/?p=1825"},"modified":"2023-02-13T19:38:11","modified_gmt":"2023-02-13T22:38:11","slug":"oracao-para-comecar-bem-o-dia-5-preces-para-sua-manha","status":"publish","type":"post","link":"https:\/\/www.oracaoefe.com\/fr\/oracao-para-comecar-bem-o-dia-5-preces-para-sua-manha\/","title":{"rendered":"Ora\u00e7\u00e3o para come\u00e7ar bem o dia: 5 preces para sua manh\u00e3"},"content":{"rendered":"<p class=\"wp-block-paragraph\">\u00c9 um presente divino come\u00e7ar cada dia sabendo que acordou e est\u00e1 respirando. Tamb\u00e9m \u00e9 nobre agradecer a Deus e orar por uma boa vida.<\/p>\n\n\n\n<p class=\"wp-block-paragraph\">Sem d\u00favida, fazer uma inten\u00e7\u00e3o para um bom dia pode melhorar seu humor, chamar sua aten\u00e7\u00e3o para o presente e at\u00e9 mesmo prepar\u00e1-lo para um dia cheio de realiza\u00e7\u00f5es.<\/p>\n\n\n\n<p class=\"wp-block-paragraph\">Separamos aqui um artigo com v\u00e1rias ora\u00e7\u00f5es matinais para voc\u00ea colocar em pr\u00e1tica toda sua f\u00e9 e iniciar o dia com muita ora\u00e7\u00e3o. Confira.&nbsp;<\/p>\n\n\n\n<figure class=\"wp-block-image size-large\"><img loading=\"lazy\" decoding=\"async\" width=\"1024\" height=\"682\" src=\"https:\/\/www.oracaoefe.com\/wp-content\/uploads\/2023\/02\/image-1024x682.png\" alt=\"\" class=\"wp-image-1826\" srcset=\"https:\/\/www.oracaoefe.com\/wp-content\/uploads\/2023\/02\/image-1024x682.png 1024w, https:\/\/www.oracaoefe.com\/wp-content\/uploads\/2023\/02\/image-300x200.png 300w, https:\/\/www.oracaoefe.com\/wp-content\/uploads\/2023\/02\/image-768x512.png 768w, https:\/\/www.oracaoefe.com\/wp-content\/uploads\/2023\/02\/image-18x12.png 18w, https:\/\/www.oracaoefe.com\/wp-content\/uploads\/2023\/02\/image.png 1280w\" sizes=\"auto, (max-width: 1024px) 100vw, 1024px\" \/><figcaption class=\"wp-element-caption\">Image : Pixabay - Reproduction<\/figcaption><\/figure>\n\n\n\n<h2 class=\"wp-block-heading\">Por que orar pela manh\u00e3?&nbsp;<\/h2>\n\n\n\n<p class=\"wp-block-paragraph\">As in\u00fameras recompensas da ora\u00e7\u00e3o matinal podem ser completamente incompar\u00e1veis em sua vida. Por exemplo, pode ser poss\u00edvel receber recompensas incr\u00edveis por todos os aspectos da sua vida, incluindo seu bem-estar f\u00edsico, emocional, financeiro e espiritual.<\/p>\n\n\n\n<p class=\"wp-block-paragraph\">A maioria dos crist\u00e3os desconhece v\u00e1rias raz\u00f5es incrivelmente significativas pelas quais todos os seguidores de Cristo devem oferecer ora\u00e7\u00f5es matinais.<\/p>\n\n\n\n<p class=\"wp-block-paragraph\">A pr\u00e1tica b\u00edblica de orar pela manh\u00e3 envolve levantar-se \u00e0s cinco da manh\u00e3, antes de ir ao trabalho ou \u00e0 escola, e dar tudo ao Senhor. Para iniciar bem o dia, nada melhor do que come\u00e7ar agradecendo por um novo dia dado pelo senhor.&nbsp;<\/p>\n\n\n\n<h3 class=\"wp-block-heading\">Ora\u00e7\u00f5es para serem feitas durante a manh\u00e3&nbsp;<\/h3>\n\n\n\n<p class=\"wp-block-paragraph\">1- <em>\u201cHoje venho pedir for\u00e7a, sa\u00fade, sabedoria e paz, Senhor. Eu quero olhar para o mundo com olhos amorosos e quero ser compreensivo, paciente, s\u00e1bio e prudente. Por favor, lembre-me da sua beleza e n\u00e3o me deixe cair em tenta\u00e7\u00e3o. Assim seja, assim \u00e9, am\u00e9m.\u201d<\/em><\/p>\n\n\n\n<p class=\"wp-block-paragraph\">2- <em>\u201cSenhor, enquanto me preparo para o meu dia na luz da manh\u00e3, rezo para que voc\u00ea me d\u00ea a for\u00e7a de que preciso hoje para defend\u00ea-lo neste mundo hostil.&#8221;<\/em><\/p>\n\n\n\n<p class=\"wp-block-paragraph\"><em>Senhor, voc\u00ea est\u00e1 ciente de que as lutas em que estou envolvido atualmente existem. Espero que voc\u00ea esteja comigo quando eu passar por eles. Quando eu estiver me sentindo particularmente lento, carregue-me. N\u00e3o desista de mim, pai, se eu ceder \u00e0 tenta\u00e7\u00e3o. Pai, nunca se afaste de mim. Para superar esses obst\u00e1culos, preciso da sua for\u00e7a.<\/em><\/p>\n\n\n\n<p class=\"wp-block-paragraph\"><em>Eu chorei por voc\u00ea, Pai, enquanto eu os venci. Porque eu n\u00e3o estaria onde estou e n\u00e3o teria a for\u00e7a que tenho sem voc\u00ea. Com a for\u00e7a que voc\u00ea me d\u00e1, Senhor, aben\u00e7oe seus amados filhos. Voc\u00ea merece todos os elogios e toda a honra do mundo. Voc\u00ea \u00e9 meu poder e meu escudo.<\/em><\/p>\n\n\n\n<p class=\"wp-block-paragraph\"><em>Senhor, por favor, mantenha eu e minha fam\u00edlia seguros o tempo todo, especialmente aqueles que est\u00e3o fora de suas casas esta manh\u00e3. Eu rezo em nome de Jesus, o Filho do Pai, am\u00e9m.\u201d<\/em><\/p>\n\n\n\n<p class=\"wp-block-paragraph\">3- <em>\u201cSenhor, estou na sua presen\u00e7a agora para pedir que toda a negatividade que est\u00e1 presente atualmente deixe minha vida. Remova do meu corpo, \u00f3 Pai misericordioso, tudo o que me tornaria infeliz e incapaz de viver bem. Remova essa falta de felicidade, emo\u00e7\u00e3o e tudo o mais que tenta me derrubar, e deixe essas coisas sair da minha vida agora, em nome de Jesus.<\/em>&nbsp;<\/p>\n\n\n\n<p class=\"wp-block-paragraph\"><em>Rezo para que a alegria agora se torne parte da minha vida neste momento. Seja a luz que ilumina minha vida, Senhor; seja minha for\u00e7a e guia. Chega de tristeza ou melancolia, por favor! Eu rejeito tudo o que me faria cair, incluindo emo\u00e7\u00f5es e pensamentos negativos. Em nome do Precioso Salvador Jesus. Am\u00e9m!\u201d<\/em><\/p>\n\n\n\n<h2 class=\"wp-block-heading\">Cinco ora\u00e7\u00f5es curtas para serem feitas pela manh\u00e3&nbsp;<\/h2>\n\n\n\n<p class=\"wp-block-paragraph\">1- <em>\u201cSenhor, neste novo dia entrego minha vida e a de minha fam\u00edlia em tuas m\u00e3os. Ajude-me a enfrentar as batalhas di\u00e1rias que possam surgir. Guia meus passos e livre-me da armadilha dos meus inimigos. Afaste tudo que n\u00e3o vem do Senhor. Aumente e restaure minha f\u00e9 todos os dias. Em nome do Senhor Jesus, Am\u00e9m.\u201d<\/em><\/p>\n\n\n\n<p class=\"wp-block-paragraph\">2- <em>\u201cUm novo dia se inicia e sinto seu cuidado sempre perto de mim, meu Deus. Hoje venho lhe pedir que continue cuidando, protegendo e guiando meus passos para o caminho do bem, mostrando sempre o que preparou para mim. Am\u00e9m.\u201d<\/em><\/p>\n\n\n\n<p class=\"wp-block-paragraph\">3-<em> \u201cMeu Senhor, hoje venho lhe pedir que neste novo dia guie meus passos e me ensine a viver dentro de suas vontades e de seu caminho. Am\u00e9m.\u201d<\/em><\/p>\n\n\n\n<p class=\"wp-block-paragraph\">4- <em>\u201cQue Deus aben\u00e7oe a mim e a minha fam\u00edlia neste novo dia que se inicia. Que suas m\u00e3os nos direcionam para o caminho do amor, da f\u00e9 e da bondade. Assim seja, assim \u00e9. Am\u00e9m.\u201d<\/em><\/p>\n\n\n\n<p class=\"wp-block-paragraph\">5- <em>\u201cQue o Senhor todo poderoso com sua gra\u00e7a divina interceda por mim e por minha fam\u00edlia neste novo dia que se inicia. Nos ajude a praticar e aumentar nossa f\u00e9, Am\u00e9m.\u201d<\/em><\/p>\n\n\n\n<p class=\"wp-block-paragraph\">Ao terminar sua ora\u00e7\u00e3o matinal, voc\u00ea poder\u00e1 complement\u00e1-la orando um Pai Nosso ao final. Acredite na ora\u00e7\u00e3o que est\u00e1 sendo feita, intencione seus pedidos com muita f\u00e9, confie no Deus que tudo v\u00ea e tudo sabe.&nbsp;<\/p>\n\n\n\n<p class=\"wp-block-paragraph\">Agora que voc\u00ea possui v\u00e1rias ora\u00e7\u00f5es matinais, escolha a que mais tocou-lhe o cora\u00e7\u00e3o e comece a praticar sua f\u00e9, orando todos os dias pela manh\u00e3 e agradecendo pelo novo dia que foi concedido.&nbsp;<\/p>\n\n\n\n<p class=\"wp-block-paragraph\"><strong>Voir aussi\u00a0: <a href=\"https:\/\/www.oracaoefe.com\/fr\/oracao-para-comecar-bem-o-dia-conecte-se-com-sua-fe\/\">Ora\u00e7\u00e3o para come\u00e7ar bem o dia: Conecte-se com sua f\u00e9<\/a><\/strong><\/p>\n\n\n\n<p class=\"wp-block-paragraph\">14 de fevereiro de 2023<\/p>","protected":false},"excerpt":{"rendered":"<p>\u00c9 um presente divino come\u00e7ar cada dia sabendo que acordou e est\u00e1 respirando. Tamb\u00e9m \u00e9 nobre agradecer a Deus e orar por uma boa vida. Sem d\u00favida, fazer uma inten\u00e7\u00e3o para um bom dia pode melhorar seu humor, chamar sua aten\u00e7\u00e3o para o presente e at\u00e9 mesmo prepar\u00e1-lo para um dia cheio de realiza\u00e7\u00f5es. Separamos&hellip;&nbsp;<\/p>","protected":false},"author":3,"featured_media":1826,"comment_status":"closed","ping_status":"closed","sticky":false,"template":"","format":"standard","meta":{"neve_meta_sidebar":"","neve_meta_container":"","neve_meta_enable_content_width":"","neve_meta_content_width":0,"neve_meta_title_alignment":"","neve_meta_author_avatar":"","neve_post_elements_order":"","neve_meta_disable_header":"","neve_meta_disable_footer":"","neve_meta_disable_title":"","footnotes":""},"categories":[2],"tags":[201,160,163],"class_list":["post-1825","post","type-post","status-publish","format-standard","has-post-thumbnail","hentry","category-oracao","tag-oracao-da-manha","tag-oracao-do-dia","tag-prece-do-dia"],"yoast_head":"<!-- This site is optimized with the Yoast SEO plugin v28.4 - https:\/\/yoast.com\/product\/yoast-seo-wordpress\/ -->\n<title>Ora\u00e7\u00e3o para come\u00e7ar bem o dia: 5 preces para sua manh\u00e3 - Ora\u00e7\u00e3o e F\u00e9<\/title>\n<meta name=\"description\" content=\"Deus tem pra voc\u00ea uma palavra de vida!\" \/>\n<meta name=\"robots\" content=\"index, follow, max-snippet:-1, max-image-preview:large, max-video-preview:-1\" \/>\n<link rel=\"canonical\" href=\"https:\/\/www.oracaoefe.com\/fr\/oracao-para-comecar-bem-o-dia-5-preces-para-sua-manha\/\" \/>\n<meta property=\"og:locale\" content=\"fr_FR\" \/>\n<meta property=\"og:type\" content=\"article\" \/>\n<meta property=\"og:title\" content=\"Ora\u00e7\u00e3o para come\u00e7ar bem o dia: 5 preces para sua manh\u00e3 - Ora\u00e7\u00e3o e F\u00e9\" \/>\n<meta property=\"og:description\" content=\"Deus tem pra voc\u00ea uma palavra de vida!\" \/>\n<meta property=\"og:url\" content=\"https:\/\/www.oracaoefe.com\/fr\/oracao-para-comecar-bem-o-dia-5-preces-para-sua-manha\/\" \/>\n<meta property=\"og:site_name\" content=\"Ora\u00e7\u00e3o e F\u00e9\" \/>\n<meta property=\"article:published_time\" content=\"2023-02-14T09:00:00+00:00\" \/>\n<meta property=\"og:image\" content=\"https:\/\/www.oracaoefe.com\/wp-content\/uploads\/2023\/02\/image.png\" \/>\n\t<meta property=\"og:image:width\" content=\"1280\" \/>\n\t<meta property=\"og:image:height\" content=\"853\" \/>\n\t<meta property=\"og:image:type\" content=\"image\/png\" \/>\n<meta name=\"author\" content=\"Michele Azevedo\" \/>\n<meta name=\"twitter:card\" content=\"summary_large_image\" \/>\n<meta name=\"twitter:label1\" content=\"\u00c9crit par\" \/>\n\t<meta name=\"twitter:data1\" content=\"Michele Azevedo\" \/>\n\t<meta name=\"twitter:label2\" content=\"Dur\u00e9e de lecture estim\u00e9e\" \/>\n\t<meta name=\"twitter:data2\" content=\"4 minutes\" \/>\n<script type=\"application\/ld+json\" class=\"yoast-schema-graph\">{\"@context\":\"https:\\\/\\\/schema.org\",\"@graph\":[{\"@type\":\"Article\",\"@id\":\"https:\\\/\\\/www.oracaoefe.com\\\/oracao-para-comecar-bem-o-dia-5-preces-para-sua-manha\\\/#article\",\"isPartOf\":{\"@id\":\"https:\\\/\\\/www.oracaoefe.com\\\/oracao-para-comecar-bem-o-dia-5-preces-para-sua-manha\\\/\"},\"author\":{\"name\":\"Michele Azevedo\",\"@id\":\"https:\\\/\\\/www.oracaoefe.com\\\/#\\\/schema\\\/person\\\/17283c669442cf005c4d5bb58adfb7f5\"},\"headline\":\"Ora\u00e7\u00e3o para come\u00e7ar bem o dia: 5 preces para sua manh\u00e3\",\"datePublished\":\"2023-02-14T09:00:00+00:00\",\"mainEntityOfPage\":{\"@id\":\"https:\\\/\\\/www.oracaoefe.com\\\/oracao-para-comecar-bem-o-dia-5-preces-para-sua-manha\\\/\"},\"wordCount\":904,\"image\":{\"@id\":\"https:\\\/\\\/www.oracaoefe.com\\\/oracao-para-comecar-bem-o-dia-5-preces-para-sua-manha\\\/#primaryimage\"},\"thumbnailUrl\":\"https:\\\/\\\/www.oracaoefe.com\\\/wp-content\\\/uploads\\\/2023\\\/02\\\/image.png\",\"keywords\":[\"ora\u00e7\u00e3o da manh\u00e3\",\"ora\u00e7\u00e3o do dia\",\"prece do dia\"],\"articleSection\":[\"Ora\u00e7\u00e3o\"],\"inLanguage\":\"fr-FR\"},{\"@type\":\"WebPage\",\"@id\":\"https:\\\/\\\/www.oracaoefe.com\\\/oracao-para-comecar-bem-o-dia-5-preces-para-sua-manha\\\/\",\"url\":\"https:\\\/\\\/www.oracaoefe.com\\\/oracao-para-comecar-bem-o-dia-5-preces-para-sua-manha\\\/\",\"name\":\"Ora\u00e7\u00e3o para come\u00e7ar bem o dia: 5 preces para sua manh\u00e3 - Ora\u00e7\u00e3o e F\u00e9\",\"isPartOf\":{\"@id\":\"https:\\\/\\\/www.oracaoefe.com\\\/#website\"},\"primaryImageOfPage\":{\"@id\":\"https:\\\/\\\/www.oracaoefe.com\\\/oracao-para-comecar-bem-o-dia-5-preces-para-sua-manha\\\/#primaryimage\"},\"image\":{\"@id\":\"https:\\\/\\\/www.oracaoefe.com\\\/oracao-para-comecar-bem-o-dia-5-preces-para-sua-manha\\\/#primaryimage\"},\"thumbnailUrl\":\"https:\\\/\\\/www.oracaoefe.com\\\/wp-content\\\/uploads\\\/2023\\\/02\\\/image.png\",\"datePublished\":\"2023-02-14T09:00:00+00:00\",\"author\":{\"@id\":\"https:\\\/\\\/www.oracaoefe.com\\\/#\\\/schema\\\/person\\\/17283c669442cf005c4d5bb58adfb7f5\"},\"description\":\"Deus tem pra voc\u00ea uma palavra de vida!\",\"breadcrumb\":{\"@id\":\"https:\\\/\\\/www.oracaoefe.com\\\/oracao-para-comecar-bem-o-dia-5-preces-para-sua-manha\\\/#breadcrumb\"},\"inLanguage\":\"fr-FR\",\"potentialAction\":[{\"@type\":\"ReadAction\",\"target\":[\"https:\\\/\\\/www.oracaoefe.com\\\/oracao-para-comecar-bem-o-dia-5-preces-para-sua-manha\\\/\"]}]},{\"@type\":\"ImageObject\",\"inLanguage\":\"fr-FR\",\"@id\":\"https:\\\/\\\/www.oracaoefe.com\\\/oracao-para-comecar-bem-o-dia-5-preces-para-sua-manha\\\/#primaryimage\",\"url\":\"https:\\\/\\\/www.oracaoefe.com\\\/wp-content\\\/uploads\\\/2023\\\/02\\\/image.png\",\"contentUrl\":\"https:\\\/\\\/www.oracaoefe.com\\\/wp-content\\\/uploads\\\/2023\\\/02\\\/image.png\",\"width\":1280,\"height\":853},{\"@type\":\"BreadcrumbList\",\"@id\":\"https:\\\/\\\/www.oracaoefe.com\\\/oracao-para-comecar-bem-o-dia-5-preces-para-sua-manha\\\/#breadcrumb\",\"itemListElement\":[{\"@type\":\"ListItem\",\"position\":1,\"name\":\"Home\",\"item\":\"https:\\\/\\\/www.oracaoefe.com\\\/\"},{\"@type\":\"ListItem\",\"position\":2,\"name\":\"Ora\u00e7\u00e3o\",\"item\":\"https:\\\/\\\/www.oracaoefe.com\\\/category\\\/oracao\\\/\"},{\"@type\":\"ListItem\",\"position\":3,\"name\":\"Ora\u00e7\u00e3o para come\u00e7ar bem o dia: 5 preces para sua manh\u00e3\"}]},{\"@type\":\"WebSite\",\"@id\":\"https:\\\/\\\/www.oracaoefe.com\\\/#website\",\"url\":\"https:\\\/\\\/www.oracaoefe.com\\\/\",\"name\":\"Ora\u00e7\u00e3o e F\u00e9\",\"description\":\"\",\"potentialAction\":[{\"@type\":\"SearchAction\",\"target\":{\"@type\":\"EntryPoint\",\"urlTemplate\":\"https:\\\/\\\/www.oracaoefe.com\\\/?s={search_term_string}\"},\"query-input\":{\"@type\":\"PropertyValueSpecification\",\"valueRequired\":true,\"valueName\":\"search_term_string\"}}],\"inLanguage\":\"fr-FR\"},{\"@type\":\"Person\",\"@id\":\"https:\\\/\\\/www.oracaoefe.com\\\/#\\\/schema\\\/person\\\/17283c669442cf005c4d5bb58adfb7f5\",\"name\":\"Michele Azevedo\",\"image\":{\"@type\":\"ImageObject\",\"inLanguage\":\"fr-FR\",\"@id\":\"https:\\\/\\\/secure.gravatar.com\\\/avatar\\\/6b0eb9d22841282815e2cd856a0061c45e1761cd54b22e952d98c4746939aa85?s=96&d=mm&r=g\",\"url\":\"https:\\\/\\\/secure.gravatar.com\\\/avatar\\\/6b0eb9d22841282815e2cd856a0061c45e1761cd54b22e952d98c4746939aa85?s=96&d=mm&r=g\",\"contentUrl\":\"https:\\\/\\\/secure.gravatar.com\\\/avatar\\\/6b0eb9d22841282815e2cd856a0061c45e1761cd54b22e952d98c4746939aa85?s=96&d=mm&r=g\",\"caption\":\"Michele Azevedo\"},\"description\":\"Formada em Letras - Portugu\u00eas\\\/ Ingl\u00eas pela Universidade Estadual de Ponta Grossa (UEPG), p\u00f3s-graduada em Arte na Educa\u00e7\u00e3o (FAPI) e Psicopedagogia Escolar (FAPI), idealizadora e propriet\u00e1ria do site Escritora de Sucesso, possui experi\u00eancia em escrita para blogs em geral e atua como redatora e revisora dos conte\u00fados do Ora\u00e7\u00e3o e F\u00e9.\",\"url\":\"https:\\\/\\\/www.oracaoefe.com\\\/fr\\\/author\\\/michele-azevedo\\\/\"}]}<\/script>\n<!-- \/ Yoast SEO plugin. -->","yoast_head_json":{"title":"Ora\u00e7\u00e3o para come\u00e7ar bem o dia: 5 preces para sua manh\u00e3 - Ora\u00e7\u00e3o e F\u00e9","description":"Dieu a une parole de vie pour vous !","robots":{"index":"index","follow":"follow","max-snippet":"max-snippet:-1","max-image-preview":"max-image-preview:large","max-video-preview":"max-video-preview:-1"},"canonical":"https:\/\/www.oracaoefe.com\/fr\/oracao-para-comecar-bem-o-dia-5-preces-para-sua-manha\/","og_locale":"fr_FR","og_type":"article","og_title":"Ora\u00e7\u00e3o para come\u00e7ar bem o dia: 5 preces para sua manh\u00e3 - Ora\u00e7\u00e3o e F\u00e9","og_description":"Deus tem pra voc\u00ea uma palavra de vida!","og_url":"https:\/\/www.oracaoefe.com\/fr\/oracao-para-comecar-bem-o-dia-5-preces-para-sua-manha\/","og_site_name":"Ora\u00e7\u00e3o e F\u00e9","article_published_time":"2023-02-14T09:00:00+00:00","og_image":[{"width":1280,"height":853,"url":"https:\/\/www.oracaoefe.com\/wp-content\/uploads\/2023\/02\/image.png","type":"image\/png"}],"author":"Michele Azevedo","twitter_card":"summary_large_image","twitter_misc":{"\u00c9crit par":"Michele Azevedo","Dur\u00e9e de lecture estim\u00e9e":"4 minutes"},"schema":{"@context":"https:\/\/schema.org","@graph":[{"@type":"Article","@id":"https:\/\/www.oracaoefe.com\/oracao-para-comecar-bem-o-dia-5-preces-para-sua-manha\/#article","isPartOf":{"@id":"https:\/\/www.oracaoefe.com\/oracao-para-comecar-bem-o-dia-5-preces-para-sua-manha\/"},"author":{"name":"Michele Azevedo","@id":"https:\/\/www.oracaoefe.com\/#\/schema\/person\/17283c669442cf005c4d5bb58adfb7f5"},"headline":"Ora\u00e7\u00e3o para come\u00e7ar bem o dia: 5 preces para sua manh\u00e3","datePublished":"2023-02-14T09:00:00+00:00","mainEntityOfPage":{"@id":"https:\/\/www.oracaoefe.com\/oracao-para-comecar-bem-o-dia-5-preces-para-sua-manha\/"},"wordCount":904,"image":{"@id":"https:\/\/www.oracaoefe.com\/oracao-para-comecar-bem-o-dia-5-preces-para-sua-manha\/#primaryimage"},"thumbnailUrl":"https:\/\/www.oracaoefe.com\/wp-content\/uploads\/2023\/02\/image.png","keywords":["ora\u00e7\u00e3o da manh\u00e3","ora\u00e7\u00e3o do dia","prece do dia"],"articleSection":["Ora\u00e7\u00e3o"],"inLanguage":"fr-FR"},{"@type":"WebPage","@id":"https:\/\/www.oracaoefe.com\/oracao-para-comecar-bem-o-dia-5-preces-para-sua-manha\/","url":"https:\/\/www.oracaoefe.com\/oracao-para-comecar-bem-o-dia-5-preces-para-sua-manha\/","name":"Ora\u00e7\u00e3o para come\u00e7ar bem o dia: 5 preces para sua manh\u00e3 - Ora\u00e7\u00e3o e F\u00e9","isPartOf":{"@id":"https:\/\/www.oracaoefe.com\/#website"},"primaryImageOfPage":{"@id":"https:\/\/www.oracaoefe.com\/oracao-para-comecar-bem-o-dia-5-preces-para-sua-manha\/#primaryimage"},"image":{"@id":"https:\/\/www.oracaoefe.com\/oracao-para-comecar-bem-o-dia-5-preces-para-sua-manha\/#primaryimage"},"thumbnailUrl":"https:\/\/www.oracaoefe.com\/wp-content\/uploads\/2023\/02\/image.png","datePublished":"2023-02-14T09:00:00+00:00","author":{"@id":"https:\/\/www.oracaoefe.com\/#\/schema\/person\/17283c669442cf005c4d5bb58adfb7f5"},"description":"Dieu a une parole de vie pour vous !","breadcrumb":{"@id":"https:\/\/www.oracaoefe.com\/oracao-para-comecar-bem-o-dia-5-preces-para-sua-manha\/#breadcrumb"},"inLanguage":"fr-FR","potentialAction":[{"@type":"ReadAction","target":["https:\/\/www.oracaoefe.com\/oracao-para-comecar-bem-o-dia-5-preces-para-sua-manha\/"]}]},{"@type":"ImageObject","inLanguage":"fr-FR","@id":"https:\/\/www.oracaoefe.com\/oracao-para-comecar-bem-o-dia-5-preces-para-sua-manha\/#primaryimage","url":"https:\/\/www.oracaoefe.com\/wp-content\/uploads\/2023\/02\/image.png","contentUrl":"https:\/\/www.oracaoefe.com\/wp-content\/uploads\/2023\/02\/image.png","width":1280,"height":853},{"@type":"BreadcrumbList","@id":"https:\/\/www.oracaoefe.com\/oracao-para-comecar-bem-o-dia-5-preces-para-sua-manha\/#breadcrumb","itemListElement":[{"@type":"ListItem","position":1,"name":"Home","item":"https:\/\/www.oracaoefe.com\/"},{"@type":"ListItem","position":2,"name":"Ora\u00e7\u00e3o","item":"https:\/\/www.oracaoefe.com\/category\/oracao\/"},{"@type":"ListItem","position":3,"name":"Ora\u00e7\u00e3o para come\u00e7ar bem o dia: 5 preces para sua manh\u00e3"}]},{"@type":"WebSite","@id":"https:\/\/www.oracaoefe.com\/#website","url":"https:\/\/www.oracaoefe.com\/","name":"Pri\u00e8re et foi","description":"","potentialAction":[{"@type":"SearchAction","target":{"@type":"EntryPoint","urlTemplate":"https:\/\/www.oracaoefe.com\/?s={search_term_string}"},"query-input":{"@type":"PropertyValueSpecification","valueRequired":true,"valueName":"search_term_string"}}],"inLanguage":"fr-FR"},{"@type":"Person","@id":"https:\/\/www.oracaoefe.com\/#\/schema\/person\/17283c669442cf005c4d5bb58adfb7f5","name":"Michele Azevedo","image":{"@type":"ImageObject","inLanguage":"fr-FR","@id":"https:\/\/secure.gravatar.com\/avatar\/6b0eb9d22841282815e2cd856a0061c45e1761cd54b22e952d98c4746939aa85?s=96&d=mm&r=g","url":"https:\/\/secure.gravatar.com\/avatar\/6b0eb9d22841282815e2cd856a0061c45e1761cd54b22e952d98c4746939aa85?s=96&d=mm&r=g","contentUrl":"https:\/\/secure.gravatar.com\/avatar\/6b0eb9d22841282815e2cd856a0061c45e1761cd54b22e952d98c4746939aa85?s=96&d=mm&r=g","caption":"Michele Azevedo"},"description":"Dipl\u00f4m\u00e9e en litt\u00e9rature portugaise\/anglaise de l&#039;Universit\u00e9 d&#039;\u00c9tat de Ponta Grossa (UEPG), avec des dipl\u00f4mes de troisi\u00e8me cycle en art dans l&#039;\u00e9ducation (FAPI) et en psychop\u00e9dagogie scolaire (FAPI), elle est la cr\u00e9atrice et propri\u00e9taire du site web Escritora de Sucesso, a de l&#039;exp\u00e9rience dans l&#039;\u00e9criture pour les blogs en g\u00e9n\u00e9ral et travaille comme r\u00e9dactrice et \u00e9ditrice du contenu pour Ora\u00e7\u00e3o e F\u00e9.","url":"https:\/\/www.oracaoefe.com\/fr\/author\/michele-azevedo\/"}]}},"_links":{"self":[{"href":"https:\/\/www.oracaoefe.com\/fr\/wp-json\/wp\/v2\/posts\/1825","targetHints":{"allow":["GET"]}}],"collection":[{"href":"https:\/\/www.oracaoefe.com\/fr\/wp-json\/wp\/v2\/posts"}],"about":[{"href":"https:\/\/www.oracaoefe.com\/fr\/wp-json\/wp\/v2\/types\/post"}],"author":[{"embeddable":true,"href":"https:\/\/www.oracaoefe.com\/fr\/wp-json\/wp\/v2\/users\/3"}],"replies":[{"embeddable":true,"href":"https:\/\/www.oracaoefe.com\/fr\/wp-json\/wp\/v2\/comments?post=1825"}],"version-history":[{"count":2,"href":"https:\/\/www.oracaoefe.com\/fr\/wp-json\/wp\/v2\/posts\/1825\/revisions"}],"predecessor-version":[{"id":1833,"href":"https:\/\/www.oracaoefe.com\/fr\/wp-json\/wp\/v2\/posts\/1825\/revisions\/1833"}],"wp:featuredmedia":[{"embeddable":true,"href":"https:\/\/www.oracaoefe.com\/fr\/wp-json\/wp\/v2\/media\/1826"}],"wp:attachment":[{"href":"https:\/\/www.oracaoefe.com\/fr\/wp-json\/wp\/v2\/media?parent=1825"}],"wp:term":[{"taxonomy":"category","embeddable":true,"href":"https:\/\/www.oracaoefe.com\/fr\/wp-json\/wp\/v2\/categories?post=1825"},{"taxonomy":"post_tag","embeddable":true,"href":"https:\/\/www.oracaoefe.com\/fr\/wp-json\/wp\/v2\/tags?post=1825"}],"curies":[{"name":"wp","href":"https:\/\/api.w.org\/{rel}","templated":true}]}}