{"id":172,"date":"2022-09-22T12:12:39","date_gmt":"2022-09-22T15:12:39","guid":{"rendered":"https:\/\/www.oracaoefe.com\/?p=172"},"modified":"2022-09-25T21:56:44","modified_gmt":"2022-09-26T00:56:44","slug":"oracao-poderosa-pelos-filhos","status":"publish","type":"post","link":"https:\/\/www.oracaoefe.com\/fr\/oracao-poderosa-pelos-filhos\/","title":{"rendered":"Ora\u00e7\u00e3o poderosa pelos filhos"},"content":{"rendered":"<div class=\"wp-block-post-date\"><time datetime=\"2022-09-22T12:12:39-03:00\">septembre 22, 2022<\/time><\/div>\n\n\n<p class=\"wp-block-paragraph\">A <a href=\"https:\/\/www.oracaoefe.com\/fr\/\">ora\u00e7\u00e3o poderosa pelos filhos<\/a> deve ser essencial na vida de todo pai e m\u00e3e.<\/p>\n\n\n\n<p class=\"wp-block-paragraph\">A ora\u00e7\u00e3o \u00e9 talvez a coisa mais importante e essencial para a vida de um crist\u00e3o, onde se pode desfrutar da intimidade com Deus. <\/p>\n\n\n\n<p class=\"wp-block-paragraph\">Temos vivido tempos dif\u00edceis, e sabemos que pela luz da b\u00edblia que nos fins dos tempos o amor esfriaria.<\/p>\n\n\n\n<p class=\"wp-block-paragraph\">Orar nos aproxima de Deus. \u00c9 atrav\u00e9s da ora\u00e7\u00e3o sem cessar que colocamos nossa vida no centro da vontade de Deus. \u00c9 revestindo-nos da sua armadura e orando sem cessar.<\/p>\n\n\n\n<p class=\"wp-block-paragraph\">Devemos orar por tudo e por todos, afinal somos irm\u00e3os, e queremos que as b\u00ean\u00e7\u00e3os de Deus recaia sobre todos, principalmente para a nossa fam\u00edlia. <\/p>\n\n\n\n<h2 class=\"wp-block-heading\">A import\u00e2ncia da ora\u00e7\u00e3o poderosa pelos filhos<\/h2>\n\n\n\n<p class=\"wp-block-paragraph\">Contudo, \u00e9 extremamente importante orar por nossos filhos.\u201cLevanta-te, clama de noite no princ\u00edpio das vigias; derrama o teu cora\u00e7\u00e3o como \u00e1guas diante da presen\u00e7a do Senhor; levanta a ele as tuas m\u00e3os, pela vida de teus filhinhos, que desfalecem de fome \u00e0 entrada de todas as ruas.\u201d (Lamenta\u00e7\u00f5es 2:19)<\/p>\n\n\n\n<p class=\"wp-block-paragraph\">Orar pelos filhos pode-se dizer que \u00e9 um dever e um compromisso de todo o crist\u00e3o para com Deus, agradecer a oportunidade de ser pai ou m\u00e3e, pedir que ele olhe sempre pelo bem mais precioso, seja de qual idade for.<\/p>\n\n\n\n<h2 class=\"wp-block-heading\">Mas como realizar a ora\u00e7\u00e3o de maneira correta?<\/h2>\n\n\n\n<p class=\"wp-block-paragraph\">A resposta \u00e9 simples \u00e9 literalmente entregar tudo para Deus \u00e9 pedir que ele v\u00e1 instruindo sua ora\u00e7\u00e3o poderosa pelos filhos.<\/p>\n\n\n\n<p class=\"wp-block-paragraph\"><strong>1. Ore por Sua Prote\u00e7\u00e3o<\/strong><\/p>\n\n\n\n<p class=\"wp-block-paragraph\">\u201cEu por\u00e9m vos digo: Amai a vossos inimigos, bendizei os que vos maldizem, fazei bem aos que vos odeiam, e orai pelos que vos maltratam e perseguem;\u201d (Mateus 5:44)<\/p>\n\n\n\n<p class=\"wp-block-paragraph\">Ore para que o Senhor Deus todo poderoso guarde e os preserve em seus caminhos, no trabalho, estudo, atividades e no seu dia-a-dia. Que sejam protegidos de qualquer mal.<\/p>\n\n\n\n<p class=\"wp-block-paragraph\">Como m\u00e3es e pais, se pud\u00e9ssemos estar\u00edamos 24 horas do dia ao lado de nossos filhos. Mas temos nossas tarefas, nossos trabalhos, estudos e n\u00f3s mesmos para cuidarmos. <\/p>\n\n\n\n<p class=\"wp-block-paragraph\">Infelizmente, por mais que queiramos n\u00e3o \u00e9 poss\u00edvel estar 24 horas com nossos filhos. \u00c9 nessa ora que nossa f\u00e9 entra em a\u00e7\u00e3o. Orar sem cessar pela prote\u00e7\u00e3o dele \u00e9 por diante de Deus a vida, sa\u00fade e prote\u00e7\u00e3o do seu filho. <\/p>\n\n\n\n<p class=\"wp-block-paragraph\">\u00c9 confiar que Deus todo poderoso, que n\u00e3o dorme, est\u00e1 enviando seus anjos com a espada desembainhada para cuidar e zelar pela vida de nossos filhos. <\/p>\n\n\n\n<p class=\"wp-block-paragraph\">Aonde n\u00e3o podemos estar, aonde n\u00e3o podemos agir \u00e9 o lugar que Deus na sua onipot\u00eancia age. Deus \u00e9 o melhor guarda-costas que podemos ter para nossos filhos. <\/p>\n\n\n\n<p class=\"wp-block-paragraph\">Por isso pe\u00e7a todos dias ao acordar e ao ir dormir, que Deus PROTEJA a vida de seu filho.<\/p>\n\n\n\n<p class=\"wp-block-paragraph\"><strong>2. Seja grato pela vida do seu Filho.<\/strong><\/p>\n\n\n\n<p class=\"wp-block-paragraph\">Agrade\u00e7a a oportunidade de ter gerado uma pessoa que \u00e9 primeiramente filho(a) de Deus; Seja grato pela vida seu filho(a) e o consagre perante o Senhor todos os dias.<\/p>\n\n\n\n<p class=\"wp-block-paragraph\">Sabemos que nenhuma ora\u00e7\u00e3o fica sem chegar ao cora\u00e7\u00e3o de Deus. Os pais receberam de Deus a autoridade de cuidar dos filhos com gra\u00e7a especial para assim cumprir essa miss\u00e3o.<\/p>\n\n\n\n<p class=\"wp-block-paragraph\">O maior dom \u00e9 a vida. Agrade\u00e7a todos os dias pelo privil\u00e9gio que voc\u00ea teve ao gerar seu filho. Ele \u00e9 um presente na sua vida. Deus nunca deixa de ouvir um cora\u00e7\u00e3o grato. <\/p>\n\n\n\n<p class=\"wp-block-paragraph\">Saiba que a sua gratid\u00e3o exala amor sem igual. &#8220;Tu criaste cada parte do meu corpo; Tu me formaste na barriga da minha m\u00e3e. Eu te louvo porque deves ser temido. Tudo o que fazes \u00e9 maravilhoso e eu sei disso muito bem. Tu viste quando os meus ossos estavam sendo feitos, quando eu estava sendo formado na barriga da minha m\u00e3e,crescendo ali em segredo, Tu me viste antes de eu ter nascido. Os dias que me deste para viver foram todos escritos no teu livro quando ainda nenhum deles existia.&#8221; (Salmos 139:13-16)<\/p>\n\n\n\n<p class=\"wp-block-paragraph\"><strong>3. Pela Santifica\u00e7\u00e3o<\/strong><\/p>\n\n\n\n<p class=\"wp-block-paragraph\">Sendo assim, pe\u00e7a pela vida de seu filho (a), n\u00e3o importa a idade, se for mais novo que Deus ilumine seu caminho para fazer o bem, aos mais velhos pe\u00e7a discernimento e boas escolhas para continuar no caminho divino; \u201cE a&#8230;, meu filho, d\u00e1 um cora\u00e7\u00e3o perfeito, para guardar os teus mandamentos, os teus testemunhos, e os teus estatutos; e para fazer tudo&#8230;.\u201d (I Cr\u00f4nicas 29: 19)<\/p>\n\n\n\n<p class=\"wp-block-paragraph\">\u00c9 desde pequeno que devemos ensinar os caminhos do Senhor, para que guarde cada palavra em seu cora\u00e7\u00e3o e tenha temor \u00e0 Deus. Orar pela santifica\u00e7\u00e3o e entrega dos nossos filhos ao Senhor \u00e9 essencial para que ele cres\u00e7a em retid\u00e3o e sabedoria.<\/p>\n\n\n\n<p class=\"wp-block-paragraph\"><strong>4. Ore para que ele nunca se esque\u00e7a de Deus e seus mandamentos<\/strong><\/p>\n\n\n\n<p class=\"wp-block-paragraph\">Ore e entregue sempre tudo ao pai, pe\u00e7a para que seu filho (a) nunca se esque\u00e7a de Deus, que ele ore e esteja sempre na intimidade do Pai.<\/p>\n\n\n\n<p class=\"wp-block-paragraph\"> \u201cOrai sem cessar.\u201d (I Tessalonicenses 5:17)<\/p>\n\n\n\n<p class=\"wp-block-paragraph\"><strong>Deixe nos coment\u00e1rios o seu pedido de ora\u00e7\u00e3o!<\/strong><\/p>","protected":false},"excerpt":{"rendered":"<p>A ora\u00e7\u00e3o poderosa pelos filhos deve ser essencial na vida de todo pai e m\u00e3e. A ora\u00e7\u00e3o \u00e9 talvez a coisa mais importante e essencial para&#8230;<\/p>","protected":false},"author":1,"featured_media":420,"comment_status":"open","ping_status":"closed","sticky":false,"template":"","format":"standard","meta":{"neve_meta_sidebar":"","neve_meta_container":"","neve_meta_enable_content_width":"","neve_meta_content_width":0,"neve_meta_title_alignment":"","neve_meta_author_avatar":"","neve_post_elements_order":"","neve_meta_disable_header":"","neve_meta_disable_footer":"","neve_meta_disable_title":"","footnotes":""},"categories":[2],"tags":[20,22,21,23,16,24],"class_list":["post-172","post","type-post","status-publish","format-standard","has-post-thumbnail","hentry","category-oracao","tag-deus","tag-filha","tag-filho","tag-filhos","tag-oracao","tag-oracao-poderosa"],"yoast_head":"<!-- This site is optimized with the Yoast SEO plugin v28.4 - https:\/\/yoast.com\/product\/yoast-seo-wordpress\/ -->\n<title>Ora\u00e7\u00e3o poderosa pelos filhos - Ora\u00e7\u00e3o e F\u00e9<\/title>\n<meta name=\"description\" content=\"A ora\u00e7\u00e3o poderosa pelos filhos deve ser essencial na vida de todo pai e m\u00e3e. A ora\u00e7\u00e3o \u00e9 talvez a coisa mais importante e essencial para...\" \/>\n<meta name=\"robots\" content=\"index, follow, max-snippet:-1, max-image-preview:large, max-video-preview:-1\" \/>\n<link rel=\"canonical\" href=\"https:\/\/www.oracaoefe.com\/fr\/oracao-poderosa-pelos-filhos\/\" \/>\n<meta property=\"og:locale\" content=\"fr_FR\" \/>\n<meta property=\"og:type\" content=\"article\" \/>\n<meta property=\"og:title\" content=\"Ora\u00e7\u00e3o poderosa pelos filhos - Ora\u00e7\u00e3o e F\u00e9\" \/>\n<meta property=\"og:description\" content=\"A ora\u00e7\u00e3o poderosa pelos filhos deve ser essencial na vida de todo pai e m\u00e3e. A ora\u00e7\u00e3o \u00e9 talvez a coisa mais importante e essencial para...\" \/>\n<meta property=\"og:url\" content=\"https:\/\/www.oracaoefe.com\/fr\/oracao-poderosa-pelos-filhos\/\" \/>\n<meta property=\"og:site_name\" content=\"Ora\u00e7\u00e3o e F\u00e9\" \/>\n<meta property=\"article:published_time\" content=\"2022-09-22T15:12:39+00:00\" \/>\n<meta property=\"article:modified_time\" content=\"2022-09-26T00:56:44+00:00\" \/>\n<meta property=\"og:image\" content=\"https:\/\/www.oracaoefe.com\/wp-content\/uploads\/2022\/09\/Oracao-poderosa-pelos-filhos.jpg\" \/>\n\t<meta property=\"og:image:width\" content=\"1200\" \/>\n\t<meta property=\"og:image:height\" content=\"675\" \/>\n\t<meta property=\"og:image:type\" content=\"image\/jpeg\" \/>\n<meta name=\"author\" content=\"Maria\" \/>\n<meta name=\"twitter:card\" content=\"summary_large_image\" \/>\n<meta name=\"twitter:label1\" content=\"\u00c9crit par\" \/>\n\t<meta name=\"twitter:data1\" content=\"Maria\" \/>\n\t<meta name=\"twitter:label2\" content=\"Dur\u00e9e de lecture estim\u00e9e\" \/>\n\t<meta name=\"twitter:data2\" content=\"4 minutes\" \/>\n<script type=\"application\/ld+json\" class=\"yoast-schema-graph\">{\"@context\":\"https:\\\/\\\/schema.org\",\"@graph\":[{\"@type\":\"Article\",\"@id\":\"https:\\\/\\\/www.oracaoefe.com\\\/oracao-poderosa-pelos-filhos\\\/#article\",\"isPartOf\":{\"@id\":\"https:\\\/\\\/www.oracaoefe.com\\\/oracao-poderosa-pelos-filhos\\\/\"},\"author\":{\"name\":\"Maria\",\"@id\":\"https:\\\/\\\/www.oracaoefe.com\\\/#\\\/schema\\\/person\\\/27873f1e6043866689f5091b5139f23d\"},\"headline\":\"Ora\u00e7\u00e3o poderosa pelos filhos\",\"datePublished\":\"2022-09-22T15:12:39+00:00\",\"dateModified\":\"2022-09-26T00:56:44+00:00\",\"mainEntityOfPage\":{\"@id\":\"https:\\\/\\\/www.oracaoefe.com\\\/oracao-poderosa-pelos-filhos\\\/\"},\"wordCount\":849,\"commentCount\":0,\"image\":{\"@id\":\"https:\\\/\\\/www.oracaoefe.com\\\/oracao-poderosa-pelos-filhos\\\/#primaryimage\"},\"thumbnailUrl\":\"https:\\\/\\\/www.oracaoefe.com\\\/wp-content\\\/uploads\\\/2022\\\/09\\\/Oracao-poderosa-pelos-filhos.jpg\",\"keywords\":[\"Deus\",\"filha\",\"filho\",\"filhos\",\"ora\u00e7\u00e3o\",\"ora\u00e7\u00e3o poderosa\"],\"articleSection\":[\"Ora\u00e7\u00e3o\"],\"inLanguage\":\"fr-FR\",\"potentialAction\":[{\"@type\":\"CommentAction\",\"name\":\"Comment\",\"target\":[\"https:\\\/\\\/www.oracaoefe.com\\\/oracao-poderosa-pelos-filhos\\\/#respond\"]}]},{\"@type\":\"WebPage\",\"@id\":\"https:\\\/\\\/www.oracaoefe.com\\\/oracao-poderosa-pelos-filhos\\\/\",\"url\":\"https:\\\/\\\/www.oracaoefe.com\\\/oracao-poderosa-pelos-filhos\\\/\",\"name\":\"Ora\u00e7\u00e3o poderosa pelos filhos - Ora\u00e7\u00e3o e F\u00e9\",\"isPartOf\":{\"@id\":\"https:\\\/\\\/www.oracaoefe.com\\\/#website\"},\"primaryImageOfPage\":{\"@id\":\"https:\\\/\\\/www.oracaoefe.com\\\/oracao-poderosa-pelos-filhos\\\/#primaryimage\"},\"image\":{\"@id\":\"https:\\\/\\\/www.oracaoefe.com\\\/oracao-poderosa-pelos-filhos\\\/#primaryimage\"},\"thumbnailUrl\":\"https:\\\/\\\/www.oracaoefe.com\\\/wp-content\\\/uploads\\\/2022\\\/09\\\/Oracao-poderosa-pelos-filhos.jpg\",\"datePublished\":\"2022-09-22T15:12:39+00:00\",\"dateModified\":\"2022-09-26T00:56:44+00:00\",\"author\":{\"@id\":\"https:\\\/\\\/www.oracaoefe.com\\\/#\\\/schema\\\/person\\\/27873f1e6043866689f5091b5139f23d\"},\"description\":\"A ora\u00e7\u00e3o poderosa pelos filhos deve ser essencial na vida de todo pai e m\u00e3e. A ora\u00e7\u00e3o \u00e9 talvez a coisa mais importante e essencial para...\",\"breadcrumb\":{\"@id\":\"https:\\\/\\\/www.oracaoefe.com\\\/oracao-poderosa-pelos-filhos\\\/#breadcrumb\"},\"inLanguage\":\"fr-FR\",\"potentialAction\":[{\"@type\":\"ReadAction\",\"target\":[\"https:\\\/\\\/www.oracaoefe.com\\\/oracao-poderosa-pelos-filhos\\\/\"]}]},{\"@type\":\"ImageObject\",\"inLanguage\":\"fr-FR\",\"@id\":\"https:\\\/\\\/www.oracaoefe.com\\\/oracao-poderosa-pelos-filhos\\\/#primaryimage\",\"url\":\"https:\\\/\\\/www.oracaoefe.com\\\/wp-content\\\/uploads\\\/2022\\\/09\\\/Oracao-poderosa-pelos-filhos.jpg\",\"contentUrl\":\"https:\\\/\\\/www.oracaoefe.com\\\/wp-content\\\/uploads\\\/2022\\\/09\\\/Oracao-poderosa-pelos-filhos.jpg\",\"width\":1200,\"height\":675,\"caption\":\"Ora\u00e7\u00e3o poderosa pelos filhos\"},{\"@type\":\"BreadcrumbList\",\"@id\":\"https:\\\/\\\/www.oracaoefe.com\\\/oracao-poderosa-pelos-filhos\\\/#breadcrumb\",\"itemListElement\":[{\"@type\":\"ListItem\",\"position\":1,\"name\":\"Home\",\"item\":\"https:\\\/\\\/www.oracaoefe.com\\\/\"},{\"@type\":\"ListItem\",\"position\":2,\"name\":\"Ora\u00e7\u00e3o\",\"item\":\"https:\\\/\\\/www.oracaoefe.com\\\/category\\\/oracao\\\/\"},{\"@type\":\"ListItem\",\"position\":3,\"name\":\"Ora\u00e7\u00e3o poderosa pelos filhos\"}]},{\"@type\":\"WebSite\",\"@id\":\"https:\\\/\\\/www.oracaoefe.com\\\/#website\",\"url\":\"https:\\\/\\\/www.oracaoefe.com\\\/\",\"name\":\"Ora\u00e7\u00e3o e F\u00e9\",\"description\":\"\",\"potentialAction\":[{\"@type\":\"SearchAction\",\"target\":{\"@type\":\"EntryPoint\",\"urlTemplate\":\"https:\\\/\\\/www.oracaoefe.com\\\/?s={search_term_string}\"},\"query-input\":{\"@type\":\"PropertyValueSpecification\",\"valueRequired\":true,\"valueName\":\"search_term_string\"}}],\"inLanguage\":\"fr-FR\"},{\"@type\":\"Person\",\"@id\":\"https:\\\/\\\/www.oracaoefe.com\\\/#\\\/schema\\\/person\\\/27873f1e6043866689f5091b5139f23d\",\"name\":\"Maria\",\"image\":{\"@type\":\"ImageObject\",\"inLanguage\":\"fr-FR\",\"@id\":\"https:\\\/\\\/secure.gravatar.com\\\/avatar\\\/4cac5ea56d40d599bd7348d330a83b1c84cd229296d1613cd1c7f6740561d0c9?s=96&d=mm&r=g\",\"url\":\"https:\\\/\\\/secure.gravatar.com\\\/avatar\\\/4cac5ea56d40d599bd7348d330a83b1c84cd229296d1613cd1c7f6740561d0c9?s=96&d=mm&r=g\",\"contentUrl\":\"https:\\\/\\\/secure.gravatar.com\\\/avatar\\\/4cac5ea56d40d599bd7348d330a83b1c84cd229296d1613cd1c7f6740561d0c9?s=96&d=mm&r=g\",\"caption\":\"Maria\"},\"description\":\"Meu nome \u00e9 Maria e sou apaixonada por teologia, espiritualidade e estudos religiosos. H\u00e1 mais de 5 anos escrevo sobre o universo da f\u00e9, pesquisando diferentes religi\u00f5es, doutrinas, tradi\u00e7\u00f5es espirituais e curiosidades religiosas ao redor do mundo. Tenho grande interesse em compreender como a f\u00e9 e a religiosidade se manifestam em diferentes culturas, pa\u00edses e idiomas, sempre buscando aprender mais sobre os costumes, cren\u00e7as e hist\u00f3rias que influenciam milh\u00f5es de pessoas diariamente. Atualmente, atuo como redatora no portal Ora\u00e7\u00e3o e F\u00e9, onde compartilho conte\u00fados informativos, reflexivos e inspiradores voltados ao universo religioso e espiritual. Meu objetivo \u00e9 levar conhecimento, curiosidades e mensagens enriquecedoras para leitores que desejam aprofundar sua compreens\u00e3o sobre f\u00e9, religi\u00e3o e espiritualidade no mundo moderno.\",\"sameAs\":[\"https:\\\/\\\/www.oracaoefe.com\"],\"url\":\"https:\\\/\\\/www.oracaoefe.com\\\/fr\\\/author\\\/admin\\\/\"}]}<\/script>\n<!-- \/ Yoast SEO plugin. -->","yoast_head_json":{"title":"Ora\u00e7\u00e3o poderosa pelos filhos - Ora\u00e7\u00e3o e F\u00e9","description":"A ora\u00e7\u00e3o poderosa pelos filhos deve ser essencial na vida de todo pai e m\u00e3e. A ora\u00e7\u00e3o \u00e9 talvez a coisa mais importante e essencial para...","robots":{"index":"index","follow":"follow","max-snippet":"max-snippet:-1","max-image-preview":"max-image-preview:large","max-video-preview":"max-video-preview:-1"},"canonical":"https:\/\/www.oracaoefe.com\/fr\/oracao-poderosa-pelos-filhos\/","og_locale":"fr_FR","og_type":"article","og_title":"Ora\u00e7\u00e3o poderosa pelos filhos - Ora\u00e7\u00e3o e F\u00e9","og_description":"A ora\u00e7\u00e3o poderosa pelos filhos deve ser essencial na vida de todo pai e m\u00e3e. A ora\u00e7\u00e3o \u00e9 talvez a coisa mais importante e essencial para...","og_url":"https:\/\/www.oracaoefe.com\/fr\/oracao-poderosa-pelos-filhos\/","og_site_name":"Ora\u00e7\u00e3o e F\u00e9","article_published_time":"2022-09-22T15:12:39+00:00","article_modified_time":"2022-09-26T00:56:44+00:00","og_image":[{"width":1200,"height":675,"url":"https:\/\/www.oracaoefe.com\/wp-content\/uploads\/2022\/09\/Oracao-poderosa-pelos-filhos.jpg","type":"image\/jpeg"}],"author":"Maria","twitter_card":"summary_large_image","twitter_misc":{"\u00c9crit par":"Maria","Dur\u00e9e de lecture estim\u00e9e":"4 minutes"},"schema":{"@context":"https:\/\/schema.org","@graph":[{"@type":"Article","@id":"https:\/\/www.oracaoefe.com\/oracao-poderosa-pelos-filhos\/#article","isPartOf":{"@id":"https:\/\/www.oracaoefe.com\/oracao-poderosa-pelos-filhos\/"},"author":{"name":"Maria","@id":"https:\/\/www.oracaoefe.com\/#\/schema\/person\/27873f1e6043866689f5091b5139f23d"},"headline":"Ora\u00e7\u00e3o poderosa pelos filhos","datePublished":"2022-09-22T15:12:39+00:00","dateModified":"2022-09-26T00:56:44+00:00","mainEntityOfPage":{"@id":"https:\/\/www.oracaoefe.com\/oracao-poderosa-pelos-filhos\/"},"wordCount":849,"commentCount":0,"image":{"@id":"https:\/\/www.oracaoefe.com\/oracao-poderosa-pelos-filhos\/#primaryimage"},"thumbnailUrl":"https:\/\/www.oracaoefe.com\/wp-content\/uploads\/2022\/09\/Oracao-poderosa-pelos-filhos.jpg","keywords":["Deus","filha","filho","filhos","ora\u00e7\u00e3o","ora\u00e7\u00e3o poderosa"],"articleSection":["Ora\u00e7\u00e3o"],"inLanguage":"fr-FR","potentialAction":[{"@type":"CommentAction","name":"Comment","target":["https:\/\/www.oracaoefe.com\/oracao-poderosa-pelos-filhos\/#respond"]}]},{"@type":"WebPage","@id":"https:\/\/www.oracaoefe.com\/oracao-poderosa-pelos-filhos\/","url":"https:\/\/www.oracaoefe.com\/oracao-poderosa-pelos-filhos\/","name":"Ora\u00e7\u00e3o poderosa pelos filhos - Ora\u00e7\u00e3o e F\u00e9","isPartOf":{"@id":"https:\/\/www.oracaoefe.com\/#website"},"primaryImageOfPage":{"@id":"https:\/\/www.oracaoefe.com\/oracao-poderosa-pelos-filhos\/#primaryimage"},"image":{"@id":"https:\/\/www.oracaoefe.com\/oracao-poderosa-pelos-filhos\/#primaryimage"},"thumbnailUrl":"https:\/\/www.oracaoefe.com\/wp-content\/uploads\/2022\/09\/Oracao-poderosa-pelos-filhos.jpg","datePublished":"2022-09-22T15:12:39+00:00","dateModified":"2022-09-26T00:56:44+00:00","author":{"@id":"https:\/\/www.oracaoefe.com\/#\/schema\/person\/27873f1e6043866689f5091b5139f23d"},"description":"A ora\u00e7\u00e3o poderosa pelos filhos deve ser essencial na vida de todo pai e m\u00e3e. A ora\u00e7\u00e3o \u00e9 talvez a coisa mais importante e essencial para...","breadcrumb":{"@id":"https:\/\/www.oracaoefe.com\/oracao-poderosa-pelos-filhos\/#breadcrumb"},"inLanguage":"fr-FR","potentialAction":[{"@type":"ReadAction","target":["https:\/\/www.oracaoefe.com\/oracao-poderosa-pelos-filhos\/"]}]},{"@type":"ImageObject","inLanguage":"fr-FR","@id":"https:\/\/www.oracaoefe.com\/oracao-poderosa-pelos-filhos\/#primaryimage","url":"https:\/\/www.oracaoefe.com\/wp-content\/uploads\/2022\/09\/Oracao-poderosa-pelos-filhos.jpg","contentUrl":"https:\/\/www.oracaoefe.com\/wp-content\/uploads\/2022\/09\/Oracao-poderosa-pelos-filhos.jpg","width":1200,"height":675,"caption":"Ora\u00e7\u00e3o poderosa pelos filhos"},{"@type":"BreadcrumbList","@id":"https:\/\/www.oracaoefe.com\/oracao-poderosa-pelos-filhos\/#breadcrumb","itemListElement":[{"@type":"ListItem","position":1,"name":"Home","item":"https:\/\/www.oracaoefe.com\/"},{"@type":"ListItem","position":2,"name":"Ora\u00e7\u00e3o","item":"https:\/\/www.oracaoefe.com\/category\/oracao\/"},{"@type":"ListItem","position":3,"name":"Ora\u00e7\u00e3o poderosa pelos filhos"}]},{"@type":"WebSite","@id":"https:\/\/www.oracaoefe.com\/#website","url":"https:\/\/www.oracaoefe.com\/","name":"Pri\u00e8re et foi","description":"","potentialAction":[{"@type":"SearchAction","target":{"@type":"EntryPoint","urlTemplate":"https:\/\/www.oracaoefe.com\/?s={search_term_string}"},"query-input":{"@type":"PropertyValueSpecification","valueRequired":true,"valueName":"search_term_string"}}],"inLanguage":"fr-FR"},{"@type":"Person","@id":"https:\/\/www.oracaoefe.com\/#\/schema\/person\/27873f1e6043866689f5091b5139f23d","name":"Maria","image":{"@type":"ImageObject","inLanguage":"fr-FR","@id":"https:\/\/secure.gravatar.com\/avatar\/4cac5ea56d40d599bd7348d330a83b1c84cd229296d1613cd1c7f6740561d0c9?s=96&d=mm&r=g","url":"https:\/\/secure.gravatar.com\/avatar\/4cac5ea56d40d599bd7348d330a83b1c84cd229296d1613cd1c7f6740561d0c9?s=96&d=mm&r=g","contentUrl":"https:\/\/secure.gravatar.com\/avatar\/4cac5ea56d40d599bd7348d330a83b1c84cd229296d1613cd1c7f6740561d0c9?s=96&d=mm&r=g","caption":"Maria"},"description":"Meu nome \u00e9 Maria e sou apaixonada por teologia, espiritualidade e estudos religiosos. H\u00e1 mais de 5 anos escrevo sobre o universo da f\u00e9, pesquisando diferentes religi\u00f5es, doutrinas, tradi\u00e7\u00f5es espirituais e curiosidades religiosas ao redor do mundo. Tenho grande interesse em compreender como a f\u00e9 e a religiosidade se manifestam em diferentes culturas, pa\u00edses e idiomas, sempre buscando aprender mais sobre os costumes, cren\u00e7as e hist\u00f3rias que influenciam milh\u00f5es de pessoas diariamente. Atualmente, atuo como redatora no portal Ora\u00e7\u00e3o e F\u00e9, onde compartilho conte\u00fados informativos, reflexivos e inspiradores voltados ao universo religioso e espiritual. Meu objetivo \u00e9 levar conhecimento, curiosidades e mensagens enriquecedoras para leitores que desejam aprofundar sua compreens\u00e3o sobre f\u00e9, religi\u00e3o e espiritualidade no mundo moderno.","sameAs":["https:\/\/www.oracaoefe.com"],"url":"https:\/\/www.oracaoefe.com\/fr\/author\/admin\/"}]}},"_links":{"self":[{"href":"https:\/\/www.oracaoefe.com\/fr\/wp-json\/wp\/v2\/posts\/172","targetHints":{"allow":["GET"]}}],"collection":[{"href":"https:\/\/www.oracaoefe.com\/fr\/wp-json\/wp\/v2\/posts"}],"about":[{"href":"https:\/\/www.oracaoefe.com\/fr\/wp-json\/wp\/v2\/types\/post"}],"author":[{"embeddable":true,"href":"https:\/\/www.oracaoefe.com\/fr\/wp-json\/wp\/v2\/users\/1"}],"replies":[{"embeddable":true,"href":"https:\/\/www.oracaoefe.com\/fr\/wp-json\/wp\/v2\/comments?post=172"}],"version-history":[{"count":2,"href":"https:\/\/www.oracaoefe.com\/fr\/wp-json\/wp\/v2\/posts\/172\/revisions"}],"predecessor-version":[{"id":421,"href":"https:\/\/www.oracaoefe.com\/fr\/wp-json\/wp\/v2\/posts\/172\/revisions\/421"}],"wp:featuredmedia":[{"embeddable":true,"href":"https:\/\/www.oracaoefe.com\/fr\/wp-json\/wp\/v2\/media\/420"}],"wp:attachment":[{"href":"https:\/\/www.oracaoefe.com\/fr\/wp-json\/wp\/v2\/media?parent=172"}],"wp:term":[{"taxonomy":"category","embeddable":true,"href":"https:\/\/www.oracaoefe.com\/fr\/wp-json\/wp\/v2\/categories?post=172"},{"taxonomy":"post_tag","embeddable":true,"href":"https:\/\/www.oracaoefe.com\/fr\/wp-json\/wp\/v2\/tags?post=172"}],"curies":[{"name":"wp","href":"https:\/\/api.w.org\/{rel}","templated":true}]}}