{"id":1590,"date":"2023-01-30T06:00:00","date_gmt":"2023-01-30T09:00:00","guid":{"rendered":"https:\/\/www.oracaoefe.com\/?p=1590"},"modified":"2023-01-10T13:11:04","modified_gmt":"2023-01-10T16:11:04","slug":"oracao-para-comecar-bem-o-dia-pratique-o-respeito","status":"publish","type":"post","link":"https:\/\/www.oracaoefe.com\/fr\/oracao-para-comecar-bem-o-dia-pratique-o-respeito\/","title":{"rendered":"Ora\u00e7\u00e3o para come\u00e7ar bem o dia: Pratique o respeito"},"content":{"rendered":"<p class=\"wp-block-paragraph\">A <strong>ora\u00e7\u00e3o para come\u00e7ar bem o dia<\/strong> \u00e9 realizada diariamente por diversos fi\u00e9is pelo Brasil e no mundo. Assim como qualquer prece, essas ora\u00e7\u00f5es ajudam as pessoas a conversarem com Deus e elevarem a espiritualidade. Confira, a seguir.\u00a0<\/p>\n\n\n\n<figure class=\"wp-block-image size-large\"><img loading=\"lazy\" decoding=\"async\" width=\"1024\" height=\"686\" src=\"https:\/\/www.oracaoefe.com\/wp-content\/uploads\/2023\/01\/image-3-1024x686.png\" alt=\"\" class=\"wp-image-1591\" srcset=\"https:\/\/www.oracaoefe.com\/wp-content\/uploads\/2023\/01\/image-3-1024x686.png 1024w, https:\/\/www.oracaoefe.com\/wp-content\/uploads\/2023\/01\/image-3-300x201.png 300w, https:\/\/www.oracaoefe.com\/wp-content\/uploads\/2023\/01\/image-3-768x514.png 768w, https:\/\/www.oracaoefe.com\/wp-content\/uploads\/2023\/01\/image-3-18x12.png 18w, https:\/\/www.oracaoefe.com\/wp-content\/uploads\/2023\/01\/image-3.png 1280w\" sizes=\"auto, (max-width: 1024px) 100vw, 1024px\" \/><figcaption class=\"wp-element-caption\">Image : Pixabay - Reproduction<\/figcaption><\/figure>\n\n\n\n<h2 class=\"wp-block-heading\">Ora\u00e7\u00e3o para come\u00e7ar bem o dia<\/h2>\n\n\n\n<p class=\"wp-block-paragraph\">A <strong>ora\u00e7\u00e3o para come\u00e7ar bem o dia<\/strong> deve ser realizada por todas as pessoas que querem praticar o respeito e alcan\u00e7ar b\u00ean\u00e7\u00e3os atrav\u00e9s da f\u00e9 no Esp\u00edrito Santo. Assim como qualquer ora\u00e7\u00e3o, essas preces s\u00e3o essenciais para aumentar a espiritualidade e f\u00e9 divina.&nbsp;<\/p>\n\n\n\n<p class=\"wp-block-paragraph\">Atrav\u00e9s das ora\u00e7\u00f5es, os fi\u00e9is conversam com Deus, e nada melhor do que iniciar o dia atrav\u00e9s da d\u00e1diva divina. Essas preces servem para agradecer e orar por b\u00ean\u00e7\u00e3os na vida. Al\u00e9m disso, ao rezar as pessoas melhoram o humor e se livram de qualquer pensamento negativo.&nbsp;<\/p>\n\n\n\n<p class=\"wp-block-paragraph\">Existem v\u00e1rias ora\u00e7\u00f5es poderosas para quem quer come\u00e7ar bem o dia e alcan\u00e7ar um alto n\u00edvel de espiritualidade. \u00c9 importante rezar essas preces diariamente, principalmente para seguir um dia de harmonia e repleto de b\u00ean\u00e7\u00e3os.&nbsp;<\/p>\n\n\n\n<p class=\"wp-block-paragraph\">Enfim, as pessoas precisam criar o h\u00e1bito de orar quando acordam, pois isso melhora significativamente a vida espiritual e consegue curar almas. Essas ora\u00e7\u00f5es s\u00e3o o momento do autocuidado e prepara\u00e7\u00e3o para mais um dia. Confira, a seguir:<\/p>\n\n\n\n<h3 class=\"wp-block-heading\">Ora\u00e7\u00e3o das manh\u00e3s<\/h3>\n\n\n\n<p class=\"wp-block-paragraph\"><em>\u201cSenhor, pe\u00e7o no sil\u00eancio da manh\u00e3 paz, sabedoria e for\u00e7a em minha vida. Quero olhar para o mundo ao meu redor com os olhos cheios de amor. Que eu seja paciente, compreensivo, prudente e manso com os outros.&nbsp;<\/em><\/p>\n\n\n\n<p class=\"wp-block-paragraph\"><em>Por favor, Jesus Cristo, que eu consiga ver al\u00e9m da apar\u00eancia. Pe\u00e7o que cerre os meus ouvidos a todas as cal\u00fanias, guarde a minha l\u00edngua de toda a maldade e que s\u00f3 ben\u00e7\u00e3os encham o meu esp\u00edrito.&nbsp;<\/em><\/p>\n\n\n\n<p class=\"wp-block-paragraph\"><em>Me permita ser bondoso e alegre em mais um dia de vida, Senhor. Que todos que cheguem at\u00e9 mim consigam sentir a Tua presen\u00e7a. Pe\u00e7o que me revista com toda a Tua gra\u00e7a, e que durante o dia eu n\u00e3o te ofenda com minhas atitudes. Que assim seja,&nbsp;<\/em><\/p>\n\n\n\n<p class=\"wp-block-paragraph\"><em>Amen.\"&nbsp;<\/em><\/p>\n\n\n\n<h3 class=\"wp-block-heading\">Ora\u00e7\u00e3o poderosa<\/h3>\n\n\n\n<p class=\"wp-block-paragraph\"><em>\u201cPai Misericordioso, no in\u00edcio deste dia venho lhe pedir sa\u00fade, sabedoria, paz e for\u00e7a em mais um dia de vida. Por favor, Senhor, que eu seja capaz de enxergar o mundo com os Teus olhos e amor.&nbsp;<\/em><\/p>\n\n\n\n<p class=\"wp-block-paragraph\"><em>Que eu seja misericordioso, compreensivo, manso e prudente em todas as minhas a\u00e7\u00f5es. Por favor, Deus Todo Poderoso, me revista com a Tua beleza e que, durante esse dia, eu consiga relevar a todos o Teu poder. Que assim seja,&nbsp;<\/em><\/p>\n\n\n\n<p class=\"wp-block-paragraph\"><em>Amen.\"<\/em><\/p>\n\n\n\n<h3 class=\"wp-block-heading\">Ora\u00e7\u00e3o da luz do dia<\/h3>\n\n\n\n<p class=\"wp-block-paragraph\"><em>\u201cSenhor, neste dia de luz, me prepare para mais um dia de vida. Pe\u00e7o que me d\u00ea for\u00e7as no dia de hoje para que eu consiga ter a Tua for\u00e7a em um mundo repleto de tenta\u00e7\u00f5es. Pai Misericordioso, Tu sabe as batalhas que vou enfrentar hoje, ent\u00e3o rogo que esteja comigo durante elas.&nbsp;<\/em><\/p>\n\n\n\n<p class=\"wp-block-paragraph\"><em>Em momentos de fraqueza, por favor, me carregue. Se eu cair em alguma tenta\u00e7\u00e3o, me perdoe. Me afaste de todo o mal do mundo, Pai. Eu preciso da Tua for\u00e7a para enfrentar esses males.&nbsp;<\/em><\/p>\n\n\n\n<p class=\"wp-block-paragraph\"><em>Quando eu triunfar, Deus, vou te louvar com todo o meu ser. Sem ti, n\u00e3o estaria onde estou e n\u00e3o teria a for\u00e7a para enfrentar os males do mundo.&nbsp;<\/em><\/p>\n\n\n\n<p class=\"wp-block-paragraph\"><em>Senhor Todo Poderoso, Tu \u00e9s minha for\u00e7a e prote\u00e7\u00e3o. Rogo que mantenha a mim e meus entes queridos aben\u00e7oados, especialmente aqueles que enfrentam o tr\u00e2nsito todas as manh\u00e3s. Que assim seja,&nbsp;<\/em><\/p>\n\n\n\n<p class=\"wp-block-paragraph\"><em>Amen.\"&nbsp;<\/em><\/p>\n\n\n\n<h3 class=\"wp-block-heading\">Ora\u00e7\u00e3o para ir ao trabalho<\/h3>\n\n\n\n<p class=\"wp-block-paragraph\"><em>\u201cPai Misericordioso, agrade\u00e7o por mais um dia de vida. Obrigado por Tua compaix\u00e3o, que \u00e9 renovada todas as manh\u00e3s. Grandiosa \u00e9 a Tua felicidade e a Tua fidelidade. N\u00e3o sei o que vai acontecer em minha vida hoje, mas rogo para que me mostre o caminho a percorrer.&nbsp;<\/em><\/p>\n\n\n\n<p class=\"wp-block-paragraph\"><em>Pe\u00e7o que me encha com toda a Tua gl\u00f3ria, Esp\u00edrito Santo. Forne\u00e7a a energia necess\u00e1ria durante o meu trabalho, porque sabe como estou com os ossos cansados. Por favor, me desperte com a Tua maravilha e salva\u00e7\u00e3o.&nbsp;<\/em><\/p>\n\n\n\n<p class=\"wp-block-paragraph\"><em>Senhor, minha mente est\u00e1 com v\u00e1rias ideias criativas, mas elas est\u00e3o confusas. Pe\u00e7o que o Esp\u00edrito Santo paire sobre a minha vida e mente. Por favor, me ajude a parar de lutar porque sei que Tu vai me conceder o que preciso para o meu trabalho hoje.&nbsp;<\/em><\/p>\n\n\n\n<p class=\"wp-block-paragraph\"><em>Sei que o Senhor ser\u00e1 fiel para que eu consiga completar a minha jornada de trabalho hoje. Ao ingressar em mais um dia, declaro a Tua soberania em todas as \u00e1reas da minha vida. Este \u00e9 Seu dia e meu corpo \u00e9 Teu. Que assim seja,&nbsp;<\/em><\/p>\n\n\n\n<p class=\"wp-block-paragraph\"><em>Amen.\"&nbsp;<\/em><\/p>\n\n\n\n<h2 class=\"wp-block-heading\">Como orar<\/h2>\n\n\n\n<p class=\"wp-block-paragraph\">As pessoas podem rezar mais de uma ora\u00e7\u00e3o citada para come\u00e7ar o dia com harmonia e de maneira aben\u00e7oada.&nbsp;<\/p>\n\n\n\n<p class=\"wp-block-paragraph\">Mas al\u00e9m de pedir suas b\u00ean\u00e7\u00e3os, \u00e9 fundamental agradecer todas as suas gl\u00f3rias. Lembre-se de proferir a ora\u00e7\u00e3o com toda a sua for\u00e7a e f\u00e9 divina.\u00a0<\/p>\n\n\n\n<p class=\"wp-block-paragraph\"><strong>Voir aussi\u00a0: <a href=\"https:\/\/www.oracaoefe.com\/fr\/oracao-para-comecar-o-dia-mantenha-sua-mente-em-deus\/\">Pri\u00e8re pour commencer la journ\u00e9e : Gardez votre esprit sur Dieu<\/a><\/strong><\/p>","protected":false},"excerpt":{"rendered":"<p>A ora\u00e7\u00e3o para come\u00e7ar bem o dia \u00e9 realizada diariamente por diversos fi\u00e9is pelo Brasil e no mundo. Assim como qualquer prece, essas ora\u00e7\u00f5es ajudam as pessoas a conversarem com Deus e elevarem a espiritualidade. Confira, a seguir.\u00a0 Ora\u00e7\u00e3o para come\u00e7ar bem o dia A ora\u00e7\u00e3o para come\u00e7ar bem o dia deve ser realizada por&hellip;&nbsp;<\/p>","protected":false},"author":3,"featured_media":1591,"comment_status":"closed","ping_status":"closed","sticky":false,"template":"","format":"standard","meta":{"neve_meta_sidebar":"","neve_meta_container":"","neve_meta_enable_content_width":"","neve_meta_content_width":0,"neve_meta_title_alignment":"","neve_meta_author_avatar":"","neve_post_elements_order":"","neve_meta_disable_header":"","neve_meta_disable_footer":"","neve_meta_disable_title":"","footnotes":""},"categories":[2],"tags":[160,163],"class_list":["post-1590","post","type-post","status-publish","format-standard","has-post-thumbnail","hentry","category-oracao","tag-oracao-do-dia","tag-prece-do-dia"],"yoast_head":"<!-- This site is optimized with the Yoast SEO plugin v28.4 - https:\/\/yoast.com\/product\/yoast-seo-wordpress\/ -->\n<title>Ora\u00e7\u00e3o para come\u00e7ar bem o dia: Pratique o respeito - Ora\u00e7\u00e3o e F\u00e9<\/title>\n<meta name=\"description\" content=\"Deus tem pra voc\u00ea uma palavra de vida!\" \/>\n<meta name=\"robots\" content=\"index, follow, max-snippet:-1, max-image-preview:large, max-video-preview:-1\" \/>\n<link rel=\"canonical\" href=\"https:\/\/www.oracaoefe.com\/fr\/oracao-para-comecar-bem-o-dia-pratique-o-respeito\/\" \/>\n<meta property=\"og:locale\" content=\"fr_FR\" \/>\n<meta property=\"og:type\" content=\"article\" \/>\n<meta property=\"og:title\" content=\"Ora\u00e7\u00e3o para come\u00e7ar bem o dia: Pratique o respeito - Ora\u00e7\u00e3o e F\u00e9\" \/>\n<meta property=\"og:description\" content=\"Deus tem pra voc\u00ea uma palavra de vida!\" \/>\n<meta property=\"og:url\" content=\"https:\/\/www.oracaoefe.com\/fr\/oracao-para-comecar-bem-o-dia-pratique-o-respeito\/\" \/>\n<meta property=\"og:site_name\" content=\"Ora\u00e7\u00e3o e F\u00e9\" \/>\n<meta property=\"article:published_time\" content=\"2023-01-30T09:00:00+00:00\" \/>\n<meta property=\"og:image\" content=\"https:\/\/www.oracaoefe.com\/wp-content\/uploads\/2023\/01\/image-3.png\" \/>\n\t<meta property=\"og:image:width\" content=\"1280\" \/>\n\t<meta property=\"og:image:height\" content=\"857\" \/>\n\t<meta property=\"og:image:type\" content=\"image\/png\" \/>\n<meta name=\"author\" content=\"Michele Azevedo\" \/>\n<meta name=\"twitter:card\" content=\"summary_large_image\" \/>\n<meta name=\"twitter:label1\" content=\"\u00c9crit par\" \/>\n\t<meta name=\"twitter:data1\" content=\"Michele Azevedo\" \/>\n\t<meta name=\"twitter:label2\" content=\"Dur\u00e9e de lecture estim\u00e9e\" \/>\n\t<meta name=\"twitter:data2\" content=\"5 minutes\" \/>\n<script type=\"application\/ld+json\" class=\"yoast-schema-graph\">{\"@context\":\"https:\\\/\\\/schema.org\",\"@graph\":[{\"@type\":\"Article\",\"@id\":\"https:\\\/\\\/www.oracaoefe.com\\\/oracao-para-comecar-bem-o-dia-pratique-o-respeito\\\/#article\",\"isPartOf\":{\"@id\":\"https:\\\/\\\/www.oracaoefe.com\\\/oracao-para-comecar-bem-o-dia-pratique-o-respeito\\\/\"},\"author\":{\"name\":\"Michele Azevedo\",\"@id\":\"https:\\\/\\\/www.oracaoefe.com\\\/#\\\/schema\\\/person\\\/17283c669442cf005c4d5bb58adfb7f5\"},\"headline\":\"Ora\u00e7\u00e3o para come\u00e7ar bem o dia: Pratique o respeito\",\"datePublished\":\"2023-01-30T09:00:00+00:00\",\"mainEntityOfPage\":{\"@id\":\"https:\\\/\\\/www.oracaoefe.com\\\/oracao-para-comecar-bem-o-dia-pratique-o-respeito\\\/\"},\"wordCount\":941,\"image\":{\"@id\":\"https:\\\/\\\/www.oracaoefe.com\\\/oracao-para-comecar-bem-o-dia-pratique-o-respeito\\\/#primaryimage\"},\"thumbnailUrl\":\"https:\\\/\\\/www.oracaoefe.com\\\/wp-content\\\/uploads\\\/2023\\\/01\\\/image-3.png\",\"keywords\":[\"ora\u00e7\u00e3o do dia\",\"prece do dia\"],\"articleSection\":[\"Ora\u00e7\u00e3o\"],\"inLanguage\":\"fr-FR\"},{\"@type\":\"WebPage\",\"@id\":\"https:\\\/\\\/www.oracaoefe.com\\\/oracao-para-comecar-bem-o-dia-pratique-o-respeito\\\/\",\"url\":\"https:\\\/\\\/www.oracaoefe.com\\\/oracao-para-comecar-bem-o-dia-pratique-o-respeito\\\/\",\"name\":\"Ora\u00e7\u00e3o para come\u00e7ar bem o dia: Pratique o respeito - Ora\u00e7\u00e3o e F\u00e9\",\"isPartOf\":{\"@id\":\"https:\\\/\\\/www.oracaoefe.com\\\/#website\"},\"primaryImageOfPage\":{\"@id\":\"https:\\\/\\\/www.oracaoefe.com\\\/oracao-para-comecar-bem-o-dia-pratique-o-respeito\\\/#primaryimage\"},\"image\":{\"@id\":\"https:\\\/\\\/www.oracaoefe.com\\\/oracao-para-comecar-bem-o-dia-pratique-o-respeito\\\/#primaryimage\"},\"thumbnailUrl\":\"https:\\\/\\\/www.oracaoefe.com\\\/wp-content\\\/uploads\\\/2023\\\/01\\\/image-3.png\",\"datePublished\":\"2023-01-30T09:00:00+00:00\",\"author\":{\"@id\":\"https:\\\/\\\/www.oracaoefe.com\\\/#\\\/schema\\\/person\\\/17283c669442cf005c4d5bb58adfb7f5\"},\"description\":\"Deus tem pra voc\u00ea uma palavra de vida!\",\"breadcrumb\":{\"@id\":\"https:\\\/\\\/www.oracaoefe.com\\\/oracao-para-comecar-bem-o-dia-pratique-o-respeito\\\/#breadcrumb\"},\"inLanguage\":\"fr-FR\",\"potentialAction\":[{\"@type\":\"ReadAction\",\"target\":[\"https:\\\/\\\/www.oracaoefe.com\\\/oracao-para-comecar-bem-o-dia-pratique-o-respeito\\\/\"]}]},{\"@type\":\"ImageObject\",\"inLanguage\":\"fr-FR\",\"@id\":\"https:\\\/\\\/www.oracaoefe.com\\\/oracao-para-comecar-bem-o-dia-pratique-o-respeito\\\/#primaryimage\",\"url\":\"https:\\\/\\\/www.oracaoefe.com\\\/wp-content\\\/uploads\\\/2023\\\/01\\\/image-3.png\",\"contentUrl\":\"https:\\\/\\\/www.oracaoefe.com\\\/wp-content\\\/uploads\\\/2023\\\/01\\\/image-3.png\",\"width\":1280,\"height\":857},{\"@type\":\"BreadcrumbList\",\"@id\":\"https:\\\/\\\/www.oracaoefe.com\\\/oracao-para-comecar-bem-o-dia-pratique-o-respeito\\\/#breadcrumb\",\"itemListElement\":[{\"@type\":\"ListItem\",\"position\":1,\"name\":\"Home\",\"item\":\"https:\\\/\\\/www.oracaoefe.com\\\/\"},{\"@type\":\"ListItem\",\"position\":2,\"name\":\"Ora\u00e7\u00e3o\",\"item\":\"https:\\\/\\\/www.oracaoefe.com\\\/category\\\/oracao\\\/\"},{\"@type\":\"ListItem\",\"position\":3,\"name\":\"Ora\u00e7\u00e3o para come\u00e7ar bem o dia: Pratique o respeito\"}]},{\"@type\":\"WebSite\",\"@id\":\"https:\\\/\\\/www.oracaoefe.com\\\/#website\",\"url\":\"https:\\\/\\\/www.oracaoefe.com\\\/\",\"name\":\"Ora\u00e7\u00e3o e F\u00e9\",\"description\":\"\",\"potentialAction\":[{\"@type\":\"SearchAction\",\"target\":{\"@type\":\"EntryPoint\",\"urlTemplate\":\"https:\\\/\\\/www.oracaoefe.com\\\/?s={search_term_string}\"},\"query-input\":{\"@type\":\"PropertyValueSpecification\",\"valueRequired\":true,\"valueName\":\"search_term_string\"}}],\"inLanguage\":\"fr-FR\"},{\"@type\":\"Person\",\"@id\":\"https:\\\/\\\/www.oracaoefe.com\\\/#\\\/schema\\\/person\\\/17283c669442cf005c4d5bb58adfb7f5\",\"name\":\"Michele Azevedo\",\"image\":{\"@type\":\"ImageObject\",\"inLanguage\":\"fr-FR\",\"@id\":\"https:\\\/\\\/secure.gravatar.com\\\/avatar\\\/6b0eb9d22841282815e2cd856a0061c45e1761cd54b22e952d98c4746939aa85?s=96&d=mm&r=g\",\"url\":\"https:\\\/\\\/secure.gravatar.com\\\/avatar\\\/6b0eb9d22841282815e2cd856a0061c45e1761cd54b22e952d98c4746939aa85?s=96&d=mm&r=g\",\"contentUrl\":\"https:\\\/\\\/secure.gravatar.com\\\/avatar\\\/6b0eb9d22841282815e2cd856a0061c45e1761cd54b22e952d98c4746939aa85?s=96&d=mm&r=g\",\"caption\":\"Michele Azevedo\"},\"description\":\"Formada em Letras - Portugu\u00eas\\\/ Ingl\u00eas pela Universidade Estadual de Ponta Grossa (UEPG), p\u00f3s-graduada em Arte na Educa\u00e7\u00e3o (FAPI) e Psicopedagogia Escolar (FAPI), idealizadora e propriet\u00e1ria do site Escritora de Sucesso, possui experi\u00eancia em escrita para blogs em geral e atua como redatora e revisora dos conte\u00fados do Ora\u00e7\u00e3o e F\u00e9.\",\"url\":\"https:\\\/\\\/www.oracaoefe.com\\\/fr\\\/author\\\/michele-azevedo\\\/\"}]}<\/script>\n<!-- \/ Yoast SEO plugin. -->","yoast_head_json":{"title":"Ora\u00e7\u00e3o para come\u00e7ar bem o dia: Pratique o respeito - Ora\u00e7\u00e3o e F\u00e9","description":"Dieu a une parole de vie pour vous !","robots":{"index":"index","follow":"follow","max-snippet":"max-snippet:-1","max-image-preview":"max-image-preview:large","max-video-preview":"max-video-preview:-1"},"canonical":"https:\/\/www.oracaoefe.com\/fr\/oracao-para-comecar-bem-o-dia-pratique-o-respeito\/","og_locale":"fr_FR","og_type":"article","og_title":"Ora\u00e7\u00e3o para come\u00e7ar bem o dia: Pratique o respeito - Ora\u00e7\u00e3o e F\u00e9","og_description":"Deus tem pra voc\u00ea uma palavra de vida!","og_url":"https:\/\/www.oracaoefe.com\/fr\/oracao-para-comecar-bem-o-dia-pratique-o-respeito\/","og_site_name":"Ora\u00e7\u00e3o e F\u00e9","article_published_time":"2023-01-30T09:00:00+00:00","og_image":[{"width":1280,"height":857,"url":"https:\/\/www.oracaoefe.com\/wp-content\/uploads\/2023\/01\/image-3.png","type":"image\/png"}],"author":"Michele Azevedo","twitter_card":"summary_large_image","twitter_misc":{"\u00c9crit par":"Michele Azevedo","Dur\u00e9e de lecture estim\u00e9e":"5 minutes"},"schema":{"@context":"https:\/\/schema.org","@graph":[{"@type":"Article","@id":"https:\/\/www.oracaoefe.com\/oracao-para-comecar-bem-o-dia-pratique-o-respeito\/#article","isPartOf":{"@id":"https:\/\/www.oracaoefe.com\/oracao-para-comecar-bem-o-dia-pratique-o-respeito\/"},"author":{"name":"Michele Azevedo","@id":"https:\/\/www.oracaoefe.com\/#\/schema\/person\/17283c669442cf005c4d5bb58adfb7f5"},"headline":"Ora\u00e7\u00e3o para come\u00e7ar bem o dia: Pratique o respeito","datePublished":"2023-01-30T09:00:00+00:00","mainEntityOfPage":{"@id":"https:\/\/www.oracaoefe.com\/oracao-para-comecar-bem-o-dia-pratique-o-respeito\/"},"wordCount":941,"image":{"@id":"https:\/\/www.oracaoefe.com\/oracao-para-comecar-bem-o-dia-pratique-o-respeito\/#primaryimage"},"thumbnailUrl":"https:\/\/www.oracaoefe.com\/wp-content\/uploads\/2023\/01\/image-3.png","keywords":["ora\u00e7\u00e3o do dia","prece do dia"],"articleSection":["Ora\u00e7\u00e3o"],"inLanguage":"fr-FR"},{"@type":"WebPage","@id":"https:\/\/www.oracaoefe.com\/oracao-para-comecar-bem-o-dia-pratique-o-respeito\/","url":"https:\/\/www.oracaoefe.com\/oracao-para-comecar-bem-o-dia-pratique-o-respeito\/","name":"Ora\u00e7\u00e3o para come\u00e7ar bem o dia: Pratique o respeito - Ora\u00e7\u00e3o e F\u00e9","isPartOf":{"@id":"https:\/\/www.oracaoefe.com\/#website"},"primaryImageOfPage":{"@id":"https:\/\/www.oracaoefe.com\/oracao-para-comecar-bem-o-dia-pratique-o-respeito\/#primaryimage"},"image":{"@id":"https:\/\/www.oracaoefe.com\/oracao-para-comecar-bem-o-dia-pratique-o-respeito\/#primaryimage"},"thumbnailUrl":"https:\/\/www.oracaoefe.com\/wp-content\/uploads\/2023\/01\/image-3.png","datePublished":"2023-01-30T09:00:00+00:00","author":{"@id":"https:\/\/www.oracaoefe.com\/#\/schema\/person\/17283c669442cf005c4d5bb58adfb7f5"},"description":"Dieu a une parole de vie pour vous !","breadcrumb":{"@id":"https:\/\/www.oracaoefe.com\/oracao-para-comecar-bem-o-dia-pratique-o-respeito\/#breadcrumb"},"inLanguage":"fr-FR","potentialAction":[{"@type":"ReadAction","target":["https:\/\/www.oracaoefe.com\/oracao-para-comecar-bem-o-dia-pratique-o-respeito\/"]}]},{"@type":"ImageObject","inLanguage":"fr-FR","@id":"https:\/\/www.oracaoefe.com\/oracao-para-comecar-bem-o-dia-pratique-o-respeito\/#primaryimage","url":"https:\/\/www.oracaoefe.com\/wp-content\/uploads\/2023\/01\/image-3.png","contentUrl":"https:\/\/www.oracaoefe.com\/wp-content\/uploads\/2023\/01\/image-3.png","width":1280,"height":857},{"@type":"BreadcrumbList","@id":"https:\/\/www.oracaoefe.com\/oracao-para-comecar-bem-o-dia-pratique-o-respeito\/#breadcrumb","itemListElement":[{"@type":"ListItem","position":1,"name":"Home","item":"https:\/\/www.oracaoefe.com\/"},{"@type":"ListItem","position":2,"name":"Ora\u00e7\u00e3o","item":"https:\/\/www.oracaoefe.com\/category\/oracao\/"},{"@type":"ListItem","position":3,"name":"Ora\u00e7\u00e3o para come\u00e7ar bem o dia: Pratique o respeito"}]},{"@type":"WebSite","@id":"https:\/\/www.oracaoefe.com\/#website","url":"https:\/\/www.oracaoefe.com\/","name":"Pri\u00e8re et foi","description":"","potentialAction":[{"@type":"SearchAction","target":{"@type":"EntryPoint","urlTemplate":"https:\/\/www.oracaoefe.com\/?s={search_term_string}"},"query-input":{"@type":"PropertyValueSpecification","valueRequired":true,"valueName":"search_term_string"}}],"inLanguage":"fr-FR"},{"@type":"Person","@id":"https:\/\/www.oracaoefe.com\/#\/schema\/person\/17283c669442cf005c4d5bb58adfb7f5","name":"Michele Azevedo","image":{"@type":"ImageObject","inLanguage":"fr-FR","@id":"https:\/\/secure.gravatar.com\/avatar\/6b0eb9d22841282815e2cd856a0061c45e1761cd54b22e952d98c4746939aa85?s=96&d=mm&r=g","url":"https:\/\/secure.gravatar.com\/avatar\/6b0eb9d22841282815e2cd856a0061c45e1761cd54b22e952d98c4746939aa85?s=96&d=mm&r=g","contentUrl":"https:\/\/secure.gravatar.com\/avatar\/6b0eb9d22841282815e2cd856a0061c45e1761cd54b22e952d98c4746939aa85?s=96&d=mm&r=g","caption":"Michele Azevedo"},"description":"Dipl\u00f4m\u00e9e en litt\u00e9rature portugaise\/anglaise de l&#039;Universit\u00e9 d&#039;\u00c9tat de Ponta Grossa (UEPG), avec des dipl\u00f4mes de troisi\u00e8me cycle en art dans l&#039;\u00e9ducation (FAPI) et en psychop\u00e9dagogie scolaire (FAPI), elle est la cr\u00e9atrice et propri\u00e9taire du site web Escritora de Sucesso, a de l&#039;exp\u00e9rience dans l&#039;\u00e9criture pour les blogs en g\u00e9n\u00e9ral et travaille comme r\u00e9dactrice et \u00e9ditrice du contenu pour Ora\u00e7\u00e3o e F\u00e9.","url":"https:\/\/www.oracaoefe.com\/fr\/author\/michele-azevedo\/"}]}},"_links":{"self":[{"href":"https:\/\/www.oracaoefe.com\/fr\/wp-json\/wp\/v2\/posts\/1590","targetHints":{"allow":["GET"]}}],"collection":[{"href":"https:\/\/www.oracaoefe.com\/fr\/wp-json\/wp\/v2\/posts"}],"about":[{"href":"https:\/\/www.oracaoefe.com\/fr\/wp-json\/wp\/v2\/types\/post"}],"author":[{"embeddable":true,"href":"https:\/\/www.oracaoefe.com\/fr\/wp-json\/wp\/v2\/users\/3"}],"replies":[{"embeddable":true,"href":"https:\/\/www.oracaoefe.com\/fr\/wp-json\/wp\/v2\/comments?post=1590"}],"version-history":[{"count":1,"href":"https:\/\/www.oracaoefe.com\/fr\/wp-json\/wp\/v2\/posts\/1590\/revisions"}],"predecessor-version":[{"id":1592,"href":"https:\/\/www.oracaoefe.com\/fr\/wp-json\/wp\/v2\/posts\/1590\/revisions\/1592"}],"wp:featuredmedia":[{"embeddable":true,"href":"https:\/\/www.oracaoefe.com\/fr\/wp-json\/wp\/v2\/media\/1591"}],"wp:attachment":[{"href":"https:\/\/www.oracaoefe.com\/fr\/wp-json\/wp\/v2\/media?parent=1590"}],"wp:term":[{"taxonomy":"category","embeddable":true,"href":"https:\/\/www.oracaoefe.com\/fr\/wp-json\/wp\/v2\/categories?post=1590"},{"taxonomy":"post_tag","embeddable":true,"href":"https:\/\/www.oracaoefe.com\/fr\/wp-json\/wp\/v2\/tags?post=1590"}],"curies":[{"name":"wp","href":"https:\/\/api.w.org\/{rel}","templated":true}]}}