{"id":1586,"date":"2023-01-25T06:00:00","date_gmt":"2023-01-25T09:00:00","guid":{"rendered":"https:\/\/www.oracaoefe.com\/?p=1586"},"modified":"2023-01-10T13:07:51","modified_gmt":"2023-01-10T16:07:51","slug":"oracao-para-comecar-bem-o-dia-conecte-se-com-sua-fe","status":"publish","type":"post","link":"https:\/\/www.oracaoefe.com\/fr\/oracao-para-comecar-bem-o-dia-conecte-se-com-sua-fe\/","title":{"rendered":"Ora\u00e7\u00e3o para come\u00e7ar bem o dia: Conecte-se com sua f\u00e9"},"content":{"rendered":"<p class=\"wp-block-paragraph\">A <strong>ora\u00e7\u00e3o para come\u00e7ar bem o dia<\/strong> \u00e9 essencial para quem quer conectar-se com a f\u00e9 e elevar a espiritualidade. Existem v\u00e1rias ora\u00e7\u00f5es que melhoram a mente das pessoas e ajudam a enfrentar os problemas e caos di\u00e1rios. Confira, a seguir.\u00a0<\/p>\n\n\n\n<figure class=\"wp-block-image size-large\"><img loading=\"lazy\" decoding=\"async\" width=\"1024\" height=\"768\" src=\"https:\/\/www.oracaoefe.com\/wp-content\/uploads\/2023\/01\/image-2-1024x768.png\" alt=\"\" class=\"wp-image-1588\" srcset=\"https:\/\/www.oracaoefe.com\/wp-content\/uploads\/2023\/01\/image-2-1024x768.png 1024w, https:\/\/www.oracaoefe.com\/wp-content\/uploads\/2023\/01\/image-2-300x225.png 300w, https:\/\/www.oracaoefe.com\/wp-content\/uploads\/2023\/01\/image-2-768x576.png 768w, https:\/\/www.oracaoefe.com\/wp-content\/uploads\/2023\/01\/image-2-16x12.png 16w, https:\/\/www.oracaoefe.com\/wp-content\/uploads\/2023\/01\/image-2.png 1280w\" sizes=\"auto, (max-width: 1024px) 100vw, 1024px\" \/><figcaption class=\"wp-element-caption\">Image : Pixabay - Reproduction<\/figcaption><\/figure>\n\n\n\n<h2 class=\"wp-block-heading\">Ora\u00e7\u00e3o para come\u00e7ar bem o dia<\/h2>\n\n\n\n<p class=\"wp-block-paragraph\">Em alguns dias, \u00e9 comum acordarmos com a mente acelerada sem ao menos sair da cama. Isso acontece devido \u00e0s escolhas que fazemos diariamente, as quais podem atrair pensamentos negativos.<\/p>\n\n\n\n<p class=\"wp-block-paragraph\">Felizmente, com Deus nada \u00e9 imposs\u00edvel, e nada melhor do que conversar com Ele atrav\u00e9s das ora\u00e7\u00f5es. Para se livrar desses pensamentos, a <strong>ora\u00e7\u00e3o para come\u00e7ar bem o dia<\/strong> \u00e9 a indica\u00e7\u00e3o.&nbsp;<\/p>\n\n\n\n<p class=\"wp-block-paragraph\">Quando as pessoas come\u00e7am o dia com uma ora\u00e7\u00e3o, \u00e9 poss\u00edvel se livrar dos pensamentos negativos e manter o cora\u00e7\u00e3o leve. Al\u00e9m disso, atrav\u00e9s da reza, \u00e9 poss\u00edvel elevar a f\u00e9 e a espiritualidade.&nbsp;<\/p>\n\n\n\n<p class=\"wp-block-paragraph\">Enfim, para melhorar o seu dia com harmonia e espiritualidade elevada, rezar uma ora\u00e7\u00e3o \u00e9 o melhor caminho. Existem v\u00e1rias preces para alcan\u00e7ar os seus objetivos e abrir caminhos. Confira, a seguir:<\/p>\n\n\n\n<h3 class=\"wp-block-heading\">Salmo 46<\/h3>\n\n\n\n<p class=\"wp-block-paragraph\"><em>\u201cDeus \u00e9 o meu ref\u00fagio e a minha fortaleza, Ele \u00e9 meu socorro em momentos angustiantes. Portanto, com o Teu aux\u00edlio, n\u00e3o temerei nenhum mal. Mesmo que a Terra mude e os montes se transformem no meio dos mares, com a Tua gl\u00f3ria vou conseguir o aux\u00edlio necess\u00e1rio.&nbsp;<\/em><\/p>\n\n\n\n<p class=\"wp-block-paragraph\"><em>Embora as \u00e1guas rujam e perturbem, e mesmo que os montes abalem a braveza, existe um rio que alegra a cidade do Senhor. Deus Todo Poderoso, que est\u00e1 no meio dela, eu acredito que Tu me ajudar\u00e1 a romper essas barreiras.&nbsp;<\/em><\/p>\n\n\n\n<p class=\"wp-block-paragraph\"><em>O Senhor, Rei de todos os reinos, est\u00e1 conosco. O Deus de Jac\u00f3 \u00e9 o meu ref\u00fagio. Contemplei todas as obras divinas. Deus Todo Poderoso, que tem o poder de cessar as guerras, quebre o arco e corte a lan\u00e7a\u201d.&nbsp;<\/em><\/p>\n\n\n\n<h3 class=\"wp-block-heading\">Pri\u00e8re du jour<\/h3>\n\n\n\n<p class=\"wp-block-paragraph\"><em>\u201cSenhor, eu agrade\u00e7o pelo ar que respiro e por me permitir acordar todos os dias. Agrade\u00e7o pelo sol, pelas flores, pelos p\u00e1ssaros, por minha fam\u00edlia e por todas as b\u00ean\u00e7\u00e3os que forneceu em minha vida.&nbsp;<\/em><\/p>\n\n\n\n<p class=\"wp-block-paragraph\"><em>Deus Todo Poderoso, pe\u00e7o que meu dia seja produtivo e aben\u00e7oado. Que nenhum mal seja capaz de chegar em minha vida, guarda-me Senhor e me livre de todas as armadilhas em minha jornada.&nbsp;<\/em><\/p>\n\n\n\n<p class=\"wp-block-paragraph\"><em>Por favor, esteja comigo Senhor, em todas as horas e minutos de minha vida. Me forne\u00e7a toda a for\u00e7a para suportar as dificuldades. Que meu dia seja pr\u00f3spero e que eu saia e volte para casa em seguran\u00e7a. Que assim seja,&nbsp;<\/em><\/p>\n\n\n\n<p class=\"wp-block-paragraph\"><em>Amen.\"&nbsp;<\/em><\/p>\n\n\n\n<h3 class=\"wp-block-heading\">Salmo 30<\/h3>\n\n\n\n<p class=\"wp-block-paragraph\"><em>\u201cSenhor, hoje eu te exalto porque Tu me exaltou, e n\u00e3o permitiu que meus inimigos se alegrarem sobre minha vida. Senhor Todo Poderoso, clamo por Ti, para que me forne\u00e7a a cura necess\u00e1ria sob meus dias.&nbsp;<\/em><\/p>\n\n\n\n<p class=\"wp-block-paragraph\"><em>Senhor, que a minha alma consiga subir em Tua sepultura. Pe\u00e7o que conserve a minha vida e que n\u00e3o me deixe cair no abismo. V\u00f3s que sois santo, fa\u00e7a-me celebrar toda a Tua santidade. Embora a Tua ira dure alguns momentos, em Teu favor est\u00e1 a vida.&nbsp;<\/em><\/p>\n\n\n\n<p class=\"wp-block-paragraph\"><em>Amen.\"&nbsp;<\/em><\/p>\n\n\n\n<h3 class=\"wp-block-heading\">Ora\u00e7\u00e3o para o dia<\/h3>\n\n\n\n<p class=\"wp-block-paragraph\"><em>\u201cSenhor, diante de Ti esvazio o meu ser para que fa\u00e7a moradia. O meu corpo \u00e9 um templo para o Teu esp\u00edrito. Eu clamo para que o Senhor derrame toda a Tua gra\u00e7a sobre o meu ser.&nbsp;<\/em><\/p>\n\n\n\n<p class=\"wp-block-paragraph\"><em>Entrego em Tuas m\u00e3os toda a ansiedade e medo. Tudo que o Senhor faz \u00e9 perfeito, e sou eternamente grato por tudo que forneceu em minha vida. Senhor Jesus Cristo, tome conta de meu ser neste dia.&nbsp;<\/em><\/p>\n\n\n\n<p class=\"wp-block-paragraph\"><em>Embora o choro dure por uma noite, sei que a alegria vir\u00e1 pela manh\u00e3. Por favor, fa\u00e7a com que o meu momento de sorrir chegue em breve. Aben\u00e7oe meu caminhar, a minha fala e derrame sobre o meu ser toda a Tua sabedoria.&nbsp;<\/em><\/p>\n\n\n\n<p class=\"wp-block-paragraph\"><em>O Senhor que diz \u2018Tudo que pede, recebe; e tudo que est\u00e1 buscando, acha\u2019. Pe\u00e7o que fa\u00e7a com que essa ben\u00e7\u00e3o caia sobre minha vida. Busco em Ti toda a minha for\u00e7a e pe\u00e7o que incline Teus ouvidos sob a minha prece.&nbsp;<\/em><\/p>\n\n\n\n<p class=\"wp-block-paragraph\"><em>Suplico a Ti, Senhor, que derrame a Sua gra\u00e7a e abund\u00e2ncia em minha vida. Que eu consiga beber a \u00e1gua da vida. Com o Teu aux\u00edlio, tudo posso, porque o Senhor \u00e9 o criador de todo o universo.&nbsp;<\/em><\/p>\n\n\n\n<p class=\"wp-block-paragraph\"><em>Com toda a f\u00e9 que tenho em Ti, Pai, sei que conseguirei mover montanhas e enfrentar o imposs\u00edvel. Voc\u00ea \u00e9 o meu Salvador, Senhor. Que assim seja,&nbsp;<\/em><\/p>\n\n\n\n<p class=\"wp-block-paragraph\"><em>Amen.\"&nbsp;<\/em><\/p>\n\n\n\n<h2 class=\"wp-block-heading\">Import\u00e2ncia da ora\u00e7\u00e3o<\/h2>\n\n\n\n<p class=\"wp-block-paragraph\">Quando as pessoas iniciam o dia com uma ora\u00e7\u00e3o, est\u00e3o come\u00e7ando um novo ciclo em sua vida. Atrav\u00e9s da prote\u00e7\u00e3o divina, todas as horas e minutos do dia ser\u00e3o aben\u00e7oados pela gra\u00e7a de Deus.&nbsp;<\/p>\n\n\n\n<p class=\"wp-block-paragraph\">Todos aqueles que criam o h\u00e1bito de rezar diariamente, aumentam a intimidade com o Criador, mantendo-se sob a sua prote\u00e7\u00e3o. As ora\u00e7\u00f5es n\u00e3o precisam ser para pedir uma ben\u00e7\u00e3o na vida, mas tamb\u00e9m para agradec\u00ea-las.\u00a0<\/p>\n\n\n\n<p class=\"wp-block-paragraph\"><strong>Voir aussi\u00a0: <a href=\"https:\/\/www.oracaoefe.com\/fr\/oracao-para-comecar-o-dia-dedique-se-todos-os-dias-a-palavra-de-deus\/\">Pri\u00e8re pour commencer la journ\u00e9e : Consacrez-vous chaque jour \u00e0 la Parole de Dieu<\/a><\/strong><\/p>","protected":false},"excerpt":{"rendered":"<p>A ora\u00e7\u00e3o para come\u00e7ar bem o dia \u00e9 essencial para quem quer conectar-se com a f\u00e9 e elevar a espiritualidade. Existem v\u00e1rias ora\u00e7\u00f5es que melhoram a mente das pessoas e ajudam a enfrentar os problemas e caos di\u00e1rios. Confira, a seguir.\u00a0 Ora\u00e7\u00e3o para come\u00e7ar bem o dia Em alguns dias, \u00e9 comum acordarmos com a&hellip;&nbsp;<\/p>","protected":false},"author":3,"featured_media":1588,"comment_status":"closed","ping_status":"closed","sticky":false,"template":"","format":"standard","meta":{"neve_meta_sidebar":"","neve_meta_container":"","neve_meta_enable_content_width":"","neve_meta_content_width":0,"neve_meta_title_alignment":"","neve_meta_author_avatar":"","neve_post_elements_order":"","neve_meta_disable_header":"","neve_meta_disable_footer":"","neve_meta_disable_title":"","footnotes":""},"categories":[2],"tags":[160,163],"class_list":["post-1586","post","type-post","status-publish","format-standard","has-post-thumbnail","hentry","category-oracao","tag-oracao-do-dia","tag-prece-do-dia"],"yoast_head":"<!-- This site is optimized with the Yoast SEO plugin v28.4 - https:\/\/yoast.com\/product\/yoast-seo-wordpress\/ -->\n<title>Ora\u00e7\u00e3o para come\u00e7ar bem o dia: Conecte-se com sua f\u00e9 - Ora\u00e7\u00e3o e F\u00e9<\/title>\n<meta name=\"description\" content=\"Deus tem pra voc\u00ea uma palavra de vida!\" \/>\n<meta name=\"robots\" content=\"index, follow, max-snippet:-1, max-image-preview:large, max-video-preview:-1\" \/>\n<link rel=\"canonical\" href=\"https:\/\/www.oracaoefe.com\/fr\/oracao-para-comecar-bem-o-dia-conecte-se-com-sua-fe\/\" \/>\n<meta property=\"og:locale\" content=\"fr_FR\" \/>\n<meta property=\"og:type\" content=\"article\" \/>\n<meta property=\"og:title\" content=\"Ora\u00e7\u00e3o para come\u00e7ar bem o dia: Conecte-se com sua f\u00e9 - Ora\u00e7\u00e3o e F\u00e9\" \/>\n<meta property=\"og:description\" content=\"Deus tem pra voc\u00ea uma palavra de vida!\" \/>\n<meta property=\"og:url\" content=\"https:\/\/www.oracaoefe.com\/fr\/oracao-para-comecar-bem-o-dia-conecte-se-com-sua-fe\/\" \/>\n<meta property=\"og:site_name\" content=\"Ora\u00e7\u00e3o e F\u00e9\" \/>\n<meta property=\"article:published_time\" content=\"2023-01-25T09:00:00+00:00\" \/>\n<meta property=\"og:image\" content=\"https:\/\/www.oracaoefe.com\/wp-content\/uploads\/2023\/01\/image-2.png\" \/>\n\t<meta property=\"og:image:width\" content=\"1280\" \/>\n\t<meta property=\"og:image:height\" content=\"960\" \/>\n\t<meta property=\"og:image:type\" content=\"image\/png\" \/>\n<meta name=\"author\" content=\"Michele Azevedo\" \/>\n<meta name=\"twitter:card\" content=\"summary_large_image\" \/>\n<meta name=\"twitter:label1\" content=\"\u00c9crit par\" \/>\n\t<meta name=\"twitter:data1\" content=\"Michele Azevedo\" \/>\n\t<meta name=\"twitter:label2\" content=\"Dur\u00e9e de lecture estim\u00e9e\" \/>\n\t<meta name=\"twitter:data2\" content=\"5 minutes\" \/>\n<script type=\"application\/ld+json\" class=\"yoast-schema-graph\">{\"@context\":\"https:\\\/\\\/schema.org\",\"@graph\":[{\"@type\":\"Article\",\"@id\":\"https:\\\/\\\/www.oracaoefe.com\\\/oracao-para-comecar-bem-o-dia-conecte-se-com-sua-fe\\\/#article\",\"isPartOf\":{\"@id\":\"https:\\\/\\\/www.oracaoefe.com\\\/oracao-para-comecar-bem-o-dia-conecte-se-com-sua-fe\\\/\"},\"author\":{\"name\":\"Michele Azevedo\",\"@id\":\"https:\\\/\\\/www.oracaoefe.com\\\/#\\\/schema\\\/person\\\/17283c669442cf005c4d5bb58adfb7f5\"},\"headline\":\"Ora\u00e7\u00e3o para come\u00e7ar bem o dia: Conecte-se com sua f\u00e9\",\"datePublished\":\"2023-01-25T09:00:00+00:00\",\"mainEntityOfPage\":{\"@id\":\"https:\\\/\\\/www.oracaoefe.com\\\/oracao-para-comecar-bem-o-dia-conecte-se-com-sua-fe\\\/\"},\"wordCount\":931,\"image\":{\"@id\":\"https:\\\/\\\/www.oracaoefe.com\\\/oracao-para-comecar-bem-o-dia-conecte-se-com-sua-fe\\\/#primaryimage\"},\"thumbnailUrl\":\"https:\\\/\\\/www.oracaoefe.com\\\/wp-content\\\/uploads\\\/2023\\\/01\\\/image-2.png\",\"keywords\":[\"ora\u00e7\u00e3o do dia\",\"prece do dia\"],\"articleSection\":[\"Ora\u00e7\u00e3o\"],\"inLanguage\":\"fr-FR\"},{\"@type\":\"WebPage\",\"@id\":\"https:\\\/\\\/www.oracaoefe.com\\\/oracao-para-comecar-bem-o-dia-conecte-se-com-sua-fe\\\/\",\"url\":\"https:\\\/\\\/www.oracaoefe.com\\\/oracao-para-comecar-bem-o-dia-conecte-se-com-sua-fe\\\/\",\"name\":\"Ora\u00e7\u00e3o para come\u00e7ar bem o dia: Conecte-se com sua f\u00e9 - Ora\u00e7\u00e3o e F\u00e9\",\"isPartOf\":{\"@id\":\"https:\\\/\\\/www.oracaoefe.com\\\/#website\"},\"primaryImageOfPage\":{\"@id\":\"https:\\\/\\\/www.oracaoefe.com\\\/oracao-para-comecar-bem-o-dia-conecte-se-com-sua-fe\\\/#primaryimage\"},\"image\":{\"@id\":\"https:\\\/\\\/www.oracaoefe.com\\\/oracao-para-comecar-bem-o-dia-conecte-se-com-sua-fe\\\/#primaryimage\"},\"thumbnailUrl\":\"https:\\\/\\\/www.oracaoefe.com\\\/wp-content\\\/uploads\\\/2023\\\/01\\\/image-2.png\",\"datePublished\":\"2023-01-25T09:00:00+00:00\",\"author\":{\"@id\":\"https:\\\/\\\/www.oracaoefe.com\\\/#\\\/schema\\\/person\\\/17283c669442cf005c4d5bb58adfb7f5\"},\"description\":\"Deus tem pra voc\u00ea uma palavra de vida!\",\"breadcrumb\":{\"@id\":\"https:\\\/\\\/www.oracaoefe.com\\\/oracao-para-comecar-bem-o-dia-conecte-se-com-sua-fe\\\/#breadcrumb\"},\"inLanguage\":\"fr-FR\",\"potentialAction\":[{\"@type\":\"ReadAction\",\"target\":[\"https:\\\/\\\/www.oracaoefe.com\\\/oracao-para-comecar-bem-o-dia-conecte-se-com-sua-fe\\\/\"]}]},{\"@type\":\"ImageObject\",\"inLanguage\":\"fr-FR\",\"@id\":\"https:\\\/\\\/www.oracaoefe.com\\\/oracao-para-comecar-bem-o-dia-conecte-se-com-sua-fe\\\/#primaryimage\",\"url\":\"https:\\\/\\\/www.oracaoefe.com\\\/wp-content\\\/uploads\\\/2023\\\/01\\\/image-2.png\",\"contentUrl\":\"https:\\\/\\\/www.oracaoefe.com\\\/wp-content\\\/uploads\\\/2023\\\/01\\\/image-2.png\",\"width\":1280,\"height\":960},{\"@type\":\"BreadcrumbList\",\"@id\":\"https:\\\/\\\/www.oracaoefe.com\\\/oracao-para-comecar-bem-o-dia-conecte-se-com-sua-fe\\\/#breadcrumb\",\"itemListElement\":[{\"@type\":\"ListItem\",\"position\":1,\"name\":\"Home\",\"item\":\"https:\\\/\\\/www.oracaoefe.com\\\/\"},{\"@type\":\"ListItem\",\"position\":2,\"name\":\"Ora\u00e7\u00e3o\",\"item\":\"https:\\\/\\\/www.oracaoefe.com\\\/category\\\/oracao\\\/\"},{\"@type\":\"ListItem\",\"position\":3,\"name\":\"Ora\u00e7\u00e3o para come\u00e7ar bem o dia: Conecte-se com sua f\u00e9\"}]},{\"@type\":\"WebSite\",\"@id\":\"https:\\\/\\\/www.oracaoefe.com\\\/#website\",\"url\":\"https:\\\/\\\/www.oracaoefe.com\\\/\",\"name\":\"Ora\u00e7\u00e3o e F\u00e9\",\"description\":\"\",\"potentialAction\":[{\"@type\":\"SearchAction\",\"target\":{\"@type\":\"EntryPoint\",\"urlTemplate\":\"https:\\\/\\\/www.oracaoefe.com\\\/?s={search_term_string}\"},\"query-input\":{\"@type\":\"PropertyValueSpecification\",\"valueRequired\":true,\"valueName\":\"search_term_string\"}}],\"inLanguage\":\"fr-FR\"},{\"@type\":\"Person\",\"@id\":\"https:\\\/\\\/www.oracaoefe.com\\\/#\\\/schema\\\/person\\\/17283c669442cf005c4d5bb58adfb7f5\",\"name\":\"Michele Azevedo\",\"image\":{\"@type\":\"ImageObject\",\"inLanguage\":\"fr-FR\",\"@id\":\"https:\\\/\\\/secure.gravatar.com\\\/avatar\\\/6b0eb9d22841282815e2cd856a0061c45e1761cd54b22e952d98c4746939aa85?s=96&d=mm&r=g\",\"url\":\"https:\\\/\\\/secure.gravatar.com\\\/avatar\\\/6b0eb9d22841282815e2cd856a0061c45e1761cd54b22e952d98c4746939aa85?s=96&d=mm&r=g\",\"contentUrl\":\"https:\\\/\\\/secure.gravatar.com\\\/avatar\\\/6b0eb9d22841282815e2cd856a0061c45e1761cd54b22e952d98c4746939aa85?s=96&d=mm&r=g\",\"caption\":\"Michele Azevedo\"},\"description\":\"Formada em Letras - Portugu\u00eas\\\/ Ingl\u00eas pela Universidade Estadual de Ponta Grossa (UEPG), p\u00f3s-graduada em Arte na Educa\u00e7\u00e3o (FAPI) e Psicopedagogia Escolar (FAPI), idealizadora e propriet\u00e1ria do site Escritora de Sucesso, possui experi\u00eancia em escrita para blogs em geral e atua como redatora e revisora dos conte\u00fados do Ora\u00e7\u00e3o e F\u00e9.\",\"url\":\"https:\\\/\\\/www.oracaoefe.com\\\/fr\\\/author\\\/michele-azevedo\\\/\"}]}<\/script>\n<!-- \/ Yoast SEO plugin. -->","yoast_head_json":{"title":"Ora\u00e7\u00e3o para come\u00e7ar bem o dia: Conecte-se com sua f\u00e9 - Ora\u00e7\u00e3o e F\u00e9","description":"Dieu a une parole de vie pour vous !","robots":{"index":"index","follow":"follow","max-snippet":"max-snippet:-1","max-image-preview":"max-image-preview:large","max-video-preview":"max-video-preview:-1"},"canonical":"https:\/\/www.oracaoefe.com\/fr\/oracao-para-comecar-bem-o-dia-conecte-se-com-sua-fe\/","og_locale":"fr_FR","og_type":"article","og_title":"Ora\u00e7\u00e3o para come\u00e7ar bem o dia: Conecte-se com sua f\u00e9 - Ora\u00e7\u00e3o e F\u00e9","og_description":"Deus tem pra voc\u00ea uma palavra de vida!","og_url":"https:\/\/www.oracaoefe.com\/fr\/oracao-para-comecar-bem-o-dia-conecte-se-com-sua-fe\/","og_site_name":"Ora\u00e7\u00e3o e F\u00e9","article_published_time":"2023-01-25T09:00:00+00:00","og_image":[{"width":1280,"height":960,"url":"https:\/\/www.oracaoefe.com\/wp-content\/uploads\/2023\/01\/image-2.png","type":"image\/png"}],"author":"Michele Azevedo","twitter_card":"summary_large_image","twitter_misc":{"\u00c9crit par":"Michele Azevedo","Dur\u00e9e de lecture estim\u00e9e":"5 minutes"},"schema":{"@context":"https:\/\/schema.org","@graph":[{"@type":"Article","@id":"https:\/\/www.oracaoefe.com\/oracao-para-comecar-bem-o-dia-conecte-se-com-sua-fe\/#article","isPartOf":{"@id":"https:\/\/www.oracaoefe.com\/oracao-para-comecar-bem-o-dia-conecte-se-com-sua-fe\/"},"author":{"name":"Michele Azevedo","@id":"https:\/\/www.oracaoefe.com\/#\/schema\/person\/17283c669442cf005c4d5bb58adfb7f5"},"headline":"Ora\u00e7\u00e3o para come\u00e7ar bem o dia: Conecte-se com sua f\u00e9","datePublished":"2023-01-25T09:00:00+00:00","mainEntityOfPage":{"@id":"https:\/\/www.oracaoefe.com\/oracao-para-comecar-bem-o-dia-conecte-se-com-sua-fe\/"},"wordCount":931,"image":{"@id":"https:\/\/www.oracaoefe.com\/oracao-para-comecar-bem-o-dia-conecte-se-com-sua-fe\/#primaryimage"},"thumbnailUrl":"https:\/\/www.oracaoefe.com\/wp-content\/uploads\/2023\/01\/image-2.png","keywords":["ora\u00e7\u00e3o do dia","prece do dia"],"articleSection":["Ora\u00e7\u00e3o"],"inLanguage":"fr-FR"},{"@type":"WebPage","@id":"https:\/\/www.oracaoefe.com\/oracao-para-comecar-bem-o-dia-conecte-se-com-sua-fe\/","url":"https:\/\/www.oracaoefe.com\/oracao-para-comecar-bem-o-dia-conecte-se-com-sua-fe\/","name":"Ora\u00e7\u00e3o para come\u00e7ar bem o dia: Conecte-se com sua f\u00e9 - Ora\u00e7\u00e3o e F\u00e9","isPartOf":{"@id":"https:\/\/www.oracaoefe.com\/#website"},"primaryImageOfPage":{"@id":"https:\/\/www.oracaoefe.com\/oracao-para-comecar-bem-o-dia-conecte-se-com-sua-fe\/#primaryimage"},"image":{"@id":"https:\/\/www.oracaoefe.com\/oracao-para-comecar-bem-o-dia-conecte-se-com-sua-fe\/#primaryimage"},"thumbnailUrl":"https:\/\/www.oracaoefe.com\/wp-content\/uploads\/2023\/01\/image-2.png","datePublished":"2023-01-25T09:00:00+00:00","author":{"@id":"https:\/\/www.oracaoefe.com\/#\/schema\/person\/17283c669442cf005c4d5bb58adfb7f5"},"description":"Dieu a une parole de vie pour vous !","breadcrumb":{"@id":"https:\/\/www.oracaoefe.com\/oracao-para-comecar-bem-o-dia-conecte-se-com-sua-fe\/#breadcrumb"},"inLanguage":"fr-FR","potentialAction":[{"@type":"ReadAction","target":["https:\/\/www.oracaoefe.com\/oracao-para-comecar-bem-o-dia-conecte-se-com-sua-fe\/"]}]},{"@type":"ImageObject","inLanguage":"fr-FR","@id":"https:\/\/www.oracaoefe.com\/oracao-para-comecar-bem-o-dia-conecte-se-com-sua-fe\/#primaryimage","url":"https:\/\/www.oracaoefe.com\/wp-content\/uploads\/2023\/01\/image-2.png","contentUrl":"https:\/\/www.oracaoefe.com\/wp-content\/uploads\/2023\/01\/image-2.png","width":1280,"height":960},{"@type":"BreadcrumbList","@id":"https:\/\/www.oracaoefe.com\/oracao-para-comecar-bem-o-dia-conecte-se-com-sua-fe\/#breadcrumb","itemListElement":[{"@type":"ListItem","position":1,"name":"Home","item":"https:\/\/www.oracaoefe.com\/"},{"@type":"ListItem","position":2,"name":"Ora\u00e7\u00e3o","item":"https:\/\/www.oracaoefe.com\/category\/oracao\/"},{"@type":"ListItem","position":3,"name":"Ora\u00e7\u00e3o para come\u00e7ar bem o dia: Conecte-se com sua f\u00e9"}]},{"@type":"WebSite","@id":"https:\/\/www.oracaoefe.com\/#website","url":"https:\/\/www.oracaoefe.com\/","name":"Pri\u00e8re et foi","description":"","potentialAction":[{"@type":"SearchAction","target":{"@type":"EntryPoint","urlTemplate":"https:\/\/www.oracaoefe.com\/?s={search_term_string}"},"query-input":{"@type":"PropertyValueSpecification","valueRequired":true,"valueName":"search_term_string"}}],"inLanguage":"fr-FR"},{"@type":"Person","@id":"https:\/\/www.oracaoefe.com\/#\/schema\/person\/17283c669442cf005c4d5bb58adfb7f5","name":"Michele Azevedo","image":{"@type":"ImageObject","inLanguage":"fr-FR","@id":"https:\/\/secure.gravatar.com\/avatar\/6b0eb9d22841282815e2cd856a0061c45e1761cd54b22e952d98c4746939aa85?s=96&d=mm&r=g","url":"https:\/\/secure.gravatar.com\/avatar\/6b0eb9d22841282815e2cd856a0061c45e1761cd54b22e952d98c4746939aa85?s=96&d=mm&r=g","contentUrl":"https:\/\/secure.gravatar.com\/avatar\/6b0eb9d22841282815e2cd856a0061c45e1761cd54b22e952d98c4746939aa85?s=96&d=mm&r=g","caption":"Michele Azevedo"},"description":"Dipl\u00f4m\u00e9e en litt\u00e9rature portugaise\/anglaise de l&#039;Universit\u00e9 d&#039;\u00c9tat de Ponta Grossa (UEPG), avec des dipl\u00f4mes de troisi\u00e8me cycle en art dans l&#039;\u00e9ducation (FAPI) et en psychop\u00e9dagogie scolaire (FAPI), elle est la cr\u00e9atrice et propri\u00e9taire du site web Escritora de Sucesso, a de l&#039;exp\u00e9rience dans l&#039;\u00e9criture pour les blogs en g\u00e9n\u00e9ral et travaille comme r\u00e9dactrice et \u00e9ditrice du contenu pour Ora\u00e7\u00e3o e F\u00e9.","url":"https:\/\/www.oracaoefe.com\/fr\/author\/michele-azevedo\/"}]}},"_links":{"self":[{"href":"https:\/\/www.oracaoefe.com\/fr\/wp-json\/wp\/v2\/posts\/1586","targetHints":{"allow":["GET"]}}],"collection":[{"href":"https:\/\/www.oracaoefe.com\/fr\/wp-json\/wp\/v2\/posts"}],"about":[{"href":"https:\/\/www.oracaoefe.com\/fr\/wp-json\/wp\/v2\/types\/post"}],"author":[{"embeddable":true,"href":"https:\/\/www.oracaoefe.com\/fr\/wp-json\/wp\/v2\/users\/3"}],"replies":[{"embeddable":true,"href":"https:\/\/www.oracaoefe.com\/fr\/wp-json\/wp\/v2\/comments?post=1586"}],"version-history":[{"count":1,"href":"https:\/\/www.oracaoefe.com\/fr\/wp-json\/wp\/v2\/posts\/1586\/revisions"}],"predecessor-version":[{"id":1589,"href":"https:\/\/www.oracaoefe.com\/fr\/wp-json\/wp\/v2\/posts\/1586\/revisions\/1589"}],"wp:featuredmedia":[{"embeddable":true,"href":"https:\/\/www.oracaoefe.com\/fr\/wp-json\/wp\/v2\/media\/1588"}],"wp:attachment":[{"href":"https:\/\/www.oracaoefe.com\/fr\/wp-json\/wp\/v2\/media?parent=1586"}],"wp:term":[{"taxonomy":"category","embeddable":true,"href":"https:\/\/www.oracaoefe.com\/fr\/wp-json\/wp\/v2\/categories?post=1586"},{"taxonomy":"post_tag","embeddable":true,"href":"https:\/\/www.oracaoefe.com\/fr\/wp-json\/wp\/v2\/tags?post=1586"}],"curies":[{"name":"wp","href":"https:\/\/api.w.org\/{rel}","templated":true}]}}