{"id":1581,"date":"2023-01-18T06:00:00","date_gmt":"2023-01-18T09:00:00","guid":{"rendered":"https:\/\/www.oracaoefe.com\/?p=1581"},"modified":"2023-01-10T13:03:04","modified_gmt":"2023-01-10T16:03:04","slug":"oracao-para-comecar-bem-o-dia-o-poder-de-agradecer-a-deus","status":"publish","type":"post","link":"https:\/\/www.oracaoefe.com\/fr\/oracao-para-comecar-bem-o-dia-o-poder-de-agradecer-a-deus\/","title":{"rendered":"Ora\u00e7\u00e3o para come\u00e7ar bem o dia: O poder de agradecer a Deus"},"content":{"rendered":"<p class=\"wp-block-paragraph\">A <strong>ora\u00e7\u00e3o para come\u00e7ar bem o dia<\/strong> tem a for\u00e7a e o poder de fornecer b\u00ean\u00e7\u00e3os na vida dos fi\u00e9is. As ora\u00e7\u00f5es s\u00e3o essenciais para aproximar o crist\u00e3o de Deus, independentemente da situa\u00e7\u00e3o, e podem melhorar o dia de qualquer um que acredita. Confira, a seguir.\u00a0<\/p>\n\n\n\n<figure class=\"wp-block-image size-large\"><img loading=\"lazy\" decoding=\"async\" width=\"1024\" height=\"740\" src=\"https:\/\/www.oracaoefe.com\/wp-content\/uploads\/2023\/01\/image-1-1024x740.png\" alt=\"\" class=\"wp-image-1584\" srcset=\"https:\/\/www.oracaoefe.com\/wp-content\/uploads\/2023\/01\/image-1-1024x740.png 1024w, https:\/\/www.oracaoefe.com\/wp-content\/uploads\/2023\/01\/image-1-300x217.png 300w, https:\/\/www.oracaoefe.com\/wp-content\/uploads\/2023\/01\/image-1-768x555.png 768w, https:\/\/www.oracaoefe.com\/wp-content\/uploads\/2023\/01\/image-1-18x12.png 18w, https:\/\/www.oracaoefe.com\/wp-content\/uploads\/2023\/01\/image-1.png 1280w\" sizes=\"auto, (max-width: 1024px) 100vw, 1024px\" \/><figcaption class=\"wp-element-caption\">Image : Pixabay - Reproduction<\/figcaption><\/figure>\n\n\n\n<h2 class=\"wp-block-heading\">Ora\u00e7\u00e3o para come\u00e7ar bem o dia<\/h2>\n\n\n\n<p class=\"wp-block-paragraph\">A <strong>ora\u00e7\u00e3o para come\u00e7ar bem o dia<\/strong>, como o pr\u00f3prio nome sugere, \u00e9 indicada para os fi\u00e9is que querem despertar com a espiritualidade e prote\u00e7\u00e3o elevada. Ao rezar essas preces, \u00e9 poss\u00edvel se preparar para mais um dia de vida.&nbsp;<\/p>\n\n\n\n<p class=\"wp-block-paragraph\">Enfim, assim como as ora\u00e7\u00f5es feitas a noite, essas preces podem ser usadas para pedir prote\u00e7\u00e3o, ben\u00e7\u00e3o ou agradecer por voc\u00ea ou pessoas amadas. Essas ora\u00e7\u00f5es ajudam a livrar qualquer pensamento negativo e fortalecer a f\u00e9.&nbsp;<\/p>\n\n\n\n<p class=\"wp-block-paragraph\">A ora\u00e7\u00e3o \u00e9 uma maneira de se conectar com Deus. Enfim, para agradecer ou pedir ben\u00e7\u00e3o em seu dia, basta acordar alguns minutos antes e fazer a prece. Existem v\u00e1rias ora\u00e7\u00f5es poderosas que abrem qualquer caminho.&nbsp;<\/p>\n\n\n\n<p class=\"wp-block-paragraph\">A primeira ora\u00e7\u00e3o \u00e9 uma maneira de se conectar de maneira sincera e amorosa com Deus. Assim como qualquer prece, \u00e9 fundamental rezar com toda a f\u00e9 e for\u00e7a poss\u00edvel, entregando seu caminho ao Senhor. Confira, a seguir:&nbsp;<\/p>\n\n\n\n<h3 class=\"wp-block-heading\">Ora\u00e7\u00e3o do dia poderosa<\/h3>\n\n\n\n<p class=\"wp-block-paragraph\"><em>\u201cSenhor Todo Poderoso, n\u00e3o sei o que ou quem vai atravessar o meu caminho no dia de hoje, mas Tu \u00e9 minha rocha e fortaleza em todas as horas e minutos. Tu \u00e9 meu escudo e minha torre forte.&nbsp;<\/em><\/p>\n\n\n\n<p class=\"wp-block-paragraph\"><em>Por favor, me ajude a ancorar hoje. Me mantenha forte e fa\u00e7a com que eu escolha o Senhor em todos os meus caminhos di\u00e1rios. Fa\u00e7a com que eu abrace qualquer oportunidade que cruze a minha vida.&nbsp;<\/em><\/p>\n\n\n\n<p class=\"wp-block-paragraph\"><em>Deus, obrigado por me amar e que nada seja capaz de tirar isso de mim! Mesmo que eu falhe em algum momento, que Tu sussure o teu amor incondicional em minha alma e me lembre de suas ben\u00e7\u00f5es em todas as manh\u00e3s.&nbsp;<\/em><\/p>\n\n\n\n<p class=\"wp-block-paragraph\"><em>Senhor, surpreenda-me com toda a sua gra\u00e7a. Obrigado por estar comigo diariamente. Por favor, me acorde novamente amanh\u00e3 com todo o Teu amor. N\u00e3o posso esperar para encontrar o Senhor novamente.&nbsp;<\/em><\/p>\n\n\n\n<p class=\"wp-block-paragraph\"><em>Amen.\"&nbsp;<\/em><\/p>\n\n\n\n<h3 class=\"wp-block-heading\">Ora\u00e7\u00e3o do anjo da guarda<\/h3>\n\n\n\n<p class=\"wp-block-paragraph\"><em>\u201cSanto Anjo, logo pela manh\u00e3 quero te saudar por todo o Teu amor. Por favor, ande e reze comigo para que eu consiga ter a \u00e2nsia de Deus. Fa\u00e7a com que eu descubra em toda a parte o que \u00e9 bom e me ajude a ter pensamentos positivos.&nbsp;<\/em><\/p>\n\n\n\n<p class=\"wp-block-paragraph\"><em>Assim saberei que o meu dia ser\u00e1 grande, porque Tu estar\u00e1 comigo, meu Santo Anjo. Que assim seja,&nbsp;<\/em><\/p>\n\n\n\n<p class=\"wp-block-paragraph\"><em>Amen.\"<\/em><\/p>\n\n\n\n<h3 class=\"wp-block-heading\">Ora\u00e7\u00e3o para agradecer por mais um dia<\/h3>\n\n\n\n<p class=\"wp-block-paragraph\"><em>\u201cPai Misericordioso, obrigado por me vigiar durante o meu sono e me proporcionar mais um dia de vida. Por favor, me ajude a viver esse dia atrav\u00e9s do instrumento de Tua gra\u00e7a, do Teu amor e gra\u00e7a.&nbsp;<\/em><\/p>\n\n\n\n<p class=\"wp-block-paragraph\"><em>Dedico em Tuas m\u00e3os imaculadas todos os meus gestos e a\u00e7\u00f5es cotidianas. Que eu consiga louvar com gl\u00f3ria o Teu nome. Querida M\u00e3e e rainha admir\u00e1vel, me ensine a caminhar como Tu e fa\u00e7a com que meu cora\u00e7\u00e3o carregue um amor sem limites.&nbsp;<\/em><\/p>\n\n\n\n<p class=\"wp-block-paragraph\"><em>Por favor, Senhor Todo Poderoso, fa\u00e7a-me viver animado atrav\u00e9s da pr\u00e1tica da f\u00e9 e divina provid\u00eancia. Que eu reconhe\u00e7a e aceite as iniciativa do Teu amor, em toda e qualquer circunst\u00e2ncia de minha vida. Que assim seja,&nbsp;<\/em><\/p>\n\n\n\n<p class=\"wp-block-paragraph\"><em>Amen.\"&nbsp;<\/em><\/p>\n\n\n\n<h3 class=\"wp-block-heading\">Pens\u00e9e et message du jour<\/h3>\n\n\n\n<p class=\"wp-block-paragraph\">As pessoas reconhecem que a B\u00edblia Sagrada pode melhorar a vida em v\u00e1rios aspectos. Por esse motivo, \u00e9 fundamental conhecer e ler a palavra do dia para elevar a f\u00e9 divina e a espiritualidade.&nbsp;<\/p>\n\n\n\n<p class=\"wp-block-paragraph\">A mensagem do dia \u00e9 a seguinte: <em>\u201cQuando o Sol se p\u00f5e, voc\u00ea duvida que ele nascera no dia seguinte? N\u00e3o. Voc\u00ea acredita e cr\u00ea que ele vai nascer novamente, mesmo sem ver. Isso se chama f\u00e9.&nbsp;<\/em><\/p>\n\n\n\n<p class=\"wp-block-paragraph\"><em>Temos a mesma f\u00e9 de Deus, pois Ele nunca falha. Mesmo sem ver, sabemos que o Senhor Todo Poderoso n\u00e3o vai nos desamparar. A B\u00edblia Sagrada diz que um pouco de f\u00e9 em Deus tem um grande efeito em nossa vida.&nbsp;<\/em><\/p>\n\n\n\n<p class=\"wp-block-paragraph\"><em>Toda e qualquer pessoa que cr\u00ea verdadeiramente sabe que nada \u00e9 imposs\u00edvel e conseguimos mover montanhas. Para ver os milagres de Deus, basta crer, acreditar e agir por Ele\u201d.<\/em><\/p>\n\n\n\n<p class=\"wp-block-paragraph\">Segundo Hebreus 11:1:<em> \u201cOra, a f\u00e9 \u00e9 a certeza do que esperamos e a prova daquilo que n\u00e3o conseguimos ver\u201d.&nbsp;<\/em><\/p>\n\n\n\n<h2 class=\"wp-block-heading\">Posso rezar mais de uma ora\u00e7\u00e3o&nbsp;<\/h2>\n\n\n\n<p class=\"wp-block-paragraph\">A ora\u00e7\u00e3o matinal \u00e9 a melhor maneira de come\u00e7ar bem o dia. Atrav\u00e9s dessas preces, a harmonia e a espiritualidade conseguem manter o positivismo di\u00e1rio, mesmo diante do caos e problemas di\u00e1rios.&nbsp;<\/p>\n\n\n\n<p class=\"wp-block-paragraph\">A maioria das pessoas tem d\u00favidas sobre a quantidade de ora\u00e7\u00f5es rezar diariamente. N\u00e3o existe um limite, ou seja, \u00e9 poss\u00edvel rezar quantas ora\u00e7\u00f5es desejar para abrir os seus caminhos e alcan\u00e7ar os objetivos. Mas lembre-se de ter f\u00e9 e agradecer todas as b\u00ean\u00e7\u00e3os.\u00a0<\/p>\n\n\n\n<p class=\"wp-block-paragraph\"><strong>Voir aussi\u00a0: <a href=\"https:\/\/www.oracaoefe.com\/fr\/oracao-para-comecar-o-dia-dedique-se-todos-os-dias-a-palavra-de-deus\/\">Pri\u00e8re pour commencer la journ\u00e9e : Consacrez-vous chaque jour \u00e0 la Parole de Dieu<\/a><\/strong><\/p>","protected":false},"excerpt":{"rendered":"<p>A ora\u00e7\u00e3o para come\u00e7ar bem o dia tem a for\u00e7a e o poder de fornecer b\u00ean\u00e7\u00e3os na vida dos fi\u00e9is. As ora\u00e7\u00f5es s\u00e3o essenciais para aproximar o crist\u00e3o de Deus, independentemente da situa\u00e7\u00e3o, e podem melhorar o dia de qualquer um que acredita. Confira, a seguir.\u00a0 Ora\u00e7\u00e3o para come\u00e7ar bem o dia A ora\u00e7\u00e3o para&hellip;&nbsp;<\/p>","protected":false},"author":3,"featured_media":1584,"comment_status":"closed","ping_status":"closed","sticky":false,"template":"","format":"standard","meta":{"neve_meta_sidebar":"","neve_meta_container":"","neve_meta_enable_content_width":"","neve_meta_content_width":0,"neve_meta_title_alignment":"","neve_meta_author_avatar":"","neve_post_elements_order":"","neve_meta_disable_header":"","neve_meta_disable_footer":"","neve_meta_disable_title":"","footnotes":""},"categories":[2],"tags":[160,163],"class_list":["post-1581","post","type-post","status-publish","format-standard","has-post-thumbnail","hentry","category-oracao","tag-oracao-do-dia","tag-prece-do-dia"],"yoast_head":"<!-- This site is optimized with the Yoast SEO plugin v28.4 - https:\/\/yoast.com\/product\/yoast-seo-wordpress\/ -->\n<title>Ora\u00e7\u00e3o para come\u00e7ar bem o dia: O poder de agradecer a Deus - Ora\u00e7\u00e3o e F\u00e9<\/title>\n<meta name=\"description\" content=\"Deus tem pra voc\u00ea uma palavra de vida!\" \/>\n<meta name=\"robots\" content=\"index, follow, max-snippet:-1, max-image-preview:large, max-video-preview:-1\" \/>\n<link rel=\"canonical\" href=\"https:\/\/www.oracaoefe.com\/fr\/oracao-para-comecar-bem-o-dia-o-poder-de-agradecer-a-deus\/\" \/>\n<meta property=\"og:locale\" content=\"fr_FR\" \/>\n<meta property=\"og:type\" content=\"article\" \/>\n<meta property=\"og:title\" content=\"Ora\u00e7\u00e3o para come\u00e7ar bem o dia: O poder de agradecer a Deus - Ora\u00e7\u00e3o e F\u00e9\" \/>\n<meta property=\"og:description\" content=\"Deus tem pra voc\u00ea uma palavra de vida!\" \/>\n<meta property=\"og:url\" content=\"https:\/\/www.oracaoefe.com\/fr\/oracao-para-comecar-bem-o-dia-o-poder-de-agradecer-a-deus\/\" \/>\n<meta property=\"og:site_name\" content=\"Ora\u00e7\u00e3o e F\u00e9\" \/>\n<meta property=\"article:published_time\" content=\"2023-01-18T09:00:00+00:00\" \/>\n<meta property=\"og:image\" content=\"https:\/\/www.oracaoefe.com\/wp-content\/uploads\/2023\/01\/image-1.png\" \/>\n\t<meta property=\"og:image:width\" content=\"1280\" \/>\n\t<meta property=\"og:image:height\" content=\"925\" \/>\n\t<meta property=\"og:image:type\" content=\"image\/png\" \/>\n<meta name=\"author\" content=\"Michele Azevedo\" \/>\n<meta name=\"twitter:card\" content=\"summary_large_image\" \/>\n<meta name=\"twitter:label1\" content=\"\u00c9crit par\" \/>\n\t<meta name=\"twitter:data1\" content=\"Michele Azevedo\" \/>\n\t<meta name=\"twitter:label2\" content=\"Dur\u00e9e de lecture estim\u00e9e\" \/>\n\t<meta name=\"twitter:data2\" content=\"5 minutes\" \/>\n<script type=\"application\/ld+json\" class=\"yoast-schema-graph\">{\"@context\":\"https:\\\/\\\/schema.org\",\"@graph\":[{\"@type\":\"Article\",\"@id\":\"https:\\\/\\\/www.oracaoefe.com\\\/oracao-para-comecar-bem-o-dia-o-poder-de-agradecer-a-deus\\\/#article\",\"isPartOf\":{\"@id\":\"https:\\\/\\\/www.oracaoefe.com\\\/oracao-para-comecar-bem-o-dia-o-poder-de-agradecer-a-deus\\\/\"},\"author\":{\"name\":\"Michele Azevedo\",\"@id\":\"https:\\\/\\\/www.oracaoefe.com\\\/#\\\/schema\\\/person\\\/17283c669442cf005c4d5bb58adfb7f5\"},\"headline\":\"Ora\u00e7\u00e3o para come\u00e7ar bem o dia: O poder de agradecer a Deus\",\"datePublished\":\"2023-01-18T09:00:00+00:00\",\"mainEntityOfPage\":{\"@id\":\"https:\\\/\\\/www.oracaoefe.com\\\/oracao-para-comecar-bem-o-dia-o-poder-de-agradecer-a-deus\\\/\"},\"wordCount\":924,\"image\":{\"@id\":\"https:\\\/\\\/www.oracaoefe.com\\\/oracao-para-comecar-bem-o-dia-o-poder-de-agradecer-a-deus\\\/#primaryimage\"},\"thumbnailUrl\":\"https:\\\/\\\/www.oracaoefe.com\\\/wp-content\\\/uploads\\\/2023\\\/01\\\/image-1.png\",\"keywords\":[\"ora\u00e7\u00e3o do dia\",\"prece do dia\"],\"articleSection\":[\"Ora\u00e7\u00e3o\"],\"inLanguage\":\"fr-FR\"},{\"@type\":\"WebPage\",\"@id\":\"https:\\\/\\\/www.oracaoefe.com\\\/oracao-para-comecar-bem-o-dia-o-poder-de-agradecer-a-deus\\\/\",\"url\":\"https:\\\/\\\/www.oracaoefe.com\\\/oracao-para-comecar-bem-o-dia-o-poder-de-agradecer-a-deus\\\/\",\"name\":\"Ora\u00e7\u00e3o para come\u00e7ar bem o dia: O poder de agradecer a Deus - Ora\u00e7\u00e3o e F\u00e9\",\"isPartOf\":{\"@id\":\"https:\\\/\\\/www.oracaoefe.com\\\/#website\"},\"primaryImageOfPage\":{\"@id\":\"https:\\\/\\\/www.oracaoefe.com\\\/oracao-para-comecar-bem-o-dia-o-poder-de-agradecer-a-deus\\\/#primaryimage\"},\"image\":{\"@id\":\"https:\\\/\\\/www.oracaoefe.com\\\/oracao-para-comecar-bem-o-dia-o-poder-de-agradecer-a-deus\\\/#primaryimage\"},\"thumbnailUrl\":\"https:\\\/\\\/www.oracaoefe.com\\\/wp-content\\\/uploads\\\/2023\\\/01\\\/image-1.png\",\"datePublished\":\"2023-01-18T09:00:00+00:00\",\"author\":{\"@id\":\"https:\\\/\\\/www.oracaoefe.com\\\/#\\\/schema\\\/person\\\/17283c669442cf005c4d5bb58adfb7f5\"},\"description\":\"Deus tem pra voc\u00ea uma palavra de vida!\",\"breadcrumb\":{\"@id\":\"https:\\\/\\\/www.oracaoefe.com\\\/oracao-para-comecar-bem-o-dia-o-poder-de-agradecer-a-deus\\\/#breadcrumb\"},\"inLanguage\":\"fr-FR\",\"potentialAction\":[{\"@type\":\"ReadAction\",\"target\":[\"https:\\\/\\\/www.oracaoefe.com\\\/oracao-para-comecar-bem-o-dia-o-poder-de-agradecer-a-deus\\\/\"]}]},{\"@type\":\"ImageObject\",\"inLanguage\":\"fr-FR\",\"@id\":\"https:\\\/\\\/www.oracaoefe.com\\\/oracao-para-comecar-bem-o-dia-o-poder-de-agradecer-a-deus\\\/#primaryimage\",\"url\":\"https:\\\/\\\/www.oracaoefe.com\\\/wp-content\\\/uploads\\\/2023\\\/01\\\/image-1.png\",\"contentUrl\":\"https:\\\/\\\/www.oracaoefe.com\\\/wp-content\\\/uploads\\\/2023\\\/01\\\/image-1.png\",\"width\":1280,\"height\":925},{\"@type\":\"BreadcrumbList\",\"@id\":\"https:\\\/\\\/www.oracaoefe.com\\\/oracao-para-comecar-bem-o-dia-o-poder-de-agradecer-a-deus\\\/#breadcrumb\",\"itemListElement\":[{\"@type\":\"ListItem\",\"position\":1,\"name\":\"Home\",\"item\":\"https:\\\/\\\/www.oracaoefe.com\\\/\"},{\"@type\":\"ListItem\",\"position\":2,\"name\":\"Ora\u00e7\u00e3o\",\"item\":\"https:\\\/\\\/www.oracaoefe.com\\\/category\\\/oracao\\\/\"},{\"@type\":\"ListItem\",\"position\":3,\"name\":\"Ora\u00e7\u00e3o para come\u00e7ar bem o dia: O poder de agradecer a Deus\"}]},{\"@type\":\"WebSite\",\"@id\":\"https:\\\/\\\/www.oracaoefe.com\\\/#website\",\"url\":\"https:\\\/\\\/www.oracaoefe.com\\\/\",\"name\":\"Ora\u00e7\u00e3o e F\u00e9\",\"description\":\"\",\"potentialAction\":[{\"@type\":\"SearchAction\",\"target\":{\"@type\":\"EntryPoint\",\"urlTemplate\":\"https:\\\/\\\/www.oracaoefe.com\\\/?s={search_term_string}\"},\"query-input\":{\"@type\":\"PropertyValueSpecification\",\"valueRequired\":true,\"valueName\":\"search_term_string\"}}],\"inLanguage\":\"fr-FR\"},{\"@type\":\"Person\",\"@id\":\"https:\\\/\\\/www.oracaoefe.com\\\/#\\\/schema\\\/person\\\/17283c669442cf005c4d5bb58adfb7f5\",\"name\":\"Michele Azevedo\",\"image\":{\"@type\":\"ImageObject\",\"inLanguage\":\"fr-FR\",\"@id\":\"https:\\\/\\\/secure.gravatar.com\\\/avatar\\\/6b0eb9d22841282815e2cd856a0061c45e1761cd54b22e952d98c4746939aa85?s=96&d=mm&r=g\",\"url\":\"https:\\\/\\\/secure.gravatar.com\\\/avatar\\\/6b0eb9d22841282815e2cd856a0061c45e1761cd54b22e952d98c4746939aa85?s=96&d=mm&r=g\",\"contentUrl\":\"https:\\\/\\\/secure.gravatar.com\\\/avatar\\\/6b0eb9d22841282815e2cd856a0061c45e1761cd54b22e952d98c4746939aa85?s=96&d=mm&r=g\",\"caption\":\"Michele Azevedo\"},\"description\":\"Formada em Letras - Portugu\u00eas\\\/ Ingl\u00eas pela Universidade Estadual de Ponta Grossa (UEPG), p\u00f3s-graduada em Arte na Educa\u00e7\u00e3o (FAPI) e Psicopedagogia Escolar (FAPI), idealizadora e propriet\u00e1ria do site Escritora de Sucesso, possui experi\u00eancia em escrita para blogs em geral e atua como redatora e revisora dos conte\u00fados do Ora\u00e7\u00e3o e F\u00e9.\",\"url\":\"https:\\\/\\\/www.oracaoefe.com\\\/fr\\\/author\\\/michele-azevedo\\\/\"}]}<\/script>\n<!-- \/ Yoast SEO plugin. -->","yoast_head_json":{"title":"Ora\u00e7\u00e3o para come\u00e7ar bem o dia: O poder de agradecer a Deus - Ora\u00e7\u00e3o e F\u00e9","description":"Dieu a une parole de vie pour vous !","robots":{"index":"index","follow":"follow","max-snippet":"max-snippet:-1","max-image-preview":"max-image-preview:large","max-video-preview":"max-video-preview:-1"},"canonical":"https:\/\/www.oracaoefe.com\/fr\/oracao-para-comecar-bem-o-dia-o-poder-de-agradecer-a-deus\/","og_locale":"fr_FR","og_type":"article","og_title":"Ora\u00e7\u00e3o para come\u00e7ar bem o dia: O poder de agradecer a Deus - Ora\u00e7\u00e3o e F\u00e9","og_description":"Deus tem pra voc\u00ea uma palavra de vida!","og_url":"https:\/\/www.oracaoefe.com\/fr\/oracao-para-comecar-bem-o-dia-o-poder-de-agradecer-a-deus\/","og_site_name":"Ora\u00e7\u00e3o e F\u00e9","article_published_time":"2023-01-18T09:00:00+00:00","og_image":[{"width":1280,"height":925,"url":"https:\/\/www.oracaoefe.com\/wp-content\/uploads\/2023\/01\/image-1.png","type":"image\/png"}],"author":"Michele Azevedo","twitter_card":"summary_large_image","twitter_misc":{"\u00c9crit par":"Michele Azevedo","Dur\u00e9e de lecture estim\u00e9e":"5 minutes"},"schema":{"@context":"https:\/\/schema.org","@graph":[{"@type":"Article","@id":"https:\/\/www.oracaoefe.com\/oracao-para-comecar-bem-o-dia-o-poder-de-agradecer-a-deus\/#article","isPartOf":{"@id":"https:\/\/www.oracaoefe.com\/oracao-para-comecar-bem-o-dia-o-poder-de-agradecer-a-deus\/"},"author":{"name":"Michele Azevedo","@id":"https:\/\/www.oracaoefe.com\/#\/schema\/person\/17283c669442cf005c4d5bb58adfb7f5"},"headline":"Ora\u00e7\u00e3o para come\u00e7ar bem o dia: O poder de agradecer a Deus","datePublished":"2023-01-18T09:00:00+00:00","mainEntityOfPage":{"@id":"https:\/\/www.oracaoefe.com\/oracao-para-comecar-bem-o-dia-o-poder-de-agradecer-a-deus\/"},"wordCount":924,"image":{"@id":"https:\/\/www.oracaoefe.com\/oracao-para-comecar-bem-o-dia-o-poder-de-agradecer-a-deus\/#primaryimage"},"thumbnailUrl":"https:\/\/www.oracaoefe.com\/wp-content\/uploads\/2023\/01\/image-1.png","keywords":["ora\u00e7\u00e3o do dia","prece do dia"],"articleSection":["Ora\u00e7\u00e3o"],"inLanguage":"fr-FR"},{"@type":"WebPage","@id":"https:\/\/www.oracaoefe.com\/oracao-para-comecar-bem-o-dia-o-poder-de-agradecer-a-deus\/","url":"https:\/\/www.oracaoefe.com\/oracao-para-comecar-bem-o-dia-o-poder-de-agradecer-a-deus\/","name":"Ora\u00e7\u00e3o para come\u00e7ar bem o dia: O poder de agradecer a Deus - Ora\u00e7\u00e3o e F\u00e9","isPartOf":{"@id":"https:\/\/www.oracaoefe.com\/#website"},"primaryImageOfPage":{"@id":"https:\/\/www.oracaoefe.com\/oracao-para-comecar-bem-o-dia-o-poder-de-agradecer-a-deus\/#primaryimage"},"image":{"@id":"https:\/\/www.oracaoefe.com\/oracao-para-comecar-bem-o-dia-o-poder-de-agradecer-a-deus\/#primaryimage"},"thumbnailUrl":"https:\/\/www.oracaoefe.com\/wp-content\/uploads\/2023\/01\/image-1.png","datePublished":"2023-01-18T09:00:00+00:00","author":{"@id":"https:\/\/www.oracaoefe.com\/#\/schema\/person\/17283c669442cf005c4d5bb58adfb7f5"},"description":"Dieu a une parole de vie pour vous !","breadcrumb":{"@id":"https:\/\/www.oracaoefe.com\/oracao-para-comecar-bem-o-dia-o-poder-de-agradecer-a-deus\/#breadcrumb"},"inLanguage":"fr-FR","potentialAction":[{"@type":"ReadAction","target":["https:\/\/www.oracaoefe.com\/oracao-para-comecar-bem-o-dia-o-poder-de-agradecer-a-deus\/"]}]},{"@type":"ImageObject","inLanguage":"fr-FR","@id":"https:\/\/www.oracaoefe.com\/oracao-para-comecar-bem-o-dia-o-poder-de-agradecer-a-deus\/#primaryimage","url":"https:\/\/www.oracaoefe.com\/wp-content\/uploads\/2023\/01\/image-1.png","contentUrl":"https:\/\/www.oracaoefe.com\/wp-content\/uploads\/2023\/01\/image-1.png","width":1280,"height":925},{"@type":"BreadcrumbList","@id":"https:\/\/www.oracaoefe.com\/oracao-para-comecar-bem-o-dia-o-poder-de-agradecer-a-deus\/#breadcrumb","itemListElement":[{"@type":"ListItem","position":1,"name":"Home","item":"https:\/\/www.oracaoefe.com\/"},{"@type":"ListItem","position":2,"name":"Ora\u00e7\u00e3o","item":"https:\/\/www.oracaoefe.com\/category\/oracao\/"},{"@type":"ListItem","position":3,"name":"Ora\u00e7\u00e3o para come\u00e7ar bem o dia: O poder de agradecer a Deus"}]},{"@type":"WebSite","@id":"https:\/\/www.oracaoefe.com\/#website","url":"https:\/\/www.oracaoefe.com\/","name":"Pri\u00e8re et foi","description":"","potentialAction":[{"@type":"SearchAction","target":{"@type":"EntryPoint","urlTemplate":"https:\/\/www.oracaoefe.com\/?s={search_term_string}"},"query-input":{"@type":"PropertyValueSpecification","valueRequired":true,"valueName":"search_term_string"}}],"inLanguage":"fr-FR"},{"@type":"Person","@id":"https:\/\/www.oracaoefe.com\/#\/schema\/person\/17283c669442cf005c4d5bb58adfb7f5","name":"Michele Azevedo","image":{"@type":"ImageObject","inLanguage":"fr-FR","@id":"https:\/\/secure.gravatar.com\/avatar\/6b0eb9d22841282815e2cd856a0061c45e1761cd54b22e952d98c4746939aa85?s=96&d=mm&r=g","url":"https:\/\/secure.gravatar.com\/avatar\/6b0eb9d22841282815e2cd856a0061c45e1761cd54b22e952d98c4746939aa85?s=96&d=mm&r=g","contentUrl":"https:\/\/secure.gravatar.com\/avatar\/6b0eb9d22841282815e2cd856a0061c45e1761cd54b22e952d98c4746939aa85?s=96&d=mm&r=g","caption":"Michele Azevedo"},"description":"Dipl\u00f4m\u00e9e en litt\u00e9rature portugaise\/anglaise de l&#039;Universit\u00e9 d&#039;\u00c9tat de Ponta Grossa (UEPG), avec des dipl\u00f4mes de troisi\u00e8me cycle en art dans l&#039;\u00e9ducation (FAPI) et en psychop\u00e9dagogie scolaire (FAPI), elle est la cr\u00e9atrice et propri\u00e9taire du site web Escritora de Sucesso, a de l&#039;exp\u00e9rience dans l&#039;\u00e9criture pour les blogs en g\u00e9n\u00e9ral et travaille comme r\u00e9dactrice et \u00e9ditrice du contenu pour Ora\u00e7\u00e3o e F\u00e9.","url":"https:\/\/www.oracaoefe.com\/fr\/author\/michele-azevedo\/"}]}},"_links":{"self":[{"href":"https:\/\/www.oracaoefe.com\/fr\/wp-json\/wp\/v2\/posts\/1581","targetHints":{"allow":["GET"]}}],"collection":[{"href":"https:\/\/www.oracaoefe.com\/fr\/wp-json\/wp\/v2\/posts"}],"about":[{"href":"https:\/\/www.oracaoefe.com\/fr\/wp-json\/wp\/v2\/types\/post"}],"author":[{"embeddable":true,"href":"https:\/\/www.oracaoefe.com\/fr\/wp-json\/wp\/v2\/users\/3"}],"replies":[{"embeddable":true,"href":"https:\/\/www.oracaoefe.com\/fr\/wp-json\/wp\/v2\/comments?post=1581"}],"version-history":[{"count":1,"href":"https:\/\/www.oracaoefe.com\/fr\/wp-json\/wp\/v2\/posts\/1581\/revisions"}],"predecessor-version":[{"id":1585,"href":"https:\/\/www.oracaoefe.com\/fr\/wp-json\/wp\/v2\/posts\/1581\/revisions\/1585"}],"wp:featuredmedia":[{"embeddable":true,"href":"https:\/\/www.oracaoefe.com\/fr\/wp-json\/wp\/v2\/media\/1584"}],"wp:attachment":[{"href":"https:\/\/www.oracaoefe.com\/fr\/wp-json\/wp\/v2\/media?parent=1581"}],"wp:term":[{"taxonomy":"category","embeddable":true,"href":"https:\/\/www.oracaoefe.com\/fr\/wp-json\/wp\/v2\/categories?post=1581"},{"taxonomy":"post_tag","embeddable":true,"href":"https:\/\/www.oracaoefe.com\/fr\/wp-json\/wp\/v2\/tags?post=1581"}],"curies":[{"name":"wp","href":"https:\/\/api.w.org\/{rel}","templated":true}]}}