{"id":1570,"date":"2023-01-11T06:00:00","date_gmt":"2023-01-11T09:00:00","guid":{"rendered":"https:\/\/www.oracaoefe.com\/?p=1570"},"modified":"2023-01-08T22:44:55","modified_gmt":"2023-01-09T01:44:55","slug":"oracao-para-comecar-bem-o-dia-como-ter-um-dia-abencoado-por-deus","status":"publish","type":"post","link":"https:\/\/www.oracaoefe.com\/fr\/oracao-para-comecar-bem-o-dia-como-ter-um-dia-abencoado-por-deus\/","title":{"rendered":"Ora\u00e7\u00e3o para come\u00e7ar bem o dia: Como ter um dia aben\u00e7oado por Deus"},"content":{"rendered":"<p class=\"wp-block-paragraph\">O in\u00edcio de um novo ano \u00e9 uma oportunidade de desejarmos muitas coisas bonitas uns aos outros; e a melhor coisa que pode nos acontecer \u00e9 ter a ben\u00e7\u00e3o de Deus. Tem duas vertentes: o bem que Deus pode fazer na nossa vida quotidiana, mas tamb\u00e9m a aprova\u00e7\u00e3o de Deus nas nossas vidas e na verdade \u00e9 certamente esta segunda vertente a mais essencial para n\u00f3s!<\/p>\n\n\n\n<figure class=\"wp-block-image size-large\"><img loading=\"lazy\" decoding=\"async\" width=\"1024\" height=\"768\" src=\"https:\/\/www.oracaoefe.com\/wp-content\/uploads\/2023\/01\/image-1024x768.png\" alt=\"\" class=\"wp-image-1571\" srcset=\"https:\/\/www.oracaoefe.com\/wp-content\/uploads\/2023\/01\/image-1024x768.png 1024w, https:\/\/www.oracaoefe.com\/wp-content\/uploads\/2023\/01\/image-300x225.png 300w, https:\/\/www.oracaoefe.com\/wp-content\/uploads\/2023\/01\/image-768x576.png 768w, https:\/\/www.oracaoefe.com\/wp-content\/uploads\/2023\/01\/image-16x12.png 16w, https:\/\/www.oracaoefe.com\/wp-content\/uploads\/2023\/01\/image.png 1280w\" sizes=\"auto, (max-width: 1024px) 100vw, 1024px\" \/><figcaption class=\"wp-element-caption\">Image : Pixabay - Reproduction<\/figcaption><\/figure>\n\n\n\n<h2 class=\"wp-block-heading\">Ora\u00e7\u00e3o para come\u00e7ar um dia aben\u00e7oado por Deus<\/h2>\n\n\n\n<p class=\"wp-block-paragraph\">Deus criou cada dia e quer que o desfrutemos. Existem circunst\u00e2ncias dif\u00edceis que nos impedem de viver de acordo com o ideal de Deus em uma terra ca\u00edda. No entanto, na medida do poss\u00edvel, coloquemos nossas atividades em ordem para melhorar nossa perman\u00eancia na terra. Comece seu dia com a ora\u00e7\u00e3o, a seguir.<\/p>\n\n\n\n<p class=\"wp-block-paragraph\"><em>\u201cMeu Deus, dedico a ti todos os meus atos de hoje, direcionando-os para as inten\u00e7\u00f5es e toda a gl\u00f3ria do Sagrado Cora\u00e7\u00e3o de Jesus; Desejo a santifica\u00e7\u00e3o das batidas que partem do meu peito, bem como todo o meu pensar e minhas a\u00e7\u00f5es mais simples, de maneira a unir aos seus m\u00e9ritos infinitos, reparando minhas falhas, de modo a lan\u00e7\u00e1-las na fornalha do seu amor com toda a miseric\u00f3rdia.\u00a0<\/em><\/p>\n\n\n\n<p class=\"wp-block-paragraph\"><em>Oh meu Deus! Eu te pe\u00e7o para mim e para os que est\u00e3o ao meu redor toda a gra\u00e7a do cumprimento de sua vontade, aceitando o teu amor, tristezas e alegrias da vida que passa para que eu possa aprender a lidar com todas as quest\u00f5es da minha vida. Am\u00e9m.\u201d<\/em><\/p>\n\n\n\n<h2 class=\"wp-block-heading\">Message et pens\u00e9e du jour<\/h2>\n\n\n\n<p class=\"wp-block-paragraph\">A ora\u00e7\u00e3o \u00e9 mais do que um simples ato dito \u201creligioso\u201d onde a pessoa se enrosca em si mesma pensando que isso agrada a Deus. Se a atitude n\u00e3o acompanha o estado do nosso cora\u00e7\u00e3o, \u00e9 in\u00fatil. \u00c9 um momento em que convidamos Deus a passar algum tempo conosco durante o dia. Gosto dessa passagem que diz que \u201cse nos aproximamos de Deus, Ele tamb\u00e9m se aproxima de n\u00f3s\u201d (Tiago 4:8).<\/p>\n\n\n\n<p class=\"wp-block-paragraph\">Um momento de qualidade com Deus \u00e9 um momento em que reservamos um tempo n\u00e3o apenas para passar tempo com algu\u00e9m que amamos. Este momento tamb\u00e9m nos far\u00e1 bem.<\/p>\n\n\n\n<p class=\"wp-block-paragraph\">Ter um bom tempo com Deus \u00e9 como passar um tempo com seu amante. \u00c9 um momento que ser\u00e1 ben\u00e9fico passar o resto do dia porque esse momento simplesmente nos far\u00e1 bem.<\/p>\n\n\n\n<h3 class=\"wp-block-heading\">Estabele\u00e7a metas alcan\u00e7\u00e1veis \u200b\u200bpara o dia<\/h3>\n\n\n\n<p class=\"wp-block-paragraph\">N\u00e3o sei voc\u00ea, mas quando tenho um dia com disposi\u00e7\u00e3o, tudo \u00e9 perfeito. Com isso, quero dizer que quando fa\u00e7o coisas que me permitem me sentir mais livre, sinto mais relaxamento. Caso contr\u00e1rio, quando n\u00e3o fa\u00e7o nada e percebo no final do dia que tenho uma tonelada de coisas para terminar, n\u00e3o encontro satisfa\u00e7\u00e3o. Fazer hoje o que eu poderia ter feito no dia anterior pode ser frustrante. Isso se chama procrastina\u00e7\u00e3o. E na maioria das vezes, se n\u00e3o fazemos nada, \u00e9 porque n\u00e3o tra\u00e7amos metas alcan\u00e7\u00e1veis.<\/p>\n\n\n\n<p class=\"wp-block-paragraph\">Lavar a roupa, arrumar a cama antes de sair de casa, organizar os arquivos, dar um telefonema para os pais s\u00e3o metas alcan\u00e7\u00e1veis.<\/p>\n\n\n\n<p class=\"wp-block-paragraph\">Al\u00e9m disso, uma das formas de viver com Deus a longo prazo e come\u00e7ar o dia aben\u00e7oado por Ele \u00e9 ler todos os dias a Palavra que nos deixou. Para isso, ler o mesmo vers\u00edculo v\u00e1rias vezes durante o dia ou mesmo durante a semana tem um efeito ben\u00e9fico. Voc\u00ea pode escrev\u00ea-lo em um post-it e pendur\u00e1-lo em seus cadernos, em seu di\u00e1rio, dentro da capa do telefone ou at\u00e9 mesmo coloc\u00e1-lo como papel de parede.&nbsp;<\/p>\n\n\n\n<p class=\"wp-block-paragraph\">Ao ler sua Palavra a qualquer hora do dia, ser\u00e1 mais f\u00e1cil aplic\u00e1-la em nossas vidas. Voc\u00ea pode come\u00e7ar com Prov\u00e9rbios ou colocar vers\u00edculos que est\u00e3o perto do seu cora\u00e7\u00e3o e que v\u00e3o te lembrar das promessas de Deus em tempos dif\u00edceis.<\/p>\n\n\n\n<h3 class=\"wp-block-heading\">Louve ao Senhor com toda a sua respira\u00e7\u00e3o<\/h3>\n\n\n\n<p class=\"wp-block-paragraph\">O que voc\u00ea faz quando anda de transporte p\u00fablico? Voc\u00ea manda mensagens para seus amigos, ouve m\u00fasica? Nesse caso, aconselho voc\u00ea a ouvir elogios. De fato, louvar o Senhor atrav\u00e9s de c\u00e2nticos de ora\u00e7\u00e3o e adora\u00e7\u00e3o permitir\u00e1 que voc\u00ea fale com Deus. Muitas vezes esquecemos que Deus est\u00e1 presente em n\u00f3s e que, mesmo conhecendo todos os nossos pensamentos, quer um relacionamento real conosco.&nbsp;<\/p>\n\n\n\n<p class=\"wp-block-paragraph\">Al\u00e9m disso, colocar\u00e1 vibra\u00e7\u00f5es positivas em sua cabe\u00e7a, em vez de se estressar e ouvir programas est\u00fapidos de clarivid\u00eancia no r\u00e1dio. Cantar a gl\u00f3ria e o amor do Senhor os encher\u00e1 de paz, a paz que Cristo nos deixou quando subiu ao c\u00e9u. Ent\u00e3o, por que desperdi\u00e7ar tal presente?<\/p>\n\n\n\n<p class=\"wp-block-paragraph\"><strong>Voir aussi\u00a0: <a href=\"https:\/\/www.oracaoefe.com\/fr\/oracao-para-comecar-o-dia-ser-grato-sempre\/\">Pri\u00e8re pour commencer la journ\u00e9e : Soyez toujours reconnaissant !<\/a><\/strong><\/p>","protected":false},"excerpt":{"rendered":"<p>O in\u00edcio de um novo ano \u00e9 uma oportunidade de desejarmos muitas coisas bonitas uns aos outros; e a melhor coisa que pode nos acontecer \u00e9 ter a ben\u00e7\u00e3o de Deus. Tem duas vertentes: o bem que Deus pode fazer na nossa vida quotidiana, mas tamb\u00e9m a aprova\u00e7\u00e3o de Deus nas nossas vidas e na&hellip;&nbsp;<\/p>","protected":false},"author":3,"featured_media":1571,"comment_status":"closed","ping_status":"closed","sticky":false,"template":"","format":"standard","meta":{"neve_meta_sidebar":"","neve_meta_container":"","neve_meta_enable_content_width":"","neve_meta_content_width":0,"neve_meta_title_alignment":"","neve_meta_author_avatar":"","neve_post_elements_order":"","neve_meta_disable_header":"","neve_meta_disable_footer":"","neve_meta_disable_title":"","footnotes":""},"categories":[2],"tags":[160,163],"class_list":["post-1570","post","type-post","status-publish","format-standard","has-post-thumbnail","hentry","category-oracao","tag-oracao-do-dia","tag-prece-do-dia"],"yoast_head":"<!-- This site is optimized with the Yoast SEO plugin v28.4 - https:\/\/yoast.com\/product\/yoast-seo-wordpress\/ -->\n<title>Ora\u00e7\u00e3o para come\u00e7ar bem o dia: Como ter um dia aben\u00e7oado por Deus - Ora\u00e7\u00e3o e F\u00e9<\/title>\n<meta name=\"description\" content=\"Deus tem pra voc\u00ea uma palavra de vida!\" \/>\n<meta name=\"robots\" content=\"index, follow, max-snippet:-1, max-image-preview:large, max-video-preview:-1\" \/>\n<link rel=\"canonical\" href=\"https:\/\/www.oracaoefe.com\/fr\/oracao-para-comecar-bem-o-dia-como-ter-um-dia-abencoado-por-deus\/\" \/>\n<meta property=\"og:locale\" content=\"fr_FR\" \/>\n<meta property=\"og:type\" content=\"article\" \/>\n<meta property=\"og:title\" content=\"Ora\u00e7\u00e3o para come\u00e7ar bem o dia: Como ter um dia aben\u00e7oado por Deus - Ora\u00e7\u00e3o e F\u00e9\" \/>\n<meta property=\"og:description\" content=\"Deus tem pra voc\u00ea uma palavra de vida!\" \/>\n<meta property=\"og:url\" content=\"https:\/\/www.oracaoefe.com\/fr\/oracao-para-comecar-bem-o-dia-como-ter-um-dia-abencoado-por-deus\/\" \/>\n<meta property=\"og:site_name\" content=\"Ora\u00e7\u00e3o e F\u00e9\" \/>\n<meta property=\"article:published_time\" content=\"2023-01-11T09:00:00+00:00\" \/>\n<meta property=\"og:image\" content=\"https:\/\/www.oracaoefe.com\/wp-content\/uploads\/2023\/01\/image.png\" \/>\n\t<meta property=\"og:image:width\" content=\"1280\" \/>\n\t<meta property=\"og:image:height\" content=\"960\" \/>\n\t<meta property=\"og:image:type\" content=\"image\/png\" \/>\n<meta name=\"author\" content=\"Michele Azevedo\" \/>\n<meta name=\"twitter:card\" content=\"summary_large_image\" \/>\n<meta name=\"twitter:label1\" content=\"\u00c9crit par\" \/>\n\t<meta name=\"twitter:data1\" content=\"Michele Azevedo\" \/>\n\t<meta name=\"twitter:label2\" content=\"Dur\u00e9e de lecture estim\u00e9e\" \/>\n\t<meta name=\"twitter:data2\" content=\"4 minutes\" \/>\n<script type=\"application\/ld+json\" class=\"yoast-schema-graph\">{\"@context\":\"https:\\\/\\\/schema.org\",\"@graph\":[{\"@type\":\"Article\",\"@id\":\"https:\\\/\\\/www.oracaoefe.com\\\/oracao-para-comecar-bem-o-dia-como-ter-um-dia-abencoado-por-deus\\\/#article\",\"isPartOf\":{\"@id\":\"https:\\\/\\\/www.oracaoefe.com\\\/oracao-para-comecar-bem-o-dia-como-ter-um-dia-abencoado-por-deus\\\/\"},\"author\":{\"name\":\"Michele Azevedo\",\"@id\":\"https:\\\/\\\/www.oracaoefe.com\\\/#\\\/schema\\\/person\\\/17283c669442cf005c4d5bb58adfb7f5\"},\"headline\":\"Ora\u00e7\u00e3o para come\u00e7ar bem o dia: Como ter um dia aben\u00e7oado por Deus\",\"datePublished\":\"2023-01-11T09:00:00+00:00\",\"mainEntityOfPage\":{\"@id\":\"https:\\\/\\\/www.oracaoefe.com\\\/oracao-para-comecar-bem-o-dia-como-ter-um-dia-abencoado-por-deus\\\/\"},\"wordCount\":852,\"image\":{\"@id\":\"https:\\\/\\\/www.oracaoefe.com\\\/oracao-para-comecar-bem-o-dia-como-ter-um-dia-abencoado-por-deus\\\/#primaryimage\"},\"thumbnailUrl\":\"https:\\\/\\\/www.oracaoefe.com\\\/wp-content\\\/uploads\\\/2023\\\/01\\\/image.png\",\"keywords\":[\"ora\u00e7\u00e3o do dia\",\"prece do dia\"],\"articleSection\":[\"Ora\u00e7\u00e3o\"],\"inLanguage\":\"fr-FR\"},{\"@type\":\"WebPage\",\"@id\":\"https:\\\/\\\/www.oracaoefe.com\\\/oracao-para-comecar-bem-o-dia-como-ter-um-dia-abencoado-por-deus\\\/\",\"url\":\"https:\\\/\\\/www.oracaoefe.com\\\/oracao-para-comecar-bem-o-dia-como-ter-um-dia-abencoado-por-deus\\\/\",\"name\":\"Ora\u00e7\u00e3o para come\u00e7ar bem o dia: Como ter um dia aben\u00e7oado por Deus - Ora\u00e7\u00e3o e F\u00e9\",\"isPartOf\":{\"@id\":\"https:\\\/\\\/www.oracaoefe.com\\\/#website\"},\"primaryImageOfPage\":{\"@id\":\"https:\\\/\\\/www.oracaoefe.com\\\/oracao-para-comecar-bem-o-dia-como-ter-um-dia-abencoado-por-deus\\\/#primaryimage\"},\"image\":{\"@id\":\"https:\\\/\\\/www.oracaoefe.com\\\/oracao-para-comecar-bem-o-dia-como-ter-um-dia-abencoado-por-deus\\\/#primaryimage\"},\"thumbnailUrl\":\"https:\\\/\\\/www.oracaoefe.com\\\/wp-content\\\/uploads\\\/2023\\\/01\\\/image.png\",\"datePublished\":\"2023-01-11T09:00:00+00:00\",\"author\":{\"@id\":\"https:\\\/\\\/www.oracaoefe.com\\\/#\\\/schema\\\/person\\\/17283c669442cf005c4d5bb58adfb7f5\"},\"description\":\"Deus tem pra voc\u00ea uma palavra de vida!\",\"breadcrumb\":{\"@id\":\"https:\\\/\\\/www.oracaoefe.com\\\/oracao-para-comecar-bem-o-dia-como-ter-um-dia-abencoado-por-deus\\\/#breadcrumb\"},\"inLanguage\":\"fr-FR\",\"potentialAction\":[{\"@type\":\"ReadAction\",\"target\":[\"https:\\\/\\\/www.oracaoefe.com\\\/oracao-para-comecar-bem-o-dia-como-ter-um-dia-abencoado-por-deus\\\/\"]}]},{\"@type\":\"ImageObject\",\"inLanguage\":\"fr-FR\",\"@id\":\"https:\\\/\\\/www.oracaoefe.com\\\/oracao-para-comecar-bem-o-dia-como-ter-um-dia-abencoado-por-deus\\\/#primaryimage\",\"url\":\"https:\\\/\\\/www.oracaoefe.com\\\/wp-content\\\/uploads\\\/2023\\\/01\\\/image.png\",\"contentUrl\":\"https:\\\/\\\/www.oracaoefe.com\\\/wp-content\\\/uploads\\\/2023\\\/01\\\/image.png\",\"width\":1280,\"height\":960},{\"@type\":\"BreadcrumbList\",\"@id\":\"https:\\\/\\\/www.oracaoefe.com\\\/oracao-para-comecar-bem-o-dia-como-ter-um-dia-abencoado-por-deus\\\/#breadcrumb\",\"itemListElement\":[{\"@type\":\"ListItem\",\"position\":1,\"name\":\"Home\",\"item\":\"https:\\\/\\\/www.oracaoefe.com\\\/\"},{\"@type\":\"ListItem\",\"position\":2,\"name\":\"Ora\u00e7\u00e3o\",\"item\":\"https:\\\/\\\/www.oracaoefe.com\\\/category\\\/oracao\\\/\"},{\"@type\":\"ListItem\",\"position\":3,\"name\":\"Ora\u00e7\u00e3o para come\u00e7ar bem o dia: Como ter um dia aben\u00e7oado por Deus\"}]},{\"@type\":\"WebSite\",\"@id\":\"https:\\\/\\\/www.oracaoefe.com\\\/#website\",\"url\":\"https:\\\/\\\/www.oracaoefe.com\\\/\",\"name\":\"Ora\u00e7\u00e3o e F\u00e9\",\"description\":\"\",\"potentialAction\":[{\"@type\":\"SearchAction\",\"target\":{\"@type\":\"EntryPoint\",\"urlTemplate\":\"https:\\\/\\\/www.oracaoefe.com\\\/?s={search_term_string}\"},\"query-input\":{\"@type\":\"PropertyValueSpecification\",\"valueRequired\":true,\"valueName\":\"search_term_string\"}}],\"inLanguage\":\"fr-FR\"},{\"@type\":\"Person\",\"@id\":\"https:\\\/\\\/www.oracaoefe.com\\\/#\\\/schema\\\/person\\\/17283c669442cf005c4d5bb58adfb7f5\",\"name\":\"Michele Azevedo\",\"image\":{\"@type\":\"ImageObject\",\"inLanguage\":\"fr-FR\",\"@id\":\"https:\\\/\\\/secure.gravatar.com\\\/avatar\\\/6b0eb9d22841282815e2cd856a0061c45e1761cd54b22e952d98c4746939aa85?s=96&d=mm&r=g\",\"url\":\"https:\\\/\\\/secure.gravatar.com\\\/avatar\\\/6b0eb9d22841282815e2cd856a0061c45e1761cd54b22e952d98c4746939aa85?s=96&d=mm&r=g\",\"contentUrl\":\"https:\\\/\\\/secure.gravatar.com\\\/avatar\\\/6b0eb9d22841282815e2cd856a0061c45e1761cd54b22e952d98c4746939aa85?s=96&d=mm&r=g\",\"caption\":\"Michele Azevedo\"},\"description\":\"Formada em Letras - Portugu\u00eas\\\/ Ingl\u00eas pela Universidade Estadual de Ponta Grossa (UEPG), p\u00f3s-graduada em Arte na Educa\u00e7\u00e3o (FAPI) e Psicopedagogia Escolar (FAPI), idealizadora e propriet\u00e1ria do site Escritora de Sucesso, possui experi\u00eancia em escrita para blogs em geral e atua como redatora e revisora dos conte\u00fados do Ora\u00e7\u00e3o e F\u00e9.\",\"url\":\"https:\\\/\\\/www.oracaoefe.com\\\/fr\\\/author\\\/michele-azevedo\\\/\"}]}<\/script>\n<!-- \/ Yoast SEO plugin. -->","yoast_head_json":{"title":"Ora\u00e7\u00e3o para come\u00e7ar bem o dia: Como ter um dia aben\u00e7oado por Deus - Ora\u00e7\u00e3o e F\u00e9","description":"Dieu a une parole de vie pour vous !","robots":{"index":"index","follow":"follow","max-snippet":"max-snippet:-1","max-image-preview":"max-image-preview:large","max-video-preview":"max-video-preview:-1"},"canonical":"https:\/\/www.oracaoefe.com\/fr\/oracao-para-comecar-bem-o-dia-como-ter-um-dia-abencoado-por-deus\/","og_locale":"fr_FR","og_type":"article","og_title":"Ora\u00e7\u00e3o para come\u00e7ar bem o dia: Como ter um dia aben\u00e7oado por Deus - Ora\u00e7\u00e3o e F\u00e9","og_description":"Deus tem pra voc\u00ea uma palavra de vida!","og_url":"https:\/\/www.oracaoefe.com\/fr\/oracao-para-comecar-bem-o-dia-como-ter-um-dia-abencoado-por-deus\/","og_site_name":"Ora\u00e7\u00e3o e F\u00e9","article_published_time":"2023-01-11T09:00:00+00:00","og_image":[{"width":1280,"height":960,"url":"https:\/\/www.oracaoefe.com\/wp-content\/uploads\/2023\/01\/image.png","type":"image\/png"}],"author":"Michele Azevedo","twitter_card":"summary_large_image","twitter_misc":{"\u00c9crit par":"Michele Azevedo","Dur\u00e9e de lecture estim\u00e9e":"4 minutes"},"schema":{"@context":"https:\/\/schema.org","@graph":[{"@type":"Article","@id":"https:\/\/www.oracaoefe.com\/oracao-para-comecar-bem-o-dia-como-ter-um-dia-abencoado-por-deus\/#article","isPartOf":{"@id":"https:\/\/www.oracaoefe.com\/oracao-para-comecar-bem-o-dia-como-ter-um-dia-abencoado-por-deus\/"},"author":{"name":"Michele Azevedo","@id":"https:\/\/www.oracaoefe.com\/#\/schema\/person\/17283c669442cf005c4d5bb58adfb7f5"},"headline":"Ora\u00e7\u00e3o para come\u00e7ar bem o dia: Como ter um dia aben\u00e7oado por Deus","datePublished":"2023-01-11T09:00:00+00:00","mainEntityOfPage":{"@id":"https:\/\/www.oracaoefe.com\/oracao-para-comecar-bem-o-dia-como-ter-um-dia-abencoado-por-deus\/"},"wordCount":852,"image":{"@id":"https:\/\/www.oracaoefe.com\/oracao-para-comecar-bem-o-dia-como-ter-um-dia-abencoado-por-deus\/#primaryimage"},"thumbnailUrl":"https:\/\/www.oracaoefe.com\/wp-content\/uploads\/2023\/01\/image.png","keywords":["ora\u00e7\u00e3o do dia","prece do dia"],"articleSection":["Ora\u00e7\u00e3o"],"inLanguage":"fr-FR"},{"@type":"WebPage","@id":"https:\/\/www.oracaoefe.com\/oracao-para-comecar-bem-o-dia-como-ter-um-dia-abencoado-por-deus\/","url":"https:\/\/www.oracaoefe.com\/oracao-para-comecar-bem-o-dia-como-ter-um-dia-abencoado-por-deus\/","name":"Ora\u00e7\u00e3o para come\u00e7ar bem o dia: Como ter um dia aben\u00e7oado por Deus - Ora\u00e7\u00e3o e F\u00e9","isPartOf":{"@id":"https:\/\/www.oracaoefe.com\/#website"},"primaryImageOfPage":{"@id":"https:\/\/www.oracaoefe.com\/oracao-para-comecar-bem-o-dia-como-ter-um-dia-abencoado-por-deus\/#primaryimage"},"image":{"@id":"https:\/\/www.oracaoefe.com\/oracao-para-comecar-bem-o-dia-como-ter-um-dia-abencoado-por-deus\/#primaryimage"},"thumbnailUrl":"https:\/\/www.oracaoefe.com\/wp-content\/uploads\/2023\/01\/image.png","datePublished":"2023-01-11T09:00:00+00:00","author":{"@id":"https:\/\/www.oracaoefe.com\/#\/schema\/person\/17283c669442cf005c4d5bb58adfb7f5"},"description":"Dieu a une parole de vie pour vous !","breadcrumb":{"@id":"https:\/\/www.oracaoefe.com\/oracao-para-comecar-bem-o-dia-como-ter-um-dia-abencoado-por-deus\/#breadcrumb"},"inLanguage":"fr-FR","potentialAction":[{"@type":"ReadAction","target":["https:\/\/www.oracaoefe.com\/oracao-para-comecar-bem-o-dia-como-ter-um-dia-abencoado-por-deus\/"]}]},{"@type":"ImageObject","inLanguage":"fr-FR","@id":"https:\/\/www.oracaoefe.com\/oracao-para-comecar-bem-o-dia-como-ter-um-dia-abencoado-por-deus\/#primaryimage","url":"https:\/\/www.oracaoefe.com\/wp-content\/uploads\/2023\/01\/image.png","contentUrl":"https:\/\/www.oracaoefe.com\/wp-content\/uploads\/2023\/01\/image.png","width":1280,"height":960},{"@type":"BreadcrumbList","@id":"https:\/\/www.oracaoefe.com\/oracao-para-comecar-bem-o-dia-como-ter-um-dia-abencoado-por-deus\/#breadcrumb","itemListElement":[{"@type":"ListItem","position":1,"name":"Home","item":"https:\/\/www.oracaoefe.com\/"},{"@type":"ListItem","position":2,"name":"Ora\u00e7\u00e3o","item":"https:\/\/www.oracaoefe.com\/category\/oracao\/"},{"@type":"ListItem","position":3,"name":"Ora\u00e7\u00e3o para come\u00e7ar bem o dia: Como ter um dia aben\u00e7oado por Deus"}]},{"@type":"WebSite","@id":"https:\/\/www.oracaoefe.com\/#website","url":"https:\/\/www.oracaoefe.com\/","name":"Pri\u00e8re et foi","description":"","potentialAction":[{"@type":"SearchAction","target":{"@type":"EntryPoint","urlTemplate":"https:\/\/www.oracaoefe.com\/?s={search_term_string}"},"query-input":{"@type":"PropertyValueSpecification","valueRequired":true,"valueName":"search_term_string"}}],"inLanguage":"fr-FR"},{"@type":"Person","@id":"https:\/\/www.oracaoefe.com\/#\/schema\/person\/17283c669442cf005c4d5bb58adfb7f5","name":"Michele Azevedo","image":{"@type":"ImageObject","inLanguage":"fr-FR","@id":"https:\/\/secure.gravatar.com\/avatar\/6b0eb9d22841282815e2cd856a0061c45e1761cd54b22e952d98c4746939aa85?s=96&d=mm&r=g","url":"https:\/\/secure.gravatar.com\/avatar\/6b0eb9d22841282815e2cd856a0061c45e1761cd54b22e952d98c4746939aa85?s=96&d=mm&r=g","contentUrl":"https:\/\/secure.gravatar.com\/avatar\/6b0eb9d22841282815e2cd856a0061c45e1761cd54b22e952d98c4746939aa85?s=96&d=mm&r=g","caption":"Michele Azevedo"},"description":"Dipl\u00f4m\u00e9e en litt\u00e9rature portugaise\/anglaise de l&#039;Universit\u00e9 d&#039;\u00c9tat de Ponta Grossa (UEPG), avec des dipl\u00f4mes de troisi\u00e8me cycle en art dans l&#039;\u00e9ducation (FAPI) et en psychop\u00e9dagogie scolaire (FAPI), elle est la cr\u00e9atrice et propri\u00e9taire du site web Escritora de Sucesso, a de l&#039;exp\u00e9rience dans l&#039;\u00e9criture pour les blogs en g\u00e9n\u00e9ral et travaille comme r\u00e9dactrice et \u00e9ditrice du contenu pour Ora\u00e7\u00e3o e F\u00e9.","url":"https:\/\/www.oracaoefe.com\/fr\/author\/michele-azevedo\/"}]}},"_links":{"self":[{"href":"https:\/\/www.oracaoefe.com\/fr\/wp-json\/wp\/v2\/posts\/1570","targetHints":{"allow":["GET"]}}],"collection":[{"href":"https:\/\/www.oracaoefe.com\/fr\/wp-json\/wp\/v2\/posts"}],"about":[{"href":"https:\/\/www.oracaoefe.com\/fr\/wp-json\/wp\/v2\/types\/post"}],"author":[{"embeddable":true,"href":"https:\/\/www.oracaoefe.com\/fr\/wp-json\/wp\/v2\/users\/3"}],"replies":[{"embeddable":true,"href":"https:\/\/www.oracaoefe.com\/fr\/wp-json\/wp\/v2\/comments?post=1570"}],"version-history":[{"count":2,"href":"https:\/\/www.oracaoefe.com\/fr\/wp-json\/wp\/v2\/posts\/1570\/revisions"}],"predecessor-version":[{"id":1574,"href":"https:\/\/www.oracaoefe.com\/fr\/wp-json\/wp\/v2\/posts\/1570\/revisions\/1574"}],"wp:featuredmedia":[{"embeddable":true,"href":"https:\/\/www.oracaoefe.com\/fr\/wp-json\/wp\/v2\/media\/1571"}],"wp:attachment":[{"href":"https:\/\/www.oracaoefe.com\/fr\/wp-json\/wp\/v2\/media?parent=1570"}],"wp:term":[{"taxonomy":"category","embeddable":true,"href":"https:\/\/www.oracaoefe.com\/fr\/wp-json\/wp\/v2\/categories?post=1570"},{"taxonomy":"post_tag","embeddable":true,"href":"https:\/\/www.oracaoefe.com\/fr\/wp-json\/wp\/v2\/tags?post=1570"}],"curies":[{"name":"wp","href":"https:\/\/api.w.org\/{rel}","templated":true}]}}