{"id":138,"date":"2022-09-20T20:33:56","date_gmt":"2022-09-20T23:33:56","guid":{"rendered":"https:\/\/www.oracaoefe.com\/?p=138"},"modified":"2022-09-25T21:41:18","modified_gmt":"2022-09-26T00:41:18","slug":"oracao-acalmar","status":"publish","type":"post","link":"https:\/\/www.oracaoefe.com\/fr\/oracao-acalmar\/","title":{"rendered":"Pri\u00e8re apaisante"},"content":{"rendered":"<div class=\"wp-block-post-date\"><time datetime=\"2022-09-20T20:33:56-03:00\">septembre 20, 2022<\/time><\/div>\n\n\n<p class=\"wp-block-paragraph\">Foque seu pensamento em coisas boas quando for realizar sua <a href=\"https:\/\/www.oracaoefe.com\/fr\/\">ora\u00e7\u00e3o<\/a> para acalmar. <br><br>&#8220;N\u00e3o temas, pois Eu sou contigo; n\u00e3o te assombres, pois Eu sou o teu Deus. Eu te fortalecerei, e te ajudarei, Eu te sustentarei com a destra da minha justi\u00e7a&#8221;. (Salmos 41:0-11)<\/p>\n\n\n\n<p class=\"wp-block-paragraph\">Lembre-se que Deus \u00e9 o nosso Ref\u00fagio. Aquieta seu cora\u00e7\u00e3o. Ore no seu quarto em secreto, que teu Pai te recompensar\u00e1.<\/p>\n\n\n\n<p class=\"wp-block-paragraph\">&#8220;Deus \u00e9 o nosso ref\u00fagio e fortaleza, socorro bem presente na ang\u00fastia&#8221;. (Salmos 46:1)<\/p>\n\n\n\n<p class=\"wp-block-paragraph\">N\u00e3o guarde rancor de quem te feriu, o melhor a fazer \u00e9 perdoa. Deus quer de n\u00f3s aquilo que Ele nos deu. Ele espera que n\u00f3s perdoemos assim como ele perdoou. Busque a ajuda de Deus na palavra para perdoar.<\/p>\n\n\n\n<p class=\"wp-block-paragraph\">Muitas vezes, n\u00e3o queremos lidar com as coisas. Fingimos que n\u00e3o est\u00e3o l\u00e1, nos escondemos, fugimos e as encobrimos de v\u00e1rias maneiras. Esperamos muitas vezes, que de alguma maneira elas desapareceram.<\/p>\n\n\n\n<p class=\"wp-block-paragraph\">Busque a paz e desfrute a vida. Fuja da raiva, pois ela \u00e9 ruim, \u00e9 um problema grande. H\u00e1 muita raiva no mundo, no tr\u00e2nsito, nas lojas&#8230;<\/p>\n\n\n\n<p class=\"wp-block-paragraph\">N\u00e3o viva de acordo com os sentimentos para n\u00e3o correr o risco de se tornar emocionalmente viciado. Antes, levante a sua cabe\u00e7a e viva em Deus. Viva em liberdade.<\/p>\n\n\n\n<p class=\"wp-block-paragraph\">Liberdade n\u00e3o \u00e9 conseguir tudo que voc\u00ea quer, mas sim ser capaz de ser alegre e emocionalmente est\u00e1vel mesmo quando n\u00e3o consegue o que quer. \u00c9 a paz que excede todo o entendimento.<\/p>\n\n\n\n<p class=\"wp-block-paragraph\">Ent\u00e3o ore em paz e tranquilidade. A <a href=\"https:\/\/pt.wikipedia.org\/wiki\/Ora%C3%A7%C3%A3o\">ora\u00e7\u00e3o<\/a> para acalmar \u00e9 o maior privil\u00e9gio que temos.<\/p>\n\n\n\n<p class=\"wp-block-paragraph\">N\u00e3o s\u00e3o as circunst\u00e2ncias que nos fazem infelizes. Jesus n\u00e3o foi pessimista. Ele foi otimista acima de tudo.<\/p>\n\n\n\n<p class=\"wp-block-paragraph\">H\u00e1 muitas coisas que as pessoas podem tirar de voc\u00ea, mas ningu\u00e9m pode for\u00e7ar voc\u00ea a ser pessimista.<\/p>\n\n\n\n<p class=\"wp-block-paragraph\">Ent\u00e3o, conhe\u00e7a esta ora\u00e7\u00e3o para que acalmar sua vida e cora\u00e7\u00e3o. Fa\u00e7a-a acreditando que o melhor est\u00e1 por vir:<\/p>\n\n\n\n<h2 class=\"wp-block-heading\">Ora\u00e7\u00e3o que acalma a vida e o cora\u00e7\u00e3o<\/h2>\n\n\n\n<p class=\"wp-block-paragraph\">&#8220;Senhor, instrui meus olhos para que eu veja os defeitos da minha alma, e vendo-os, n\u00e3o comente os defeitos alheios.<\/p>\n\n\n\n<p class=\"wp-block-paragraph\">Senhor, arranca a minha tristeza, mas n\u00e3o a leves para mais ningu\u00e9m.<\/p>\n\n\n\n<p class=\"wp-block-paragraph\">Transborda meu cora\u00e7\u00e3o com a divina f\u00e9, para sempre louvar o teu nome.<\/p>\n\n\n\n<p class=\"wp-block-paragraph\">Tira de mim o orgulho e o arrog\u00e2ncia.<\/p>\n\n\n\n<p class=\"wp-block-paragraph\">Senhor, fazei de mim realmente justo e correto.<\/p>\n\n\n\n<p class=\"wp-block-paragraph\">D\u00e1-me esperan\u00e7a para ser positivo e vencer todas as batalhas terrenas.<\/p>\n\n\n\n<p class=\"wp-block-paragraph\">Planta em meu cora\u00e7\u00e3o a semente do amor incondicional e ajuda-me a fazer feliz o maior n\u00famero poss\u00edvel de pessoas para ampliar seus dias risonhos e resumir suas noites tristonhas.<\/p>\n\n\n\n<p class=\"wp-block-paragraph\">Transforme meus oponentes em companheiros, meus companheiros em amigos e meus amigos em entes queridos.<\/p>\n\n\n\n<p class=\"wp-block-paragraph\">N\u00e3o permita que eu seja um cordeiro perante os fortes, nem um le\u00e3o perante os fracos.<\/p>\n\n\n\n<p class=\"wp-block-paragraph\">D\u00e1-me Senhor, a capacidade para perdoar e tira de mim o desejo da revanche.<\/p>\n\n\n\n<p class=\"wp-block-paragraph\">Am\u00e9m!!!&#8221;<\/p>\n\n\n\n<p class=\"wp-block-paragraph\">Deus conhece o seu cora\u00e7\u00e3o, ent\u00e3o coloque seus olhos sobre como Deus o v\u00ea.<\/p>\n\n\n\n<p class=\"wp-block-paragraph\">Uma atitude positiva pode fazer toda a diferen\u00e7a na sua vida. Uma atitude agradecida precisa estar a frente dos pensamentos.<\/p>\n\n\n\n<p class=\"wp-block-paragraph\">Respirar e relaxar \u00e9 o que Deus espera de voc\u00ea. Ele quer desfrute voc\u00ea a vida.<\/p>\n\n\n\n<p class=\"wp-block-paragraph\">Jesus era humilde, manso e simples. Por isso mantenha a paz e aquieta a alma, pois a batalha pertence a Deus.<\/p>\n\n\n\n<p class=\"wp-block-paragraph\">Quanto mais paz sentir, mais poder ter\u00e1. Tranquilidade \u00e9 estar confiante em Deus. \u00c9 um estado de conforto, livre de dificuldade, de grande esfor\u00e7o, \u00e9 uma naturalidade.<\/p>\n\n\n\n<p class=\"wp-block-paragraph\">Ore sempre pois Deus pode fazer em um minuto tudo o que n\u00e3o podemos fazer em um vida inteira.<\/p>\n\n\n\n<p class=\"wp-block-paragraph\"><strong>Deixe nos coment\u00e1rios seu Pedido de Ora\u00e7\u00e3o. Deus \u00e9 contigo! Creia!<\/strong><\/p>","protected":false},"excerpt":{"rendered":"<p>Foque seu pensamento em coisas boas quando for realizar sua ora\u00e7\u00e3o para acalmar. <\/p>","protected":false},"author":1,"featured_media":422,"comment_status":"open","ping_status":"closed","sticky":false,"template":"","format":"standard","meta":{"neve_meta_sidebar":"","neve_meta_container":"","neve_meta_enable_content_width":"","neve_meta_content_width":0,"neve_meta_title_alignment":"","neve_meta_author_avatar":"","neve_post_elements_order":"","neve_meta_disable_header":"","neve_meta_disable_footer":"","neve_meta_disable_title":"","footnotes":""},"categories":[2],"tags":[19,20,16,17,18],"class_list":["post-138","post","type-post","status-publish","format-standard","has-post-thumbnail","hentry","category-oracao","tag-desfrutar-a-vida","tag-deus","tag-oracao","tag-paz","tag-tranquilidade"],"yoast_head":"<!-- This site is optimized with the Yoast SEO plugin v28.4 - https:\/\/yoast.com\/product\/yoast-seo-wordpress\/ -->\n<title>Ora\u00e7\u00e3o para acalmar - Ora\u00e7\u00e3o e F\u00e9<\/title>\n<meta name=\"description\" content=\"Foque seu pensamento em coisas boas quando for realizar sua ora\u00e7\u00e3o para acalmar. &quot;N\u00e3o temas, pois Eu sou contigo; n\u00e3o te assombres...\" \/>\n<meta name=\"robots\" content=\"index, follow, max-snippet:-1, max-image-preview:large, max-video-preview:-1\" \/>\n<link rel=\"canonical\" href=\"https:\/\/www.oracaoefe.com\/fr\/oracao-acalmar\/\" \/>\n<meta property=\"og:locale\" content=\"fr_FR\" \/>\n<meta property=\"og:type\" content=\"article\" \/>\n<meta property=\"og:title\" content=\"Ora\u00e7\u00e3o para acalmar - Ora\u00e7\u00e3o e F\u00e9\" \/>\n<meta property=\"og:description\" content=\"Foque seu pensamento em coisas boas quando for realizar sua ora\u00e7\u00e3o para acalmar. &quot;N\u00e3o temas, pois Eu sou contigo; n\u00e3o te assombres...\" \/>\n<meta property=\"og:url\" content=\"https:\/\/www.oracaoefe.com\/fr\/oracao-acalmar\/\" \/>\n<meta property=\"og:site_name\" content=\"Ora\u00e7\u00e3o e F\u00e9\" \/>\n<meta property=\"article:published_time\" content=\"2022-09-20T23:33:56+00:00\" \/>\n<meta property=\"article:modified_time\" content=\"2022-09-26T00:41:18+00:00\" \/>\n<meta property=\"og:image\" content=\"https:\/\/www.oracaoefe.com\/wp-content\/uploads\/2022\/09\/Oracao-para-acalmar.jpg\" \/>\n\t<meta property=\"og:image:width\" content=\"1200\" \/>\n\t<meta property=\"og:image:height\" content=\"675\" \/>\n\t<meta property=\"og:image:type\" content=\"image\/jpeg\" \/>\n<meta name=\"author\" content=\"Maria\" \/>\n<meta name=\"twitter:card\" content=\"summary_large_image\" \/>\n<meta name=\"twitter:label1\" content=\"\u00c9crit par\" \/>\n\t<meta name=\"twitter:data1\" content=\"Maria\" \/>\n\t<meta name=\"twitter:label2\" content=\"Dur\u00e9e de lecture estim\u00e9e\" \/>\n\t<meta name=\"twitter:data2\" content=\"3 minutes\" \/>\n<script type=\"application\/ld+json\" class=\"yoast-schema-graph\">{\"@context\":\"https:\\\/\\\/schema.org\",\"@graph\":[{\"@type\":\"Article\",\"@id\":\"https:\\\/\\\/www.oracaoefe.com\\\/es\\\/oracion-tranquila\\\/#article\",\"isPartOf\":{\"@id\":\"https:\\\/\\\/www.oracaoefe.com\\\/es\\\/oracion-tranquila\\\/\"},\"author\":{\"name\":\"Maria\",\"@id\":\"https:\\\/\\\/www.oracaoefe.com\\\/#\\\/schema\\\/person\\\/27873f1e6043866689f5091b5139f23d\"},\"headline\":\"Ora\u00e7\u00e3o para acalmar\",\"datePublished\":\"2022-09-20T23:33:56+00:00\",\"dateModified\":\"2022-09-26T00:41:18+00:00\",\"mainEntityOfPage\":{\"@id\":\"https:\\\/\\\/www.oracaoefe.com\\\/es\\\/oracion-tranquila\\\/\"},\"wordCount\":644,\"commentCount\":0,\"image\":{\"@id\":\"https:\\\/\\\/www.oracaoefe.com\\\/es\\\/oracion-tranquila\\\/#primaryimage\"},\"thumbnailUrl\":\"https:\\\/\\\/www.oracaoefe.com\\\/wp-content\\\/uploads\\\/2022\\\/09\\\/Oracao-para-acalmar.jpg\",\"keywords\":[\"desfrutar a vida\",\"Deus\",\"ora\u00e7\u00e3o\",\"paz\",\"tranquilidade\"],\"articleSection\":[\"Ora\u00e7\u00e3o\"],\"inLanguage\":\"fr-FR\",\"potentialAction\":[{\"@type\":\"CommentAction\",\"name\":\"Comment\",\"target\":[\"https:\\\/\\\/www.oracaoefe.com\\\/es\\\/oracion-tranquila\\\/#respond\"]}]},{\"@type\":\"WebPage\",\"@id\":\"https:\\\/\\\/www.oracaoefe.com\\\/es\\\/oracion-tranquila\\\/\",\"url\":\"https:\\\/\\\/www.oracaoefe.com\\\/es\\\/oracion-tranquila\\\/\",\"name\":\"Ora\u00e7\u00e3o para acalmar - Ora\u00e7\u00e3o e F\u00e9\",\"isPartOf\":{\"@id\":\"https:\\\/\\\/www.oracaoefe.com\\\/#website\"},\"primaryImageOfPage\":{\"@id\":\"https:\\\/\\\/www.oracaoefe.com\\\/es\\\/oracion-tranquila\\\/#primaryimage\"},\"image\":{\"@id\":\"https:\\\/\\\/www.oracaoefe.com\\\/es\\\/oracion-tranquila\\\/#primaryimage\"},\"thumbnailUrl\":\"https:\\\/\\\/www.oracaoefe.com\\\/wp-content\\\/uploads\\\/2022\\\/09\\\/Oracao-para-acalmar.jpg\",\"datePublished\":\"2022-09-20T23:33:56+00:00\",\"dateModified\":\"2022-09-26T00:41:18+00:00\",\"author\":{\"@id\":\"https:\\\/\\\/www.oracaoefe.com\\\/#\\\/schema\\\/person\\\/27873f1e6043866689f5091b5139f23d\"},\"description\":\"Foque seu pensamento em coisas boas quando for realizar sua ora\u00e7\u00e3o para acalmar. \\\"N\u00e3o temas, pois Eu sou contigo; n\u00e3o te assombres...\",\"breadcrumb\":{\"@id\":\"https:\\\/\\\/www.oracaoefe.com\\\/es\\\/oracion-tranquila\\\/#breadcrumb\"},\"inLanguage\":\"fr-FR\",\"potentialAction\":[{\"@type\":\"ReadAction\",\"target\":[\"https:\\\/\\\/www.oracaoefe.com\\\/es\\\/oracion-tranquila\\\/\"]}]},{\"@type\":\"ImageObject\",\"inLanguage\":\"fr-FR\",\"@id\":\"https:\\\/\\\/www.oracaoefe.com\\\/es\\\/oracion-tranquila\\\/#primaryimage\",\"url\":\"https:\\\/\\\/www.oracaoefe.com\\\/wp-content\\\/uploads\\\/2022\\\/09\\\/Oracao-para-acalmar.jpg\",\"contentUrl\":\"https:\\\/\\\/www.oracaoefe.com\\\/wp-content\\\/uploads\\\/2022\\\/09\\\/Oracao-para-acalmar.jpg\",\"width\":1200,\"height\":675,\"caption\":\"Ora\u00e7\u00e3o para acalmar\"},{\"@type\":\"BreadcrumbList\",\"@id\":\"https:\\\/\\\/www.oracaoefe.com\\\/es\\\/oracion-tranquila\\\/#breadcrumb\",\"itemListElement\":[{\"@type\":\"ListItem\",\"position\":1,\"name\":\"Home\",\"item\":\"https:\\\/\\\/www.oracaoefe.com\\\/\"},{\"@type\":\"ListItem\",\"position\":2,\"name\":\"Ora\u00e7\u00e3o\",\"item\":\"https:\\\/\\\/www.oracaoefe.com\\\/category\\\/oracao\\\/\"},{\"@type\":\"ListItem\",\"position\":3,\"name\":\"Ora\u00e7\u00e3o para acalmar\"}]},{\"@type\":\"WebSite\",\"@id\":\"https:\\\/\\\/www.oracaoefe.com\\\/#website\",\"url\":\"https:\\\/\\\/www.oracaoefe.com\\\/\",\"name\":\"Ora\u00e7\u00e3o e F\u00e9\",\"description\":\"\",\"potentialAction\":[{\"@type\":\"SearchAction\",\"target\":{\"@type\":\"EntryPoint\",\"urlTemplate\":\"https:\\\/\\\/www.oracaoefe.com\\\/?s={search_term_string}\"},\"query-input\":{\"@type\":\"PropertyValueSpecification\",\"valueRequired\":true,\"valueName\":\"search_term_string\"}}],\"inLanguage\":\"fr-FR\"},{\"@type\":\"Person\",\"@id\":\"https:\\\/\\\/www.oracaoefe.com\\\/#\\\/schema\\\/person\\\/27873f1e6043866689f5091b5139f23d\",\"name\":\"Maria\",\"image\":{\"@type\":\"ImageObject\",\"inLanguage\":\"fr-FR\",\"@id\":\"https:\\\/\\\/secure.gravatar.com\\\/avatar\\\/4cac5ea56d40d599bd7348d330a83b1c84cd229296d1613cd1c7f6740561d0c9?s=96&d=mm&r=g\",\"url\":\"https:\\\/\\\/secure.gravatar.com\\\/avatar\\\/4cac5ea56d40d599bd7348d330a83b1c84cd229296d1613cd1c7f6740561d0c9?s=96&d=mm&r=g\",\"contentUrl\":\"https:\\\/\\\/secure.gravatar.com\\\/avatar\\\/4cac5ea56d40d599bd7348d330a83b1c84cd229296d1613cd1c7f6740561d0c9?s=96&d=mm&r=g\",\"caption\":\"Maria\"},\"description\":\"Meu nome \u00e9 Maria e sou apaixonada por teologia, espiritualidade e estudos religiosos. H\u00e1 mais de 5 anos escrevo sobre o universo da f\u00e9, pesquisando diferentes religi\u00f5es, doutrinas, tradi\u00e7\u00f5es espirituais e curiosidades religiosas ao redor do mundo. Tenho grande interesse em compreender como a f\u00e9 e a religiosidade se manifestam em diferentes culturas, pa\u00edses e idiomas, sempre buscando aprender mais sobre os costumes, cren\u00e7as e hist\u00f3rias que influenciam milh\u00f5es de pessoas diariamente. Atualmente, atuo como redatora no portal Ora\u00e7\u00e3o e F\u00e9, onde compartilho conte\u00fados informativos, reflexivos e inspiradores voltados ao universo religioso e espiritual. Meu objetivo \u00e9 levar conhecimento, curiosidades e mensagens enriquecedoras para leitores que desejam aprofundar sua compreens\u00e3o sobre f\u00e9, religi\u00e3o e espiritualidade no mundo moderno.\",\"sameAs\":[\"https:\\\/\\\/www.oracaoefe.com\"],\"url\":\"https:\\\/\\\/www.oracaoefe.com\\\/fr\\\/author\\\/admin\\\/\"}]}<\/script>\n<!-- \/ Yoast SEO plugin. -->","yoast_head_json":{"title":"Ora\u00e7\u00e3o para acalmar - Ora\u00e7\u00e3o e F\u00e9","description":"Foque seu pensamento em coisas boas quando for realizar sua ora\u00e7\u00e3o para acalmar. \"N\u00e3o temas, pois Eu sou contigo; n\u00e3o te assombres...","robots":{"index":"index","follow":"follow","max-snippet":"max-snippet:-1","max-image-preview":"max-image-preview:large","max-video-preview":"max-video-preview:-1"},"canonical":"https:\/\/www.oracaoefe.com\/fr\/oracao-acalmar\/","og_locale":"fr_FR","og_type":"article","og_title":"Ora\u00e7\u00e3o para acalmar - Ora\u00e7\u00e3o e F\u00e9","og_description":"Foque seu pensamento em coisas boas quando for realizar sua ora\u00e7\u00e3o para acalmar. \"N\u00e3o temas, pois Eu sou contigo; n\u00e3o te assombres...","og_url":"https:\/\/www.oracaoefe.com\/fr\/oracao-acalmar\/","og_site_name":"Ora\u00e7\u00e3o e F\u00e9","article_published_time":"2022-09-20T23:33:56+00:00","article_modified_time":"2022-09-26T00:41:18+00:00","og_image":[{"width":1200,"height":675,"url":"https:\/\/www.oracaoefe.com\/wp-content\/uploads\/2022\/09\/Oracao-para-acalmar.jpg","type":"image\/jpeg"}],"author":"Maria","twitter_card":"summary_large_image","twitter_misc":{"\u00c9crit par":"Maria","Dur\u00e9e de lecture estim\u00e9e":"3 minutes"},"schema":{"@context":"https:\/\/schema.org","@graph":[{"@type":"Article","@id":"https:\/\/www.oracaoefe.com\/es\/oracion-tranquila\/#article","isPartOf":{"@id":"https:\/\/www.oracaoefe.com\/es\/oracion-tranquila\/"},"author":{"name":"Maria","@id":"https:\/\/www.oracaoefe.com\/#\/schema\/person\/27873f1e6043866689f5091b5139f23d"},"headline":"Ora\u00e7\u00e3o para acalmar","datePublished":"2022-09-20T23:33:56+00:00","dateModified":"2022-09-26T00:41:18+00:00","mainEntityOfPage":{"@id":"https:\/\/www.oracaoefe.com\/es\/oracion-tranquila\/"},"wordCount":644,"commentCount":0,"image":{"@id":"https:\/\/www.oracaoefe.com\/es\/oracion-tranquila\/#primaryimage"},"thumbnailUrl":"https:\/\/www.oracaoefe.com\/wp-content\/uploads\/2022\/09\/Oracao-para-acalmar.jpg","keywords":["desfrutar a vida","Deus","ora\u00e7\u00e3o","paz","tranquilidade"],"articleSection":["Ora\u00e7\u00e3o"],"inLanguage":"fr-FR","potentialAction":[{"@type":"CommentAction","name":"Comment","target":["https:\/\/www.oracaoefe.com\/es\/oracion-tranquila\/#respond"]}]},{"@type":"WebPage","@id":"https:\/\/www.oracaoefe.com\/es\/oracion-tranquila\/","url":"https:\/\/www.oracaoefe.com\/es\/oracion-tranquila\/","name":"Ora\u00e7\u00e3o para acalmar - Ora\u00e7\u00e3o e F\u00e9","isPartOf":{"@id":"https:\/\/www.oracaoefe.com\/#website"},"primaryImageOfPage":{"@id":"https:\/\/www.oracaoefe.com\/es\/oracion-tranquila\/#primaryimage"},"image":{"@id":"https:\/\/www.oracaoefe.com\/es\/oracion-tranquila\/#primaryimage"},"thumbnailUrl":"https:\/\/www.oracaoefe.com\/wp-content\/uploads\/2022\/09\/Oracao-para-acalmar.jpg","datePublished":"2022-09-20T23:33:56+00:00","dateModified":"2022-09-26T00:41:18+00:00","author":{"@id":"https:\/\/www.oracaoefe.com\/#\/schema\/person\/27873f1e6043866689f5091b5139f23d"},"description":"Foque seu pensamento em coisas boas quando for realizar sua ora\u00e7\u00e3o para acalmar. \"N\u00e3o temas, pois Eu sou contigo; n\u00e3o te assombres...","breadcrumb":{"@id":"https:\/\/www.oracaoefe.com\/es\/oracion-tranquila\/#breadcrumb"},"inLanguage":"fr-FR","potentialAction":[{"@type":"ReadAction","target":["https:\/\/www.oracaoefe.com\/es\/oracion-tranquila\/"]}]},{"@type":"ImageObject","inLanguage":"fr-FR","@id":"https:\/\/www.oracaoefe.com\/es\/oracion-tranquila\/#primaryimage","url":"https:\/\/www.oracaoefe.com\/wp-content\/uploads\/2022\/09\/Oracao-para-acalmar.jpg","contentUrl":"https:\/\/www.oracaoefe.com\/wp-content\/uploads\/2022\/09\/Oracao-para-acalmar.jpg","width":1200,"height":675,"caption":"Ora\u00e7\u00e3o para acalmar"},{"@type":"BreadcrumbList","@id":"https:\/\/www.oracaoefe.com\/es\/oracion-tranquila\/#breadcrumb","itemListElement":[{"@type":"ListItem","position":1,"name":"Home","item":"https:\/\/www.oracaoefe.com\/"},{"@type":"ListItem","position":2,"name":"Ora\u00e7\u00e3o","item":"https:\/\/www.oracaoefe.com\/category\/oracao\/"},{"@type":"ListItem","position":3,"name":"Ora\u00e7\u00e3o para acalmar"}]},{"@type":"WebSite","@id":"https:\/\/www.oracaoefe.com\/#website","url":"https:\/\/www.oracaoefe.com\/","name":"Pri\u00e8re et foi","description":"","potentialAction":[{"@type":"SearchAction","target":{"@type":"EntryPoint","urlTemplate":"https:\/\/www.oracaoefe.com\/?s={search_term_string}"},"query-input":{"@type":"PropertyValueSpecification","valueRequired":true,"valueName":"search_term_string"}}],"inLanguage":"fr-FR"},{"@type":"Person","@id":"https:\/\/www.oracaoefe.com\/#\/schema\/person\/27873f1e6043866689f5091b5139f23d","name":"Maria","image":{"@type":"ImageObject","inLanguage":"fr-FR","@id":"https:\/\/secure.gravatar.com\/avatar\/4cac5ea56d40d599bd7348d330a83b1c84cd229296d1613cd1c7f6740561d0c9?s=96&d=mm&r=g","url":"https:\/\/secure.gravatar.com\/avatar\/4cac5ea56d40d599bd7348d330a83b1c84cd229296d1613cd1c7f6740561d0c9?s=96&d=mm&r=g","contentUrl":"https:\/\/secure.gravatar.com\/avatar\/4cac5ea56d40d599bd7348d330a83b1c84cd229296d1613cd1c7f6740561d0c9?s=96&d=mm&r=g","caption":"Maria"},"description":"Meu nome \u00e9 Maria e sou apaixonada por teologia, espiritualidade e estudos religiosos. H\u00e1 mais de 5 anos escrevo sobre o universo da f\u00e9, pesquisando diferentes religi\u00f5es, doutrinas, tradi\u00e7\u00f5es espirituais e curiosidades religiosas ao redor do mundo. Tenho grande interesse em compreender como a f\u00e9 e a religiosidade se manifestam em diferentes culturas, pa\u00edses e idiomas, sempre buscando aprender mais sobre os costumes, cren\u00e7as e hist\u00f3rias que influenciam milh\u00f5es de pessoas diariamente. Atualmente, atuo como redatora no portal Ora\u00e7\u00e3o e F\u00e9, onde compartilho conte\u00fados informativos, reflexivos e inspiradores voltados ao universo religioso e espiritual. Meu objetivo \u00e9 levar conhecimento, curiosidades e mensagens enriquecedoras para leitores que desejam aprofundar sua compreens\u00e3o sobre f\u00e9, religi\u00e3o e espiritualidade no mundo moderno.","sameAs":["https:\/\/www.oracaoefe.com"],"url":"https:\/\/www.oracaoefe.com\/fr\/author\/admin\/"}]}},"_links":{"self":[{"href":"https:\/\/www.oracaoefe.com\/fr\/wp-json\/wp\/v2\/posts\/138","targetHints":{"allow":["GET"]}}],"collection":[{"href":"https:\/\/www.oracaoefe.com\/fr\/wp-json\/wp\/v2\/posts"}],"about":[{"href":"https:\/\/www.oracaoefe.com\/fr\/wp-json\/wp\/v2\/types\/post"}],"author":[{"embeddable":true,"href":"https:\/\/www.oracaoefe.com\/fr\/wp-json\/wp\/v2\/users\/1"}],"replies":[{"embeddable":true,"href":"https:\/\/www.oracaoefe.com\/fr\/wp-json\/wp\/v2\/comments?post=138"}],"version-history":[{"count":3,"href":"https:\/\/www.oracaoefe.com\/fr\/wp-json\/wp\/v2\/posts\/138\/revisions"}],"predecessor-version":[{"id":423,"href":"https:\/\/www.oracaoefe.com\/fr\/wp-json\/wp\/v2\/posts\/138\/revisions\/423"}],"wp:featuredmedia":[{"embeddable":true,"href":"https:\/\/www.oracaoefe.com\/fr\/wp-json\/wp\/v2\/media\/422"}],"wp:attachment":[{"href":"https:\/\/www.oracaoefe.com\/fr\/wp-json\/wp\/v2\/media?parent=138"}],"wp:term":[{"taxonomy":"category","embeddable":true,"href":"https:\/\/www.oracaoefe.com\/fr\/wp-json\/wp\/v2\/categories?post=138"},{"taxonomy":"post_tag","embeddable":true,"href":"https:\/\/www.oracaoefe.com\/fr\/wp-json\/wp\/v2\/tags?post=138"}],"curies":[{"name":"wp","href":"https:\/\/api.w.org\/{rel}","templated":true}]}}