{"id":1288,"date":"2022-11-30T01:00:00","date_gmt":"2022-11-30T04:00:00","guid":{"rendered":"https:\/\/www.oracaoefe.com\/?p=1288"},"modified":"2022-11-21T19:08:24","modified_gmt":"2022-11-21T22:08:24","slug":"oracao-para-comecar-o-dia-dedique-se-todos-os-dias-a-palavra-de-deus","status":"publish","type":"post","link":"https:\/\/www.oracaoefe.com\/fr\/oracao-para-comecar-o-dia-dedique-se-todos-os-dias-a-palavra-de-deus\/","title":{"rendered":"Pri\u00e8re pour commencer la journ\u00e9e : Consacrez-vous chaque jour \u00e0 la Parole de Dieu"},"content":{"rendered":"<p class=\"wp-block-paragraph\">Commencer la journ\u00e9e avec la Parole de Dieu est un privil\u00e8ge est \u00e0 notre port\u00e9e ! Nous pouvons nous approcher de Lui d\u00e8s la premi\u00e8re seconde. Prenez le temps de m\u00e9diter sur cette parole de l'\u00c9criture : \"Remplis-nous chaque matin de ta bont\u00e9, et nous serons remplis de joie toute notre vie\" (Ps.90.14). Un dernier d\u00e9tail : terminez aussi votre journ\u00e9e en Sa pr\u00e9sence !<\/p>\n\n\n\n<figure class=\"wp-block-image size-large\"><img loading=\"lazy\" decoding=\"async\" width=\"1024\" height=\"683\" src=\"https:\/\/www.oracaoefe.com\/wp-content\/uploads\/2022\/11\/Oracao-do-dia-2611-2-1024x683.jpg\" alt=\"\" class=\"wp-image-1279\" srcset=\"https:\/\/www.oracaoefe.com\/wp-content\/uploads\/2022\/11\/Oracao-do-dia-2611-2-1024x683.jpg 1024w, https:\/\/www.oracaoefe.com\/wp-content\/uploads\/2022\/11\/Oracao-do-dia-2611-2-300x200.jpg 300w, https:\/\/www.oracaoefe.com\/wp-content\/uploads\/2022\/11\/Oracao-do-dia-2611-2-768x512.jpg 768w, https:\/\/www.oracaoefe.com\/wp-content\/uploads\/2022\/11\/Oracao-do-dia-2611-2-18x12.jpg 18w, https:\/\/www.oracaoefe.com\/wp-content\/uploads\/2022\/11\/Oracao-do-dia-2611-2.jpg 1200w\" sizes=\"auto, (max-width: 1024px) 100vw, 1024px\" \/><\/figure>\n\n\n\n<h2 class=\"wp-block-heading\">Pri\u00e8re du jour<\/h2>\n\n\n\n<p class=\"wp-block-paragraph\"><em>\"Seigneur, je demande dans le silence de ce matin beaucoup de force, de paix et de discernement. En ce jour nouveau, je veux Te d\u00e9dier mes pas, et me rappeler constamment que si je suis en vie, c'est parce que Tu existes. Fais de moi ton instrument, toujours plus humble et compr\u00e9hensif des enjeux du monde.&nbsp;<\/em><\/p>\n\n\n\n<p class=\"wp-block-paragraph\"><em>Rends-moi, Seigneur, capable de comprendre la difficult\u00e9 des autres, et aussi de faire en sorte que mes difficult\u00e9s ne soient pas un obstacle au progr\u00e8s. Aide-moi, Seigneur, \u00e0 devenir une meilleure personne chaque jour.<\/em><\/p>\n\n\n\n<p class=\"wp-block-paragraph\"><em>Fais que mes oreilles soient ferm\u00e9es \u00e0 toute calomnie ; ne laisse pas mes pens\u00e9es et ma langue blesser les autres. Que je sois capable de comprendre et de me mettre \u00e0 la place des autres, en me souvenant toujours de Tes paroles, Seigneur.<\/em><\/p>\n\n\n\n<p class=\"wp-block-paragraph\"><em>Qu'il en soit ainsi, chaque matin, et que je ressente ta paix sur tous les chemins o\u00f9 je me tiens et o\u00f9 je marche.<\/em><\/p>\n\n\n\n<p class=\"wp-block-paragraph\"><em>Amen.<\/em>&#8220;<\/p>\n\n\n\n<h3 class=\"wp-block-heading\">Message et pens\u00e9e du jour<\/h3>\n\n\n\n<p class=\"wp-block-paragraph\">Parfois, nous nous imaginons que le monde tourne autour de nous. Mais nous avons tort. Le monde appartient \u00e0 Dieu et Il contr\u00f4le tout. \u00c0 l'aube de chaque jour, il nous rappelle que seuls ses plans comptent, qu'il a le dernier mot sur les \u00e9v\u00e9nements, mais qu'il s'int\u00e9resse \u00e0 chaque d\u00e9tail de nos vies, m\u00eame les plus insignifiants.&nbsp;<\/p>\n\n\n\n<p class=\"wp-block-paragraph\">Notre fa\u00e7on de commencer la journ\u00e9e pr\u00e9pare les heures qui vont suivre. Prenez donc la d\u00e9cision de commencer la journ\u00e9e comme ceci : tout d'abord, isolez-vous en pr\u00e9sence de Dieu pendant quelques minutes. Cinq minutes suffiront la premi\u00e8re fois. Discutez avec lui de vos projets pour le reste de la journ\u00e9e. Si vous avez un programme, pr\u00e9sentez-le-lui.&nbsp;<\/p>\n\n\n\n<p class=\"wp-block-paragraph\">N'h\u00e9sitez pas \u00e0 lui r\u00e9v\u00e9ler vos inqui\u00e9tudes et vos craintes. Vous pouvez remarquer un engagement sp\u00e9cifique ou des questions qui vous pr\u00e9occupent. Demandez-lui de vous accorder la sagesse n\u00e9cessaire pour y faire face. S'il ne vous r\u00e9pond pas imm\u00e9diatement par une solution sp\u00e9cifique, acceptez qu'il veuille peut-\u00eatre que vous lui fassiez enti\u00e8rement confiance.&nbsp;<\/p>\n\n\n\n<p class=\"wp-block-paragraph\">Il a d\u00e9j\u00e0 pr\u00e9vu quelque chose de mieux pour vous, quelque chose auquel vous n'avez pas pens\u00e9. Nous commen\u00e7ons souvent la journ\u00e9e avec un c\u0153ur agit\u00e9, rempli de stress, de peur et de doute. Nous sommes press\u00e9s de nous jeter dans la m\u00eal\u00e9e. Mais rien ne nous oblige ! Mieux vaut commencer la journ\u00e9e en compagnie de J\u00e9sus !&nbsp;<\/p>\n\n\n\n<p class=\"wp-block-paragraph\">Notre journ\u00e9e commence toujours par une premi\u00e8re pens\u00e9e, un premier mot. Autant que ces premi\u00e8res pens\u00e9es, ces premiers mots appartiennent \u00e0 Dieu ; Lui seul peut nous d\u00e9barrasser de nos peurs et de nos inqui\u00e9tudes.<\/p>","protected":false},"excerpt":{"rendered":"<p>Come\u00e7ar o dia com a Palavra de Deus \u00e9 um privil\u00e9gio est\u00e1 ao nosso alcance! Podemos nos aproximar Dele desde o primeiro segundo. Reserve um tempo para meditar nesta palavra das Escrituras: \u201cSacia-nos todas as manh\u00e3s com a tua bondade e seremos, toda a nossa vida, em alegria!\u201d (Sl.90.14). Um \u00faltimo detalhe: termine tamb\u00e9m o&hellip;&nbsp;<\/p>","protected":false},"author":3,"featured_media":1279,"comment_status":"open","ping_status":"open","sticky":false,"template":"","format":"standard","meta":{"neve_meta_sidebar":"","neve_meta_container":"","neve_meta_enable_content_width":"","neve_meta_content_width":0,"neve_meta_title_alignment":"","neve_meta_author_avatar":"","neve_post_elements_order":"","neve_meta_disable_header":"","neve_meta_disable_footer":"","neve_meta_disable_title":"","footnotes":""},"categories":[2],"tags":[160],"class_list":["post-1288","post","type-post","status-publish","format-standard","has-post-thumbnail","hentry","category-oracao","tag-oracao-do-dia"],"yoast_head":"<!-- This site is optimized with the Yoast SEO plugin v28.4 - https:\/\/yoast.com\/product\/yoast-seo-wordpress\/ -->\n<title>Ora\u00e7\u00e3o para come\u00e7ar o dia: Dedique-se todos os dias \u00e0 Palavra de Deus - Ora\u00e7\u00e3o e F\u00e9<\/title>\n<meta name=\"description\" content=\"Deus tem pra voc\u00ea uma palavra de vida!\" \/>\n<meta name=\"robots\" content=\"index, follow, max-snippet:-1, max-image-preview:large, max-video-preview:-1\" \/>\n<link rel=\"canonical\" href=\"https:\/\/www.oracaoefe.com\/fr\/oracao-para-comecar-o-dia-dedique-se-todos-os-dias-a-palavra-de-deus\/\" \/>\n<meta property=\"og:locale\" content=\"fr_FR\" \/>\n<meta property=\"og:type\" content=\"article\" \/>\n<meta property=\"og:title\" content=\"Ora\u00e7\u00e3o para come\u00e7ar o dia: Dedique-se todos os dias \u00e0 Palavra de Deus - Ora\u00e7\u00e3o e F\u00e9\" \/>\n<meta property=\"og:description\" content=\"Deus tem pra voc\u00ea uma palavra de vida!\" \/>\n<meta property=\"og:url\" content=\"https:\/\/www.oracaoefe.com\/fr\/oracao-para-comecar-o-dia-dedique-se-todos-os-dias-a-palavra-de-deus\/\" \/>\n<meta property=\"og:site_name\" content=\"Ora\u00e7\u00e3o e F\u00e9\" \/>\n<meta property=\"article:published_time\" content=\"2022-11-30T04:00:00+00:00\" \/>\n<meta property=\"og:image\" content=\"https:\/\/www.oracaoefe.com\/wp-content\/uploads\/2022\/11\/Oracao-do-dia-2611-2.jpg\" \/>\n\t<meta property=\"og:image:width\" content=\"1200\" \/>\n\t<meta property=\"og:image:height\" content=\"800\" \/>\n\t<meta property=\"og:image:type\" content=\"image\/jpeg\" \/>\n<meta name=\"author\" content=\"Michele Azevedo\" \/>\n<meta name=\"twitter:card\" content=\"summary_large_image\" \/>\n<meta name=\"twitter:label1\" content=\"\u00c9crit par\" \/>\n\t<meta name=\"twitter:data1\" content=\"Michele Azevedo\" \/>\n\t<meta name=\"twitter:label2\" content=\"Dur\u00e9e de lecture estim\u00e9e\" \/>\n\t<meta name=\"twitter:data2\" content=\"3 minutes\" \/>\n<script type=\"application\/ld+json\" class=\"yoast-schema-graph\">{\"@context\":\"https:\\\/\\\/schema.org\",\"@graph\":[{\"@type\":\"Article\",\"@id\":\"https:\\\/\\\/www.oracaoefe.com\\\/oracao-para-comecar-o-dia-dedique-se-todos-os-dias-a-palavra-de-deus\\\/#article\",\"isPartOf\":{\"@id\":\"https:\\\/\\\/www.oracaoefe.com\\\/oracao-para-comecar-o-dia-dedique-se-todos-os-dias-a-palavra-de-deus\\\/\"},\"author\":{\"name\":\"Michele Azevedo\",\"@id\":\"https:\\\/\\\/www.oracaoefe.com\\\/#\\\/schema\\\/person\\\/17283c669442cf005c4d5bb58adfb7f5\"},\"headline\":\"Ora\u00e7\u00e3o para come\u00e7ar o dia: Dedique-se todos os dias \u00e0 Palavra de Deus\",\"datePublished\":\"2022-11-30T04:00:00+00:00\",\"mainEntityOfPage\":{\"@id\":\"https:\\\/\\\/www.oracaoefe.com\\\/oracao-para-comecar-o-dia-dedique-se-todos-os-dias-a-palavra-de-deus\\\/\"},\"wordCount\":525,\"commentCount\":0,\"image\":{\"@id\":\"https:\\\/\\\/www.oracaoefe.com\\\/oracao-para-comecar-o-dia-dedique-se-todos-os-dias-a-palavra-de-deus\\\/#primaryimage\"},\"thumbnailUrl\":\"https:\\\/\\\/www.oracaoefe.com\\\/wp-content\\\/uploads\\\/2022\\\/11\\\/Oracao-do-dia-2611-2.jpg\",\"keywords\":[\"ora\u00e7\u00e3o do dia\"],\"articleSection\":[\"Ora\u00e7\u00e3o\"],\"inLanguage\":\"fr-FR\",\"potentialAction\":[{\"@type\":\"CommentAction\",\"name\":\"Comment\",\"target\":[\"https:\\\/\\\/www.oracaoefe.com\\\/oracao-para-comecar-o-dia-dedique-se-todos-os-dias-a-palavra-de-deus\\\/#respond\"]}]},{\"@type\":\"WebPage\",\"@id\":\"https:\\\/\\\/www.oracaoefe.com\\\/oracao-para-comecar-o-dia-dedique-se-todos-os-dias-a-palavra-de-deus\\\/\",\"url\":\"https:\\\/\\\/www.oracaoefe.com\\\/oracao-para-comecar-o-dia-dedique-se-todos-os-dias-a-palavra-de-deus\\\/\",\"name\":\"Ora\u00e7\u00e3o para come\u00e7ar o dia: Dedique-se todos os dias \u00e0 Palavra de Deus - Ora\u00e7\u00e3o e F\u00e9\",\"isPartOf\":{\"@id\":\"https:\\\/\\\/www.oracaoefe.com\\\/#website\"},\"primaryImageOfPage\":{\"@id\":\"https:\\\/\\\/www.oracaoefe.com\\\/oracao-para-comecar-o-dia-dedique-se-todos-os-dias-a-palavra-de-deus\\\/#primaryimage\"},\"image\":{\"@id\":\"https:\\\/\\\/www.oracaoefe.com\\\/oracao-para-comecar-o-dia-dedique-se-todos-os-dias-a-palavra-de-deus\\\/#primaryimage\"},\"thumbnailUrl\":\"https:\\\/\\\/www.oracaoefe.com\\\/wp-content\\\/uploads\\\/2022\\\/11\\\/Oracao-do-dia-2611-2.jpg\",\"datePublished\":\"2022-11-30T04:00:00+00:00\",\"author\":{\"@id\":\"https:\\\/\\\/www.oracaoefe.com\\\/#\\\/schema\\\/person\\\/17283c669442cf005c4d5bb58adfb7f5\"},\"description\":\"Deus tem pra voc\u00ea uma palavra de vida!\",\"breadcrumb\":{\"@id\":\"https:\\\/\\\/www.oracaoefe.com\\\/oracao-para-comecar-o-dia-dedique-se-todos-os-dias-a-palavra-de-deus\\\/#breadcrumb\"},\"inLanguage\":\"fr-FR\",\"potentialAction\":[{\"@type\":\"ReadAction\",\"target\":[\"https:\\\/\\\/www.oracaoefe.com\\\/oracao-para-comecar-o-dia-dedique-se-todos-os-dias-a-palavra-de-deus\\\/\"]}]},{\"@type\":\"ImageObject\",\"inLanguage\":\"fr-FR\",\"@id\":\"https:\\\/\\\/www.oracaoefe.com\\\/oracao-para-comecar-o-dia-dedique-se-todos-os-dias-a-palavra-de-deus\\\/#primaryimage\",\"url\":\"https:\\\/\\\/www.oracaoefe.com\\\/wp-content\\\/uploads\\\/2022\\\/11\\\/Oracao-do-dia-2611-2.jpg\",\"contentUrl\":\"https:\\\/\\\/www.oracaoefe.com\\\/wp-content\\\/uploads\\\/2022\\\/11\\\/Oracao-do-dia-2611-2.jpg\",\"width\":1200,\"height\":800},{\"@type\":\"BreadcrumbList\",\"@id\":\"https:\\\/\\\/www.oracaoefe.com\\\/oracao-para-comecar-o-dia-dedique-se-todos-os-dias-a-palavra-de-deus\\\/#breadcrumb\",\"itemListElement\":[{\"@type\":\"ListItem\",\"position\":1,\"name\":\"Home\",\"item\":\"https:\\\/\\\/www.oracaoefe.com\\\/\"},{\"@type\":\"ListItem\",\"position\":2,\"name\":\"Ora\u00e7\u00e3o\",\"item\":\"https:\\\/\\\/www.oracaoefe.com\\\/category\\\/oracao\\\/\"},{\"@type\":\"ListItem\",\"position\":3,\"name\":\"Ora\u00e7\u00e3o para come\u00e7ar o dia: Dedique-se todos os dias \u00e0 Palavra de Deus\"}]},{\"@type\":\"WebSite\",\"@id\":\"https:\\\/\\\/www.oracaoefe.com\\\/#website\",\"url\":\"https:\\\/\\\/www.oracaoefe.com\\\/\",\"name\":\"Ora\u00e7\u00e3o e F\u00e9\",\"description\":\"\",\"potentialAction\":[{\"@type\":\"SearchAction\",\"target\":{\"@type\":\"EntryPoint\",\"urlTemplate\":\"https:\\\/\\\/www.oracaoefe.com\\\/?s={search_term_string}\"},\"query-input\":{\"@type\":\"PropertyValueSpecification\",\"valueRequired\":true,\"valueName\":\"search_term_string\"}}],\"inLanguage\":\"fr-FR\"},{\"@type\":\"Person\",\"@id\":\"https:\\\/\\\/www.oracaoefe.com\\\/#\\\/schema\\\/person\\\/17283c669442cf005c4d5bb58adfb7f5\",\"name\":\"Michele Azevedo\",\"image\":{\"@type\":\"ImageObject\",\"inLanguage\":\"fr-FR\",\"@id\":\"https:\\\/\\\/secure.gravatar.com\\\/avatar\\\/6b0eb9d22841282815e2cd856a0061c45e1761cd54b22e952d98c4746939aa85?s=96&d=mm&r=g\",\"url\":\"https:\\\/\\\/secure.gravatar.com\\\/avatar\\\/6b0eb9d22841282815e2cd856a0061c45e1761cd54b22e952d98c4746939aa85?s=96&d=mm&r=g\",\"contentUrl\":\"https:\\\/\\\/secure.gravatar.com\\\/avatar\\\/6b0eb9d22841282815e2cd856a0061c45e1761cd54b22e952d98c4746939aa85?s=96&d=mm&r=g\",\"caption\":\"Michele Azevedo\"},\"description\":\"Formada em Letras - Portugu\u00eas\\\/ Ingl\u00eas pela Universidade Estadual de Ponta Grossa (UEPG), p\u00f3s-graduada em Arte na Educa\u00e7\u00e3o (FAPI) e Psicopedagogia Escolar (FAPI), idealizadora e propriet\u00e1ria do site Escritora de Sucesso, possui experi\u00eancia em escrita para blogs em geral e atua como redatora e revisora dos conte\u00fados do Ora\u00e7\u00e3o e F\u00e9.\",\"url\":\"https:\\\/\\\/www.oracaoefe.com\\\/fr\\\/author\\\/michele-azevedo\\\/\"}]}<\/script>\n<!-- \/ Yoast SEO plugin. -->","yoast_head_json":{"title":"Pri\u00e8re pour commencer la journ\u00e9e : Consacrez-vous chaque jour \u00e0 la Parole de Dieu - Pri\u00e8re et foi","description":"Dieu a une parole de vie pour vous !","robots":{"index":"index","follow":"follow","max-snippet":"max-snippet:-1","max-image-preview":"max-image-preview:large","max-video-preview":"max-video-preview:-1"},"canonical":"https:\/\/www.oracaoefe.com\/fr\/oracao-para-comecar-o-dia-dedique-se-todos-os-dias-a-palavra-de-deus\/","og_locale":"fr_FR","og_type":"article","og_title":"Ora\u00e7\u00e3o para come\u00e7ar o dia: Dedique-se todos os dias \u00e0 Palavra de Deus - Ora\u00e7\u00e3o e F\u00e9","og_description":"Deus tem pra voc\u00ea uma palavra de vida!","og_url":"https:\/\/www.oracaoefe.com\/fr\/oracao-para-comecar-o-dia-dedique-se-todos-os-dias-a-palavra-de-deus\/","og_site_name":"Ora\u00e7\u00e3o e F\u00e9","article_published_time":"2022-11-30T04:00:00+00:00","og_image":[{"width":1200,"height":800,"url":"https:\/\/www.oracaoefe.com\/wp-content\/uploads\/2022\/11\/Oracao-do-dia-2611-2.jpg","type":"image\/jpeg"}],"author":"Michele Azevedo","twitter_card":"summary_large_image","twitter_misc":{"\u00c9crit par":"Michele Azevedo","Dur\u00e9e de lecture estim\u00e9e":"3 minutes"},"schema":{"@context":"https:\/\/schema.org","@graph":[{"@type":"Article","@id":"https:\/\/www.oracaoefe.com\/oracao-para-comecar-o-dia-dedique-se-todos-os-dias-a-palavra-de-deus\/#article","isPartOf":{"@id":"https:\/\/www.oracaoefe.com\/oracao-para-comecar-o-dia-dedique-se-todos-os-dias-a-palavra-de-deus\/"},"author":{"name":"Michele Azevedo","@id":"https:\/\/www.oracaoefe.com\/#\/schema\/person\/17283c669442cf005c4d5bb58adfb7f5"},"headline":"Ora\u00e7\u00e3o para come\u00e7ar o dia: Dedique-se todos os dias \u00e0 Palavra de Deus","datePublished":"2022-11-30T04:00:00+00:00","mainEntityOfPage":{"@id":"https:\/\/www.oracaoefe.com\/oracao-para-comecar-o-dia-dedique-se-todos-os-dias-a-palavra-de-deus\/"},"wordCount":525,"commentCount":0,"image":{"@id":"https:\/\/www.oracaoefe.com\/oracao-para-comecar-o-dia-dedique-se-todos-os-dias-a-palavra-de-deus\/#primaryimage"},"thumbnailUrl":"https:\/\/www.oracaoefe.com\/wp-content\/uploads\/2022\/11\/Oracao-do-dia-2611-2.jpg","keywords":["ora\u00e7\u00e3o do dia"],"articleSection":["Ora\u00e7\u00e3o"],"inLanguage":"fr-FR","potentialAction":[{"@type":"CommentAction","name":"Comment","target":["https:\/\/www.oracaoefe.com\/oracao-para-comecar-o-dia-dedique-se-todos-os-dias-a-palavra-de-deus\/#respond"]}]},{"@type":"WebPage","@id":"https:\/\/www.oracaoefe.com\/oracao-para-comecar-o-dia-dedique-se-todos-os-dias-a-palavra-de-deus\/","url":"https:\/\/www.oracaoefe.com\/oracao-para-comecar-o-dia-dedique-se-todos-os-dias-a-palavra-de-deus\/","name":"Pri\u00e8re pour commencer la journ\u00e9e : Consacrez-vous chaque jour \u00e0 la Parole de Dieu - Pri\u00e8re et foi","isPartOf":{"@id":"https:\/\/www.oracaoefe.com\/#website"},"primaryImageOfPage":{"@id":"https:\/\/www.oracaoefe.com\/oracao-para-comecar-o-dia-dedique-se-todos-os-dias-a-palavra-de-deus\/#primaryimage"},"image":{"@id":"https:\/\/www.oracaoefe.com\/oracao-para-comecar-o-dia-dedique-se-todos-os-dias-a-palavra-de-deus\/#primaryimage"},"thumbnailUrl":"https:\/\/www.oracaoefe.com\/wp-content\/uploads\/2022\/11\/Oracao-do-dia-2611-2.jpg","datePublished":"2022-11-30T04:00:00+00:00","author":{"@id":"https:\/\/www.oracaoefe.com\/#\/schema\/person\/17283c669442cf005c4d5bb58adfb7f5"},"description":"Dieu a une parole de vie pour vous !","breadcrumb":{"@id":"https:\/\/www.oracaoefe.com\/oracao-para-comecar-o-dia-dedique-se-todos-os-dias-a-palavra-de-deus\/#breadcrumb"},"inLanguage":"fr-FR","potentialAction":[{"@type":"ReadAction","target":["https:\/\/www.oracaoefe.com\/oracao-para-comecar-o-dia-dedique-se-todos-os-dias-a-palavra-de-deus\/"]}]},{"@type":"ImageObject","inLanguage":"fr-FR","@id":"https:\/\/www.oracaoefe.com\/oracao-para-comecar-o-dia-dedique-se-todos-os-dias-a-palavra-de-deus\/#primaryimage","url":"https:\/\/www.oracaoefe.com\/wp-content\/uploads\/2022\/11\/Oracao-do-dia-2611-2.jpg","contentUrl":"https:\/\/www.oracaoefe.com\/wp-content\/uploads\/2022\/11\/Oracao-do-dia-2611-2.jpg","width":1200,"height":800},{"@type":"BreadcrumbList","@id":"https:\/\/www.oracaoefe.com\/oracao-para-comecar-o-dia-dedique-se-todos-os-dias-a-palavra-de-deus\/#breadcrumb","itemListElement":[{"@type":"ListItem","position":1,"name":"Home","item":"https:\/\/www.oracaoefe.com\/"},{"@type":"ListItem","position":2,"name":"Ora\u00e7\u00e3o","item":"https:\/\/www.oracaoefe.com\/category\/oracao\/"},{"@type":"ListItem","position":3,"name":"Ora\u00e7\u00e3o para come\u00e7ar o dia: Dedique-se todos os dias \u00e0 Palavra de Deus"}]},{"@type":"WebSite","@id":"https:\/\/www.oracaoefe.com\/#website","url":"https:\/\/www.oracaoefe.com\/","name":"Pri\u00e8re et foi","description":"","potentialAction":[{"@type":"SearchAction","target":{"@type":"EntryPoint","urlTemplate":"https:\/\/www.oracaoefe.com\/?s={search_term_string}"},"query-input":{"@type":"PropertyValueSpecification","valueRequired":true,"valueName":"search_term_string"}}],"inLanguage":"fr-FR"},{"@type":"Person","@id":"https:\/\/www.oracaoefe.com\/#\/schema\/person\/17283c669442cf005c4d5bb58adfb7f5","name":"Michele Azevedo","image":{"@type":"ImageObject","inLanguage":"fr-FR","@id":"https:\/\/secure.gravatar.com\/avatar\/6b0eb9d22841282815e2cd856a0061c45e1761cd54b22e952d98c4746939aa85?s=96&d=mm&r=g","url":"https:\/\/secure.gravatar.com\/avatar\/6b0eb9d22841282815e2cd856a0061c45e1761cd54b22e952d98c4746939aa85?s=96&d=mm&r=g","contentUrl":"https:\/\/secure.gravatar.com\/avatar\/6b0eb9d22841282815e2cd856a0061c45e1761cd54b22e952d98c4746939aa85?s=96&d=mm&r=g","caption":"Michele Azevedo"},"description":"Dipl\u00f4m\u00e9e en litt\u00e9rature portugaise\/anglaise de l&#039;Universit\u00e9 d&#039;\u00c9tat de Ponta Grossa (UEPG), avec des dipl\u00f4mes de troisi\u00e8me cycle en art dans l&#039;\u00e9ducation (FAPI) et en psychop\u00e9dagogie scolaire (FAPI), elle est la cr\u00e9atrice et propri\u00e9taire du site web Escritora de Sucesso, a de l&#039;exp\u00e9rience dans l&#039;\u00e9criture pour les blogs en g\u00e9n\u00e9ral et travaille comme r\u00e9dactrice et \u00e9ditrice du contenu pour Ora\u00e7\u00e3o e F\u00e9.","url":"https:\/\/www.oracaoefe.com\/fr\/author\/michele-azevedo\/"}]}},"_links":{"self":[{"href":"https:\/\/www.oracaoefe.com\/fr\/wp-json\/wp\/v2\/posts\/1288","targetHints":{"allow":["GET"]}}],"collection":[{"href":"https:\/\/www.oracaoefe.com\/fr\/wp-json\/wp\/v2\/posts"}],"about":[{"href":"https:\/\/www.oracaoefe.com\/fr\/wp-json\/wp\/v2\/types\/post"}],"author":[{"embeddable":true,"href":"https:\/\/www.oracaoefe.com\/fr\/wp-json\/wp\/v2\/users\/3"}],"replies":[{"embeddable":true,"href":"https:\/\/www.oracaoefe.com\/fr\/wp-json\/wp\/v2\/comments?post=1288"}],"version-history":[{"count":2,"href":"https:\/\/www.oracaoefe.com\/fr\/wp-json\/wp\/v2\/posts\/1288\/revisions"}],"predecessor-version":[{"id":1290,"href":"https:\/\/www.oracaoefe.com\/fr\/wp-json\/wp\/v2\/posts\/1288\/revisions\/1290"}],"wp:featuredmedia":[{"embeddable":true,"href":"https:\/\/www.oracaoefe.com\/fr\/wp-json\/wp\/v2\/media\/1279"}],"wp:attachment":[{"href":"https:\/\/www.oracaoefe.com\/fr\/wp-json\/wp\/v2\/media?parent=1288"}],"wp:term":[{"taxonomy":"category","embeddable":true,"href":"https:\/\/www.oracaoefe.com\/fr\/wp-json\/wp\/v2\/categories?post=1288"},{"taxonomy":"post_tag","embeddable":true,"href":"https:\/\/www.oracaoefe.com\/fr\/wp-json\/wp\/v2\/tags?post=1288"}],"curies":[{"name":"wp","href":"https:\/\/api.w.org\/{rel}","templated":true}]}}