{"id":1259,"date":"2022-11-28T01:00:00","date_gmt":"2022-11-28T04:00:00","guid":{"rendered":"https:\/\/www.oracaoefe.com\/?p=1259"},"modified":"2022-11-21T15:53:26","modified_gmt":"2022-11-21T18:53:26","slug":"oracao-para-comecar-o-dia-faca-boas-escolhas-diarias","status":"publish","type":"post","link":"https:\/\/www.oracaoefe.com\/fr\/oracao-para-comecar-o-dia-faca-boas-escolhas-diarias\/","title":{"rendered":"Pri\u00e8re pour commencer la journ\u00e9e : Faites de bons choix quotidiens"},"content":{"rendered":"<p class=\"wp-block-paragraph\">Nous ne nous r\u00e9veillons pas soudainement un matin avec une longue liste de probl\u00e8mes. Ce sont les r\u00e9sultats de nombreuses ann\u00e9es de mauvais choix. Il ne faut donc pas s'attendre \u00e0 ce que tout s'arrange du jour au lendemain.<\/p>\n\n\n\n<p class=\"wp-block-paragraph\">Certes, Dieu est le Dieu des miracles et il peut r\u00e9soudre tous nos probl\u00e8mes en une seconde, s'il le veut. Mais ce n'est g\u00e9n\u00e9ralement pas comme \u00e7a que \u00e7a marche. Il ne serait pas bon pour nous qu'il fasse tout revenir \u00e0 la normale instantan\u00e9ment, comme par un coup de baguette magique. Nous n'en tirerions aucune le\u00e7on et r\u00e9p\u00e9terions les m\u00eames erreurs.<\/p>\n\n\n\n<p class=\"wp-block-paragraph\">Pour r\u00e9tablir l'ordre dans nos vies, nous devons apprendre \u00e0 faire de bons choix. Et si nous prenons des d\u00e9cisions sages et faisons ce que Dieu nous dit, nous aurons ce qu'il veut que nous ayons. Commencez donc votre journ\u00e9e en disant une pri\u00e8re.<\/p>\n\n\n\n<figure class=\"wp-block-image size-large\"><img loading=\"lazy\" decoding=\"async\" width=\"1024\" height=\"683\" src=\"https:\/\/www.oracaoefe.com\/wp-content\/uploads\/2022\/11\/Oracao-do-dia-2611-4-1024x683.jpg\" alt=\"\" class=\"wp-image-1277\" srcset=\"https:\/\/www.oracaoefe.com\/wp-content\/uploads\/2022\/11\/Oracao-do-dia-2611-4-1024x683.jpg 1024w, https:\/\/www.oracaoefe.com\/wp-content\/uploads\/2022\/11\/Oracao-do-dia-2611-4-300x200.jpg 300w, https:\/\/www.oracaoefe.com\/wp-content\/uploads\/2022\/11\/Oracao-do-dia-2611-4-768x512.jpg 768w, https:\/\/www.oracaoefe.com\/wp-content\/uploads\/2022\/11\/Oracao-do-dia-2611-4-18x12.jpg 18w, https:\/\/www.oracaoefe.com\/wp-content\/uploads\/2022\/11\/Oracao-do-dia-2611-4.jpg 1200w\" sizes=\"auto, (max-width: 1024px) 100vw, 1024px\" \/><\/figure>\n\n\n\n<h2 class=\"wp-block-heading\">Pri\u00e8re du jour<\/h2>\n\n\n\n<p class=\"wp-block-paragraph\"><em>\"P\u00e8re c\u00e9leste, je viens \u00e0 Toi aujourd'hui parce que je veux chercher Ta volont\u00e9 pour ma vie - envoie-moi des signes de mon chemin.<\/em><\/p>\n\n\n\n<p class=\"wp-block-paragraph\"><em>Seigneur, je veux r\u00e9ussir dans ce que je fais et me d\u00e9vouer, et aujourd'hui je place devant toi les d\u00e9sirs de mon c\u0153ur et je demande que dans ta gr\u00e2ce tu me donnes la naissance et la source de la sagesse.<\/em><\/p>\n\n\n\n<p class=\"wp-block-paragraph\"><em>Je prie pour que tu m'envoies les plans de ma vie afin que je puisse mieux apprendre comment je vais r\u00e9ussir.<\/em><\/p>\n\n\n\n<p class=\"wp-block-paragraph\"><em>Guide-moi, Seigneur, sur le chemin de cette terre par le choix des dons et des possibilit\u00e9s \u00e0 suivre, je place devant toi les espoirs et les r\u00eaves de mon c\u0153ur, que je voudrais bien r\u00e9aliser, en te demandant de me guider.<\/em><\/p>\n\n\n\n<p class=\"wp-block-paragraph\"><em>Je demande cela au nom et \u00e0 la gloire du Seigneur J\u00e9sus !<\/em><\/p>\n\n\n\n<p class=\"wp-block-paragraph\"><em>Amen.\"<\/em><\/p>\n\n\n\n<h3 class=\"wp-block-heading\">Pens\u00e9e et message du jour<\/h3>\n\n\n\n<p class=\"wp-block-paragraph\">Les b\u00e9n\u00e9dictions ne sont pas seulement mat\u00e9rielles. Le monde est plein de gens tr\u00e8s riches et malheureux. Dieu veut nous b\u00e9nir pour que nous puissions vivre la vie abondante que J\u00e9sus nous a donn\u00e9e par sa mort et \u00eatre une b\u00e9n\u00e9diction pour les autres, et non pour accumuler des biens.<\/p>\n\n\n\n<p class=\"wp-block-paragraph\">Le message du Deut\u00e9ronome (30:19) est simple : <em>Faites ce que Dieu vous dit et vous serez b\u00e9ni. Ne faites pas ce qu'il dit et vous ne serez pas b\u00e9ni.<\/em><\/p>\n\n\n\n<p class=\"wp-block-paragraph\">C'est tr\u00e8s important : les promesses de Dieu sont pour tout le monde, pas seulement pour quelques-uns. Si vous ob\u00e9issez aux instructions de Dieu pour votre vie et que vous lui faites confiance, vous recevrez ce qu'il veut vous donner.<\/p>\n\n\n\n<h4 class=\"wp-block-heading\">Comment mettre de l'ordre dans votre vie<\/h4>\n\n\n\n<p class=\"wp-block-paragraph\">Quels que soient vos probl\u00e8mes, soyez d\u00e9termin\u00e9 \u00e0 faire ce qu'il faut et vous verrez le bout du tunnel, quel que soit le temps que cela prendra. Dieu est fid\u00e8le \u00e0 sa Parole. L'important est que vous soyez d\u00e9termin\u00e9 \u00e0 lui ob\u00e9ir. Et pour cela, vous aurez besoin de z\u00e8le, de pers\u00e9v\u00e9rance, de d\u00e9vouement, de force de caract\u00e8re et de patience.<\/p>\n\n\n\n<p class=\"wp-block-paragraph\">Croyez qu'il existe une solution \u00e0 vos probl\u00e8mes. Vos finances peuvent changer. Votre vie de couple peut s'am\u00e9liorer. Vous pouvez avoir un corps sain. Vous pouvez conna\u00eetre la paix et la joie. Vous pouvez avoir une relation profonde avec Dieu.<\/p>\n\n\n\n<p class=\"wp-block-paragraph\">J\u00e9sus a dit qu'il \u00e9tait venu pour nous donner la vie en abondance. Il veut que nous vivions dans la paix et la joie, et que nous soyons lib\u00e9r\u00e9s de toute inqui\u00e9tude et de toute anxi\u00e9t\u00e9. Si nous aimons et cherchons Dieu de tout notre c\u0153ur, il nous donnera sa sagesse et nous montrera comment acc\u00e9der \u00e0 la vie qu'il nous offre en Christ.<\/p>","protected":false},"excerpt":{"rendered":"<p>N\u00e3o acordamos de repente uma manh\u00e3 com uma longa lista de problemas. Estes s\u00e3o os resultados de muitos anos de m\u00e1s escolhas. Por isso n\u00e3o podemos esperar que tudo d\u00ea certo da noite para o dia. Certamente, Deus \u00e9 o Deus dos milagres e ele pode resolver todos os nossos problemas em um segundo, se&hellip;&nbsp;<\/p>","protected":false},"author":3,"featured_media":1277,"comment_status":"open","ping_status":"open","sticky":false,"template":"","format":"standard","meta":{"neve_meta_sidebar":"","neve_meta_container":"","neve_meta_enable_content_width":"","neve_meta_content_width":0,"neve_meta_title_alignment":"","neve_meta_author_avatar":"","neve_post_elements_order":"","neve_meta_disable_header":"","neve_meta_disable_footer":"","neve_meta_disable_title":"","footnotes":""},"categories":[2],"tags":[160,163],"class_list":["post-1259","post","type-post","status-publish","format-standard","has-post-thumbnail","hentry","category-oracao","tag-oracao-do-dia","tag-prece-do-dia"],"yoast_head":"<!-- This site is optimized with the Yoast SEO plugin v28.4 - https:\/\/yoast.com\/product\/yoast-seo-wordpress\/ -->\n<title>Ora\u00e7\u00e3o para come\u00e7ar o dia: Fa\u00e7a boas escolhas di\u00e1rias - Ora\u00e7\u00e3o e F\u00e9<\/title>\n<meta name=\"description\" content=\"Deus tem pra voc\u00ea uma palavra de vida!\" \/>\n<meta name=\"robots\" content=\"index, follow, max-snippet:-1, max-image-preview:large, max-video-preview:-1\" \/>\n<link rel=\"canonical\" href=\"https:\/\/www.oracaoefe.com\/fr\/oracao-para-comecar-o-dia-faca-boas-escolhas-diarias\/\" \/>\n<meta property=\"og:locale\" content=\"fr_FR\" \/>\n<meta property=\"og:type\" content=\"article\" \/>\n<meta property=\"og:title\" content=\"Ora\u00e7\u00e3o para come\u00e7ar o dia: Fa\u00e7a boas escolhas di\u00e1rias - Ora\u00e7\u00e3o e F\u00e9\" \/>\n<meta property=\"og:description\" content=\"Deus tem pra voc\u00ea uma palavra de vida!\" \/>\n<meta property=\"og:url\" content=\"https:\/\/www.oracaoefe.com\/fr\/oracao-para-comecar-o-dia-faca-boas-escolhas-diarias\/\" \/>\n<meta property=\"og:site_name\" content=\"Ora\u00e7\u00e3o e F\u00e9\" \/>\n<meta property=\"article:published_time\" content=\"2022-11-28T04:00:00+00:00\" \/>\n<meta property=\"og:image\" content=\"https:\/\/www.oracaoefe.com\/wp-content\/uploads\/2022\/11\/Oracao-do-dia-2611-4.jpg\" \/>\n\t<meta property=\"og:image:width\" content=\"1200\" \/>\n\t<meta property=\"og:image:height\" content=\"800\" \/>\n\t<meta property=\"og:image:type\" content=\"image\/jpeg\" \/>\n<meta name=\"author\" content=\"Michele Azevedo\" \/>\n<meta name=\"twitter:card\" content=\"summary_large_image\" \/>\n<meta name=\"twitter:label1\" content=\"\u00c9crit par\" \/>\n\t<meta name=\"twitter:data1\" content=\"Michele Azevedo\" \/>\n\t<meta name=\"twitter:label2\" content=\"Dur\u00e9e de lecture estim\u00e9e\" \/>\n\t<meta name=\"twitter:data2\" content=\"3 minutes\" \/>\n<script type=\"application\/ld+json\" class=\"yoast-schema-graph\">{\"@context\":\"https:\\\/\\\/schema.org\",\"@graph\":[{\"@type\":\"Article\",\"@id\":\"https:\\\/\\\/www.oracaoefe.com\\\/oracao-para-comecar-o-dia-faca-boas-escolhas-diarias\\\/#article\",\"isPartOf\":{\"@id\":\"https:\\\/\\\/www.oracaoefe.com\\\/oracao-para-comecar-o-dia-faca-boas-escolhas-diarias\\\/\"},\"author\":{\"name\":\"Michele Azevedo\",\"@id\":\"https:\\\/\\\/www.oracaoefe.com\\\/#\\\/schema\\\/person\\\/17283c669442cf005c4d5bb58adfb7f5\"},\"headline\":\"Ora\u00e7\u00e3o para come\u00e7ar o dia: Fa\u00e7a boas escolhas di\u00e1rias\",\"datePublished\":\"2022-11-28T04:00:00+00:00\",\"mainEntityOfPage\":{\"@id\":\"https:\\\/\\\/www.oracaoefe.com\\\/oracao-para-comecar-o-dia-faca-boas-escolhas-diarias\\\/\"},\"wordCount\":589,\"commentCount\":0,\"image\":{\"@id\":\"https:\\\/\\\/www.oracaoefe.com\\\/oracao-para-comecar-o-dia-faca-boas-escolhas-diarias\\\/#primaryimage\"},\"thumbnailUrl\":\"https:\\\/\\\/www.oracaoefe.com\\\/wp-content\\\/uploads\\\/2022\\\/11\\\/Oracao-do-dia-2611-4.jpg\",\"keywords\":[\"ora\u00e7\u00e3o do dia\",\"prece do dia\"],\"articleSection\":[\"Ora\u00e7\u00e3o\"],\"inLanguage\":\"fr-FR\",\"potentialAction\":[{\"@type\":\"CommentAction\",\"name\":\"Comment\",\"target\":[\"https:\\\/\\\/www.oracaoefe.com\\\/oracao-para-comecar-o-dia-faca-boas-escolhas-diarias\\\/#respond\"]}]},{\"@type\":\"WebPage\",\"@id\":\"https:\\\/\\\/www.oracaoefe.com\\\/oracao-para-comecar-o-dia-faca-boas-escolhas-diarias\\\/\",\"url\":\"https:\\\/\\\/www.oracaoefe.com\\\/oracao-para-comecar-o-dia-faca-boas-escolhas-diarias\\\/\",\"name\":\"Ora\u00e7\u00e3o para come\u00e7ar o dia: Fa\u00e7a boas escolhas di\u00e1rias - Ora\u00e7\u00e3o e F\u00e9\",\"isPartOf\":{\"@id\":\"https:\\\/\\\/www.oracaoefe.com\\\/#website\"},\"primaryImageOfPage\":{\"@id\":\"https:\\\/\\\/www.oracaoefe.com\\\/oracao-para-comecar-o-dia-faca-boas-escolhas-diarias\\\/#primaryimage\"},\"image\":{\"@id\":\"https:\\\/\\\/www.oracaoefe.com\\\/oracao-para-comecar-o-dia-faca-boas-escolhas-diarias\\\/#primaryimage\"},\"thumbnailUrl\":\"https:\\\/\\\/www.oracaoefe.com\\\/wp-content\\\/uploads\\\/2022\\\/11\\\/Oracao-do-dia-2611-4.jpg\",\"datePublished\":\"2022-11-28T04:00:00+00:00\",\"author\":{\"@id\":\"https:\\\/\\\/www.oracaoefe.com\\\/#\\\/schema\\\/person\\\/17283c669442cf005c4d5bb58adfb7f5\"},\"description\":\"Deus tem pra voc\u00ea uma palavra de vida!\",\"breadcrumb\":{\"@id\":\"https:\\\/\\\/www.oracaoefe.com\\\/oracao-para-comecar-o-dia-faca-boas-escolhas-diarias\\\/#breadcrumb\"},\"inLanguage\":\"fr-FR\",\"potentialAction\":[{\"@type\":\"ReadAction\",\"target\":[\"https:\\\/\\\/www.oracaoefe.com\\\/oracao-para-comecar-o-dia-faca-boas-escolhas-diarias\\\/\"]}]},{\"@type\":\"ImageObject\",\"inLanguage\":\"fr-FR\",\"@id\":\"https:\\\/\\\/www.oracaoefe.com\\\/oracao-para-comecar-o-dia-faca-boas-escolhas-diarias\\\/#primaryimage\",\"url\":\"https:\\\/\\\/www.oracaoefe.com\\\/wp-content\\\/uploads\\\/2022\\\/11\\\/Oracao-do-dia-2611-4.jpg\",\"contentUrl\":\"https:\\\/\\\/www.oracaoefe.com\\\/wp-content\\\/uploads\\\/2022\\\/11\\\/Oracao-do-dia-2611-4.jpg\",\"width\":1200,\"height\":800},{\"@type\":\"BreadcrumbList\",\"@id\":\"https:\\\/\\\/www.oracaoefe.com\\\/oracao-para-comecar-o-dia-faca-boas-escolhas-diarias\\\/#breadcrumb\",\"itemListElement\":[{\"@type\":\"ListItem\",\"position\":1,\"name\":\"Home\",\"item\":\"https:\\\/\\\/www.oracaoefe.com\\\/\"},{\"@type\":\"ListItem\",\"position\":2,\"name\":\"Ora\u00e7\u00e3o\",\"item\":\"https:\\\/\\\/www.oracaoefe.com\\\/category\\\/oracao\\\/\"},{\"@type\":\"ListItem\",\"position\":3,\"name\":\"Ora\u00e7\u00e3o para come\u00e7ar o dia: Fa\u00e7a boas escolhas di\u00e1rias\"}]},{\"@type\":\"WebSite\",\"@id\":\"https:\\\/\\\/www.oracaoefe.com\\\/#website\",\"url\":\"https:\\\/\\\/www.oracaoefe.com\\\/\",\"name\":\"Ora\u00e7\u00e3o e F\u00e9\",\"description\":\"\",\"potentialAction\":[{\"@type\":\"SearchAction\",\"target\":{\"@type\":\"EntryPoint\",\"urlTemplate\":\"https:\\\/\\\/www.oracaoefe.com\\\/?s={search_term_string}\"},\"query-input\":{\"@type\":\"PropertyValueSpecification\",\"valueRequired\":true,\"valueName\":\"search_term_string\"}}],\"inLanguage\":\"fr-FR\"},{\"@type\":\"Person\",\"@id\":\"https:\\\/\\\/www.oracaoefe.com\\\/#\\\/schema\\\/person\\\/17283c669442cf005c4d5bb58adfb7f5\",\"name\":\"Michele Azevedo\",\"image\":{\"@type\":\"ImageObject\",\"inLanguage\":\"fr-FR\",\"@id\":\"https:\\\/\\\/secure.gravatar.com\\\/avatar\\\/6b0eb9d22841282815e2cd856a0061c45e1761cd54b22e952d98c4746939aa85?s=96&d=mm&r=g\",\"url\":\"https:\\\/\\\/secure.gravatar.com\\\/avatar\\\/6b0eb9d22841282815e2cd856a0061c45e1761cd54b22e952d98c4746939aa85?s=96&d=mm&r=g\",\"contentUrl\":\"https:\\\/\\\/secure.gravatar.com\\\/avatar\\\/6b0eb9d22841282815e2cd856a0061c45e1761cd54b22e952d98c4746939aa85?s=96&d=mm&r=g\",\"caption\":\"Michele Azevedo\"},\"description\":\"Formada em Letras - Portugu\u00eas\\\/ Ingl\u00eas pela Universidade Estadual de Ponta Grossa (UEPG), p\u00f3s-graduada em Arte na Educa\u00e7\u00e3o (FAPI) e Psicopedagogia Escolar (FAPI), idealizadora e propriet\u00e1ria do site Escritora de Sucesso, possui experi\u00eancia em escrita para blogs em geral e atua como redatora e revisora dos conte\u00fados do Ora\u00e7\u00e3o e F\u00e9.\",\"url\":\"https:\\\/\\\/www.oracaoefe.com\\\/fr\\\/author\\\/michele-azevedo\\\/\"}]}<\/script>\n<!-- \/ Yoast SEO plugin. -->","yoast_head_json":{"title":"Pri\u00e8re pour commencer la journ\u00e9e : Faites de bons choix quotidiens - Pri\u00e8re et foi","description":"Dieu a une parole de vie pour vous !","robots":{"index":"index","follow":"follow","max-snippet":"max-snippet:-1","max-image-preview":"max-image-preview:large","max-video-preview":"max-video-preview:-1"},"canonical":"https:\/\/www.oracaoefe.com\/fr\/oracao-para-comecar-o-dia-faca-boas-escolhas-diarias\/","og_locale":"fr_FR","og_type":"article","og_title":"Ora\u00e7\u00e3o para come\u00e7ar o dia: Fa\u00e7a boas escolhas di\u00e1rias - Ora\u00e7\u00e3o e F\u00e9","og_description":"Deus tem pra voc\u00ea uma palavra de vida!","og_url":"https:\/\/www.oracaoefe.com\/fr\/oracao-para-comecar-o-dia-faca-boas-escolhas-diarias\/","og_site_name":"Ora\u00e7\u00e3o e F\u00e9","article_published_time":"2022-11-28T04:00:00+00:00","og_image":[{"width":1200,"height":800,"url":"https:\/\/www.oracaoefe.com\/wp-content\/uploads\/2022\/11\/Oracao-do-dia-2611-4.jpg","type":"image\/jpeg"}],"author":"Michele Azevedo","twitter_card":"summary_large_image","twitter_misc":{"\u00c9crit par":"Michele Azevedo","Dur\u00e9e de lecture estim\u00e9e":"3 minutes"},"schema":{"@context":"https:\/\/schema.org","@graph":[{"@type":"Article","@id":"https:\/\/www.oracaoefe.com\/oracao-para-comecar-o-dia-faca-boas-escolhas-diarias\/#article","isPartOf":{"@id":"https:\/\/www.oracaoefe.com\/oracao-para-comecar-o-dia-faca-boas-escolhas-diarias\/"},"author":{"name":"Michele Azevedo","@id":"https:\/\/www.oracaoefe.com\/#\/schema\/person\/17283c669442cf005c4d5bb58adfb7f5"},"headline":"Ora\u00e7\u00e3o para come\u00e7ar o dia: Fa\u00e7a boas escolhas di\u00e1rias","datePublished":"2022-11-28T04:00:00+00:00","mainEntityOfPage":{"@id":"https:\/\/www.oracaoefe.com\/oracao-para-comecar-o-dia-faca-boas-escolhas-diarias\/"},"wordCount":589,"commentCount":0,"image":{"@id":"https:\/\/www.oracaoefe.com\/oracao-para-comecar-o-dia-faca-boas-escolhas-diarias\/#primaryimage"},"thumbnailUrl":"https:\/\/www.oracaoefe.com\/wp-content\/uploads\/2022\/11\/Oracao-do-dia-2611-4.jpg","keywords":["ora\u00e7\u00e3o do dia","prece do dia"],"articleSection":["Ora\u00e7\u00e3o"],"inLanguage":"fr-FR","potentialAction":[{"@type":"CommentAction","name":"Comment","target":["https:\/\/www.oracaoefe.com\/oracao-para-comecar-o-dia-faca-boas-escolhas-diarias\/#respond"]}]},{"@type":"WebPage","@id":"https:\/\/www.oracaoefe.com\/oracao-para-comecar-o-dia-faca-boas-escolhas-diarias\/","url":"https:\/\/www.oracaoefe.com\/oracao-para-comecar-o-dia-faca-boas-escolhas-diarias\/","name":"Pri\u00e8re pour commencer la journ\u00e9e : Faites de bons choix quotidiens - Pri\u00e8re et foi","isPartOf":{"@id":"https:\/\/www.oracaoefe.com\/#website"},"primaryImageOfPage":{"@id":"https:\/\/www.oracaoefe.com\/oracao-para-comecar-o-dia-faca-boas-escolhas-diarias\/#primaryimage"},"image":{"@id":"https:\/\/www.oracaoefe.com\/oracao-para-comecar-o-dia-faca-boas-escolhas-diarias\/#primaryimage"},"thumbnailUrl":"https:\/\/www.oracaoefe.com\/wp-content\/uploads\/2022\/11\/Oracao-do-dia-2611-4.jpg","datePublished":"2022-11-28T04:00:00+00:00","author":{"@id":"https:\/\/www.oracaoefe.com\/#\/schema\/person\/17283c669442cf005c4d5bb58adfb7f5"},"description":"Dieu a une parole de vie pour vous !","breadcrumb":{"@id":"https:\/\/www.oracaoefe.com\/oracao-para-comecar-o-dia-faca-boas-escolhas-diarias\/#breadcrumb"},"inLanguage":"fr-FR","potentialAction":[{"@type":"ReadAction","target":["https:\/\/www.oracaoefe.com\/oracao-para-comecar-o-dia-faca-boas-escolhas-diarias\/"]}]},{"@type":"ImageObject","inLanguage":"fr-FR","@id":"https:\/\/www.oracaoefe.com\/oracao-para-comecar-o-dia-faca-boas-escolhas-diarias\/#primaryimage","url":"https:\/\/www.oracaoefe.com\/wp-content\/uploads\/2022\/11\/Oracao-do-dia-2611-4.jpg","contentUrl":"https:\/\/www.oracaoefe.com\/wp-content\/uploads\/2022\/11\/Oracao-do-dia-2611-4.jpg","width":1200,"height":800},{"@type":"BreadcrumbList","@id":"https:\/\/www.oracaoefe.com\/oracao-para-comecar-o-dia-faca-boas-escolhas-diarias\/#breadcrumb","itemListElement":[{"@type":"ListItem","position":1,"name":"Home","item":"https:\/\/www.oracaoefe.com\/"},{"@type":"ListItem","position":2,"name":"Ora\u00e7\u00e3o","item":"https:\/\/www.oracaoefe.com\/category\/oracao\/"},{"@type":"ListItem","position":3,"name":"Ora\u00e7\u00e3o para come\u00e7ar o dia: Fa\u00e7a boas escolhas di\u00e1rias"}]},{"@type":"WebSite","@id":"https:\/\/www.oracaoefe.com\/#website","url":"https:\/\/www.oracaoefe.com\/","name":"Pri\u00e8re et foi","description":"","potentialAction":[{"@type":"SearchAction","target":{"@type":"EntryPoint","urlTemplate":"https:\/\/www.oracaoefe.com\/?s={search_term_string}"},"query-input":{"@type":"PropertyValueSpecification","valueRequired":true,"valueName":"search_term_string"}}],"inLanguage":"fr-FR"},{"@type":"Person","@id":"https:\/\/www.oracaoefe.com\/#\/schema\/person\/17283c669442cf005c4d5bb58adfb7f5","name":"Michele Azevedo","image":{"@type":"ImageObject","inLanguage":"fr-FR","@id":"https:\/\/secure.gravatar.com\/avatar\/6b0eb9d22841282815e2cd856a0061c45e1761cd54b22e952d98c4746939aa85?s=96&d=mm&r=g","url":"https:\/\/secure.gravatar.com\/avatar\/6b0eb9d22841282815e2cd856a0061c45e1761cd54b22e952d98c4746939aa85?s=96&d=mm&r=g","contentUrl":"https:\/\/secure.gravatar.com\/avatar\/6b0eb9d22841282815e2cd856a0061c45e1761cd54b22e952d98c4746939aa85?s=96&d=mm&r=g","caption":"Michele Azevedo"},"description":"Dipl\u00f4m\u00e9e en litt\u00e9rature portugaise\/anglaise de l&#039;Universit\u00e9 d&#039;\u00c9tat de Ponta Grossa (UEPG), avec des dipl\u00f4mes de troisi\u00e8me cycle en art dans l&#039;\u00e9ducation (FAPI) et en psychop\u00e9dagogie scolaire (FAPI), elle est la cr\u00e9atrice et propri\u00e9taire du site web Escritora de Sucesso, a de l&#039;exp\u00e9rience dans l&#039;\u00e9criture pour les blogs en g\u00e9n\u00e9ral et travaille comme r\u00e9dactrice et \u00e9ditrice du contenu pour Ora\u00e7\u00e3o e F\u00e9.","url":"https:\/\/www.oracaoefe.com\/fr\/author\/michele-azevedo\/"}]}},"_links":{"self":[{"href":"https:\/\/www.oracaoefe.com\/fr\/wp-json\/wp\/v2\/posts\/1259","targetHints":{"allow":["GET"]}}],"collection":[{"href":"https:\/\/www.oracaoefe.com\/fr\/wp-json\/wp\/v2\/posts"}],"about":[{"href":"https:\/\/www.oracaoefe.com\/fr\/wp-json\/wp\/v2\/types\/post"}],"author":[{"embeddable":true,"href":"https:\/\/www.oracaoefe.com\/fr\/wp-json\/wp\/v2\/users\/3"}],"replies":[{"embeddable":true,"href":"https:\/\/www.oracaoefe.com\/fr\/wp-json\/wp\/v2\/comments?post=1259"}],"version-history":[{"count":2,"href":"https:\/\/www.oracaoefe.com\/fr\/wp-json\/wp\/v2\/posts\/1259\/revisions"}],"predecessor-version":[{"id":1286,"href":"https:\/\/www.oracaoefe.com\/fr\/wp-json\/wp\/v2\/posts\/1259\/revisions\/1286"}],"wp:featuredmedia":[{"embeddable":true,"href":"https:\/\/www.oracaoefe.com\/fr\/wp-json\/wp\/v2\/media\/1277"}],"wp:attachment":[{"href":"https:\/\/www.oracaoefe.com\/fr\/wp-json\/wp\/v2\/media?parent=1259"}],"wp:term":[{"taxonomy":"category","embeddable":true,"href":"https:\/\/www.oracaoefe.com\/fr\/wp-json\/wp\/v2\/categories?post=1259"},{"taxonomy":"post_tag","embeddable":true,"href":"https:\/\/www.oracaoefe.com\/fr\/wp-json\/wp\/v2\/tags?post=1259"}],"curies":[{"name":"wp","href":"https:\/\/api.w.org\/{rel}","templated":true}]}}