{"id":1257,"date":"2022-11-27T01:00:00","date_gmt":"2022-11-27T04:00:00","guid":{"rendered":"https:\/\/www.oracaoefe.com\/?p=1257"},"modified":"2022-11-21T15:52:57","modified_gmt":"2022-11-21T18:52:57","slug":"oracao-para-comecar-o-dia-seja-mais-que-um-vencedor","status":"publish","type":"post","link":"https:\/\/www.oracaoefe.com\/fr\/oracao-para-comecar-o-dia-seja-mais-que-um-vencedor\/","title":{"rendered":"Pri\u00e8re pour commencer la journ\u00e9e : Soyez plus qu'un gagnant"},"content":{"rendered":"<p class=\"wp-block-paragraph\">\u00catre plus qu'un vainqueur signifie que, m\u00eame avant qu'un probl\u00e8me ne survienne, vous savez que, quoi qu'il arrive, vous pouvez le surmonter avec le Christ. Vous avez l'assurance que Dieu vous aime quoi qu'il arrive, et qu'il ne vous quittera jamais ni ne vous abandonnera. Et lorsque vous avez ce genre de relation avec le Christ, vous ne passez pas votre temps \u00e0 craindre les mauvaises nouvelles ou l'inattendu. Si un impr\u00e9vu survient ou si vous \u00eates victime d'une d\u00e9ception, vous ne serez pas an\u00e9anti.<\/p>\n\n\n\n<p class=\"wp-block-paragraph\"><em>Lorsque vous \u00eates pleinement conscient de votre identit\u00e9 en Christ, vous savez que si Christ habite en vous, il ne vous arrivera rien que vous ne puissiez surmonter, car rien n'est trop dur pour lui ! <\/em>(Jean 4:4.)<\/p>\n\n\n\n<figure class=\"wp-block-image size-large\"><img loading=\"lazy\" decoding=\"async\" width=\"1024\" height=\"683\" src=\"https:\/\/www.oracaoefe.com\/wp-content\/uploads\/2022\/11\/Oracao-do-dia-2611-5-1024x683.jpg\" alt=\"\" class=\"wp-image-1276\" srcset=\"https:\/\/www.oracaoefe.com\/wp-content\/uploads\/2022\/11\/Oracao-do-dia-2611-5-1024x683.jpg 1024w, https:\/\/www.oracaoefe.com\/wp-content\/uploads\/2022\/11\/Oracao-do-dia-2611-5-300x200.jpg 300w, https:\/\/www.oracaoefe.com\/wp-content\/uploads\/2022\/11\/Oracao-do-dia-2611-5-768x512.jpg 768w, https:\/\/www.oracaoefe.com\/wp-content\/uploads\/2022\/11\/Oracao-do-dia-2611-5-18x12.jpg 18w, https:\/\/www.oracaoefe.com\/wp-content\/uploads\/2022\/11\/Oracao-do-dia-2611-5.jpg 1200w\" sizes=\"auto, (max-width: 1024px) 100vw, 1024px\" \/><\/figure>\n\n\n\n<h2 class=\"wp-block-heading\">Pri\u00e8re du jour<\/h2>\n\n\n\n<p class=\"wp-block-paragraph\"><em>\" Mon \u00e2me implore votre pardon, cher Dieu, en ce moment d'angoisse, pour tous les p\u00e9ch\u00e9s que j'ai commis.<\/em><\/p>\n\n\n\n<p class=\"wp-block-paragraph\"><em>J'ai \u00e9chou\u00e9 dans mes actions et je les regrette. A genoux, je demande ton pardon, cher Seigneur, j'esp\u00e8re que dans ton infinie mis\u00e9ricorde, tu me pardonneras.<\/em><\/p>\n\n\n\n<p class=\"wp-block-paragraph\"><em>J\u00e9sus ! Je te demande de tout mon c\u0153ur ta pr\u00e9sence dans tous les aspects de la vie, que tu sois mon guide, afin que je puisse \u00eatre ta digne fille et agir selon ta parole et tes enseignements.<\/em><\/p>\n\n\n\n<p class=\"wp-block-paragraph\"><em>Je demande pardon pour toutes les fois o\u00f9 j'ai p\u00e9ch\u00e9, je demande pardon pour les fois o\u00f9 j'ai \u00e9chou\u00e9, consciemment ou non, donne-moi la sagesse de pouvoir l'accepter et le r\u00e9parer.<\/em><\/p>\n\n\n\n<p class=\"wp-block-paragraph\"><em>Pardonnez-moi pour toutes les fois o\u00f9 je ne vous ai pas honor\u00e9 comme vous le m\u00e9ritiez, ou d\u00e9\u00e7u. Toi, avec ton amour et ta mis\u00e9ricorde infinis, tu as pu m'accueillir \u00e0 bras ouverts.<\/em><\/p>\n\n\n\n<p class=\"wp-block-paragraph\"><em>Je m'efforcerai toujours d'honorer ta parole, mon Dieu bien-aim\u00e9, que ton amour soit mon nord et mon guide aujourd'hui et toujours, pour agir de la bonne mani\u00e8re, selon tes enseignements.<\/em><\/p>\n\n\n\n<p class=\"wp-block-paragraph\"><em>Amen !\"<\/em><\/p>\n\n\n\n<h3 class=\"wp-block-heading\">Message et pens\u00e9e du jour<\/h3>\n\n\n\n<p class=\"wp-block-paragraph\">Il est important que cette v\u00e9rit\u00e9 p\u00e9n\u00e8tre votre c\u0153ur et que vous vous consid\u00e9riez comme plus que vainqueur en J\u00e9sus-Christ. Sinon, Satan parviendra \u00e0 vous d\u00e9stabiliser, \u00e0 vous troubler et \u00e0 vous priver de la victoire. <em>L'ennemi ne cherche qu'\u00e0 tuer, voler et d\u00e9truire ce que Dieu veut que vous ayez.<\/em> (Jean 10:10). Il veut vous diminuer, vous donner un esprit \u00e9troit et vous faire mener une vie mesquine.<\/p>\n\n\n\n<p class=\"wp-block-paragraph\">Mais \u00e7a n'a pas \u00e0 \u00eatre comme \u00e7a. Quiconque confesse que J\u00e9sus-Christ est le Seigneur, se repent de son p\u00e9ch\u00e9 et remet son c\u0153ur \u00e0 Dieu, devient un enfant de Dieu et lui appartient. Et dans le Christ, nous sommes r\u00e9concili\u00e9s avec Dieu, nous sommes sa justice et nous avons en nous la puissance du Christ pour vivre dans la justice.<\/p>\n\n\n\n<p class=\"wp-block-paragraph\">Lorsque nous passons du temps avec Dieu dans la pri\u00e8re et l'\u00e9tude de la Bible, nous recevons la sagesse et la force dont nous avons besoin pour faire les bons choix. Cela ne se produit pas instantan\u00e9ment, mais chaque jour o\u00f9 nous cherchons Dieu de cette mani\u00e8re, nous ferons des progr\u00e8s.<\/p>\n\n\n\n<p class=\"wp-block-paragraph\">J'aimerais vraiment que vous r\u00e9alisiez votre identit\u00e9 en Christ en tant que croyant n\u00e9 de nouveau. Ainsi, vous ne serez pas frustr\u00e9 ou d\u00e9courag\u00e9, face \u00e0 des attaques incessantes alors que vous essayez de survivre tant bien que mal. Dieu veut vous donner mieux que \u00e7a !<\/p>\n\n\n\n<p class=\"wp-block-paragraph\">Je vous encourage \u00e0 d\u00e9couvrir qui est vraiment Dieu. Avoir une compr\u00e9hension plus profonde de son caract\u00e8re et de son c\u0153ur pour vous. Sachez qu'il vous aime inconditionnellement. Il est bon. Il veut vous b\u00e9nir et vous aider. Lorsque nous connaissons cette v\u00e9rit\u00e9, nous ne devons pas passer notre temps \u00e0 douter et \u00e0 nous demander si Dieu se soucie de nous ou s'il prendra soin de nous.<\/p>\n\n\n\n<p class=\"wp-block-paragraph\">Quelle que soit votre situation aujourd'hui, Dieu la conna\u00eet. Il vous voit et entend le cri de votre c\u0153ur. Et si vous lui remettez vos probl\u00e8mes et faites ce qu'il vous dit, vous b\u00e9n\u00e9ficierez de son amour, de sa gr\u00e2ce et de sa puissance infinis et serez plus que victorieux. Car comme le Christ est, nous sommes aussi dans ce monde !<\/p>","protected":false},"excerpt":{"rendered":"<p>Ser mais que um vencedor significa que, mesmo antes de surgir um problema, voc\u00ea sabe que, aconte\u00e7a o que acontecer, voc\u00ea pode venc\u00ea-lo com Cristo. Voc\u00ea tem a certeza de que Deus o ama, n\u00e3o importa o que aconte\u00e7a, e que ele nunca o deixar\u00e1 ou o abandonar\u00e1. E quando voc\u00ea tem esse tipo de&hellip;&nbsp;<\/p>","protected":false},"author":3,"featured_media":1276,"comment_status":"open","ping_status":"open","sticky":false,"template":"","format":"standard","meta":{"neve_meta_sidebar":"","neve_meta_container":"","neve_meta_enable_content_width":"","neve_meta_content_width":0,"neve_meta_title_alignment":"","neve_meta_author_avatar":"","neve_post_elements_order":"","neve_meta_disable_header":"","neve_meta_disable_footer":"","neve_meta_disable_title":"","footnotes":""},"categories":[2],"tags":[160,163],"class_list":["post-1257","post","type-post","status-publish","format-standard","has-post-thumbnail","hentry","category-oracao","tag-oracao-do-dia","tag-prece-do-dia"],"yoast_head":"<!-- This site is optimized with the Yoast SEO plugin v28.4 - https:\/\/yoast.com\/product\/yoast-seo-wordpress\/ -->\n<title>Ora\u00e7\u00e3o para come\u00e7ar o dia: Seja mais que um vencedor - Ora\u00e7\u00e3o e F\u00e9<\/title>\n<meta name=\"description\" content=\"Deus tem pra voc\u00ea uma palavra de vida!\" \/>\n<meta name=\"robots\" content=\"index, follow, max-snippet:-1, max-image-preview:large, max-video-preview:-1\" \/>\n<link rel=\"canonical\" href=\"https:\/\/www.oracaoefe.com\/fr\/oracao-para-comecar-o-dia-seja-mais-que-um-vencedor\/\" \/>\n<meta property=\"og:locale\" content=\"fr_FR\" \/>\n<meta property=\"og:type\" content=\"article\" \/>\n<meta property=\"og:title\" content=\"Ora\u00e7\u00e3o para come\u00e7ar o dia: Seja mais que um vencedor - Ora\u00e7\u00e3o e F\u00e9\" \/>\n<meta property=\"og:description\" content=\"Deus tem pra voc\u00ea uma palavra de vida!\" \/>\n<meta property=\"og:url\" content=\"https:\/\/www.oracaoefe.com\/fr\/oracao-para-comecar-o-dia-seja-mais-que-um-vencedor\/\" \/>\n<meta property=\"og:site_name\" content=\"Ora\u00e7\u00e3o e F\u00e9\" \/>\n<meta property=\"article:published_time\" content=\"2022-11-27T04:00:00+00:00\" \/>\n<meta property=\"og:image\" content=\"https:\/\/www.oracaoefe.com\/wp-content\/uploads\/2022\/11\/Oracao-do-dia-2611-5.jpg\" \/>\n\t<meta property=\"og:image:width\" content=\"1200\" \/>\n\t<meta property=\"og:image:height\" content=\"800\" \/>\n\t<meta property=\"og:image:type\" content=\"image\/jpeg\" \/>\n<meta name=\"author\" content=\"Michele Azevedo\" \/>\n<meta name=\"twitter:card\" content=\"summary_large_image\" \/>\n<meta name=\"twitter:label1\" content=\"\u00c9crit par\" \/>\n\t<meta name=\"twitter:data1\" content=\"Michele Azevedo\" \/>\n\t<meta name=\"twitter:label2\" content=\"Dur\u00e9e de lecture estim\u00e9e\" \/>\n\t<meta name=\"twitter:data2\" content=\"3 minutes\" \/>\n<script type=\"application\/ld+json\" class=\"yoast-schema-graph\">{\"@context\":\"https:\\\/\\\/schema.org\",\"@graph\":[{\"@type\":\"Article\",\"@id\":\"https:\\\/\\\/www.oracaoefe.com\\\/oracao-para-comecar-o-dia-seja-mais-que-um-vencedor\\\/#article\",\"isPartOf\":{\"@id\":\"https:\\\/\\\/www.oracaoefe.com\\\/oracao-para-comecar-o-dia-seja-mais-que-um-vencedor\\\/\"},\"author\":{\"name\":\"Michele Azevedo\",\"@id\":\"https:\\\/\\\/www.oracaoefe.com\\\/#\\\/schema\\\/person\\\/17283c669442cf005c4d5bb58adfb7f5\"},\"headline\":\"Ora\u00e7\u00e3o para come\u00e7ar o dia: Seja mais que um vencedor\",\"datePublished\":\"2022-11-27T04:00:00+00:00\",\"mainEntityOfPage\":{\"@id\":\"https:\\\/\\\/www.oracaoefe.com\\\/oracao-para-comecar-o-dia-seja-mais-que-um-vencedor\\\/\"},\"wordCount\":681,\"commentCount\":0,\"image\":{\"@id\":\"https:\\\/\\\/www.oracaoefe.com\\\/oracao-para-comecar-o-dia-seja-mais-que-um-vencedor\\\/#primaryimage\"},\"thumbnailUrl\":\"https:\\\/\\\/www.oracaoefe.com\\\/wp-content\\\/uploads\\\/2022\\\/11\\\/Oracao-do-dia-2611-5.jpg\",\"keywords\":[\"ora\u00e7\u00e3o do dia\",\"prece do dia\"],\"articleSection\":[\"Ora\u00e7\u00e3o\"],\"inLanguage\":\"fr-FR\",\"potentialAction\":[{\"@type\":\"CommentAction\",\"name\":\"Comment\",\"target\":[\"https:\\\/\\\/www.oracaoefe.com\\\/oracao-para-comecar-o-dia-seja-mais-que-um-vencedor\\\/#respond\"]}]},{\"@type\":\"WebPage\",\"@id\":\"https:\\\/\\\/www.oracaoefe.com\\\/oracao-para-comecar-o-dia-seja-mais-que-um-vencedor\\\/\",\"url\":\"https:\\\/\\\/www.oracaoefe.com\\\/oracao-para-comecar-o-dia-seja-mais-que-um-vencedor\\\/\",\"name\":\"Ora\u00e7\u00e3o para come\u00e7ar o dia: Seja mais que um vencedor - Ora\u00e7\u00e3o e F\u00e9\",\"isPartOf\":{\"@id\":\"https:\\\/\\\/www.oracaoefe.com\\\/#website\"},\"primaryImageOfPage\":{\"@id\":\"https:\\\/\\\/www.oracaoefe.com\\\/oracao-para-comecar-o-dia-seja-mais-que-um-vencedor\\\/#primaryimage\"},\"image\":{\"@id\":\"https:\\\/\\\/www.oracaoefe.com\\\/oracao-para-comecar-o-dia-seja-mais-que-um-vencedor\\\/#primaryimage\"},\"thumbnailUrl\":\"https:\\\/\\\/www.oracaoefe.com\\\/wp-content\\\/uploads\\\/2022\\\/11\\\/Oracao-do-dia-2611-5.jpg\",\"datePublished\":\"2022-11-27T04:00:00+00:00\",\"author\":{\"@id\":\"https:\\\/\\\/www.oracaoefe.com\\\/#\\\/schema\\\/person\\\/17283c669442cf005c4d5bb58adfb7f5\"},\"description\":\"Deus tem pra voc\u00ea uma palavra de vida!\",\"breadcrumb\":{\"@id\":\"https:\\\/\\\/www.oracaoefe.com\\\/oracao-para-comecar-o-dia-seja-mais-que-um-vencedor\\\/#breadcrumb\"},\"inLanguage\":\"fr-FR\",\"potentialAction\":[{\"@type\":\"ReadAction\",\"target\":[\"https:\\\/\\\/www.oracaoefe.com\\\/oracao-para-comecar-o-dia-seja-mais-que-um-vencedor\\\/\"]}]},{\"@type\":\"ImageObject\",\"inLanguage\":\"fr-FR\",\"@id\":\"https:\\\/\\\/www.oracaoefe.com\\\/oracao-para-comecar-o-dia-seja-mais-que-um-vencedor\\\/#primaryimage\",\"url\":\"https:\\\/\\\/www.oracaoefe.com\\\/wp-content\\\/uploads\\\/2022\\\/11\\\/Oracao-do-dia-2611-5.jpg\",\"contentUrl\":\"https:\\\/\\\/www.oracaoefe.com\\\/wp-content\\\/uploads\\\/2022\\\/11\\\/Oracao-do-dia-2611-5.jpg\",\"width\":1200,\"height\":800},{\"@type\":\"BreadcrumbList\",\"@id\":\"https:\\\/\\\/www.oracaoefe.com\\\/oracao-para-comecar-o-dia-seja-mais-que-um-vencedor\\\/#breadcrumb\",\"itemListElement\":[{\"@type\":\"ListItem\",\"position\":1,\"name\":\"Home\",\"item\":\"https:\\\/\\\/www.oracaoefe.com\\\/\"},{\"@type\":\"ListItem\",\"position\":2,\"name\":\"Ora\u00e7\u00e3o\",\"item\":\"https:\\\/\\\/www.oracaoefe.com\\\/category\\\/oracao\\\/\"},{\"@type\":\"ListItem\",\"position\":3,\"name\":\"Ora\u00e7\u00e3o para come\u00e7ar o dia: Seja mais que um vencedor\"}]},{\"@type\":\"WebSite\",\"@id\":\"https:\\\/\\\/www.oracaoefe.com\\\/#website\",\"url\":\"https:\\\/\\\/www.oracaoefe.com\\\/\",\"name\":\"Ora\u00e7\u00e3o e F\u00e9\",\"description\":\"\",\"potentialAction\":[{\"@type\":\"SearchAction\",\"target\":{\"@type\":\"EntryPoint\",\"urlTemplate\":\"https:\\\/\\\/www.oracaoefe.com\\\/?s={search_term_string}\"},\"query-input\":{\"@type\":\"PropertyValueSpecification\",\"valueRequired\":true,\"valueName\":\"search_term_string\"}}],\"inLanguage\":\"fr-FR\"},{\"@type\":\"Person\",\"@id\":\"https:\\\/\\\/www.oracaoefe.com\\\/#\\\/schema\\\/person\\\/17283c669442cf005c4d5bb58adfb7f5\",\"name\":\"Michele Azevedo\",\"image\":{\"@type\":\"ImageObject\",\"inLanguage\":\"fr-FR\",\"@id\":\"https:\\\/\\\/secure.gravatar.com\\\/avatar\\\/6b0eb9d22841282815e2cd856a0061c45e1761cd54b22e952d98c4746939aa85?s=96&d=mm&r=g\",\"url\":\"https:\\\/\\\/secure.gravatar.com\\\/avatar\\\/6b0eb9d22841282815e2cd856a0061c45e1761cd54b22e952d98c4746939aa85?s=96&d=mm&r=g\",\"contentUrl\":\"https:\\\/\\\/secure.gravatar.com\\\/avatar\\\/6b0eb9d22841282815e2cd856a0061c45e1761cd54b22e952d98c4746939aa85?s=96&d=mm&r=g\",\"caption\":\"Michele Azevedo\"},\"description\":\"Formada em Letras - Portugu\u00eas\\\/ Ingl\u00eas pela Universidade Estadual de Ponta Grossa (UEPG), p\u00f3s-graduada em Arte na Educa\u00e7\u00e3o (FAPI) e Psicopedagogia Escolar (FAPI), idealizadora e propriet\u00e1ria do site Escritora de Sucesso, possui experi\u00eancia em escrita para blogs em geral e atua como redatora e revisora dos conte\u00fados do Ora\u00e7\u00e3o e F\u00e9.\",\"url\":\"https:\\\/\\\/www.oracaoefe.com\\\/fr\\\/author\\\/michele-azevedo\\\/\"}]}<\/script>\n<!-- \/ Yoast SEO plugin. -->","yoast_head_json":{"title":"Pri\u00e8re pour commencer la journ\u00e9e : Soyez plus qu'un gagnant - Prayer and Faith","description":"Dieu a une parole de vie pour vous !","robots":{"index":"index","follow":"follow","max-snippet":"max-snippet:-1","max-image-preview":"max-image-preview:large","max-video-preview":"max-video-preview:-1"},"canonical":"https:\/\/www.oracaoefe.com\/fr\/oracao-para-comecar-o-dia-seja-mais-que-um-vencedor\/","og_locale":"fr_FR","og_type":"article","og_title":"Ora\u00e7\u00e3o para come\u00e7ar o dia: Seja mais que um vencedor - Ora\u00e7\u00e3o e F\u00e9","og_description":"Deus tem pra voc\u00ea uma palavra de vida!","og_url":"https:\/\/www.oracaoefe.com\/fr\/oracao-para-comecar-o-dia-seja-mais-que-um-vencedor\/","og_site_name":"Ora\u00e7\u00e3o e F\u00e9","article_published_time":"2022-11-27T04:00:00+00:00","og_image":[{"width":1200,"height":800,"url":"https:\/\/www.oracaoefe.com\/wp-content\/uploads\/2022\/11\/Oracao-do-dia-2611-5.jpg","type":"image\/jpeg"}],"author":"Michele Azevedo","twitter_card":"summary_large_image","twitter_misc":{"\u00c9crit par":"Michele Azevedo","Dur\u00e9e de lecture estim\u00e9e":"3 minutes"},"schema":{"@context":"https:\/\/schema.org","@graph":[{"@type":"Article","@id":"https:\/\/www.oracaoefe.com\/oracao-para-comecar-o-dia-seja-mais-que-um-vencedor\/#article","isPartOf":{"@id":"https:\/\/www.oracaoefe.com\/oracao-para-comecar-o-dia-seja-mais-que-um-vencedor\/"},"author":{"name":"Michele Azevedo","@id":"https:\/\/www.oracaoefe.com\/#\/schema\/person\/17283c669442cf005c4d5bb58adfb7f5"},"headline":"Ora\u00e7\u00e3o para come\u00e7ar o dia: Seja mais que um vencedor","datePublished":"2022-11-27T04:00:00+00:00","mainEntityOfPage":{"@id":"https:\/\/www.oracaoefe.com\/oracao-para-comecar-o-dia-seja-mais-que-um-vencedor\/"},"wordCount":681,"commentCount":0,"image":{"@id":"https:\/\/www.oracaoefe.com\/oracao-para-comecar-o-dia-seja-mais-que-um-vencedor\/#primaryimage"},"thumbnailUrl":"https:\/\/www.oracaoefe.com\/wp-content\/uploads\/2022\/11\/Oracao-do-dia-2611-5.jpg","keywords":["ora\u00e7\u00e3o do dia","prece do dia"],"articleSection":["Ora\u00e7\u00e3o"],"inLanguage":"fr-FR","potentialAction":[{"@type":"CommentAction","name":"Comment","target":["https:\/\/www.oracaoefe.com\/oracao-para-comecar-o-dia-seja-mais-que-um-vencedor\/#respond"]}]},{"@type":"WebPage","@id":"https:\/\/www.oracaoefe.com\/oracao-para-comecar-o-dia-seja-mais-que-um-vencedor\/","url":"https:\/\/www.oracaoefe.com\/oracao-para-comecar-o-dia-seja-mais-que-um-vencedor\/","name":"Pri\u00e8re pour commencer la journ\u00e9e : Soyez plus qu'un gagnant - Prayer and Faith","isPartOf":{"@id":"https:\/\/www.oracaoefe.com\/#website"},"primaryImageOfPage":{"@id":"https:\/\/www.oracaoefe.com\/oracao-para-comecar-o-dia-seja-mais-que-um-vencedor\/#primaryimage"},"image":{"@id":"https:\/\/www.oracaoefe.com\/oracao-para-comecar-o-dia-seja-mais-que-um-vencedor\/#primaryimage"},"thumbnailUrl":"https:\/\/www.oracaoefe.com\/wp-content\/uploads\/2022\/11\/Oracao-do-dia-2611-5.jpg","datePublished":"2022-11-27T04:00:00+00:00","author":{"@id":"https:\/\/www.oracaoefe.com\/#\/schema\/person\/17283c669442cf005c4d5bb58adfb7f5"},"description":"Dieu a une parole de vie pour vous !","breadcrumb":{"@id":"https:\/\/www.oracaoefe.com\/oracao-para-comecar-o-dia-seja-mais-que-um-vencedor\/#breadcrumb"},"inLanguage":"fr-FR","potentialAction":[{"@type":"ReadAction","target":["https:\/\/www.oracaoefe.com\/oracao-para-comecar-o-dia-seja-mais-que-um-vencedor\/"]}]},{"@type":"ImageObject","inLanguage":"fr-FR","@id":"https:\/\/www.oracaoefe.com\/oracao-para-comecar-o-dia-seja-mais-que-um-vencedor\/#primaryimage","url":"https:\/\/www.oracaoefe.com\/wp-content\/uploads\/2022\/11\/Oracao-do-dia-2611-5.jpg","contentUrl":"https:\/\/www.oracaoefe.com\/wp-content\/uploads\/2022\/11\/Oracao-do-dia-2611-5.jpg","width":1200,"height":800},{"@type":"BreadcrumbList","@id":"https:\/\/www.oracaoefe.com\/oracao-para-comecar-o-dia-seja-mais-que-um-vencedor\/#breadcrumb","itemListElement":[{"@type":"ListItem","position":1,"name":"Home","item":"https:\/\/www.oracaoefe.com\/"},{"@type":"ListItem","position":2,"name":"Ora\u00e7\u00e3o","item":"https:\/\/www.oracaoefe.com\/category\/oracao\/"},{"@type":"ListItem","position":3,"name":"Ora\u00e7\u00e3o para come\u00e7ar o dia: Seja mais que um vencedor"}]},{"@type":"WebSite","@id":"https:\/\/www.oracaoefe.com\/#website","url":"https:\/\/www.oracaoefe.com\/","name":"Pri\u00e8re et foi","description":"","potentialAction":[{"@type":"SearchAction","target":{"@type":"EntryPoint","urlTemplate":"https:\/\/www.oracaoefe.com\/?s={search_term_string}"},"query-input":{"@type":"PropertyValueSpecification","valueRequired":true,"valueName":"search_term_string"}}],"inLanguage":"fr-FR"},{"@type":"Person","@id":"https:\/\/www.oracaoefe.com\/#\/schema\/person\/17283c669442cf005c4d5bb58adfb7f5","name":"Michele Azevedo","image":{"@type":"ImageObject","inLanguage":"fr-FR","@id":"https:\/\/secure.gravatar.com\/avatar\/6b0eb9d22841282815e2cd856a0061c45e1761cd54b22e952d98c4746939aa85?s=96&d=mm&r=g","url":"https:\/\/secure.gravatar.com\/avatar\/6b0eb9d22841282815e2cd856a0061c45e1761cd54b22e952d98c4746939aa85?s=96&d=mm&r=g","contentUrl":"https:\/\/secure.gravatar.com\/avatar\/6b0eb9d22841282815e2cd856a0061c45e1761cd54b22e952d98c4746939aa85?s=96&d=mm&r=g","caption":"Michele Azevedo"},"description":"Dipl\u00f4m\u00e9e en litt\u00e9rature portugaise\/anglaise de l&#039;Universit\u00e9 d&#039;\u00c9tat de Ponta Grossa (UEPG), avec des dipl\u00f4mes de troisi\u00e8me cycle en art dans l&#039;\u00e9ducation (FAPI) et en psychop\u00e9dagogie scolaire (FAPI), elle est la cr\u00e9atrice et propri\u00e9taire du site web Escritora de Sucesso, a de l&#039;exp\u00e9rience dans l&#039;\u00e9criture pour les blogs en g\u00e9n\u00e9ral et travaille comme r\u00e9dactrice et \u00e9ditrice du contenu pour Ora\u00e7\u00e3o e F\u00e9.","url":"https:\/\/www.oracaoefe.com\/fr\/author\/michele-azevedo\/"}]}},"_links":{"self":[{"href":"https:\/\/www.oracaoefe.com\/fr\/wp-json\/wp\/v2\/posts\/1257","targetHints":{"allow":["GET"]}}],"collection":[{"href":"https:\/\/www.oracaoefe.com\/fr\/wp-json\/wp\/v2\/posts"}],"about":[{"href":"https:\/\/www.oracaoefe.com\/fr\/wp-json\/wp\/v2\/types\/post"}],"author":[{"embeddable":true,"href":"https:\/\/www.oracaoefe.com\/fr\/wp-json\/wp\/v2\/users\/3"}],"replies":[{"embeddable":true,"href":"https:\/\/www.oracaoefe.com\/fr\/wp-json\/wp\/v2\/comments?post=1257"}],"version-history":[{"count":2,"href":"https:\/\/www.oracaoefe.com\/fr\/wp-json\/wp\/v2\/posts\/1257\/revisions"}],"predecessor-version":[{"id":1285,"href":"https:\/\/www.oracaoefe.com\/fr\/wp-json\/wp\/v2\/posts\/1257\/revisions\/1285"}],"wp:featuredmedia":[{"embeddable":true,"href":"https:\/\/www.oracaoefe.com\/fr\/wp-json\/wp\/v2\/media\/1276"}],"wp:attachment":[{"href":"https:\/\/www.oracaoefe.com\/fr\/wp-json\/wp\/v2\/media?parent=1257"}],"wp:term":[{"taxonomy":"category","embeddable":true,"href":"https:\/\/www.oracaoefe.com\/fr\/wp-json\/wp\/v2\/categories?post=1257"},{"taxonomy":"post_tag","embeddable":true,"href":"https:\/\/www.oracaoefe.com\/fr\/wp-json\/wp\/v2\/tags?post=1257"}],"curies":[{"name":"wp","href":"https:\/\/api.w.org\/{rel}","templated":true}]}}