{"id":1248,"date":"2022-11-24T01:00:00","date_gmt":"2022-11-24T04:00:00","guid":{"rendered":"https:\/\/www.oracaoefe.com\/?p=1248"},"modified":"2022-11-21T02:04:08","modified_gmt":"2022-11-21T05:04:08","slug":"oracao-para-comecar-o-dia-saiba-quando-e-como-ajudar-os-outros","status":"publish","type":"post","link":"https:\/\/www.oracaoefe.com\/fr\/oracao-para-comecar-o-dia-saiba-quando-e-como-ajudar-os-outros\/","title":{"rendered":"Pri\u00e8re pour commencer la journ\u00e9e : Apprendre quand et comment aider les autres"},"content":{"rendered":"<p class=\"wp-block-paragraph\">J\u00e9sus a commenc\u00e9 son minist\u00e8re public \u00e0 Nazareth. C'est la ville o\u00f9 il a grandi et o\u00f9 vivent tous ses amis proches et sa famille - un endroit o\u00f9 l'on pourrait penser qu'il recevrait une pluie d'affection et d'encouragements. Mais ce n'est pas ainsi que les choses se sont pass\u00e9es pour J\u00e9sus.<\/p>\n\n\n\n<p class=\"wp-block-paragraph\">La foule a appr\u00e9ci\u00e9 son enseignement jusqu'\u00e0 un certain point, mais lorsque ses paroles sont devenues un peu plus directes et d\u00e9rangeantes, la Bible dit que ses auditeurs \u00e9taient si furieux qu'ils ont essay\u00e9 de le tuer (Luc 4:28,29). J\u00e9sus n'a m\u00eame pas cherch\u00e9 \u00e0 justifier son minist\u00e8re : \"<em>Mais en passant au milieu d'eux, il se retira.<\/em>&#8220;.<\/p>\n\n\n\n<p class=\"wp-block-paragraph\">De l\u00e0, il se rendit \u00e0 Capharna\u00fcm, o\u00f9 il s'adressa \u00e0 de vastes auditoires, fit des miracles et chassa des d\u00e9mons. Et tout le monde \u00e9tait ravi. \"<em>Reste avec nous, J\u00e9sus<\/em>!\" lui ont-ils dit. \"<em>Votre place est ici<\/em>.\" Qui ne voudrait pas rester dans un endroit o\u00f9 tout le monde vous aime et vous appr\u00e9cie ? Mais J\u00e9sus ne s'est pas attard\u00e9 plus longtemps \u00e0 Capharna\u00fcm, car il savait que d'autres personnes devaient entendre son message.<\/p>\n\n\n\n<p class=\"wp-block-paragraph\">Il y a l\u00e0 une le\u00e7on importante pour nous. Vous voyez, J\u00e9sus n'agissait pas par rejet ou par acceptation des autres. Il suivait la direction de l'Esprit de Dieu. Si vous pouvez apprendre \u00e0 suivre Dieu, que vous soyez accept\u00e9 ou rejet\u00e9, vous serez sur la bonne voie pour r\u00e9pondre \u00e0 votre vocation d'aller vers les autres. Et en ce jour, commencez par prier.<\/p>\n\n\n\n<figure class=\"wp-block-image size-large\"><img loading=\"lazy\" decoding=\"async\" width=\"1024\" height=\"683\" src=\"https:\/\/www.oracaoefe.com\/wp-content\/uploads\/2022\/11\/oracao-20.11-1024x683.jpg\" alt=\"\" class=\"wp-image-1235\" srcset=\"https:\/\/www.oracaoefe.com\/wp-content\/uploads\/2022\/11\/oracao-20.11-1024x683.jpg 1024w, https:\/\/www.oracaoefe.com\/wp-content\/uploads\/2022\/11\/oracao-20.11-300x200.jpg 300w, https:\/\/www.oracaoefe.com\/wp-content\/uploads\/2022\/11\/oracao-20.11-768x512.jpg 768w, https:\/\/www.oracaoefe.com\/wp-content\/uploads\/2022\/11\/oracao-20.11-18x12.jpg 18w, https:\/\/www.oracaoefe.com\/wp-content\/uploads\/2022\/11\/oracao-20.11.jpg 1200w\" sizes=\"auto, (max-width: 1024px) 100vw, 1024px\" \/><\/figure>\n\n\n\n<h2 class=\"wp-block-heading\">Pri\u00e8re du jour<\/h2>\n\n\n\n<p class=\"wp-block-paragraph\">\"<em>Mon Seigneur, mon Dieu bien-aim\u00e9, aide-moi \u00e0 comprendre ceux qui refusent d'\u00e9voluer ou qui refusent mon aide, ainsi qu'\u00e0 me lib\u00e9rer de tant de fautes et de malentendus, \u00e9claire-moi de toutes tes connaissances afin que je sois capable de suivre la bonne voie.<\/em><\/p>\n\n\n\n<p class=\"wp-block-paragraph\"><em>Pour que je sois capable de d\u00e9cider clairement des meilleures choses et situations dans ma vie, je demande ton aide, Seigneur,<\/em><\/p>\n\n\n\n<p class=\"wp-block-paragraph\"><em>Conduisez-moi sur le chemin s\u00fbr qui me transformera avec de l'espoir et beaucoup de b\u00e9n\u00e9dictions, pas de larmes.<\/em><\/p>\n\n\n\n<p class=\"wp-block-paragraph\"><em>Mon Seigneur, Dieu ! Permettez-moi de venir \u00e0 vous \u00e0 pas prot\u00e9g\u00e9s afin de ne pas me perdre dans les ennuis de la vie. Avec ta gr\u00e2ce, \u00e9clairant mon chemin, je comprendrai alors ceux qui ne reconnaissent pas ta valeur.<\/em><\/p>\n\n\n\n<p class=\"wp-block-paragraph\"><em>Merci, mon Seigneur, pour la vie que tu m'as donn\u00e9e.<\/em><\/p>\n\n\n\n<p class=\"wp-block-paragraph\"><em>Amen<\/em>\".<\/p>\n\n\n\n<h3 class=\"wp-block-heading\">Pens\u00e9e et message du jour<\/h3>\n\n\n\n<p class=\"wp-block-paragraph\">Avez-vous d\u00e9j\u00e0 essay\u00e9 d'aider quelqu'un qui ne voulait pas vraiment \u00eatre aid\u00e9 ? Parfois, nous pensons que si nous pouvions expliquer les choses un peu plus clairement ou \u00eatre un meilleur t\u00e9moin, nous pourrions aider cette personne. Mais nous devons discerner quand il est appropri\u00e9 de s'absoudre d'une responsabilit\u00e9 mal plac\u00e9e.<\/p>\n\n\n\n<p class=\"wp-block-paragraph\">Lorsque J\u00e9sus a envoy\u00e9 ses disciples dans Matthieu 10, il leur a dit que si les habitants d'une ville les rejetaient, ils devaient secouer la poussi\u00e8re de leurs pieds et partir.<\/p>\n\n\n\n<p class=\"wp-block-paragraph\">Que signifie cette parole pour les chr\u00e9tiens d'aujourd'hui ? L'id\u00e9e est que si quelqu'un ne veut pas \u00eatre aid\u00e9, nous pouvons continuer \u00e0 prier pour cette personne, mais nous ne devons pas essayer de la changer nous-m\u00eames.<\/p>\n\n\n\n<p class=\"wp-block-paragraph\">Le monde est rempli de personnes affam\u00e9es, souffrantes et dans le besoin qui accueilleraient le moindre geste d'amour ou d'encouragement que vous pourriez leur donner. Alors ne vous laissez pas arr\u00eater lorsque quelqu'un vous rejette. Faites ce que J\u00e9sus a fait. Passez \u00e0 la suivante et ainsi de suite jusqu'\u00e0 ce que vous trouviez quelqu'un qui accepte ce que vous avez \u00e0 donner.<\/p>","protected":false},"excerpt":{"rendered":"<p>Jesus come\u00e7ou seu minist\u00e9rio p\u00fablico em Nazar\u00e9. Era a cidade onde ele cresceu e onde viviam todos os seus amigos \u00edntimos e familiares &#8211; um lugar onde voc\u00ea pensaria que ele receberia uma chuva de afeto e encorajamento. Mas n\u00e3o foi assim que as coisas aconteceram para Jesus. A multid\u00e3o apreciou seus ensinamentos at\u00e9 certo&hellip;&nbsp;<\/p>","protected":false},"author":3,"featured_media":1235,"comment_status":"open","ping_status":"open","sticky":false,"template":"","format":"standard","meta":{"neve_meta_sidebar":"","neve_meta_container":"","neve_meta_enable_content_width":"","neve_meta_content_width":0,"neve_meta_title_alignment":"","neve_meta_author_avatar":"","neve_post_elements_order":"","neve_meta_disable_header":"","neve_meta_disable_footer":"","neve_meta_disable_title":"","footnotes":""},"categories":[2],"tags":[160,163],"class_list":["post-1248","post","type-post","status-publish","format-standard","has-post-thumbnail","hentry","category-oracao","tag-oracao-do-dia","tag-prece-do-dia"],"yoast_head":"<!-- This site is optimized with the Yoast SEO plugin v28.4 - https:\/\/yoast.com\/product\/yoast-seo-wordpress\/ -->\n<title>Ora\u00e7\u00e3o para come\u00e7ar o dia: Saiba quando e como ajudar os outros - Ora\u00e7\u00e3o e F\u00e9<\/title>\n<meta name=\"description\" content=\"Deus tem pra voc\u00ea uma palavra de vida!\" \/>\n<meta name=\"robots\" content=\"index, follow, max-snippet:-1, max-image-preview:large, max-video-preview:-1\" \/>\n<link rel=\"canonical\" href=\"https:\/\/www.oracaoefe.com\/fr\/oracao-para-comecar-o-dia-saiba-quando-e-como-ajudar-os-outros\/\" \/>\n<meta property=\"og:locale\" content=\"fr_FR\" \/>\n<meta property=\"og:type\" content=\"article\" \/>\n<meta property=\"og:title\" content=\"Ora\u00e7\u00e3o para come\u00e7ar o dia: Saiba quando e como ajudar os outros - Ora\u00e7\u00e3o e F\u00e9\" \/>\n<meta property=\"og:description\" content=\"Deus tem pra voc\u00ea uma palavra de vida!\" \/>\n<meta property=\"og:url\" content=\"https:\/\/www.oracaoefe.com\/fr\/oracao-para-comecar-o-dia-saiba-quando-e-como-ajudar-os-outros\/\" \/>\n<meta property=\"og:site_name\" content=\"Ora\u00e7\u00e3o e F\u00e9\" \/>\n<meta property=\"article:published_time\" content=\"2022-11-24T04:00:00+00:00\" \/>\n<meta property=\"og:image\" content=\"https:\/\/www.oracaoefe.com\/wp-content\/uploads\/2022\/11\/oracao-20.11.jpg\" \/>\n\t<meta property=\"og:image:width\" content=\"1200\" \/>\n\t<meta property=\"og:image:height\" content=\"800\" \/>\n\t<meta property=\"og:image:type\" content=\"image\/jpeg\" \/>\n<meta name=\"author\" content=\"Michele Azevedo\" \/>\n<meta name=\"twitter:card\" content=\"summary_large_image\" \/>\n<meta name=\"twitter:label1\" content=\"\u00c9crit par\" \/>\n\t<meta name=\"twitter:data1\" content=\"Michele Azevedo\" \/>\n\t<meta name=\"twitter:label2\" content=\"Dur\u00e9e de lecture estim\u00e9e\" \/>\n\t<meta name=\"twitter:data2\" content=\"3 minutes\" \/>\n<script type=\"application\/ld+json\" class=\"yoast-schema-graph\">{\"@context\":\"https:\\\/\\\/schema.org\",\"@graph\":[{\"@type\":\"Article\",\"@id\":\"https:\\\/\\\/www.oracaoefe.com\\\/oracao-para-comecar-o-dia-saiba-quando-e-como-ajudar-os-outros\\\/#article\",\"isPartOf\":{\"@id\":\"https:\\\/\\\/www.oracaoefe.com\\\/oracao-para-comecar-o-dia-saiba-quando-e-como-ajudar-os-outros\\\/\"},\"author\":{\"name\":\"Michele Azevedo\",\"@id\":\"https:\\\/\\\/www.oracaoefe.com\\\/#\\\/schema\\\/person\\\/17283c669442cf005c4d5bb58adfb7f5\"},\"headline\":\"Ora\u00e7\u00e3o para come\u00e7ar o dia: Saiba quando e como ajudar os outros\",\"datePublished\":\"2022-11-24T04:00:00+00:00\",\"mainEntityOfPage\":{\"@id\":\"https:\\\/\\\/www.oracaoefe.com\\\/oracao-para-comecar-o-dia-saiba-quando-e-como-ajudar-os-outros\\\/\"},\"wordCount\":589,\"commentCount\":0,\"image\":{\"@id\":\"https:\\\/\\\/www.oracaoefe.com\\\/oracao-para-comecar-o-dia-saiba-quando-e-como-ajudar-os-outros\\\/#primaryimage\"},\"thumbnailUrl\":\"https:\\\/\\\/www.oracaoefe.com\\\/wp-content\\\/uploads\\\/2022\\\/11\\\/oracao-20.11.jpg\",\"keywords\":[\"ora\u00e7\u00e3o do dia\",\"prece do dia\"],\"articleSection\":[\"Ora\u00e7\u00e3o\"],\"inLanguage\":\"fr-FR\",\"potentialAction\":[{\"@type\":\"CommentAction\",\"name\":\"Comment\",\"target\":[\"https:\\\/\\\/www.oracaoefe.com\\\/oracao-para-comecar-o-dia-saiba-quando-e-como-ajudar-os-outros\\\/#respond\"]}]},{\"@type\":\"WebPage\",\"@id\":\"https:\\\/\\\/www.oracaoefe.com\\\/oracao-para-comecar-o-dia-saiba-quando-e-como-ajudar-os-outros\\\/\",\"url\":\"https:\\\/\\\/www.oracaoefe.com\\\/oracao-para-comecar-o-dia-saiba-quando-e-como-ajudar-os-outros\\\/\",\"name\":\"Ora\u00e7\u00e3o para come\u00e7ar o dia: Saiba quando e como ajudar os outros - Ora\u00e7\u00e3o e F\u00e9\",\"isPartOf\":{\"@id\":\"https:\\\/\\\/www.oracaoefe.com\\\/#website\"},\"primaryImageOfPage\":{\"@id\":\"https:\\\/\\\/www.oracaoefe.com\\\/oracao-para-comecar-o-dia-saiba-quando-e-como-ajudar-os-outros\\\/#primaryimage\"},\"image\":{\"@id\":\"https:\\\/\\\/www.oracaoefe.com\\\/oracao-para-comecar-o-dia-saiba-quando-e-como-ajudar-os-outros\\\/#primaryimage\"},\"thumbnailUrl\":\"https:\\\/\\\/www.oracaoefe.com\\\/wp-content\\\/uploads\\\/2022\\\/11\\\/oracao-20.11.jpg\",\"datePublished\":\"2022-11-24T04:00:00+00:00\",\"author\":{\"@id\":\"https:\\\/\\\/www.oracaoefe.com\\\/#\\\/schema\\\/person\\\/17283c669442cf005c4d5bb58adfb7f5\"},\"description\":\"Deus tem pra voc\u00ea uma palavra de vida!\",\"breadcrumb\":{\"@id\":\"https:\\\/\\\/www.oracaoefe.com\\\/oracao-para-comecar-o-dia-saiba-quando-e-como-ajudar-os-outros\\\/#breadcrumb\"},\"inLanguage\":\"fr-FR\",\"potentialAction\":[{\"@type\":\"ReadAction\",\"target\":[\"https:\\\/\\\/www.oracaoefe.com\\\/oracao-para-comecar-o-dia-saiba-quando-e-como-ajudar-os-outros\\\/\"]}]},{\"@type\":\"ImageObject\",\"inLanguage\":\"fr-FR\",\"@id\":\"https:\\\/\\\/www.oracaoefe.com\\\/oracao-para-comecar-o-dia-saiba-quando-e-como-ajudar-os-outros\\\/#primaryimage\",\"url\":\"https:\\\/\\\/www.oracaoefe.com\\\/wp-content\\\/uploads\\\/2022\\\/11\\\/oracao-20.11.jpg\",\"contentUrl\":\"https:\\\/\\\/www.oracaoefe.com\\\/wp-content\\\/uploads\\\/2022\\\/11\\\/oracao-20.11.jpg\",\"width\":1200,\"height\":800},{\"@type\":\"BreadcrumbList\",\"@id\":\"https:\\\/\\\/www.oracaoefe.com\\\/oracao-para-comecar-o-dia-saiba-quando-e-como-ajudar-os-outros\\\/#breadcrumb\",\"itemListElement\":[{\"@type\":\"ListItem\",\"position\":1,\"name\":\"Home\",\"item\":\"https:\\\/\\\/www.oracaoefe.com\\\/\"},{\"@type\":\"ListItem\",\"position\":2,\"name\":\"Ora\u00e7\u00e3o\",\"item\":\"https:\\\/\\\/www.oracaoefe.com\\\/category\\\/oracao\\\/\"},{\"@type\":\"ListItem\",\"position\":3,\"name\":\"Ora\u00e7\u00e3o para come\u00e7ar o dia: Saiba quando e como ajudar os outros\"}]},{\"@type\":\"WebSite\",\"@id\":\"https:\\\/\\\/www.oracaoefe.com\\\/#website\",\"url\":\"https:\\\/\\\/www.oracaoefe.com\\\/\",\"name\":\"Ora\u00e7\u00e3o e F\u00e9\",\"description\":\"\",\"potentialAction\":[{\"@type\":\"SearchAction\",\"target\":{\"@type\":\"EntryPoint\",\"urlTemplate\":\"https:\\\/\\\/www.oracaoefe.com\\\/?s={search_term_string}\"},\"query-input\":{\"@type\":\"PropertyValueSpecification\",\"valueRequired\":true,\"valueName\":\"search_term_string\"}}],\"inLanguage\":\"fr-FR\"},{\"@type\":\"Person\",\"@id\":\"https:\\\/\\\/www.oracaoefe.com\\\/#\\\/schema\\\/person\\\/17283c669442cf005c4d5bb58adfb7f5\",\"name\":\"Michele Azevedo\",\"image\":{\"@type\":\"ImageObject\",\"inLanguage\":\"fr-FR\",\"@id\":\"https:\\\/\\\/secure.gravatar.com\\\/avatar\\\/6b0eb9d22841282815e2cd856a0061c45e1761cd54b22e952d98c4746939aa85?s=96&d=mm&r=g\",\"url\":\"https:\\\/\\\/secure.gravatar.com\\\/avatar\\\/6b0eb9d22841282815e2cd856a0061c45e1761cd54b22e952d98c4746939aa85?s=96&d=mm&r=g\",\"contentUrl\":\"https:\\\/\\\/secure.gravatar.com\\\/avatar\\\/6b0eb9d22841282815e2cd856a0061c45e1761cd54b22e952d98c4746939aa85?s=96&d=mm&r=g\",\"caption\":\"Michele Azevedo\"},\"description\":\"Formada em Letras - Portugu\u00eas\\\/ Ingl\u00eas pela Universidade Estadual de Ponta Grossa (UEPG), p\u00f3s-graduada em Arte na Educa\u00e7\u00e3o (FAPI) e Psicopedagogia Escolar (FAPI), idealizadora e propriet\u00e1ria do site Escritora de Sucesso, possui experi\u00eancia em escrita para blogs em geral e atua como redatora e revisora dos conte\u00fados do Ora\u00e7\u00e3o e F\u00e9.\",\"url\":\"https:\\\/\\\/www.oracaoefe.com\\\/fr\\\/author\\\/michele-azevedo\\\/\"}]}<\/script>\n<!-- \/ Yoast SEO plugin. -->","yoast_head_json":{"title":"Pri\u00e8re pour commencer la journ\u00e9e : Savoir quand et comment aider les autres - Pri\u00e8re et foi","description":"Dieu a une parole de vie pour vous !","robots":{"index":"index","follow":"follow","max-snippet":"max-snippet:-1","max-image-preview":"max-image-preview:large","max-video-preview":"max-video-preview:-1"},"canonical":"https:\/\/www.oracaoefe.com\/fr\/oracao-para-comecar-o-dia-saiba-quando-e-como-ajudar-os-outros\/","og_locale":"fr_FR","og_type":"article","og_title":"Ora\u00e7\u00e3o para come\u00e7ar o dia: Saiba quando e como ajudar os outros - Ora\u00e7\u00e3o e F\u00e9","og_description":"Deus tem pra voc\u00ea uma palavra de vida!","og_url":"https:\/\/www.oracaoefe.com\/fr\/oracao-para-comecar-o-dia-saiba-quando-e-como-ajudar-os-outros\/","og_site_name":"Ora\u00e7\u00e3o e F\u00e9","article_published_time":"2022-11-24T04:00:00+00:00","og_image":[{"width":1200,"height":800,"url":"https:\/\/www.oracaoefe.com\/wp-content\/uploads\/2022\/11\/oracao-20.11.jpg","type":"image\/jpeg"}],"author":"Michele Azevedo","twitter_card":"summary_large_image","twitter_misc":{"\u00c9crit par":"Michele Azevedo","Dur\u00e9e de lecture estim\u00e9e":"3 minutes"},"schema":{"@context":"https:\/\/schema.org","@graph":[{"@type":"Article","@id":"https:\/\/www.oracaoefe.com\/oracao-para-comecar-o-dia-saiba-quando-e-como-ajudar-os-outros\/#article","isPartOf":{"@id":"https:\/\/www.oracaoefe.com\/oracao-para-comecar-o-dia-saiba-quando-e-como-ajudar-os-outros\/"},"author":{"name":"Michele Azevedo","@id":"https:\/\/www.oracaoefe.com\/#\/schema\/person\/17283c669442cf005c4d5bb58adfb7f5"},"headline":"Ora\u00e7\u00e3o para come\u00e7ar o dia: Saiba quando e como ajudar os outros","datePublished":"2022-11-24T04:00:00+00:00","mainEntityOfPage":{"@id":"https:\/\/www.oracaoefe.com\/oracao-para-comecar-o-dia-saiba-quando-e-como-ajudar-os-outros\/"},"wordCount":589,"commentCount":0,"image":{"@id":"https:\/\/www.oracaoefe.com\/oracao-para-comecar-o-dia-saiba-quando-e-como-ajudar-os-outros\/#primaryimage"},"thumbnailUrl":"https:\/\/www.oracaoefe.com\/wp-content\/uploads\/2022\/11\/oracao-20.11.jpg","keywords":["ora\u00e7\u00e3o do dia","prece do dia"],"articleSection":["Ora\u00e7\u00e3o"],"inLanguage":"fr-FR","potentialAction":[{"@type":"CommentAction","name":"Comment","target":["https:\/\/www.oracaoefe.com\/oracao-para-comecar-o-dia-saiba-quando-e-como-ajudar-os-outros\/#respond"]}]},{"@type":"WebPage","@id":"https:\/\/www.oracaoefe.com\/oracao-para-comecar-o-dia-saiba-quando-e-como-ajudar-os-outros\/","url":"https:\/\/www.oracaoefe.com\/oracao-para-comecar-o-dia-saiba-quando-e-como-ajudar-os-outros\/","name":"Pri\u00e8re pour commencer la journ\u00e9e : Savoir quand et comment aider les autres - Pri\u00e8re et foi","isPartOf":{"@id":"https:\/\/www.oracaoefe.com\/#website"},"primaryImageOfPage":{"@id":"https:\/\/www.oracaoefe.com\/oracao-para-comecar-o-dia-saiba-quando-e-como-ajudar-os-outros\/#primaryimage"},"image":{"@id":"https:\/\/www.oracaoefe.com\/oracao-para-comecar-o-dia-saiba-quando-e-como-ajudar-os-outros\/#primaryimage"},"thumbnailUrl":"https:\/\/www.oracaoefe.com\/wp-content\/uploads\/2022\/11\/oracao-20.11.jpg","datePublished":"2022-11-24T04:00:00+00:00","author":{"@id":"https:\/\/www.oracaoefe.com\/#\/schema\/person\/17283c669442cf005c4d5bb58adfb7f5"},"description":"Dieu a une parole de vie pour vous !","breadcrumb":{"@id":"https:\/\/www.oracaoefe.com\/oracao-para-comecar-o-dia-saiba-quando-e-como-ajudar-os-outros\/#breadcrumb"},"inLanguage":"fr-FR","potentialAction":[{"@type":"ReadAction","target":["https:\/\/www.oracaoefe.com\/oracao-para-comecar-o-dia-saiba-quando-e-como-ajudar-os-outros\/"]}]},{"@type":"ImageObject","inLanguage":"fr-FR","@id":"https:\/\/www.oracaoefe.com\/oracao-para-comecar-o-dia-saiba-quando-e-como-ajudar-os-outros\/#primaryimage","url":"https:\/\/www.oracaoefe.com\/wp-content\/uploads\/2022\/11\/oracao-20.11.jpg","contentUrl":"https:\/\/www.oracaoefe.com\/wp-content\/uploads\/2022\/11\/oracao-20.11.jpg","width":1200,"height":800},{"@type":"BreadcrumbList","@id":"https:\/\/www.oracaoefe.com\/oracao-para-comecar-o-dia-saiba-quando-e-como-ajudar-os-outros\/#breadcrumb","itemListElement":[{"@type":"ListItem","position":1,"name":"Home","item":"https:\/\/www.oracaoefe.com\/"},{"@type":"ListItem","position":2,"name":"Ora\u00e7\u00e3o","item":"https:\/\/www.oracaoefe.com\/category\/oracao\/"},{"@type":"ListItem","position":3,"name":"Ora\u00e7\u00e3o para come\u00e7ar o dia: Saiba quando e como ajudar os outros"}]},{"@type":"WebSite","@id":"https:\/\/www.oracaoefe.com\/#website","url":"https:\/\/www.oracaoefe.com\/","name":"Pri\u00e8re et foi","description":"","potentialAction":[{"@type":"SearchAction","target":{"@type":"EntryPoint","urlTemplate":"https:\/\/www.oracaoefe.com\/?s={search_term_string}"},"query-input":{"@type":"PropertyValueSpecification","valueRequired":true,"valueName":"search_term_string"}}],"inLanguage":"fr-FR"},{"@type":"Person","@id":"https:\/\/www.oracaoefe.com\/#\/schema\/person\/17283c669442cf005c4d5bb58adfb7f5","name":"Michele Azevedo","image":{"@type":"ImageObject","inLanguage":"fr-FR","@id":"https:\/\/secure.gravatar.com\/avatar\/6b0eb9d22841282815e2cd856a0061c45e1761cd54b22e952d98c4746939aa85?s=96&d=mm&r=g","url":"https:\/\/secure.gravatar.com\/avatar\/6b0eb9d22841282815e2cd856a0061c45e1761cd54b22e952d98c4746939aa85?s=96&d=mm&r=g","contentUrl":"https:\/\/secure.gravatar.com\/avatar\/6b0eb9d22841282815e2cd856a0061c45e1761cd54b22e952d98c4746939aa85?s=96&d=mm&r=g","caption":"Michele Azevedo"},"description":"Dipl\u00f4m\u00e9e en litt\u00e9rature portugaise\/anglaise de l&#039;Universit\u00e9 d&#039;\u00c9tat de Ponta Grossa (UEPG), avec des dipl\u00f4mes de troisi\u00e8me cycle en art dans l&#039;\u00e9ducation (FAPI) et en psychop\u00e9dagogie scolaire (FAPI), elle est la cr\u00e9atrice et propri\u00e9taire du site web Escritora de Sucesso, a de l&#039;exp\u00e9rience dans l&#039;\u00e9criture pour les blogs en g\u00e9n\u00e9ral et travaille comme r\u00e9dactrice et \u00e9ditrice du contenu pour Ora\u00e7\u00e3o e F\u00e9.","url":"https:\/\/www.oracaoefe.com\/fr\/author\/michele-azevedo\/"}]}},"_links":{"self":[{"href":"https:\/\/www.oracaoefe.com\/fr\/wp-json\/wp\/v2\/posts\/1248","targetHints":{"allow":["GET"]}}],"collection":[{"href":"https:\/\/www.oracaoefe.com\/fr\/wp-json\/wp\/v2\/posts"}],"about":[{"href":"https:\/\/www.oracaoefe.com\/fr\/wp-json\/wp\/v2\/types\/post"}],"author":[{"embeddable":true,"href":"https:\/\/www.oracaoefe.com\/fr\/wp-json\/wp\/v2\/users\/3"}],"replies":[{"embeddable":true,"href":"https:\/\/www.oracaoefe.com\/fr\/wp-json\/wp\/v2\/comments?post=1248"}],"version-history":[{"count":1,"href":"https:\/\/www.oracaoefe.com\/fr\/wp-json\/wp\/v2\/posts\/1248\/revisions"}],"predecessor-version":[{"id":1249,"href":"https:\/\/www.oracaoefe.com\/fr\/wp-json\/wp\/v2\/posts\/1248\/revisions\/1249"}],"wp:featuredmedia":[{"embeddable":true,"href":"https:\/\/www.oracaoefe.com\/fr\/wp-json\/wp\/v2\/media\/1235"}],"wp:attachment":[{"href":"https:\/\/www.oracaoefe.com\/fr\/wp-json\/wp\/v2\/media?parent=1248"}],"wp:term":[{"taxonomy":"category","embeddable":true,"href":"https:\/\/www.oracaoefe.com\/fr\/wp-json\/wp\/v2\/categories?post=1248"},{"taxonomy":"post_tag","embeddable":true,"href":"https:\/\/www.oracaoefe.com\/fr\/wp-json\/wp\/v2\/tags?post=1248"}],"curies":[{"name":"wp","href":"https:\/\/api.w.org\/{rel}","templated":true}]}}