{"id":1244,"date":"2022-11-22T01:00:00","date_gmt":"2022-11-22T04:00:00","guid":{"rendered":"https:\/\/www.oracaoefe.com\/?p=1244"},"modified":"2022-11-21T02:00:01","modified_gmt":"2022-11-21T05:00:01","slug":"oracao-para-comecar-o-dia-gratidao-te-leva-a-terra-prometida","status":"publish","type":"post","link":"https:\/\/www.oracaoefe.com\/fr\/oracao-para-comecar-o-dia-gratidao-te-leva-a-terra-prometida\/","title":{"rendered":"Pri\u00e8re pour commencer la journ\u00e9e : La gratitude vous emm\u00e8ne vers la terre promise !"},"content":{"rendered":"<p class=\"wp-block-paragraph\">Derni\u00e8rement, j'ai pris le temps de r\u00e9fl\u00e9chir aux mauvaises attitudes qui d\u00e9plaisent le plus \u00e0 Dieu. Je pense que ce qu'Il aime le moins, c'est un c\u0153ur ingrat. Si vous \u00eates parent, vous comprendrez certainement ce que je veux dire. Vous vous efforcez de faire tout ce que vous pouvez pour vos enfants et vous n'h\u00e9siteriez pas une seconde \u00e0 tout recommencer s'ils vous disaient \"<em>Merci, maman.<\/em>\" ou \"<em>Merci, papa.<\/em>\". \"<em>J'appr\u00e9cie tout ce que vous faites pour moi<\/em>\". Mais tous les enfants n'ont pas cette maturit\u00e9.<\/p>\n\n\n\n<p class=\"wp-block-paragraph\">Nous ne comptons plus les fois o\u00f9 ils rentrent \u00e0 la maison en r\u00e2lant : <em>\"Je veux que<\/em>&#8220;, &#8220;<em>Je veux que<\/em>\" ou encore \"<em>pourquoi tu ne veux pas faire \u00e7a pour moi ?<\/em>\" C'est quelque chose pour lequel il faut s'\u00e9nerver, non ? De nombreux chr\u00e9tiens ont probablement le m\u00eame effet sur Dieu ! Il me semble donc important de reconsid\u00e9rer nos attitudes et de comprendre l'importance d'un c\u0153ur reconnaissant envers Dieu. Commencez donc votre journ\u00e9e par cette pri\u00e8re.<\/p>\n\n\n\n<figure class=\"wp-block-image size-large\"><img loading=\"lazy\" decoding=\"async\" width=\"1024\" height=\"683\" src=\"https:\/\/www.oracaoefe.com\/wp-content\/uploads\/2022\/11\/oracao-22.11-1024x683.jpg\" alt=\"\" class=\"wp-image-1233\" srcset=\"https:\/\/www.oracaoefe.com\/wp-content\/uploads\/2022\/11\/oracao-22.11-1024x683.jpg 1024w, https:\/\/www.oracaoefe.com\/wp-content\/uploads\/2022\/11\/oracao-22.11-300x200.jpg 300w, https:\/\/www.oracaoefe.com\/wp-content\/uploads\/2022\/11\/oracao-22.11-768x512.jpg 768w, https:\/\/www.oracaoefe.com\/wp-content\/uploads\/2022\/11\/oracao-22.11-18x12.jpg 18w, https:\/\/www.oracaoefe.com\/wp-content\/uploads\/2022\/11\/oracao-22.11.jpg 1200w\" sizes=\"auto, (max-width: 1024px) 100vw, 1024px\" \/><\/figure>\n\n\n\n<h2 class=\"wp-block-heading\">Pri\u00e8re du jour<\/h2>\n\n\n\n<p class=\"wp-block-paragraph\"><em>\"Dieu, je suis reconnaissant pour tous mes jours, pour le confort de ma maison, pour ce nouveau jour qui na\u00eet.&nbsp;<\/em><\/p>\n\n\n\n<p class=\"wp-block-paragraph\"><em>Je tiens \u00e0 vous remercier du fond du c\u0153ur pour toutes les bonnes choses que je vis, et m\u00eame les moins agr\u00e9ables, qui m'apprennent \u00e0 appr\u00e9cier tout ce qui est bon dans ma vie.<\/em><\/p>\n\n\n\n<p class=\"wp-block-paragraph\"><em>Seigneur, je suis reconnaissant et \u00e0 genoux je te donne tout mon amour. Que ce nouveau jour soit encore plus rempli d'attitudes positives, et que je sache toujours vous remercier.<\/em><\/p>\n\n\n\n<p class=\"wp-block-paragraph\"><em>Mon Dieu, b\u00e9nis mon nouveau jour.<\/em><\/p>\n\n\n\n<p class=\"wp-block-paragraph\"><em>Amen.\"<\/em><\/p>\n\n\n\n<h3 class=\"wp-block-heading\">Pens\u00e9e et message du jour<\/h3>\n\n\n\n<p class=\"wp-block-paragraph\">Au risque de vous surprendre, je pense que nous devrions apprendre \u00e0 appr\u00e9cier nos \u00e9preuves beaucoup plus que nous ne le faisons, car ce sont elles qui nous font grandir \u00e0 la ressemblance du Christ.<\/p>\n\n\n\n<p class=\"wp-block-paragraph\">Vous voyez, dans les moments difficiles, nous avons tendance \u00e0 faire davantage l'exp\u00e9rience de la proximit\u00e9 de Dieu et de sa puissance dans nos vies. C'est dans ces moments-l\u00e0 que nous apprenons vraiment \u00e0 le conna\u00eetre. Les plaintes sont une porte ouverte pour le diable. Nous devons apprendre \u00e0 remercier Dieu en toutes choses.<\/p>\n\n\n\n<p class=\"wp-block-paragraph\">Lorsque vous d\u00e9jeunez avec quelqu'un, ne passez pas tout votre temps \u00e0 lui parler de vos probl\u00e8mes. Racontez plut\u00f4t les bonnes choses que Dieu fait dans votre vie.<\/p>\n\n\n\n<p class=\"wp-block-paragraph\">Dieu nous a donn\u00e9 une gr\u00e2ce merveilleuse en nous permettant de regarder positivement ce qui est n\u00e9gatif et de d\u00e9clarer : \" [ ?<em>Cette circonstance ne peut pas me vaincre car Dieu est de mon c\u00f4t\u00e9.<\/em>&#8220;.<\/p>\n\n\n\n<p class=\"wp-block-paragraph\">Je veux avoir une bonne attitude car c'est ce qui glorifie Dieu. Il a promis que toutes les choses coop\u00e9reraient pour notre bien, \u00e0 condition que nous remplissions trois conditions simples : <em>rester dans une attitude de pri\u00e8re, continuer \u00e0 l'aimer et \u00e0 d\u00e9sirer sa volont\u00e9<\/em> (Romains 8:28). Cette promesse est la garantie absolue que Dieu fera sortir du bien de toutes nos situations, aussi compliqu\u00e9es soient-elles. La seule cl\u00e9 pour vivre une vie de victoire est une attitude de gratitude.<\/p>\n\n\n\n<p class=\"wp-block-paragraph\">Si vous pouvez \u00eatre reconnaissant dans n'importe quelle situation, convaincu que Dieu fait tout coop\u00e9rer pour votre bien, la victoire sera in\u00e9vitablement au rendez-vous.&nbsp;<\/p>","protected":false},"excerpt":{"rendered":"<p>Ultimamente tenho tirado um tempo para pensar nas m\u00e1s atitudes que mais desagradam a Deus. Acho que o que Ele menos gosta \u00e9 de um cora\u00e7\u00e3o ingrato. Se voc\u00ea \u00e9 pai ou m\u00e3e, certamente entender\u00e1 o que quero dizer. Voc\u00ea se esfor\u00e7a para fazer tudo o que pode por seus filhos e n\u00e3o hesitaria um&hellip;&nbsp;<\/p>","protected":false},"author":3,"featured_media":1233,"comment_status":"open","ping_status":"open","sticky":false,"template":"","format":"standard","meta":{"neve_meta_sidebar":"","neve_meta_container":"","neve_meta_enable_content_width":"","neve_meta_content_width":0,"neve_meta_title_alignment":"","neve_meta_author_avatar":"","neve_post_elements_order":"","neve_meta_disable_header":"","neve_meta_disable_footer":"","neve_meta_disable_title":"","footnotes":""},"categories":[2],"tags":[160,163],"class_list":["post-1244","post","type-post","status-publish","format-standard","has-post-thumbnail","hentry","category-oracao","tag-oracao-do-dia","tag-prece-do-dia"],"yoast_head":"<!-- This site is optimized with the Yoast SEO plugin v28.4 - https:\/\/yoast.com\/product\/yoast-seo-wordpress\/ -->\n<title>Ora\u00e7\u00e3o para come\u00e7ar o dia: Gratid\u00e3o te leva \u00e0 terra prometida! - Ora\u00e7\u00e3o e F\u00e9<\/title>\n<meta name=\"description\" content=\"Deus tem pra voc\u00ea uma palavra de vida!\" \/>\n<meta name=\"robots\" content=\"index, follow, max-snippet:-1, max-image-preview:large, max-video-preview:-1\" \/>\n<link rel=\"canonical\" href=\"https:\/\/www.oracaoefe.com\/fr\/oracao-para-comecar-o-dia-gratidao-te-leva-a-terra-prometida\/\" \/>\n<meta property=\"og:locale\" content=\"fr_FR\" \/>\n<meta property=\"og:type\" content=\"article\" \/>\n<meta property=\"og:title\" content=\"Ora\u00e7\u00e3o para come\u00e7ar o dia: Gratid\u00e3o te leva \u00e0 terra prometida! - Ora\u00e7\u00e3o e F\u00e9\" \/>\n<meta property=\"og:description\" content=\"Deus tem pra voc\u00ea uma palavra de vida!\" \/>\n<meta property=\"og:url\" content=\"https:\/\/www.oracaoefe.com\/fr\/oracao-para-comecar-o-dia-gratidao-te-leva-a-terra-prometida\/\" \/>\n<meta property=\"og:site_name\" content=\"Ora\u00e7\u00e3o e F\u00e9\" \/>\n<meta property=\"article:published_time\" content=\"2022-11-22T04:00:00+00:00\" \/>\n<meta property=\"og:image\" content=\"https:\/\/www.oracaoefe.com\/wp-content\/uploads\/2022\/11\/oracao-22.11.jpg\" \/>\n\t<meta property=\"og:image:width\" content=\"1200\" \/>\n\t<meta property=\"og:image:height\" content=\"800\" \/>\n\t<meta property=\"og:image:type\" content=\"image\/jpeg\" \/>\n<meta name=\"author\" content=\"Michele Azevedo\" \/>\n<meta name=\"twitter:card\" content=\"summary_large_image\" \/>\n<meta name=\"twitter:label1\" content=\"\u00c9crit par\" \/>\n\t<meta name=\"twitter:data1\" content=\"Michele Azevedo\" \/>\n\t<meta name=\"twitter:label2\" content=\"Dur\u00e9e de lecture estim\u00e9e\" \/>\n\t<meta name=\"twitter:data2\" content=\"3 minutes\" \/>\n<script type=\"application\/ld+json\" class=\"yoast-schema-graph\">{\"@context\":\"https:\\\/\\\/schema.org\",\"@graph\":[{\"@type\":\"Article\",\"@id\":\"https:\\\/\\\/www.oracaoefe.com\\\/oracao-para-comecar-o-dia-gratidao-te-leva-a-terra-prometida\\\/#article\",\"isPartOf\":{\"@id\":\"https:\\\/\\\/www.oracaoefe.com\\\/oracao-para-comecar-o-dia-gratidao-te-leva-a-terra-prometida\\\/\"},\"author\":{\"name\":\"Michele Azevedo\",\"@id\":\"https:\\\/\\\/www.oracaoefe.com\\\/#\\\/schema\\\/person\\\/17283c669442cf005c4d5bb58adfb7f5\"},\"headline\":\"Ora\u00e7\u00e3o para come\u00e7ar o dia: Gratid\u00e3o te leva \u00e0 terra prometida!\",\"datePublished\":\"2022-11-22T04:00:00+00:00\",\"mainEntityOfPage\":{\"@id\":\"https:\\\/\\\/www.oracaoefe.com\\\/oracao-para-comecar-o-dia-gratidao-te-leva-a-terra-prometida\\\/\"},\"wordCount\":546,\"commentCount\":0,\"image\":{\"@id\":\"https:\\\/\\\/www.oracaoefe.com\\\/oracao-para-comecar-o-dia-gratidao-te-leva-a-terra-prometida\\\/#primaryimage\"},\"thumbnailUrl\":\"https:\\\/\\\/www.oracaoefe.com\\\/wp-content\\\/uploads\\\/2022\\\/11\\\/oracao-22.11.jpg\",\"keywords\":[\"ora\u00e7\u00e3o do dia\",\"prece do dia\"],\"articleSection\":[\"Ora\u00e7\u00e3o\"],\"inLanguage\":\"fr-FR\",\"potentialAction\":[{\"@type\":\"CommentAction\",\"name\":\"Comment\",\"target\":[\"https:\\\/\\\/www.oracaoefe.com\\\/oracao-para-comecar-o-dia-gratidao-te-leva-a-terra-prometida\\\/#respond\"]}]},{\"@type\":\"WebPage\",\"@id\":\"https:\\\/\\\/www.oracaoefe.com\\\/oracao-para-comecar-o-dia-gratidao-te-leva-a-terra-prometida\\\/\",\"url\":\"https:\\\/\\\/www.oracaoefe.com\\\/oracao-para-comecar-o-dia-gratidao-te-leva-a-terra-prometida\\\/\",\"name\":\"Ora\u00e7\u00e3o para come\u00e7ar o dia: Gratid\u00e3o te leva \u00e0 terra prometida! - Ora\u00e7\u00e3o e F\u00e9\",\"isPartOf\":{\"@id\":\"https:\\\/\\\/www.oracaoefe.com\\\/#website\"},\"primaryImageOfPage\":{\"@id\":\"https:\\\/\\\/www.oracaoefe.com\\\/oracao-para-comecar-o-dia-gratidao-te-leva-a-terra-prometida\\\/#primaryimage\"},\"image\":{\"@id\":\"https:\\\/\\\/www.oracaoefe.com\\\/oracao-para-comecar-o-dia-gratidao-te-leva-a-terra-prometida\\\/#primaryimage\"},\"thumbnailUrl\":\"https:\\\/\\\/www.oracaoefe.com\\\/wp-content\\\/uploads\\\/2022\\\/11\\\/oracao-22.11.jpg\",\"datePublished\":\"2022-11-22T04:00:00+00:00\",\"author\":{\"@id\":\"https:\\\/\\\/www.oracaoefe.com\\\/#\\\/schema\\\/person\\\/17283c669442cf005c4d5bb58adfb7f5\"},\"description\":\"Deus tem pra voc\u00ea uma palavra de vida!\",\"breadcrumb\":{\"@id\":\"https:\\\/\\\/www.oracaoefe.com\\\/oracao-para-comecar-o-dia-gratidao-te-leva-a-terra-prometida\\\/#breadcrumb\"},\"inLanguage\":\"fr-FR\",\"potentialAction\":[{\"@type\":\"ReadAction\",\"target\":[\"https:\\\/\\\/www.oracaoefe.com\\\/oracao-para-comecar-o-dia-gratidao-te-leva-a-terra-prometida\\\/\"]}]},{\"@type\":\"ImageObject\",\"inLanguage\":\"fr-FR\",\"@id\":\"https:\\\/\\\/www.oracaoefe.com\\\/oracao-para-comecar-o-dia-gratidao-te-leva-a-terra-prometida\\\/#primaryimage\",\"url\":\"https:\\\/\\\/www.oracaoefe.com\\\/wp-content\\\/uploads\\\/2022\\\/11\\\/oracao-22.11.jpg\",\"contentUrl\":\"https:\\\/\\\/www.oracaoefe.com\\\/wp-content\\\/uploads\\\/2022\\\/11\\\/oracao-22.11.jpg\",\"width\":1200,\"height\":800},{\"@type\":\"BreadcrumbList\",\"@id\":\"https:\\\/\\\/www.oracaoefe.com\\\/oracao-para-comecar-o-dia-gratidao-te-leva-a-terra-prometida\\\/#breadcrumb\",\"itemListElement\":[{\"@type\":\"ListItem\",\"position\":1,\"name\":\"Home\",\"item\":\"https:\\\/\\\/www.oracaoefe.com\\\/\"},{\"@type\":\"ListItem\",\"position\":2,\"name\":\"Ora\u00e7\u00e3o\",\"item\":\"https:\\\/\\\/www.oracaoefe.com\\\/category\\\/oracao\\\/\"},{\"@type\":\"ListItem\",\"position\":3,\"name\":\"Ora\u00e7\u00e3o para come\u00e7ar o dia: Gratid\u00e3o te leva \u00e0 terra prometida!\"}]},{\"@type\":\"WebSite\",\"@id\":\"https:\\\/\\\/www.oracaoefe.com\\\/#website\",\"url\":\"https:\\\/\\\/www.oracaoefe.com\\\/\",\"name\":\"Ora\u00e7\u00e3o e F\u00e9\",\"description\":\"\",\"potentialAction\":[{\"@type\":\"SearchAction\",\"target\":{\"@type\":\"EntryPoint\",\"urlTemplate\":\"https:\\\/\\\/www.oracaoefe.com\\\/?s={search_term_string}\"},\"query-input\":{\"@type\":\"PropertyValueSpecification\",\"valueRequired\":true,\"valueName\":\"search_term_string\"}}],\"inLanguage\":\"fr-FR\"},{\"@type\":\"Person\",\"@id\":\"https:\\\/\\\/www.oracaoefe.com\\\/#\\\/schema\\\/person\\\/17283c669442cf005c4d5bb58adfb7f5\",\"name\":\"Michele Azevedo\",\"image\":{\"@type\":\"ImageObject\",\"inLanguage\":\"fr-FR\",\"@id\":\"https:\\\/\\\/secure.gravatar.com\\\/avatar\\\/6b0eb9d22841282815e2cd856a0061c45e1761cd54b22e952d98c4746939aa85?s=96&d=mm&r=g\",\"url\":\"https:\\\/\\\/secure.gravatar.com\\\/avatar\\\/6b0eb9d22841282815e2cd856a0061c45e1761cd54b22e952d98c4746939aa85?s=96&d=mm&r=g\",\"contentUrl\":\"https:\\\/\\\/secure.gravatar.com\\\/avatar\\\/6b0eb9d22841282815e2cd856a0061c45e1761cd54b22e952d98c4746939aa85?s=96&d=mm&r=g\",\"caption\":\"Michele Azevedo\"},\"description\":\"Formada em Letras - Portugu\u00eas\\\/ Ingl\u00eas pela Universidade Estadual de Ponta Grossa (UEPG), p\u00f3s-graduada em Arte na Educa\u00e7\u00e3o (FAPI) e Psicopedagogia Escolar (FAPI), idealizadora e propriet\u00e1ria do site Escritora de Sucesso, possui experi\u00eancia em escrita para blogs em geral e atua como redatora e revisora dos conte\u00fados do Ora\u00e7\u00e3o e F\u00e9.\",\"url\":\"https:\\\/\\\/www.oracaoefe.com\\\/fr\\\/author\\\/michele-azevedo\\\/\"}]}<\/script>\n<!-- \/ Yoast SEO plugin. -->","yoast_head_json":{"title":"Pri\u00e8re pour commencer la journ\u00e9e : La gratitude vous emm\u00e8ne vers la terre promise ! - Pri\u00e8re et foi","description":"Dieu a une parole de vie pour vous !","robots":{"index":"index","follow":"follow","max-snippet":"max-snippet:-1","max-image-preview":"max-image-preview:large","max-video-preview":"max-video-preview:-1"},"canonical":"https:\/\/www.oracaoefe.com\/fr\/oracao-para-comecar-o-dia-gratidao-te-leva-a-terra-prometida\/","og_locale":"fr_FR","og_type":"article","og_title":"Ora\u00e7\u00e3o para come\u00e7ar o dia: Gratid\u00e3o te leva \u00e0 terra prometida! - Ora\u00e7\u00e3o e F\u00e9","og_description":"Deus tem pra voc\u00ea uma palavra de vida!","og_url":"https:\/\/www.oracaoefe.com\/fr\/oracao-para-comecar-o-dia-gratidao-te-leva-a-terra-prometida\/","og_site_name":"Ora\u00e7\u00e3o e F\u00e9","article_published_time":"2022-11-22T04:00:00+00:00","og_image":[{"width":1200,"height":800,"url":"https:\/\/www.oracaoefe.com\/wp-content\/uploads\/2022\/11\/oracao-22.11.jpg","type":"image\/jpeg"}],"author":"Michele Azevedo","twitter_card":"summary_large_image","twitter_misc":{"\u00c9crit par":"Michele Azevedo","Dur\u00e9e de lecture estim\u00e9e":"3 minutes"},"schema":{"@context":"https:\/\/schema.org","@graph":[{"@type":"Article","@id":"https:\/\/www.oracaoefe.com\/oracao-para-comecar-o-dia-gratidao-te-leva-a-terra-prometida\/#article","isPartOf":{"@id":"https:\/\/www.oracaoefe.com\/oracao-para-comecar-o-dia-gratidao-te-leva-a-terra-prometida\/"},"author":{"name":"Michele Azevedo","@id":"https:\/\/www.oracaoefe.com\/#\/schema\/person\/17283c669442cf005c4d5bb58adfb7f5"},"headline":"Ora\u00e7\u00e3o para come\u00e7ar o dia: Gratid\u00e3o te leva \u00e0 terra prometida!","datePublished":"2022-11-22T04:00:00+00:00","mainEntityOfPage":{"@id":"https:\/\/www.oracaoefe.com\/oracao-para-comecar-o-dia-gratidao-te-leva-a-terra-prometida\/"},"wordCount":546,"commentCount":0,"image":{"@id":"https:\/\/www.oracaoefe.com\/oracao-para-comecar-o-dia-gratidao-te-leva-a-terra-prometida\/#primaryimage"},"thumbnailUrl":"https:\/\/www.oracaoefe.com\/wp-content\/uploads\/2022\/11\/oracao-22.11.jpg","keywords":["ora\u00e7\u00e3o do dia","prece do dia"],"articleSection":["Ora\u00e7\u00e3o"],"inLanguage":"fr-FR","potentialAction":[{"@type":"CommentAction","name":"Comment","target":["https:\/\/www.oracaoefe.com\/oracao-para-comecar-o-dia-gratidao-te-leva-a-terra-prometida\/#respond"]}]},{"@type":"WebPage","@id":"https:\/\/www.oracaoefe.com\/oracao-para-comecar-o-dia-gratidao-te-leva-a-terra-prometida\/","url":"https:\/\/www.oracaoefe.com\/oracao-para-comecar-o-dia-gratidao-te-leva-a-terra-prometida\/","name":"Pri\u00e8re pour commencer la journ\u00e9e : La gratitude vous emm\u00e8ne vers la terre promise ! - Pri\u00e8re et foi","isPartOf":{"@id":"https:\/\/www.oracaoefe.com\/#website"},"primaryImageOfPage":{"@id":"https:\/\/www.oracaoefe.com\/oracao-para-comecar-o-dia-gratidao-te-leva-a-terra-prometida\/#primaryimage"},"image":{"@id":"https:\/\/www.oracaoefe.com\/oracao-para-comecar-o-dia-gratidao-te-leva-a-terra-prometida\/#primaryimage"},"thumbnailUrl":"https:\/\/www.oracaoefe.com\/wp-content\/uploads\/2022\/11\/oracao-22.11.jpg","datePublished":"2022-11-22T04:00:00+00:00","author":{"@id":"https:\/\/www.oracaoefe.com\/#\/schema\/person\/17283c669442cf005c4d5bb58adfb7f5"},"description":"Dieu a une parole de vie pour vous !","breadcrumb":{"@id":"https:\/\/www.oracaoefe.com\/oracao-para-comecar-o-dia-gratidao-te-leva-a-terra-prometida\/#breadcrumb"},"inLanguage":"fr-FR","potentialAction":[{"@type":"ReadAction","target":["https:\/\/www.oracaoefe.com\/oracao-para-comecar-o-dia-gratidao-te-leva-a-terra-prometida\/"]}]},{"@type":"ImageObject","inLanguage":"fr-FR","@id":"https:\/\/www.oracaoefe.com\/oracao-para-comecar-o-dia-gratidao-te-leva-a-terra-prometida\/#primaryimage","url":"https:\/\/www.oracaoefe.com\/wp-content\/uploads\/2022\/11\/oracao-22.11.jpg","contentUrl":"https:\/\/www.oracaoefe.com\/wp-content\/uploads\/2022\/11\/oracao-22.11.jpg","width":1200,"height":800},{"@type":"BreadcrumbList","@id":"https:\/\/www.oracaoefe.com\/oracao-para-comecar-o-dia-gratidao-te-leva-a-terra-prometida\/#breadcrumb","itemListElement":[{"@type":"ListItem","position":1,"name":"Home","item":"https:\/\/www.oracaoefe.com\/"},{"@type":"ListItem","position":2,"name":"Ora\u00e7\u00e3o","item":"https:\/\/www.oracaoefe.com\/category\/oracao\/"},{"@type":"ListItem","position":3,"name":"Ora\u00e7\u00e3o para come\u00e7ar o dia: Gratid\u00e3o te leva \u00e0 terra prometida!"}]},{"@type":"WebSite","@id":"https:\/\/www.oracaoefe.com\/#website","url":"https:\/\/www.oracaoefe.com\/","name":"Pri\u00e8re et foi","description":"","potentialAction":[{"@type":"SearchAction","target":{"@type":"EntryPoint","urlTemplate":"https:\/\/www.oracaoefe.com\/?s={search_term_string}"},"query-input":{"@type":"PropertyValueSpecification","valueRequired":true,"valueName":"search_term_string"}}],"inLanguage":"fr-FR"},{"@type":"Person","@id":"https:\/\/www.oracaoefe.com\/#\/schema\/person\/17283c669442cf005c4d5bb58adfb7f5","name":"Michele Azevedo","image":{"@type":"ImageObject","inLanguage":"fr-FR","@id":"https:\/\/secure.gravatar.com\/avatar\/6b0eb9d22841282815e2cd856a0061c45e1761cd54b22e952d98c4746939aa85?s=96&d=mm&r=g","url":"https:\/\/secure.gravatar.com\/avatar\/6b0eb9d22841282815e2cd856a0061c45e1761cd54b22e952d98c4746939aa85?s=96&d=mm&r=g","contentUrl":"https:\/\/secure.gravatar.com\/avatar\/6b0eb9d22841282815e2cd856a0061c45e1761cd54b22e952d98c4746939aa85?s=96&d=mm&r=g","caption":"Michele Azevedo"},"description":"Dipl\u00f4m\u00e9e en litt\u00e9rature portugaise\/anglaise de l&#039;Universit\u00e9 d&#039;\u00c9tat de Ponta Grossa (UEPG), avec des dipl\u00f4mes de troisi\u00e8me cycle en art dans l&#039;\u00e9ducation (FAPI) et en psychop\u00e9dagogie scolaire (FAPI), elle est la cr\u00e9atrice et propri\u00e9taire du site web Escritora de Sucesso, a de l&#039;exp\u00e9rience dans l&#039;\u00e9criture pour les blogs en g\u00e9n\u00e9ral et travaille comme r\u00e9dactrice et \u00e9ditrice du contenu pour Ora\u00e7\u00e3o e F\u00e9.","url":"https:\/\/www.oracaoefe.com\/fr\/author\/michele-azevedo\/"}]}},"_links":{"self":[{"href":"https:\/\/www.oracaoefe.com\/fr\/wp-json\/wp\/v2\/posts\/1244","targetHints":{"allow":["GET"]}}],"collection":[{"href":"https:\/\/www.oracaoefe.com\/fr\/wp-json\/wp\/v2\/posts"}],"about":[{"href":"https:\/\/www.oracaoefe.com\/fr\/wp-json\/wp\/v2\/types\/post"}],"author":[{"embeddable":true,"href":"https:\/\/www.oracaoefe.com\/fr\/wp-json\/wp\/v2\/users\/3"}],"replies":[{"embeddable":true,"href":"https:\/\/www.oracaoefe.com\/fr\/wp-json\/wp\/v2\/comments?post=1244"}],"version-history":[{"count":1,"href":"https:\/\/www.oracaoefe.com\/fr\/wp-json\/wp\/v2\/posts\/1244\/revisions"}],"predecessor-version":[{"id":1245,"href":"https:\/\/www.oracaoefe.com\/fr\/wp-json\/wp\/v2\/posts\/1244\/revisions\/1245"}],"wp:featuredmedia":[{"embeddable":true,"href":"https:\/\/www.oracaoefe.com\/fr\/wp-json\/wp\/v2\/media\/1233"}],"wp:attachment":[{"href":"https:\/\/www.oracaoefe.com\/fr\/wp-json\/wp\/v2\/media?parent=1244"}],"wp:term":[{"taxonomy":"category","embeddable":true,"href":"https:\/\/www.oracaoefe.com\/fr\/wp-json\/wp\/v2\/categories?post=1244"},{"taxonomy":"post_tag","embeddable":true,"href":"https:\/\/www.oracaoefe.com\/fr\/wp-json\/wp\/v2\/tags?post=1244"}],"curies":[{"name":"wp","href":"https:\/\/api.w.org\/{rel}","templated":true}]}}