{"id":1242,"date":"2022-11-21T02:00:00","date_gmt":"2022-11-21T05:00:00","guid":{"rendered":"https:\/\/www.oracaoefe.com\/?p=1242"},"modified":"2022-11-21T01:57:55","modified_gmt":"2022-11-21T04:57:55","slug":"oracao-para-comecar-o-dia-controle-suas-emocoes-e-conheca-seus-dons","status":"publish","type":"post","link":"https:\/\/www.oracaoefe.com\/fr\/oracao-para-comecar-o-dia-controle-suas-emocoes-e-conheca-seus-dons\/","title":{"rendered":"Pri\u00e8re pour commencer la journ\u00e9e : Contr\u00f4lez vos \u00e9motions et connaissez vos dons"},"content":{"rendered":"<p class=\"wp-block-paragraph\">De nombreux chr\u00e9tiens ont des dons et des talents et sont appel\u00e9s \u00e0 faire de grandes choses pour Dieu. Cependant, il ne leur a pas encore donn\u00e9 le feu vert, car ils doivent d'abord apprendre \u00e0 \u00eatre stables, fiables, solides et \u00e0 ma\u00eetriser leurs \u00e9motions.<\/p>\n\n\n\n<p class=\"wp-block-paragraph\">Soyez d\u00e9termin\u00e9 \u00e0 faire confiance \u00e0 Dieu. Quoi qu'il arrive, soyez en paix ; restez serein ; maintenez une attitude de louange et d'action de gr\u00e2ce ; faites tout ce que vous pouvez ; et continuez \u00e0 proclamer : \"Dieu se bat pour moi\".<\/p>\n\n\n\n<figure class=\"wp-block-image size-large\"><img loading=\"lazy\" decoding=\"async\" width=\"1024\" height=\"683\" src=\"https:\/\/www.oracaoefe.com\/wp-content\/uploads\/2022\/11\/oracao-21.11-1024x683.jpg\" alt=\"\" class=\"wp-image-1234\" srcset=\"https:\/\/www.oracaoefe.com\/wp-content\/uploads\/2022\/11\/oracao-21.11-1024x683.jpg 1024w, https:\/\/www.oracaoefe.com\/wp-content\/uploads\/2022\/11\/oracao-21.11-300x200.jpg 300w, https:\/\/www.oracaoefe.com\/wp-content\/uploads\/2022\/11\/oracao-21.11-768x512.jpg 768w, https:\/\/www.oracaoefe.com\/wp-content\/uploads\/2022\/11\/oracao-21.11-18x12.jpg 18w, https:\/\/www.oracaoefe.com\/wp-content\/uploads\/2022\/11\/oracao-21.11.jpg 1200w\" sizes=\"auto, (max-width: 1024px) 100vw, 1024px\" \/><\/figure>\n\n\n\n<h2 class=\"wp-block-heading\">Pri\u00e8re du jour<\/h2>\n\n\n\n<p class=\"wp-block-paragraph\"><em>\"Mon Dieu, tout ce qui est divin et merveilleux vient de Toi, et c'est pourquoi je supplie Tes bonnes \u00e9nergies, afin qu'elles planent non seulement dans l'immense univers, mais dans mon humble vie.&nbsp;<\/em><\/p>\n\n\n\n<p class=\"wp-block-paragraph\"><em>Aide-moi, Seigneur, \u00e0 \u00e9laborer des plans, \u00e0 contr\u00f4ler mes \u00e9motions et \u00e0 conna\u00eetre mes dons, mes capacit\u00e9s, avec beaucoup de sagesse, afin de pouvoir suivre un chemin de foi, d'efforts, d'honneur et de victoires.<\/em><\/p>\n\n\n\n<p class=\"wp-block-paragraph\"><em>Montre-moi, en cette date, comment trouver le meilleur de moi-m\u00eame, sans laisser de c\u00f4t\u00e9 l'effort, le travail et le fait de m\u00e9riter de bonnes choses, en accomplissant tous les devoirs et les responsabilit\u00e9s qui traversent mes pas, gr\u00e2ce \u00e0 tes crit\u00e8res et \u00e0 ta protection quotidienne.<\/em><\/p>\n\n\n\n<p class=\"wp-block-paragraph\"><em>Je suis pour le succ\u00e8s et tout ce qui est \u00e0 moi par droit divin, mon Dieu !<\/em><\/p>\n\n\n\n<p class=\"wp-block-paragraph\"><em>Merci pour ton amour maintenant.&nbsp;<\/em><\/p>\n\n\n\n<p class=\"wp-block-paragraph\"><em>Amen !\"<\/em><\/p>\n\n\n\n<h3 class=\"wp-block-heading\">Pens\u00e9e et message du jour<\/h3>\n\n\n\n<p class=\"wp-block-paragraph\">Pour que nos dons et nos talents s'exercent pleinement et soient b\u00e9n\u00e9fiques non seulement pour nous mais aussi pour ceux qui nous entourent, nous devons mener une vie conforme \u00e0 ce que nous proclamons.<\/p>\n\n\n\n<p class=\"wp-block-paragraph\">Je suis tr\u00e8s heureuse d'\u00eatre mari\u00e9e \u00e0 un homme stable. De tout ce que Dave m'a appris, je lui suis infiniment reconnaissant de m'avoir enseign\u00e9 la valeur de la stabilit\u00e9. Au d\u00e9but de notre mariage, il ne savait jamais comment je serais le lendemain - et moi non plus ! Ce sont les circonstances qui ont d\u00e9cid\u00e9 de mon humeur - qui \u00e9tait tr\u00e8s douloureuse.<\/p>\n\n\n\n<p class=\"wp-block-paragraph\">Tu dois arr\u00eater de te trouver des excuses. Il arrive que l'on se r\u00e9veille de bonne humeur et que, soudain, quelque chose nous bouleverse et qu'\u00e0 neuf heures du matin, le reste de la journ\u00e9e soit irr\u00e9m\u00e9diablement g\u00e2ch\u00e9. Mais \u00e7a n'a pas \u00e0 \u00eatre comme \u00e7a. Nous pouvons contr\u00f4ler nos r\u00e9actions, mais tant que nous ne sommes pas convaincus, rien ne changera.<\/p>\n\n\n\n<p class=\"wp-block-paragraph\">La premi\u00e8re chose \u00e0 faire est d'arr\u00eater de trouver des excuses du genre \"Tu es plus fort que moi\". Ce que vous voulez que je fasse, je suis une personne tr\u00e8s sensible. J'aimerais le voir si vous \u00e9tiez \u00e0 ma place !\" Dieu ne vous demandera jamais quelque chose sans vous en donner la capacit\u00e9. Et vous pouvez accomplir beaucoup de choses si vous apprenez \u00e0 contr\u00f4ler vos \u00e9motions.<\/p>\n\n\n\n<p class=\"wp-block-paragraph\">Que vous le vouliez ou non, vous \u00eates engag\u00e9 dans un combat spirituel. Votre ennemi, Satan, vous attaque de diverses mani\u00e8res et ne vous laisse pas de r\u00e9pit. Il faut donc apprendre \u00e0 r\u00e9sister.<\/p>\n\n\n\n<p class=\"wp-block-paragraph\">Paul \u00e9crit dans Philippiens (1,28) : <em>\"Ne craignez pas vos adversaires : ce sera pour eux le signe qu'ils sont condamn\u00e9s et pour vous le signe que vous \u00eates sur la voie du salut ; et cela vient de Dieu.\"<\/em><\/p>","protected":false},"excerpt":{"rendered":"<p>Muitos crist\u00e3os t\u00eam dons e talentos e s\u00e3o chamados para fazer grandes coisas para Deus. No entanto, ele ainda n\u00e3o deu luz verde a eles, porque eles devem primeiro aprender a ser est\u00e1veis, confi\u00e1veis, s\u00f3lidos e no controle de suas emo\u00e7\u00f5es. Esteja determinado a confiar em Deus. Aconte\u00e7a o que acontecer, fique em paz; permane\u00e7a&hellip;&nbsp;<\/p>","protected":false},"author":3,"featured_media":1234,"comment_status":"open","ping_status":"open","sticky":false,"template":"","format":"standard","meta":{"neve_meta_sidebar":"","neve_meta_container":"","neve_meta_enable_content_width":"","neve_meta_content_width":0,"neve_meta_title_alignment":"","neve_meta_author_avatar":"","neve_post_elements_order":"","neve_meta_disable_header":"","neve_meta_disable_footer":"","neve_meta_disable_title":"","footnotes":""},"categories":[2],"tags":[160,163],"class_list":["post-1242","post","type-post","status-publish","format-standard","has-post-thumbnail","hentry","category-oracao","tag-oracao-do-dia","tag-prece-do-dia"],"yoast_head":"<!-- This site is optimized with the Yoast SEO plugin v28.4 - https:\/\/yoast.com\/product\/yoast-seo-wordpress\/ -->\n<title>Ora\u00e7\u00e3o para come\u00e7ar o dia: Controle suas emo\u00e7\u00f5es e conhe\u00e7a seus dons - Ora\u00e7\u00e3o e F\u00e9<\/title>\n<meta name=\"description\" content=\"Deus tem pra voc\u00ea uma palavra de vida!\" \/>\n<meta name=\"robots\" content=\"index, follow, max-snippet:-1, max-image-preview:large, max-video-preview:-1\" \/>\n<link rel=\"canonical\" href=\"https:\/\/www.oracaoefe.com\/fr\/oracao-para-comecar-o-dia-controle-suas-emocoes-e-conheca-seus-dons\/\" \/>\n<meta property=\"og:locale\" content=\"fr_FR\" \/>\n<meta property=\"og:type\" content=\"article\" \/>\n<meta property=\"og:title\" content=\"Ora\u00e7\u00e3o para come\u00e7ar o dia: Controle suas emo\u00e7\u00f5es e conhe\u00e7a seus dons - Ora\u00e7\u00e3o e F\u00e9\" \/>\n<meta property=\"og:description\" content=\"Deus tem pra voc\u00ea uma palavra de vida!\" \/>\n<meta property=\"og:url\" content=\"https:\/\/www.oracaoefe.com\/fr\/oracao-para-comecar-o-dia-controle-suas-emocoes-e-conheca-seus-dons\/\" \/>\n<meta property=\"og:site_name\" content=\"Ora\u00e7\u00e3o e F\u00e9\" \/>\n<meta property=\"article:published_time\" content=\"2022-11-21T05:00:00+00:00\" \/>\n<meta property=\"og:image\" content=\"https:\/\/www.oracaoefe.com\/wp-content\/uploads\/2022\/11\/oracao-21.11.jpg\" \/>\n\t<meta property=\"og:image:width\" content=\"1200\" \/>\n\t<meta property=\"og:image:height\" content=\"800\" \/>\n\t<meta property=\"og:image:type\" content=\"image\/jpeg\" \/>\n<meta name=\"author\" content=\"Michele Azevedo\" \/>\n<meta name=\"twitter:card\" content=\"summary_large_image\" \/>\n<meta name=\"twitter:label1\" content=\"\u00c9crit par\" \/>\n\t<meta name=\"twitter:data1\" content=\"Michele Azevedo\" \/>\n\t<meta name=\"twitter:label2\" content=\"Dur\u00e9e de lecture estim\u00e9e\" \/>\n\t<meta name=\"twitter:data2\" content=\"3 minutes\" \/>\n<script type=\"application\/ld+json\" class=\"yoast-schema-graph\">{\"@context\":\"https:\\\/\\\/schema.org\",\"@graph\":[{\"@type\":\"Article\",\"@id\":\"https:\\\/\\\/www.oracaoefe.com\\\/oracao-para-comecar-o-dia-controle-suas-emocoes-e-conheca-seus-dons\\\/#article\",\"isPartOf\":{\"@id\":\"https:\\\/\\\/www.oracaoefe.com\\\/oracao-para-comecar-o-dia-controle-suas-emocoes-e-conheca-seus-dons\\\/\"},\"author\":{\"name\":\"Michele Azevedo\",\"@id\":\"https:\\\/\\\/www.oracaoefe.com\\\/#\\\/schema\\\/person\\\/17283c669442cf005c4d5bb58adfb7f5\"},\"headline\":\"Ora\u00e7\u00e3o para come\u00e7ar o dia: Controle suas emo\u00e7\u00f5es e conhe\u00e7a seus dons\",\"datePublished\":\"2022-11-21T05:00:00+00:00\",\"mainEntityOfPage\":{\"@id\":\"https:\\\/\\\/www.oracaoefe.com\\\/oracao-para-comecar-o-dia-controle-suas-emocoes-e-conheca-seus-dons\\\/\"},\"wordCount\":552,\"commentCount\":0,\"image\":{\"@id\":\"https:\\\/\\\/www.oracaoefe.com\\\/oracao-para-comecar-o-dia-controle-suas-emocoes-e-conheca-seus-dons\\\/#primaryimage\"},\"thumbnailUrl\":\"https:\\\/\\\/www.oracaoefe.com\\\/wp-content\\\/uploads\\\/2022\\\/11\\\/oracao-21.11.jpg\",\"keywords\":[\"ora\u00e7\u00e3o do dia\",\"prece do dia\"],\"articleSection\":[\"Ora\u00e7\u00e3o\"],\"inLanguage\":\"fr-FR\",\"potentialAction\":[{\"@type\":\"CommentAction\",\"name\":\"Comment\",\"target\":[\"https:\\\/\\\/www.oracaoefe.com\\\/oracao-para-comecar-o-dia-controle-suas-emocoes-e-conheca-seus-dons\\\/#respond\"]}]},{\"@type\":\"WebPage\",\"@id\":\"https:\\\/\\\/www.oracaoefe.com\\\/oracao-para-comecar-o-dia-controle-suas-emocoes-e-conheca-seus-dons\\\/\",\"url\":\"https:\\\/\\\/www.oracaoefe.com\\\/oracao-para-comecar-o-dia-controle-suas-emocoes-e-conheca-seus-dons\\\/\",\"name\":\"Ora\u00e7\u00e3o para come\u00e7ar o dia: Controle suas emo\u00e7\u00f5es e conhe\u00e7a seus dons - Ora\u00e7\u00e3o e F\u00e9\",\"isPartOf\":{\"@id\":\"https:\\\/\\\/www.oracaoefe.com\\\/#website\"},\"primaryImageOfPage\":{\"@id\":\"https:\\\/\\\/www.oracaoefe.com\\\/oracao-para-comecar-o-dia-controle-suas-emocoes-e-conheca-seus-dons\\\/#primaryimage\"},\"image\":{\"@id\":\"https:\\\/\\\/www.oracaoefe.com\\\/oracao-para-comecar-o-dia-controle-suas-emocoes-e-conheca-seus-dons\\\/#primaryimage\"},\"thumbnailUrl\":\"https:\\\/\\\/www.oracaoefe.com\\\/wp-content\\\/uploads\\\/2022\\\/11\\\/oracao-21.11.jpg\",\"datePublished\":\"2022-11-21T05:00:00+00:00\",\"author\":{\"@id\":\"https:\\\/\\\/www.oracaoefe.com\\\/#\\\/schema\\\/person\\\/17283c669442cf005c4d5bb58adfb7f5\"},\"description\":\"Deus tem pra voc\u00ea uma palavra de vida!\",\"breadcrumb\":{\"@id\":\"https:\\\/\\\/www.oracaoefe.com\\\/oracao-para-comecar-o-dia-controle-suas-emocoes-e-conheca-seus-dons\\\/#breadcrumb\"},\"inLanguage\":\"fr-FR\",\"potentialAction\":[{\"@type\":\"ReadAction\",\"target\":[\"https:\\\/\\\/www.oracaoefe.com\\\/oracao-para-comecar-o-dia-controle-suas-emocoes-e-conheca-seus-dons\\\/\"]}]},{\"@type\":\"ImageObject\",\"inLanguage\":\"fr-FR\",\"@id\":\"https:\\\/\\\/www.oracaoefe.com\\\/oracao-para-comecar-o-dia-controle-suas-emocoes-e-conheca-seus-dons\\\/#primaryimage\",\"url\":\"https:\\\/\\\/www.oracaoefe.com\\\/wp-content\\\/uploads\\\/2022\\\/11\\\/oracao-21.11.jpg\",\"contentUrl\":\"https:\\\/\\\/www.oracaoefe.com\\\/wp-content\\\/uploads\\\/2022\\\/11\\\/oracao-21.11.jpg\",\"width\":1200,\"height\":800},{\"@type\":\"BreadcrumbList\",\"@id\":\"https:\\\/\\\/www.oracaoefe.com\\\/oracao-para-comecar-o-dia-controle-suas-emocoes-e-conheca-seus-dons\\\/#breadcrumb\",\"itemListElement\":[{\"@type\":\"ListItem\",\"position\":1,\"name\":\"Home\",\"item\":\"https:\\\/\\\/www.oracaoefe.com\\\/\"},{\"@type\":\"ListItem\",\"position\":2,\"name\":\"Ora\u00e7\u00e3o\",\"item\":\"https:\\\/\\\/www.oracaoefe.com\\\/category\\\/oracao\\\/\"},{\"@type\":\"ListItem\",\"position\":3,\"name\":\"Ora\u00e7\u00e3o para come\u00e7ar o dia: Controle suas emo\u00e7\u00f5es e conhe\u00e7a seus dons\"}]},{\"@type\":\"WebSite\",\"@id\":\"https:\\\/\\\/www.oracaoefe.com\\\/#website\",\"url\":\"https:\\\/\\\/www.oracaoefe.com\\\/\",\"name\":\"Ora\u00e7\u00e3o e F\u00e9\",\"description\":\"\",\"potentialAction\":[{\"@type\":\"SearchAction\",\"target\":{\"@type\":\"EntryPoint\",\"urlTemplate\":\"https:\\\/\\\/www.oracaoefe.com\\\/?s={search_term_string}\"},\"query-input\":{\"@type\":\"PropertyValueSpecification\",\"valueRequired\":true,\"valueName\":\"search_term_string\"}}],\"inLanguage\":\"fr-FR\"},{\"@type\":\"Person\",\"@id\":\"https:\\\/\\\/www.oracaoefe.com\\\/#\\\/schema\\\/person\\\/17283c669442cf005c4d5bb58adfb7f5\",\"name\":\"Michele Azevedo\",\"image\":{\"@type\":\"ImageObject\",\"inLanguage\":\"fr-FR\",\"@id\":\"https:\\\/\\\/secure.gravatar.com\\\/avatar\\\/6b0eb9d22841282815e2cd856a0061c45e1761cd54b22e952d98c4746939aa85?s=96&d=mm&r=g\",\"url\":\"https:\\\/\\\/secure.gravatar.com\\\/avatar\\\/6b0eb9d22841282815e2cd856a0061c45e1761cd54b22e952d98c4746939aa85?s=96&d=mm&r=g\",\"contentUrl\":\"https:\\\/\\\/secure.gravatar.com\\\/avatar\\\/6b0eb9d22841282815e2cd856a0061c45e1761cd54b22e952d98c4746939aa85?s=96&d=mm&r=g\",\"caption\":\"Michele Azevedo\"},\"description\":\"Formada em Letras - Portugu\u00eas\\\/ Ingl\u00eas pela Universidade Estadual de Ponta Grossa (UEPG), p\u00f3s-graduada em Arte na Educa\u00e7\u00e3o (FAPI) e Psicopedagogia Escolar (FAPI), idealizadora e propriet\u00e1ria do site Escritora de Sucesso, possui experi\u00eancia em escrita para blogs em geral e atua como redatora e revisora dos conte\u00fados do Ora\u00e7\u00e3o e F\u00e9.\",\"url\":\"https:\\\/\\\/www.oracaoefe.com\\\/fr\\\/author\\\/michele-azevedo\\\/\"}]}<\/script>\n<!-- \/ Yoast SEO plugin. -->","yoast_head_json":{"title":"Pri\u00e8re pour commencer la journ\u00e9e : Contr\u00f4lez vos \u00e9motions et connaissez vos dons - Pri\u00e8re et foi","description":"Dieu a une parole de vie pour vous !","robots":{"index":"index","follow":"follow","max-snippet":"max-snippet:-1","max-image-preview":"max-image-preview:large","max-video-preview":"max-video-preview:-1"},"canonical":"https:\/\/www.oracaoefe.com\/fr\/oracao-para-comecar-o-dia-controle-suas-emocoes-e-conheca-seus-dons\/","og_locale":"fr_FR","og_type":"article","og_title":"Ora\u00e7\u00e3o para come\u00e7ar o dia: Controle suas emo\u00e7\u00f5es e conhe\u00e7a seus dons - Ora\u00e7\u00e3o e F\u00e9","og_description":"Deus tem pra voc\u00ea uma palavra de vida!","og_url":"https:\/\/www.oracaoefe.com\/fr\/oracao-para-comecar-o-dia-controle-suas-emocoes-e-conheca-seus-dons\/","og_site_name":"Ora\u00e7\u00e3o e F\u00e9","article_published_time":"2022-11-21T05:00:00+00:00","og_image":[{"width":1200,"height":800,"url":"https:\/\/www.oracaoefe.com\/wp-content\/uploads\/2022\/11\/oracao-21.11.jpg","type":"image\/jpeg"}],"author":"Michele Azevedo","twitter_card":"summary_large_image","twitter_misc":{"\u00c9crit par":"Michele Azevedo","Dur\u00e9e de lecture estim\u00e9e":"3 minutes"},"schema":{"@context":"https:\/\/schema.org","@graph":[{"@type":"Article","@id":"https:\/\/www.oracaoefe.com\/oracao-para-comecar-o-dia-controle-suas-emocoes-e-conheca-seus-dons\/#article","isPartOf":{"@id":"https:\/\/www.oracaoefe.com\/oracao-para-comecar-o-dia-controle-suas-emocoes-e-conheca-seus-dons\/"},"author":{"name":"Michele Azevedo","@id":"https:\/\/www.oracaoefe.com\/#\/schema\/person\/17283c669442cf005c4d5bb58adfb7f5"},"headline":"Ora\u00e7\u00e3o para come\u00e7ar o dia: Controle suas emo\u00e7\u00f5es e conhe\u00e7a seus dons","datePublished":"2022-11-21T05:00:00+00:00","mainEntityOfPage":{"@id":"https:\/\/www.oracaoefe.com\/oracao-para-comecar-o-dia-controle-suas-emocoes-e-conheca-seus-dons\/"},"wordCount":552,"commentCount":0,"image":{"@id":"https:\/\/www.oracaoefe.com\/oracao-para-comecar-o-dia-controle-suas-emocoes-e-conheca-seus-dons\/#primaryimage"},"thumbnailUrl":"https:\/\/www.oracaoefe.com\/wp-content\/uploads\/2022\/11\/oracao-21.11.jpg","keywords":["ora\u00e7\u00e3o do dia","prece do dia"],"articleSection":["Ora\u00e7\u00e3o"],"inLanguage":"fr-FR","potentialAction":[{"@type":"CommentAction","name":"Comment","target":["https:\/\/www.oracaoefe.com\/oracao-para-comecar-o-dia-controle-suas-emocoes-e-conheca-seus-dons\/#respond"]}]},{"@type":"WebPage","@id":"https:\/\/www.oracaoefe.com\/oracao-para-comecar-o-dia-controle-suas-emocoes-e-conheca-seus-dons\/","url":"https:\/\/www.oracaoefe.com\/oracao-para-comecar-o-dia-controle-suas-emocoes-e-conheca-seus-dons\/","name":"Pri\u00e8re pour commencer la journ\u00e9e : Contr\u00f4lez vos \u00e9motions et connaissez vos dons - Pri\u00e8re et foi","isPartOf":{"@id":"https:\/\/www.oracaoefe.com\/#website"},"primaryImageOfPage":{"@id":"https:\/\/www.oracaoefe.com\/oracao-para-comecar-o-dia-controle-suas-emocoes-e-conheca-seus-dons\/#primaryimage"},"image":{"@id":"https:\/\/www.oracaoefe.com\/oracao-para-comecar-o-dia-controle-suas-emocoes-e-conheca-seus-dons\/#primaryimage"},"thumbnailUrl":"https:\/\/www.oracaoefe.com\/wp-content\/uploads\/2022\/11\/oracao-21.11.jpg","datePublished":"2022-11-21T05:00:00+00:00","author":{"@id":"https:\/\/www.oracaoefe.com\/#\/schema\/person\/17283c669442cf005c4d5bb58adfb7f5"},"description":"Dieu a une parole de vie pour vous !","breadcrumb":{"@id":"https:\/\/www.oracaoefe.com\/oracao-para-comecar-o-dia-controle-suas-emocoes-e-conheca-seus-dons\/#breadcrumb"},"inLanguage":"fr-FR","potentialAction":[{"@type":"ReadAction","target":["https:\/\/www.oracaoefe.com\/oracao-para-comecar-o-dia-controle-suas-emocoes-e-conheca-seus-dons\/"]}]},{"@type":"ImageObject","inLanguage":"fr-FR","@id":"https:\/\/www.oracaoefe.com\/oracao-para-comecar-o-dia-controle-suas-emocoes-e-conheca-seus-dons\/#primaryimage","url":"https:\/\/www.oracaoefe.com\/wp-content\/uploads\/2022\/11\/oracao-21.11.jpg","contentUrl":"https:\/\/www.oracaoefe.com\/wp-content\/uploads\/2022\/11\/oracao-21.11.jpg","width":1200,"height":800},{"@type":"BreadcrumbList","@id":"https:\/\/www.oracaoefe.com\/oracao-para-comecar-o-dia-controle-suas-emocoes-e-conheca-seus-dons\/#breadcrumb","itemListElement":[{"@type":"ListItem","position":1,"name":"Home","item":"https:\/\/www.oracaoefe.com\/"},{"@type":"ListItem","position":2,"name":"Ora\u00e7\u00e3o","item":"https:\/\/www.oracaoefe.com\/category\/oracao\/"},{"@type":"ListItem","position":3,"name":"Ora\u00e7\u00e3o para come\u00e7ar o dia: Controle suas emo\u00e7\u00f5es e conhe\u00e7a seus dons"}]},{"@type":"WebSite","@id":"https:\/\/www.oracaoefe.com\/#website","url":"https:\/\/www.oracaoefe.com\/","name":"Pri\u00e8re et foi","description":"","potentialAction":[{"@type":"SearchAction","target":{"@type":"EntryPoint","urlTemplate":"https:\/\/www.oracaoefe.com\/?s={search_term_string}"},"query-input":{"@type":"PropertyValueSpecification","valueRequired":true,"valueName":"search_term_string"}}],"inLanguage":"fr-FR"},{"@type":"Person","@id":"https:\/\/www.oracaoefe.com\/#\/schema\/person\/17283c669442cf005c4d5bb58adfb7f5","name":"Michele Azevedo","image":{"@type":"ImageObject","inLanguage":"fr-FR","@id":"https:\/\/secure.gravatar.com\/avatar\/6b0eb9d22841282815e2cd856a0061c45e1761cd54b22e952d98c4746939aa85?s=96&d=mm&r=g","url":"https:\/\/secure.gravatar.com\/avatar\/6b0eb9d22841282815e2cd856a0061c45e1761cd54b22e952d98c4746939aa85?s=96&d=mm&r=g","contentUrl":"https:\/\/secure.gravatar.com\/avatar\/6b0eb9d22841282815e2cd856a0061c45e1761cd54b22e952d98c4746939aa85?s=96&d=mm&r=g","caption":"Michele Azevedo"},"description":"Dipl\u00f4m\u00e9e en litt\u00e9rature portugaise\/anglaise de l&#039;Universit\u00e9 d&#039;\u00c9tat de Ponta Grossa (UEPG), avec des dipl\u00f4mes de troisi\u00e8me cycle en art dans l&#039;\u00e9ducation (FAPI) et en psychop\u00e9dagogie scolaire (FAPI), elle est la cr\u00e9atrice et propri\u00e9taire du site web Escritora de Sucesso, a de l&#039;exp\u00e9rience dans l&#039;\u00e9criture pour les blogs en g\u00e9n\u00e9ral et travaille comme r\u00e9dactrice et \u00e9ditrice du contenu pour Ora\u00e7\u00e3o e F\u00e9.","url":"https:\/\/www.oracaoefe.com\/fr\/author\/michele-azevedo\/"}]}},"_links":{"self":[{"href":"https:\/\/www.oracaoefe.com\/fr\/wp-json\/wp\/v2\/posts\/1242","targetHints":{"allow":["GET"]}}],"collection":[{"href":"https:\/\/www.oracaoefe.com\/fr\/wp-json\/wp\/v2\/posts"}],"about":[{"href":"https:\/\/www.oracaoefe.com\/fr\/wp-json\/wp\/v2\/types\/post"}],"author":[{"embeddable":true,"href":"https:\/\/www.oracaoefe.com\/fr\/wp-json\/wp\/v2\/users\/3"}],"replies":[{"embeddable":true,"href":"https:\/\/www.oracaoefe.com\/fr\/wp-json\/wp\/v2\/comments?post=1242"}],"version-history":[{"count":1,"href":"https:\/\/www.oracaoefe.com\/fr\/wp-json\/wp\/v2\/posts\/1242\/revisions"}],"predecessor-version":[{"id":1243,"href":"https:\/\/www.oracaoefe.com\/fr\/wp-json\/wp\/v2\/posts\/1242\/revisions\/1243"}],"wp:featuredmedia":[{"embeddable":true,"href":"https:\/\/www.oracaoefe.com\/fr\/wp-json\/wp\/v2\/media\/1234"}],"wp:attachment":[{"href":"https:\/\/www.oracaoefe.com\/fr\/wp-json\/wp\/v2\/media?parent=1242"}],"wp:term":[{"taxonomy":"category","embeddable":true,"href":"https:\/\/www.oracaoefe.com\/fr\/wp-json\/wp\/v2\/categories?post=1242"},{"taxonomy":"post_tag","embeddable":true,"href":"https:\/\/www.oracaoefe.com\/fr\/wp-json\/wp\/v2\/tags?post=1242"}],"curies":[{"name":"wp","href":"https:\/\/api.w.org\/{rel}","templated":true}]}}