{"id":1230,"date":"2022-11-20T01:55:00","date_gmt":"2022-11-20T04:55:00","guid":{"rendered":"https:\/\/www.oracaoefe.com\/?p=1230"},"modified":"2022-11-20T01:48:30","modified_gmt":"2022-11-20T04:48:30","slug":"oracao-para-comecar-o-dia-conquiste-novas-oportunidades","status":"publish","type":"post","link":"https:\/\/www.oracaoefe.com\/fr\/oracao-para-comecar-o-dia-conquiste-novas-oportunidades\/","title":{"rendered":"Pri\u00e8re pour commencer la journ\u00e9e : Conqu\u00e9rir de nouvelles opportunit\u00e9s !"},"content":{"rendered":"<p class=\"wp-block-paragraph\">Si vous vous trouvez dans l'angoisse ou \u00e0 un moment o\u00f9 il n'est pas possible de trouver un emploi ou une opportunit\u00e9 sp\u00e9cifique, par exemple, vous pouvez alors prier efficacement pour quelque chose de nouveau qui profitera \u00e0 votre vie. Prier ce matin avec la pri\u00e8re du jour.<\/p>\n\n\n\n<figure class=\"wp-block-image size-large\"><img loading=\"lazy\" decoding=\"async\" width=\"1024\" height=\"683\" src=\"https:\/\/www.oracaoefe.com\/wp-content\/uploads\/2022\/11\/oracao-24.11-1024x683.jpg\" alt=\"\" class=\"wp-image-1231\" srcset=\"https:\/\/www.oracaoefe.com\/wp-content\/uploads\/2022\/11\/oracao-24.11-1024x683.jpg 1024w, https:\/\/www.oracaoefe.com\/wp-content\/uploads\/2022\/11\/oracao-24.11-300x200.jpg 300w, https:\/\/www.oracaoefe.com\/wp-content\/uploads\/2022\/11\/oracao-24.11-768x512.jpg 768w, https:\/\/www.oracaoefe.com\/wp-content\/uploads\/2022\/11\/oracao-24.11-18x12.jpg 18w, https:\/\/www.oracaoefe.com\/wp-content\/uploads\/2022\/11\/oracao-24.11.jpg 1200w\" sizes=\"auto, (max-width: 1024px) 100vw, 1024px\" \/><\/figure>\n\n\n\n<h2 class=\"wp-block-heading\">Pri\u00e8re du jour<\/h2>\n\n\n\n<p class=\"wp-block-paragraph\">&#8220;<em>P\u00e8re, en cette date, je te prie de voir ce dont j'ai besoin ; aide-moi dans mes douleurs ;\u00a0<\/em><\/p>\n\n\n\n<p class=\"wp-block-paragraph\"><em>Je vous prie de m'aider avec une nouvelle opportunit\u00e9,\u00a0<\/em><\/p>\n\n\n\n<p class=\"wp-block-paragraph\"><em>P\u00e8re bien-aim\u00e9, je sais que tu as des plans parfaits pour chacun, et en ce moment o\u00f9 je me sens confin\u00e9, je suis ici, te suppliant de m'aider avec cette demande d'opportunit\u00e9 afin que je puisse soutenir ma famille.<\/em><\/p>\n\n\n\n<p class=\"wp-block-paragraph\"><em>Votre bont\u00e9 est tr\u00e8s grande et de votre main je ne tomberai jamais, car vous me soulagerez, je vous en prie, P\u00e8re, pour satisfaire ce d\u00e9sir de grand besoin.\u00a0<\/em><\/p>\n\n\n\n<p class=\"wp-block-paragraph\"><em>P\u00e8re, tu es b\u00e9ni et dans les cieux, ouvre les portes et les fen\u00eatres de l'espoir, car ta mis\u00e9ricorde m'aidera \u00e0 trouver un travail que je dis pouvoir faire.<\/em><\/p>\n\n\n\n<p class=\"wp-block-paragraph\"><em>Aidez-moi mon Dieu, que je puisse avoir la patience n\u00e9cessaire et ainsi attendre votre r\u00e9compense, pour avoir ce travail pour le faire avec dignit\u00e9, o\u00f9 je peux avoir la prosp\u00e9rit\u00e9 et la stabilit\u00e9, pouvez-vous interc\u00e9der \u00e0 ma demande afin que je puisse avoir une \u00e9conomie stable.<\/em><\/p>\n\n\n\n<p class=\"wp-block-paragraph\"><em>Aide-moi Seigneur \u00e0 \u00eatre le pourvoyeur et b\u00e9nis mon foyer et ma famille, car je dois leur fournir de la nourriture, aide-moi \u00e0 d\u00e9marrer une nouvelle entreprise (fais ta demande avec foi) ne me laisse pas dans ce fardeau, car j'ai toujours cru en toi et tu seras b\u00e9ni pour toujours, comme notre Dieu, P\u00e8re Cr\u00e9ateur, Amen.<\/em>&#8220;<\/p>\n\n\n\n<h3 class=\"wp-block-heading\">Pens\u00e9e et message du jour<\/h3>\n\n\n\n<p class=\"wp-block-paragraph\">Le travail, c'est la sant\u00e9, nous dit-on. Elle chasse l'ennui, le vice et la n\u00e9cessit\u00e9. Elle humanise par le lien social qu'elle cr\u00e9e et maintient nos capacit\u00e9s intellectuelles en \u00e9veil. Elle redresse, moralise le d\u00e9viant, rend l'homme vertueux.<\/p>\n\n\n\n<p class=\"wp-block-paragraph\">En plus d'\u00eatre une source essentielle de revenus, le travail appara\u00eet comme un vecteur de sociabilit\u00e9 pour de nombreux travailleurs. C'est l'occasion de rencontrer de nouvelles personnes, de se faire des amis et parfois m\u00eame de rencontrer nos futurs partenaires professionnels.<\/p>\n\n\n\n<p class=\"wp-block-paragraph\">Le travail vous permet de vous r\u00e9aliser. C'est une obligation envers vous-m\u00eame. Mais le travail est un devoir moral, non seulement envers les autres, mais aussi envers soi-m\u00eame. En effet, travailler, ce n'est pas seulement satisfaire ses besoins vitaux, c'est aussi r\u00e9aliser ce qu'il y a de plus humain en l'homme.<\/p>\n\n\n\n<p class=\"wp-block-paragraph\">Le r\u00e9sultat de son travail a une valeur reconnue par ses pairs. L'homme donne de lui-m\u00eame et se sent utile. Il est un acteur de la vie \u00e9conomique et sociale. Ainsi, il acquiert un sens aux yeux des autres. Le travail apporte le respect des autres.<\/p>","protected":false},"excerpt":{"rendered":"<p>Ao passo que voc\u00ea se v\u00ea angustiado ou em um momento em que n\u00e3o \u00e9 poss\u00edvel o encontro de um emprego ou uma oportunidade espec\u00edfica, por exemplo, pode-se, ent\u00e3o, fazer uma ora\u00e7\u00e3o com efic\u00e1cia para pedir algo novo, a respeito do que possa trazer benef\u00edcios para sua vida. Ore nesta manh\u00e3 com a prece do&hellip;&nbsp;<\/p>","protected":false},"author":3,"featured_media":1231,"comment_status":"open","ping_status":"open","sticky":false,"template":"","format":"standard","meta":{"neve_meta_sidebar":"","neve_meta_container":"","neve_meta_enable_content_width":"","neve_meta_content_width":0,"neve_meta_title_alignment":"","neve_meta_author_avatar":"","neve_post_elements_order":"","neve_meta_disable_header":"","neve_meta_disable_footer":"","neve_meta_disable_title":"","footnotes":""},"categories":[2],"tags":[160,163],"class_list":["post-1230","post","type-post","status-publish","format-standard","has-post-thumbnail","hentry","category-oracao","tag-oracao-do-dia","tag-prece-do-dia"],"yoast_head":"<!-- This site is optimized with the Yoast SEO plugin v28.4 - https:\/\/yoast.com\/product\/yoast-seo-wordpress\/ -->\n<title>Ora\u00e7\u00e3o para come\u00e7ar o dia: Conquiste novas oportunidades! - Ora\u00e7\u00e3o e F\u00e9<\/title>\n<meta name=\"description\" content=\"Deus tem pra voc\u00ea uma palavra de vida!\" \/>\n<meta name=\"robots\" content=\"index, follow, max-snippet:-1, max-image-preview:large, max-video-preview:-1\" \/>\n<link rel=\"canonical\" href=\"https:\/\/www.oracaoefe.com\/fr\/oracao-para-comecar-o-dia-conquiste-novas-oportunidades\/\" \/>\n<meta property=\"og:locale\" content=\"fr_FR\" \/>\n<meta property=\"og:type\" content=\"article\" \/>\n<meta property=\"og:title\" content=\"Ora\u00e7\u00e3o para come\u00e7ar o dia: Conquiste novas oportunidades! - Ora\u00e7\u00e3o e F\u00e9\" \/>\n<meta property=\"og:description\" content=\"Deus tem pra voc\u00ea uma palavra de vida!\" \/>\n<meta property=\"og:url\" content=\"https:\/\/www.oracaoefe.com\/fr\/oracao-para-comecar-o-dia-conquiste-novas-oportunidades\/\" \/>\n<meta property=\"og:site_name\" content=\"Ora\u00e7\u00e3o e F\u00e9\" \/>\n<meta property=\"article:published_time\" content=\"2022-11-20T04:55:00+00:00\" \/>\n<meta property=\"og:image\" content=\"https:\/\/www.oracaoefe.com\/wp-content\/uploads\/2022\/11\/oracao-24.11.jpg\" \/>\n\t<meta property=\"og:image:width\" content=\"1200\" \/>\n\t<meta property=\"og:image:height\" content=\"800\" \/>\n\t<meta property=\"og:image:type\" content=\"image\/jpeg\" \/>\n<meta name=\"author\" content=\"Michele Azevedo\" \/>\n<meta name=\"twitter:card\" content=\"summary_large_image\" \/>\n<meta name=\"twitter:label1\" content=\"\u00c9crit par\" \/>\n\t<meta name=\"twitter:data1\" content=\"Michele Azevedo\" \/>\n\t<meta name=\"twitter:label2\" content=\"Dur\u00e9e de lecture estim\u00e9e\" \/>\n\t<meta name=\"twitter:data2\" content=\"2 minutes\" \/>\n<script type=\"application\/ld+json\" class=\"yoast-schema-graph\">{\"@context\":\"https:\\\/\\\/schema.org\",\"@graph\":[{\"@type\":\"Article\",\"@id\":\"https:\\\/\\\/www.oracaoefe.com\\\/oracao-para-comecar-o-dia-conquiste-novas-oportunidades\\\/#article\",\"isPartOf\":{\"@id\":\"https:\\\/\\\/www.oracaoefe.com\\\/oracao-para-comecar-o-dia-conquiste-novas-oportunidades\\\/\"},\"author\":{\"name\":\"Michele Azevedo\",\"@id\":\"https:\\\/\\\/www.oracaoefe.com\\\/#\\\/schema\\\/person\\\/17283c669442cf005c4d5bb58adfb7f5\"},\"headline\":\"Ora\u00e7\u00e3o para come\u00e7ar o dia: Conquiste novas oportunidades!\",\"datePublished\":\"2022-11-20T04:55:00+00:00\",\"mainEntityOfPage\":{\"@id\":\"https:\\\/\\\/www.oracaoefe.com\\\/oracao-para-comecar-o-dia-conquiste-novas-oportunidades\\\/\"},\"wordCount\":489,\"commentCount\":0,\"image\":{\"@id\":\"https:\\\/\\\/www.oracaoefe.com\\\/oracao-para-comecar-o-dia-conquiste-novas-oportunidades\\\/#primaryimage\"},\"thumbnailUrl\":\"https:\\\/\\\/www.oracaoefe.com\\\/wp-content\\\/uploads\\\/2022\\\/11\\\/oracao-24.11.jpg\",\"keywords\":[\"ora\u00e7\u00e3o do dia\",\"prece do dia\"],\"articleSection\":[\"Ora\u00e7\u00e3o\"],\"inLanguage\":\"fr-FR\",\"potentialAction\":[{\"@type\":\"CommentAction\",\"name\":\"Comment\",\"target\":[\"https:\\\/\\\/www.oracaoefe.com\\\/oracao-para-comecar-o-dia-conquiste-novas-oportunidades\\\/#respond\"]}]},{\"@type\":\"WebPage\",\"@id\":\"https:\\\/\\\/www.oracaoefe.com\\\/oracao-para-comecar-o-dia-conquiste-novas-oportunidades\\\/\",\"url\":\"https:\\\/\\\/www.oracaoefe.com\\\/oracao-para-comecar-o-dia-conquiste-novas-oportunidades\\\/\",\"name\":\"Ora\u00e7\u00e3o para come\u00e7ar o dia: Conquiste novas oportunidades! - Ora\u00e7\u00e3o e F\u00e9\",\"isPartOf\":{\"@id\":\"https:\\\/\\\/www.oracaoefe.com\\\/#website\"},\"primaryImageOfPage\":{\"@id\":\"https:\\\/\\\/www.oracaoefe.com\\\/oracao-para-comecar-o-dia-conquiste-novas-oportunidades\\\/#primaryimage\"},\"image\":{\"@id\":\"https:\\\/\\\/www.oracaoefe.com\\\/oracao-para-comecar-o-dia-conquiste-novas-oportunidades\\\/#primaryimage\"},\"thumbnailUrl\":\"https:\\\/\\\/www.oracaoefe.com\\\/wp-content\\\/uploads\\\/2022\\\/11\\\/oracao-24.11.jpg\",\"datePublished\":\"2022-11-20T04:55:00+00:00\",\"author\":{\"@id\":\"https:\\\/\\\/www.oracaoefe.com\\\/#\\\/schema\\\/person\\\/17283c669442cf005c4d5bb58adfb7f5\"},\"description\":\"Deus tem pra voc\u00ea uma palavra de vida!\",\"breadcrumb\":{\"@id\":\"https:\\\/\\\/www.oracaoefe.com\\\/oracao-para-comecar-o-dia-conquiste-novas-oportunidades\\\/#breadcrumb\"},\"inLanguage\":\"fr-FR\",\"potentialAction\":[{\"@type\":\"ReadAction\",\"target\":[\"https:\\\/\\\/www.oracaoefe.com\\\/oracao-para-comecar-o-dia-conquiste-novas-oportunidades\\\/\"]}]},{\"@type\":\"ImageObject\",\"inLanguage\":\"fr-FR\",\"@id\":\"https:\\\/\\\/www.oracaoefe.com\\\/oracao-para-comecar-o-dia-conquiste-novas-oportunidades\\\/#primaryimage\",\"url\":\"https:\\\/\\\/www.oracaoefe.com\\\/wp-content\\\/uploads\\\/2022\\\/11\\\/oracao-24.11.jpg\",\"contentUrl\":\"https:\\\/\\\/www.oracaoefe.com\\\/wp-content\\\/uploads\\\/2022\\\/11\\\/oracao-24.11.jpg\",\"width\":1200,\"height\":800},{\"@type\":\"BreadcrumbList\",\"@id\":\"https:\\\/\\\/www.oracaoefe.com\\\/oracao-para-comecar-o-dia-conquiste-novas-oportunidades\\\/#breadcrumb\",\"itemListElement\":[{\"@type\":\"ListItem\",\"position\":1,\"name\":\"Home\",\"item\":\"https:\\\/\\\/www.oracaoefe.com\\\/\"},{\"@type\":\"ListItem\",\"position\":2,\"name\":\"Ora\u00e7\u00e3o\",\"item\":\"https:\\\/\\\/www.oracaoefe.com\\\/category\\\/oracao\\\/\"},{\"@type\":\"ListItem\",\"position\":3,\"name\":\"Ora\u00e7\u00e3o para come\u00e7ar o dia: Conquiste novas oportunidades!\"}]},{\"@type\":\"WebSite\",\"@id\":\"https:\\\/\\\/www.oracaoefe.com\\\/#website\",\"url\":\"https:\\\/\\\/www.oracaoefe.com\\\/\",\"name\":\"Ora\u00e7\u00e3o e F\u00e9\",\"description\":\"\",\"potentialAction\":[{\"@type\":\"SearchAction\",\"target\":{\"@type\":\"EntryPoint\",\"urlTemplate\":\"https:\\\/\\\/www.oracaoefe.com\\\/?s={search_term_string}\"},\"query-input\":{\"@type\":\"PropertyValueSpecification\",\"valueRequired\":true,\"valueName\":\"search_term_string\"}}],\"inLanguage\":\"fr-FR\"},{\"@type\":\"Person\",\"@id\":\"https:\\\/\\\/www.oracaoefe.com\\\/#\\\/schema\\\/person\\\/17283c669442cf005c4d5bb58adfb7f5\",\"name\":\"Michele Azevedo\",\"image\":{\"@type\":\"ImageObject\",\"inLanguage\":\"fr-FR\",\"@id\":\"https:\\\/\\\/secure.gravatar.com\\\/avatar\\\/6b0eb9d22841282815e2cd856a0061c45e1761cd54b22e952d98c4746939aa85?s=96&d=mm&r=g\",\"url\":\"https:\\\/\\\/secure.gravatar.com\\\/avatar\\\/6b0eb9d22841282815e2cd856a0061c45e1761cd54b22e952d98c4746939aa85?s=96&d=mm&r=g\",\"contentUrl\":\"https:\\\/\\\/secure.gravatar.com\\\/avatar\\\/6b0eb9d22841282815e2cd856a0061c45e1761cd54b22e952d98c4746939aa85?s=96&d=mm&r=g\",\"caption\":\"Michele Azevedo\"},\"description\":\"Formada em Letras - Portugu\u00eas\\\/ Ingl\u00eas pela Universidade Estadual de Ponta Grossa (UEPG), p\u00f3s-graduada em Arte na Educa\u00e7\u00e3o (FAPI) e Psicopedagogia Escolar (FAPI), idealizadora e propriet\u00e1ria do site Escritora de Sucesso, possui experi\u00eancia em escrita para blogs em geral e atua como redatora e revisora dos conte\u00fados do Ora\u00e7\u00e3o e F\u00e9.\",\"url\":\"https:\\\/\\\/www.oracaoefe.com\\\/fr\\\/author\\\/michele-azevedo\\\/\"}]}<\/script>\n<!-- \/ Yoast SEO plugin. -->","yoast_head_json":{"title":"Pri\u00e8re pour commencer la journ\u00e9e : Conqu\u00e9rir de nouvelles opportunit\u00e9s ! - Pri\u00e8re et foi","description":"Dieu a une parole de vie pour vous !","robots":{"index":"index","follow":"follow","max-snippet":"max-snippet:-1","max-image-preview":"max-image-preview:large","max-video-preview":"max-video-preview:-1"},"canonical":"https:\/\/www.oracaoefe.com\/fr\/oracao-para-comecar-o-dia-conquiste-novas-oportunidades\/","og_locale":"fr_FR","og_type":"article","og_title":"Ora\u00e7\u00e3o para come\u00e7ar o dia: Conquiste novas oportunidades! - Ora\u00e7\u00e3o e F\u00e9","og_description":"Deus tem pra voc\u00ea uma palavra de vida!","og_url":"https:\/\/www.oracaoefe.com\/fr\/oracao-para-comecar-o-dia-conquiste-novas-oportunidades\/","og_site_name":"Ora\u00e7\u00e3o e F\u00e9","article_published_time":"2022-11-20T04:55:00+00:00","og_image":[{"width":1200,"height":800,"url":"https:\/\/www.oracaoefe.com\/wp-content\/uploads\/2022\/11\/oracao-24.11.jpg","type":"image\/jpeg"}],"author":"Michele Azevedo","twitter_card":"summary_large_image","twitter_misc":{"\u00c9crit par":"Michele Azevedo","Dur\u00e9e de lecture estim\u00e9e":"2 minutes"},"schema":{"@context":"https:\/\/schema.org","@graph":[{"@type":"Article","@id":"https:\/\/www.oracaoefe.com\/oracao-para-comecar-o-dia-conquiste-novas-oportunidades\/#article","isPartOf":{"@id":"https:\/\/www.oracaoefe.com\/oracao-para-comecar-o-dia-conquiste-novas-oportunidades\/"},"author":{"name":"Michele Azevedo","@id":"https:\/\/www.oracaoefe.com\/#\/schema\/person\/17283c669442cf005c4d5bb58adfb7f5"},"headline":"Ora\u00e7\u00e3o para come\u00e7ar o dia: Conquiste novas oportunidades!","datePublished":"2022-11-20T04:55:00+00:00","mainEntityOfPage":{"@id":"https:\/\/www.oracaoefe.com\/oracao-para-comecar-o-dia-conquiste-novas-oportunidades\/"},"wordCount":489,"commentCount":0,"image":{"@id":"https:\/\/www.oracaoefe.com\/oracao-para-comecar-o-dia-conquiste-novas-oportunidades\/#primaryimage"},"thumbnailUrl":"https:\/\/www.oracaoefe.com\/wp-content\/uploads\/2022\/11\/oracao-24.11.jpg","keywords":["ora\u00e7\u00e3o do dia","prece do dia"],"articleSection":["Ora\u00e7\u00e3o"],"inLanguage":"fr-FR","potentialAction":[{"@type":"CommentAction","name":"Comment","target":["https:\/\/www.oracaoefe.com\/oracao-para-comecar-o-dia-conquiste-novas-oportunidades\/#respond"]}]},{"@type":"WebPage","@id":"https:\/\/www.oracaoefe.com\/oracao-para-comecar-o-dia-conquiste-novas-oportunidades\/","url":"https:\/\/www.oracaoefe.com\/oracao-para-comecar-o-dia-conquiste-novas-oportunidades\/","name":"Pri\u00e8re pour commencer la journ\u00e9e : Conqu\u00e9rir de nouvelles opportunit\u00e9s ! - Pri\u00e8re et foi","isPartOf":{"@id":"https:\/\/www.oracaoefe.com\/#website"},"primaryImageOfPage":{"@id":"https:\/\/www.oracaoefe.com\/oracao-para-comecar-o-dia-conquiste-novas-oportunidades\/#primaryimage"},"image":{"@id":"https:\/\/www.oracaoefe.com\/oracao-para-comecar-o-dia-conquiste-novas-oportunidades\/#primaryimage"},"thumbnailUrl":"https:\/\/www.oracaoefe.com\/wp-content\/uploads\/2022\/11\/oracao-24.11.jpg","datePublished":"2022-11-20T04:55:00+00:00","author":{"@id":"https:\/\/www.oracaoefe.com\/#\/schema\/person\/17283c669442cf005c4d5bb58adfb7f5"},"description":"Dieu a une parole de vie pour vous !","breadcrumb":{"@id":"https:\/\/www.oracaoefe.com\/oracao-para-comecar-o-dia-conquiste-novas-oportunidades\/#breadcrumb"},"inLanguage":"fr-FR","potentialAction":[{"@type":"ReadAction","target":["https:\/\/www.oracaoefe.com\/oracao-para-comecar-o-dia-conquiste-novas-oportunidades\/"]}]},{"@type":"ImageObject","inLanguage":"fr-FR","@id":"https:\/\/www.oracaoefe.com\/oracao-para-comecar-o-dia-conquiste-novas-oportunidades\/#primaryimage","url":"https:\/\/www.oracaoefe.com\/wp-content\/uploads\/2022\/11\/oracao-24.11.jpg","contentUrl":"https:\/\/www.oracaoefe.com\/wp-content\/uploads\/2022\/11\/oracao-24.11.jpg","width":1200,"height":800},{"@type":"BreadcrumbList","@id":"https:\/\/www.oracaoefe.com\/oracao-para-comecar-o-dia-conquiste-novas-oportunidades\/#breadcrumb","itemListElement":[{"@type":"ListItem","position":1,"name":"Home","item":"https:\/\/www.oracaoefe.com\/"},{"@type":"ListItem","position":2,"name":"Ora\u00e7\u00e3o","item":"https:\/\/www.oracaoefe.com\/category\/oracao\/"},{"@type":"ListItem","position":3,"name":"Ora\u00e7\u00e3o para come\u00e7ar o dia: Conquiste novas oportunidades!"}]},{"@type":"WebSite","@id":"https:\/\/www.oracaoefe.com\/#website","url":"https:\/\/www.oracaoefe.com\/","name":"Pri\u00e8re et foi","description":"","potentialAction":[{"@type":"SearchAction","target":{"@type":"EntryPoint","urlTemplate":"https:\/\/www.oracaoefe.com\/?s={search_term_string}"},"query-input":{"@type":"PropertyValueSpecification","valueRequired":true,"valueName":"search_term_string"}}],"inLanguage":"fr-FR"},{"@type":"Person","@id":"https:\/\/www.oracaoefe.com\/#\/schema\/person\/17283c669442cf005c4d5bb58adfb7f5","name":"Michele Azevedo","image":{"@type":"ImageObject","inLanguage":"fr-FR","@id":"https:\/\/secure.gravatar.com\/avatar\/6b0eb9d22841282815e2cd856a0061c45e1761cd54b22e952d98c4746939aa85?s=96&d=mm&r=g","url":"https:\/\/secure.gravatar.com\/avatar\/6b0eb9d22841282815e2cd856a0061c45e1761cd54b22e952d98c4746939aa85?s=96&d=mm&r=g","contentUrl":"https:\/\/secure.gravatar.com\/avatar\/6b0eb9d22841282815e2cd856a0061c45e1761cd54b22e952d98c4746939aa85?s=96&d=mm&r=g","caption":"Michele Azevedo"},"description":"Dipl\u00f4m\u00e9e en litt\u00e9rature portugaise\/anglaise de l&#039;Universit\u00e9 d&#039;\u00c9tat de Ponta Grossa (UEPG), avec des dipl\u00f4mes de troisi\u00e8me cycle en art dans l&#039;\u00e9ducation (FAPI) et en psychop\u00e9dagogie scolaire (FAPI), elle est la cr\u00e9atrice et propri\u00e9taire du site web Escritora de Sucesso, a de l&#039;exp\u00e9rience dans l&#039;\u00e9criture pour les blogs en g\u00e9n\u00e9ral et travaille comme r\u00e9dactrice et \u00e9ditrice du contenu pour Ora\u00e7\u00e3o e F\u00e9.","url":"https:\/\/www.oracaoefe.com\/fr\/author\/michele-azevedo\/"}]}},"_links":{"self":[{"href":"https:\/\/www.oracaoefe.com\/fr\/wp-json\/wp\/v2\/posts\/1230","targetHints":{"allow":["GET"]}}],"collection":[{"href":"https:\/\/www.oracaoefe.com\/fr\/wp-json\/wp\/v2\/posts"}],"about":[{"href":"https:\/\/www.oracaoefe.com\/fr\/wp-json\/wp\/v2\/types\/post"}],"author":[{"embeddable":true,"href":"https:\/\/www.oracaoefe.com\/fr\/wp-json\/wp\/v2\/users\/3"}],"replies":[{"embeddable":true,"href":"https:\/\/www.oracaoefe.com\/fr\/wp-json\/wp\/v2\/comments?post=1230"}],"version-history":[{"count":1,"href":"https:\/\/www.oracaoefe.com\/fr\/wp-json\/wp\/v2\/posts\/1230\/revisions"}],"predecessor-version":[{"id":1236,"href":"https:\/\/www.oracaoefe.com\/fr\/wp-json\/wp\/v2\/posts\/1230\/revisions\/1236"}],"wp:featuredmedia":[{"embeddable":true,"href":"https:\/\/www.oracaoefe.com\/fr\/wp-json\/wp\/v2\/media\/1231"}],"wp:attachment":[{"href":"https:\/\/www.oracaoefe.com\/fr\/wp-json\/wp\/v2\/media?parent=1230"}],"wp:term":[{"taxonomy":"category","embeddable":true,"href":"https:\/\/www.oracaoefe.com\/fr\/wp-json\/wp\/v2\/categories?post=1230"},{"taxonomy":"post_tag","embeddable":true,"href":"https:\/\/www.oracaoefe.com\/fr\/wp-json\/wp\/v2\/tags?post=1230"}],"curies":[{"name":"wp","href":"https:\/\/api.w.org\/{rel}","templated":true}]}}