{"id":1141,"date":"2022-11-15T03:15:00","date_gmt":"2022-11-15T06:15:00","guid":{"rendered":"https:\/\/www.oracaoefe.com\/?p=1141"},"modified":"2022-11-15T03:03:12","modified_gmt":"2022-11-15T06:03:12","slug":"oracao-para-comecar-o-dia-seja-benevolente","status":"publish","type":"post","link":"https:\/\/www.oracaoefe.com\/fr\/oracao-para-comecar-o-dia-seja-benevolente\/","title":{"rendered":"Pri\u00e8re pour commencer la journ\u00e9e : Soyez bienveillant !"},"content":{"rendered":"<p class=\"wp-block-paragraph\">Nada melhor para come\u00e7ar bem o dia do que rezar alguns minutos em sil\u00eancio, zerar os contadores e encontrar sua respira\u00e7\u00e3o interior.&nbsp;<\/p>\n\n\n\n<figure class=\"wp-block-image size-large\"><img loading=\"lazy\" decoding=\"async\" width=\"1024\" height=\"683\" src=\"https:\/\/www.oracaoefe.com\/wp-content\/uploads\/2022\/11\/Oracao-10-5-1024x683.jpg\" alt=\"\" class=\"wp-image-1132\" srcset=\"https:\/\/www.oracaoefe.com\/wp-content\/uploads\/2022\/11\/Oracao-10-5-1024x683.jpg 1024w, https:\/\/www.oracaoefe.com\/wp-content\/uploads\/2022\/11\/Oracao-10-5-300x200.jpg 300w, https:\/\/www.oracaoefe.com\/wp-content\/uploads\/2022\/11\/Oracao-10-5-768x512.jpg 768w, https:\/\/www.oracaoefe.com\/wp-content\/uploads\/2022\/11\/Oracao-10-5-18x12.jpg 18w, https:\/\/www.oracaoefe.com\/wp-content\/uploads\/2022\/11\/Oracao-10-5.jpg 1200w\" sizes=\"auto, (max-width: 1024px) 100vw, 1024px\" \/><\/figure>\n\n\n\n<h2 class=\"wp-block-heading\">Pri\u00e8re du jour<\/h2>\n\n\n\n<p class=\"wp-block-paragraph\"><em>Senhor, no sil\u00eancio deste amanhecer, venho te pedir paz, sabedoria e for\u00e7a. Eu quero olhar para o mundo hoje com olhos cheios de amor, ser paciente, compreensivo, gentil e s\u00e1bio, ver al\u00e9m das apar\u00eancias, ver seus filhos como Voc\u00ea os v\u00ea, e assim ver apenas o bem em todos.&nbsp;<\/em><\/p>\n\n\n\n<p class=\"wp-block-paragraph\"><em>Feche meus ouvidos para toda cal\u00fania, guarde minha l\u00edngua de toda malevol\u00eancia, deixe apenas pensamentos de b\u00ean\u00e7\u00e3o habitarem em minha mente, deixe-me ser t\u00e3o gentil e alegre, deixe todos que se aproximam de mim sentir sua presen\u00e7a, me vista com sua beleza, Senhor, e isso ao longo deste dia eu te revelo. Am\u00e9m!<\/em><\/p>\n\n\n\n<h3 class=\"wp-block-heading\">Pens\u00e9e et message du jour<\/h3>\n\n\n\n<p class=\"wp-block-paragraph\">O mundo \u00e0s vezes pode ser cruel \u00e0s vezes\u2026 em doses pessoais ou at\u00e9 mesmo em escala planet\u00e1ria. Para injetar um pouco de do\u00e7ura, vimos, nos \u00faltimos anos, um aumento na benevol\u00eancia. Essa predisposi\u00e7\u00e3o \u00e0 bondade e respeito pelos outros envolve uma abertura de cora\u00e7\u00e3o e mente. Com efeito, o dicion\u00e1rio Larousse define a benevol\u00eancia como uma \u201cdisposi\u00e7\u00e3o de esp\u00edrito inclinada \u00e0 compreens\u00e3o, \u00e0 indulg\u00eancia para com os outros\u201d.<\/p>\n\n\n\n<p class=\"wp-block-paragraph\">No entanto, a realidade \u00e9 ainda mais abrangente. Voc\u00ea pode ser gentil com os outros cuidando deles, sendo atencioso e receptivo \u00e0s suas necessidades, usando bondade e gentileza e deixando de lado o julgamento. De fato, nossos relacionamentos s\u00e3o melhores, mais reais e cheios de respeito. Mas a benevol\u00eancia envolve uma dimens\u00e3o pessoal. Voc\u00ea tem que estar consigo mesmo. Os mesmos princ\u00edpios \u2013 bondade, respeito, indulg\u00eancia, deixar de lado as cr\u00edticas, etc. \u2013 s\u00e3o aplic\u00e1veis \u200b\u200ba si mesmo.&nbsp;<\/p>\n\n\n\n<h4 class=\"wp-block-heading\">Benevol\u00eancia: aliado precioso<\/h4>\n\n\n\n<p class=\"wp-block-paragraph\">Ao sermos mais atenciosos, tornamo-nos mais compreensivos e abertos \u00e0s diferen\u00e7as . Todos podem ser quem s\u00e3o sem se sentirem ofendidos ou magoados. Ao focar na compreens\u00e3o e deixar o julgamento de lado, entramos em relacionamentos mais harmoniosos. Ent\u00e3o voc\u00ea tem que fazer a sua parte.<\/p>\n\n\n\n<p class=\"wp-block-paragraph\">De fato, a benevol\u00eancia requer uma vontade, um desejo ou uma resolu\u00e7\u00e3o de fazer o bem. Para si e para os outros! \u00c9 uma decis\u00e3o que exige necessariamente treinamento no in\u00edcio, pois a gente est\u00e1 bastante acostumado a cair em julgamentos, cr\u00edticas, interpreta\u00e7\u00f5es e culpas. Devemos, portanto, aprender a ser benevolentes e pensar de forma diferente.&nbsp;<\/p>\n\n\n\n<p class=\"wp-block-paragraph\">Esteja mais atento e presente ao que est\u00e1 acontecendo ao seu redor e dentro de voc\u00ea, ou\u00e7a mais, n\u00e3o se apresse, seja atencioso, adote uma atitude positiva e valorize o bem-estar de todos, respeitando suas diferen\u00e7as. A benevol\u00eancia pode, portanto, ser vista como uma orienta\u00e7\u00e3o de vida que nos ajuda a fazer escolhas para maximizar a felicidade. E como muitas outras qualidades, esta n\u00e3o foge ao princ\u00edpio de que quanto mais voc\u00ea a usa, mais a atrai.<\/p>","protected":false},"excerpt":{"rendered":"<p>Nada melhor para come\u00e7ar bem o dia do que rezar alguns minutos em sil\u00eancio, zerar os contadores e encontrar sua respira\u00e7\u00e3o interior.&nbsp; Ora\u00e7\u00e3o do dia Senhor, no sil\u00eancio deste amanhecer, venho te pedir paz, sabedoria e for\u00e7a. Eu quero olhar para o mundo hoje com olhos cheios de amor, ser paciente, compreensivo, gentil e s\u00e1bio,&hellip;&nbsp;<\/p>","protected":false},"author":3,"featured_media":1132,"comment_status":"open","ping_status":"open","sticky":false,"template":"","format":"standard","meta":{"neve_meta_sidebar":"","neve_meta_container":"","neve_meta_enable_content_width":"","neve_meta_content_width":0,"neve_meta_title_alignment":"","neve_meta_author_avatar":"","neve_post_elements_order":"","neve_meta_disable_header":"","neve_meta_disable_footer":"","neve_meta_disable_title":"","footnotes":""},"categories":[2],"tags":[160,163],"class_list":["post-1141","post","type-post","status-publish","format-standard","has-post-thumbnail","hentry","category-oracao","tag-oracao-do-dia","tag-prece-do-dia"],"yoast_head":"<!-- This site is optimized with the Yoast SEO plugin v28.4 - https:\/\/yoast.com\/product\/yoast-seo-wordpress\/ -->\n<title>Ora\u00e7\u00e3o para come\u00e7ar o dia: Seja benevolente! - Ora\u00e7\u00e3o e F\u00e9<\/title>\n<meta name=\"description\" content=\"Deus tem pra voc\u00ea uma palavra de vida!\" \/>\n<meta name=\"robots\" content=\"index, follow, max-snippet:-1, max-image-preview:large, max-video-preview:-1\" \/>\n<link rel=\"canonical\" href=\"https:\/\/www.oracaoefe.com\/fr\/oracao-para-comecar-o-dia-seja-benevolente\/\" \/>\n<meta property=\"og:locale\" content=\"fr_FR\" \/>\n<meta property=\"og:type\" content=\"article\" \/>\n<meta property=\"og:title\" content=\"Ora\u00e7\u00e3o para come\u00e7ar o dia: Seja benevolente! - Ora\u00e7\u00e3o e F\u00e9\" \/>\n<meta property=\"og:description\" content=\"Deus tem pra voc\u00ea uma palavra de vida!\" \/>\n<meta property=\"og:url\" content=\"https:\/\/www.oracaoefe.com\/fr\/oracao-para-comecar-o-dia-seja-benevolente\/\" \/>\n<meta property=\"og:site_name\" content=\"Ora\u00e7\u00e3o e F\u00e9\" \/>\n<meta property=\"article:published_time\" content=\"2022-11-15T06:15:00+00:00\" \/>\n<meta property=\"og:image\" content=\"https:\/\/www.oracaoefe.com\/wp-content\/uploads\/2022\/11\/Oracao-10-5.jpg\" \/>\n\t<meta property=\"og:image:width\" content=\"1200\" \/>\n\t<meta property=\"og:image:height\" content=\"800\" \/>\n\t<meta property=\"og:image:type\" content=\"image\/jpeg\" \/>\n<meta name=\"author\" content=\"Michele Azevedo\" \/>\n<meta name=\"twitter:card\" content=\"summary_large_image\" \/>\n<meta name=\"twitter:label1\" content=\"\u00c9crit par\" \/>\n\t<meta name=\"twitter:data1\" content=\"Michele Azevedo\" \/>\n\t<meta name=\"twitter:label2\" content=\"Dur\u00e9e de lecture estim\u00e9e\" \/>\n\t<meta name=\"twitter:data2\" content=\"3 minutes\" \/>\n<script type=\"application\/ld+json\" class=\"yoast-schema-graph\">{\"@context\":\"https:\\\/\\\/schema.org\",\"@graph\":[{\"@type\":\"Article\",\"@id\":\"https:\\\/\\\/www.oracaoefe.com\\\/oracao-para-comecar-o-dia-seja-benevolente\\\/#article\",\"isPartOf\":{\"@id\":\"https:\\\/\\\/www.oracaoefe.com\\\/oracao-para-comecar-o-dia-seja-benevolente\\\/\"},\"author\":{\"name\":\"Michele Azevedo\",\"@id\":\"https:\\\/\\\/www.oracaoefe.com\\\/#\\\/schema\\\/person\\\/17283c669442cf005c4d5bb58adfb7f5\"},\"headline\":\"Ora\u00e7\u00e3o para come\u00e7ar o dia: Seja benevolente!\",\"datePublished\":\"2022-11-15T06:15:00+00:00\",\"mainEntityOfPage\":{\"@id\":\"https:\\\/\\\/www.oracaoefe.com\\\/oracao-para-comecar-o-dia-seja-benevolente\\\/\"},\"wordCount\":520,\"commentCount\":0,\"image\":{\"@id\":\"https:\\\/\\\/www.oracaoefe.com\\\/oracao-para-comecar-o-dia-seja-benevolente\\\/#primaryimage\"},\"thumbnailUrl\":\"https:\\\/\\\/www.oracaoefe.com\\\/wp-content\\\/uploads\\\/2022\\\/11\\\/Oracao-10-5.jpg\",\"keywords\":[\"ora\u00e7\u00e3o do dia\",\"prece do dia\"],\"articleSection\":[\"Ora\u00e7\u00e3o\"],\"inLanguage\":\"fr-FR\",\"potentialAction\":[{\"@type\":\"CommentAction\",\"name\":\"Comment\",\"target\":[\"https:\\\/\\\/www.oracaoefe.com\\\/oracao-para-comecar-o-dia-seja-benevolente\\\/#respond\"]}]},{\"@type\":\"WebPage\",\"@id\":\"https:\\\/\\\/www.oracaoefe.com\\\/oracao-para-comecar-o-dia-seja-benevolente\\\/\",\"url\":\"https:\\\/\\\/www.oracaoefe.com\\\/oracao-para-comecar-o-dia-seja-benevolente\\\/\",\"name\":\"Ora\u00e7\u00e3o para come\u00e7ar o dia: Seja benevolente! - Ora\u00e7\u00e3o e F\u00e9\",\"isPartOf\":{\"@id\":\"https:\\\/\\\/www.oracaoefe.com\\\/#website\"},\"primaryImageOfPage\":{\"@id\":\"https:\\\/\\\/www.oracaoefe.com\\\/oracao-para-comecar-o-dia-seja-benevolente\\\/#primaryimage\"},\"image\":{\"@id\":\"https:\\\/\\\/www.oracaoefe.com\\\/oracao-para-comecar-o-dia-seja-benevolente\\\/#primaryimage\"},\"thumbnailUrl\":\"https:\\\/\\\/www.oracaoefe.com\\\/wp-content\\\/uploads\\\/2022\\\/11\\\/Oracao-10-5.jpg\",\"datePublished\":\"2022-11-15T06:15:00+00:00\",\"author\":{\"@id\":\"https:\\\/\\\/www.oracaoefe.com\\\/#\\\/schema\\\/person\\\/17283c669442cf005c4d5bb58adfb7f5\"},\"description\":\"Deus tem pra voc\u00ea uma palavra de vida!\",\"breadcrumb\":{\"@id\":\"https:\\\/\\\/www.oracaoefe.com\\\/oracao-para-comecar-o-dia-seja-benevolente\\\/#breadcrumb\"},\"inLanguage\":\"fr-FR\",\"potentialAction\":[{\"@type\":\"ReadAction\",\"target\":[\"https:\\\/\\\/www.oracaoefe.com\\\/oracao-para-comecar-o-dia-seja-benevolente\\\/\"]}]},{\"@type\":\"ImageObject\",\"inLanguage\":\"fr-FR\",\"@id\":\"https:\\\/\\\/www.oracaoefe.com\\\/oracao-para-comecar-o-dia-seja-benevolente\\\/#primaryimage\",\"url\":\"https:\\\/\\\/www.oracaoefe.com\\\/wp-content\\\/uploads\\\/2022\\\/11\\\/Oracao-10-5.jpg\",\"contentUrl\":\"https:\\\/\\\/www.oracaoefe.com\\\/wp-content\\\/uploads\\\/2022\\\/11\\\/Oracao-10-5.jpg\",\"width\":1200,\"height\":800},{\"@type\":\"BreadcrumbList\",\"@id\":\"https:\\\/\\\/www.oracaoefe.com\\\/oracao-para-comecar-o-dia-seja-benevolente\\\/#breadcrumb\",\"itemListElement\":[{\"@type\":\"ListItem\",\"position\":1,\"name\":\"Home\",\"item\":\"https:\\\/\\\/www.oracaoefe.com\\\/\"},{\"@type\":\"ListItem\",\"position\":2,\"name\":\"Ora\u00e7\u00e3o\",\"item\":\"https:\\\/\\\/www.oracaoefe.com\\\/category\\\/oracao\\\/\"},{\"@type\":\"ListItem\",\"position\":3,\"name\":\"Ora\u00e7\u00e3o para come\u00e7ar o dia: Seja benevolente!\"}]},{\"@type\":\"WebSite\",\"@id\":\"https:\\\/\\\/www.oracaoefe.com\\\/#website\",\"url\":\"https:\\\/\\\/www.oracaoefe.com\\\/\",\"name\":\"Ora\u00e7\u00e3o e F\u00e9\",\"description\":\"\",\"potentialAction\":[{\"@type\":\"SearchAction\",\"target\":{\"@type\":\"EntryPoint\",\"urlTemplate\":\"https:\\\/\\\/www.oracaoefe.com\\\/?s={search_term_string}\"},\"query-input\":{\"@type\":\"PropertyValueSpecification\",\"valueRequired\":true,\"valueName\":\"search_term_string\"}}],\"inLanguage\":\"fr-FR\"},{\"@type\":\"Person\",\"@id\":\"https:\\\/\\\/www.oracaoefe.com\\\/#\\\/schema\\\/person\\\/17283c669442cf005c4d5bb58adfb7f5\",\"name\":\"Michele Azevedo\",\"image\":{\"@type\":\"ImageObject\",\"inLanguage\":\"fr-FR\",\"@id\":\"https:\\\/\\\/secure.gravatar.com\\\/avatar\\\/6b0eb9d22841282815e2cd856a0061c45e1761cd54b22e952d98c4746939aa85?s=96&d=mm&r=g\",\"url\":\"https:\\\/\\\/secure.gravatar.com\\\/avatar\\\/6b0eb9d22841282815e2cd856a0061c45e1761cd54b22e952d98c4746939aa85?s=96&d=mm&r=g\",\"contentUrl\":\"https:\\\/\\\/secure.gravatar.com\\\/avatar\\\/6b0eb9d22841282815e2cd856a0061c45e1761cd54b22e952d98c4746939aa85?s=96&d=mm&r=g\",\"caption\":\"Michele Azevedo\"},\"description\":\"Formada em Letras - Portugu\u00eas\\\/ Ingl\u00eas pela Universidade Estadual de Ponta Grossa (UEPG), p\u00f3s-graduada em Arte na Educa\u00e7\u00e3o (FAPI) e Psicopedagogia Escolar (FAPI), idealizadora e propriet\u00e1ria do site Escritora de Sucesso, possui experi\u00eancia em escrita para blogs em geral e atua como redatora e revisora dos conte\u00fados do Ora\u00e7\u00e3o e F\u00e9.\",\"url\":\"https:\\\/\\\/www.oracaoefe.com\\\/fr\\\/author\\\/michele-azevedo\\\/\"}]}<\/script>\n<!-- \/ Yoast SEO plugin. -->","yoast_head_json":{"title":"Ora\u00e7\u00e3o para come\u00e7ar o dia: Seja benevolente! - Ora\u00e7\u00e3o e F\u00e9","description":"Dieu a une parole de vie pour vous !","robots":{"index":"index","follow":"follow","max-snippet":"max-snippet:-1","max-image-preview":"max-image-preview:large","max-video-preview":"max-video-preview:-1"},"canonical":"https:\/\/www.oracaoefe.com\/fr\/oracao-para-comecar-o-dia-seja-benevolente\/","og_locale":"fr_FR","og_type":"article","og_title":"Ora\u00e7\u00e3o para come\u00e7ar o dia: Seja benevolente! - Ora\u00e7\u00e3o e F\u00e9","og_description":"Deus tem pra voc\u00ea uma palavra de vida!","og_url":"https:\/\/www.oracaoefe.com\/fr\/oracao-para-comecar-o-dia-seja-benevolente\/","og_site_name":"Ora\u00e7\u00e3o e F\u00e9","article_published_time":"2022-11-15T06:15:00+00:00","og_image":[{"width":1200,"height":800,"url":"https:\/\/www.oracaoefe.com\/wp-content\/uploads\/2022\/11\/Oracao-10-5.jpg","type":"image\/jpeg"}],"author":"Michele Azevedo","twitter_card":"summary_large_image","twitter_misc":{"\u00c9crit par":"Michele Azevedo","Dur\u00e9e de lecture estim\u00e9e":"3 minutes"},"schema":{"@context":"https:\/\/schema.org","@graph":[{"@type":"Article","@id":"https:\/\/www.oracaoefe.com\/oracao-para-comecar-o-dia-seja-benevolente\/#article","isPartOf":{"@id":"https:\/\/www.oracaoefe.com\/oracao-para-comecar-o-dia-seja-benevolente\/"},"author":{"name":"Michele Azevedo","@id":"https:\/\/www.oracaoefe.com\/#\/schema\/person\/17283c669442cf005c4d5bb58adfb7f5"},"headline":"Ora\u00e7\u00e3o para come\u00e7ar o dia: Seja benevolente!","datePublished":"2022-11-15T06:15:00+00:00","mainEntityOfPage":{"@id":"https:\/\/www.oracaoefe.com\/oracao-para-comecar-o-dia-seja-benevolente\/"},"wordCount":520,"commentCount":0,"image":{"@id":"https:\/\/www.oracaoefe.com\/oracao-para-comecar-o-dia-seja-benevolente\/#primaryimage"},"thumbnailUrl":"https:\/\/www.oracaoefe.com\/wp-content\/uploads\/2022\/11\/Oracao-10-5.jpg","keywords":["ora\u00e7\u00e3o do dia","prece do dia"],"articleSection":["Ora\u00e7\u00e3o"],"inLanguage":"fr-FR","potentialAction":[{"@type":"CommentAction","name":"Comment","target":["https:\/\/www.oracaoefe.com\/oracao-para-comecar-o-dia-seja-benevolente\/#respond"]}]},{"@type":"WebPage","@id":"https:\/\/www.oracaoefe.com\/oracao-para-comecar-o-dia-seja-benevolente\/","url":"https:\/\/www.oracaoefe.com\/oracao-para-comecar-o-dia-seja-benevolente\/","name":"Ora\u00e7\u00e3o para come\u00e7ar o dia: Seja benevolente! - Ora\u00e7\u00e3o e F\u00e9","isPartOf":{"@id":"https:\/\/www.oracaoefe.com\/#website"},"primaryImageOfPage":{"@id":"https:\/\/www.oracaoefe.com\/oracao-para-comecar-o-dia-seja-benevolente\/#primaryimage"},"image":{"@id":"https:\/\/www.oracaoefe.com\/oracao-para-comecar-o-dia-seja-benevolente\/#primaryimage"},"thumbnailUrl":"https:\/\/www.oracaoefe.com\/wp-content\/uploads\/2022\/11\/Oracao-10-5.jpg","datePublished":"2022-11-15T06:15:00+00:00","author":{"@id":"https:\/\/www.oracaoefe.com\/#\/schema\/person\/17283c669442cf005c4d5bb58adfb7f5"},"description":"Dieu a une parole de vie pour vous !","breadcrumb":{"@id":"https:\/\/www.oracaoefe.com\/oracao-para-comecar-o-dia-seja-benevolente\/#breadcrumb"},"inLanguage":"fr-FR","potentialAction":[{"@type":"ReadAction","target":["https:\/\/www.oracaoefe.com\/oracao-para-comecar-o-dia-seja-benevolente\/"]}]},{"@type":"ImageObject","inLanguage":"fr-FR","@id":"https:\/\/www.oracaoefe.com\/oracao-para-comecar-o-dia-seja-benevolente\/#primaryimage","url":"https:\/\/www.oracaoefe.com\/wp-content\/uploads\/2022\/11\/Oracao-10-5.jpg","contentUrl":"https:\/\/www.oracaoefe.com\/wp-content\/uploads\/2022\/11\/Oracao-10-5.jpg","width":1200,"height":800},{"@type":"BreadcrumbList","@id":"https:\/\/www.oracaoefe.com\/oracao-para-comecar-o-dia-seja-benevolente\/#breadcrumb","itemListElement":[{"@type":"ListItem","position":1,"name":"Home","item":"https:\/\/www.oracaoefe.com\/"},{"@type":"ListItem","position":2,"name":"Ora\u00e7\u00e3o","item":"https:\/\/www.oracaoefe.com\/category\/oracao\/"},{"@type":"ListItem","position":3,"name":"Ora\u00e7\u00e3o para come\u00e7ar o dia: Seja benevolente!"}]},{"@type":"WebSite","@id":"https:\/\/www.oracaoefe.com\/#website","url":"https:\/\/www.oracaoefe.com\/","name":"Pri\u00e8re et foi","description":"","potentialAction":[{"@type":"SearchAction","target":{"@type":"EntryPoint","urlTemplate":"https:\/\/www.oracaoefe.com\/?s={search_term_string}"},"query-input":{"@type":"PropertyValueSpecification","valueRequired":true,"valueName":"search_term_string"}}],"inLanguage":"fr-FR"},{"@type":"Person","@id":"https:\/\/www.oracaoefe.com\/#\/schema\/person\/17283c669442cf005c4d5bb58adfb7f5","name":"Michele Azevedo","image":{"@type":"ImageObject","inLanguage":"fr-FR","@id":"https:\/\/secure.gravatar.com\/avatar\/6b0eb9d22841282815e2cd856a0061c45e1761cd54b22e952d98c4746939aa85?s=96&d=mm&r=g","url":"https:\/\/secure.gravatar.com\/avatar\/6b0eb9d22841282815e2cd856a0061c45e1761cd54b22e952d98c4746939aa85?s=96&d=mm&r=g","contentUrl":"https:\/\/secure.gravatar.com\/avatar\/6b0eb9d22841282815e2cd856a0061c45e1761cd54b22e952d98c4746939aa85?s=96&d=mm&r=g","caption":"Michele Azevedo"},"description":"Dipl\u00f4m\u00e9e en litt\u00e9rature portugaise\/anglaise de l&#039;Universit\u00e9 d&#039;\u00c9tat de Ponta Grossa (UEPG), avec des dipl\u00f4mes de troisi\u00e8me cycle en art dans l&#039;\u00e9ducation (FAPI) et en psychop\u00e9dagogie scolaire (FAPI), elle est la cr\u00e9atrice et propri\u00e9taire du site web Escritora de Sucesso, a de l&#039;exp\u00e9rience dans l&#039;\u00e9criture pour les blogs en g\u00e9n\u00e9ral et travaille comme r\u00e9dactrice et \u00e9ditrice du contenu pour Ora\u00e7\u00e3o e F\u00e9.","url":"https:\/\/www.oracaoefe.com\/fr\/author\/michele-azevedo\/"}]}},"_links":{"self":[{"href":"https:\/\/www.oracaoefe.com\/fr\/wp-json\/wp\/v2\/posts\/1141","targetHints":{"allow":["GET"]}}],"collection":[{"href":"https:\/\/www.oracaoefe.com\/fr\/wp-json\/wp\/v2\/posts"}],"about":[{"href":"https:\/\/www.oracaoefe.com\/fr\/wp-json\/wp\/v2\/types\/post"}],"author":[{"embeddable":true,"href":"https:\/\/www.oracaoefe.com\/fr\/wp-json\/wp\/v2\/users\/3"}],"replies":[{"embeddable":true,"href":"https:\/\/www.oracaoefe.com\/fr\/wp-json\/wp\/v2\/comments?post=1141"}],"version-history":[{"count":1,"href":"https:\/\/www.oracaoefe.com\/fr\/wp-json\/wp\/v2\/posts\/1141\/revisions"}],"predecessor-version":[{"id":1142,"href":"https:\/\/www.oracaoefe.com\/fr\/wp-json\/wp\/v2\/posts\/1141\/revisions\/1142"}],"wp:featuredmedia":[{"embeddable":true,"href":"https:\/\/www.oracaoefe.com\/fr\/wp-json\/wp\/v2\/media\/1132"}],"wp:attachment":[{"href":"https:\/\/www.oracaoefe.com\/fr\/wp-json\/wp\/v2\/media?parent=1141"}],"wp:term":[{"taxonomy":"category","embeddable":true,"href":"https:\/\/www.oracaoefe.com\/fr\/wp-json\/wp\/v2\/categories?post=1141"},{"taxonomy":"post_tag","embeddable":true,"href":"https:\/\/www.oracaoefe.com\/fr\/wp-json\/wp\/v2\/tags?post=1141"}],"curies":[{"name":"wp","href":"https:\/\/api.w.org\/{rel}","templated":true}]}}