{"id":1115,"date":"2022-11-13T01:00:00","date_gmt":"2022-11-13T04:00:00","guid":{"rendered":"https:\/\/www.oracaoefe.com\/?p=1115"},"modified":"2022-11-12T22:12:56","modified_gmt":"2022-11-13T01:12:56","slug":"oracao-para-comecar-o-dia-ser-grato-sempre","status":"publish","type":"post","link":"https:\/\/www.oracaoefe.com\/fr\/oracao-para-comecar-o-dia-ser-grato-sempre\/","title":{"rendered":"Pri\u00e8re pour commencer la journ\u00e9e : Soyez toujours reconnaissant !"},"content":{"rendered":"<p class=\"wp-block-paragraph\">Domingo \u00e9 o \u00faltimo dia da semana, por isso devemos agradecer e pedir que a nova semana que se inicia seja bem sucedida e cheia de b\u00ean\u00e7\u00e3os. Comece seu domingo fazendo uma ora\u00e7\u00e3o.<\/p>\n\n\n\n<figure class=\"wp-block-image size-large\"><img loading=\"lazy\" decoding=\"async\" width=\"1024\" height=\"683\" src=\"https:\/\/www.oracaoefe.com\/wp-content\/uploads\/2022\/11\/Oracao-1024x683.jpg\" alt=\"Pri\u00e8re du jour\" class=\"wp-image-1116\" srcset=\"https:\/\/www.oracaoefe.com\/wp-content\/uploads\/2022\/11\/Oracao-1024x683.jpg 1024w, https:\/\/www.oracaoefe.com\/wp-content\/uploads\/2022\/11\/Oracao-300x200.jpg 300w, https:\/\/www.oracaoefe.com\/wp-content\/uploads\/2022\/11\/Oracao-768x512.jpg 768w, https:\/\/www.oracaoefe.com\/wp-content\/uploads\/2022\/11\/Oracao-18x12.jpg 18w, https:\/\/www.oracaoefe.com\/wp-content\/uploads\/2022\/11\/Oracao.jpg 1200w\" sizes=\"auto, (max-width: 1024px) 100vw, 1024px\" \/><\/figure>\n\n\n\n<h2 class=\"wp-block-heading\">Pri\u00e8re du jour<\/h2>\n\n\n\n<p class=\"wp-block-paragraph\"><em>Meu Deus,<\/em><\/p>\n\n\n\n<p class=\"wp-block-paragraph\"><em>Neste domingo acordo com muita alegria para te agradecer pela alegria de viver um novo amanhecer, pela brisa da manh\u00e3, pela minha casa, pela fam\u00edlia que voc\u00ea me deu, porque temos bem-estar e porque sentimos sua presen\u00e7a a cada momento de nossas vidas.<\/em><\/p>\n\n\n\n<p class=\"wp-block-paragraph\"><em>Querido pai, neste domingo venho pedir-lhe pela minha fam\u00edlia, pelos meus amigos, pelas minhas necessidades e principalmente pelos meus entes queridos.<\/em><\/p>\n\n\n\n<p class=\"wp-block-paragraph\"><em>D\u00ea-nos sua b\u00ean\u00e7\u00e3o hoje, e deixe-nos sempre ser um exemplo do que voc\u00ea quer que sejamos,<\/em><\/p>\n\n\n\n<p class=\"wp-block-paragraph\"><em>Amen.<\/em><\/p>\n\n\n\n<h3 class=\"wp-block-heading\">Pensamento e mensagem do dia: Gratid\u00e3o!<\/h3>\n\n\n\n<p class=\"wp-block-paragraph\">Na maioria das vezes, nossos entes queridos sabem que os amamos e nos preocupamos com eles. Mas muitos de n\u00f3s ficamos t\u00e3o presos \u00e0 vida em geral que nos esquecemos de expressar nossa gratid\u00e3o aos outros. Sinto que ser grato aos outros \u00e9 algo que acontece cada vez menos nos dias de hoje. N\u00f3s tendemos a sempre apontar o ruim e n\u00e3o dizer quando algo \u00e9 bom. Al\u00e9m disso, passamos mais tempo em frente \u00e0s telas, escrevendo um para o outro virtualmente do que nos vendo na \u201cvida real\u201d. Uma certa dist\u00e2ncia pode, portanto, ser estabelecida.<\/p>\n\n\n\n<h4 class=\"wp-block-heading\">Comemore seus sucessos<\/h4>\n\n\n\n<p class=\"wp-block-paragraph\">Quando algo positivo acontecer para outra pessoa, fique feliz por essa pessoa e comemore suas realiza\u00e7\u00f5es. O fato de essa pessoa pr\u00f3xima a voc\u00ea ter sucesso e empreender n\u00e3o ter\u00e1 impacto sobre voc\u00ea e seus objetos. Portanto, \u00e9 in\u00fatil ser invejoso e ciumento. Mesmo se voc\u00ea sentir inveja, deixe isso de lado e concentre-se em ser feliz por essa pessoa.&nbsp;<\/p>\n\n\n\n<p class=\"wp-block-paragraph\">Comemore todo o trabalho duro que ela colocou para alcan\u00e7ar seu objetivo. Quando for a sua vez, voc\u00ea n\u00e3o vai querer ficar sozinho e vai querer que seus entes queridos fiquem felizes por voc\u00ea. Ent\u00e3o pense nisso!<\/p>\n\n\n\n<h4 class=\"wp-block-heading\">N\u00e3o hesite em elogiar os outros<\/h4>\n\n\n\n<p class=\"wp-block-paragraph\">Se voc\u00ea aprecia a atitude sempre positiva de um de seus amigos e eles s\u00e3o uma grande influ\u00eancia positiva em sua vida, diga a eles! Se voc\u00ea gosta do novo penteado de sua irm\u00e3, o que o impede de contar a ela? Isso o far\u00e1 feliz e fazer as pessoas felizes \u00e9 um luxo. Quando algu\u00e9m faz ou tem algo de bom, n\u00e3o hesite em contar. Tendemos a destacar o ruim e muito raramente o bom, vamos tentar mudar a situa\u00e7\u00e3o.<\/p>\n\n\n\n<h4 class=\"wp-block-heading\">Esteja presente<\/h4>\n\n\n\n<p class=\"wp-block-paragraph\">Dar aos outros toda a nossa aten\u00e7\u00e3o e presen\u00e7a quando estamos com eles \u00e9 um dos maiores presentes que podemos dar. Principalmente na sociedade em que estamos hoje. Dar-lhes toda a nossa aten\u00e7\u00e3o mostra-lhes que os respeitamos e que significam muito para n\u00f3s.<\/p>","protected":false},"excerpt":{"rendered":"<p>Domingo \u00e9 o \u00faltimo dia da semana, por isso devemos agradecer e pedir que a nova semana que se inicia seja bem sucedida e cheia de b\u00ean\u00e7\u00e3os. Comece seu domingo fazendo uma ora\u00e7\u00e3o. Ora\u00e7\u00e3o do dia Meu Deus, Neste domingo acordo com muita alegria para te agradecer pela alegria de viver um novo amanhecer, pela&hellip;&nbsp;<\/p>","protected":false},"author":3,"featured_media":1116,"comment_status":"open","ping_status":"open","sticky":false,"template":"","format":"standard","meta":{"neve_meta_sidebar":"","neve_meta_container":"","neve_meta_enable_content_width":"","neve_meta_content_width":0,"neve_meta_title_alignment":"","neve_meta_author_avatar":"","neve_post_elements_order":"","neve_meta_disable_header":"","neve_meta_disable_footer":"","neve_meta_disable_title":"","footnotes":""},"categories":[2],"tags":[],"class_list":["post-1115","post","type-post","status-publish","format-standard","has-post-thumbnail","hentry","category-oracao"],"yoast_head":"<!-- This site is optimized with the Yoast SEO plugin v28.4 - https:\/\/yoast.com\/product\/yoast-seo-wordpress\/ -->\n<title>Ora\u00e7\u00e3o para come\u00e7ar o dia: Ser grato sempre! - Ora\u00e7\u00e3o e F\u00e9<\/title>\n<meta name=\"description\" content=\"Deus tem pra voc\u00ea uma palavra de vida!\" \/>\n<meta name=\"robots\" content=\"index, follow, max-snippet:-1, max-image-preview:large, max-video-preview:-1\" \/>\n<link rel=\"canonical\" href=\"https:\/\/www.oracaoefe.com\/fr\/oracao-para-comecar-o-dia-ser-grato-sempre\/\" \/>\n<meta property=\"og:locale\" content=\"fr_FR\" \/>\n<meta property=\"og:type\" content=\"article\" \/>\n<meta property=\"og:title\" content=\"Ora\u00e7\u00e3o para come\u00e7ar o dia: Ser grato sempre! - Ora\u00e7\u00e3o e F\u00e9\" \/>\n<meta property=\"og:description\" content=\"Deus tem pra voc\u00ea uma palavra de vida!\" \/>\n<meta property=\"og:url\" content=\"https:\/\/www.oracaoefe.com\/fr\/oracao-para-comecar-o-dia-ser-grato-sempre\/\" \/>\n<meta property=\"og:site_name\" content=\"Ora\u00e7\u00e3o e F\u00e9\" \/>\n<meta property=\"article:published_time\" content=\"2022-11-13T04:00:00+00:00\" \/>\n<meta property=\"og:image\" content=\"https:\/\/www.oracaoefe.com\/wp-content\/uploads\/2022\/11\/Oracao.jpg\" \/>\n\t<meta property=\"og:image:width\" content=\"1200\" \/>\n\t<meta property=\"og:image:height\" content=\"800\" \/>\n\t<meta property=\"og:image:type\" content=\"image\/jpeg\" \/>\n<meta name=\"author\" content=\"Michele Azevedo\" \/>\n<meta name=\"twitter:card\" content=\"summary_large_image\" \/>\n<meta name=\"twitter:label1\" content=\"\u00c9crit par\" \/>\n\t<meta name=\"twitter:data1\" content=\"Michele Azevedo\" \/>\n\t<meta name=\"twitter:label2\" content=\"Dur\u00e9e de lecture estim\u00e9e\" \/>\n\t<meta name=\"twitter:data2\" content=\"2 minutes\" \/>\n<script type=\"application\/ld+json\" class=\"yoast-schema-graph\">{\"@context\":\"https:\\\/\\\/schema.org\",\"@graph\":[{\"@type\":\"Article\",\"@id\":\"https:\\\/\\\/www.oracaoefe.com\\\/oracao-para-comecar-o-dia-ser-grato-sempre\\\/#article\",\"isPartOf\":{\"@id\":\"https:\\\/\\\/www.oracaoefe.com\\\/oracao-para-comecar-o-dia-ser-grato-sempre\\\/\"},\"author\":{\"name\":\"Michele Azevedo\",\"@id\":\"https:\\\/\\\/www.oracaoefe.com\\\/#\\\/schema\\\/person\\\/17283c669442cf005c4d5bb58adfb7f5\"},\"headline\":\"Ora\u00e7\u00e3o para come\u00e7ar o dia: Ser grato sempre!\",\"datePublished\":\"2022-11-13T04:00:00+00:00\",\"mainEntityOfPage\":{\"@id\":\"https:\\\/\\\/www.oracaoefe.com\\\/oracao-para-comecar-o-dia-ser-grato-sempre\\\/\"},\"wordCount\":493,\"commentCount\":0,\"image\":{\"@id\":\"https:\\\/\\\/www.oracaoefe.com\\\/oracao-para-comecar-o-dia-ser-grato-sempre\\\/#primaryimage\"},\"thumbnailUrl\":\"https:\\\/\\\/www.oracaoefe.com\\\/wp-content\\\/uploads\\\/2022\\\/11\\\/Oracao.jpg\",\"articleSection\":[\"Ora\u00e7\u00e3o\"],\"inLanguage\":\"fr-FR\",\"potentialAction\":[{\"@type\":\"CommentAction\",\"name\":\"Comment\",\"target\":[\"https:\\\/\\\/www.oracaoefe.com\\\/oracao-para-comecar-o-dia-ser-grato-sempre\\\/#respond\"]}]},{\"@type\":\"WebPage\",\"@id\":\"https:\\\/\\\/www.oracaoefe.com\\\/oracao-para-comecar-o-dia-ser-grato-sempre\\\/\",\"url\":\"https:\\\/\\\/www.oracaoefe.com\\\/oracao-para-comecar-o-dia-ser-grato-sempre\\\/\",\"name\":\"Ora\u00e7\u00e3o para come\u00e7ar o dia: Ser grato sempre! - Ora\u00e7\u00e3o e F\u00e9\",\"isPartOf\":{\"@id\":\"https:\\\/\\\/www.oracaoefe.com\\\/#website\"},\"primaryImageOfPage\":{\"@id\":\"https:\\\/\\\/www.oracaoefe.com\\\/oracao-para-comecar-o-dia-ser-grato-sempre\\\/#primaryimage\"},\"image\":{\"@id\":\"https:\\\/\\\/www.oracaoefe.com\\\/oracao-para-comecar-o-dia-ser-grato-sempre\\\/#primaryimage\"},\"thumbnailUrl\":\"https:\\\/\\\/www.oracaoefe.com\\\/wp-content\\\/uploads\\\/2022\\\/11\\\/Oracao.jpg\",\"datePublished\":\"2022-11-13T04:00:00+00:00\",\"author\":{\"@id\":\"https:\\\/\\\/www.oracaoefe.com\\\/#\\\/schema\\\/person\\\/17283c669442cf005c4d5bb58adfb7f5\"},\"description\":\"Deus tem pra voc\u00ea uma palavra de vida!\",\"breadcrumb\":{\"@id\":\"https:\\\/\\\/www.oracaoefe.com\\\/oracao-para-comecar-o-dia-ser-grato-sempre\\\/#breadcrumb\"},\"inLanguage\":\"fr-FR\",\"potentialAction\":[{\"@type\":\"ReadAction\",\"target\":[\"https:\\\/\\\/www.oracaoefe.com\\\/oracao-para-comecar-o-dia-ser-grato-sempre\\\/\"]}]},{\"@type\":\"ImageObject\",\"inLanguage\":\"fr-FR\",\"@id\":\"https:\\\/\\\/www.oracaoefe.com\\\/oracao-para-comecar-o-dia-ser-grato-sempre\\\/#primaryimage\",\"url\":\"https:\\\/\\\/www.oracaoefe.com\\\/wp-content\\\/uploads\\\/2022\\\/11\\\/Oracao.jpg\",\"contentUrl\":\"https:\\\/\\\/www.oracaoefe.com\\\/wp-content\\\/uploads\\\/2022\\\/11\\\/Oracao.jpg\",\"width\":1200,\"height\":800,\"caption\":\"Ora\u00e7\u00e3o do dia\"},{\"@type\":\"BreadcrumbList\",\"@id\":\"https:\\\/\\\/www.oracaoefe.com\\\/oracao-para-comecar-o-dia-ser-grato-sempre\\\/#breadcrumb\",\"itemListElement\":[{\"@type\":\"ListItem\",\"position\":1,\"name\":\"Home\",\"item\":\"https:\\\/\\\/www.oracaoefe.com\\\/\"},{\"@type\":\"ListItem\",\"position\":2,\"name\":\"Ora\u00e7\u00e3o\",\"item\":\"https:\\\/\\\/www.oracaoefe.com\\\/category\\\/oracao\\\/\"},{\"@type\":\"ListItem\",\"position\":3,\"name\":\"Ora\u00e7\u00e3o para come\u00e7ar o dia: Ser grato sempre!\"}]},{\"@type\":\"WebSite\",\"@id\":\"https:\\\/\\\/www.oracaoefe.com\\\/#website\",\"url\":\"https:\\\/\\\/www.oracaoefe.com\\\/\",\"name\":\"Ora\u00e7\u00e3o e F\u00e9\",\"description\":\"\",\"potentialAction\":[{\"@type\":\"SearchAction\",\"target\":{\"@type\":\"EntryPoint\",\"urlTemplate\":\"https:\\\/\\\/www.oracaoefe.com\\\/?s={search_term_string}\"},\"query-input\":{\"@type\":\"PropertyValueSpecification\",\"valueRequired\":true,\"valueName\":\"search_term_string\"}}],\"inLanguage\":\"fr-FR\"},{\"@type\":\"Person\",\"@id\":\"https:\\\/\\\/www.oracaoefe.com\\\/#\\\/schema\\\/person\\\/17283c669442cf005c4d5bb58adfb7f5\",\"name\":\"Michele Azevedo\",\"image\":{\"@type\":\"ImageObject\",\"inLanguage\":\"fr-FR\",\"@id\":\"https:\\\/\\\/secure.gravatar.com\\\/avatar\\\/6b0eb9d22841282815e2cd856a0061c45e1761cd54b22e952d98c4746939aa85?s=96&d=mm&r=g\",\"url\":\"https:\\\/\\\/secure.gravatar.com\\\/avatar\\\/6b0eb9d22841282815e2cd856a0061c45e1761cd54b22e952d98c4746939aa85?s=96&d=mm&r=g\",\"contentUrl\":\"https:\\\/\\\/secure.gravatar.com\\\/avatar\\\/6b0eb9d22841282815e2cd856a0061c45e1761cd54b22e952d98c4746939aa85?s=96&d=mm&r=g\",\"caption\":\"Michele Azevedo\"},\"description\":\"Formada em Letras - Portugu\u00eas\\\/ Ingl\u00eas pela Universidade Estadual de Ponta Grossa (UEPG), p\u00f3s-graduada em Arte na Educa\u00e7\u00e3o (FAPI) e Psicopedagogia Escolar (FAPI), idealizadora e propriet\u00e1ria do site Escritora de Sucesso, possui experi\u00eancia em escrita para blogs em geral e atua como redatora e revisora dos conte\u00fados do Ora\u00e7\u00e3o e F\u00e9.\",\"url\":\"https:\\\/\\\/www.oracaoefe.com\\\/fr\\\/author\\\/michele-azevedo\\\/\"}]}<\/script>\n<!-- \/ Yoast SEO plugin. -->","yoast_head_json":{"title":"Ora\u00e7\u00e3o para come\u00e7ar o dia: Ser grato sempre! - Ora\u00e7\u00e3o e F\u00e9","description":"Dieu a une parole de vie pour vous !","robots":{"index":"index","follow":"follow","max-snippet":"max-snippet:-1","max-image-preview":"max-image-preview:large","max-video-preview":"max-video-preview:-1"},"canonical":"https:\/\/www.oracaoefe.com\/fr\/oracao-para-comecar-o-dia-ser-grato-sempre\/","og_locale":"fr_FR","og_type":"article","og_title":"Ora\u00e7\u00e3o para come\u00e7ar o dia: Ser grato sempre! - Ora\u00e7\u00e3o e F\u00e9","og_description":"Deus tem pra voc\u00ea uma palavra de vida!","og_url":"https:\/\/www.oracaoefe.com\/fr\/oracao-para-comecar-o-dia-ser-grato-sempre\/","og_site_name":"Ora\u00e7\u00e3o e F\u00e9","article_published_time":"2022-11-13T04:00:00+00:00","og_image":[{"width":1200,"height":800,"url":"https:\/\/www.oracaoefe.com\/wp-content\/uploads\/2022\/11\/Oracao.jpg","type":"image\/jpeg"}],"author":"Michele Azevedo","twitter_card":"summary_large_image","twitter_misc":{"\u00c9crit par":"Michele Azevedo","Dur\u00e9e de lecture estim\u00e9e":"2 minutes"},"schema":{"@context":"https:\/\/schema.org","@graph":[{"@type":"Article","@id":"https:\/\/www.oracaoefe.com\/oracao-para-comecar-o-dia-ser-grato-sempre\/#article","isPartOf":{"@id":"https:\/\/www.oracaoefe.com\/oracao-para-comecar-o-dia-ser-grato-sempre\/"},"author":{"name":"Michele Azevedo","@id":"https:\/\/www.oracaoefe.com\/#\/schema\/person\/17283c669442cf005c4d5bb58adfb7f5"},"headline":"Ora\u00e7\u00e3o para come\u00e7ar o dia: Ser grato sempre!","datePublished":"2022-11-13T04:00:00+00:00","mainEntityOfPage":{"@id":"https:\/\/www.oracaoefe.com\/oracao-para-comecar-o-dia-ser-grato-sempre\/"},"wordCount":493,"commentCount":0,"image":{"@id":"https:\/\/www.oracaoefe.com\/oracao-para-comecar-o-dia-ser-grato-sempre\/#primaryimage"},"thumbnailUrl":"https:\/\/www.oracaoefe.com\/wp-content\/uploads\/2022\/11\/Oracao.jpg","articleSection":["Ora\u00e7\u00e3o"],"inLanguage":"fr-FR","potentialAction":[{"@type":"CommentAction","name":"Comment","target":["https:\/\/www.oracaoefe.com\/oracao-para-comecar-o-dia-ser-grato-sempre\/#respond"]}]},{"@type":"WebPage","@id":"https:\/\/www.oracaoefe.com\/oracao-para-comecar-o-dia-ser-grato-sempre\/","url":"https:\/\/www.oracaoefe.com\/oracao-para-comecar-o-dia-ser-grato-sempre\/","name":"Ora\u00e7\u00e3o para come\u00e7ar o dia: Ser grato sempre! - Ora\u00e7\u00e3o e F\u00e9","isPartOf":{"@id":"https:\/\/www.oracaoefe.com\/#website"},"primaryImageOfPage":{"@id":"https:\/\/www.oracaoefe.com\/oracao-para-comecar-o-dia-ser-grato-sempre\/#primaryimage"},"image":{"@id":"https:\/\/www.oracaoefe.com\/oracao-para-comecar-o-dia-ser-grato-sempre\/#primaryimage"},"thumbnailUrl":"https:\/\/www.oracaoefe.com\/wp-content\/uploads\/2022\/11\/Oracao.jpg","datePublished":"2022-11-13T04:00:00+00:00","author":{"@id":"https:\/\/www.oracaoefe.com\/#\/schema\/person\/17283c669442cf005c4d5bb58adfb7f5"},"description":"Dieu a une parole de vie pour vous !","breadcrumb":{"@id":"https:\/\/www.oracaoefe.com\/oracao-para-comecar-o-dia-ser-grato-sempre\/#breadcrumb"},"inLanguage":"fr-FR","potentialAction":[{"@type":"ReadAction","target":["https:\/\/www.oracaoefe.com\/oracao-para-comecar-o-dia-ser-grato-sempre\/"]}]},{"@type":"ImageObject","inLanguage":"fr-FR","@id":"https:\/\/www.oracaoefe.com\/oracao-para-comecar-o-dia-ser-grato-sempre\/#primaryimage","url":"https:\/\/www.oracaoefe.com\/wp-content\/uploads\/2022\/11\/Oracao.jpg","contentUrl":"https:\/\/www.oracaoefe.com\/wp-content\/uploads\/2022\/11\/Oracao.jpg","width":1200,"height":800,"caption":"Ora\u00e7\u00e3o do dia"},{"@type":"BreadcrumbList","@id":"https:\/\/www.oracaoefe.com\/oracao-para-comecar-o-dia-ser-grato-sempre\/#breadcrumb","itemListElement":[{"@type":"ListItem","position":1,"name":"Home","item":"https:\/\/www.oracaoefe.com\/"},{"@type":"ListItem","position":2,"name":"Ora\u00e7\u00e3o","item":"https:\/\/www.oracaoefe.com\/category\/oracao\/"},{"@type":"ListItem","position":3,"name":"Ora\u00e7\u00e3o para come\u00e7ar o dia: Ser grato sempre!"}]},{"@type":"WebSite","@id":"https:\/\/www.oracaoefe.com\/#website","url":"https:\/\/www.oracaoefe.com\/","name":"Pri\u00e8re et foi","description":"","potentialAction":[{"@type":"SearchAction","target":{"@type":"EntryPoint","urlTemplate":"https:\/\/www.oracaoefe.com\/?s={search_term_string}"},"query-input":{"@type":"PropertyValueSpecification","valueRequired":true,"valueName":"search_term_string"}}],"inLanguage":"fr-FR"},{"@type":"Person","@id":"https:\/\/www.oracaoefe.com\/#\/schema\/person\/17283c669442cf005c4d5bb58adfb7f5","name":"Michele Azevedo","image":{"@type":"ImageObject","inLanguage":"fr-FR","@id":"https:\/\/secure.gravatar.com\/avatar\/6b0eb9d22841282815e2cd856a0061c45e1761cd54b22e952d98c4746939aa85?s=96&d=mm&r=g","url":"https:\/\/secure.gravatar.com\/avatar\/6b0eb9d22841282815e2cd856a0061c45e1761cd54b22e952d98c4746939aa85?s=96&d=mm&r=g","contentUrl":"https:\/\/secure.gravatar.com\/avatar\/6b0eb9d22841282815e2cd856a0061c45e1761cd54b22e952d98c4746939aa85?s=96&d=mm&r=g","caption":"Michele Azevedo"},"description":"Dipl\u00f4m\u00e9e en litt\u00e9rature portugaise\/anglaise de l&#039;Universit\u00e9 d&#039;\u00c9tat de Ponta Grossa (UEPG), avec des dipl\u00f4mes de troisi\u00e8me cycle en art dans l&#039;\u00e9ducation (FAPI) et en psychop\u00e9dagogie scolaire (FAPI), elle est la cr\u00e9atrice et propri\u00e9taire du site web Escritora de Sucesso, a de l&#039;exp\u00e9rience dans l&#039;\u00e9criture pour les blogs en g\u00e9n\u00e9ral et travaille comme r\u00e9dactrice et \u00e9ditrice du contenu pour Ora\u00e7\u00e3o e F\u00e9.","url":"https:\/\/www.oracaoefe.com\/fr\/author\/michele-azevedo\/"}]}},"_links":{"self":[{"href":"https:\/\/www.oracaoefe.com\/fr\/wp-json\/wp\/v2\/posts\/1115","targetHints":{"allow":["GET"]}}],"collection":[{"href":"https:\/\/www.oracaoefe.com\/fr\/wp-json\/wp\/v2\/posts"}],"about":[{"href":"https:\/\/www.oracaoefe.com\/fr\/wp-json\/wp\/v2\/types\/post"}],"author":[{"embeddable":true,"href":"https:\/\/www.oracaoefe.com\/fr\/wp-json\/wp\/v2\/users\/3"}],"replies":[{"embeddable":true,"href":"https:\/\/www.oracaoefe.com\/fr\/wp-json\/wp\/v2\/comments?post=1115"}],"version-history":[{"count":1,"href":"https:\/\/www.oracaoefe.com\/fr\/wp-json\/wp\/v2\/posts\/1115\/revisions"}],"predecessor-version":[{"id":1117,"href":"https:\/\/www.oracaoefe.com\/fr\/wp-json\/wp\/v2\/posts\/1115\/revisions\/1117"}],"wp:featuredmedia":[{"embeddable":true,"href":"https:\/\/www.oracaoefe.com\/fr\/wp-json\/wp\/v2\/media\/1116"}],"wp:attachment":[{"href":"https:\/\/www.oracaoefe.com\/fr\/wp-json\/wp\/v2\/media?parent=1115"}],"wp:term":[{"taxonomy":"category","embeddable":true,"href":"https:\/\/www.oracaoefe.com\/fr\/wp-json\/wp\/v2\/categories?post=1115"},{"taxonomy":"post_tag","embeddable":true,"href":"https:\/\/www.oracaoefe.com\/fr\/wp-json\/wp\/v2\/tags?post=1115"}],"curies":[{"name":"wp","href":"https:\/\/api.w.org\/{rel}","templated":true}]}}