{"id":1044,"date":"2022-11-09T01:00:00","date_gmt":"2022-11-09T04:00:00","guid":{"rendered":"https:\/\/www.oracaoefe.com\/?p=1044"},"modified":"2022-11-08T23:06:19","modified_gmt":"2022-11-09T02:06:19","slug":"oracao-para-comecar-o-dia-ame-o-seu-proximo","status":"publish","type":"post","link":"https:\/\/www.oracaoefe.com\/fr\/oracao-para-comecar-o-dia-ame-o-seu-proximo\/","title":{"rendered":"Pri\u00e8re pour commencer la journ\u00e9e : Aimez votre prochain !"},"content":{"rendered":"<p class=\"wp-block-paragraph\">\u00c0s vezes \u00e9 dif\u00edcil dizer que tipo de manh\u00e3 teremos at\u00e9 nossos p\u00e9s tocarem o ch\u00e3o. Seja uma manh\u00e3 movimentada ou calma e lenta, comece com a ora\u00e7\u00e3o. Seja voc\u00ea uma pessoa matinal ou uma coruja noturna, comece com a ora\u00e7\u00e3o. Se voc\u00ea precisa de um treino r\u00e1pido para come\u00e7ar ou de uma x\u00edcara de caf\u00e9 forte, comece sempre com a ora\u00e7\u00e3o.<\/p>\n\n\n\n<figure class=\"wp-block-image size-large\"><img loading=\"lazy\" decoding=\"async\" width=\"1024\" height=\"576\" src=\"https:\/\/www.oracaoefe.com\/wp-content\/uploads\/2022\/11\/Oracao-9-1024x576.jpg\" alt=\"Pri\u00e8re \" class=\"wp-image-1034\" srcset=\"https:\/\/www.oracaoefe.com\/wp-content\/uploads\/2022\/11\/Oracao-9-1024x576.jpg 1024w, https:\/\/www.oracaoefe.com\/wp-content\/uploads\/2022\/11\/Oracao-9-300x169.jpg 300w, https:\/\/www.oracaoefe.com\/wp-content\/uploads\/2022\/11\/Oracao-9-768x432.jpg 768w, https:\/\/www.oracaoefe.com\/wp-content\/uploads\/2022\/11\/Oracao-9-18x10.jpg 18w, https:\/\/www.oracaoefe.com\/wp-content\/uploads\/2022\/11\/Oracao-9-383x215.jpg 383w, https:\/\/www.oracaoefe.com\/wp-content\/uploads\/2022\/11\/Oracao-9.jpg 1200w\" sizes=\"auto, (max-width: 1024px) 100vw, 1024px\" \/><\/figure>\n\n\n\n<h2 class=\"wp-block-heading\">Pri\u00e8re du jour<\/h2>\n\n\n\n<p class=\"wp-block-paragraph\"><em>Meu Deus,<\/em><\/p>\n\n\n\n<p class=\"wp-block-paragraph\"><em>Obrigado por me aben\u00e7oar com mais um dia! \u00c9 uma alegria ter essa nova chance, e rezo para que voc\u00ea me ajude a come\u00e7ar bem este dia, mesmo que eu deseje mais cinco minutos na cama. Meu Deus, enquanto sigo minha rotina matinal e come\u00e7o a trabalhar e a fazer tarefas, oro para que voc\u00ea me d\u00ea um cora\u00e7\u00e3o feliz e uma mente focada.&nbsp;<\/em><\/p>\n\n\n\n<p class=\"wp-block-paragraph\"><em>Senhor, d\u00e1-me for\u00e7a enquanto resolvo uma lista de tarefas que parece nunca ter fim e ajuda-me a lembrar de ter bons momentos para descansar e relaxar. Eu oro para que voc\u00ea esteja sempre em meu cora\u00e7\u00e3o hoje, Deus, n\u00e3o importa o que eu fa\u00e7a, e guie meus passos ao longo do dia. Obrigado por sempre me apoiar! Pe\u00e7o tudo isso em seu nome,<\/em><\/p>\n\n\n\n<p class=\"wp-block-paragraph\"><em>Amen.<\/em><\/p>\n\n\n\n<h3 class=\"wp-block-heading\">Mensagem e pensamento do dia: Ame o pr\u00f3ximo como a ti mesmo<\/h3>\n\n\n\n<p class=\"wp-block-paragraph\">Jesus recorda cinco mandamentos de um conjunto de seis que comp\u00f5em a segunda t\u00e1bua do dec\u00e1logo e que todos se referem \u00e0s rela\u00e7\u00f5es entre os homens (\u00caxodo 20,12-16; Deuteron\u00f4mio 5,16-20). Cristo omite o d\u00e9cimo mandamento, que diz respeito \u00e0 cobi\u00e7a, e acrescenta Lev\u00edtico 19:18, o resumo dos outros seis. (Romanos 13:1-10).<\/p>\n\n\n\n<p class=\"wp-block-paragraph\">&#8220;O que?\u201d (Mateus 19:17). Essa pergunta do jovem rico evoca tanto a ideia de que certos mandamentos s\u00e3o mais importantes que outros, quanto a impress\u00e3o de que ele se considera mais capaz de cumprir alguns deles. Jesus cita os cinco mandamentos que dizem respeito \u00e0s rela\u00e7\u00f5es humanas, omitindo o da cobi\u00e7a e acrescentando (somente em Mateus): Amar\u00e1s o teu pr\u00f3ximo como a ti mesmo (Lev\u00edtico 19.18), que resume tudo (Mateus 22.37-39; Romanos 13.9) .<\/p>\n\n\n\n<p class=\"wp-block-paragraph\"><em>O homem afirmava t\u00ea-los observado h\u00e1 anos, mas tinha a sensa\u00e7\u00e3o de que algo estava faltando (Mateus 19:20), o que Jesus confirmou, antes de lembr\u00e1-lo de seu dever de amar a Deus de todo o cora\u00e7\u00e3o, de toda a alma e com toda a sua mente.<\/em><\/p>\n\n\n\n<p class=\"wp-block-paragraph\">O jovem tinha feito isso? Ele havia amado a Deus com todas as suas riquezas? Jesus o p\u00f4s \u00e0 prova, pedindo-lhe que vendesse todos os seus bens e usasse o dinheiro para ajudar os pobres, e viesse e o seguisse (Mateus 19:21).<\/p>\n\n\n\n<h3 class=\"wp-block-heading\">&#8220;Amar\u00e1s o teu pr\u00f3ximo como a ti mesmo&#8221; \u00e9 um dos textos b\u00edblicos mais famosos. O que ele diz pode parecer &#8220;legal&#8221; \u00e0 primeira vista. Mas tamb\u00e9m n\u00e3o \u00e9 muito exigente?<\/h3>\n\n\n\n<p class=\"wp-block-paragraph\">Acho dif\u00edcil ver ensinamentos de Jesus que n\u00e3o s\u00e3o muito exigentes! Mas talvez seja verdade que Jesus insiste particularmente no amor ao pr\u00f3ximo e na sua express\u00e3o concreta na generosidade. Ele coloca tanta \u00eanfase nisso porque quer, por assim dizer, vir e nos testar. Dito isto, em todas as outras \u00e1reas ele n\u00e3o \u00e9 menos exigente: ele afirma que n\u00e3o se pode segui-lo se n\u00e3o estiver pronto para carregar sua cruz. Diante disso, amar o pr\u00f3ximo parece quase acess\u00edvel!<\/p>","protected":false},"excerpt":{"rendered":"<p>\u00c0s vezes \u00e9 dif\u00edcil dizer que tipo de manh\u00e3 teremos at\u00e9 nossos p\u00e9s tocarem o ch\u00e3o. Seja uma manh\u00e3 movimentada ou calma e lenta, comece com a ora\u00e7\u00e3o. Seja voc\u00ea uma pessoa matinal ou uma coruja noturna, comece com a ora\u00e7\u00e3o. Se voc\u00ea precisa de um treino r\u00e1pido para come\u00e7ar ou de uma x\u00edcara de&hellip;&nbsp;<\/p>","protected":false},"author":3,"featured_media":1034,"comment_status":"open","ping_status":"open","sticky":false,"template":"","format":"standard","meta":{"neve_meta_sidebar":"","neve_meta_container":"","neve_meta_enable_content_width":"","neve_meta_content_width":0,"neve_meta_title_alignment":"","neve_meta_author_avatar":"","neve_post_elements_order":"","neve_meta_disable_header":"","neve_meta_disable_footer":"","neve_meta_disable_title":"","footnotes":""},"categories":[2],"tags":[160,163],"class_list":["post-1044","post","type-post","status-publish","format-standard","has-post-thumbnail","hentry","category-oracao","tag-oracao-do-dia","tag-prece-do-dia"],"yoast_head":"<!-- This site is optimized with the Yoast SEO plugin v28.4 - https:\/\/yoast.com\/product\/yoast-seo-wordpress\/ -->\n<title>Ora\u00e7\u00e3o para come\u00e7ar o dia: Ame o seu pr\u00f3ximo! - Ora\u00e7\u00e3o e F\u00e9<\/title>\n<meta name=\"description\" content=\"Deus tem pra voc\u00ea uma palavra de vida!\" \/>\n<meta name=\"robots\" content=\"index, follow, max-snippet:-1, max-image-preview:large, max-video-preview:-1\" \/>\n<link rel=\"canonical\" href=\"https:\/\/www.oracaoefe.com\/fr\/oracao-para-comecar-o-dia-ame-o-seu-proximo\/\" \/>\n<meta property=\"og:locale\" content=\"fr_FR\" \/>\n<meta property=\"og:type\" content=\"article\" \/>\n<meta property=\"og:title\" content=\"Ora\u00e7\u00e3o para come\u00e7ar o dia: Ame o seu pr\u00f3ximo! - Ora\u00e7\u00e3o e F\u00e9\" \/>\n<meta property=\"og:description\" content=\"Deus tem pra voc\u00ea uma palavra de vida!\" \/>\n<meta property=\"og:url\" content=\"https:\/\/www.oracaoefe.com\/fr\/oracao-para-comecar-o-dia-ame-o-seu-proximo\/\" \/>\n<meta property=\"og:site_name\" content=\"Ora\u00e7\u00e3o e F\u00e9\" \/>\n<meta property=\"article:published_time\" content=\"2022-11-09T04:00:00+00:00\" \/>\n<meta property=\"og:image\" content=\"https:\/\/www.oracaoefe.com\/wp-content\/uploads\/2022\/11\/Oracao-9.jpg\" \/>\n\t<meta property=\"og:image:width\" content=\"1200\" \/>\n\t<meta property=\"og:image:height\" content=\"675\" \/>\n\t<meta property=\"og:image:type\" content=\"image\/jpeg\" \/>\n<meta name=\"author\" content=\"Michele Azevedo\" \/>\n<meta name=\"twitter:card\" content=\"summary_large_image\" \/>\n<meta name=\"twitter:label1\" content=\"\u00c9crit par\" \/>\n\t<meta name=\"twitter:data1\" content=\"Michele Azevedo\" \/>\n\t<meta name=\"twitter:label2\" content=\"Dur\u00e9e de lecture estim\u00e9e\" \/>\n\t<meta name=\"twitter:data2\" content=\"3 minutes\" \/>\n<script type=\"application\/ld+json\" class=\"yoast-schema-graph\">{\"@context\":\"https:\\\/\\\/schema.org\",\"@graph\":[{\"@type\":\"Article\",\"@id\":\"https:\\\/\\\/www.oracaoefe.com\\\/oracao-para-comecar-o-dia-ame-o-seu-proximo\\\/#article\",\"isPartOf\":{\"@id\":\"https:\\\/\\\/www.oracaoefe.com\\\/oracao-para-comecar-o-dia-ame-o-seu-proximo\\\/\"},\"author\":{\"name\":\"Michele Azevedo\",\"@id\":\"https:\\\/\\\/www.oracaoefe.com\\\/#\\\/schema\\\/person\\\/17283c669442cf005c4d5bb58adfb7f5\"},\"headline\":\"Ora\u00e7\u00e3o para come\u00e7ar o dia: Ame o seu pr\u00f3ximo!\",\"datePublished\":\"2022-11-09T04:00:00+00:00\",\"mainEntityOfPage\":{\"@id\":\"https:\\\/\\\/www.oracaoefe.com\\\/oracao-para-comecar-o-dia-ame-o-seu-proximo\\\/\"},\"wordCount\":585,\"commentCount\":0,\"image\":{\"@id\":\"https:\\\/\\\/www.oracaoefe.com\\\/oracao-para-comecar-o-dia-ame-o-seu-proximo\\\/#primaryimage\"},\"thumbnailUrl\":\"https:\\\/\\\/www.oracaoefe.com\\\/wp-content\\\/uploads\\\/2022\\\/11\\\/Oracao-9.jpg\",\"keywords\":[\"ora\u00e7\u00e3o do dia\",\"prece do dia\"],\"articleSection\":[\"Ora\u00e7\u00e3o\"],\"inLanguage\":\"fr-FR\",\"potentialAction\":[{\"@type\":\"CommentAction\",\"name\":\"Comment\",\"target\":[\"https:\\\/\\\/www.oracaoefe.com\\\/oracao-para-comecar-o-dia-ame-o-seu-proximo\\\/#respond\"]}]},{\"@type\":\"WebPage\",\"@id\":\"https:\\\/\\\/www.oracaoefe.com\\\/oracao-para-comecar-o-dia-ame-o-seu-proximo\\\/\",\"url\":\"https:\\\/\\\/www.oracaoefe.com\\\/oracao-para-comecar-o-dia-ame-o-seu-proximo\\\/\",\"name\":\"Ora\u00e7\u00e3o para come\u00e7ar o dia: Ame o seu pr\u00f3ximo! - Ora\u00e7\u00e3o e F\u00e9\",\"isPartOf\":{\"@id\":\"https:\\\/\\\/www.oracaoefe.com\\\/#website\"},\"primaryImageOfPage\":{\"@id\":\"https:\\\/\\\/www.oracaoefe.com\\\/oracao-para-comecar-o-dia-ame-o-seu-proximo\\\/#primaryimage\"},\"image\":{\"@id\":\"https:\\\/\\\/www.oracaoefe.com\\\/oracao-para-comecar-o-dia-ame-o-seu-proximo\\\/#primaryimage\"},\"thumbnailUrl\":\"https:\\\/\\\/www.oracaoefe.com\\\/wp-content\\\/uploads\\\/2022\\\/11\\\/Oracao-9.jpg\",\"datePublished\":\"2022-11-09T04:00:00+00:00\",\"author\":{\"@id\":\"https:\\\/\\\/www.oracaoefe.com\\\/#\\\/schema\\\/person\\\/17283c669442cf005c4d5bb58adfb7f5\"},\"description\":\"Deus tem pra voc\u00ea uma palavra de vida!\",\"breadcrumb\":{\"@id\":\"https:\\\/\\\/www.oracaoefe.com\\\/oracao-para-comecar-o-dia-ame-o-seu-proximo\\\/#breadcrumb\"},\"inLanguage\":\"fr-FR\",\"potentialAction\":[{\"@type\":\"ReadAction\",\"target\":[\"https:\\\/\\\/www.oracaoefe.com\\\/oracao-para-comecar-o-dia-ame-o-seu-proximo\\\/\"]}]},{\"@type\":\"ImageObject\",\"inLanguage\":\"fr-FR\",\"@id\":\"https:\\\/\\\/www.oracaoefe.com\\\/oracao-para-comecar-o-dia-ame-o-seu-proximo\\\/#primaryimage\",\"url\":\"https:\\\/\\\/www.oracaoefe.com\\\/wp-content\\\/uploads\\\/2022\\\/11\\\/Oracao-9.jpg\",\"contentUrl\":\"https:\\\/\\\/www.oracaoefe.com\\\/wp-content\\\/uploads\\\/2022\\\/11\\\/Oracao-9.jpg\",\"width\":1200,\"height\":675,\"caption\":\"Ora\u00e7\u00e3o\"},{\"@type\":\"BreadcrumbList\",\"@id\":\"https:\\\/\\\/www.oracaoefe.com\\\/oracao-para-comecar-o-dia-ame-o-seu-proximo\\\/#breadcrumb\",\"itemListElement\":[{\"@type\":\"ListItem\",\"position\":1,\"name\":\"Home\",\"item\":\"https:\\\/\\\/www.oracaoefe.com\\\/\"},{\"@type\":\"ListItem\",\"position\":2,\"name\":\"Ora\u00e7\u00e3o\",\"item\":\"https:\\\/\\\/www.oracaoefe.com\\\/category\\\/oracao\\\/\"},{\"@type\":\"ListItem\",\"position\":3,\"name\":\"Ora\u00e7\u00e3o para come\u00e7ar o dia: Ame o seu pr\u00f3ximo!\"}]},{\"@type\":\"WebSite\",\"@id\":\"https:\\\/\\\/www.oracaoefe.com\\\/#website\",\"url\":\"https:\\\/\\\/www.oracaoefe.com\\\/\",\"name\":\"Ora\u00e7\u00e3o e F\u00e9\",\"description\":\"\",\"potentialAction\":[{\"@type\":\"SearchAction\",\"target\":{\"@type\":\"EntryPoint\",\"urlTemplate\":\"https:\\\/\\\/www.oracaoefe.com\\\/?s={search_term_string}\"},\"query-input\":{\"@type\":\"PropertyValueSpecification\",\"valueRequired\":true,\"valueName\":\"search_term_string\"}}],\"inLanguage\":\"fr-FR\"},{\"@type\":\"Person\",\"@id\":\"https:\\\/\\\/www.oracaoefe.com\\\/#\\\/schema\\\/person\\\/17283c669442cf005c4d5bb58adfb7f5\",\"name\":\"Michele Azevedo\",\"image\":{\"@type\":\"ImageObject\",\"inLanguage\":\"fr-FR\",\"@id\":\"https:\\\/\\\/secure.gravatar.com\\\/avatar\\\/6b0eb9d22841282815e2cd856a0061c45e1761cd54b22e952d98c4746939aa85?s=96&d=mm&r=g\",\"url\":\"https:\\\/\\\/secure.gravatar.com\\\/avatar\\\/6b0eb9d22841282815e2cd856a0061c45e1761cd54b22e952d98c4746939aa85?s=96&d=mm&r=g\",\"contentUrl\":\"https:\\\/\\\/secure.gravatar.com\\\/avatar\\\/6b0eb9d22841282815e2cd856a0061c45e1761cd54b22e952d98c4746939aa85?s=96&d=mm&r=g\",\"caption\":\"Michele Azevedo\"},\"description\":\"Formada em Letras - Portugu\u00eas\\\/ Ingl\u00eas pela Universidade Estadual de Ponta Grossa (UEPG), p\u00f3s-graduada em Arte na Educa\u00e7\u00e3o (FAPI) e Psicopedagogia Escolar (FAPI), idealizadora e propriet\u00e1ria do site Escritora de Sucesso, possui experi\u00eancia em escrita para blogs em geral e atua como redatora e revisora dos conte\u00fados do Ora\u00e7\u00e3o e F\u00e9.\",\"url\":\"https:\\\/\\\/www.oracaoefe.com\\\/fr\\\/author\\\/michele-azevedo\\\/\"}]}<\/script>\n<!-- \/ Yoast SEO plugin. -->","yoast_head_json":{"title":"Ora\u00e7\u00e3o para come\u00e7ar o dia: Ame o seu pr\u00f3ximo! - Ora\u00e7\u00e3o e F\u00e9","description":"Dieu a une parole de vie pour vous !","robots":{"index":"index","follow":"follow","max-snippet":"max-snippet:-1","max-image-preview":"max-image-preview:large","max-video-preview":"max-video-preview:-1"},"canonical":"https:\/\/www.oracaoefe.com\/fr\/oracao-para-comecar-o-dia-ame-o-seu-proximo\/","og_locale":"fr_FR","og_type":"article","og_title":"Ora\u00e7\u00e3o para come\u00e7ar o dia: Ame o seu pr\u00f3ximo! - Ora\u00e7\u00e3o e F\u00e9","og_description":"Deus tem pra voc\u00ea uma palavra de vida!","og_url":"https:\/\/www.oracaoefe.com\/fr\/oracao-para-comecar-o-dia-ame-o-seu-proximo\/","og_site_name":"Ora\u00e7\u00e3o e F\u00e9","article_published_time":"2022-11-09T04:00:00+00:00","og_image":[{"width":1200,"height":675,"url":"https:\/\/www.oracaoefe.com\/wp-content\/uploads\/2022\/11\/Oracao-9.jpg","type":"image\/jpeg"}],"author":"Michele Azevedo","twitter_card":"summary_large_image","twitter_misc":{"\u00c9crit par":"Michele Azevedo","Dur\u00e9e de lecture estim\u00e9e":"3 minutes"},"schema":{"@context":"https:\/\/schema.org","@graph":[{"@type":"Article","@id":"https:\/\/www.oracaoefe.com\/oracao-para-comecar-o-dia-ame-o-seu-proximo\/#article","isPartOf":{"@id":"https:\/\/www.oracaoefe.com\/oracao-para-comecar-o-dia-ame-o-seu-proximo\/"},"author":{"name":"Michele Azevedo","@id":"https:\/\/www.oracaoefe.com\/#\/schema\/person\/17283c669442cf005c4d5bb58adfb7f5"},"headline":"Ora\u00e7\u00e3o para come\u00e7ar o dia: Ame o seu pr\u00f3ximo!","datePublished":"2022-11-09T04:00:00+00:00","mainEntityOfPage":{"@id":"https:\/\/www.oracaoefe.com\/oracao-para-comecar-o-dia-ame-o-seu-proximo\/"},"wordCount":585,"commentCount":0,"image":{"@id":"https:\/\/www.oracaoefe.com\/oracao-para-comecar-o-dia-ame-o-seu-proximo\/#primaryimage"},"thumbnailUrl":"https:\/\/www.oracaoefe.com\/wp-content\/uploads\/2022\/11\/Oracao-9.jpg","keywords":["ora\u00e7\u00e3o do dia","prece do dia"],"articleSection":["Ora\u00e7\u00e3o"],"inLanguage":"fr-FR","potentialAction":[{"@type":"CommentAction","name":"Comment","target":["https:\/\/www.oracaoefe.com\/oracao-para-comecar-o-dia-ame-o-seu-proximo\/#respond"]}]},{"@type":"WebPage","@id":"https:\/\/www.oracaoefe.com\/oracao-para-comecar-o-dia-ame-o-seu-proximo\/","url":"https:\/\/www.oracaoefe.com\/oracao-para-comecar-o-dia-ame-o-seu-proximo\/","name":"Ora\u00e7\u00e3o para come\u00e7ar o dia: Ame o seu pr\u00f3ximo! - Ora\u00e7\u00e3o e F\u00e9","isPartOf":{"@id":"https:\/\/www.oracaoefe.com\/#website"},"primaryImageOfPage":{"@id":"https:\/\/www.oracaoefe.com\/oracao-para-comecar-o-dia-ame-o-seu-proximo\/#primaryimage"},"image":{"@id":"https:\/\/www.oracaoefe.com\/oracao-para-comecar-o-dia-ame-o-seu-proximo\/#primaryimage"},"thumbnailUrl":"https:\/\/www.oracaoefe.com\/wp-content\/uploads\/2022\/11\/Oracao-9.jpg","datePublished":"2022-11-09T04:00:00+00:00","author":{"@id":"https:\/\/www.oracaoefe.com\/#\/schema\/person\/17283c669442cf005c4d5bb58adfb7f5"},"description":"Dieu a une parole de vie pour vous !","breadcrumb":{"@id":"https:\/\/www.oracaoefe.com\/oracao-para-comecar-o-dia-ame-o-seu-proximo\/#breadcrumb"},"inLanguage":"fr-FR","potentialAction":[{"@type":"ReadAction","target":["https:\/\/www.oracaoefe.com\/oracao-para-comecar-o-dia-ame-o-seu-proximo\/"]}]},{"@type":"ImageObject","inLanguage":"fr-FR","@id":"https:\/\/www.oracaoefe.com\/oracao-para-comecar-o-dia-ame-o-seu-proximo\/#primaryimage","url":"https:\/\/www.oracaoefe.com\/wp-content\/uploads\/2022\/11\/Oracao-9.jpg","contentUrl":"https:\/\/www.oracaoefe.com\/wp-content\/uploads\/2022\/11\/Oracao-9.jpg","width":1200,"height":675,"caption":"Ora\u00e7\u00e3o"},{"@type":"BreadcrumbList","@id":"https:\/\/www.oracaoefe.com\/oracao-para-comecar-o-dia-ame-o-seu-proximo\/#breadcrumb","itemListElement":[{"@type":"ListItem","position":1,"name":"Home","item":"https:\/\/www.oracaoefe.com\/"},{"@type":"ListItem","position":2,"name":"Ora\u00e7\u00e3o","item":"https:\/\/www.oracaoefe.com\/category\/oracao\/"},{"@type":"ListItem","position":3,"name":"Ora\u00e7\u00e3o para come\u00e7ar o dia: Ame o seu pr\u00f3ximo!"}]},{"@type":"WebSite","@id":"https:\/\/www.oracaoefe.com\/#website","url":"https:\/\/www.oracaoefe.com\/","name":"Pri\u00e8re et foi","description":"","potentialAction":[{"@type":"SearchAction","target":{"@type":"EntryPoint","urlTemplate":"https:\/\/www.oracaoefe.com\/?s={search_term_string}"},"query-input":{"@type":"PropertyValueSpecification","valueRequired":true,"valueName":"search_term_string"}}],"inLanguage":"fr-FR"},{"@type":"Person","@id":"https:\/\/www.oracaoefe.com\/#\/schema\/person\/17283c669442cf005c4d5bb58adfb7f5","name":"Michele Azevedo","image":{"@type":"ImageObject","inLanguage":"fr-FR","@id":"https:\/\/secure.gravatar.com\/avatar\/6b0eb9d22841282815e2cd856a0061c45e1761cd54b22e952d98c4746939aa85?s=96&d=mm&r=g","url":"https:\/\/secure.gravatar.com\/avatar\/6b0eb9d22841282815e2cd856a0061c45e1761cd54b22e952d98c4746939aa85?s=96&d=mm&r=g","contentUrl":"https:\/\/secure.gravatar.com\/avatar\/6b0eb9d22841282815e2cd856a0061c45e1761cd54b22e952d98c4746939aa85?s=96&d=mm&r=g","caption":"Michele Azevedo"},"description":"Dipl\u00f4m\u00e9e en litt\u00e9rature portugaise\/anglaise de l&#039;Universit\u00e9 d&#039;\u00c9tat de Ponta Grossa (UEPG), avec des dipl\u00f4mes de troisi\u00e8me cycle en art dans l&#039;\u00e9ducation (FAPI) et en psychop\u00e9dagogie scolaire (FAPI), elle est la cr\u00e9atrice et propri\u00e9taire du site web Escritora de Sucesso, a de l&#039;exp\u00e9rience dans l&#039;\u00e9criture pour les blogs en g\u00e9n\u00e9ral et travaille comme r\u00e9dactrice et \u00e9ditrice du contenu pour Ora\u00e7\u00e3o e F\u00e9.","url":"https:\/\/www.oracaoefe.com\/fr\/author\/michele-azevedo\/"}]}},"_links":{"self":[{"href":"https:\/\/www.oracaoefe.com\/fr\/wp-json\/wp\/v2\/posts\/1044","targetHints":{"allow":["GET"]}}],"collection":[{"href":"https:\/\/www.oracaoefe.com\/fr\/wp-json\/wp\/v2\/posts"}],"about":[{"href":"https:\/\/www.oracaoefe.com\/fr\/wp-json\/wp\/v2\/types\/post"}],"author":[{"embeddable":true,"href":"https:\/\/www.oracaoefe.com\/fr\/wp-json\/wp\/v2\/users\/3"}],"replies":[{"embeddable":true,"href":"https:\/\/www.oracaoefe.com\/fr\/wp-json\/wp\/v2\/comments?post=1044"}],"version-history":[{"count":1,"href":"https:\/\/www.oracaoefe.com\/fr\/wp-json\/wp\/v2\/posts\/1044\/revisions"}],"predecessor-version":[{"id":1045,"href":"https:\/\/www.oracaoefe.com\/fr\/wp-json\/wp\/v2\/posts\/1044\/revisions\/1045"}],"wp:featuredmedia":[{"embeddable":true,"href":"https:\/\/www.oracaoefe.com\/fr\/wp-json\/wp\/v2\/media\/1034"}],"wp:attachment":[{"href":"https:\/\/www.oracaoefe.com\/fr\/wp-json\/wp\/v2\/media?parent=1044"}],"wp:term":[{"taxonomy":"category","embeddable":true,"href":"https:\/\/www.oracaoefe.com\/fr\/wp-json\/wp\/v2\/categories?post=1044"},{"taxonomy":"post_tag","embeddable":true,"href":"https:\/\/www.oracaoefe.com\/fr\/wp-json\/wp\/v2\/tags?post=1044"}],"curies":[{"name":"wp","href":"https:\/\/api.w.org\/{rel}","templated":true}]}}