{"id":1032,"date":"2022-11-08T01:00:00","date_gmt":"2022-11-08T04:00:00","guid":{"rendered":"https:\/\/www.oracaoefe.com\/?p=1032"},"modified":"2022-11-07T20:18:21","modified_gmt":"2022-11-07T23:18:21","slug":"oracao-para-comecar-o-dia-pratique-a-resiliencia","status":"publish","type":"post","link":"https:\/\/www.oracaoefe.com\/fr\/oracao-para-comecar-o-dia-pratique-a-resiliencia\/","title":{"rendered":"Pri\u00e8re pour commencer la journ\u00e9e : Pratiquez la r\u00e9silience"},"content":{"rendered":"<p class=\"wp-block-paragraph\">As miseric\u00f3rdias de Deus se renovam a cada manh\u00e3, e \u00e9 por isso que trazemos para voc\u00ea esta linda Ora\u00e7\u00e3o para come\u00e7ar o dia, para que o Senhor assuma o controle e nos mostre a gra\u00e7a de sua boa vontade.<\/p>\n\n\n\n<figure class=\"wp-block-image size-large\"><img loading=\"lazy\" decoding=\"async\" width=\"1024\" height=\"576\" src=\"https:\/\/www.oracaoefe.com\/wp-content\/uploads\/2022\/11\/Oracao-9-1-1024x576.jpg\" alt=\"Pri\u00e8re du jour\" class=\"wp-image-1033\" srcset=\"https:\/\/www.oracaoefe.com\/wp-content\/uploads\/2022\/11\/Oracao-9-1-1024x576.jpg 1024w, https:\/\/www.oracaoefe.com\/wp-content\/uploads\/2022\/11\/Oracao-9-1-300x169.jpg 300w, https:\/\/www.oracaoefe.com\/wp-content\/uploads\/2022\/11\/Oracao-9-1-768x432.jpg 768w, https:\/\/www.oracaoefe.com\/wp-content\/uploads\/2022\/11\/Oracao-9-1-18x10.jpg 18w, https:\/\/www.oracaoefe.com\/wp-content\/uploads\/2022\/11\/Oracao-9-1-383x215.jpg 383w, https:\/\/www.oracaoefe.com\/wp-content\/uploads\/2022\/11\/Oracao-9-1.jpg 1200w\" sizes=\"auto, (max-width: 1024px) 100vw, 1024px\" \/><\/figure>\n\n\n\n<h2 class=\"wp-block-heading\">Pri\u00e8re du jour<\/h2>\n\n\n\n<p class=\"wp-block-paragraph\">N\u00e3o h\u00e1 melhor maneira de come\u00e7ar um novo dia do que ir \u00e0 presen\u00e7a de nosso Pai Celestial, orar e descansar em Suas m\u00e3os. Quando levantamos uma ora\u00e7\u00e3o para come\u00e7ar o dia todas as manh\u00e3s, como crentes no Deus vivo e em Cristo Jesus, ativamos b\u00ean\u00e7\u00e3os no c\u00e9u.<\/p>\n\n\n\n<p class=\"wp-block-paragraph\"><em>\u201cPai Deus hoje eu acordo agradecendo por abrir meus olhos para um novo dia.<\/em><\/p>\n\n\n\n<p class=\"wp-block-paragraph\"><em>Obrigado oh Deus por Jesus Cristo em minha vida e suas miseric\u00f3rdias eternas.<\/em><\/p>\n\n\n\n<p class=\"wp-block-paragraph\"><em>Atrav\u00e9s desta ora\u00e7\u00e3o, eu te louvo, meu Senhor, reconhecendo que \u00e9s nobre e todo-poderoso.<\/em><\/p>\n\n\n\n<p class=\"wp-block-paragraph\"><em>Voc\u00ea \u00e9 o \u00fanico digno de todo o louvor e gl\u00f3ria, am\u00e9m.<\/em><\/p>\n\n\n\n<p class=\"wp-block-paragraph\"><em>Eu clamo a voc\u00ea para come\u00e7ar este dia confiando nEle.<\/em><\/p>\n\n\n\n<p class=\"wp-block-paragraph\"><em>Verei a manifesta\u00e7\u00e3o segura da tua boa vontade e da tua miseric\u00f3rdia.<\/em><\/p>\n\n\n\n<p class=\"wp-block-paragraph\"><em>Deus, em nome de Jesus, assuma o controle da minha vida.<\/em><\/p>\n\n\n\n<p class=\"wp-block-paragraph\"><em>E que o c\u00e9u venha para mim neste dia com suas b\u00ean\u00e7\u00e3os.<\/em><\/p>\n\n\n\n<p class=\"wp-block-paragraph\"><em>Guia-me Senhor, dirige meus passos em todos os momentos e em todos os lugares.<\/em><\/p>\n\n\n\n<p class=\"wp-block-paragraph\"><em>Tu \u00e9s um Deus poderoso em quem me deleito.<\/em><\/p>\n\n\n\n<p class=\"wp-block-paragraph\"><em>Por isso sei que atendes aos pedidos do meu cora\u00e7\u00e3o.<\/em><\/p>\n\n\n\n<p class=\"wp-block-paragraph\"><em>Oh Deus, em nome de Jesus, pe\u00e7o-lhe hoje que abra os c\u00e9us.<\/em><\/p>\n\n\n\n<p class=\"wp-block-paragraph\"><em>E ative suas b\u00ean\u00e7\u00e3os e miseric\u00f3rdias.<\/em><\/p>\n\n\n\n<p class=\"wp-block-paragraph\"><em>Para que tudo o que eu possa fazer hoje seja coroado de sucesso.<\/em><\/p>\n\n\n\n<p class=\"wp-block-paragraph\"><em>De acordo com sua boa, agrad\u00e1vel e perfeita vontade,<\/em><\/p>\n\n\n\n<p class=\"wp-block-paragraph\"><em>Obrigado, Deus. Am\u00e9m!\u201d<\/em><\/p>\n\n\n\n<h3 class=\"wp-block-heading\">Mensagem e pensamento do dia: seja resiliente!<\/h3>\n\n\n\n<p class=\"wp-block-paragraph\">Apesar de uma vida dif\u00edcil e das piores prova\u00e7\u00f5es inimagin\u00e1veis, algumas pessoas ainda conseguem se recuperar e encontrar a felicidade , enquanto outras afundam na tristeza e na depress\u00e3o diante do menor evento negativo. Essa capacidade de se recuperar na vida \u00e9 chamada de resili\u00eancia.<\/p>\n\n\n\n<p class=\"wp-block-paragraph\">Resili\u00eancia \u00e9 a nossa capacidade de enfrentar as crises e desafios da vida cotidiana com a ajuda de nossos recursos pessoais e sociais e us\u00e1-los como uma oportunidade de desenvolvimento.<\/p>\n\n\n\n<p class=\"wp-block-paragraph\">Resili\u00eancia n\u00e3o significa negar a adversidade e fingir que nada aconteceu para que voc\u00ea possa seguir em frente. Pelo contr\u00e1rio, \u00e9 preciso enfrentar os acontecimentos. \u00c9 um processo din\u00e2mico que se estende por um tempo mais ou menos longo e que permite ao crist\u00e3o passar por suas prova\u00e7\u00f5es e at\u00e9 sair delas mais forte.<\/p>","protected":false},"excerpt":{"rendered":"<p>As miseric\u00f3rdias de Deus se renovam a cada manh\u00e3, e \u00e9 por isso que trazemos para voc\u00ea esta linda Ora\u00e7\u00e3o para come\u00e7ar o dia, para que o Senhor assuma o controle e nos mostre a gra\u00e7a de sua boa vontade. Ora\u00e7\u00e3o do dia N\u00e3o h\u00e1 melhor maneira de come\u00e7ar um novo dia do que ir&hellip;&nbsp;<\/p>","protected":false},"author":3,"featured_media":1033,"comment_status":"open","ping_status":"open","sticky":false,"template":"","format":"standard","meta":{"neve_meta_sidebar":"","neve_meta_container":"","neve_meta_enable_content_width":"","neve_meta_content_width":0,"neve_meta_title_alignment":"","neve_meta_author_avatar":"","neve_post_elements_order":"","neve_meta_disable_header":"","neve_meta_disable_footer":"","neve_meta_disable_title":"","footnotes":""},"categories":[2],"tags":[160,164,163],"class_list":["post-1032","post","type-post","status-publish","format-standard","has-post-thumbnail","hentry","category-oracao","tag-oracao-do-dia","tag-pensamento-do-dia","tag-prece-do-dia"],"yoast_head":"<!-- This site is optimized with the Yoast SEO plugin v28.4 - https:\/\/yoast.com\/product\/yoast-seo-wordpress\/ -->\n<title>Ora\u00e7\u00e3o para come\u00e7ar o dia: Pratique a resili\u00eancia - Ora\u00e7\u00e3o e F\u00e9<\/title>\n<meta name=\"description\" content=\"Deus tem pra voc\u00ea uma palavra de vida!\" \/>\n<meta name=\"robots\" content=\"index, follow, max-snippet:-1, max-image-preview:large, max-video-preview:-1\" \/>\n<link rel=\"canonical\" href=\"https:\/\/www.oracaoefe.com\/fr\/oracao-para-comecar-o-dia-pratique-a-resiliencia\/\" \/>\n<meta property=\"og:locale\" content=\"fr_FR\" \/>\n<meta property=\"og:type\" content=\"article\" \/>\n<meta property=\"og:title\" content=\"Ora\u00e7\u00e3o para come\u00e7ar o dia: Pratique a resili\u00eancia - Ora\u00e7\u00e3o e F\u00e9\" \/>\n<meta property=\"og:description\" content=\"Deus tem pra voc\u00ea uma palavra de vida!\" \/>\n<meta property=\"og:url\" content=\"https:\/\/www.oracaoefe.com\/fr\/oracao-para-comecar-o-dia-pratique-a-resiliencia\/\" \/>\n<meta property=\"og:site_name\" content=\"Ora\u00e7\u00e3o e F\u00e9\" \/>\n<meta property=\"article:published_time\" content=\"2022-11-08T04:00:00+00:00\" \/>\n<meta property=\"og:image\" content=\"https:\/\/www.oracaoefe.com\/wp-content\/uploads\/2022\/11\/Oracao-9-1.jpg\" \/>\n\t<meta property=\"og:image:width\" content=\"1200\" \/>\n\t<meta property=\"og:image:height\" content=\"675\" \/>\n\t<meta property=\"og:image:type\" content=\"image\/jpeg\" \/>\n<meta name=\"author\" content=\"Michele Azevedo\" \/>\n<meta name=\"twitter:card\" content=\"summary_large_image\" \/>\n<meta name=\"twitter:label1\" content=\"\u00c9crit par\" \/>\n\t<meta name=\"twitter:data1\" content=\"Michele Azevedo\" \/>\n\t<meta name=\"twitter:label2\" content=\"Dur\u00e9e de lecture estim\u00e9e\" \/>\n\t<meta name=\"twitter:data2\" content=\"2 minutes\" \/>\n<script type=\"application\/ld+json\" class=\"yoast-schema-graph\">{\"@context\":\"https:\\\/\\\/schema.org\",\"@graph\":[{\"@type\":\"Article\",\"@id\":\"https:\\\/\\\/www.oracaoefe.com\\\/oracao-para-comecar-o-dia-pratique-a-resiliencia\\\/#article\",\"isPartOf\":{\"@id\":\"https:\\\/\\\/www.oracaoefe.com\\\/oracao-para-comecar-o-dia-pratique-a-resiliencia\\\/\"},\"author\":{\"name\":\"Michele Azevedo\",\"@id\":\"https:\\\/\\\/www.oracaoefe.com\\\/#\\\/schema\\\/person\\\/17283c669442cf005c4d5bb58adfb7f5\"},\"headline\":\"Ora\u00e7\u00e3o para come\u00e7ar o dia: Pratique a resili\u00eancia\",\"datePublished\":\"2022-11-08T04:00:00+00:00\",\"mainEntityOfPage\":{\"@id\":\"https:\\\/\\\/www.oracaoefe.com\\\/oracao-para-comecar-o-dia-pratique-a-resiliencia\\\/\"},\"wordCount\":451,\"commentCount\":0,\"image\":{\"@id\":\"https:\\\/\\\/www.oracaoefe.com\\\/oracao-para-comecar-o-dia-pratique-a-resiliencia\\\/#primaryimage\"},\"thumbnailUrl\":\"https:\\\/\\\/www.oracaoefe.com\\\/wp-content\\\/uploads\\\/2022\\\/11\\\/Oracao-9-1.jpg\",\"keywords\":[\"ora\u00e7\u00e3o do dia\",\"pensamento do dia\",\"prece do dia\"],\"articleSection\":[\"Ora\u00e7\u00e3o\"],\"inLanguage\":\"fr-FR\",\"potentialAction\":[{\"@type\":\"CommentAction\",\"name\":\"Comment\",\"target\":[\"https:\\\/\\\/www.oracaoefe.com\\\/oracao-para-comecar-o-dia-pratique-a-resiliencia\\\/#respond\"]}]},{\"@type\":\"WebPage\",\"@id\":\"https:\\\/\\\/www.oracaoefe.com\\\/oracao-para-comecar-o-dia-pratique-a-resiliencia\\\/\",\"url\":\"https:\\\/\\\/www.oracaoefe.com\\\/oracao-para-comecar-o-dia-pratique-a-resiliencia\\\/\",\"name\":\"Ora\u00e7\u00e3o para come\u00e7ar o dia: Pratique a resili\u00eancia - Ora\u00e7\u00e3o e F\u00e9\",\"isPartOf\":{\"@id\":\"https:\\\/\\\/www.oracaoefe.com\\\/#website\"},\"primaryImageOfPage\":{\"@id\":\"https:\\\/\\\/www.oracaoefe.com\\\/oracao-para-comecar-o-dia-pratique-a-resiliencia\\\/#primaryimage\"},\"image\":{\"@id\":\"https:\\\/\\\/www.oracaoefe.com\\\/oracao-para-comecar-o-dia-pratique-a-resiliencia\\\/#primaryimage\"},\"thumbnailUrl\":\"https:\\\/\\\/www.oracaoefe.com\\\/wp-content\\\/uploads\\\/2022\\\/11\\\/Oracao-9-1.jpg\",\"datePublished\":\"2022-11-08T04:00:00+00:00\",\"author\":{\"@id\":\"https:\\\/\\\/www.oracaoefe.com\\\/#\\\/schema\\\/person\\\/17283c669442cf005c4d5bb58adfb7f5\"},\"description\":\"Deus tem pra voc\u00ea uma palavra de vida!\",\"breadcrumb\":{\"@id\":\"https:\\\/\\\/www.oracaoefe.com\\\/oracao-para-comecar-o-dia-pratique-a-resiliencia\\\/#breadcrumb\"},\"inLanguage\":\"fr-FR\",\"potentialAction\":[{\"@type\":\"ReadAction\",\"target\":[\"https:\\\/\\\/www.oracaoefe.com\\\/oracao-para-comecar-o-dia-pratique-a-resiliencia\\\/\"]}]},{\"@type\":\"ImageObject\",\"inLanguage\":\"fr-FR\",\"@id\":\"https:\\\/\\\/www.oracaoefe.com\\\/oracao-para-comecar-o-dia-pratique-a-resiliencia\\\/#primaryimage\",\"url\":\"https:\\\/\\\/www.oracaoefe.com\\\/wp-content\\\/uploads\\\/2022\\\/11\\\/Oracao-9-1.jpg\",\"contentUrl\":\"https:\\\/\\\/www.oracaoefe.com\\\/wp-content\\\/uploads\\\/2022\\\/11\\\/Oracao-9-1.jpg\",\"width\":1200,\"height\":675,\"caption\":\"Ora\u00e7\u00e3o do dia\"},{\"@type\":\"BreadcrumbList\",\"@id\":\"https:\\\/\\\/www.oracaoefe.com\\\/oracao-para-comecar-o-dia-pratique-a-resiliencia\\\/#breadcrumb\",\"itemListElement\":[{\"@type\":\"ListItem\",\"position\":1,\"name\":\"Home\",\"item\":\"https:\\\/\\\/www.oracaoefe.com\\\/\"},{\"@type\":\"ListItem\",\"position\":2,\"name\":\"Ora\u00e7\u00e3o\",\"item\":\"https:\\\/\\\/www.oracaoefe.com\\\/category\\\/oracao\\\/\"},{\"@type\":\"ListItem\",\"position\":3,\"name\":\"Ora\u00e7\u00e3o para come\u00e7ar o dia: Pratique a resili\u00eancia\"}]},{\"@type\":\"WebSite\",\"@id\":\"https:\\\/\\\/www.oracaoefe.com\\\/#website\",\"url\":\"https:\\\/\\\/www.oracaoefe.com\\\/\",\"name\":\"Ora\u00e7\u00e3o e F\u00e9\",\"description\":\"\",\"potentialAction\":[{\"@type\":\"SearchAction\",\"target\":{\"@type\":\"EntryPoint\",\"urlTemplate\":\"https:\\\/\\\/www.oracaoefe.com\\\/?s={search_term_string}\"},\"query-input\":{\"@type\":\"PropertyValueSpecification\",\"valueRequired\":true,\"valueName\":\"search_term_string\"}}],\"inLanguage\":\"fr-FR\"},{\"@type\":\"Person\",\"@id\":\"https:\\\/\\\/www.oracaoefe.com\\\/#\\\/schema\\\/person\\\/17283c669442cf005c4d5bb58adfb7f5\",\"name\":\"Michele Azevedo\",\"image\":{\"@type\":\"ImageObject\",\"inLanguage\":\"fr-FR\",\"@id\":\"https:\\\/\\\/secure.gravatar.com\\\/avatar\\\/6b0eb9d22841282815e2cd856a0061c45e1761cd54b22e952d98c4746939aa85?s=96&d=mm&r=g\",\"url\":\"https:\\\/\\\/secure.gravatar.com\\\/avatar\\\/6b0eb9d22841282815e2cd856a0061c45e1761cd54b22e952d98c4746939aa85?s=96&d=mm&r=g\",\"contentUrl\":\"https:\\\/\\\/secure.gravatar.com\\\/avatar\\\/6b0eb9d22841282815e2cd856a0061c45e1761cd54b22e952d98c4746939aa85?s=96&d=mm&r=g\",\"caption\":\"Michele Azevedo\"},\"description\":\"Formada em Letras - Portugu\u00eas\\\/ Ingl\u00eas pela Universidade Estadual de Ponta Grossa (UEPG), p\u00f3s-graduada em Arte na Educa\u00e7\u00e3o (FAPI) e Psicopedagogia Escolar (FAPI), idealizadora e propriet\u00e1ria do site Escritora de Sucesso, possui experi\u00eancia em escrita para blogs em geral e atua como redatora e revisora dos conte\u00fados do Ora\u00e7\u00e3o e F\u00e9.\",\"url\":\"https:\\\/\\\/www.oracaoefe.com\\\/fr\\\/author\\\/michele-azevedo\\\/\"}]}<\/script>\n<!-- \/ Yoast SEO plugin. -->","yoast_head_json":{"title":"Ora\u00e7\u00e3o para come\u00e7ar o dia: Pratique a resili\u00eancia - Ora\u00e7\u00e3o e F\u00e9","description":"Dieu a une parole de vie pour vous !","robots":{"index":"index","follow":"follow","max-snippet":"max-snippet:-1","max-image-preview":"max-image-preview:large","max-video-preview":"max-video-preview:-1"},"canonical":"https:\/\/www.oracaoefe.com\/fr\/oracao-para-comecar-o-dia-pratique-a-resiliencia\/","og_locale":"fr_FR","og_type":"article","og_title":"Ora\u00e7\u00e3o para come\u00e7ar o dia: Pratique a resili\u00eancia - Ora\u00e7\u00e3o e F\u00e9","og_description":"Deus tem pra voc\u00ea uma palavra de vida!","og_url":"https:\/\/www.oracaoefe.com\/fr\/oracao-para-comecar-o-dia-pratique-a-resiliencia\/","og_site_name":"Ora\u00e7\u00e3o e F\u00e9","article_published_time":"2022-11-08T04:00:00+00:00","og_image":[{"width":1200,"height":675,"url":"https:\/\/www.oracaoefe.com\/wp-content\/uploads\/2022\/11\/Oracao-9-1.jpg","type":"image\/jpeg"}],"author":"Michele Azevedo","twitter_card":"summary_large_image","twitter_misc":{"\u00c9crit par":"Michele Azevedo","Dur\u00e9e de lecture estim\u00e9e":"2 minutes"},"schema":{"@context":"https:\/\/schema.org","@graph":[{"@type":"Article","@id":"https:\/\/www.oracaoefe.com\/oracao-para-comecar-o-dia-pratique-a-resiliencia\/#article","isPartOf":{"@id":"https:\/\/www.oracaoefe.com\/oracao-para-comecar-o-dia-pratique-a-resiliencia\/"},"author":{"name":"Michele Azevedo","@id":"https:\/\/www.oracaoefe.com\/#\/schema\/person\/17283c669442cf005c4d5bb58adfb7f5"},"headline":"Ora\u00e7\u00e3o para come\u00e7ar o dia: Pratique a resili\u00eancia","datePublished":"2022-11-08T04:00:00+00:00","mainEntityOfPage":{"@id":"https:\/\/www.oracaoefe.com\/oracao-para-comecar-o-dia-pratique-a-resiliencia\/"},"wordCount":451,"commentCount":0,"image":{"@id":"https:\/\/www.oracaoefe.com\/oracao-para-comecar-o-dia-pratique-a-resiliencia\/#primaryimage"},"thumbnailUrl":"https:\/\/www.oracaoefe.com\/wp-content\/uploads\/2022\/11\/Oracao-9-1.jpg","keywords":["ora\u00e7\u00e3o do dia","pensamento do dia","prece do dia"],"articleSection":["Ora\u00e7\u00e3o"],"inLanguage":"fr-FR","potentialAction":[{"@type":"CommentAction","name":"Comment","target":["https:\/\/www.oracaoefe.com\/oracao-para-comecar-o-dia-pratique-a-resiliencia\/#respond"]}]},{"@type":"WebPage","@id":"https:\/\/www.oracaoefe.com\/oracao-para-comecar-o-dia-pratique-a-resiliencia\/","url":"https:\/\/www.oracaoefe.com\/oracao-para-comecar-o-dia-pratique-a-resiliencia\/","name":"Ora\u00e7\u00e3o para come\u00e7ar o dia: Pratique a resili\u00eancia - Ora\u00e7\u00e3o e F\u00e9","isPartOf":{"@id":"https:\/\/www.oracaoefe.com\/#website"},"primaryImageOfPage":{"@id":"https:\/\/www.oracaoefe.com\/oracao-para-comecar-o-dia-pratique-a-resiliencia\/#primaryimage"},"image":{"@id":"https:\/\/www.oracaoefe.com\/oracao-para-comecar-o-dia-pratique-a-resiliencia\/#primaryimage"},"thumbnailUrl":"https:\/\/www.oracaoefe.com\/wp-content\/uploads\/2022\/11\/Oracao-9-1.jpg","datePublished":"2022-11-08T04:00:00+00:00","author":{"@id":"https:\/\/www.oracaoefe.com\/#\/schema\/person\/17283c669442cf005c4d5bb58adfb7f5"},"description":"Dieu a une parole de vie pour vous !","breadcrumb":{"@id":"https:\/\/www.oracaoefe.com\/oracao-para-comecar-o-dia-pratique-a-resiliencia\/#breadcrumb"},"inLanguage":"fr-FR","potentialAction":[{"@type":"ReadAction","target":["https:\/\/www.oracaoefe.com\/oracao-para-comecar-o-dia-pratique-a-resiliencia\/"]}]},{"@type":"ImageObject","inLanguage":"fr-FR","@id":"https:\/\/www.oracaoefe.com\/oracao-para-comecar-o-dia-pratique-a-resiliencia\/#primaryimage","url":"https:\/\/www.oracaoefe.com\/wp-content\/uploads\/2022\/11\/Oracao-9-1.jpg","contentUrl":"https:\/\/www.oracaoefe.com\/wp-content\/uploads\/2022\/11\/Oracao-9-1.jpg","width":1200,"height":675,"caption":"Ora\u00e7\u00e3o do dia"},{"@type":"BreadcrumbList","@id":"https:\/\/www.oracaoefe.com\/oracao-para-comecar-o-dia-pratique-a-resiliencia\/#breadcrumb","itemListElement":[{"@type":"ListItem","position":1,"name":"Home","item":"https:\/\/www.oracaoefe.com\/"},{"@type":"ListItem","position":2,"name":"Ora\u00e7\u00e3o","item":"https:\/\/www.oracaoefe.com\/category\/oracao\/"},{"@type":"ListItem","position":3,"name":"Ora\u00e7\u00e3o para come\u00e7ar o dia: Pratique a resili\u00eancia"}]},{"@type":"WebSite","@id":"https:\/\/www.oracaoefe.com\/#website","url":"https:\/\/www.oracaoefe.com\/","name":"Pri\u00e8re et foi","description":"","potentialAction":[{"@type":"SearchAction","target":{"@type":"EntryPoint","urlTemplate":"https:\/\/www.oracaoefe.com\/?s={search_term_string}"},"query-input":{"@type":"PropertyValueSpecification","valueRequired":true,"valueName":"search_term_string"}}],"inLanguage":"fr-FR"},{"@type":"Person","@id":"https:\/\/www.oracaoefe.com\/#\/schema\/person\/17283c669442cf005c4d5bb58adfb7f5","name":"Michele Azevedo","image":{"@type":"ImageObject","inLanguage":"fr-FR","@id":"https:\/\/secure.gravatar.com\/avatar\/6b0eb9d22841282815e2cd856a0061c45e1761cd54b22e952d98c4746939aa85?s=96&d=mm&r=g","url":"https:\/\/secure.gravatar.com\/avatar\/6b0eb9d22841282815e2cd856a0061c45e1761cd54b22e952d98c4746939aa85?s=96&d=mm&r=g","contentUrl":"https:\/\/secure.gravatar.com\/avatar\/6b0eb9d22841282815e2cd856a0061c45e1761cd54b22e952d98c4746939aa85?s=96&d=mm&r=g","caption":"Michele Azevedo"},"description":"Dipl\u00f4m\u00e9e en litt\u00e9rature portugaise\/anglaise de l&#039;Universit\u00e9 d&#039;\u00c9tat de Ponta Grossa (UEPG), avec des dipl\u00f4mes de troisi\u00e8me cycle en art dans l&#039;\u00e9ducation (FAPI) et en psychop\u00e9dagogie scolaire (FAPI), elle est la cr\u00e9atrice et propri\u00e9taire du site web Escritora de Sucesso, a de l&#039;exp\u00e9rience dans l&#039;\u00e9criture pour les blogs en g\u00e9n\u00e9ral et travaille comme r\u00e9dactrice et \u00e9ditrice du contenu pour Ora\u00e7\u00e3o e F\u00e9.","url":"https:\/\/www.oracaoefe.com\/fr\/author\/michele-azevedo\/"}]}},"_links":{"self":[{"href":"https:\/\/www.oracaoefe.com\/fr\/wp-json\/wp\/v2\/posts\/1032","targetHints":{"allow":["GET"]}}],"collection":[{"href":"https:\/\/www.oracaoefe.com\/fr\/wp-json\/wp\/v2\/posts"}],"about":[{"href":"https:\/\/www.oracaoefe.com\/fr\/wp-json\/wp\/v2\/types\/post"}],"author":[{"embeddable":true,"href":"https:\/\/www.oracaoefe.com\/fr\/wp-json\/wp\/v2\/users\/3"}],"replies":[{"embeddable":true,"href":"https:\/\/www.oracaoefe.com\/fr\/wp-json\/wp\/v2\/comments?post=1032"}],"version-history":[{"count":1,"href":"https:\/\/www.oracaoefe.com\/fr\/wp-json\/wp\/v2\/posts\/1032\/revisions"}],"predecessor-version":[{"id":1038,"href":"https:\/\/www.oracaoefe.com\/fr\/wp-json\/wp\/v2\/posts\/1032\/revisions\/1038"}],"wp:featuredmedia":[{"embeddable":true,"href":"https:\/\/www.oracaoefe.com\/fr\/wp-json\/wp\/v2\/media\/1033"}],"wp:attachment":[{"href":"https:\/\/www.oracaoefe.com\/fr\/wp-json\/wp\/v2\/media?parent=1032"}],"wp:term":[{"taxonomy":"category","embeddable":true,"href":"https:\/\/www.oracaoefe.com\/fr\/wp-json\/wp\/v2\/categories?post=1032"},{"taxonomy":"post_tag","embeddable":true,"href":"https:\/\/www.oracaoefe.com\/fr\/wp-json\/wp\/v2\/tags?post=1032"}],"curies":[{"name":"wp","href":"https:\/\/api.w.org\/{rel}","templated":true}]}}