{"id":1024,"date":"2022-11-07T01:00:00","date_gmt":"2022-11-07T04:00:00","guid":{"rendered":"https:\/\/www.oracaoefe.com\/?p=1024"},"modified":"2022-11-05T00:10:20","modified_gmt":"2022-11-05T03:10:20","slug":"oracao-para-comecar-o-dia-seja-paciente","status":"publish","type":"post","link":"https:\/\/www.oracaoefe.com\/fr\/oracao-para-comecar-o-dia-seja-paciente\/","title":{"rendered":"Pri\u00e8re pour commencer la journ\u00e9e : Soyez patient !"},"content":{"rendered":"<p class=\"wp-block-paragraph\">Comece seu dia com a seguinte frase: &#8220;A paci\u00eancia \u00e9 uma maneira pela qual Deus responde \u00e0 nossa fraqueza para nos dar tempo para mudar\u201d. Com isso em mente, siga para a ora\u00e7\u00e3o do dia!&nbsp;<\/p>\n\n\n\n<figure class=\"wp-block-image size-large\"><img loading=\"lazy\" decoding=\"async\" width=\"1024\" height=\"576\" src=\"https:\/\/www.oracaoefe.com\/wp-content\/uploads\/2022\/11\/Oracao-2-1024x576.jpg\" alt=\"\" class=\"wp-image-1015\" srcset=\"https:\/\/www.oracaoefe.com\/wp-content\/uploads\/2022\/11\/Oracao-2-1024x576.jpg 1024w, https:\/\/www.oracaoefe.com\/wp-content\/uploads\/2022\/11\/Oracao-2-300x169.jpg 300w, https:\/\/www.oracaoefe.com\/wp-content\/uploads\/2022\/11\/Oracao-2-768x432.jpg 768w, https:\/\/www.oracaoefe.com\/wp-content\/uploads\/2022\/11\/Oracao-2-18x10.jpg 18w, https:\/\/www.oracaoefe.com\/wp-content\/uploads\/2022\/11\/Oracao-2-383x215.jpg 383w, https:\/\/www.oracaoefe.com\/wp-content\/uploads\/2022\/11\/Oracao-2.jpg 1200w\" sizes=\"auto, (max-width: 1024px) 100vw, 1024px\" \/><\/figure>\n\n\n\n<h2 class=\"wp-block-heading\">Pri\u00e8re du jour<\/h2>\n\n\n\n<p class=\"wp-block-paragraph\"><em>Senhor Jesus Cristo,&nbsp;<\/em><\/p>\n\n\n\n<p class=\"wp-block-paragraph\"><em>muitas vezes tenho sido impaciente.<\/em><\/p>\n\n\n\n<p class=\"wp-block-paragraph\"><em>Eu queria desistir de tudo, eu queria ceder \u00e0 dor.<\/em><\/p>\n\n\n\n<p class=\"wp-block-paragraph\"><em>Eu queria escolher o caminho mais f\u00e1cil: o desespero.<\/em><\/p>\n\n\n\n<p class=\"wp-block-paragraph\"><em>Voc\u00ea nunca perdeu a paci\u00eancia.<\/em><\/p>\n\n\n\n<p class=\"wp-block-paragraph\"><em>Voc\u00ea suportou uma vida inteira e sofreu<\/em><\/p>\n\n\n\n<p class=\"wp-block-paragraph\"><em>Para me salvar tamb\u00e9m.&nbsp;<\/em><\/p>\n\n\n\n<p class=\"wp-block-paragraph\"><em>Trago-te a minha dor: enche-me com a tua alegria.<\/em><\/p>\n\n\n\n<p class=\"wp-block-paragraph\"><em>Trago-te a minha solid\u00e3o: coloca a tua presen\u00e7a em mim.<\/em><\/p>\n\n\n\n<p class=\"wp-block-paragraph\"><em>Trago-te os meus conflitos: coloca a tua paz em mim.<\/em><\/p>\n\n\n\n<p class=\"wp-block-paragraph\"><em>Trago-te os meus fracassos: faz germinar em mim o teu futuro.<\/em><\/p>\n\n\n\n<p class=\"wp-block-paragraph\"><em>Amen.<\/em><\/p>\n\n\n\n<h3 class=\"wp-block-heading\">Message et pens\u00e9e du jour<\/h3>\n\n\n\n<p class=\"wp-block-paragraph\">Sime\u00e3o &#8211; revela S\u00e3o Lucas &#8211; &#8220;esperava a consola\u00e7\u00e3o de Israel&#8221; (Lc 2,25). Alcan\u00e7ando o Templo, no momento em que Maria e Jos\u00e9 trouxeram Jesus, ele acolhe o Messias em seus bra\u00e7os. Aquele que reconhece no Menino que surge para trazer luz ao povo \u00e9 um velho que esperou pacientemente que se cumprissem as promessas de Deus. Ele esperou pacientemente.<\/p>\n\n\n\n<p class=\"wp-block-paragraph\">Considerando a paci\u00eancia do velho Sime\u00e3o, toda a sua vida ele esperou e exercitou um cora\u00e7\u00e3o paciente. Na ora\u00e7\u00e3o, teve o aprendizado de que Deus n\u00e3o vem em situa\u00e7\u00f5es extraordin\u00e1rias, mas procede em sua obra de forma mon\u00f3tona, cotidianamente, no ritmo \u00e0s vezes cansativo das atividades, nas pequenas coisas que continuamos a fazer com tenacidade e humildade ao procurar fazer sua vontade.\u00a0<\/p>\n\n\n\n<p class=\"wp-block-paragraph\">De modo a caminhar pacientemente, Sime\u00e3o n\u00e3o ficou abatido pela passagem do tempo. Ele agora \u00e9 um homem velho, mas a chama em seu cora\u00e7\u00e3o ainda est\u00e1 queimando; em sua longa vida, ele \u00e0s vezes foi magoado, desapontado, e ainda assim n\u00e3o perdeu a esperan\u00e7a; com paci\u00eancia cumpre a promessa, \u2014 cumprir a promessa \u2014 sem se deixar invadir pela amargura do passado ou por aquela melancolia resignada que surge quando se chega ao crep\u00fasculo da vida.\u00a0<\/p>\n\n\n\n<p class=\"wp-block-paragraph\">A esperan\u00e7a da expectativa exprimiu-se nele na paci\u00eancia quotidiana de quem, apesar de tudo, permaneceu vigilante, at\u00e9 que finalmente &#8220;os seus olhos viram a salva\u00e7\u00e3o&#8221; (cf. Lc 2,30).<\/p>\n\n\n\n<p class=\"wp-block-paragraph\">A paci\u00eancia de Sime\u00e3o \u00e9, portanto, um espelho da paci\u00eancia de Deus. Da ora\u00e7\u00e3o e da hist\u00f3ria de seu povo, Sime\u00e3o aprendeu que Deus \u00e9 paciente. Com sua paci\u00eancia, ele \u201cnos exorta \u00e0 convers\u00e3o\u201d (Rm 2,4).<\/p>\n\n\n\n<p class=\"wp-block-paragraph\">Este \u00e9 o motivo da nossa esperan\u00e7a: Deus est\u00e1 esperando por n\u00f3s sem nunca ficar cansado. Deus aguarda por n\u00f3s. Quando nos afastamos Ele nos levanta, quando ca\u00edmos Ele nos levanta, quando voltamos para Ele depois de nos perdermos Ele nos espera de bra\u00e7os abertos. Ele \u00e9 paciente.<\/p>","protected":false},"excerpt":{"rendered":"<p>Comece seu dia com a seguinte frase: &#8220;A paci\u00eancia \u00e9 uma maneira pela qual Deus responde \u00e0 nossa fraqueza para nos dar tempo para mudar\u201d. Com isso em mente, siga para a ora\u00e7\u00e3o do dia!&nbsp; Ora\u00e7\u00e3o do dia Senhor Jesus Cristo,&nbsp; muitas vezes tenho sido impaciente. Eu queria desistir de tudo, eu queria ceder \u00e0&hellip;&nbsp;<\/p>","protected":false},"author":3,"featured_media":1015,"comment_status":"open","ping_status":"open","sticky":false,"template":"","format":"standard","meta":{"neve_meta_sidebar":"","neve_meta_container":"","neve_meta_enable_content_width":"","neve_meta_content_width":0,"neve_meta_title_alignment":"","neve_meta_author_avatar":"","neve_post_elements_order":"","neve_meta_disable_header":"","neve_meta_disable_footer":"","neve_meta_disable_title":"","footnotes":""},"categories":[2],"tags":[160,163],"class_list":["post-1024","post","type-post","status-publish","format-standard","has-post-thumbnail","hentry","category-oracao","tag-oracao-do-dia","tag-prece-do-dia"],"yoast_head":"<!-- This site is optimized with the Yoast SEO plugin v28.4 - https:\/\/yoast.com\/product\/yoast-seo-wordpress\/ -->\n<title>Ora\u00e7\u00e3o para come\u00e7ar o dia: Seja paciente! - Ora\u00e7\u00e3o e F\u00e9<\/title>\n<meta name=\"description\" content=\"Deus tem pra voc\u00ea uma palavra de vida!\" \/>\n<meta name=\"robots\" content=\"index, follow, max-snippet:-1, max-image-preview:large, max-video-preview:-1\" \/>\n<link rel=\"canonical\" href=\"https:\/\/www.oracaoefe.com\/fr\/oracao-para-comecar-o-dia-seja-paciente\/\" \/>\n<meta property=\"og:locale\" content=\"fr_FR\" \/>\n<meta property=\"og:type\" content=\"article\" \/>\n<meta property=\"og:title\" content=\"Ora\u00e7\u00e3o para come\u00e7ar o dia: Seja paciente! - Ora\u00e7\u00e3o e F\u00e9\" \/>\n<meta property=\"og:description\" content=\"Deus tem pra voc\u00ea uma palavra de vida!\" \/>\n<meta property=\"og:url\" content=\"https:\/\/www.oracaoefe.com\/fr\/oracao-para-comecar-o-dia-seja-paciente\/\" \/>\n<meta property=\"og:site_name\" content=\"Ora\u00e7\u00e3o e F\u00e9\" \/>\n<meta property=\"article:published_time\" content=\"2022-11-07T04:00:00+00:00\" \/>\n<meta property=\"og:image\" content=\"https:\/\/www.oracaoefe.com\/wp-content\/uploads\/2022\/11\/Oracao-2.jpg\" \/>\n\t<meta property=\"og:image:width\" content=\"1200\" \/>\n\t<meta property=\"og:image:height\" content=\"675\" \/>\n\t<meta property=\"og:image:type\" content=\"image\/jpeg\" \/>\n<meta name=\"author\" content=\"Michele Azevedo\" \/>\n<meta name=\"twitter:card\" content=\"summary_large_image\" \/>\n<meta name=\"twitter:label1\" content=\"\u00c9crit par\" \/>\n\t<meta name=\"twitter:data1\" content=\"Michele Azevedo\" \/>\n\t<meta name=\"twitter:label2\" content=\"Dur\u00e9e de lecture estim\u00e9e\" \/>\n\t<meta name=\"twitter:data2\" content=\"2 minutes\" \/>\n<script type=\"application\/ld+json\" class=\"yoast-schema-graph\">{\"@context\":\"https:\\\/\\\/schema.org\",\"@graph\":[{\"@type\":\"Article\",\"@id\":\"https:\\\/\\\/www.oracaoefe.com\\\/oracao-para-comecar-o-dia-seja-paciente\\\/#article\",\"isPartOf\":{\"@id\":\"https:\\\/\\\/www.oracaoefe.com\\\/oracao-para-comecar-o-dia-seja-paciente\\\/\"},\"author\":{\"name\":\"Michele Azevedo\",\"@id\":\"https:\\\/\\\/www.oracaoefe.com\\\/#\\\/schema\\\/person\\\/17283c669442cf005c4d5bb58adfb7f5\"},\"headline\":\"Ora\u00e7\u00e3o para come\u00e7ar o dia: Seja paciente!\",\"datePublished\":\"2022-11-07T04:00:00+00:00\",\"mainEntityOfPage\":{\"@id\":\"https:\\\/\\\/www.oracaoefe.com\\\/oracao-para-comecar-o-dia-seja-paciente\\\/\"},\"wordCount\":480,\"commentCount\":0,\"image\":{\"@id\":\"https:\\\/\\\/www.oracaoefe.com\\\/oracao-para-comecar-o-dia-seja-paciente\\\/#primaryimage\"},\"thumbnailUrl\":\"https:\\\/\\\/www.oracaoefe.com\\\/wp-content\\\/uploads\\\/2022\\\/11\\\/Oracao-2.jpg\",\"keywords\":[\"ora\u00e7\u00e3o do dia\",\"prece do dia\"],\"articleSection\":[\"Ora\u00e7\u00e3o\"],\"inLanguage\":\"fr-FR\",\"potentialAction\":[{\"@type\":\"CommentAction\",\"name\":\"Comment\",\"target\":[\"https:\\\/\\\/www.oracaoefe.com\\\/oracao-para-comecar-o-dia-seja-paciente\\\/#respond\"]}]},{\"@type\":\"WebPage\",\"@id\":\"https:\\\/\\\/www.oracaoefe.com\\\/oracao-para-comecar-o-dia-seja-paciente\\\/\",\"url\":\"https:\\\/\\\/www.oracaoefe.com\\\/oracao-para-comecar-o-dia-seja-paciente\\\/\",\"name\":\"Ora\u00e7\u00e3o para come\u00e7ar o dia: Seja paciente! - Ora\u00e7\u00e3o e F\u00e9\",\"isPartOf\":{\"@id\":\"https:\\\/\\\/www.oracaoefe.com\\\/#website\"},\"primaryImageOfPage\":{\"@id\":\"https:\\\/\\\/www.oracaoefe.com\\\/oracao-para-comecar-o-dia-seja-paciente\\\/#primaryimage\"},\"image\":{\"@id\":\"https:\\\/\\\/www.oracaoefe.com\\\/oracao-para-comecar-o-dia-seja-paciente\\\/#primaryimage\"},\"thumbnailUrl\":\"https:\\\/\\\/www.oracaoefe.com\\\/wp-content\\\/uploads\\\/2022\\\/11\\\/Oracao-2.jpg\",\"datePublished\":\"2022-11-07T04:00:00+00:00\",\"author\":{\"@id\":\"https:\\\/\\\/www.oracaoefe.com\\\/#\\\/schema\\\/person\\\/17283c669442cf005c4d5bb58adfb7f5\"},\"description\":\"Deus tem pra voc\u00ea uma palavra de vida!\",\"breadcrumb\":{\"@id\":\"https:\\\/\\\/www.oracaoefe.com\\\/oracao-para-comecar-o-dia-seja-paciente\\\/#breadcrumb\"},\"inLanguage\":\"fr-FR\",\"potentialAction\":[{\"@type\":\"ReadAction\",\"target\":[\"https:\\\/\\\/www.oracaoefe.com\\\/oracao-para-comecar-o-dia-seja-paciente\\\/\"]}]},{\"@type\":\"ImageObject\",\"inLanguage\":\"fr-FR\",\"@id\":\"https:\\\/\\\/www.oracaoefe.com\\\/oracao-para-comecar-o-dia-seja-paciente\\\/#primaryimage\",\"url\":\"https:\\\/\\\/www.oracaoefe.com\\\/wp-content\\\/uploads\\\/2022\\\/11\\\/Oracao-2.jpg\",\"contentUrl\":\"https:\\\/\\\/www.oracaoefe.com\\\/wp-content\\\/uploads\\\/2022\\\/11\\\/Oracao-2.jpg\",\"width\":1200,\"height\":675},{\"@type\":\"BreadcrumbList\",\"@id\":\"https:\\\/\\\/www.oracaoefe.com\\\/oracao-para-comecar-o-dia-seja-paciente\\\/#breadcrumb\",\"itemListElement\":[{\"@type\":\"ListItem\",\"position\":1,\"name\":\"Home\",\"item\":\"https:\\\/\\\/www.oracaoefe.com\\\/\"},{\"@type\":\"ListItem\",\"position\":2,\"name\":\"Ora\u00e7\u00e3o\",\"item\":\"https:\\\/\\\/www.oracaoefe.com\\\/category\\\/oracao\\\/\"},{\"@type\":\"ListItem\",\"position\":3,\"name\":\"Ora\u00e7\u00e3o para come\u00e7ar o dia: Seja paciente!\"}]},{\"@type\":\"WebSite\",\"@id\":\"https:\\\/\\\/www.oracaoefe.com\\\/#website\",\"url\":\"https:\\\/\\\/www.oracaoefe.com\\\/\",\"name\":\"Ora\u00e7\u00e3o e F\u00e9\",\"description\":\"\",\"potentialAction\":[{\"@type\":\"SearchAction\",\"target\":{\"@type\":\"EntryPoint\",\"urlTemplate\":\"https:\\\/\\\/www.oracaoefe.com\\\/?s={search_term_string}\"},\"query-input\":{\"@type\":\"PropertyValueSpecification\",\"valueRequired\":true,\"valueName\":\"search_term_string\"}}],\"inLanguage\":\"fr-FR\"},{\"@type\":\"Person\",\"@id\":\"https:\\\/\\\/www.oracaoefe.com\\\/#\\\/schema\\\/person\\\/17283c669442cf005c4d5bb58adfb7f5\",\"name\":\"Michele Azevedo\",\"image\":{\"@type\":\"ImageObject\",\"inLanguage\":\"fr-FR\",\"@id\":\"https:\\\/\\\/secure.gravatar.com\\\/avatar\\\/6b0eb9d22841282815e2cd856a0061c45e1761cd54b22e952d98c4746939aa85?s=96&d=mm&r=g\",\"url\":\"https:\\\/\\\/secure.gravatar.com\\\/avatar\\\/6b0eb9d22841282815e2cd856a0061c45e1761cd54b22e952d98c4746939aa85?s=96&d=mm&r=g\",\"contentUrl\":\"https:\\\/\\\/secure.gravatar.com\\\/avatar\\\/6b0eb9d22841282815e2cd856a0061c45e1761cd54b22e952d98c4746939aa85?s=96&d=mm&r=g\",\"caption\":\"Michele Azevedo\"},\"description\":\"Formada em Letras - Portugu\u00eas\\\/ Ingl\u00eas pela Universidade Estadual de Ponta Grossa (UEPG), p\u00f3s-graduada em Arte na Educa\u00e7\u00e3o (FAPI) e Psicopedagogia Escolar (FAPI), idealizadora e propriet\u00e1ria do site Escritora de Sucesso, possui experi\u00eancia em escrita para blogs em geral e atua como redatora e revisora dos conte\u00fados do Ora\u00e7\u00e3o e F\u00e9.\",\"url\":\"https:\\\/\\\/www.oracaoefe.com\\\/fr\\\/author\\\/michele-azevedo\\\/\"}]}<\/script>\n<!-- \/ Yoast SEO plugin. -->","yoast_head_json":{"title":"Ora\u00e7\u00e3o para come\u00e7ar o dia: Seja paciente! - Ora\u00e7\u00e3o e F\u00e9","description":"Dieu a une parole de vie pour vous !","robots":{"index":"index","follow":"follow","max-snippet":"max-snippet:-1","max-image-preview":"max-image-preview:large","max-video-preview":"max-video-preview:-1"},"canonical":"https:\/\/www.oracaoefe.com\/fr\/oracao-para-comecar-o-dia-seja-paciente\/","og_locale":"fr_FR","og_type":"article","og_title":"Ora\u00e7\u00e3o para come\u00e7ar o dia: Seja paciente! - Ora\u00e7\u00e3o e F\u00e9","og_description":"Deus tem pra voc\u00ea uma palavra de vida!","og_url":"https:\/\/www.oracaoefe.com\/fr\/oracao-para-comecar-o-dia-seja-paciente\/","og_site_name":"Ora\u00e7\u00e3o e F\u00e9","article_published_time":"2022-11-07T04:00:00+00:00","og_image":[{"width":1200,"height":675,"url":"https:\/\/www.oracaoefe.com\/wp-content\/uploads\/2022\/11\/Oracao-2.jpg","type":"image\/jpeg"}],"author":"Michele Azevedo","twitter_card":"summary_large_image","twitter_misc":{"\u00c9crit par":"Michele Azevedo","Dur\u00e9e de lecture estim\u00e9e":"2 minutes"},"schema":{"@context":"https:\/\/schema.org","@graph":[{"@type":"Article","@id":"https:\/\/www.oracaoefe.com\/oracao-para-comecar-o-dia-seja-paciente\/#article","isPartOf":{"@id":"https:\/\/www.oracaoefe.com\/oracao-para-comecar-o-dia-seja-paciente\/"},"author":{"name":"Michele Azevedo","@id":"https:\/\/www.oracaoefe.com\/#\/schema\/person\/17283c669442cf005c4d5bb58adfb7f5"},"headline":"Ora\u00e7\u00e3o para come\u00e7ar o dia: Seja paciente!","datePublished":"2022-11-07T04:00:00+00:00","mainEntityOfPage":{"@id":"https:\/\/www.oracaoefe.com\/oracao-para-comecar-o-dia-seja-paciente\/"},"wordCount":480,"commentCount":0,"image":{"@id":"https:\/\/www.oracaoefe.com\/oracao-para-comecar-o-dia-seja-paciente\/#primaryimage"},"thumbnailUrl":"https:\/\/www.oracaoefe.com\/wp-content\/uploads\/2022\/11\/Oracao-2.jpg","keywords":["ora\u00e7\u00e3o do dia","prece do dia"],"articleSection":["Ora\u00e7\u00e3o"],"inLanguage":"fr-FR","potentialAction":[{"@type":"CommentAction","name":"Comment","target":["https:\/\/www.oracaoefe.com\/oracao-para-comecar-o-dia-seja-paciente\/#respond"]}]},{"@type":"WebPage","@id":"https:\/\/www.oracaoefe.com\/oracao-para-comecar-o-dia-seja-paciente\/","url":"https:\/\/www.oracaoefe.com\/oracao-para-comecar-o-dia-seja-paciente\/","name":"Ora\u00e7\u00e3o para come\u00e7ar o dia: Seja paciente! - Ora\u00e7\u00e3o e F\u00e9","isPartOf":{"@id":"https:\/\/www.oracaoefe.com\/#website"},"primaryImageOfPage":{"@id":"https:\/\/www.oracaoefe.com\/oracao-para-comecar-o-dia-seja-paciente\/#primaryimage"},"image":{"@id":"https:\/\/www.oracaoefe.com\/oracao-para-comecar-o-dia-seja-paciente\/#primaryimage"},"thumbnailUrl":"https:\/\/www.oracaoefe.com\/wp-content\/uploads\/2022\/11\/Oracao-2.jpg","datePublished":"2022-11-07T04:00:00+00:00","author":{"@id":"https:\/\/www.oracaoefe.com\/#\/schema\/person\/17283c669442cf005c4d5bb58adfb7f5"},"description":"Dieu a une parole de vie pour vous !","breadcrumb":{"@id":"https:\/\/www.oracaoefe.com\/oracao-para-comecar-o-dia-seja-paciente\/#breadcrumb"},"inLanguage":"fr-FR","potentialAction":[{"@type":"ReadAction","target":["https:\/\/www.oracaoefe.com\/oracao-para-comecar-o-dia-seja-paciente\/"]}]},{"@type":"ImageObject","inLanguage":"fr-FR","@id":"https:\/\/www.oracaoefe.com\/oracao-para-comecar-o-dia-seja-paciente\/#primaryimage","url":"https:\/\/www.oracaoefe.com\/wp-content\/uploads\/2022\/11\/Oracao-2.jpg","contentUrl":"https:\/\/www.oracaoefe.com\/wp-content\/uploads\/2022\/11\/Oracao-2.jpg","width":1200,"height":675},{"@type":"BreadcrumbList","@id":"https:\/\/www.oracaoefe.com\/oracao-para-comecar-o-dia-seja-paciente\/#breadcrumb","itemListElement":[{"@type":"ListItem","position":1,"name":"Home","item":"https:\/\/www.oracaoefe.com\/"},{"@type":"ListItem","position":2,"name":"Ora\u00e7\u00e3o","item":"https:\/\/www.oracaoefe.com\/category\/oracao\/"},{"@type":"ListItem","position":3,"name":"Ora\u00e7\u00e3o para come\u00e7ar o dia: Seja paciente!"}]},{"@type":"WebSite","@id":"https:\/\/www.oracaoefe.com\/#website","url":"https:\/\/www.oracaoefe.com\/","name":"Pri\u00e8re et foi","description":"","potentialAction":[{"@type":"SearchAction","target":{"@type":"EntryPoint","urlTemplate":"https:\/\/www.oracaoefe.com\/?s={search_term_string}"},"query-input":{"@type":"PropertyValueSpecification","valueRequired":true,"valueName":"search_term_string"}}],"inLanguage":"fr-FR"},{"@type":"Person","@id":"https:\/\/www.oracaoefe.com\/#\/schema\/person\/17283c669442cf005c4d5bb58adfb7f5","name":"Michele Azevedo","image":{"@type":"ImageObject","inLanguage":"fr-FR","@id":"https:\/\/secure.gravatar.com\/avatar\/6b0eb9d22841282815e2cd856a0061c45e1761cd54b22e952d98c4746939aa85?s=96&d=mm&r=g","url":"https:\/\/secure.gravatar.com\/avatar\/6b0eb9d22841282815e2cd856a0061c45e1761cd54b22e952d98c4746939aa85?s=96&d=mm&r=g","contentUrl":"https:\/\/secure.gravatar.com\/avatar\/6b0eb9d22841282815e2cd856a0061c45e1761cd54b22e952d98c4746939aa85?s=96&d=mm&r=g","caption":"Michele Azevedo"},"description":"Dipl\u00f4m\u00e9e en litt\u00e9rature portugaise\/anglaise de l&#039;Universit\u00e9 d&#039;\u00c9tat de Ponta Grossa (UEPG), avec des dipl\u00f4mes de troisi\u00e8me cycle en art dans l&#039;\u00e9ducation (FAPI) et en psychop\u00e9dagogie scolaire (FAPI), elle est la cr\u00e9atrice et propri\u00e9taire du site web Escritora de Sucesso, a de l&#039;exp\u00e9rience dans l&#039;\u00e9criture pour les blogs en g\u00e9n\u00e9ral et travaille comme r\u00e9dactrice et \u00e9ditrice du contenu pour Ora\u00e7\u00e3o e F\u00e9.","url":"https:\/\/www.oracaoefe.com\/fr\/author\/michele-azevedo\/"}]}},"_links":{"self":[{"href":"https:\/\/www.oracaoefe.com\/fr\/wp-json\/wp\/v2\/posts\/1024","targetHints":{"allow":["GET"]}}],"collection":[{"href":"https:\/\/www.oracaoefe.com\/fr\/wp-json\/wp\/v2\/posts"}],"about":[{"href":"https:\/\/www.oracaoefe.com\/fr\/wp-json\/wp\/v2\/types\/post"}],"author":[{"embeddable":true,"href":"https:\/\/www.oracaoefe.com\/fr\/wp-json\/wp\/v2\/users\/3"}],"replies":[{"embeddable":true,"href":"https:\/\/www.oracaoefe.com\/fr\/wp-json\/wp\/v2\/comments?post=1024"}],"version-history":[{"count":2,"href":"https:\/\/www.oracaoefe.com\/fr\/wp-json\/wp\/v2\/posts\/1024\/revisions"}],"predecessor-version":[{"id":1027,"href":"https:\/\/www.oracaoefe.com\/fr\/wp-json\/wp\/v2\/posts\/1024\/revisions\/1027"}],"wp:featuredmedia":[{"embeddable":true,"href":"https:\/\/www.oracaoefe.com\/fr\/wp-json\/wp\/v2\/media\/1015"}],"wp:attachment":[{"href":"https:\/\/www.oracaoefe.com\/fr\/wp-json\/wp\/v2\/media?parent=1024"}],"wp:term":[{"taxonomy":"category","embeddable":true,"href":"https:\/\/www.oracaoefe.com\/fr\/wp-json\/wp\/v2\/categories?post=1024"},{"taxonomy":"post_tag","embeddable":true,"href":"https:\/\/www.oracaoefe.com\/fr\/wp-json\/wp\/v2\/tags?post=1024"}],"curies":[{"name":"wp","href":"https:\/\/api.w.org\/{rel}","templated":true}]}}