{"id":1019,"date":"2022-11-06T01:00:00","date_gmt":"2022-11-06T04:00:00","guid":{"rendered":"https:\/\/www.oracaoefe.com\/?p=1019"},"modified":"2022-11-04T23:57:32","modified_gmt":"2022-11-05T02:57:32","slug":"oracao-do-dia-busque-a-generosidade","status":"publish","type":"post","link":"https:\/\/www.oracaoefe.com\/fr\/oracao-do-dia-busque-a-generosidade\/","title":{"rendered":"Pri\u00e8re pour commencer la journ\u00e9e : Cherchez la g\u00e9n\u00e9rosit\u00e9 !"},"content":{"rendered":"<p class=\"wp-block-paragraph\">E se fiz\u00e9ssemos da generosidade um modo de vida, um h\u00e1bito ou mesmo uma coisa natural? Comece este dia com algumas chaves para ajudar neste compromisso, todos os dias, a ser um pouco mais generoso.<\/p>\n\n\n\n<figure class=\"wp-block-image size-large\"><img loading=\"lazy\" decoding=\"async\" width=\"1024\" height=\"576\" src=\"https:\/\/www.oracaoefe.com\/wp-content\/uploads\/2022\/11\/Oracao-3-1024x576.jpg\" alt=\"\" class=\"wp-image-1014\" srcset=\"https:\/\/www.oracaoefe.com\/wp-content\/uploads\/2022\/11\/Oracao-3-1024x576.jpg 1024w, https:\/\/www.oracaoefe.com\/wp-content\/uploads\/2022\/11\/Oracao-3-300x169.jpg 300w, https:\/\/www.oracaoefe.com\/wp-content\/uploads\/2022\/11\/Oracao-3-768x432.jpg 768w, https:\/\/www.oracaoefe.com\/wp-content\/uploads\/2022\/11\/Oracao-3-18x10.jpg 18w, https:\/\/www.oracaoefe.com\/wp-content\/uploads\/2022\/11\/Oracao-3-383x215.jpg 383w, https:\/\/www.oracaoefe.com\/wp-content\/uploads\/2022\/11\/Oracao-3.jpg 1200w\" sizes=\"auto, (max-width: 1024px) 100vw, 1024px\" \/><\/figure>\n\n\n\n<h2 class=\"wp-block-heading\">Pri\u00e8re du jour<\/h2>\n\n\n\n<p class=\"wp-block-paragraph\"><em>Senhor Jesus, d\u00e1-me for\u00e7a&nbsp;<\/em><\/p>\n\n\n\n<p class=\"wp-block-paragraph\"><em>E principalmente me ajude a ser mais generoso<\/em><\/p>\n\n\n\n<p class=\"wp-block-paragraph\"><em>Quando o mundo me leva na dire\u00e7\u00e3o do ego\u00edsmo;<\/em><\/p>\n\n\n\n<p class=\"wp-block-paragraph\"><em>Ajude-me a sentir a generosidade,<\/em><\/p>\n\n\n\n<p class=\"wp-block-paragraph\"><em>com gentileza,<\/em><\/p>\n\n\n\n<p class=\"wp-block-paragraph\"><em>E responder ao ego\u00edsmo com generosidade.<\/em><\/p>\n\n\n\n<p class=\"wp-block-paragraph\"><em>D\u00e1-me para entrar no teu modo de ver.<\/em><\/p>\n\n\n\n<p class=\"wp-block-paragraph\"><em>D\u00e1-me para me parecer contigo o mais poss\u00edvel,<\/em><\/p>\n\n\n\n<p class=\"wp-block-paragraph\"><em>Assim posso ser tua testemunha<\/em><\/p>\n\n\n\n<p class=\"wp-block-paragraph\"><em>E um raio de tua luz.<\/em><\/p>\n\n\n\n<h3 class=\"wp-block-heading\">Message et pens\u00e9e du jour<\/h3>\n\n\n\n<p class=\"wp-block-paragraph\">Nossa sociedade moderna, muitas vezes descrita como &#8220;individualista&#8221;, no entanto, experimenta imensas explos\u00f5es de generosidade ap\u00f3s desastres naturais, trag\u00e9dias&#8230; Por que esperar o pior para cuidar do bem-estar do pr\u00f3ximo, colocar as necessidades de nossos entes queridos antes do nosso? A generosidade se aprende e se cultiva e veremos que n\u00e3o passa apenas no dom de nossas coisas materiais.<\/p>\n\n\n\n<p class=\"wp-block-paragraph\">N\u00e3o h\u00e1 grau de generosidade, todo presente \u00e9 carregado de amor! Ent\u00e3o tente colocar essas poucas dicas em pr\u00e1tica, parece que a generosidade te deixa muito feliz e n\u00e3o sou eu quem diz: &#8220;H\u00e1 mais felicidade em dar do que em receber!&#8221; (Atos 20, 35)<\/p>\n\n\n\n<h4 class=\"wp-block-heading\">Pense naqueles que t\u00eam menos<\/h4>\n\n\n\n<p class=\"wp-block-paragraph\">\u201cPor causa dessa generosidade, o Senhor, seu Deus, os aben\u00e7oar\u00e1 em tudo o que fizerem. Sempre haver\u00e1 pobres em seu pa\u00eds, portanto, ordeno que seja generoso com seus compatriotas infelizes e pobres\u201d. (Mois\u00e9s, Deuteron\u00f4mio 15, 10-11)<\/p>\n\n\n\n<p class=\"wp-block-paragraph\">Desde tenra idade, uma crian\u00e7a \u00e9 capaz de entender que recebeu muito, mais do que outras, e que algumas pessoas est\u00e3o em terr\u00edvel mis\u00e9ria. Para permitir essa consci\u00eancia na crian\u00e7a, v\u00e1rias pequenas a\u00e7\u00f5es e h\u00e1bitos podem ser colocados em pr\u00e1tica.<\/p>\n\n\n\n<p class=\"wp-block-paragraph\">Com a aproxima\u00e7\u00e3o do Natal, por exemplo, \u00e9 comum em algumas fam\u00edlias pedir para as crian\u00e7as recolherem jogos que n\u00e3o s\u00e3o mais usados \u200b\u200b(sem quebrar!). Dar uma segunda vida aos seus brinquedos tamb\u00e9m pode ser feito em outras ocasi\u00f5es durante o ano: grandes limpezas de primavera, visitas a um hospital ou parentes em uma situa\u00e7\u00e3o financeira complicada.<\/p>\n\n\n\n<h4 class=\"wp-block-heading\">Pequenos gestos<\/h4>\n\n\n\n<p class=\"wp-block-paragraph\">Muitos pequenos gestos &#8220;an\u00f4nimos&#8221; s\u00e3o poss\u00edveis no dia a dia: doar sangue, colocar um saco de biscoitos ou uma boa refei\u00e7\u00e3o caseira na frente da porta de um vizinho solit\u00e1rio, vi\u00favo ou doente, deixar livros debaixo de um ponto de \u00f4nibus que voc\u00ea apreciados, apenas pelo prazer de saber que ser\u00e3o lidos e certamente apreciados por outros.<\/p>\n\n\n\n<p class=\"wp-block-paragraph\">\u201cPor causa dessa generosidade, o Senhor, seu Deus, os aben\u00e7oar\u00e1 em tudo o que fizerem. Sempre haver\u00e1 pobres em seu pa\u00eds, por isso eu ordeno que voc\u00ea seja generoso com seus compatriotas infelizes e pobres. (Deuteron\u00f4mio 15, 10-11)<\/p>\n\n\n\n<p class=\"wp-block-paragraph\">A generosidade n\u00e3o envolve necessariamente a doa\u00e7\u00e3o de bens materiais. A generosidade exige bondade. Se isso \u00e9 bastante natural para alguns, exige um esfor\u00e7o especial para outros. A benevol\u00eancia envolve prestar aten\u00e7\u00e3o ao nosso pr\u00f3ximo, quer o conhe\u00e7amos ou n\u00e3o. A nossa atitude para com os que nos rodeiam pode ser mudada por mais alguns sorrisos, um ouvido atento que ret\u00e9m e um olhar que quer ser terno.<\/p>","protected":false},"excerpt":{"rendered":"<p>E se fiz\u00e9ssemos da generosidade um modo de vida, um h\u00e1bito ou mesmo uma coisa natural? Comece este dia com algumas chaves para ajudar neste compromisso, todos os dias, a ser um pouco mais generoso. Ora\u00e7\u00e3o do dia Senhor Jesus, d\u00e1-me for\u00e7a&nbsp; E principalmente me ajude a ser mais generoso Quando o mundo me leva&hellip;&nbsp;<\/p>","protected":false},"author":3,"featured_media":1014,"comment_status":"open","ping_status":"open","sticky":false,"template":"","format":"standard","meta":{"neve_meta_sidebar":"","neve_meta_container":"","neve_meta_enable_content_width":"","neve_meta_content_width":0,"neve_meta_title_alignment":"","neve_meta_author_avatar":"","neve_post_elements_order":"","neve_meta_disable_header":"","neve_meta_disable_footer":"","neve_meta_disable_title":"","footnotes":""},"categories":[2],"tags":[160,163],"class_list":["post-1019","post","type-post","status-publish","format-standard","has-post-thumbnail","hentry","category-oracao","tag-oracao-do-dia","tag-prece-do-dia"],"yoast_head":"<!-- This site is optimized with the Yoast SEO plugin v28.4 - https:\/\/yoast.com\/product\/yoast-seo-wordpress\/ -->\n<title>Ora\u00e7\u00e3o para come\u00e7ar o dia: Busque a generosidade! - Ora\u00e7\u00e3o e F\u00e9<\/title>\n<meta name=\"description\" content=\"Deus tem pra voc\u00ea uma palavra de vida!\" \/>\n<meta name=\"robots\" content=\"index, follow, max-snippet:-1, max-image-preview:large, max-video-preview:-1\" \/>\n<link rel=\"canonical\" href=\"https:\/\/www.oracaoefe.com\/fr\/oracao-do-dia-busque-a-generosidade\/\" \/>\n<meta property=\"og:locale\" content=\"fr_FR\" \/>\n<meta property=\"og:type\" content=\"article\" \/>\n<meta property=\"og:title\" content=\"Ora\u00e7\u00e3o para come\u00e7ar o dia: Busque a generosidade! - Ora\u00e7\u00e3o e F\u00e9\" \/>\n<meta property=\"og:description\" content=\"Deus tem pra voc\u00ea uma palavra de vida!\" \/>\n<meta property=\"og:url\" content=\"https:\/\/www.oracaoefe.com\/fr\/oracao-do-dia-busque-a-generosidade\/\" \/>\n<meta property=\"og:site_name\" content=\"Ora\u00e7\u00e3o e F\u00e9\" \/>\n<meta property=\"article:published_time\" content=\"2022-11-06T04:00:00+00:00\" \/>\n<meta property=\"og:image\" content=\"https:\/\/www.oracaoefe.com\/wp-content\/uploads\/2022\/11\/Oracao-3.jpg\" \/>\n\t<meta property=\"og:image:width\" content=\"1200\" \/>\n\t<meta property=\"og:image:height\" content=\"675\" \/>\n\t<meta property=\"og:image:type\" content=\"image\/jpeg\" \/>\n<meta name=\"author\" content=\"Michele Azevedo\" \/>\n<meta name=\"twitter:card\" content=\"summary_large_image\" \/>\n<meta name=\"twitter:label1\" content=\"\u00c9crit par\" \/>\n\t<meta name=\"twitter:data1\" content=\"Michele Azevedo\" \/>\n\t<meta name=\"twitter:label2\" content=\"Dur\u00e9e de lecture estim\u00e9e\" \/>\n\t<meta name=\"twitter:data2\" content=\"3 minutes\" \/>\n<script type=\"application\/ld+json\" class=\"yoast-schema-graph\">{\"@context\":\"https:\\\/\\\/schema.org\",\"@graph\":[{\"@type\":\"Article\",\"@id\":\"https:\\\/\\\/www.oracaoefe.com\\\/oracao-do-dia-busque-a-generosidade\\\/#article\",\"isPartOf\":{\"@id\":\"https:\\\/\\\/www.oracaoefe.com\\\/oracao-do-dia-busque-a-generosidade\\\/\"},\"author\":{\"name\":\"Michele Azevedo\",\"@id\":\"https:\\\/\\\/www.oracaoefe.com\\\/#\\\/schema\\\/person\\\/17283c669442cf005c4d5bb58adfb7f5\"},\"headline\":\"Ora\u00e7\u00e3o para come\u00e7ar o dia: Busque a generosidade!\",\"datePublished\":\"2022-11-06T04:00:00+00:00\",\"mainEntityOfPage\":{\"@id\":\"https:\\\/\\\/www.oracaoefe.com\\\/oracao-do-dia-busque-a-generosidade\\\/\"},\"wordCount\":576,\"commentCount\":0,\"image\":{\"@id\":\"https:\\\/\\\/www.oracaoefe.com\\\/oracao-do-dia-busque-a-generosidade\\\/#primaryimage\"},\"thumbnailUrl\":\"https:\\\/\\\/www.oracaoefe.com\\\/wp-content\\\/uploads\\\/2022\\\/11\\\/Oracao-3.jpg\",\"keywords\":[\"ora\u00e7\u00e3o do dia\",\"prece do dia\"],\"articleSection\":[\"Ora\u00e7\u00e3o\"],\"inLanguage\":\"fr-FR\",\"potentialAction\":[{\"@type\":\"CommentAction\",\"name\":\"Comment\",\"target\":[\"https:\\\/\\\/www.oracaoefe.com\\\/oracao-do-dia-busque-a-generosidade\\\/#respond\"]}]},{\"@type\":\"WebPage\",\"@id\":\"https:\\\/\\\/www.oracaoefe.com\\\/oracao-do-dia-busque-a-generosidade\\\/\",\"url\":\"https:\\\/\\\/www.oracaoefe.com\\\/oracao-do-dia-busque-a-generosidade\\\/\",\"name\":\"Ora\u00e7\u00e3o para come\u00e7ar o dia: Busque a generosidade! - Ora\u00e7\u00e3o e F\u00e9\",\"isPartOf\":{\"@id\":\"https:\\\/\\\/www.oracaoefe.com\\\/#website\"},\"primaryImageOfPage\":{\"@id\":\"https:\\\/\\\/www.oracaoefe.com\\\/oracao-do-dia-busque-a-generosidade\\\/#primaryimage\"},\"image\":{\"@id\":\"https:\\\/\\\/www.oracaoefe.com\\\/oracao-do-dia-busque-a-generosidade\\\/#primaryimage\"},\"thumbnailUrl\":\"https:\\\/\\\/www.oracaoefe.com\\\/wp-content\\\/uploads\\\/2022\\\/11\\\/Oracao-3.jpg\",\"datePublished\":\"2022-11-06T04:00:00+00:00\",\"author\":{\"@id\":\"https:\\\/\\\/www.oracaoefe.com\\\/#\\\/schema\\\/person\\\/17283c669442cf005c4d5bb58adfb7f5\"},\"description\":\"Deus tem pra voc\u00ea uma palavra de vida!\",\"breadcrumb\":{\"@id\":\"https:\\\/\\\/www.oracaoefe.com\\\/oracao-do-dia-busque-a-generosidade\\\/#breadcrumb\"},\"inLanguage\":\"fr-FR\",\"potentialAction\":[{\"@type\":\"ReadAction\",\"target\":[\"https:\\\/\\\/www.oracaoefe.com\\\/oracao-do-dia-busque-a-generosidade\\\/\"]}]},{\"@type\":\"ImageObject\",\"inLanguage\":\"fr-FR\",\"@id\":\"https:\\\/\\\/www.oracaoefe.com\\\/oracao-do-dia-busque-a-generosidade\\\/#primaryimage\",\"url\":\"https:\\\/\\\/www.oracaoefe.com\\\/wp-content\\\/uploads\\\/2022\\\/11\\\/Oracao-3.jpg\",\"contentUrl\":\"https:\\\/\\\/www.oracaoefe.com\\\/wp-content\\\/uploads\\\/2022\\\/11\\\/Oracao-3.jpg\",\"width\":1200,\"height\":675},{\"@type\":\"BreadcrumbList\",\"@id\":\"https:\\\/\\\/www.oracaoefe.com\\\/oracao-do-dia-busque-a-generosidade\\\/#breadcrumb\",\"itemListElement\":[{\"@type\":\"ListItem\",\"position\":1,\"name\":\"Home\",\"item\":\"https:\\\/\\\/www.oracaoefe.com\\\/\"},{\"@type\":\"ListItem\",\"position\":2,\"name\":\"Ora\u00e7\u00e3o\",\"item\":\"https:\\\/\\\/www.oracaoefe.com\\\/category\\\/oracao\\\/\"},{\"@type\":\"ListItem\",\"position\":3,\"name\":\"Ora\u00e7\u00e3o para come\u00e7ar o dia: Busque a generosidade!\"}]},{\"@type\":\"WebSite\",\"@id\":\"https:\\\/\\\/www.oracaoefe.com\\\/#website\",\"url\":\"https:\\\/\\\/www.oracaoefe.com\\\/\",\"name\":\"Ora\u00e7\u00e3o e F\u00e9\",\"description\":\"\",\"potentialAction\":[{\"@type\":\"SearchAction\",\"target\":{\"@type\":\"EntryPoint\",\"urlTemplate\":\"https:\\\/\\\/www.oracaoefe.com\\\/?s={search_term_string}\"},\"query-input\":{\"@type\":\"PropertyValueSpecification\",\"valueRequired\":true,\"valueName\":\"search_term_string\"}}],\"inLanguage\":\"fr-FR\"},{\"@type\":\"Person\",\"@id\":\"https:\\\/\\\/www.oracaoefe.com\\\/#\\\/schema\\\/person\\\/17283c669442cf005c4d5bb58adfb7f5\",\"name\":\"Michele Azevedo\",\"image\":{\"@type\":\"ImageObject\",\"inLanguage\":\"fr-FR\",\"@id\":\"https:\\\/\\\/secure.gravatar.com\\\/avatar\\\/6b0eb9d22841282815e2cd856a0061c45e1761cd54b22e952d98c4746939aa85?s=96&d=mm&r=g\",\"url\":\"https:\\\/\\\/secure.gravatar.com\\\/avatar\\\/6b0eb9d22841282815e2cd856a0061c45e1761cd54b22e952d98c4746939aa85?s=96&d=mm&r=g\",\"contentUrl\":\"https:\\\/\\\/secure.gravatar.com\\\/avatar\\\/6b0eb9d22841282815e2cd856a0061c45e1761cd54b22e952d98c4746939aa85?s=96&d=mm&r=g\",\"caption\":\"Michele Azevedo\"},\"description\":\"Formada em Letras - Portugu\u00eas\\\/ Ingl\u00eas pela Universidade Estadual de Ponta Grossa (UEPG), p\u00f3s-graduada em Arte na Educa\u00e7\u00e3o (FAPI) e Psicopedagogia Escolar (FAPI), idealizadora e propriet\u00e1ria do site Escritora de Sucesso, possui experi\u00eancia em escrita para blogs em geral e atua como redatora e revisora dos conte\u00fados do Ora\u00e7\u00e3o e F\u00e9.\",\"url\":\"https:\\\/\\\/www.oracaoefe.com\\\/fr\\\/author\\\/michele-azevedo\\\/\"}]}<\/script>\n<!-- \/ Yoast SEO plugin. -->","yoast_head_json":{"title":"Ora\u00e7\u00e3o para come\u00e7ar o dia: Busque a generosidade! - Ora\u00e7\u00e3o e F\u00e9","description":"Dieu a une parole de vie pour vous !","robots":{"index":"index","follow":"follow","max-snippet":"max-snippet:-1","max-image-preview":"max-image-preview:large","max-video-preview":"max-video-preview:-1"},"canonical":"https:\/\/www.oracaoefe.com\/fr\/oracao-do-dia-busque-a-generosidade\/","og_locale":"fr_FR","og_type":"article","og_title":"Ora\u00e7\u00e3o para come\u00e7ar o dia: Busque a generosidade! - Ora\u00e7\u00e3o e F\u00e9","og_description":"Deus tem pra voc\u00ea uma palavra de vida!","og_url":"https:\/\/www.oracaoefe.com\/fr\/oracao-do-dia-busque-a-generosidade\/","og_site_name":"Ora\u00e7\u00e3o e F\u00e9","article_published_time":"2022-11-06T04:00:00+00:00","og_image":[{"width":1200,"height":675,"url":"https:\/\/www.oracaoefe.com\/wp-content\/uploads\/2022\/11\/Oracao-3.jpg","type":"image\/jpeg"}],"author":"Michele Azevedo","twitter_card":"summary_large_image","twitter_misc":{"\u00c9crit par":"Michele Azevedo","Dur\u00e9e de lecture estim\u00e9e":"3 minutes"},"schema":{"@context":"https:\/\/schema.org","@graph":[{"@type":"Article","@id":"https:\/\/www.oracaoefe.com\/oracao-do-dia-busque-a-generosidade\/#article","isPartOf":{"@id":"https:\/\/www.oracaoefe.com\/oracao-do-dia-busque-a-generosidade\/"},"author":{"name":"Michele Azevedo","@id":"https:\/\/www.oracaoefe.com\/#\/schema\/person\/17283c669442cf005c4d5bb58adfb7f5"},"headline":"Ora\u00e7\u00e3o para come\u00e7ar o dia: Busque a generosidade!","datePublished":"2022-11-06T04:00:00+00:00","mainEntityOfPage":{"@id":"https:\/\/www.oracaoefe.com\/oracao-do-dia-busque-a-generosidade\/"},"wordCount":576,"commentCount":0,"image":{"@id":"https:\/\/www.oracaoefe.com\/oracao-do-dia-busque-a-generosidade\/#primaryimage"},"thumbnailUrl":"https:\/\/www.oracaoefe.com\/wp-content\/uploads\/2022\/11\/Oracao-3.jpg","keywords":["ora\u00e7\u00e3o do dia","prece do dia"],"articleSection":["Ora\u00e7\u00e3o"],"inLanguage":"fr-FR","potentialAction":[{"@type":"CommentAction","name":"Comment","target":["https:\/\/www.oracaoefe.com\/oracao-do-dia-busque-a-generosidade\/#respond"]}]},{"@type":"WebPage","@id":"https:\/\/www.oracaoefe.com\/oracao-do-dia-busque-a-generosidade\/","url":"https:\/\/www.oracaoefe.com\/oracao-do-dia-busque-a-generosidade\/","name":"Ora\u00e7\u00e3o para come\u00e7ar o dia: Busque a generosidade! - Ora\u00e7\u00e3o e F\u00e9","isPartOf":{"@id":"https:\/\/www.oracaoefe.com\/#website"},"primaryImageOfPage":{"@id":"https:\/\/www.oracaoefe.com\/oracao-do-dia-busque-a-generosidade\/#primaryimage"},"image":{"@id":"https:\/\/www.oracaoefe.com\/oracao-do-dia-busque-a-generosidade\/#primaryimage"},"thumbnailUrl":"https:\/\/www.oracaoefe.com\/wp-content\/uploads\/2022\/11\/Oracao-3.jpg","datePublished":"2022-11-06T04:00:00+00:00","author":{"@id":"https:\/\/www.oracaoefe.com\/#\/schema\/person\/17283c669442cf005c4d5bb58adfb7f5"},"description":"Dieu a une parole de vie pour vous !","breadcrumb":{"@id":"https:\/\/www.oracaoefe.com\/oracao-do-dia-busque-a-generosidade\/#breadcrumb"},"inLanguage":"fr-FR","potentialAction":[{"@type":"ReadAction","target":["https:\/\/www.oracaoefe.com\/oracao-do-dia-busque-a-generosidade\/"]}]},{"@type":"ImageObject","inLanguage":"fr-FR","@id":"https:\/\/www.oracaoefe.com\/oracao-do-dia-busque-a-generosidade\/#primaryimage","url":"https:\/\/www.oracaoefe.com\/wp-content\/uploads\/2022\/11\/Oracao-3.jpg","contentUrl":"https:\/\/www.oracaoefe.com\/wp-content\/uploads\/2022\/11\/Oracao-3.jpg","width":1200,"height":675},{"@type":"BreadcrumbList","@id":"https:\/\/www.oracaoefe.com\/oracao-do-dia-busque-a-generosidade\/#breadcrumb","itemListElement":[{"@type":"ListItem","position":1,"name":"Home","item":"https:\/\/www.oracaoefe.com\/"},{"@type":"ListItem","position":2,"name":"Ora\u00e7\u00e3o","item":"https:\/\/www.oracaoefe.com\/category\/oracao\/"},{"@type":"ListItem","position":3,"name":"Ora\u00e7\u00e3o para come\u00e7ar o dia: Busque a generosidade!"}]},{"@type":"WebSite","@id":"https:\/\/www.oracaoefe.com\/#website","url":"https:\/\/www.oracaoefe.com\/","name":"Pri\u00e8re et foi","description":"","potentialAction":[{"@type":"SearchAction","target":{"@type":"EntryPoint","urlTemplate":"https:\/\/www.oracaoefe.com\/?s={search_term_string}"},"query-input":{"@type":"PropertyValueSpecification","valueRequired":true,"valueName":"search_term_string"}}],"inLanguage":"fr-FR"},{"@type":"Person","@id":"https:\/\/www.oracaoefe.com\/#\/schema\/person\/17283c669442cf005c4d5bb58adfb7f5","name":"Michele Azevedo","image":{"@type":"ImageObject","inLanguage":"fr-FR","@id":"https:\/\/secure.gravatar.com\/avatar\/6b0eb9d22841282815e2cd856a0061c45e1761cd54b22e952d98c4746939aa85?s=96&d=mm&r=g","url":"https:\/\/secure.gravatar.com\/avatar\/6b0eb9d22841282815e2cd856a0061c45e1761cd54b22e952d98c4746939aa85?s=96&d=mm&r=g","contentUrl":"https:\/\/secure.gravatar.com\/avatar\/6b0eb9d22841282815e2cd856a0061c45e1761cd54b22e952d98c4746939aa85?s=96&d=mm&r=g","caption":"Michele Azevedo"},"description":"Dipl\u00f4m\u00e9e en litt\u00e9rature portugaise\/anglaise de l&#039;Universit\u00e9 d&#039;\u00c9tat de Ponta Grossa (UEPG), avec des dipl\u00f4mes de troisi\u00e8me cycle en art dans l&#039;\u00e9ducation (FAPI) et en psychop\u00e9dagogie scolaire (FAPI), elle est la cr\u00e9atrice et propri\u00e9taire du site web Escritora de Sucesso, a de l&#039;exp\u00e9rience dans l&#039;\u00e9criture pour les blogs en g\u00e9n\u00e9ral et travaille comme r\u00e9dactrice et \u00e9ditrice du contenu pour Ora\u00e7\u00e3o e F\u00e9.","url":"https:\/\/www.oracaoefe.com\/fr\/author\/michele-azevedo\/"}]}},"_links":{"self":[{"href":"https:\/\/www.oracaoefe.com\/fr\/wp-json\/wp\/v2\/posts\/1019","targetHints":{"allow":["GET"]}}],"collection":[{"href":"https:\/\/www.oracaoefe.com\/fr\/wp-json\/wp\/v2\/posts"}],"about":[{"href":"https:\/\/www.oracaoefe.com\/fr\/wp-json\/wp\/v2\/types\/post"}],"author":[{"embeddable":true,"href":"https:\/\/www.oracaoefe.com\/fr\/wp-json\/wp\/v2\/users\/3"}],"replies":[{"embeddable":true,"href":"https:\/\/www.oracaoefe.com\/fr\/wp-json\/wp\/v2\/comments?post=1019"}],"version-history":[{"count":2,"href":"https:\/\/www.oracaoefe.com\/fr\/wp-json\/wp\/v2\/posts\/1019\/revisions"}],"predecessor-version":[{"id":1022,"href":"https:\/\/www.oracaoefe.com\/fr\/wp-json\/wp\/v2\/posts\/1019\/revisions\/1022"}],"wp:featuredmedia":[{"embeddable":true,"href":"https:\/\/www.oracaoefe.com\/fr\/wp-json\/wp\/v2\/media\/1014"}],"wp:attachment":[{"href":"https:\/\/www.oracaoefe.com\/fr\/wp-json\/wp\/v2\/media?parent=1019"}],"wp:term":[{"taxonomy":"category","embeddable":true,"href":"https:\/\/www.oracaoefe.com\/fr\/wp-json\/wp\/v2\/categories?post=1019"},{"taxonomy":"post_tag","embeddable":true,"href":"https:\/\/www.oracaoefe.com\/fr\/wp-json\/wp\/v2\/tags?post=1019"}],"curies":[{"name":"wp","href":"https:\/\/api.w.org\/{rel}","templated":true}]}}