{"id":1017,"date":"2022-11-05T01:00:00","date_gmt":"2022-11-05T04:00:00","guid":{"rendered":"https:\/\/www.oracaoefe.com\/?p=1017"},"modified":"2022-11-04T23:58:11","modified_gmt":"2022-11-05T02:58:11","slug":"oracao-do-dia-sorria-mais","status":"publish","type":"post","link":"https:\/\/www.oracaoefe.com\/fr\/oracao-do-dia-sorria-mais\/","title":{"rendered":"Pri\u00e8re pour commencer la journ\u00e9e : Souriez plus !"},"content":{"rendered":"<p class=\"wp-block-paragraph\">Nem sempre \u00e9 f\u00e1cil sair da cama de manh\u00e3. N\u00f3s at\u00e9 tendemos a arrastar os p\u00e9s. E acabamos correndo porque estamos atrasados \u200b\u200bpara o trabalho ou para levar as crian\u00e7as para a escola. Ent\u00e3o, como voc\u00ea come\u00e7a o dia bem? Como sair de casa de manh\u00e3 com o melhor humor? Simples: fa\u00e7a uma ora\u00e7\u00e3o.<\/p>\n\n\n\n<figure class=\"wp-block-image size-large\"><img loading=\"lazy\" decoding=\"async\" width=\"1024\" height=\"576\" src=\"https:\/\/www.oracaoefe.com\/wp-content\/uploads\/2022\/11\/Oracao-4-1024x576.jpg\" alt=\"\" class=\"wp-image-1013\" srcset=\"https:\/\/www.oracaoefe.com\/wp-content\/uploads\/2022\/11\/Oracao-4-1024x576.jpg 1024w, https:\/\/www.oracaoefe.com\/wp-content\/uploads\/2022\/11\/Oracao-4-300x169.jpg 300w, https:\/\/www.oracaoefe.com\/wp-content\/uploads\/2022\/11\/Oracao-4-768x432.jpg 768w, https:\/\/www.oracaoefe.com\/wp-content\/uploads\/2022\/11\/Oracao-4-18x10.jpg 18w, https:\/\/www.oracaoefe.com\/wp-content\/uploads\/2022\/11\/Oracao-4-383x215.jpg 383w, https:\/\/www.oracaoefe.com\/wp-content\/uploads\/2022\/11\/Oracao-4.jpg 1200w\" sizes=\"auto, (max-width: 1024px) 100vw, 1024px\" \/><\/figure>\n\n\n\n<h2 class=\"wp-block-heading\">Pri\u00e8re du jour<\/h2>\n\n\n\n<p class=\"wp-block-paragraph\"><em>Senhor,&nbsp; faz de mim&nbsp;<\/em><\/p>\n\n\n\n<p class=\"wp-block-paragraph\"><em>um semeador de sorrisos.<\/em><\/p>\n\n\n\n<p class=\"wp-block-paragraph\"><em>Que sejam risonhos e nunca ir\u00f4nicos,<\/em><\/p>\n\n\n\n<p class=\"wp-block-paragraph\"><em>Radiantes e nunca desdenhosos,<\/em><\/p>\n\n\n\n<p class=\"wp-block-paragraph\"><em>Acolhedores e nunca fechados.<\/em><\/p>\n\n\n\n<p class=\"wp-block-paragraph\"><em>D\u00ea ao meu sorriso&nbsp;<\/em><\/p>\n\n\n\n<p class=\"wp-block-paragraph\"><em>o milagre de trazer<\/em><\/p>\n\n\n\n<p class=\"wp-block-paragraph\"><em>um pouco de for\u00e7a para os fracos,<\/em><\/p>\n\n\n\n<p class=\"wp-block-paragraph\"><em>um pouco de confian\u00e7a para os desesperados,<\/em><\/p>\n\n\n\n<p class=\"wp-block-paragraph\"><em>um pouco de felicidade para os isolados.&nbsp;<\/em><\/p>\n\n\n\n<p class=\"wp-block-paragraph\"><em>Enrique\u00e7a-me com a alegria&nbsp;<\/em><\/p>\n\n\n\n<p class=\"wp-block-paragraph\"><em>de dar vida aos sorrisos.<\/em><\/p>\n\n\n\n<p class=\"wp-block-paragraph\"><em>Senhor, por favor,&nbsp;<\/em><\/p>\n\n\n\n<p class=\"wp-block-paragraph\"><em>habite meu rosto e meu cora\u00e7\u00e3o.<\/em><\/p>\n\n\n\n<p class=\"wp-block-paragraph\"><em>Senhor, tu \u00e9s minha solidez e minha for\u00e7a.<\/em><\/p>\n\n\n\n<p class=\"wp-block-paragraph\"><em>Em voc\u00ea, eu posso me apoiar quando estou fraco<\/em><\/p>\n\n\n\n<p class=\"wp-block-paragraph\"><em>Ou quando n\u00e3o consigo ver claramente.<\/em><\/p>\n\n\n\n<p class=\"wp-block-paragraph\"><em>Voc\u00ea n\u00e3o muda,<\/em><\/p>\n\n\n\n<p class=\"wp-block-paragraph\"><em>Mesmo se eu for jogado<\/em><\/p>\n\n\n\n<p class=\"wp-block-paragraph\"><em>Pelos fluxos e refluxos da vida.<\/em><\/p>\n\n\n\n<p class=\"wp-block-paragraph\"><em>Em voc\u00ea, eu moro em confian\u00e7a.<\/em><\/p>\n\n\n\n<p class=\"wp-block-paragraph\"><em>Eu n\u00e3o perco o equil\u00edbrio no momento presente.<\/em><\/p>\n\n\n\n<p class=\"wp-block-paragraph\"><em>Mantenho a esperan\u00e7a no futuro,<\/em><\/p>\n\n\n\n<p class=\"wp-block-paragraph\"><em>No desconhecido e no inesperado.<\/em><\/p>\n\n\n\n<p class=\"wp-block-paragraph\"><em>Eu te amo meu Deus, minha rocha, minha fortaleza!<\/em><\/p>\n\n\n\n<h3 class=\"wp-block-heading\">Message et pens\u00e9e du jour<\/h3>\n\n\n\n<p class=\"wp-block-paragraph\">Correndo por a\u00ed, n\u00e3o estamos mais conscientes de nada, nem mesmo de n\u00f3s mesmos. Ou seja, nos tornamos uma esp\u00e9cie de m\u00e1quina que tem muitas coisas para fazer hoje e pronto.<\/p>\n\n\n\n<p class=\"wp-block-paragraph\">Em outras palavras, n\u00e3o vemos mais nossas emo\u00e7\u00f5es, mas tamb\u00e9m nosso corpo.<\/p>\n\n\n\n<p class=\"wp-block-paragraph\">\u00c9 por isso que n\u00e3o devemos nos surpreender quando adoecemos ou alguma parte do nosso corpo come\u00e7a a doer.&nbsp;<\/p>\n\n\n\n<p class=\"wp-block-paragraph\">De fato, nos maltratamos um pouco por querer ir r\u00e1pido demais e fazer demais.<\/p>\n\n\n\n<p class=\"wp-block-paragraph\">Por isso, para come\u00e7ar bem o dia, \u00e9 fundamental ter um momento para o nosso corpo.<\/p>\n\n\n\n<p class=\"wp-block-paragraph\">Para isso, convido-o de todo o cora\u00e7\u00e3o a se olhar no olho no espelho ao escovar os dentes.<\/p>\n\n\n\n<p class=\"wp-block-paragraph\">E diga a si mesmo esta frase: \u201cObrigado, meu Deus, pelo meu corpo, pela minha sa\u00fade e por este novo dia\u201d.<\/p>\n\n\n\n<p class=\"wp-block-paragraph\">De fato, \u00e9 essencial lembrar que nosso corpo \u00e9 nosso melhor aliado nesta vida. Sem ele, n\u00e3o estar\u00edamos aqui.<\/p>\n\n\n\n<p class=\"wp-block-paragraph\">Ent\u00e3o, no come\u00e7o, quando comecei a me olhar nos olhos, me senti constrangida, mas isso \u00e9 normal. Agora isso me diverte muito. Al\u00e9m desta frase para o meu corpo, acrescento: \u201cEu me amo e me aceito como sou.&#8221;<\/p>\n\n\n\n<p class=\"wp-block-paragraph\">Porque, muitas vezes, tenho pensamentos negativos que se prendem ao que deu errado no dia anterior, ent\u00e3o, com essa frase, me perdoo pelos meus erros e fa\u00e7o as pazes com o ontem.<\/p>","protected":false},"excerpt":{"rendered":"<p>Nem sempre \u00e9 f\u00e1cil sair da cama de manh\u00e3. N\u00f3s at\u00e9 tendemos a arrastar os p\u00e9s. E acabamos correndo porque estamos atrasados \u200b\u200bpara o trabalho ou para levar as crian\u00e7as para a escola. Ent\u00e3o, como voc\u00ea come\u00e7a o dia bem? Como sair de casa de manh\u00e3 com o melhor humor? Simples: fa\u00e7a uma ora\u00e7\u00e3o. Ora\u00e7\u00e3o&hellip;&nbsp;<\/p>","protected":false},"author":3,"featured_media":1013,"comment_status":"open","ping_status":"open","sticky":false,"template":"","format":"standard","meta":{"neve_meta_sidebar":"","neve_meta_container":"","neve_meta_enable_content_width":"","neve_meta_content_width":0,"neve_meta_title_alignment":"","neve_meta_author_avatar":"","neve_post_elements_order":"","neve_meta_disable_header":"","neve_meta_disable_footer":"","neve_meta_disable_title":"","footnotes":""},"categories":[2],"tags":[160,163],"class_list":["post-1017","post","type-post","status-publish","format-standard","has-post-thumbnail","hentry","category-oracao","tag-oracao-do-dia","tag-prece-do-dia"],"yoast_head":"<!-- This site is optimized with the Yoast SEO plugin v28.4 - https:\/\/yoast.com\/product\/yoast-seo-wordpress\/ -->\n<title>Ora\u00e7\u00e3o para come\u00e7ar o dia: Sorria mais! - Ora\u00e7\u00e3o e F\u00e9<\/title>\n<meta name=\"description\" content=\"Deus tem pra voc\u00ea uma palavra de vida!\" \/>\n<meta name=\"robots\" content=\"index, follow, max-snippet:-1, max-image-preview:large, max-video-preview:-1\" \/>\n<link rel=\"canonical\" href=\"https:\/\/www.oracaoefe.com\/fr\/oracao-do-dia-sorria-mais\/\" \/>\n<meta property=\"og:locale\" content=\"fr_FR\" \/>\n<meta property=\"og:type\" content=\"article\" \/>\n<meta property=\"og:title\" content=\"Ora\u00e7\u00e3o para come\u00e7ar o dia: Sorria mais! - Ora\u00e7\u00e3o e F\u00e9\" \/>\n<meta property=\"og:description\" content=\"Deus tem pra voc\u00ea uma palavra de vida!\" \/>\n<meta property=\"og:url\" content=\"https:\/\/www.oracaoefe.com\/fr\/oracao-do-dia-sorria-mais\/\" \/>\n<meta property=\"og:site_name\" content=\"Ora\u00e7\u00e3o e F\u00e9\" \/>\n<meta property=\"article:published_time\" content=\"2022-11-05T04:00:00+00:00\" \/>\n<meta property=\"og:image\" content=\"https:\/\/www.oracaoefe.com\/wp-content\/uploads\/2022\/11\/Oracao-4.jpg\" \/>\n\t<meta property=\"og:image:width\" content=\"1200\" \/>\n\t<meta property=\"og:image:height\" content=\"675\" \/>\n\t<meta property=\"og:image:type\" content=\"image\/jpeg\" \/>\n<meta name=\"author\" content=\"Michele Azevedo\" \/>\n<meta name=\"twitter:card\" content=\"summary_large_image\" \/>\n<meta name=\"twitter:label1\" content=\"\u00c9crit par\" \/>\n\t<meta name=\"twitter:data1\" content=\"Michele Azevedo\" \/>\n\t<meta name=\"twitter:label2\" content=\"Dur\u00e9e de lecture estim\u00e9e\" \/>\n\t<meta name=\"twitter:data2\" content=\"2 minutes\" \/>\n<script type=\"application\/ld+json\" class=\"yoast-schema-graph\">{\"@context\":\"https:\\\/\\\/schema.org\",\"@graph\":[{\"@type\":\"Article\",\"@id\":\"https:\\\/\\\/www.oracaoefe.com\\\/oracao-do-dia-sorria-mais\\\/#article\",\"isPartOf\":{\"@id\":\"https:\\\/\\\/www.oracaoefe.com\\\/oracao-do-dia-sorria-mais\\\/\"},\"author\":{\"name\":\"Michele Azevedo\",\"@id\":\"https:\\\/\\\/www.oracaoefe.com\\\/#\\\/schema\\\/person\\\/17283c669442cf005c4d5bb58adfb7f5\"},\"headline\":\"Ora\u00e7\u00e3o para come\u00e7ar o dia: Sorria mais!\",\"datePublished\":\"2022-11-05T04:00:00+00:00\",\"mainEntityOfPage\":{\"@id\":\"https:\\\/\\\/www.oracaoefe.com\\\/oracao-do-dia-sorria-mais\\\/\"},\"wordCount\":472,\"commentCount\":0,\"image\":{\"@id\":\"https:\\\/\\\/www.oracaoefe.com\\\/oracao-do-dia-sorria-mais\\\/#primaryimage\"},\"thumbnailUrl\":\"https:\\\/\\\/www.oracaoefe.com\\\/wp-content\\\/uploads\\\/2022\\\/11\\\/Oracao-4.jpg\",\"keywords\":[\"ora\u00e7\u00e3o do dia\",\"prece do dia\"],\"articleSection\":[\"Ora\u00e7\u00e3o\"],\"inLanguage\":\"fr-FR\",\"potentialAction\":[{\"@type\":\"CommentAction\",\"name\":\"Comment\",\"target\":[\"https:\\\/\\\/www.oracaoefe.com\\\/oracao-do-dia-sorria-mais\\\/#respond\"]}]},{\"@type\":\"WebPage\",\"@id\":\"https:\\\/\\\/www.oracaoefe.com\\\/oracao-do-dia-sorria-mais\\\/\",\"url\":\"https:\\\/\\\/www.oracaoefe.com\\\/oracao-do-dia-sorria-mais\\\/\",\"name\":\"Ora\u00e7\u00e3o para come\u00e7ar o dia: Sorria mais! - Ora\u00e7\u00e3o e F\u00e9\",\"isPartOf\":{\"@id\":\"https:\\\/\\\/www.oracaoefe.com\\\/#website\"},\"primaryImageOfPage\":{\"@id\":\"https:\\\/\\\/www.oracaoefe.com\\\/oracao-do-dia-sorria-mais\\\/#primaryimage\"},\"image\":{\"@id\":\"https:\\\/\\\/www.oracaoefe.com\\\/oracao-do-dia-sorria-mais\\\/#primaryimage\"},\"thumbnailUrl\":\"https:\\\/\\\/www.oracaoefe.com\\\/wp-content\\\/uploads\\\/2022\\\/11\\\/Oracao-4.jpg\",\"datePublished\":\"2022-11-05T04:00:00+00:00\",\"author\":{\"@id\":\"https:\\\/\\\/www.oracaoefe.com\\\/#\\\/schema\\\/person\\\/17283c669442cf005c4d5bb58adfb7f5\"},\"description\":\"Deus tem pra voc\u00ea uma palavra de vida!\",\"breadcrumb\":{\"@id\":\"https:\\\/\\\/www.oracaoefe.com\\\/oracao-do-dia-sorria-mais\\\/#breadcrumb\"},\"inLanguage\":\"fr-FR\",\"potentialAction\":[{\"@type\":\"ReadAction\",\"target\":[\"https:\\\/\\\/www.oracaoefe.com\\\/oracao-do-dia-sorria-mais\\\/\"]}]},{\"@type\":\"ImageObject\",\"inLanguage\":\"fr-FR\",\"@id\":\"https:\\\/\\\/www.oracaoefe.com\\\/oracao-do-dia-sorria-mais\\\/#primaryimage\",\"url\":\"https:\\\/\\\/www.oracaoefe.com\\\/wp-content\\\/uploads\\\/2022\\\/11\\\/Oracao-4.jpg\",\"contentUrl\":\"https:\\\/\\\/www.oracaoefe.com\\\/wp-content\\\/uploads\\\/2022\\\/11\\\/Oracao-4.jpg\",\"width\":1200,\"height\":675},{\"@type\":\"BreadcrumbList\",\"@id\":\"https:\\\/\\\/www.oracaoefe.com\\\/oracao-do-dia-sorria-mais\\\/#breadcrumb\",\"itemListElement\":[{\"@type\":\"ListItem\",\"position\":1,\"name\":\"Home\",\"item\":\"https:\\\/\\\/www.oracaoefe.com\\\/\"},{\"@type\":\"ListItem\",\"position\":2,\"name\":\"Ora\u00e7\u00e3o\",\"item\":\"https:\\\/\\\/www.oracaoefe.com\\\/category\\\/oracao\\\/\"},{\"@type\":\"ListItem\",\"position\":3,\"name\":\"Ora\u00e7\u00e3o para come\u00e7ar o dia: Sorria mais!\"}]},{\"@type\":\"WebSite\",\"@id\":\"https:\\\/\\\/www.oracaoefe.com\\\/#website\",\"url\":\"https:\\\/\\\/www.oracaoefe.com\\\/\",\"name\":\"Ora\u00e7\u00e3o e F\u00e9\",\"description\":\"\",\"potentialAction\":[{\"@type\":\"SearchAction\",\"target\":{\"@type\":\"EntryPoint\",\"urlTemplate\":\"https:\\\/\\\/www.oracaoefe.com\\\/?s={search_term_string}\"},\"query-input\":{\"@type\":\"PropertyValueSpecification\",\"valueRequired\":true,\"valueName\":\"search_term_string\"}}],\"inLanguage\":\"fr-FR\"},{\"@type\":\"Person\",\"@id\":\"https:\\\/\\\/www.oracaoefe.com\\\/#\\\/schema\\\/person\\\/17283c669442cf005c4d5bb58adfb7f5\",\"name\":\"Michele Azevedo\",\"image\":{\"@type\":\"ImageObject\",\"inLanguage\":\"fr-FR\",\"@id\":\"https:\\\/\\\/secure.gravatar.com\\\/avatar\\\/6b0eb9d22841282815e2cd856a0061c45e1761cd54b22e952d98c4746939aa85?s=96&d=mm&r=g\",\"url\":\"https:\\\/\\\/secure.gravatar.com\\\/avatar\\\/6b0eb9d22841282815e2cd856a0061c45e1761cd54b22e952d98c4746939aa85?s=96&d=mm&r=g\",\"contentUrl\":\"https:\\\/\\\/secure.gravatar.com\\\/avatar\\\/6b0eb9d22841282815e2cd856a0061c45e1761cd54b22e952d98c4746939aa85?s=96&d=mm&r=g\",\"caption\":\"Michele Azevedo\"},\"description\":\"Formada em Letras - Portugu\u00eas\\\/ Ingl\u00eas pela Universidade Estadual de Ponta Grossa (UEPG), p\u00f3s-graduada em Arte na Educa\u00e7\u00e3o (FAPI) e Psicopedagogia Escolar (FAPI), idealizadora e propriet\u00e1ria do site Escritora de Sucesso, possui experi\u00eancia em escrita para blogs em geral e atua como redatora e revisora dos conte\u00fados do Ora\u00e7\u00e3o e F\u00e9.\",\"url\":\"https:\\\/\\\/www.oracaoefe.com\\\/fr\\\/author\\\/michele-azevedo\\\/\"}]}<\/script>\n<!-- \/ Yoast SEO plugin. -->","yoast_head_json":{"title":"Ora\u00e7\u00e3o para come\u00e7ar o dia: Sorria mais! - Ora\u00e7\u00e3o e F\u00e9","description":"Dieu a une parole de vie pour vous !","robots":{"index":"index","follow":"follow","max-snippet":"max-snippet:-1","max-image-preview":"max-image-preview:large","max-video-preview":"max-video-preview:-1"},"canonical":"https:\/\/www.oracaoefe.com\/fr\/oracao-do-dia-sorria-mais\/","og_locale":"fr_FR","og_type":"article","og_title":"Ora\u00e7\u00e3o para come\u00e7ar o dia: Sorria mais! - Ora\u00e7\u00e3o e F\u00e9","og_description":"Deus tem pra voc\u00ea uma palavra de vida!","og_url":"https:\/\/www.oracaoefe.com\/fr\/oracao-do-dia-sorria-mais\/","og_site_name":"Ora\u00e7\u00e3o e F\u00e9","article_published_time":"2022-11-05T04:00:00+00:00","og_image":[{"width":1200,"height":675,"url":"https:\/\/www.oracaoefe.com\/wp-content\/uploads\/2022\/11\/Oracao-4.jpg","type":"image\/jpeg"}],"author":"Michele Azevedo","twitter_card":"summary_large_image","twitter_misc":{"\u00c9crit par":"Michele Azevedo","Dur\u00e9e de lecture estim\u00e9e":"2 minutes"},"schema":{"@context":"https:\/\/schema.org","@graph":[{"@type":"Article","@id":"https:\/\/www.oracaoefe.com\/oracao-do-dia-sorria-mais\/#article","isPartOf":{"@id":"https:\/\/www.oracaoefe.com\/oracao-do-dia-sorria-mais\/"},"author":{"name":"Michele Azevedo","@id":"https:\/\/www.oracaoefe.com\/#\/schema\/person\/17283c669442cf005c4d5bb58adfb7f5"},"headline":"Ora\u00e7\u00e3o para come\u00e7ar o dia: Sorria mais!","datePublished":"2022-11-05T04:00:00+00:00","mainEntityOfPage":{"@id":"https:\/\/www.oracaoefe.com\/oracao-do-dia-sorria-mais\/"},"wordCount":472,"commentCount":0,"image":{"@id":"https:\/\/www.oracaoefe.com\/oracao-do-dia-sorria-mais\/#primaryimage"},"thumbnailUrl":"https:\/\/www.oracaoefe.com\/wp-content\/uploads\/2022\/11\/Oracao-4.jpg","keywords":["ora\u00e7\u00e3o do dia","prece do dia"],"articleSection":["Ora\u00e7\u00e3o"],"inLanguage":"fr-FR","potentialAction":[{"@type":"CommentAction","name":"Comment","target":["https:\/\/www.oracaoefe.com\/oracao-do-dia-sorria-mais\/#respond"]}]},{"@type":"WebPage","@id":"https:\/\/www.oracaoefe.com\/oracao-do-dia-sorria-mais\/","url":"https:\/\/www.oracaoefe.com\/oracao-do-dia-sorria-mais\/","name":"Ora\u00e7\u00e3o para come\u00e7ar o dia: Sorria mais! - Ora\u00e7\u00e3o e F\u00e9","isPartOf":{"@id":"https:\/\/www.oracaoefe.com\/#website"},"primaryImageOfPage":{"@id":"https:\/\/www.oracaoefe.com\/oracao-do-dia-sorria-mais\/#primaryimage"},"image":{"@id":"https:\/\/www.oracaoefe.com\/oracao-do-dia-sorria-mais\/#primaryimage"},"thumbnailUrl":"https:\/\/www.oracaoefe.com\/wp-content\/uploads\/2022\/11\/Oracao-4.jpg","datePublished":"2022-11-05T04:00:00+00:00","author":{"@id":"https:\/\/www.oracaoefe.com\/#\/schema\/person\/17283c669442cf005c4d5bb58adfb7f5"},"description":"Dieu a une parole de vie pour vous !","breadcrumb":{"@id":"https:\/\/www.oracaoefe.com\/oracao-do-dia-sorria-mais\/#breadcrumb"},"inLanguage":"fr-FR","potentialAction":[{"@type":"ReadAction","target":["https:\/\/www.oracaoefe.com\/oracao-do-dia-sorria-mais\/"]}]},{"@type":"ImageObject","inLanguage":"fr-FR","@id":"https:\/\/www.oracaoefe.com\/oracao-do-dia-sorria-mais\/#primaryimage","url":"https:\/\/www.oracaoefe.com\/wp-content\/uploads\/2022\/11\/Oracao-4.jpg","contentUrl":"https:\/\/www.oracaoefe.com\/wp-content\/uploads\/2022\/11\/Oracao-4.jpg","width":1200,"height":675},{"@type":"BreadcrumbList","@id":"https:\/\/www.oracaoefe.com\/oracao-do-dia-sorria-mais\/#breadcrumb","itemListElement":[{"@type":"ListItem","position":1,"name":"Home","item":"https:\/\/www.oracaoefe.com\/"},{"@type":"ListItem","position":2,"name":"Ora\u00e7\u00e3o","item":"https:\/\/www.oracaoefe.com\/category\/oracao\/"},{"@type":"ListItem","position":3,"name":"Ora\u00e7\u00e3o para come\u00e7ar o dia: Sorria mais!"}]},{"@type":"WebSite","@id":"https:\/\/www.oracaoefe.com\/#website","url":"https:\/\/www.oracaoefe.com\/","name":"Pri\u00e8re et foi","description":"","potentialAction":[{"@type":"SearchAction","target":{"@type":"EntryPoint","urlTemplate":"https:\/\/www.oracaoefe.com\/?s={search_term_string}"},"query-input":{"@type":"PropertyValueSpecification","valueRequired":true,"valueName":"search_term_string"}}],"inLanguage":"fr-FR"},{"@type":"Person","@id":"https:\/\/www.oracaoefe.com\/#\/schema\/person\/17283c669442cf005c4d5bb58adfb7f5","name":"Michele Azevedo","image":{"@type":"ImageObject","inLanguage":"fr-FR","@id":"https:\/\/secure.gravatar.com\/avatar\/6b0eb9d22841282815e2cd856a0061c45e1761cd54b22e952d98c4746939aa85?s=96&d=mm&r=g","url":"https:\/\/secure.gravatar.com\/avatar\/6b0eb9d22841282815e2cd856a0061c45e1761cd54b22e952d98c4746939aa85?s=96&d=mm&r=g","contentUrl":"https:\/\/secure.gravatar.com\/avatar\/6b0eb9d22841282815e2cd856a0061c45e1761cd54b22e952d98c4746939aa85?s=96&d=mm&r=g","caption":"Michele Azevedo"},"description":"Dipl\u00f4m\u00e9e en litt\u00e9rature portugaise\/anglaise de l&#039;Universit\u00e9 d&#039;\u00c9tat de Ponta Grossa (UEPG), avec des dipl\u00f4mes de troisi\u00e8me cycle en art dans l&#039;\u00e9ducation (FAPI) et en psychop\u00e9dagogie scolaire (FAPI), elle est la cr\u00e9atrice et propri\u00e9taire du site web Escritora de Sucesso, a de l&#039;exp\u00e9rience dans l&#039;\u00e9criture pour les blogs en g\u00e9n\u00e9ral et travaille comme r\u00e9dactrice et \u00e9ditrice du contenu pour Ora\u00e7\u00e3o e F\u00e9.","url":"https:\/\/www.oracaoefe.com\/fr\/author\/michele-azevedo\/"}]}},"_links":{"self":[{"href":"https:\/\/www.oracaoefe.com\/fr\/wp-json\/wp\/v2\/posts\/1017","targetHints":{"allow":["GET"]}}],"collection":[{"href":"https:\/\/www.oracaoefe.com\/fr\/wp-json\/wp\/v2\/posts"}],"about":[{"href":"https:\/\/www.oracaoefe.com\/fr\/wp-json\/wp\/v2\/types\/post"}],"author":[{"embeddable":true,"href":"https:\/\/www.oracaoefe.com\/fr\/wp-json\/wp\/v2\/users\/3"}],"replies":[{"embeddable":true,"href":"https:\/\/www.oracaoefe.com\/fr\/wp-json\/wp\/v2\/comments?post=1017"}],"version-history":[{"count":2,"href":"https:\/\/www.oracaoefe.com\/fr\/wp-json\/wp\/v2\/posts\/1017\/revisions"}],"predecessor-version":[{"id":1023,"href":"https:\/\/www.oracaoefe.com\/fr\/wp-json\/wp\/v2\/posts\/1017\/revisions\/1023"}],"wp:featuredmedia":[{"embeddable":true,"href":"https:\/\/www.oracaoefe.com\/fr\/wp-json\/wp\/v2\/media\/1013"}],"wp:attachment":[{"href":"https:\/\/www.oracaoefe.com\/fr\/wp-json\/wp\/v2\/media?parent=1017"}],"wp:term":[{"taxonomy":"category","embeddable":true,"href":"https:\/\/www.oracaoefe.com\/fr\/wp-json\/wp\/v2\/categories?post=1017"},{"taxonomy":"post_tag","embeddable":true,"href":"https:\/\/www.oracaoefe.com\/fr\/wp-json\/wp\/v2\/tags?post=1017"}],"curies":[{"name":"wp","href":"https:\/\/api.w.org\/{rel}","templated":true}]}}