{"id":1008,"date":"2022-11-04T02:00:00","date_gmt":"2022-11-04T05:00:00","guid":{"rendered":"https:\/\/www.oracaoefe.com\/?p=1008"},"modified":"2022-11-04T23:21:07","modified_gmt":"2022-11-05T02:21:07","slug":"oracao-para-comecar-o-dia-encontre-a-sua-razao","status":"publish","type":"post","link":"https:\/\/www.oracaoefe.com\/fr\/oracao-para-comecar-o-dia-encontre-a-sua-razao\/","title":{"rendered":"Pri\u00e8re pour commencer la journ\u00e9e : Trouvez votre raison !"},"content":{"rendered":"<p class=\"wp-block-paragraph\">Na correria da manh\u00e3, muitas vezes \u00e9 dif\u00edcil encontrar um momento para dar a Deus. No entanto, confiar seu dia ao Senhor permite que voc\u00ea o viva de maneira diferente. Acerte o despertador alguns minutos antes para conseguir rezar no sil\u00eancio de uma casa ainda adormecida. A ora\u00e7\u00e3o di\u00e1ria \u00e9 importante sobretudo pela manh\u00e3. Pratic\u00e1-la todos os dias pode dar uma nova vida \u00e0 nossa alma.\u00a0<\/p>\n\n\n\n<figure class=\"wp-block-image size-large\"><img loading=\"lazy\" decoding=\"async\" width=\"1024\" height=\"576\" src=\"https:\/\/www.oracaoefe.com\/wp-content\/uploads\/2022\/11\/Oracao-5-1024x576.jpg\" alt=\"\" class=\"wp-image-1012\" srcset=\"https:\/\/www.oracaoefe.com\/wp-content\/uploads\/2022\/11\/Oracao-5-1024x576.jpg 1024w, https:\/\/www.oracaoefe.com\/wp-content\/uploads\/2022\/11\/Oracao-5-300x169.jpg 300w, https:\/\/www.oracaoefe.com\/wp-content\/uploads\/2022\/11\/Oracao-5-768x432.jpg 768w, https:\/\/www.oracaoefe.com\/wp-content\/uploads\/2022\/11\/Oracao-5-18x10.jpg 18w, https:\/\/www.oracaoefe.com\/wp-content\/uploads\/2022\/11\/Oracao-5-383x215.jpg 383w, https:\/\/www.oracaoefe.com\/wp-content\/uploads\/2022\/11\/Oracao-5.jpg 1200w\" sizes=\"auto, (max-width: 1024px) 100vw, 1024px\" \/><\/figure>\n\n\n\n<h3 class=\"wp-block-heading\">Pri\u00e8re du jour<\/h3>\n\n\n\n<p class=\"wp-block-paragraph\"><em>Querido Pai Celestial, obrigado por me dar este dia.<\/em><\/p>\n\n\n\n<p class=\"wp-block-paragraph\"><em>Como dizem as escrituras, este \u00e9 o dia que o Senhor criou,<\/em><\/p>\n\n\n\n<p class=\"wp-block-paragraph\"><em>e eu me regozijarei, e me regozijarei nele,<\/em><\/p>\n\n\n\n<p class=\"wp-block-paragraph\"><em>coloco este dia em tuas m\u00e3os, pai,<\/em><\/p>\n\n\n\n<p class=\"wp-block-paragraph\"><em>eu me alegrarei,<\/em><\/p>\n\n\n\n<p class=\"wp-block-paragraph\"><em>e serei feliz hoje,<\/em><\/p>\n\n\n\n<p class=\"wp-block-paragraph\"><em>Porque tua gra\u00e7a, tua paz e, as b\u00ean\u00e7\u00e3os de prote\u00e7\u00e3o que voc\u00ea oferece est\u00e3o comigo, para sempre,<\/em><\/p>\n\n\n\n<p class=\"wp-block-paragraph\"><em>Pai, eu concordo com sua palavra, que diz que bondade e miseric\u00f3rdia estar\u00e3o comigo sempre.<\/em><\/p>\n\n\n\n<p class=\"wp-block-paragraph\"><em>Pe\u00e7o a ben\u00e7\u00e3o de Cristo, sobre minha vida hoje,<\/em><\/p>\n\n\n\n<p class=\"wp-block-paragraph\"><em>sobre meu esp\u00edrito, sobre minha alma e sobre meu corpo,<\/em><\/p>\n\n\n\n<p class=\"wp-block-paragraph\"><em>pe\u00e7o que o sangue de Jesus, esteja presente em toda minha vida,<\/em><\/p>\n\n\n\n<p class=\"wp-block-paragraph\"><em>coloco de volta tudo o que pode me incomodar em seu m\u00e3os,<\/em><\/p>\n\n\n\n<p class=\"wp-block-paragraph\"><em>coloco meus medos, minhas ansiedades e minhas preocupa\u00e7\u00f5es, em suas m\u00e3os,<\/em><\/p>\n\n\n\n<p class=\"wp-block-paragraph\"><em>Hoje \u00e9 outro dia.<\/em><\/p>\n\n\n\n<h3 class=\"wp-block-heading\">Mensagem e ensinamento do dia<\/h3>\n\n\n\n<p class=\"wp-block-paragraph\">Encontre a sua raz\u00e3o. As raz\u00f5es para orar s\u00e3o muito mais importantes do que as palavras ditas. O motivo \u00e9 o porqu\u00ea escondido atr\u00e1s do qu\u00ea. Ter um cora\u00e7\u00e3o puro que ama a Deus e aos outros \u00e9 sempre agrad\u00e1vel ao Senhor. Mas orar por ego\u00edsmo, vingan\u00e7a, manipula\u00e7\u00e3o, necessidade de controle, ci\u00fame, orgulho e desejo de ganhar na loteria s\u00e3o inapropriados.&nbsp;<\/p>\n\n\n\n<p class=\"wp-block-paragraph\">Na verdade, qualquer motiva\u00e7\u00e3o que dependa do ego\u00edsmo \u00e9 ruim. Perguntam a um garotinho se ele reza todas as noites. Depois de pensar um pouco, ele responde: \u201cN\u00e3o, algumas noites eu n\u00e3o preciso de nada.\u201c Lembrou-se de algu\u00e9m? A primeira e principal raz\u00e3o para orar \u00e9 desenvolver um relacionamento \u00edntimo com Deus.&nbsp;<\/p>\n\n\n\n<p class=\"wp-block-paragraph\">Quanto tempo duraria um casamento se volt\u00e1ssemos para casa apenas quando precis\u00e1ssemos de roupa limpa, uma boa refei\u00e7\u00e3o e um pequeno abra\u00e7o? N\u00e3o muito longo, n\u00e3o \u00e9? O mesmo vale para a ora\u00e7\u00e3o. Jesus disse: \u201cSe voc\u00eas permanecerem em mim e as minhas palavras permanecerem em voc\u00eas, pe\u00e7am o que quiserem, e lhes ser\u00e1 feito\u201d (Jo 15.7) Quando nos concentramos em permanecer em Cristo, obteremos uma resposta aos nossos pedidos.&nbsp;<\/p>\n\n\n\n<p class=\"wp-block-paragraph\">Se voc\u00ea pede e n\u00e3o recebe, \u00e9 porque pede mal, para gastar tudo por suas paix\u00f5es. O homem \u00e9 profundamente ego\u00edsta. \u00c9 por isso que se deve purificar regularmente o cora\u00e7\u00e3o e examinar cuidadosamente os motivos, as suas raz\u00f5es. Pode ser doloroso no in\u00edcio, mas tem que ser feito para que nossas ora\u00e7\u00f5es sejam respondidas.<\/p>","protected":false},"excerpt":{"rendered":"<p>Na correria da manh\u00e3, muitas vezes \u00e9 dif\u00edcil encontrar um momento para dar a Deus. No entanto, confiar seu dia ao Senhor permite que voc\u00ea o viva de maneira diferente. Acerte o despertador alguns minutos antes para conseguir rezar no sil\u00eancio de uma casa ainda adormecida. A ora\u00e7\u00e3o di\u00e1ria \u00e9 importante sobretudo pela manh\u00e3. Pratic\u00e1-la&hellip;&nbsp;<\/p>","protected":false},"author":3,"featured_media":1012,"comment_status":"open","ping_status":"open","sticky":false,"template":"","format":"standard","meta":{"neve_meta_sidebar":"","neve_meta_container":"","neve_meta_enable_content_width":"","neve_meta_content_width":0,"neve_meta_title_alignment":"","neve_meta_author_avatar":"","neve_post_elements_order":"","neve_meta_disable_header":"","neve_meta_disable_footer":"","neve_meta_disable_title":"","footnotes":""},"categories":[2],"tags":[162,160],"class_list":["post-1008","post","type-post","status-publish","format-standard","has-post-thumbnail","hentry","category-oracao","tag-encontre-sua-razao","tag-oracao-do-dia"],"yoast_head":"<!-- This site is optimized with the Yoast SEO plugin v28.4 - https:\/\/yoast.com\/product\/yoast-seo-wordpress\/ -->\n<title>Ora\u00e7\u00e3o para come\u00e7ar o dia: Encontre a sua raz\u00e3o! - Ora\u00e7\u00e3o e F\u00e9<\/title>\n<meta name=\"description\" content=\"Deus tem pra voc\u00ea uma palavra de vida!\" \/>\n<meta name=\"robots\" content=\"index, follow, max-snippet:-1, max-image-preview:large, max-video-preview:-1\" \/>\n<link rel=\"canonical\" href=\"https:\/\/www.oracaoefe.com\/fr\/oracao-para-comecar-o-dia-encontre-a-sua-razao\/\" \/>\n<meta property=\"og:locale\" content=\"fr_FR\" \/>\n<meta property=\"og:type\" content=\"article\" \/>\n<meta property=\"og:title\" content=\"Ora\u00e7\u00e3o para come\u00e7ar o dia: Encontre a sua raz\u00e3o! - Ora\u00e7\u00e3o e F\u00e9\" \/>\n<meta property=\"og:description\" content=\"Deus tem pra voc\u00ea uma palavra de vida!\" \/>\n<meta property=\"og:url\" content=\"https:\/\/www.oracaoefe.com\/fr\/oracao-para-comecar-o-dia-encontre-a-sua-razao\/\" \/>\n<meta property=\"og:site_name\" content=\"Ora\u00e7\u00e3o e F\u00e9\" \/>\n<meta property=\"article:published_time\" content=\"2022-11-04T05:00:00+00:00\" \/>\n<meta property=\"article:modified_time\" content=\"2022-11-05T02:21:07+00:00\" \/>\n<meta property=\"og:image\" content=\"https:\/\/www.oracaoefe.com\/wp-content\/uploads\/2022\/11\/Oracao-5.jpg\" \/>\n\t<meta property=\"og:image:width\" content=\"1200\" \/>\n\t<meta property=\"og:image:height\" content=\"675\" \/>\n\t<meta property=\"og:image:type\" content=\"image\/jpeg\" \/>\n<meta name=\"author\" content=\"Michele Azevedo\" \/>\n<meta name=\"twitter:card\" content=\"summary_large_image\" \/>\n<meta name=\"twitter:label1\" content=\"\u00c9crit par\" \/>\n\t<meta name=\"twitter:data1\" content=\"Michele Azevedo\" \/>\n\t<meta name=\"twitter:label2\" content=\"Dur\u00e9e de lecture estim\u00e9e\" \/>\n\t<meta name=\"twitter:data2\" content=\"2 minutes\" \/>\n<script type=\"application\/ld+json\" class=\"yoast-schema-graph\">{\"@context\":\"https:\\\/\\\/schema.org\",\"@graph\":[{\"@type\":\"Article\",\"@id\":\"https:\\\/\\\/www.oracaoefe.com\\\/oracao-para-comecar-o-dia-encontre-a-sua-razao\\\/#article\",\"isPartOf\":{\"@id\":\"https:\\\/\\\/www.oracaoefe.com\\\/oracao-para-comecar-o-dia-encontre-a-sua-razao\\\/\"},\"author\":{\"name\":\"Michele Azevedo\",\"@id\":\"https:\\\/\\\/www.oracaoefe.com\\\/#\\\/schema\\\/person\\\/17283c669442cf005c4d5bb58adfb7f5\"},\"headline\":\"Ora\u00e7\u00e3o para come\u00e7ar o dia: Encontre a sua raz\u00e3o!\",\"datePublished\":\"2022-11-04T05:00:00+00:00\",\"dateModified\":\"2022-11-05T02:21:07+00:00\",\"mainEntityOfPage\":{\"@id\":\"https:\\\/\\\/www.oracaoefe.com\\\/oracao-para-comecar-o-dia-encontre-a-sua-razao\\\/\"},\"wordCount\":501,\"commentCount\":0,\"image\":{\"@id\":\"https:\\\/\\\/www.oracaoefe.com\\\/oracao-para-comecar-o-dia-encontre-a-sua-razao\\\/#primaryimage\"},\"thumbnailUrl\":\"https:\\\/\\\/www.oracaoefe.com\\\/wp-content\\\/uploads\\\/2022\\\/11\\\/Oracao-5.jpg\",\"keywords\":[\"encontre sua raz\u00e3o\",\"ora\u00e7\u00e3o do dia\"],\"articleSection\":[\"Ora\u00e7\u00e3o\"],\"inLanguage\":\"fr-FR\",\"potentialAction\":[{\"@type\":\"CommentAction\",\"name\":\"Comment\",\"target\":[\"https:\\\/\\\/www.oracaoefe.com\\\/oracao-para-comecar-o-dia-encontre-a-sua-razao\\\/#respond\"]}]},{\"@type\":\"WebPage\",\"@id\":\"https:\\\/\\\/www.oracaoefe.com\\\/oracao-para-comecar-o-dia-encontre-a-sua-razao\\\/\",\"url\":\"https:\\\/\\\/www.oracaoefe.com\\\/oracao-para-comecar-o-dia-encontre-a-sua-razao\\\/\",\"name\":\"Ora\u00e7\u00e3o para come\u00e7ar o dia: Encontre a sua raz\u00e3o! - Ora\u00e7\u00e3o e F\u00e9\",\"isPartOf\":{\"@id\":\"https:\\\/\\\/www.oracaoefe.com\\\/#website\"},\"primaryImageOfPage\":{\"@id\":\"https:\\\/\\\/www.oracaoefe.com\\\/oracao-para-comecar-o-dia-encontre-a-sua-razao\\\/#primaryimage\"},\"image\":{\"@id\":\"https:\\\/\\\/www.oracaoefe.com\\\/oracao-para-comecar-o-dia-encontre-a-sua-razao\\\/#primaryimage\"},\"thumbnailUrl\":\"https:\\\/\\\/www.oracaoefe.com\\\/wp-content\\\/uploads\\\/2022\\\/11\\\/Oracao-5.jpg\",\"datePublished\":\"2022-11-04T05:00:00+00:00\",\"dateModified\":\"2022-11-05T02:21:07+00:00\",\"author\":{\"@id\":\"https:\\\/\\\/www.oracaoefe.com\\\/#\\\/schema\\\/person\\\/17283c669442cf005c4d5bb58adfb7f5\"},\"description\":\"Deus tem pra voc\u00ea uma palavra de vida!\",\"breadcrumb\":{\"@id\":\"https:\\\/\\\/www.oracaoefe.com\\\/oracao-para-comecar-o-dia-encontre-a-sua-razao\\\/#breadcrumb\"},\"inLanguage\":\"fr-FR\",\"potentialAction\":[{\"@type\":\"ReadAction\",\"target\":[\"https:\\\/\\\/www.oracaoefe.com\\\/oracao-para-comecar-o-dia-encontre-a-sua-razao\\\/\"]}]},{\"@type\":\"ImageObject\",\"inLanguage\":\"fr-FR\",\"@id\":\"https:\\\/\\\/www.oracaoefe.com\\\/oracao-para-comecar-o-dia-encontre-a-sua-razao\\\/#primaryimage\",\"url\":\"https:\\\/\\\/www.oracaoefe.com\\\/wp-content\\\/uploads\\\/2022\\\/11\\\/Oracao-5.jpg\",\"contentUrl\":\"https:\\\/\\\/www.oracaoefe.com\\\/wp-content\\\/uploads\\\/2022\\\/11\\\/Oracao-5.jpg\",\"width\":1200,\"height\":675},{\"@type\":\"BreadcrumbList\",\"@id\":\"https:\\\/\\\/www.oracaoefe.com\\\/oracao-para-comecar-o-dia-encontre-a-sua-razao\\\/#breadcrumb\",\"itemListElement\":[{\"@type\":\"ListItem\",\"position\":1,\"name\":\"Home\",\"item\":\"https:\\\/\\\/www.oracaoefe.com\\\/\"},{\"@type\":\"ListItem\",\"position\":2,\"name\":\"Ora\u00e7\u00e3o\",\"item\":\"https:\\\/\\\/www.oracaoefe.com\\\/category\\\/oracao\\\/\"},{\"@type\":\"ListItem\",\"position\":3,\"name\":\"Ora\u00e7\u00e3o para come\u00e7ar o dia: Encontre a sua raz\u00e3o!\"}]},{\"@type\":\"WebSite\",\"@id\":\"https:\\\/\\\/www.oracaoefe.com\\\/#website\",\"url\":\"https:\\\/\\\/www.oracaoefe.com\\\/\",\"name\":\"Ora\u00e7\u00e3o e F\u00e9\",\"description\":\"\",\"potentialAction\":[{\"@type\":\"SearchAction\",\"target\":{\"@type\":\"EntryPoint\",\"urlTemplate\":\"https:\\\/\\\/www.oracaoefe.com\\\/?s={search_term_string}\"},\"query-input\":{\"@type\":\"PropertyValueSpecification\",\"valueRequired\":true,\"valueName\":\"search_term_string\"}}],\"inLanguage\":\"fr-FR\"},{\"@type\":\"Person\",\"@id\":\"https:\\\/\\\/www.oracaoefe.com\\\/#\\\/schema\\\/person\\\/17283c669442cf005c4d5bb58adfb7f5\",\"name\":\"Michele Azevedo\",\"image\":{\"@type\":\"ImageObject\",\"inLanguage\":\"fr-FR\",\"@id\":\"https:\\\/\\\/secure.gravatar.com\\\/avatar\\\/6b0eb9d22841282815e2cd856a0061c45e1761cd54b22e952d98c4746939aa85?s=96&d=mm&r=g\",\"url\":\"https:\\\/\\\/secure.gravatar.com\\\/avatar\\\/6b0eb9d22841282815e2cd856a0061c45e1761cd54b22e952d98c4746939aa85?s=96&d=mm&r=g\",\"contentUrl\":\"https:\\\/\\\/secure.gravatar.com\\\/avatar\\\/6b0eb9d22841282815e2cd856a0061c45e1761cd54b22e952d98c4746939aa85?s=96&d=mm&r=g\",\"caption\":\"Michele Azevedo\"},\"description\":\"Formada em Letras - Portugu\u00eas\\\/ Ingl\u00eas pela Universidade Estadual de Ponta Grossa (UEPG), p\u00f3s-graduada em Arte na Educa\u00e7\u00e3o (FAPI) e Psicopedagogia Escolar (FAPI), idealizadora e propriet\u00e1ria do site Escritora de Sucesso, possui experi\u00eancia em escrita para blogs em geral e atua como redatora e revisora dos conte\u00fados do Ora\u00e7\u00e3o e F\u00e9.\",\"url\":\"https:\\\/\\\/www.oracaoefe.com\\\/fr\\\/author\\\/michele-azevedo\\\/\"}]}<\/script>\n<!-- \/ Yoast SEO plugin. -->","yoast_head_json":{"title":"Ora\u00e7\u00e3o para come\u00e7ar o dia: Encontre a sua raz\u00e3o! - Ora\u00e7\u00e3o e F\u00e9","description":"Dieu a une parole de vie pour vous !","robots":{"index":"index","follow":"follow","max-snippet":"max-snippet:-1","max-image-preview":"max-image-preview:large","max-video-preview":"max-video-preview:-1"},"canonical":"https:\/\/www.oracaoefe.com\/fr\/oracao-para-comecar-o-dia-encontre-a-sua-razao\/","og_locale":"fr_FR","og_type":"article","og_title":"Ora\u00e7\u00e3o para come\u00e7ar o dia: Encontre a sua raz\u00e3o! - Ora\u00e7\u00e3o e F\u00e9","og_description":"Deus tem pra voc\u00ea uma palavra de vida!","og_url":"https:\/\/www.oracaoefe.com\/fr\/oracao-para-comecar-o-dia-encontre-a-sua-razao\/","og_site_name":"Ora\u00e7\u00e3o e F\u00e9","article_published_time":"2022-11-04T05:00:00+00:00","article_modified_time":"2022-11-05T02:21:07+00:00","og_image":[{"width":1200,"height":675,"url":"https:\/\/www.oracaoefe.com\/wp-content\/uploads\/2022\/11\/Oracao-5.jpg","type":"image\/jpeg"}],"author":"Michele Azevedo","twitter_card":"summary_large_image","twitter_misc":{"\u00c9crit par":"Michele Azevedo","Dur\u00e9e de lecture estim\u00e9e":"2 minutes"},"schema":{"@context":"https:\/\/schema.org","@graph":[{"@type":"Article","@id":"https:\/\/www.oracaoefe.com\/oracao-para-comecar-o-dia-encontre-a-sua-razao\/#article","isPartOf":{"@id":"https:\/\/www.oracaoefe.com\/oracao-para-comecar-o-dia-encontre-a-sua-razao\/"},"author":{"name":"Michele Azevedo","@id":"https:\/\/www.oracaoefe.com\/#\/schema\/person\/17283c669442cf005c4d5bb58adfb7f5"},"headline":"Ora\u00e7\u00e3o para come\u00e7ar o dia: Encontre a sua raz\u00e3o!","datePublished":"2022-11-04T05:00:00+00:00","dateModified":"2022-11-05T02:21:07+00:00","mainEntityOfPage":{"@id":"https:\/\/www.oracaoefe.com\/oracao-para-comecar-o-dia-encontre-a-sua-razao\/"},"wordCount":501,"commentCount":0,"image":{"@id":"https:\/\/www.oracaoefe.com\/oracao-para-comecar-o-dia-encontre-a-sua-razao\/#primaryimage"},"thumbnailUrl":"https:\/\/www.oracaoefe.com\/wp-content\/uploads\/2022\/11\/Oracao-5.jpg","keywords":["encontre sua raz\u00e3o","ora\u00e7\u00e3o do dia"],"articleSection":["Ora\u00e7\u00e3o"],"inLanguage":"fr-FR","potentialAction":[{"@type":"CommentAction","name":"Comment","target":["https:\/\/www.oracaoefe.com\/oracao-para-comecar-o-dia-encontre-a-sua-razao\/#respond"]}]},{"@type":"WebPage","@id":"https:\/\/www.oracaoefe.com\/oracao-para-comecar-o-dia-encontre-a-sua-razao\/","url":"https:\/\/www.oracaoefe.com\/oracao-para-comecar-o-dia-encontre-a-sua-razao\/","name":"Ora\u00e7\u00e3o para come\u00e7ar o dia: Encontre a sua raz\u00e3o! - Ora\u00e7\u00e3o e F\u00e9","isPartOf":{"@id":"https:\/\/www.oracaoefe.com\/#website"},"primaryImageOfPage":{"@id":"https:\/\/www.oracaoefe.com\/oracao-para-comecar-o-dia-encontre-a-sua-razao\/#primaryimage"},"image":{"@id":"https:\/\/www.oracaoefe.com\/oracao-para-comecar-o-dia-encontre-a-sua-razao\/#primaryimage"},"thumbnailUrl":"https:\/\/www.oracaoefe.com\/wp-content\/uploads\/2022\/11\/Oracao-5.jpg","datePublished":"2022-11-04T05:00:00+00:00","dateModified":"2022-11-05T02:21:07+00:00","author":{"@id":"https:\/\/www.oracaoefe.com\/#\/schema\/person\/17283c669442cf005c4d5bb58adfb7f5"},"description":"Dieu a une parole de vie pour vous !","breadcrumb":{"@id":"https:\/\/www.oracaoefe.com\/oracao-para-comecar-o-dia-encontre-a-sua-razao\/#breadcrumb"},"inLanguage":"fr-FR","potentialAction":[{"@type":"ReadAction","target":["https:\/\/www.oracaoefe.com\/oracao-para-comecar-o-dia-encontre-a-sua-razao\/"]}]},{"@type":"ImageObject","inLanguage":"fr-FR","@id":"https:\/\/www.oracaoefe.com\/oracao-para-comecar-o-dia-encontre-a-sua-razao\/#primaryimage","url":"https:\/\/www.oracaoefe.com\/wp-content\/uploads\/2022\/11\/Oracao-5.jpg","contentUrl":"https:\/\/www.oracaoefe.com\/wp-content\/uploads\/2022\/11\/Oracao-5.jpg","width":1200,"height":675},{"@type":"BreadcrumbList","@id":"https:\/\/www.oracaoefe.com\/oracao-para-comecar-o-dia-encontre-a-sua-razao\/#breadcrumb","itemListElement":[{"@type":"ListItem","position":1,"name":"Home","item":"https:\/\/www.oracaoefe.com\/"},{"@type":"ListItem","position":2,"name":"Ora\u00e7\u00e3o","item":"https:\/\/www.oracaoefe.com\/category\/oracao\/"},{"@type":"ListItem","position":3,"name":"Ora\u00e7\u00e3o para come\u00e7ar o dia: Encontre a sua raz\u00e3o!"}]},{"@type":"WebSite","@id":"https:\/\/www.oracaoefe.com\/#website","url":"https:\/\/www.oracaoefe.com\/","name":"Pri\u00e8re et foi","description":"","potentialAction":[{"@type":"SearchAction","target":{"@type":"EntryPoint","urlTemplate":"https:\/\/www.oracaoefe.com\/?s={search_term_string}"},"query-input":{"@type":"PropertyValueSpecification","valueRequired":true,"valueName":"search_term_string"}}],"inLanguage":"fr-FR"},{"@type":"Person","@id":"https:\/\/www.oracaoefe.com\/#\/schema\/person\/17283c669442cf005c4d5bb58adfb7f5","name":"Michele Azevedo","image":{"@type":"ImageObject","inLanguage":"fr-FR","@id":"https:\/\/secure.gravatar.com\/avatar\/6b0eb9d22841282815e2cd856a0061c45e1761cd54b22e952d98c4746939aa85?s=96&d=mm&r=g","url":"https:\/\/secure.gravatar.com\/avatar\/6b0eb9d22841282815e2cd856a0061c45e1761cd54b22e952d98c4746939aa85?s=96&d=mm&r=g","contentUrl":"https:\/\/secure.gravatar.com\/avatar\/6b0eb9d22841282815e2cd856a0061c45e1761cd54b22e952d98c4746939aa85?s=96&d=mm&r=g","caption":"Michele Azevedo"},"description":"Dipl\u00f4m\u00e9e en litt\u00e9rature portugaise\/anglaise de l&#039;Universit\u00e9 d&#039;\u00c9tat de Ponta Grossa (UEPG), avec des dipl\u00f4mes de troisi\u00e8me cycle en art dans l&#039;\u00e9ducation (FAPI) et en psychop\u00e9dagogie scolaire (FAPI), elle est la cr\u00e9atrice et propri\u00e9taire du site web Escritora de Sucesso, a de l&#039;exp\u00e9rience dans l&#039;\u00e9criture pour les blogs en g\u00e9n\u00e9ral et travaille comme r\u00e9dactrice et \u00e9ditrice du contenu pour Ora\u00e7\u00e3o e F\u00e9.","url":"https:\/\/www.oracaoefe.com\/fr\/author\/michele-azevedo\/"}]}},"_links":{"self":[{"href":"https:\/\/www.oracaoefe.com\/fr\/wp-json\/wp\/v2\/posts\/1008","targetHints":{"allow":["GET"]}}],"collection":[{"href":"https:\/\/www.oracaoefe.com\/fr\/wp-json\/wp\/v2\/posts"}],"about":[{"href":"https:\/\/www.oracaoefe.com\/fr\/wp-json\/wp\/v2\/types\/post"}],"author":[{"embeddable":true,"href":"https:\/\/www.oracaoefe.com\/fr\/wp-json\/wp\/v2\/users\/3"}],"replies":[{"embeddable":true,"href":"https:\/\/www.oracaoefe.com\/fr\/wp-json\/wp\/v2\/comments?post=1008"}],"version-history":[{"count":3,"href":"https:\/\/www.oracaoefe.com\/fr\/wp-json\/wp\/v2\/posts\/1008\/revisions"}],"predecessor-version":[{"id":1016,"href":"https:\/\/www.oracaoefe.com\/fr\/wp-json\/wp\/v2\/posts\/1008\/revisions\/1016"}],"wp:featuredmedia":[{"embeddable":true,"href":"https:\/\/www.oracaoefe.com\/fr\/wp-json\/wp\/v2\/media\/1012"}],"wp:attachment":[{"href":"https:\/\/www.oracaoefe.com\/fr\/wp-json\/wp\/v2\/media?parent=1008"}],"wp:term":[{"taxonomy":"category","embeddable":true,"href":"https:\/\/www.oracaoefe.com\/fr\/wp-json\/wp\/v2\/categories?post=1008"},{"taxonomy":"post_tag","embeddable":true,"href":"https:\/\/www.oracaoefe.com\/fr\/wp-json\/wp\/v2\/tags?post=1008"}],"curies":[{"name":"wp","href":"https:\/\/api.w.org\/{rel}","templated":true}]}}