{"id":537,"date":"2022-09-29T16:21:39","date_gmt":"2022-09-29T19:21:39","guid":{"rendered":"https:\/\/www.oracaoefe.com\/?p=537"},"modified":"2022-09-29T19:34:43","modified_gmt":"2022-09-29T22:34:43","slug":"dios-tiene-empatia-lo-que-la-creacion-ensena","status":"publish","type":"post","link":"https:\/\/www.oracaoefe.com\/es\/deus-tem-empatia-o-que-a-criacao-ensina\/","title":{"rendered":"\u00bfTiene Dios empat\u00eda? Lo que la creaci\u00f3n ense\u00f1a"},"content":{"rendered":"<div class=\"wp-block-post-date\"><time datetime=\"2022-09-29T16:21:39-03:00\">29 de septiembre de 2022<\/time><\/div>\n\n\n<p>A <strong>empat\u00eda <\/strong>se define como la \"capacidad de identificarse con los dem\u00e1s, de sentir lo que ellos sienten\". Esta cualidad nos permite imaginar c\u00f3mo ser\u00eda estar en el lugar de la otra persona.<\/p>\n\n\n\n<p>\u00bfPor qu\u00e9 tenemos empat\u00eda, una cualidad que los humanos exhiben como ninguna otra especie? La Biblia explica que Dios cre\u00f3 al ser humano a su imagen y semejanza (G\u00e9nesis 1:26). Estamos hechos a imagen y semejanza de Dios en el sentido de que podemos reflejar su personalidad y, por tanto, imitar sus cualidades en cierta medida. Por lo tanto, cuando las personas muestran empat\u00eda al ayudar a los dem\u00e1s, reflejan la empat\u00eda de su compasivo Creador, Jehov\u00e1 (Proverbios 14:31).<\/p>\n\n\n\n<h2 class=\"wp-block-heading\">Lo que la Biblia ense\u00f1a sobre la empat\u00eda de Dios<\/h2>\n\n\n\n<p>Dios empatiza con nosotros y odia vernos sufrir. De los antiguos israelitas, que soportaron la dura esclavitud en Egipto, seguida de 40 duros a\u00f1os en el desierto, la Biblia dice: \"En toda su angustia fue para \u00e9l angustia\" (Isa\u00edas 63:9).&nbsp;<\/p>\n\n\n\n<p>Obs\u00e9rvese que Dios no s\u00f3lo era consciente de su angustia: sent\u00eda su dolor. Dijo: \"Conozco bien tus dolores\" (\u00c9xodo 3:7). Dios tambi\u00e9n dice: \"Quien te toca, toca la ni\u00f1a de mis ojos\" (Zacar\u00edas 2:8). Cuando otros nos causan dolor, Dios sufre con nosotros.<\/p>\n\n\n\n<p>La Biblia nos asegura que, aunque nos condenemos o nos sintamos indignos de la empat\u00eda de Dios, \"Dios es mayor que nuestros corazones y lo sabe todo\" (Juan 3:19, 20). Dios nos conoce mejor que nosotros mismos. \u00c9l conoce perfectamente nuestra situaci\u00f3n, nuestros pensamientos y nuestros sentimientos. Tiene empat\u00eda con nosotros.<\/p>\n\n\n\n<p>Podemos acudir a Dios en busca de consuelo, sabidur\u00eda y apoyo cuando acude en ayuda de los afligidos.<\/p>\n\n\n\n<h3 class=\"wp-block-heading\">Dios nos observa, nos comprende y est\u00e1 con nosotros<\/h3>\n\n\n\n<p>\u00a1Qu\u00e9 reconfortante es saber que Dios nos comprende y es solidario con nosotros! Pero entonces, \u00bfpor qu\u00e9 hay tanto sufrimiento? \u00bfEs porque Dios nos castiga por nuestros errores? \u00bfHar\u00e1 Dios algo para acabar con el sufrimiento? Los siguientes art\u00edculos responder\u00e1n a estas preguntas.<\/p>\n\n\n\n<p>Las Escrituras nos animan repetidamente a imitar a nuestro Padre Celestial y a Su Hijo, Jesucristo. La empat\u00eda es, por tanto, una cualidad que debemos cultivar. \u00bfC\u00f3mo, despu\u00e9s de todo? Hay b\u00e1sicamente tres formas de agudizar nuestra sensibilidad a las necesidades y sentimientos de los dem\u00e1s: escuchar, observar e imaginar.<\/p>\n\n\n\n<p>Escuchemos. Escuchando atentamente, descubrimos los problemas de los dem\u00e1s. Y cuanto mejor escuchemos, m\u00e1s dispuestos estar\u00e1n los dem\u00e1s a abrir su coraz\u00f3n y revelar sus sentimientos.&nbsp;<\/p>\n\n\n\n<p>Observemos. No todos hablan abiertamente de sus sentimientos o de su situaci\u00f3n. Por otro lado, un buen observador se dar\u00e1 cuenta si un cristiano parece deprimido, si un adolescente se encierra en s\u00ed mismo o si un ministro cristiano entusiasta pierde el entusiasmo.&nbsp;<\/p>\n\n\n\n<p>Esta capacidad de detectar un problema a las primeras se\u00f1ales es esencial para los padres. \"De un modo u otro, mi madre ya sabe c\u00f3mo me siento antes de que hable con ella. As\u00ed que no tengo ninguna dificultad para confiarle mis problemas con toda sinceridad.&nbsp;<\/p>\n\n\n\n<p>Seamos imaginativos. La forma m\u00e1s eficaz de despertar nuestra empat\u00eda es preguntarnos: \"Si yo estuviera en esa situaci\u00f3n, \u00bfc\u00f3mo me sentir\u00eda? \u00bfCu\u00e1l ser\u00eda mi reacci\u00f3n? \u00bfQu\u00e9 voy a necesitar?\"<\/p>\n\n\n\n<p>Los tres falsos consoladores de Job fueron incapaces de ponerse en su lugar. Por lo tanto, lo condenaron por pecados de los que supon\u00edan que era culpable.<\/p>\n\n\n\n<p>A menudo es m\u00e1s f\u00e1cil para los humanos imperfectos juzgar las faltas que considerar los sentimientos. Sin embargo, si hacemos todo lo posible por comprender la situaci\u00f3n de alguien, nos compadeceremos en lugar de condenar. Juan, un anciano con experiencia, coment\u00f3: \"Doy mucho mejor consejo cuando escucho con atenci\u00f3n y trato de entender el panorama general antes de hacer sugerencias\".<\/p>","protected":false},"excerpt":{"rendered":"<p>La empat\u00eda se define como \"la capacidad de identificarse con los dem\u00e1s, de sentir lo que ellos sienten\". Esta cualidad nos permite imaginar...<\/p>","protected":false},"author":1,"featured_media":556,"comment_status":"open","ping_status":"closed","sticky":false,"template":"","format":"standard","meta":{"neve_meta_sidebar":"","neve_meta_container":"","neve_meta_enable_content_width":"","neve_meta_content_width":0,"neve_meta_title_alignment":"","neve_meta_author_avatar":"","neve_post_elements_order":"","neve_meta_disable_header":"","neve_meta_disable_footer":"","neve_meta_disable_title":"","footnotes":""},"categories":[3],"tags":[20,128],"class_list":["post-537","post","type-post","status-publish","format-standard","has-post-thumbnail","hentry","category-fe","tag-deus","tag-empatia"],"yoast_head":"<!-- This site is optimized with the Yoast SEO plugin v27.5 - https:\/\/yoast.com\/product\/yoast-seo-wordpress\/ -->\n<title>Deus tem empatia? O que a cria\u00e7\u00e3o ensina - Ora\u00e7\u00e3o e F\u00e9<\/title>\n<meta name=\"description\" content=\"A empatia \u00e9 definida como a \u201ccapacidade de se identificar com os outros, de sentir o que eles sentem\u201d. Essa qualidade permite imaginar...\" \/>\n<meta name=\"robots\" content=\"index, follow, max-snippet:-1, max-image-preview:large, max-video-preview:-1\" \/>\n<link rel=\"canonical\" href=\"https:\/\/www.oracaoefe.com\/es\/dios-tiene-empatia-lo-que-la-creacion-ensena\/\" \/>\n<meta property=\"og:locale\" content=\"es_ES\" \/>\n<meta property=\"og:type\" content=\"article\" \/>\n<meta property=\"og:title\" content=\"Deus tem empatia? O que a cria\u00e7\u00e3o ensina - Ora\u00e7\u00e3o e F\u00e9\" \/>\n<meta property=\"og:description\" content=\"A empatia \u00e9 definida como a \u201ccapacidade de se identificar com os outros, de sentir o que eles sentem\u201d. Essa qualidade permite imaginar...\" \/>\n<meta property=\"og:url\" content=\"https:\/\/www.oracaoefe.com\/es\/dios-tiene-empatia-lo-que-la-creacion-ensena\/\" \/>\n<meta property=\"og:site_name\" content=\"Ora\u00e7\u00e3o e F\u00e9\" \/>\n<meta property=\"article:published_time\" content=\"2022-09-29T19:21:39+00:00\" \/>\n<meta property=\"article:modified_time\" content=\"2022-09-29T22:34:43+00:00\" \/>\n<meta property=\"og:image\" content=\"https:\/\/www.oracaoefe.com\/wp-content\/uploads\/2022\/09\/Deus-tem-empatia-O-que-a-criacao-ensina.jpg\" \/>\n\t<meta property=\"og:image:width\" content=\"1200\" \/>\n\t<meta property=\"og:image:height\" content=\"675\" \/>\n\t<meta property=\"og:image:type\" content=\"image\/jpeg\" \/>\n<meta name=\"author\" content=\"Maria\" \/>\n<meta name=\"twitter:card\" content=\"summary_large_image\" \/>\n<meta name=\"twitter:label1\" content=\"Escrito por\" \/>\n\t<meta name=\"twitter:data1\" content=\"Maria\" \/>\n\t<meta name=\"twitter:label2\" content=\"Tiempo de lectura\" \/>\n\t<meta name=\"twitter:data2\" content=\"3 minutos\" \/>\n<script type=\"application\/ld+json\" class=\"yoast-schema-graph\">{\"@context\":\"https:\\\/\\\/schema.org\",\"@graph\":[{\"@type\":\"Article\",\"@id\":\"https:\\\/\\\/www.oracaoefe.com\\\/deus-tem-empatia-o-que-a-criacao-ensina\\\/#article\",\"isPartOf\":{\"@id\":\"https:\\\/\\\/www.oracaoefe.com\\\/deus-tem-empatia-o-que-a-criacao-ensina\\\/\"},\"author\":{\"name\":\"Maria\",\"@id\":\"https:\\\/\\\/www.oracaoefe.com\\\/#\\\/schema\\\/person\\\/27873f1e6043866689f5091b5139f23d\"},\"headline\":\"Deus tem empatia? O que a cria\u00e7\u00e3o ensina\",\"datePublished\":\"2022-09-29T19:21:39+00:00\",\"dateModified\":\"2022-09-29T22:34:43+00:00\",\"mainEntityOfPage\":{\"@id\":\"https:\\\/\\\/www.oracaoefe.com\\\/deus-tem-empatia-o-que-a-criacao-ensina\\\/\"},\"wordCount\":633,\"commentCount\":0,\"image\":{\"@id\":\"https:\\\/\\\/www.oracaoefe.com\\\/deus-tem-empatia-o-que-a-criacao-ensina\\\/#primaryimage\"},\"thumbnailUrl\":\"https:\\\/\\\/www.oracaoefe.com\\\/wp-content\\\/uploads\\\/2022\\\/09\\\/Deus-tem-empatia-O-que-a-criacao-ensina.jpg\",\"keywords\":[\"Deus\",\"empatia\"],\"articleSection\":[\"F\u00e9\"],\"inLanguage\":\"es\",\"potentialAction\":[{\"@type\":\"CommentAction\",\"name\":\"Comment\",\"target\":[\"https:\\\/\\\/www.oracaoefe.com\\\/deus-tem-empatia-o-que-a-criacao-ensina\\\/#respond\"]}]},{\"@type\":\"WebPage\",\"@id\":\"https:\\\/\\\/www.oracaoefe.com\\\/deus-tem-empatia-o-que-a-criacao-ensina\\\/\",\"url\":\"https:\\\/\\\/www.oracaoefe.com\\\/deus-tem-empatia-o-que-a-criacao-ensina\\\/\",\"name\":\"Deus tem empatia? O que a cria\u00e7\u00e3o ensina - Ora\u00e7\u00e3o e F\u00e9\",\"isPartOf\":{\"@id\":\"https:\\\/\\\/www.oracaoefe.com\\\/#website\"},\"primaryImageOfPage\":{\"@id\":\"https:\\\/\\\/www.oracaoefe.com\\\/deus-tem-empatia-o-que-a-criacao-ensina\\\/#primaryimage\"},\"image\":{\"@id\":\"https:\\\/\\\/www.oracaoefe.com\\\/deus-tem-empatia-o-que-a-criacao-ensina\\\/#primaryimage\"},\"thumbnailUrl\":\"https:\\\/\\\/www.oracaoefe.com\\\/wp-content\\\/uploads\\\/2022\\\/09\\\/Deus-tem-empatia-O-que-a-criacao-ensina.jpg\",\"datePublished\":\"2022-09-29T19:21:39+00:00\",\"dateModified\":\"2022-09-29T22:34:43+00:00\",\"author\":{\"@id\":\"https:\\\/\\\/www.oracaoefe.com\\\/#\\\/schema\\\/person\\\/27873f1e6043866689f5091b5139f23d\"},\"description\":\"A empatia \u00e9 definida como a \u201ccapacidade de se identificar com os outros, de sentir o que eles sentem\u201d. Essa qualidade permite imaginar...\",\"breadcrumb\":{\"@id\":\"https:\\\/\\\/www.oracaoefe.com\\\/deus-tem-empatia-o-que-a-criacao-ensina\\\/#breadcrumb\"},\"inLanguage\":\"es\",\"potentialAction\":[{\"@type\":\"ReadAction\",\"target\":[\"https:\\\/\\\/www.oracaoefe.com\\\/deus-tem-empatia-o-que-a-criacao-ensina\\\/\"]}]},{\"@type\":\"ImageObject\",\"inLanguage\":\"es\",\"@id\":\"https:\\\/\\\/www.oracaoefe.com\\\/deus-tem-empatia-o-que-a-criacao-ensina\\\/#primaryimage\",\"url\":\"https:\\\/\\\/www.oracaoefe.com\\\/wp-content\\\/uploads\\\/2022\\\/09\\\/Deus-tem-empatia-O-que-a-criacao-ensina.jpg\",\"contentUrl\":\"https:\\\/\\\/www.oracaoefe.com\\\/wp-content\\\/uploads\\\/2022\\\/09\\\/Deus-tem-empatia-O-que-a-criacao-ensina.jpg\",\"width\":1200,\"height\":675,\"caption\":\"Deus tem empatia O que a cria\u00e7\u00e3o ensina\"},{\"@type\":\"BreadcrumbList\",\"@id\":\"https:\\\/\\\/www.oracaoefe.com\\\/deus-tem-empatia-o-que-a-criacao-ensina\\\/#breadcrumb\",\"itemListElement\":[{\"@type\":\"ListItem\",\"position\":1,\"name\":\"Home\",\"item\":\"https:\\\/\\\/www.oracaoefe.com\\\/\"},{\"@type\":\"ListItem\",\"position\":2,\"name\":\"F\u00e9\",\"item\":\"https:\\\/\\\/www.oracaoefe.com\\\/es\\\/categoria\\\/fe\\\/\"},{\"@type\":\"ListItem\",\"position\":3,\"name\":\"Deus tem empatia? O que a cria\u00e7\u00e3o ensina\"}]},{\"@type\":\"WebSite\",\"@id\":\"https:\\\/\\\/www.oracaoefe.com\\\/#website\",\"url\":\"https:\\\/\\\/www.oracaoefe.com\\\/\",\"name\":\"Ora\u00e7\u00e3o e F\u00e9\",\"description\":\"\",\"potentialAction\":[{\"@type\":\"SearchAction\",\"target\":{\"@type\":\"EntryPoint\",\"urlTemplate\":\"https:\\\/\\\/www.oracaoefe.com\\\/?s={search_term_string}\"},\"query-input\":{\"@type\":\"PropertyValueSpecification\",\"valueRequired\":true,\"valueName\":\"search_term_string\"}}],\"inLanguage\":\"es\"},{\"@type\":\"Person\",\"@id\":\"https:\\\/\\\/www.oracaoefe.com\\\/#\\\/schema\\\/person\\\/27873f1e6043866689f5091b5139f23d\",\"name\":\"Maria\",\"image\":{\"@type\":\"ImageObject\",\"inLanguage\":\"es\",\"@id\":\"https:\\\/\\\/secure.gravatar.com\\\/avatar\\\/4cac5ea56d40d599bd7348d330a83b1c84cd229296d1613cd1c7f6740561d0c9?s=96&d=mm&r=g\",\"url\":\"https:\\\/\\\/secure.gravatar.com\\\/avatar\\\/4cac5ea56d40d599bd7348d330a83b1c84cd229296d1613cd1c7f6740561d0c9?s=96&d=mm&r=g\",\"contentUrl\":\"https:\\\/\\\/secure.gravatar.com\\\/avatar\\\/4cac5ea56d40d599bd7348d330a83b1c84cd229296d1613cd1c7f6740561d0c9?s=96&d=mm&r=g\",\"caption\":\"Maria\"},\"description\":\"Meu nome \u00e9 Maria. Sou apaixonada por teologia e escrevo sobre o mundo religioso h\u00e1 5 anos. Sou curiosa e pesquiso tudo sobre as religi\u00f5es mundo afora. Adoro pesquisar sobre as curiosidades que norteiam as mais variadas doutrinas em diferentes pa\u00edses e idiomas. Hoje, sou redatora e amo compartilhar meu conhecimento no portal Ora\u00e7\u00e3o e F\u00e9.\",\"sameAs\":[\"https:\\\/\\\/www.oracaoefe.com\"],\"url\":\"https:\\\/\\\/www.oracaoefe.com\\\/es\\\/author\\\/admin\\\/\"}]}<\/script>\n<!-- \/ Yoast SEO plugin. -->","yoast_head_json":{"title":"\u00bfTiene Dios empat\u00eda? Lo que ense\u00f1a la creaci\u00f3n - Oraci\u00f3n y fe","description":"La empat\u00eda se define como la \"capacidad de identificarse con los dem\u00e1s, de sentir lo que ellos sienten\". Esta cualidad nos permite imaginar...","robots":{"index":"index","follow":"follow","max-snippet":"max-snippet:-1","max-image-preview":"max-image-preview:large","max-video-preview":"max-video-preview:-1"},"canonical":"https:\/\/www.oracaoefe.com\/es\/dios-tiene-empatia-lo-que-la-creacion-ensena\/","og_locale":"es_ES","og_type":"article","og_title":"Deus tem empatia? O que a cria\u00e7\u00e3o ensina - Ora\u00e7\u00e3o e F\u00e9","og_description":"A empatia \u00e9 definida como a \u201ccapacidade de se identificar com os outros, de sentir o que eles sentem\u201d. Essa qualidade permite imaginar...","og_url":"https:\/\/www.oracaoefe.com\/es\/dios-tiene-empatia-lo-que-la-creacion-ensena\/","og_site_name":"Ora\u00e7\u00e3o e F\u00e9","article_published_time":"2022-09-29T19:21:39+00:00","article_modified_time":"2022-09-29T22:34:43+00:00","og_image":[{"width":1200,"height":675,"url":"https:\/\/www.oracaoefe.com\/wp-content\/uploads\/2022\/09\/Deus-tem-empatia-O-que-a-criacao-ensina.jpg","type":"image\/jpeg"}],"author":"Maria","twitter_card":"summary_large_image","twitter_misc":{"Escrito por":"Maria","Tiempo de lectura":"3 minutos"},"schema":{"@context":"https:\/\/schema.org","@graph":[{"@type":"Article","@id":"https:\/\/www.oracaoefe.com\/deus-tem-empatia-o-que-a-criacao-ensina\/#article","isPartOf":{"@id":"https:\/\/www.oracaoefe.com\/deus-tem-empatia-o-que-a-criacao-ensina\/"},"author":{"name":"Maria","@id":"https:\/\/www.oracaoefe.com\/#\/schema\/person\/27873f1e6043866689f5091b5139f23d"},"headline":"Deus tem empatia? O que a cria\u00e7\u00e3o ensina","datePublished":"2022-09-29T19:21:39+00:00","dateModified":"2022-09-29T22:34:43+00:00","mainEntityOfPage":{"@id":"https:\/\/www.oracaoefe.com\/deus-tem-empatia-o-que-a-criacao-ensina\/"},"wordCount":633,"commentCount":0,"image":{"@id":"https:\/\/www.oracaoefe.com\/deus-tem-empatia-o-que-a-criacao-ensina\/#primaryimage"},"thumbnailUrl":"https:\/\/www.oracaoefe.com\/wp-content\/uploads\/2022\/09\/Deus-tem-empatia-O-que-a-criacao-ensina.jpg","keywords":["Deus","empatia"],"articleSection":["F\u00e9"],"inLanguage":"es","potentialAction":[{"@type":"CommentAction","name":"Comment","target":["https:\/\/www.oracaoefe.com\/deus-tem-empatia-o-que-a-criacao-ensina\/#respond"]}]},{"@type":"WebPage","@id":"https:\/\/www.oracaoefe.com\/deus-tem-empatia-o-que-a-criacao-ensina\/","url":"https:\/\/www.oracaoefe.com\/deus-tem-empatia-o-que-a-criacao-ensina\/","name":"\u00bfTiene Dios empat\u00eda? Lo que ense\u00f1a la creaci\u00f3n - Oraci\u00f3n y fe","isPartOf":{"@id":"https:\/\/www.oracaoefe.com\/#website"},"primaryImageOfPage":{"@id":"https:\/\/www.oracaoefe.com\/deus-tem-empatia-o-que-a-criacao-ensina\/#primaryimage"},"image":{"@id":"https:\/\/www.oracaoefe.com\/deus-tem-empatia-o-que-a-criacao-ensina\/#primaryimage"},"thumbnailUrl":"https:\/\/www.oracaoefe.com\/wp-content\/uploads\/2022\/09\/Deus-tem-empatia-O-que-a-criacao-ensina.jpg","datePublished":"2022-09-29T19:21:39+00:00","dateModified":"2022-09-29T22:34:43+00:00","author":{"@id":"https:\/\/www.oracaoefe.com\/#\/schema\/person\/27873f1e6043866689f5091b5139f23d"},"description":"La empat\u00eda se define como la \"capacidad de identificarse con los dem\u00e1s, de sentir lo que ellos sienten\". Esta cualidad nos permite imaginar...","breadcrumb":{"@id":"https:\/\/www.oracaoefe.com\/deus-tem-empatia-o-que-a-criacao-ensina\/#breadcrumb"},"inLanguage":"es","potentialAction":[{"@type":"ReadAction","target":["https:\/\/www.oracaoefe.com\/deus-tem-empatia-o-que-a-criacao-ensina\/"]}]},{"@type":"ImageObject","inLanguage":"es","@id":"https:\/\/www.oracaoefe.com\/deus-tem-empatia-o-que-a-criacao-ensina\/#primaryimage","url":"https:\/\/www.oracaoefe.com\/wp-content\/uploads\/2022\/09\/Deus-tem-empatia-O-que-a-criacao-ensina.jpg","contentUrl":"https:\/\/www.oracaoefe.com\/wp-content\/uploads\/2022\/09\/Deus-tem-empatia-O-que-a-criacao-ensina.jpg","width":1200,"height":675,"caption":"Deus tem empatia O que a cria\u00e7\u00e3o ensina"},{"@type":"BreadcrumbList","@id":"https:\/\/www.oracaoefe.com\/deus-tem-empatia-o-que-a-criacao-ensina\/#breadcrumb","itemListElement":[{"@type":"ListItem","position":1,"name":"Home","item":"https:\/\/www.oracaoefe.com\/"},{"@type":"ListItem","position":2,"name":"F\u00e9","item":"https:\/\/www.oracaoefe.com\/es\/categoria\/fe\/"},{"@type":"ListItem","position":3,"name":"Deus tem empatia? O que a cria\u00e7\u00e3o ensina"}]},{"@type":"WebSite","@id":"https:\/\/www.oracaoefe.com\/#website","url":"https:\/\/www.oracaoefe.com\/","name":"Oraci\u00f3n y fe","description":"","potentialAction":[{"@type":"SearchAction","target":{"@type":"EntryPoint","urlTemplate":"https:\/\/www.oracaoefe.com\/?s={search_term_string}"},"query-input":{"@type":"PropertyValueSpecification","valueRequired":true,"valueName":"search_term_string"}}],"inLanguage":"es"},{"@type":"Person","@id":"https:\/\/www.oracaoefe.com\/#\/schema\/person\/27873f1e6043866689f5091b5139f23d","name":"Mar\u00eda","image":{"@type":"ImageObject","inLanguage":"es","@id":"https:\/\/secure.gravatar.com\/avatar\/4cac5ea56d40d599bd7348d330a83b1c84cd229296d1613cd1c7f6740561d0c9?s=96&d=mm&r=g","url":"https:\/\/secure.gravatar.com\/avatar\/4cac5ea56d40d599bd7348d330a83b1c84cd229296d1613cd1c7f6740561d0c9?s=96&d=mm&r=g","contentUrl":"https:\/\/secure.gravatar.com\/avatar\/4cac5ea56d40d599bd7348d330a83b1c84cd229296d1613cd1c7f6740561d0c9?s=96&d=mm&r=g","caption":"Maria"},"description":"Me llamo Mar\u00eda. Me apasiona la teolog\u00eda y llevo 5 a\u00f1os escribiendo sobre el mundo religioso. Soy curioso e investigo todo sobre las religiones del mundo. Me encanta investigar las curiosidades que gu\u00edan las m\u00e1s variadas doctrinas en diferentes pa\u00edses y lenguas. Hoy en d\u00eda, soy editora y me encanta compartir mis conocimientos en el portal Oraci\u00f3n y Fe.","sameAs":["https:\/\/www.oracaoefe.com"],"url":"https:\/\/www.oracaoefe.com\/es\/author\/admin\/"}]}},"_links":{"self":[{"href":"https:\/\/www.oracaoefe.com\/es\/wp-json\/wp\/v2\/posts\/537","targetHints":{"allow":["GET"]}}],"collection":[{"href":"https:\/\/www.oracaoefe.com\/es\/wp-json\/wp\/v2\/posts"}],"about":[{"href":"https:\/\/www.oracaoefe.com\/es\/wp-json\/wp\/v2\/types\/post"}],"author":[{"embeddable":true,"href":"https:\/\/www.oracaoefe.com\/es\/wp-json\/wp\/v2\/users\/1"}],"replies":[{"embeddable":true,"href":"https:\/\/www.oracaoefe.com\/es\/wp-json\/wp\/v2\/comments?post=537"}],"version-history":[{"count":1,"href":"https:\/\/www.oracaoefe.com\/es\/wp-json\/wp\/v2\/posts\/537\/revisions"}],"predecessor-version":[{"id":538,"href":"https:\/\/www.oracaoefe.com\/es\/wp-json\/wp\/v2\/posts\/537\/revisions\/538"}],"wp:featuredmedia":[{"embeddable":true,"href":"https:\/\/www.oracaoefe.com\/es\/wp-json\/wp\/v2\/media\/556"}],"wp:attachment":[{"href":"https:\/\/www.oracaoefe.com\/es\/wp-json\/wp\/v2\/media?parent=537"}],"wp:term":[{"taxonomy":"category","embeddable":true,"href":"https:\/\/www.oracaoefe.com\/es\/wp-json\/wp\/v2\/categories?post=537"},{"taxonomy":"post_tag","embeddable":true,"href":"https:\/\/www.oracaoefe.com\/es\/wp-json\/wp\/v2\/tags?post=537"}],"curies":[{"name":"wp","href":"https:\/\/api.w.org\/{rel}","templated":true}]}}