{"id":535,"date":"2022-09-29T13:04:11","date_gmt":"2022-09-29T16:04:11","guid":{"rendered":"https:\/\/www.oracaoefe.com\/?p=535"},"modified":"2025-06-15T15:17:27","modified_gmt":"2025-06-15T18:17:27","slug":"gratitud-por-que-nos-permite-estar-mas-cerca-de-dios","status":"publish","type":"post","link":"https:\/\/www.oracaoefe.com\/es\/gratidao-por-que-ela-causa-bem-estar-e-nos-aproxima-de-deus\/","title":{"rendered":"La gratitud: por qu\u00e9 causa bienestar y nos acerca a Dios"},"content":{"rendered":"<div class=\"wp-block-post-date\"><time datetime=\"2022-09-29T13:04:11-03:00\">29 de septiembre de 2022<\/time><\/div>\n\n\n<p>Mostrar <strong>gratitud <\/strong>tiene tantos beneficios -f\u00edsicos, mentales y emocionales- que todo el mundo deber\u00eda convertirlo en un h\u00e1bito para toda la vida. Seg\u00fan un art\u00edculo de la revista Harvard Mental Health Letter, \"la gratitud se asocia de forma s\u00f3lida y constante con una mayor felicidad. Ayuda a las personas a experimentar sentimientos m\u00e1s positivos, a disfrutar de los buenos momentos, a estar m\u00e1s sanos, a superar las dificultades y a construir relaciones s\u00f3lidas.\"<\/p>\n\n\n\n<h2 class=\"wp-block-heading\">Lo que la Biblia dice sobre la gratitud<\/h2>\n\n\n\n<p>La Biblia nos anima a cultivar un esp\u00edritu de gratitud. \"Mu\u00e9strense agradecidos\", escribi\u00f3 el ap\u00f3stol Pablo, \u00e9l mismo un modelo en este sentido. Por ejemplo, \"daba gracias a Dios constantemente\" cuando pensaba en los que respond\u00edan favorablemente a su mensaje (Colosenses 3:15; Tesalonicenses 2:13).&nbsp;<\/p>\n\n\n\n<p>Para experimentar una felicidad duradera, no basta con dar las gracias de vez en cuando; hay que tener una mentalidad agradecida. Esta mentalidad nos protege de la envidia, el resentimiento y la sensaci\u00f3n de derecho, sentimientos que pueden alejar a la gente de nosotros y hacernos perder la alegr\u00eda.<\/p>\n\n\n\n<p>Nuestro propio Creador es un excelente ejemplo de gratitud, incluso para los simples humanos. Hebreos 6:10 declara: \"Dios no es injusto para olvidar su obra y el amor que has mostrado a su nombre. S\u00ed, nuestro Creador considera injusto no tener gratitud.<\/p>\n\n\n\n<h2 class=\"wp-block-heading\">\u00bfC\u00f3mo mejora la gratitud nuestras relaciones con los dem\u00e1s?<\/h2>\n\n\n\n<p>Cuando expresamos nuestra gratitud a alguien -por un regalo, una palabra amable o una ayuda pr\u00e1ctica- se siente apreciado y valorado. Incluso los desconocidos muestran su calidez cuando se les agradece sinceramente un gesto considerado, como sujetar la puerta.<\/p>\n\n\n\n<h3 class=\"wp-block-heading\">Lo que dice la Biblia<\/h3>\n\n\n\n<p>\"Acost\u00fambrate a dar, y se te dar\u00e1\", dijo Jesucristo. Una buena medida se derramar\u00e1 en tu regazo, amontonada, sacudida y rebosante\" (Lc 6,38).&nbsp;<\/p>\n\n\n\n<p>Nuestros sentimientos est\u00e1n estrechamente relacionados con nuestros pensamientos. El escritor b\u00edblico David oraba as\u00ed a Dios: \"He meditado en todas tus obras; incansable y voluntariamente me he interesado en la obra de tus manos\" (Sal 143,5). As\u00ed que David no era superficial. Su estado de \u00e1nimo agradecido era el resultado de su meditaci\u00f3n en los caminos de Dios, un h\u00e1bito que mantuvo durante toda su vida (Salmo 71: 5, 17).<\/p>\n\n\n\n<p>La Biblia nos da este excelente consejo: \"Todas las cosas que son verdaderas, dignas de ser amadas, tienen algo digno de alabanza, sigue considerando estas cosas\" (Filipenses 4:8). La frase \"sigue considerando\" nos llama la atenci\u00f3n una vez m\u00e1s sobre la necesidad de meditar con regularidad, un h\u00e1bito esencial para desarrollar un estado mental agradecido.<\/p>\n\n\n\n<h2 class=\"wp-block-heading\">Siempre agradecido<\/h2>\n\n\n\n<p>Estamos rodeados de personas llenas de orgullo e ingratitud, faltas que pueden pasarnos por alto (Timoteo 3:1, 2). Adem\u00e1s, podemos sentirnos obligados a encajar m\u00e1s y m\u00e1s actividades en nuestras ya saturadas agendas. Podemos estar sobrecargados de problemas o absortos en perseguir nuestros propios intereses hasta el punto de que nos quedamos sin tiempo para apreciar lo que tenemos o lo que otros hacen por nosotros.<\/p>\n\n\n\n<p>T\u00f3mate el tiempo de meditar en las cosas buenas que disfrutas hoy. Es cierto que puedes sentirte abrumado por los problemas, pero considera el ejemplo del rey David. A veces se sent\u00eda abrumado, con el coraz\u00f3n entumecido por las pruebas.&nbsp;<\/p>\n\n\n\n<p>Sin embargo, or\u00f3 a Dios: \"He meditado en todas tus obras; me he interesado incansable y voluntariamente en la obra de tus manos. \"(Salmo 143:3-5). A pesar de las pruebas, David se mantuvo agradecido y contento.<\/p>\n\n\n\n<p>Piensa en lo que otros han hecho por ti y expr\u00e9sales tu gratitud. En este sentido, Jes\u00fas es un ejemplo notable. Cuando su amiga Mar\u00eda derram\u00f3 un costoso aceite sobre su cabeza y sus pies, algunos preguntaron: \"\u00bfPor qu\u00e9 se desperdici\u00f3 tanto aceite arom\u00e1tico?\"&nbsp;<\/p>\n\n\n\n<p>Estos cr\u00edticos cre\u00edan que el petr\u00f3leo deb\u00eda ser vendido y el dinero entregado a los pobres. Jes\u00fas respondi\u00f3: \"D\u00e9jala en paz. \u00bfPor qu\u00e9 quieres causarle problemas? \"Y para a\u00f1adir:\" Hizo lo que pudo (Marcos 14:3-8; Juan 12:3). En lugar de centrarse en lo que Mar\u00eda no hizo, Jes\u00fas expres\u00f3 su gratitud por lo que s\u00ed hizo.<\/p>\n\n\n\n<p>Algunas personas s\u00f3lo aprecian a sus seres queridos, amigos u otras alegr\u00edas de la vida despu\u00e9s de haberlos perdido. Puedes evitar esta triste situaci\u00f3n reflexionando sobre las cosas buenas presentes. \u00bfPor qu\u00e9 no haces una lista mental o escrita de las bendiciones por las que est\u00e1s agradecido?<\/p>\n\n\n\n<p>Puesto que \"toda buena d\u00e1diva\" procede originalmente de Dios, es conveniente dar gracias en la oraci\u00f3n (St 1,17). Hacer esto con regularidad puede ayudarnos a ser siempre agradecidos y a cultivar la satisfacci\u00f3n. - Filipenses 4:6, 7.<\/p>","protected":false},"excerpt":{"rendered":"<p>Mostrar gratitud tiene tantos beneficios -f\u00edsicos, mentales y emocionales- que todo el mundo deber\u00eda convertirlo en un h\u00e1bito para toda la vida...<\/p>","protected":false},"author":1,"featured_media":547,"comment_status":"open","ping_status":"closed","sticky":false,"template":"","format":"standard","meta":{"neve_meta_sidebar":"","neve_meta_container":"","neve_meta_enable_content_width":"","neve_meta_content_width":0,"neve_meta_title_alignment":"","neve_meta_author_avatar":"","neve_post_elements_order":"","neve_meta_disable_header":"","neve_meta_disable_footer":"","neve_meta_disable_title":"","footnotes":""},"categories":[3],"tags":[127,20,126],"class_list":["post-535","post","type-post","status-publish","format-standard","has-post-thumbnail","hentry","category-fe","tag-bem-estar","tag-deus","tag-gratidao"],"yoast_head":"<!-- This site is optimized with the Yoast SEO plugin v27.5 - https:\/\/yoast.com\/product\/yoast-seo-wordpress\/ -->\n<title>Gratid\u00e3o: Por que ela causa bem-estar e nos aproxima de Deus - Ora\u00e7\u00e3o e F\u00e9<\/title>\n<meta name=\"description\" content=\"Mostrar gratid\u00e3o tem tantos benef\u00edcios \u2013 f\u00edsicos, mentais e emocionais \u2013 que todos deveriam fazer disso um h\u00e1bito para toda a vida...\" \/>\n<meta name=\"robots\" content=\"index, follow, max-snippet:-1, max-image-preview:large, max-video-preview:-1\" \/>\n<link rel=\"canonical\" href=\"https:\/\/www.oracaoefe.com\/es\/gratitud-por-que-nos-permite-estar-mas-cerca-de-dios\/\" \/>\n<meta property=\"og:locale\" content=\"es_ES\" \/>\n<meta property=\"og:type\" content=\"article\" \/>\n<meta property=\"og:title\" content=\"Gratid\u00e3o: Por que ela causa bem-estar e nos aproxima de Deus - Ora\u00e7\u00e3o e F\u00e9\" \/>\n<meta property=\"og:description\" content=\"Mostrar gratid\u00e3o tem tantos benef\u00edcios \u2013 f\u00edsicos, mentais e emocionais \u2013 que todos deveriam fazer disso um h\u00e1bito para toda a vida...\" \/>\n<meta property=\"og:url\" content=\"https:\/\/www.oracaoefe.com\/es\/gratitud-por-que-nos-permite-estar-mas-cerca-de-dios\/\" \/>\n<meta property=\"og:site_name\" content=\"Ora\u00e7\u00e3o e F\u00e9\" \/>\n<meta property=\"article:published_time\" content=\"2022-09-29T16:04:11+00:00\" \/>\n<meta property=\"article:modified_time\" content=\"2025-06-15T18:17:27+00:00\" \/>\n<meta property=\"og:image\" content=\"https:\/\/www.oracaoefe.com\/wp-content\/uploads\/2022\/09\/Gratidao-Por-que-ela-causa-bem-estar-e-nos-aproxima-de-Deus.jpg\" \/>\n\t<meta property=\"og:image:width\" content=\"1200\" \/>\n\t<meta property=\"og:image:height\" content=\"675\" \/>\n\t<meta property=\"og:image:type\" content=\"image\/jpeg\" \/>\n<meta name=\"author\" content=\"Maria\" \/>\n<meta name=\"twitter:card\" content=\"summary_large_image\" \/>\n<meta name=\"twitter:label1\" content=\"Escrito por\" \/>\n\t<meta name=\"twitter:data1\" content=\"Maria\" \/>\n\t<meta name=\"twitter:label2\" content=\"Tiempo de lectura\" \/>\n\t<meta name=\"twitter:data2\" content=\"4 minutos\" \/>\n<script type=\"application\/ld+json\" class=\"yoast-schema-graph\">{\"@context\":\"https:\\\/\\\/schema.org\",\"@graph\":[{\"@type\":\"Article\",\"@id\":\"https:\\\/\\\/www.oracaoefe.com\\\/gratidao-por-que-ela-causa-bem-estar-e-nos-aproxima-de-deus\\\/#article\",\"isPartOf\":{\"@id\":\"https:\\\/\\\/www.oracaoefe.com\\\/gratidao-por-que-ela-causa-bem-estar-e-nos-aproxima-de-deus\\\/\"},\"author\":{\"name\":\"Maria\",\"@id\":\"https:\\\/\\\/www.oracaoefe.com\\\/#\\\/schema\\\/person\\\/27873f1e6043866689f5091b5139f23d\"},\"headline\":\"Gratid\u00e3o: Por que ela causa bem-estar e nos aproxima de Deus\",\"datePublished\":\"2022-09-29T16:04:11+00:00\",\"dateModified\":\"2025-06-15T18:17:27+00:00\",\"mainEntityOfPage\":{\"@id\":\"https:\\\/\\\/www.oracaoefe.com\\\/gratidao-por-que-ela-causa-bem-estar-e-nos-aproxima-de-deus\\\/\"},\"wordCount\":792,\"commentCount\":0,\"image\":{\"@id\":\"https:\\\/\\\/www.oracaoefe.com\\\/gratidao-por-que-ela-causa-bem-estar-e-nos-aproxima-de-deus\\\/#primaryimage\"},\"thumbnailUrl\":\"https:\\\/\\\/www.oracaoefe.com\\\/wp-content\\\/uploads\\\/2022\\\/09\\\/Gratidao-Por-que-ela-causa-bem-estar-e-nos-aproxima-de-Deus.jpg\",\"keywords\":[\"bem-estar\",\"Deus\",\"gratid\u00e3o\"],\"articleSection\":[\"F\u00e9\"],\"inLanguage\":\"es\",\"potentialAction\":[{\"@type\":\"CommentAction\",\"name\":\"Comment\",\"target\":[\"https:\\\/\\\/www.oracaoefe.com\\\/gratidao-por-que-ela-causa-bem-estar-e-nos-aproxima-de-deus\\\/#respond\"]}]},{\"@type\":\"WebPage\",\"@id\":\"https:\\\/\\\/www.oracaoefe.com\\\/gratidao-por-que-ela-causa-bem-estar-e-nos-aproxima-de-deus\\\/\",\"url\":\"https:\\\/\\\/www.oracaoefe.com\\\/gratidao-por-que-ela-causa-bem-estar-e-nos-aproxima-de-deus\\\/\",\"name\":\"Gratid\u00e3o: Por que ela causa bem-estar e nos aproxima de Deus - Ora\u00e7\u00e3o e F\u00e9\",\"isPartOf\":{\"@id\":\"https:\\\/\\\/www.oracaoefe.com\\\/#website\"},\"primaryImageOfPage\":{\"@id\":\"https:\\\/\\\/www.oracaoefe.com\\\/gratidao-por-que-ela-causa-bem-estar-e-nos-aproxima-de-deus\\\/#primaryimage\"},\"image\":{\"@id\":\"https:\\\/\\\/www.oracaoefe.com\\\/gratidao-por-que-ela-causa-bem-estar-e-nos-aproxima-de-deus\\\/#primaryimage\"},\"thumbnailUrl\":\"https:\\\/\\\/www.oracaoefe.com\\\/wp-content\\\/uploads\\\/2022\\\/09\\\/Gratidao-Por-que-ela-causa-bem-estar-e-nos-aproxima-de-Deus.jpg\",\"datePublished\":\"2022-09-29T16:04:11+00:00\",\"dateModified\":\"2025-06-15T18:17:27+00:00\",\"author\":{\"@id\":\"https:\\\/\\\/www.oracaoefe.com\\\/#\\\/schema\\\/person\\\/27873f1e6043866689f5091b5139f23d\"},\"description\":\"Mostrar gratid\u00e3o tem tantos benef\u00edcios \u2013 f\u00edsicos, mentais e emocionais \u2013 que todos deveriam fazer disso um h\u00e1bito para toda a vida...\",\"breadcrumb\":{\"@id\":\"https:\\\/\\\/www.oracaoefe.com\\\/gratidao-por-que-ela-causa-bem-estar-e-nos-aproxima-de-deus\\\/#breadcrumb\"},\"inLanguage\":\"es\",\"potentialAction\":[{\"@type\":\"ReadAction\",\"target\":[\"https:\\\/\\\/www.oracaoefe.com\\\/gratidao-por-que-ela-causa-bem-estar-e-nos-aproxima-de-deus\\\/\"]}]},{\"@type\":\"ImageObject\",\"inLanguage\":\"es\",\"@id\":\"https:\\\/\\\/www.oracaoefe.com\\\/gratidao-por-que-ela-causa-bem-estar-e-nos-aproxima-de-deus\\\/#primaryimage\",\"url\":\"https:\\\/\\\/www.oracaoefe.com\\\/wp-content\\\/uploads\\\/2022\\\/09\\\/Gratidao-Por-que-ela-causa-bem-estar-e-nos-aproxima-de-Deus.jpg\",\"contentUrl\":\"https:\\\/\\\/www.oracaoefe.com\\\/wp-content\\\/uploads\\\/2022\\\/09\\\/Gratidao-Por-que-ela-causa-bem-estar-e-nos-aproxima-de-Deus.jpg\",\"width\":1200,\"height\":675,\"caption\":\"Gratid\u00e3o Por que ela causa bem-estar e nos aproxima de Deus\"},{\"@type\":\"BreadcrumbList\",\"@id\":\"https:\\\/\\\/www.oracaoefe.com\\\/gratidao-por-que-ela-causa-bem-estar-e-nos-aproxima-de-deus\\\/#breadcrumb\",\"itemListElement\":[{\"@type\":\"ListItem\",\"position\":1,\"name\":\"Home\",\"item\":\"https:\\\/\\\/www.oracaoefe.com\\\/\"},{\"@type\":\"ListItem\",\"position\":2,\"name\":\"Gratid\u00e3o: Por que ela causa bem-estar e nos aproxima de Deus\"}]},{\"@type\":\"WebSite\",\"@id\":\"https:\\\/\\\/www.oracaoefe.com\\\/#website\",\"url\":\"https:\\\/\\\/www.oracaoefe.com\\\/\",\"name\":\"Ora\u00e7\u00e3o e F\u00e9\",\"description\":\"\",\"potentialAction\":[{\"@type\":\"SearchAction\",\"target\":{\"@type\":\"EntryPoint\",\"urlTemplate\":\"https:\\\/\\\/www.oracaoefe.com\\\/?s={search_term_string}\"},\"query-input\":{\"@type\":\"PropertyValueSpecification\",\"valueRequired\":true,\"valueName\":\"search_term_string\"}}],\"inLanguage\":\"es\"},{\"@type\":\"Person\",\"@id\":\"https:\\\/\\\/www.oracaoefe.com\\\/#\\\/schema\\\/person\\\/27873f1e6043866689f5091b5139f23d\",\"name\":\"Maria\",\"image\":{\"@type\":\"ImageObject\",\"inLanguage\":\"es\",\"@id\":\"https:\\\/\\\/secure.gravatar.com\\\/avatar\\\/4cac5ea56d40d599bd7348d330a83b1c84cd229296d1613cd1c7f6740561d0c9?s=96&d=mm&r=g\",\"url\":\"https:\\\/\\\/secure.gravatar.com\\\/avatar\\\/4cac5ea56d40d599bd7348d330a83b1c84cd229296d1613cd1c7f6740561d0c9?s=96&d=mm&r=g\",\"contentUrl\":\"https:\\\/\\\/secure.gravatar.com\\\/avatar\\\/4cac5ea56d40d599bd7348d330a83b1c84cd229296d1613cd1c7f6740561d0c9?s=96&d=mm&r=g\",\"caption\":\"Maria\"},\"description\":\"Meu nome \u00e9 Maria. Sou apaixonada por teologia e escrevo sobre o mundo religioso h\u00e1 5 anos. Sou curiosa e pesquiso tudo sobre as religi\u00f5es mundo afora. Adoro pesquisar sobre as curiosidades que norteiam as mais variadas doutrinas em diferentes pa\u00edses e idiomas. Hoje, sou redatora e amo compartilhar meu conhecimento no portal Ora\u00e7\u00e3o e F\u00e9.\",\"sameAs\":[\"https:\\\/\\\/www.oracaoefe.com\"],\"url\":\"https:\\\/\\\/www.oracaoefe.com\\\/es\\\/author\\\/admin\\\/\"}]}<\/script>\n<!-- \/ Yoast SEO plugin. -->","yoast_head_json":{"title":"La gratitud: por qu\u00e9 causa bienestar y nos acerca a Dios - Oraci\u00f3n y fe","description":"Mostrar gratitud tiene tantos beneficios -f\u00edsicos, mentales y emocionales- que todo el mundo deber\u00eda convertirlo en un h\u00e1bito para toda la vida...","robots":{"index":"index","follow":"follow","max-snippet":"max-snippet:-1","max-image-preview":"max-image-preview:large","max-video-preview":"max-video-preview:-1"},"canonical":"https:\/\/www.oracaoefe.com\/es\/gratitud-por-que-nos-permite-estar-mas-cerca-de-dios\/","og_locale":"es_ES","og_type":"article","og_title":"Gratid\u00e3o: Por que ela causa bem-estar e nos aproxima de Deus - Ora\u00e7\u00e3o e F\u00e9","og_description":"Mostrar gratid\u00e3o tem tantos benef\u00edcios \u2013 f\u00edsicos, mentais e emocionais \u2013 que todos deveriam fazer disso um h\u00e1bito para toda a vida...","og_url":"https:\/\/www.oracaoefe.com\/es\/gratitud-por-que-nos-permite-estar-mas-cerca-de-dios\/","og_site_name":"Ora\u00e7\u00e3o e F\u00e9","article_published_time":"2022-09-29T16:04:11+00:00","article_modified_time":"2025-06-15T18:17:27+00:00","og_image":[{"width":1200,"height":675,"url":"https:\/\/www.oracaoefe.com\/wp-content\/uploads\/2022\/09\/Gratidao-Por-que-ela-causa-bem-estar-e-nos-aproxima-de-Deus.jpg","type":"image\/jpeg"}],"author":"Maria","twitter_card":"summary_large_image","twitter_misc":{"Escrito por":"Maria","Tiempo de lectura":"4 minutos"},"schema":{"@context":"https:\/\/schema.org","@graph":[{"@type":"Article","@id":"https:\/\/www.oracaoefe.com\/gratidao-por-que-ela-causa-bem-estar-e-nos-aproxima-de-deus\/#article","isPartOf":{"@id":"https:\/\/www.oracaoefe.com\/gratidao-por-que-ela-causa-bem-estar-e-nos-aproxima-de-deus\/"},"author":{"name":"Maria","@id":"https:\/\/www.oracaoefe.com\/#\/schema\/person\/27873f1e6043866689f5091b5139f23d"},"headline":"Gratid\u00e3o: Por que ela causa bem-estar e nos aproxima de Deus","datePublished":"2022-09-29T16:04:11+00:00","dateModified":"2025-06-15T18:17:27+00:00","mainEntityOfPage":{"@id":"https:\/\/www.oracaoefe.com\/gratidao-por-que-ela-causa-bem-estar-e-nos-aproxima-de-deus\/"},"wordCount":792,"commentCount":0,"image":{"@id":"https:\/\/www.oracaoefe.com\/gratidao-por-que-ela-causa-bem-estar-e-nos-aproxima-de-deus\/#primaryimage"},"thumbnailUrl":"https:\/\/www.oracaoefe.com\/wp-content\/uploads\/2022\/09\/Gratidao-Por-que-ela-causa-bem-estar-e-nos-aproxima-de-Deus.jpg","keywords":["bem-estar","Deus","gratid\u00e3o"],"articleSection":["F\u00e9"],"inLanguage":"es","potentialAction":[{"@type":"CommentAction","name":"Comment","target":["https:\/\/www.oracaoefe.com\/gratidao-por-que-ela-causa-bem-estar-e-nos-aproxima-de-deus\/#respond"]}]},{"@type":"WebPage","@id":"https:\/\/www.oracaoefe.com\/gratidao-por-que-ela-causa-bem-estar-e-nos-aproxima-de-deus\/","url":"https:\/\/www.oracaoefe.com\/gratidao-por-que-ela-causa-bem-estar-e-nos-aproxima-de-deus\/","name":"La gratitud: por qu\u00e9 causa bienestar y nos acerca a Dios - Oraci\u00f3n y fe","isPartOf":{"@id":"https:\/\/www.oracaoefe.com\/#website"},"primaryImageOfPage":{"@id":"https:\/\/www.oracaoefe.com\/gratidao-por-que-ela-causa-bem-estar-e-nos-aproxima-de-deus\/#primaryimage"},"image":{"@id":"https:\/\/www.oracaoefe.com\/gratidao-por-que-ela-causa-bem-estar-e-nos-aproxima-de-deus\/#primaryimage"},"thumbnailUrl":"https:\/\/www.oracaoefe.com\/wp-content\/uploads\/2022\/09\/Gratidao-Por-que-ela-causa-bem-estar-e-nos-aproxima-de-Deus.jpg","datePublished":"2022-09-29T16:04:11+00:00","dateModified":"2025-06-15T18:17:27+00:00","author":{"@id":"https:\/\/www.oracaoefe.com\/#\/schema\/person\/27873f1e6043866689f5091b5139f23d"},"description":"Mostrar gratitud tiene tantos beneficios -f\u00edsicos, mentales y emocionales- que todo el mundo deber\u00eda convertirlo en un h\u00e1bito para toda la vida...","breadcrumb":{"@id":"https:\/\/www.oracaoefe.com\/gratidao-por-que-ela-causa-bem-estar-e-nos-aproxima-de-deus\/#breadcrumb"},"inLanguage":"es","potentialAction":[{"@type":"ReadAction","target":["https:\/\/www.oracaoefe.com\/gratidao-por-que-ela-causa-bem-estar-e-nos-aproxima-de-deus\/"]}]},{"@type":"ImageObject","inLanguage":"es","@id":"https:\/\/www.oracaoefe.com\/gratidao-por-que-ela-causa-bem-estar-e-nos-aproxima-de-deus\/#primaryimage","url":"https:\/\/www.oracaoefe.com\/wp-content\/uploads\/2022\/09\/Gratidao-Por-que-ela-causa-bem-estar-e-nos-aproxima-de-Deus.jpg","contentUrl":"https:\/\/www.oracaoefe.com\/wp-content\/uploads\/2022\/09\/Gratidao-Por-que-ela-causa-bem-estar-e-nos-aproxima-de-Deus.jpg","width":1200,"height":675,"caption":"Gratid\u00e3o Por que ela causa bem-estar e nos aproxima de Deus"},{"@type":"BreadcrumbList","@id":"https:\/\/www.oracaoefe.com\/gratidao-por-que-ela-causa-bem-estar-e-nos-aproxima-de-deus\/#breadcrumb","itemListElement":[{"@type":"ListItem","position":1,"name":"Home","item":"https:\/\/www.oracaoefe.com\/"},{"@type":"ListItem","position":2,"name":"Gratid\u00e3o: Por que ela causa bem-estar e nos aproxima de Deus"}]},{"@type":"WebSite","@id":"https:\/\/www.oracaoefe.com\/#website","url":"https:\/\/www.oracaoefe.com\/","name":"Oraci\u00f3n y fe","description":"","potentialAction":[{"@type":"SearchAction","target":{"@type":"EntryPoint","urlTemplate":"https:\/\/www.oracaoefe.com\/?s={search_term_string}"},"query-input":{"@type":"PropertyValueSpecification","valueRequired":true,"valueName":"search_term_string"}}],"inLanguage":"es"},{"@type":"Person","@id":"https:\/\/www.oracaoefe.com\/#\/schema\/person\/27873f1e6043866689f5091b5139f23d","name":"Mar\u00eda","image":{"@type":"ImageObject","inLanguage":"es","@id":"https:\/\/secure.gravatar.com\/avatar\/4cac5ea56d40d599bd7348d330a83b1c84cd229296d1613cd1c7f6740561d0c9?s=96&d=mm&r=g","url":"https:\/\/secure.gravatar.com\/avatar\/4cac5ea56d40d599bd7348d330a83b1c84cd229296d1613cd1c7f6740561d0c9?s=96&d=mm&r=g","contentUrl":"https:\/\/secure.gravatar.com\/avatar\/4cac5ea56d40d599bd7348d330a83b1c84cd229296d1613cd1c7f6740561d0c9?s=96&d=mm&r=g","caption":"Maria"},"description":"Me llamo Mar\u00eda. Me apasiona la teolog\u00eda y llevo 5 a\u00f1os escribiendo sobre el mundo religioso. Soy curioso e investigo todo sobre las religiones del mundo. Me encanta investigar las curiosidades que gu\u00edan las m\u00e1s variadas doctrinas en diferentes pa\u00edses y lenguas. Hoy en d\u00eda, soy editora y me encanta compartir mis conocimientos en el portal Oraci\u00f3n y Fe.","sameAs":["https:\/\/www.oracaoefe.com"],"url":"https:\/\/www.oracaoefe.com\/es\/author\/admin\/"}]}},"_links":{"self":[{"href":"https:\/\/www.oracaoefe.com\/es\/wp-json\/wp\/v2\/posts\/535","targetHints":{"allow":["GET"]}}],"collection":[{"href":"https:\/\/www.oracaoefe.com\/es\/wp-json\/wp\/v2\/posts"}],"about":[{"href":"https:\/\/www.oracaoefe.com\/es\/wp-json\/wp\/v2\/types\/post"}],"author":[{"embeddable":true,"href":"https:\/\/www.oracaoefe.com\/es\/wp-json\/wp\/v2\/users\/1"}],"replies":[{"embeddable":true,"href":"https:\/\/www.oracaoefe.com\/es\/wp-json\/wp\/v2\/comments?post=535"}],"version-history":[{"count":1,"href":"https:\/\/www.oracaoefe.com\/es\/wp-json\/wp\/v2\/posts\/535\/revisions"}],"predecessor-version":[{"id":536,"href":"https:\/\/www.oracaoefe.com\/es\/wp-json\/wp\/v2\/posts\/535\/revisions\/536"}],"wp:featuredmedia":[{"embeddable":true,"href":"https:\/\/www.oracaoefe.com\/es\/wp-json\/wp\/v2\/media\/547"}],"wp:attachment":[{"href":"https:\/\/www.oracaoefe.com\/es\/wp-json\/wp\/v2\/media?parent=535"}],"wp:term":[{"taxonomy":"category","embeddable":true,"href":"https:\/\/www.oracaoefe.com\/es\/wp-json\/wp\/v2\/categories?post=535"},{"taxonomy":"post_tag","embeddable":true,"href":"https:\/\/www.oracaoefe.com\/es\/wp-json\/wp\/v2\/tags?post=535"}],"curies":[{"name":"wp","href":"https:\/\/api.w.org\/{rel}","templated":true}]}}