{"id":3965,"date":"2026-04-25T20:56:18","date_gmt":"2026-04-25T23:56:18","guid":{"rendered":"https:\/\/www.oracaoefe.com\/?p=3965"},"modified":"2025-12-16T20:57:37","modified_gmt":"2025-12-16T23:57:37","slug":"la-oracion-y-la-toma-de-decisiones-como-la-oracion-puede-ayudarte-a-tomar-decisiones-mas-conscientes-e-informadas","status":"publish","type":"post","link":"https:\/\/www.oracaoefe.com\/es\/oracao-e-tomada-de-decisao-como-orar-pode-ajudar-a-fazer-escolhas-mais-conscientes-e-seguras\/","title":{"rendered":"La oraci\u00f3n y la toma de decisiones: c\u00f3mo la oraci\u00f3n puede ayudarte a tomar decisiones m\u00e1s conscientes y seguras."},"content":{"rendered":"<h2 class=\"wp-block-heading\">Introducci\u00f3n<\/h2>\n\n\n\n<p>Tomar decisiones es una de las tareas m\u00e1s dif\u00edciles de la vida. Las decisiones importantes conllevan consecuencias emocionales, financieras, familiares y profesionales, y a menudo deben tomarse en situaciones de incertidumbre, presi\u00f3n y temor a equivocarse. En un mundo con exceso de informaci\u00f3n, opiniones y posibilidades, decidir se ha convertido en una fuente constante de ansiedad. Ante esta situaci\u00f3n, muchas personas recurren a la oraci\u00f3n para buscar claridad, equilibrio emocional y gu\u00eda antes de tomar decisiones importantes.<\/p>\n\n\n\n<p>Este art\u00edculo explora la relaci\u00f3n entre la oraci\u00f3n y la toma de decisiones, analizando c\u00f3mo la pr\u00e1ctica espiritual puede ayudar a organizar los pensamientos, reducir la ansiedad ante las decisiones y promover elecciones m\u00e1s conscientes alineadas con los valores personales y el prop\u00f3sito de vida.<\/p>\n\n\n\n<h2 class=\"wp-block-heading\">\u00bfPor qu\u00e9 es tan dif\u00edcil tomar decisiones en el mundo actual?<\/h2>\n\n\n\n<p>La dificultad para tomar decisiones no solo radica en la importancia de la elecci\u00f3n, sino tambi\u00e9n en el contexto en el que se produce. Hoy en d\u00eda, las personas est\u00e1n expuestas a una enorme cantidad de informaci\u00f3n, comparaciones y expectativas externas. Las opiniones de familiares, amigos, redes sociales y expertos suelen ser contradictorias, lo que hace que el proceso de toma de decisiones sea a\u00fan m\u00e1s confuso.<\/p>\n\n\n\n<p>Adem\u00e1s, existe una fuerte presi\u00f3n para tomar decisiones r\u00e1pidas y asertivas, lo que aumenta el temor a cometer errores. Esta situaci\u00f3n fomenta la ansiedad, la postergaci\u00f3n y, en algunos casos, las decisiones impulsivas. La oraci\u00f3n se presenta como un recurso que ayuda a ralentizar este proceso y a crear un espacio interior para la reflexi\u00f3n antes de actuar.<\/p>\n\n\n\n<h2 class=\"wp-block-heading\">\u00bfQu\u00e9 significa orar antes de tomar una decisi\u00f3n?<\/h2>\n\n\n\n<p>Orar antes de tomar una decisi\u00f3n no significa esperar una respuesta sobrenatural inmediata ni una se\u00f1al clara sobre qu\u00e9 camino seguir. En la pr\u00e1ctica, la oraci\u00f3n funciona como un momento de pausa consciente, donde la persona se aleja del ruido exterior y dirige su atenci\u00f3n hacia su interior.<\/p>\n\n\n\n<p>Durante la oraci\u00f3n, es posible organizar los pensamientos, reconocer las emociones involucradas e identificar las verdaderas motivaciones detr\u00e1s de la decisi\u00f3n. Este proceso ayuda a diferenciar los deseos moment\u00e1neos de las convicciones m\u00e1s profundas, favoreciendo as\u00ed elecciones m\u00e1s equilibradas.<\/p>\n\n\n\n<h2 class=\"wp-block-heading\">La oraci\u00f3n como m\u00e9todo para reducir la ansiedad en la toma de decisiones.<\/h2>\n\n\n\n<p>La ansiedad ante las decisiones se caracteriza por un miedo excesivo a las consecuencias de una elecci\u00f3n. Pensamientos como &quot;\u00bfy si me equivoco?&quot; o &quot;\u00bfy si me arrepiento?&quot; suelen paralizar o llevar a tomar decisiones bajo un intenso estr\u00e9s emocional. La oraci\u00f3n ayuda a reducir este tipo de ansiedad al crear un espacio de entrega y confianza.<\/p>\n\n\n\n<p>Al orar, uno reconoce que no todo est\u00e1 bajo su control y que cometer errores es parte de la condici\u00f3n humana. Esta aceptaci\u00f3n reduce la presi\u00f3n interna por la perfecci\u00f3n y permite tomar decisiones con mayor serenidad, incluso ante la incertidumbre.<\/p>\n\n\n\n<h2 class=\"wp-block-heading\">Claridad mental y organizaci\u00f3n de los pensamientos en la oraci\u00f3n<\/h2>\n\n\n\n<p>Uno de los principales beneficios de la oraci\u00f3n en el proceso de toma de decisiones es la claridad mental. En momentos de duda, los pensamientos tienden a superponerse de forma ca\u00f3tica, dificultando el an\u00e1lisis racional. La oraci\u00f3n ralentiza este flujo mental, favoreciendo una organizaci\u00f3n m\u00e1s clara de las ideas.<\/p>\n\n\n\n<p>Con la mente m\u00e1s tranquila, una persona puede evaluar las ventajas y desventajas con mayor objetividad, sin verse abrumada por emociones intensas. Esta claridad no elimina el riesgo, pero permite tomar decisiones de forma m\u00e1s consciente y responsable.<\/p>\n\n\n\n<h2 class=\"wp-block-heading\">La oraci\u00f3n y la alineaci\u00f3n con los valores personales<\/h2>\n\n\n\n<p>Las decisiones que entran en conflicto con los valores personales suelen generar arrepentimiento y malestar emocional, incluso cuando parecen ventajosas a corto plazo. La oraci\u00f3n ayuda a recuperar estos valores, actuando como un recordatorio interno de lo que realmente importa.<\/p>\n\n\n\n<p>Mediante la reflexi\u00f3n espiritual, la persona se reconecta con principios como la integridad, la honestidad, el respeto y el prop\u00f3sito. Esta conexi\u00f3n reduce la probabilidad de tomar decisiones \u00fanicamente por presi\u00f3n externa o conveniencia moment\u00e1nea.<\/p>\n\n\n\n<h2 class=\"wp-block-heading\">La oraci\u00f3n en decisiones profesionales importantes<\/h2>\n\n\n\n<p>Las decisiones profesionales \u2014como cambiar de trabajo, aceptar una propuesta, emprender un negocio o invertir\u2014 suelen implicar un alto nivel de riesgo e impacto emocional. La oraci\u00f3n se ha utilizado ampliamente como herramienta de apoyo en estos momentos, ayudando a reducir el miedo y la impulsividad.<\/p>\n\n\n\n<p>Al orar antes de tomar decisiones profesionales, muchas personas afirman tener mayor capacidad para evaluar no solo las ganancias econ\u00f3micas, sino tambi\u00e9n la calidad de vida, el equilibrio emocional y la alineaci\u00f3n con sus objetivos a largo plazo. La espiritualidad contribuye a una visi\u00f3n m\u00e1s amplia del \u00e9xito, que trasciende los resultados inmediatos.<\/p>\n\n\n\n<h2 class=\"wp-block-heading\">La oraci\u00f3n y las decisiones en las relaciones<\/h2>\n\n\n\n<p>Las decisiones relacionadas con las relaciones rom\u00e1nticas y familiares tambi\u00e9n se benefician de la oraci\u00f3n. Decidir iniciar, mantener o terminar una relaci\u00f3n implica emociones profundas, expectativas y vulnerabilidades. La oraci\u00f3n ayuda a identificar motivaciones emocionales, como la necesidad de afecto, el miedo a la soledad o un apego excesivo.<\/p>\n\n\n\n<p>Este proceso fomenta decisiones m\u00e1s maduras, basadas en el respeto a uno mismo y la claridad emocional. Orar en estos momentos no elimina el dolor, pero ayuda a afrontarlo con mayor consciencia.<\/p>\n\n\n\n<h2 class=\"wp-block-heading\">La oraci\u00f3n como herramienta para el autoconocimiento<\/h2>\n\n\n\n<p>Cada decisi\u00f3n revela algo sobre qui\u00e9nes somos. La oraci\u00f3n profundiza este autoconocimiento al permitir una escucha interior m\u00e1s atenta. Durante la pr\u00e1ctica espiritual, una persona puede identificar patrones de comportamiento recurrentes, creencias limitantes y expectativas poco realistas que influyen en sus decisiones.<\/p>\n\n\n\n<p>Esta autoconciencia es fundamental para tomar decisiones m\u00e1s saludables a lo largo de la vida, ya que reduce la repetici\u00f3n de errores y fortalece la autonom\u00eda emocional.<\/p>\n\n\n\n<h2 class=\"wp-block-heading\">L\u00edmites de la oraci\u00f3n en el proceso de toma de decisiones<\/h2>\n\n\n\n<p>Si bien la oraci\u00f3n ofrece importantes beneficios, es fundamental reconocer sus limitaciones. La oraci\u00f3n no reemplaza el an\u00e1lisis racional, la planificaci\u00f3n ni la b\u00fasqueda de informaci\u00f3n confiable. La espiritualidad act\u00faa como un complemento, no como un sustituto de la responsabilidad personal.<\/p>\n\n\n\n<p>Las decisiones acertadas suelen implicar una combinaci\u00f3n de reflexi\u00f3n espiritual, evaluaci\u00f3n pr\u00e1ctica y, cuando es necesario, orientaci\u00f3n profesional. La oraci\u00f3n ayuda a integrar estos elementos de forma m\u00e1s equilibrada.<\/p>\n\n\n\n<h2 class=\"wp-block-heading\">La oraci\u00f3n despu\u00e9s de la decisi\u00f3n: c\u00f3mo afrontar las consecuencias<\/h2>\n\n\n\n<p>La oraci\u00f3n no se limita al momento previo a una decisi\u00f3n. Despu\u00e9s de elegir, sigue siendo un recurso importante para afrontar las consecuencias, sobre todo cuando los resultados no son los esperados. Orar tras decidir ayuda a reducir el arrepentimiento excesivo y a transformar los errores en experiencias de aprendizaje.<\/p>\n\n\n\n<p>Esta actitud fomenta la resiliencia emocional y evita que la persona se quede anclada en el pasado, fortaleciendo su capacidad para avanzar con madurez.<\/p>\n\n\n\n<h2 class=\"wp-block-heading\">La oraci\u00f3n como fuente de confianza en el camino elegido.<\/h2>\n\n\n\n<p>Incluso las decisiones bien meditadas pueden generar inseguridad despu\u00e9s de tomarlas. La oraci\u00f3n contribuye a fortalecer la confianza en el camino elegido, reduciendo la necesidad constante de validaci\u00f3n externa.<\/p>\n\n\n\n<p>Esta confianza no significa certeza absoluta, sino la tranquilidad que proviene de saber que la decisi\u00f3n se tom\u00f3 de forma consciente, reflexiva y con coherencia interna.<\/p>\n\n\n\n<h2 class=\"wp-block-heading\">Conclusi\u00f3n<\/h2>\n\n\n\n<p>La oraci\u00f3n desempe\u00f1a un papel fundamental en la toma de decisiones, ya que ofrece claridad mental, equilibrio emocional y coherencia con los valores personales. En un mundo marcado por la prisa, la sobrecarga de informaci\u00f3n y el miedo a cometer errores, la pr\u00e1ctica espiritual se revela como un recurso valioso para detenerse y reflexionar antes de actuar.<\/p>\n\n\n\n<p>Si bien no elimina los riesgos ni ofrece respuestas prefabricadas, la oraci\u00f3n ayuda a crear un entorno interno m\u00e1s propicio para tomar decisiones conscientes y responsables. Al integrar la espiritualidad con la reflexi\u00f3n pr\u00e1ctica, muchas personas descubren que decidir deja de ser simplemente una fuente de ansiedad y se convierte en un proceso de crecimiento y autoconocimiento.<\/p>","protected":false},"excerpt":{"rendered":"<p>Introdu\u00e7\u00e3o Tomar decis\u00f5es \u00e9 uma das tarefas mais desafiadoras da vida humana. Escolhas importantes envolvem consequ\u00eancias emocionais, financeiras, familiares e profissionais, e muitas vezes precisam ser feitas em cen\u00e1rios de incerteza, press\u00e3o e medo de errar. Em um mundo com excesso de informa\u00e7\u00f5es, opini\u00f5es e possibilidades, decidir se tornou uma fonte constante de ansiedade. Diante&hellip;&nbsp;<\/p>","protected":false},"author":1,"featured_media":3966,"comment_status":"closed","ping_status":"closed","sticky":false,"template":"","format":"standard","meta":{"neve_meta_sidebar":"","neve_meta_container":"","neve_meta_enable_content_width":"","neve_meta_content_width":0,"neve_meta_title_alignment":"","neve_meta_author_avatar":"","neve_post_elements_order":"","neve_meta_disable_header":"","neve_meta_disable_footer":"","neve_meta_disable_title":"","footnotes":""},"categories":[2],"tags":[],"class_list":["post-3965","post","type-post","status-publish","format-standard","has-post-thumbnail","hentry","category-oracao"],"yoast_head":"<!-- This site is optimized with the Yoast SEO plugin v27.4 - https:\/\/yoast.com\/product\/yoast-seo-wordpress\/ -->\n<title>Ora\u00e7\u00e3o e Tomada de Decis\u00e3o: Como Orar Pode Ajudar a Fazer Escolhas Mais Conscientes e Seguras - Ora\u00e7\u00e3o e F\u00e9<\/title>\n<meta name=\"description\" content=\"Deus tem pra voc\u00ea uma palavra de vida!\" \/>\n<meta name=\"robots\" content=\"index, follow, max-snippet:-1, max-image-preview:large, max-video-preview:-1\" \/>\n<link rel=\"canonical\" href=\"https:\/\/www.oracaoefe.com\/es\/la-oracion-y-la-toma-de-decisiones-como-la-oracion-puede-ayudarte-a-tomar-decisiones-mas-conscientes-e-informadas\/\" \/>\n<meta property=\"og:locale\" content=\"es_ES\" \/>\n<meta property=\"og:type\" content=\"article\" \/>\n<meta property=\"og:title\" content=\"Ora\u00e7\u00e3o e Tomada de Decis\u00e3o: Como Orar Pode Ajudar a Fazer Escolhas Mais Conscientes e Seguras - Ora\u00e7\u00e3o e F\u00e9\" \/>\n<meta property=\"og:description\" content=\"Deus tem pra voc\u00ea uma palavra de vida!\" \/>\n<meta property=\"og:url\" content=\"https:\/\/www.oracaoefe.com\/es\/la-oracion-y-la-toma-de-decisiones-como-la-oracion-puede-ayudarte-a-tomar-decisiones-mas-conscientes-e-informadas\/\" \/>\n<meta property=\"og:site_name\" content=\"Ora\u00e7\u00e3o e F\u00e9\" \/>\n<meta property=\"article:published_time\" content=\"2026-04-25T23:56:18+00:00\" \/>\n<meta property=\"og:image\" content=\"https:\/\/www.oracaoefe.com\/wp-content\/uploads\/2025\/12\/decisao.webp\" \/>\n\t<meta property=\"og:image:width\" content=\"1024\" \/>\n\t<meta property=\"og:image:height\" content=\"1024\" \/>\n\t<meta property=\"og:image:type\" content=\"image\/webp\" \/>\n<meta name=\"author\" content=\"Maria\" \/>\n<meta name=\"twitter:card\" content=\"summary_large_image\" \/>\n<meta name=\"twitter:label1\" content=\"Escrito por\" \/>\n\t<meta name=\"twitter:data1\" content=\"Maria\" \/>\n\t<meta name=\"twitter:label2\" content=\"Tiempo de lectura\" \/>\n\t<meta name=\"twitter:data2\" content=\"6 minutos\" \/>\n<script type=\"application\/ld+json\" class=\"yoast-schema-graph\">{\"@context\":\"https:\\\/\\\/schema.org\",\"@graph\":[{\"@type\":\"Article\",\"@id\":\"https:\\\/\\\/www.oracaoefe.com\\\/oracao-e-tomada-de-decisao-como-orar-pode-ajudar-a-fazer-escolhas-mais-conscientes-e-seguras\\\/#article\",\"isPartOf\":{\"@id\":\"https:\\\/\\\/www.oracaoefe.com\\\/oracao-e-tomada-de-decisao-como-orar-pode-ajudar-a-fazer-escolhas-mais-conscientes-e-seguras\\\/\"},\"author\":{\"name\":\"Maria\",\"@id\":\"https:\\\/\\\/www.oracaoefe.com\\\/#\\\/schema\\\/person\\\/27873f1e6043866689f5091b5139f23d\"},\"headline\":\"Ora\u00e7\u00e3o e Tomada de Decis\u00e3o: Como Orar Pode Ajudar a Fazer Escolhas Mais Conscientes e Seguras\",\"datePublished\":\"2026-04-25T23:56:18+00:00\",\"mainEntityOfPage\":{\"@id\":\"https:\\\/\\\/www.oracaoefe.com\\\/oracao-e-tomada-de-decisao-como-orar-pode-ajudar-a-fazer-escolhas-mais-conscientes-e-seguras\\\/\"},\"wordCount\":1315,\"image\":{\"@id\":\"https:\\\/\\\/www.oracaoefe.com\\\/oracao-e-tomada-de-decisao-como-orar-pode-ajudar-a-fazer-escolhas-mais-conscientes-e-seguras\\\/#primaryimage\"},\"thumbnailUrl\":\"https:\\\/\\\/www.oracaoefe.com\\\/wp-content\\\/uploads\\\/2025\\\/12\\\/decisao.webp\",\"articleSection\":[\"Ora\u00e7\u00e3o\"],\"inLanguage\":\"es\"},{\"@type\":\"WebPage\",\"@id\":\"https:\\\/\\\/www.oracaoefe.com\\\/oracao-e-tomada-de-decisao-como-orar-pode-ajudar-a-fazer-escolhas-mais-conscientes-e-seguras\\\/\",\"url\":\"https:\\\/\\\/www.oracaoefe.com\\\/oracao-e-tomada-de-decisao-como-orar-pode-ajudar-a-fazer-escolhas-mais-conscientes-e-seguras\\\/\",\"name\":\"Ora\u00e7\u00e3o e Tomada de Decis\u00e3o: Como Orar Pode Ajudar a Fazer Escolhas Mais Conscientes e Seguras - Ora\u00e7\u00e3o e F\u00e9\",\"isPartOf\":{\"@id\":\"https:\\\/\\\/www.oracaoefe.com\\\/#website\"},\"primaryImageOfPage\":{\"@id\":\"https:\\\/\\\/www.oracaoefe.com\\\/oracao-e-tomada-de-decisao-como-orar-pode-ajudar-a-fazer-escolhas-mais-conscientes-e-seguras\\\/#primaryimage\"},\"image\":{\"@id\":\"https:\\\/\\\/www.oracaoefe.com\\\/oracao-e-tomada-de-decisao-como-orar-pode-ajudar-a-fazer-escolhas-mais-conscientes-e-seguras\\\/#primaryimage\"},\"thumbnailUrl\":\"https:\\\/\\\/www.oracaoefe.com\\\/wp-content\\\/uploads\\\/2025\\\/12\\\/decisao.webp\",\"datePublished\":\"2026-04-25T23:56:18+00:00\",\"author\":{\"@id\":\"https:\\\/\\\/www.oracaoefe.com\\\/#\\\/schema\\\/person\\\/27873f1e6043866689f5091b5139f23d\"},\"description\":\"Deus tem pra voc\u00ea uma palavra de vida!\",\"breadcrumb\":{\"@id\":\"https:\\\/\\\/www.oracaoefe.com\\\/oracao-e-tomada-de-decisao-como-orar-pode-ajudar-a-fazer-escolhas-mais-conscientes-e-seguras\\\/#breadcrumb\"},\"inLanguage\":\"es\",\"potentialAction\":[{\"@type\":\"ReadAction\",\"target\":[\"https:\\\/\\\/www.oracaoefe.com\\\/oracao-e-tomada-de-decisao-como-orar-pode-ajudar-a-fazer-escolhas-mais-conscientes-e-seguras\\\/\"]}]},{\"@type\":\"ImageObject\",\"inLanguage\":\"es\",\"@id\":\"https:\\\/\\\/www.oracaoefe.com\\\/oracao-e-tomada-de-decisao-como-orar-pode-ajudar-a-fazer-escolhas-mais-conscientes-e-seguras\\\/#primaryimage\",\"url\":\"https:\\\/\\\/www.oracaoefe.com\\\/wp-content\\\/uploads\\\/2025\\\/12\\\/decisao.webp\",\"contentUrl\":\"https:\\\/\\\/www.oracaoefe.com\\\/wp-content\\\/uploads\\\/2025\\\/12\\\/decisao.webp\",\"width\":1024,\"height\":1024},{\"@type\":\"BreadcrumbList\",\"@id\":\"https:\\\/\\\/www.oracaoefe.com\\\/oracao-e-tomada-de-decisao-como-orar-pode-ajudar-a-fazer-escolhas-mais-conscientes-e-seguras\\\/#breadcrumb\",\"itemListElement\":[{\"@type\":\"ListItem\",\"position\":1,\"name\":\"Home\",\"item\":\"https:\\\/\\\/www.oracaoefe.com\\\/\"},{\"@type\":\"ListItem\",\"position\":2,\"name\":\"Ora\u00e7\u00e3o\",\"item\":\"https:\\\/\\\/www.oracaoefe.com\\\/category\\\/oracao\\\/\"},{\"@type\":\"ListItem\",\"position\":3,\"name\":\"Ora\u00e7\u00e3o e Tomada de Decis\u00e3o: Como Orar Pode Ajudar a Fazer Escolhas Mais Conscientes e Seguras\"}]},{\"@type\":\"WebSite\",\"@id\":\"https:\\\/\\\/www.oracaoefe.com\\\/#website\",\"url\":\"https:\\\/\\\/www.oracaoefe.com\\\/\",\"name\":\"Ora\u00e7\u00e3o e F\u00e9\",\"description\":\"\",\"potentialAction\":[{\"@type\":\"SearchAction\",\"target\":{\"@type\":\"EntryPoint\",\"urlTemplate\":\"https:\\\/\\\/www.oracaoefe.com\\\/?s={search_term_string}\"},\"query-input\":{\"@type\":\"PropertyValueSpecification\",\"valueRequired\":true,\"valueName\":\"search_term_string\"}}],\"inLanguage\":\"es\"},{\"@type\":\"Person\",\"@id\":\"https:\\\/\\\/www.oracaoefe.com\\\/#\\\/schema\\\/person\\\/27873f1e6043866689f5091b5139f23d\",\"name\":\"Maria\",\"image\":{\"@type\":\"ImageObject\",\"inLanguage\":\"es\",\"@id\":\"https:\\\/\\\/secure.gravatar.com\\\/avatar\\\/4cac5ea56d40d599bd7348d330a83b1c84cd229296d1613cd1c7f6740561d0c9?s=96&d=mm&r=g\",\"url\":\"https:\\\/\\\/secure.gravatar.com\\\/avatar\\\/4cac5ea56d40d599bd7348d330a83b1c84cd229296d1613cd1c7f6740561d0c9?s=96&d=mm&r=g\",\"contentUrl\":\"https:\\\/\\\/secure.gravatar.com\\\/avatar\\\/4cac5ea56d40d599bd7348d330a83b1c84cd229296d1613cd1c7f6740561d0c9?s=96&d=mm&r=g\",\"caption\":\"Maria\"},\"description\":\"Meu nome \u00e9 Maria. Sou apaixonada por teologia e escrevo sobre o mundo religioso h\u00e1 5 anos. Sou curiosa e pesquiso tudo sobre as religi\u00f5es mundo afora. Adoro pesquisar sobre as curiosidades que norteiam as mais variadas doutrinas em diferentes pa\u00edses e idiomas. Hoje, sou redatora e amo compartilhar meu conhecimento no portal Ora\u00e7\u00e3o e F\u00e9.\",\"sameAs\":[\"https:\\\/\\\/www.oracaoefe.com\"],\"url\":\"https:\\\/\\\/www.oracaoefe.com\\\/es\\\/author\\\/admin\\\/\"}]}<\/script>\n<!-- \/ Yoast SEO plugin. -->","yoast_head_json":{"title":"Oraci\u00f3n y toma de decisiones: C\u00f3mo la oraci\u00f3n puede ayudarte a tomar decisiones m\u00e1s conscientes y seguras - Oraci\u00f3n y fe","description":"\u00a1Dios tiene una palabra de vida para ti!","robots":{"index":"index","follow":"follow","max-snippet":"max-snippet:-1","max-image-preview":"max-image-preview:large","max-video-preview":"max-video-preview:-1"},"canonical":"https:\/\/www.oracaoefe.com\/es\/la-oracion-y-la-toma-de-decisiones-como-la-oracion-puede-ayudarte-a-tomar-decisiones-mas-conscientes-e-informadas\/","og_locale":"es_ES","og_type":"article","og_title":"Ora\u00e7\u00e3o e Tomada de Decis\u00e3o: Como Orar Pode Ajudar a Fazer Escolhas Mais Conscientes e Seguras - Ora\u00e7\u00e3o e F\u00e9","og_description":"Deus tem pra voc\u00ea uma palavra de vida!","og_url":"https:\/\/www.oracaoefe.com\/es\/la-oracion-y-la-toma-de-decisiones-como-la-oracion-puede-ayudarte-a-tomar-decisiones-mas-conscientes-e-informadas\/","og_site_name":"Ora\u00e7\u00e3o e F\u00e9","article_published_time":"2026-04-25T23:56:18+00:00","og_image":[{"width":1024,"height":1024,"url":"https:\/\/www.oracaoefe.com\/wp-content\/uploads\/2025\/12\/decisao.webp","type":"image\/webp"}],"author":"Maria","twitter_card":"summary_large_image","twitter_misc":{"Escrito por":"Maria","Tiempo de lectura":"6 minutos"},"schema":{"@context":"https:\/\/schema.org","@graph":[{"@type":"Article","@id":"https:\/\/www.oracaoefe.com\/oracao-e-tomada-de-decisao-como-orar-pode-ajudar-a-fazer-escolhas-mais-conscientes-e-seguras\/#article","isPartOf":{"@id":"https:\/\/www.oracaoefe.com\/oracao-e-tomada-de-decisao-como-orar-pode-ajudar-a-fazer-escolhas-mais-conscientes-e-seguras\/"},"author":{"name":"Maria","@id":"https:\/\/www.oracaoefe.com\/#\/schema\/person\/27873f1e6043866689f5091b5139f23d"},"headline":"Ora\u00e7\u00e3o e Tomada de Decis\u00e3o: Como Orar Pode Ajudar a Fazer Escolhas Mais Conscientes e Seguras","datePublished":"2026-04-25T23:56:18+00:00","mainEntityOfPage":{"@id":"https:\/\/www.oracaoefe.com\/oracao-e-tomada-de-decisao-como-orar-pode-ajudar-a-fazer-escolhas-mais-conscientes-e-seguras\/"},"wordCount":1315,"image":{"@id":"https:\/\/www.oracaoefe.com\/oracao-e-tomada-de-decisao-como-orar-pode-ajudar-a-fazer-escolhas-mais-conscientes-e-seguras\/#primaryimage"},"thumbnailUrl":"https:\/\/www.oracaoefe.com\/wp-content\/uploads\/2025\/12\/decisao.webp","articleSection":["Ora\u00e7\u00e3o"],"inLanguage":"es"},{"@type":"WebPage","@id":"https:\/\/www.oracaoefe.com\/oracao-e-tomada-de-decisao-como-orar-pode-ajudar-a-fazer-escolhas-mais-conscientes-e-seguras\/","url":"https:\/\/www.oracaoefe.com\/oracao-e-tomada-de-decisao-como-orar-pode-ajudar-a-fazer-escolhas-mais-conscientes-e-seguras\/","name":"Oraci\u00f3n y toma de decisiones: C\u00f3mo la oraci\u00f3n puede ayudarte a tomar decisiones m\u00e1s conscientes y seguras - Oraci\u00f3n y fe","isPartOf":{"@id":"https:\/\/www.oracaoefe.com\/#website"},"primaryImageOfPage":{"@id":"https:\/\/www.oracaoefe.com\/oracao-e-tomada-de-decisao-como-orar-pode-ajudar-a-fazer-escolhas-mais-conscientes-e-seguras\/#primaryimage"},"image":{"@id":"https:\/\/www.oracaoefe.com\/oracao-e-tomada-de-decisao-como-orar-pode-ajudar-a-fazer-escolhas-mais-conscientes-e-seguras\/#primaryimage"},"thumbnailUrl":"https:\/\/www.oracaoefe.com\/wp-content\/uploads\/2025\/12\/decisao.webp","datePublished":"2026-04-25T23:56:18+00:00","author":{"@id":"https:\/\/www.oracaoefe.com\/#\/schema\/person\/27873f1e6043866689f5091b5139f23d"},"description":"\u00a1Dios tiene una palabra de vida para ti!","breadcrumb":{"@id":"https:\/\/www.oracaoefe.com\/oracao-e-tomada-de-decisao-como-orar-pode-ajudar-a-fazer-escolhas-mais-conscientes-e-seguras\/#breadcrumb"},"inLanguage":"es","potentialAction":[{"@type":"ReadAction","target":["https:\/\/www.oracaoefe.com\/oracao-e-tomada-de-decisao-como-orar-pode-ajudar-a-fazer-escolhas-mais-conscientes-e-seguras\/"]}]},{"@type":"ImageObject","inLanguage":"es","@id":"https:\/\/www.oracaoefe.com\/oracao-e-tomada-de-decisao-como-orar-pode-ajudar-a-fazer-escolhas-mais-conscientes-e-seguras\/#primaryimage","url":"https:\/\/www.oracaoefe.com\/wp-content\/uploads\/2025\/12\/decisao.webp","contentUrl":"https:\/\/www.oracaoefe.com\/wp-content\/uploads\/2025\/12\/decisao.webp","width":1024,"height":1024},{"@type":"BreadcrumbList","@id":"https:\/\/www.oracaoefe.com\/oracao-e-tomada-de-decisao-como-orar-pode-ajudar-a-fazer-escolhas-mais-conscientes-e-seguras\/#breadcrumb","itemListElement":[{"@type":"ListItem","position":1,"name":"Home","item":"https:\/\/www.oracaoefe.com\/"},{"@type":"ListItem","position":2,"name":"Ora\u00e7\u00e3o","item":"https:\/\/www.oracaoefe.com\/category\/oracao\/"},{"@type":"ListItem","position":3,"name":"Ora\u00e7\u00e3o e Tomada de Decis\u00e3o: Como Orar Pode Ajudar a Fazer Escolhas Mais Conscientes e Seguras"}]},{"@type":"WebSite","@id":"https:\/\/www.oracaoefe.com\/#website","url":"https:\/\/www.oracaoefe.com\/","name":"Oraci\u00f3n y fe","description":"","potentialAction":[{"@type":"SearchAction","target":{"@type":"EntryPoint","urlTemplate":"https:\/\/www.oracaoefe.com\/?s={search_term_string}"},"query-input":{"@type":"PropertyValueSpecification","valueRequired":true,"valueName":"search_term_string"}}],"inLanguage":"es"},{"@type":"Person","@id":"https:\/\/www.oracaoefe.com\/#\/schema\/person\/27873f1e6043866689f5091b5139f23d","name":"Mar\u00eda","image":{"@type":"ImageObject","inLanguage":"es","@id":"https:\/\/secure.gravatar.com\/avatar\/4cac5ea56d40d599bd7348d330a83b1c84cd229296d1613cd1c7f6740561d0c9?s=96&d=mm&r=g","url":"https:\/\/secure.gravatar.com\/avatar\/4cac5ea56d40d599bd7348d330a83b1c84cd229296d1613cd1c7f6740561d0c9?s=96&d=mm&r=g","contentUrl":"https:\/\/secure.gravatar.com\/avatar\/4cac5ea56d40d599bd7348d330a83b1c84cd229296d1613cd1c7f6740561d0c9?s=96&d=mm&r=g","caption":"Maria"},"description":"Me llamo Mar\u00eda. Me apasiona la teolog\u00eda y llevo 5 a\u00f1os escribiendo sobre el mundo religioso. Soy curioso e investigo todo sobre las religiones del mundo. Me encanta investigar las curiosidades que gu\u00edan las m\u00e1s variadas doctrinas en diferentes pa\u00edses y lenguas. Hoy en d\u00eda, soy editora y me encanta compartir mis conocimientos en el portal Oraci\u00f3n y Fe.","sameAs":["https:\/\/www.oracaoefe.com"],"url":"https:\/\/www.oracaoefe.com\/es\/author\/admin\/"}]}},"_links":{"self":[{"href":"https:\/\/www.oracaoefe.com\/es\/wp-json\/wp\/v2\/posts\/3965","targetHints":{"allow":["GET"]}}],"collection":[{"href":"https:\/\/www.oracaoefe.com\/es\/wp-json\/wp\/v2\/posts"}],"about":[{"href":"https:\/\/www.oracaoefe.com\/es\/wp-json\/wp\/v2\/types\/post"}],"author":[{"embeddable":true,"href":"https:\/\/www.oracaoefe.com\/es\/wp-json\/wp\/v2\/users\/1"}],"replies":[{"embeddable":true,"href":"https:\/\/www.oracaoefe.com\/es\/wp-json\/wp\/v2\/comments?post=3965"}],"version-history":[{"count":1,"href":"https:\/\/www.oracaoefe.com\/es\/wp-json\/wp\/v2\/posts\/3965\/revisions"}],"predecessor-version":[{"id":3967,"href":"https:\/\/www.oracaoefe.com\/es\/wp-json\/wp\/v2\/posts\/3965\/revisions\/3967"}],"wp:featuredmedia":[{"embeddable":true,"href":"https:\/\/www.oracaoefe.com\/es\/wp-json\/wp\/v2\/media\/3966"}],"wp:attachment":[{"href":"https:\/\/www.oracaoefe.com\/es\/wp-json\/wp\/v2\/media?parent=3965"}],"wp:term":[{"taxonomy":"category","embeddable":true,"href":"https:\/\/www.oracaoefe.com\/es\/wp-json\/wp\/v2\/categories?post=3965"},{"taxonomy":"post_tag","embeddable":true,"href":"https:\/\/www.oracaoefe.com\/es\/wp-json\/wp\/v2\/tags?post=3965"}],"curies":[{"name":"wp","href":"https:\/\/api.w.org\/{rel}","templated":true}]}}