{"id":3959,"date":"2026-02-28T20:51:03","date_gmt":"2026-02-28T23:51:03","guid":{"rendered":"https:\/\/www.oracaoefe.com\/?p=3959"},"modified":"2025-12-16T20:52:27","modified_gmt":"2025-12-16T23:52:27","slug":"oracion-en-tiempos-dificiles-la-fe-ayuda-a-afrontar-las-crisis-personales-y-emocionales","status":"publish","type":"post","link":"https:\/\/www.oracaoefe.com\/es\/oracao-em-momentos-dificeis-como-a-fe-ajuda-a-enfrentar-crises-pessoais-e-emocionais\/","title":{"rendered":"Oraci\u00f3n en tiempos dif\u00edciles: C\u00f3mo la fe ayuda a afrontar las crisis personales y emocionales"},"content":{"rendered":"<h2 class=\"wp-block-heading\">Introducci\u00f3n<\/h2>\n\n\n\n<p>Los momentos dif\u00edciles son parte de la experiencia humana. P\u00e9rdidas, frustraciones, problemas financieros, conflictos familiares, enfermedades y crisis emocionales pueden surgir inesperadamente y quebrantar profundamente la estabilidad interior. Durante estas fases, muchas personas manifiestan sentimientos de desorientaci\u00f3n, miedo al futuro y dificultad para afrontar emociones intensas. Cuando los recursos emocionales parecen insuficientes, la oraci\u00f3n surge como una pr\u00e1ctica muy solicitada para encontrar fuerza, claridad y esperanza.<\/p>\n\n\n\n<p>Este art\u00edculo explora el papel de la oraci\u00f3n en tiempos dif\u00edciles, analizando c\u00f3mo la fe contribuye a afrontar las crisis personales, c\u00f3mo la espiritualidad influye en la salud emocional y por qu\u00e9 la oraci\u00f3n sigue siendo un recurso tan utilizado durante per\u00edodos de sufrimiento e incertidumbre.<\/p>\n\n\n\n<h2 class=\"wp-block-heading\">El impacto emocional de las crisis personales<\/h2>\n\n\n\n<p>Las crisis personales suelen perturbar la sensaci\u00f3n de control. Situaciones inesperadas desaf\u00edan los planes, las expectativas y las creencias sobre la seguridad y la estabilidad. Este impacto emocional puede generar ansiedad, tristeza profunda, ira o una sensaci\u00f3n de impotencia. En muchos casos, la mente entra en un ciclo de pensamientos repetitivos, lo que dificulta la toma de decisiones y el equilibrio emocional.<\/p>\n\n\n\n<p>Adem\u00e1s, las crisis tienden a provocar aislamiento emocional. Incluso rodeados de gente, a muchos les resulta dif\u00edcil expresar lo que experimentan, ya sea por miedo a ser juzgados o porque no encuentran palabras para describir el dolor. Este aislamiento interno intensifica el sufrimiento y dificulta a\u00fan m\u00e1s su afrontamiento.<\/p>\n\n\n\n<h2 class=\"wp-block-heading\">\u00bfPor qu\u00e9 la gente recurre a la oraci\u00f3n en momentos dif\u00edciles?<\/h2>\n\n\n\n<p>A menudo se recurre a la oraci\u00f3n en momentos dif\u00edciles porque ofrece un espacio seguro para expresar emociones sin juicios. Al orar, una persona puede verbalizar con honestidad sus miedos, dudas, frustraciones y peticiones de ayuda. Este proceso de externalizaci\u00f3n emocional ayuda a reducir la sobrecarga mental y la sensaci\u00f3n de lidiar con todo en soledad.<\/p>\n\n\n\n<p>Adem\u00e1s, la oraci\u00f3n representa un intento de encontrar sentido en medio del caos. En situaciones donde las respuestas racionales son insuficientes, la espiritualidad ofrece una perspectiva m\u00e1s amplia, ayudando a la persona a comprender la crisis como parte de un proceso mayor, incluso si a\u00fan no se vislumbran resultados positivos.<\/p>\n\n\n\n<h2 class=\"wp-block-heading\">La oraci\u00f3n como fuente de fuerza interior<\/h2>\n\n\n\n<p>Uno de los principales beneficios de la oraci\u00f3n en tiempos dif\u00edciles es el fortalecimiento de la fuerza interior. Al conectar espiritualmente, las personas acceden a recursos emocionales que a menudo desconoc\u00edan poseer. La fe contribuye al desarrollo de la resiliencia, permitiendo a la persona seguir adelante incluso ante la adversidad prolongada.<\/p>\n\n\n\n<p>Esta fuerza interior no significa la ausencia de dolor, sino la capacidad de soportarlo sin perder la esperanza por completo. La oraci\u00f3n ayuda a transformar la desesperaci\u00f3n en confianza gradual, creando las condiciones emocionales para afrontar los desaf\u00edos con mayor equilibrio.<\/p>\n\n\n\n<h2 class=\"wp-block-heading\">Oraci\u00f3n y reducci\u00f3n de la ansiedad durante las crisis<\/h2>\n\n\n\n<p>Las crisis personales suelen aumentar significativamente los niveles de ansiedad, especialmente cuando implican incertidumbre sobre el futuro. La oraci\u00f3n act\u00faa como regulador emocional al ayudar a reducir la rumia mental, es decir, la repetici\u00f3n constante de pensamientos negativos y escenarios catastr\u00f3ficos.<\/p>\n\n\n\n<p>Durante la oraci\u00f3n, la atenci\u00f3n se desplaza del problema al momento presente y a la conexi\u00f3n espiritual. Este cambio contribuye a una reducci\u00f3n de la ansiedad y a una sensaci\u00f3n de alivio emocional, incluso cuando la situaci\u00f3n externa a\u00fan no ha cambiado.<\/p>\n\n\n\n<h2 class=\"wp-block-heading\">La oraci\u00f3n como espacio de claridad y reflexi\u00f3n<\/h2>\n\n\n\n<p>En tiempos de crisis, a menudo es necesario tomar decisiones importantes. Sin embargo, la emoci\u00f3n excesiva puede comprometer la claridad mental. La oraci\u00f3n ofrece un espacio de reflexi\u00f3n que ayuda a organizar los pensamientos y las emociones antes de actuar.<\/p>\n\n\n\n<p>Al orar, la persona ralentiza su ritmo interno, lo que permite un an\u00e1lisis m\u00e1s consciente de las opciones disponibles. Este proceso contribuye a tomar decisiones menos impulsivas y m\u00e1s alineadas con sus valores personales, incluso en contextos de presi\u00f3n emocional.<\/p>\n\n\n\n<h2 class=\"wp-block-heading\">Fe y esperanza en tiempos de sufrimiento<\/h2>\n\n\n\n<p>La esperanza es uno de los recursos emocionales m\u00e1s afectados en momentos dif\u00edciles. Cuando el dolor persiste, es com\u00fan sentir que la situaci\u00f3n nunca mejorar\u00e1. La oraci\u00f3n ayuda a mantener la esperanza al ofrecer una perspectiva que va m\u00e1s all\u00e1 de las circunstancias inmediatas.<\/p>\n\n\n\n<p>Esta esperanza espiritual no depende necesariamente de cambios r\u00e1pidos ni de soluciones inmediatas. Se basa en la confianza de que el dolor no es permanente y de que existe la posibilidad de aprender, crecer o transformarse, incluso cuando el camino a\u00fan no est\u00e1 claro.<\/p>\n\n\n\n<h2 class=\"wp-block-heading\">Oraci\u00f3n y aceptaci\u00f3n de la realidad<\/h2>\n\n\n\n<p>No todas las crisis pueden resolverse r\u00e1pidamente. Algunas implican p\u00e9rdidas irreversibles o situaciones que escapan por completo al control individual. En estos casos, la oraci\u00f3n contribuye al proceso de aceptaci\u00f3n emocional, un paso fundamental hacia la recuperaci\u00f3n psicol\u00f3gica.<\/p>\n\n\n\n<p>Aceptar no significa estar de acuerdo ni rendirse, sino reconocer la realidad tal como es, sin resistencia excesiva. La espiritualidad ayuda a afrontar esta aceptaci\u00f3n de forma menos dolorosa, ofreciendo consuelo y apoyo emocional durante el proceso.<\/p>\n\n\n\n<h2 class=\"wp-block-heading\">La influencia de la oraci\u00f3n en el comportamiento durante las crisis<\/h2>\n\n\n\n<p>El comportamiento de una persona durante una crisis influye directamente en su resultado. La oraci\u00f3n suele fomentar actitudes m\u00e1s conscientes, como la paciencia, el autocontrol y la empat\u00eda. Quienes mantienen pr\u00e1cticas espirituales durante momentos dif\u00edciles reportan una mayor capacidad para mantener relaciones saludables y evitar comportamientos autodestructivos.<\/p>\n\n\n\n<p>Esta influencia conductual se produce porque la oraci\u00f3n refuerza los valores internos y ayuda a regular las emociones intensas. Como resultado, la persona afronta la crisis con mayor equilibrio, incluso cuando el sufrimiento es considerable.<\/p>\n\n\n\n<h2 class=\"wp-block-heading\">La oraci\u00f3n como apoyo complementario para la salud emocional<\/h2>\n\n\n\n<p>Si bien la oraci\u00f3n ofrece importantes beneficios, es fundamental reconocer que no reemplaza el apoyo psicol\u00f3gico o m\u00e9dico cuando es necesario. La espiritualidad complementa la atenci\u00f3n emocional, fortaleciendo los recursos internos y facilitando la b\u00fasqueda de la ayuda adecuada.<\/p>\n\n\n\n<p>En momentos dif\u00edciles, integrar la oraci\u00f3n, el apoyo profesional y una red de apoyo social es un enfoque m\u00e1s eficaz y saludable. La fe puede ayudar a una persona a encontrar el coraje para buscar ayuda y a mantener la motivaci\u00f3n durante los procesos terap\u00e9uticos.<\/p>\n\n\n\n<h2 class=\"wp-block-heading\">Oraci\u00f3n y crecimiento personal despu\u00e9s de las crisis<\/h2>\n\n\n\n<p>Muchas personas afirman que, tras superar momentos dif\u00edciles con el apoyo de la espiritualidad, experimentan un crecimiento personal significativo. La oraci\u00f3n ayuda a replantear experiencias dolorosas, transformando el sufrimiento en aprendizaje y fortaleza interior.<\/p>\n\n\n\n<p>Este crecimiento no borra el dolor experimentado, sino que permite integrarlo en la historia personal de forma constructiva. La fe contribuye a la reconstrucci\u00f3n de la identidad y al desarrollo de una visi\u00f3n m\u00e1s madura de la vida.<\/p>\n\n\n\n<h2 class=\"wp-block-heading\">La oraci\u00f3n como presencia constante en tiempos inciertos<\/h2>\n\n\n\n<p>En un mundo marcado por la incertidumbre constante, las crisis personales pueden surgir en diferentes etapas de la vida. La oraci\u00f3n sigue siendo relevante precisamente por su capacidad de ofrecer apoyo continuo, independientemente de las circunstancias externas.<\/p>\n\n\n\n<p>M\u00e1s que una respuesta de emergencia, la oraci\u00f3n puede convertirse en una presencia constante que sostiene emocionalmente al individuo a lo largo del tiempo, fortaleciendo su capacidad para enfrentar desaf\u00edos futuros.<\/p>\n\n\n\n<h2 class=\"wp-block-heading\">Conclusi\u00f3n<\/h2>\n\n\n\n<p>La oraci\u00f3n desempe\u00f1a un papel fundamental para afrontar las crisis personales y emocionales en momentos dif\u00edciles. Al ofrecer un espacio seguro para la expresi\u00f3n, la reflexi\u00f3n y la esperanza, la espiritualidad contribuye a reducir la ansiedad, fortalecer la resiliencia y encontrar sentido en medio del sufrimiento.<\/p>\n\n\n\n<p>Aunque no elimina autom\u00e1ticamente el dolor ni los desaf\u00edos, la oraci\u00f3n ayuda a la persona a afrontar los momentos dif\u00edciles con mayor equilibrio, consciencia y fuerza interior. En tiempos de crisis, esta sencilla pr\u00e1ctica sigue siendo una de las herramientas m\u00e1s accesibles y profundas para cuidar la salud emocional y espiritual.<\/p>","protected":false},"excerpt":{"rendered":"<p>Introdu\u00e7\u00e3o Momentos dif\u00edceis fazem parte da experi\u00eancia humana. Perdas, frustra\u00e7\u00f5es, problemas financeiros, conflitos familiares, doen\u00e7as e crises emocionais podem surgir de forma inesperada e abalar profundamente a estabilidade interior. Nessas fases, muitas pessoas relatam sensa\u00e7\u00e3o de desorienta\u00e7\u00e3o, medo do futuro e dificuldade para lidar com emo\u00e7\u00f5es intensas. Quando recursos emocionais parecem insuficientes, a ora\u00e7\u00e3o surge&hellip;&nbsp;<\/p>","protected":false},"author":1,"featured_media":3960,"comment_status":"closed","ping_status":"closed","sticky":false,"template":"","format":"standard","meta":{"neve_meta_sidebar":"","neve_meta_container":"","neve_meta_enable_content_width":"","neve_meta_content_width":0,"neve_meta_title_alignment":"","neve_meta_author_avatar":"","neve_post_elements_order":"","neve_meta_disable_header":"","neve_meta_disable_footer":"","neve_meta_disable_title":"","footnotes":""},"categories":[2],"tags":[],"class_list":["post-3959","post","type-post","status-publish","format-standard","has-post-thumbnail","hentry","category-oracao"],"yoast_head":"<!-- This site is optimized with the Yoast SEO plugin v27.4 - https:\/\/yoast.com\/product\/yoast-seo-wordpress\/ -->\n<title>Ora\u00e7\u00e3o em Momentos Dif\u00edceis: Como a F\u00e9 Ajuda a Enfrentar Crises Pessoais e Emocionais - Ora\u00e7\u00e3o e F\u00e9<\/title>\n<meta name=\"description\" content=\"Deus tem pra voc\u00ea uma palavra de vida!\" \/>\n<meta name=\"robots\" content=\"index, follow, max-snippet:-1, max-image-preview:large, max-video-preview:-1\" \/>\n<link rel=\"canonical\" href=\"https:\/\/www.oracaoefe.com\/es\/oracion-en-tiempos-dificiles-la-fe-ayuda-a-afrontar-las-crisis-personales-y-emocionales\/\" \/>\n<meta property=\"og:locale\" content=\"es_ES\" \/>\n<meta property=\"og:type\" content=\"article\" \/>\n<meta property=\"og:title\" content=\"Ora\u00e7\u00e3o em Momentos Dif\u00edceis: Como a F\u00e9 Ajuda a Enfrentar Crises Pessoais e Emocionais - Ora\u00e7\u00e3o e F\u00e9\" \/>\n<meta property=\"og:description\" content=\"Deus tem pra voc\u00ea uma palavra de vida!\" \/>\n<meta property=\"og:url\" content=\"https:\/\/www.oracaoefe.com\/es\/oracion-en-tiempos-dificiles-la-fe-ayuda-a-afrontar-las-crisis-personales-y-emocionales\/\" \/>\n<meta property=\"og:site_name\" content=\"Ora\u00e7\u00e3o e F\u00e9\" \/>\n<meta property=\"article:published_time\" content=\"2026-02-28T23:51:03+00:00\" \/>\n<meta property=\"og:image\" content=\"https:\/\/www.oracaoefe.com\/wp-content\/uploads\/2025\/12\/oraca-difiil.webp\" \/>\n\t<meta property=\"og:image:width\" content=\"1024\" \/>\n\t<meta property=\"og:image:height\" content=\"1024\" \/>\n\t<meta property=\"og:image:type\" content=\"image\/webp\" \/>\n<meta name=\"author\" content=\"Maria\" \/>\n<meta name=\"twitter:card\" content=\"summary_large_image\" \/>\n<meta name=\"twitter:label1\" content=\"Escrito por\" \/>\n\t<meta name=\"twitter:data1\" content=\"Maria\" \/>\n\t<meta name=\"twitter:label2\" content=\"Tiempo de lectura\" \/>\n\t<meta name=\"twitter:data2\" content=\"7 minutos\" \/>\n<script type=\"application\/ld+json\" class=\"yoast-schema-graph\">{\"@context\":\"https:\\\/\\\/schema.org\",\"@graph\":[{\"@type\":\"Article\",\"@id\":\"https:\\\/\\\/www.oracaoefe.com\\\/oracao-em-momentos-dificeis-como-a-fe-ajuda-a-enfrentar-crises-pessoais-e-emocionais\\\/#article\",\"isPartOf\":{\"@id\":\"https:\\\/\\\/www.oracaoefe.com\\\/oracao-em-momentos-dificeis-como-a-fe-ajuda-a-enfrentar-crises-pessoais-e-emocionais\\\/\"},\"author\":{\"name\":\"Maria\",\"@id\":\"https:\\\/\\\/www.oracaoefe.com\\\/#\\\/schema\\\/person\\\/27873f1e6043866689f5091b5139f23d\"},\"headline\":\"Ora\u00e7\u00e3o em Momentos Dif\u00edceis: Como a F\u00e9 Ajuda a Enfrentar Crises Pessoais e Emocionais\",\"datePublished\":\"2026-02-28T23:51:03+00:00\",\"mainEntityOfPage\":{\"@id\":\"https:\\\/\\\/www.oracaoefe.com\\\/oracao-em-momentos-dificeis-como-a-fe-ajuda-a-enfrentar-crises-pessoais-e-emocionais\\\/\"},\"wordCount\":1378,\"image\":{\"@id\":\"https:\\\/\\\/www.oracaoefe.com\\\/oracao-em-momentos-dificeis-como-a-fe-ajuda-a-enfrentar-crises-pessoais-e-emocionais\\\/#primaryimage\"},\"thumbnailUrl\":\"https:\\\/\\\/www.oracaoefe.com\\\/wp-content\\\/uploads\\\/2025\\\/12\\\/oraca-difiil.webp\",\"articleSection\":[\"Ora\u00e7\u00e3o\"],\"inLanguage\":\"es\"},{\"@type\":\"WebPage\",\"@id\":\"https:\\\/\\\/www.oracaoefe.com\\\/oracao-em-momentos-dificeis-como-a-fe-ajuda-a-enfrentar-crises-pessoais-e-emocionais\\\/\",\"url\":\"https:\\\/\\\/www.oracaoefe.com\\\/oracao-em-momentos-dificeis-como-a-fe-ajuda-a-enfrentar-crises-pessoais-e-emocionais\\\/\",\"name\":\"Ora\u00e7\u00e3o em Momentos Dif\u00edceis: Como a F\u00e9 Ajuda a Enfrentar Crises Pessoais e Emocionais - Ora\u00e7\u00e3o e F\u00e9\",\"isPartOf\":{\"@id\":\"https:\\\/\\\/www.oracaoefe.com\\\/#website\"},\"primaryImageOfPage\":{\"@id\":\"https:\\\/\\\/www.oracaoefe.com\\\/oracao-em-momentos-dificeis-como-a-fe-ajuda-a-enfrentar-crises-pessoais-e-emocionais\\\/#primaryimage\"},\"image\":{\"@id\":\"https:\\\/\\\/www.oracaoefe.com\\\/oracao-em-momentos-dificeis-como-a-fe-ajuda-a-enfrentar-crises-pessoais-e-emocionais\\\/#primaryimage\"},\"thumbnailUrl\":\"https:\\\/\\\/www.oracaoefe.com\\\/wp-content\\\/uploads\\\/2025\\\/12\\\/oraca-difiil.webp\",\"datePublished\":\"2026-02-28T23:51:03+00:00\",\"author\":{\"@id\":\"https:\\\/\\\/www.oracaoefe.com\\\/#\\\/schema\\\/person\\\/27873f1e6043866689f5091b5139f23d\"},\"description\":\"Deus tem pra voc\u00ea uma palavra de vida!\",\"breadcrumb\":{\"@id\":\"https:\\\/\\\/www.oracaoefe.com\\\/oracao-em-momentos-dificeis-como-a-fe-ajuda-a-enfrentar-crises-pessoais-e-emocionais\\\/#breadcrumb\"},\"inLanguage\":\"es\",\"potentialAction\":[{\"@type\":\"ReadAction\",\"target\":[\"https:\\\/\\\/www.oracaoefe.com\\\/oracao-em-momentos-dificeis-como-a-fe-ajuda-a-enfrentar-crises-pessoais-e-emocionais\\\/\"]}]},{\"@type\":\"ImageObject\",\"inLanguage\":\"es\",\"@id\":\"https:\\\/\\\/www.oracaoefe.com\\\/oracao-em-momentos-dificeis-como-a-fe-ajuda-a-enfrentar-crises-pessoais-e-emocionais\\\/#primaryimage\",\"url\":\"https:\\\/\\\/www.oracaoefe.com\\\/wp-content\\\/uploads\\\/2025\\\/12\\\/oraca-difiil.webp\",\"contentUrl\":\"https:\\\/\\\/www.oracaoefe.com\\\/wp-content\\\/uploads\\\/2025\\\/12\\\/oraca-difiil.webp\",\"width\":1024,\"height\":1024},{\"@type\":\"BreadcrumbList\",\"@id\":\"https:\\\/\\\/www.oracaoefe.com\\\/oracao-em-momentos-dificeis-como-a-fe-ajuda-a-enfrentar-crises-pessoais-e-emocionais\\\/#breadcrumb\",\"itemListElement\":[{\"@type\":\"ListItem\",\"position\":1,\"name\":\"Home\",\"item\":\"https:\\\/\\\/www.oracaoefe.com\\\/\"},{\"@type\":\"ListItem\",\"position\":2,\"name\":\"Ora\u00e7\u00e3o\",\"item\":\"https:\\\/\\\/www.oracaoefe.com\\\/category\\\/oracao\\\/\"},{\"@type\":\"ListItem\",\"position\":3,\"name\":\"Ora\u00e7\u00e3o em Momentos Dif\u00edceis: Como a F\u00e9 Ajuda a Enfrentar Crises Pessoais e Emocionais\"}]},{\"@type\":\"WebSite\",\"@id\":\"https:\\\/\\\/www.oracaoefe.com\\\/#website\",\"url\":\"https:\\\/\\\/www.oracaoefe.com\\\/\",\"name\":\"Ora\u00e7\u00e3o e F\u00e9\",\"description\":\"\",\"potentialAction\":[{\"@type\":\"SearchAction\",\"target\":{\"@type\":\"EntryPoint\",\"urlTemplate\":\"https:\\\/\\\/www.oracaoefe.com\\\/?s={search_term_string}\"},\"query-input\":{\"@type\":\"PropertyValueSpecification\",\"valueRequired\":true,\"valueName\":\"search_term_string\"}}],\"inLanguage\":\"es\"},{\"@type\":\"Person\",\"@id\":\"https:\\\/\\\/www.oracaoefe.com\\\/#\\\/schema\\\/person\\\/27873f1e6043866689f5091b5139f23d\",\"name\":\"Maria\",\"image\":{\"@type\":\"ImageObject\",\"inLanguage\":\"es\",\"@id\":\"https:\\\/\\\/secure.gravatar.com\\\/avatar\\\/4cac5ea56d40d599bd7348d330a83b1c84cd229296d1613cd1c7f6740561d0c9?s=96&d=mm&r=g\",\"url\":\"https:\\\/\\\/secure.gravatar.com\\\/avatar\\\/4cac5ea56d40d599bd7348d330a83b1c84cd229296d1613cd1c7f6740561d0c9?s=96&d=mm&r=g\",\"contentUrl\":\"https:\\\/\\\/secure.gravatar.com\\\/avatar\\\/4cac5ea56d40d599bd7348d330a83b1c84cd229296d1613cd1c7f6740561d0c9?s=96&d=mm&r=g\",\"caption\":\"Maria\"},\"description\":\"Meu nome \u00e9 Maria. Sou apaixonada por teologia e escrevo sobre o mundo religioso h\u00e1 5 anos. Sou curiosa e pesquiso tudo sobre as religi\u00f5es mundo afora. Adoro pesquisar sobre as curiosidades que norteiam as mais variadas doutrinas em diferentes pa\u00edses e idiomas. Hoje, sou redatora e amo compartilhar meu conhecimento no portal Ora\u00e7\u00e3o e F\u00e9.\",\"sameAs\":[\"https:\\\/\\\/www.oracaoefe.com\"],\"url\":\"https:\\\/\\\/www.oracaoefe.com\\\/es\\\/author\\\/admin\\\/\"}]}<\/script>\n<!-- \/ Yoast SEO plugin. -->","yoast_head_json":{"title":"Oraci\u00f3n en tiempos dif\u00edciles: C\u00f3mo la fe ayuda a afrontar las crisis personales y emocionales - Oraci\u00f3n y fe","description":"\u00a1Dios tiene una palabra de vida para ti!","robots":{"index":"index","follow":"follow","max-snippet":"max-snippet:-1","max-image-preview":"max-image-preview:large","max-video-preview":"max-video-preview:-1"},"canonical":"https:\/\/www.oracaoefe.com\/es\/oracion-en-tiempos-dificiles-la-fe-ayuda-a-afrontar-las-crisis-personales-y-emocionales\/","og_locale":"es_ES","og_type":"article","og_title":"Ora\u00e7\u00e3o em Momentos Dif\u00edceis: Como a F\u00e9 Ajuda a Enfrentar Crises Pessoais e Emocionais - Ora\u00e7\u00e3o e F\u00e9","og_description":"Deus tem pra voc\u00ea uma palavra de vida!","og_url":"https:\/\/www.oracaoefe.com\/es\/oracion-en-tiempos-dificiles-la-fe-ayuda-a-afrontar-las-crisis-personales-y-emocionales\/","og_site_name":"Ora\u00e7\u00e3o e F\u00e9","article_published_time":"2026-02-28T23:51:03+00:00","og_image":[{"width":1024,"height":1024,"url":"https:\/\/www.oracaoefe.com\/wp-content\/uploads\/2025\/12\/oraca-difiil.webp","type":"image\/webp"}],"author":"Maria","twitter_card":"summary_large_image","twitter_misc":{"Escrito por":"Maria","Tiempo de lectura":"7 minutos"},"schema":{"@context":"https:\/\/schema.org","@graph":[{"@type":"Article","@id":"https:\/\/www.oracaoefe.com\/oracao-em-momentos-dificeis-como-a-fe-ajuda-a-enfrentar-crises-pessoais-e-emocionais\/#article","isPartOf":{"@id":"https:\/\/www.oracaoefe.com\/oracao-em-momentos-dificeis-como-a-fe-ajuda-a-enfrentar-crises-pessoais-e-emocionais\/"},"author":{"name":"Maria","@id":"https:\/\/www.oracaoefe.com\/#\/schema\/person\/27873f1e6043866689f5091b5139f23d"},"headline":"Ora\u00e7\u00e3o em Momentos Dif\u00edceis: Como a F\u00e9 Ajuda a Enfrentar Crises Pessoais e Emocionais","datePublished":"2026-02-28T23:51:03+00:00","mainEntityOfPage":{"@id":"https:\/\/www.oracaoefe.com\/oracao-em-momentos-dificeis-como-a-fe-ajuda-a-enfrentar-crises-pessoais-e-emocionais\/"},"wordCount":1378,"image":{"@id":"https:\/\/www.oracaoefe.com\/oracao-em-momentos-dificeis-como-a-fe-ajuda-a-enfrentar-crises-pessoais-e-emocionais\/#primaryimage"},"thumbnailUrl":"https:\/\/www.oracaoefe.com\/wp-content\/uploads\/2025\/12\/oraca-difiil.webp","articleSection":["Ora\u00e7\u00e3o"],"inLanguage":"es"},{"@type":"WebPage","@id":"https:\/\/www.oracaoefe.com\/oracao-em-momentos-dificeis-como-a-fe-ajuda-a-enfrentar-crises-pessoais-e-emocionais\/","url":"https:\/\/www.oracaoefe.com\/oracao-em-momentos-dificeis-como-a-fe-ajuda-a-enfrentar-crises-pessoais-e-emocionais\/","name":"Oraci\u00f3n en tiempos dif\u00edciles: C\u00f3mo la fe ayuda a afrontar las crisis personales y emocionales - Oraci\u00f3n y fe","isPartOf":{"@id":"https:\/\/www.oracaoefe.com\/#website"},"primaryImageOfPage":{"@id":"https:\/\/www.oracaoefe.com\/oracao-em-momentos-dificeis-como-a-fe-ajuda-a-enfrentar-crises-pessoais-e-emocionais\/#primaryimage"},"image":{"@id":"https:\/\/www.oracaoefe.com\/oracao-em-momentos-dificeis-como-a-fe-ajuda-a-enfrentar-crises-pessoais-e-emocionais\/#primaryimage"},"thumbnailUrl":"https:\/\/www.oracaoefe.com\/wp-content\/uploads\/2025\/12\/oraca-difiil.webp","datePublished":"2026-02-28T23:51:03+00:00","author":{"@id":"https:\/\/www.oracaoefe.com\/#\/schema\/person\/27873f1e6043866689f5091b5139f23d"},"description":"\u00a1Dios tiene una palabra de vida para ti!","breadcrumb":{"@id":"https:\/\/www.oracaoefe.com\/oracao-em-momentos-dificeis-como-a-fe-ajuda-a-enfrentar-crises-pessoais-e-emocionais\/#breadcrumb"},"inLanguage":"es","potentialAction":[{"@type":"ReadAction","target":["https:\/\/www.oracaoefe.com\/oracao-em-momentos-dificeis-como-a-fe-ajuda-a-enfrentar-crises-pessoais-e-emocionais\/"]}]},{"@type":"ImageObject","inLanguage":"es","@id":"https:\/\/www.oracaoefe.com\/oracao-em-momentos-dificeis-como-a-fe-ajuda-a-enfrentar-crises-pessoais-e-emocionais\/#primaryimage","url":"https:\/\/www.oracaoefe.com\/wp-content\/uploads\/2025\/12\/oraca-difiil.webp","contentUrl":"https:\/\/www.oracaoefe.com\/wp-content\/uploads\/2025\/12\/oraca-difiil.webp","width":1024,"height":1024},{"@type":"BreadcrumbList","@id":"https:\/\/www.oracaoefe.com\/oracao-em-momentos-dificeis-como-a-fe-ajuda-a-enfrentar-crises-pessoais-e-emocionais\/#breadcrumb","itemListElement":[{"@type":"ListItem","position":1,"name":"Home","item":"https:\/\/www.oracaoefe.com\/"},{"@type":"ListItem","position":2,"name":"Ora\u00e7\u00e3o","item":"https:\/\/www.oracaoefe.com\/category\/oracao\/"},{"@type":"ListItem","position":3,"name":"Ora\u00e7\u00e3o em Momentos Dif\u00edceis: Como a F\u00e9 Ajuda a Enfrentar Crises Pessoais e Emocionais"}]},{"@type":"WebSite","@id":"https:\/\/www.oracaoefe.com\/#website","url":"https:\/\/www.oracaoefe.com\/","name":"Oraci\u00f3n y fe","description":"","potentialAction":[{"@type":"SearchAction","target":{"@type":"EntryPoint","urlTemplate":"https:\/\/www.oracaoefe.com\/?s={search_term_string}"},"query-input":{"@type":"PropertyValueSpecification","valueRequired":true,"valueName":"search_term_string"}}],"inLanguage":"es"},{"@type":"Person","@id":"https:\/\/www.oracaoefe.com\/#\/schema\/person\/27873f1e6043866689f5091b5139f23d","name":"Mar\u00eda","image":{"@type":"ImageObject","inLanguage":"es","@id":"https:\/\/secure.gravatar.com\/avatar\/4cac5ea56d40d599bd7348d330a83b1c84cd229296d1613cd1c7f6740561d0c9?s=96&d=mm&r=g","url":"https:\/\/secure.gravatar.com\/avatar\/4cac5ea56d40d599bd7348d330a83b1c84cd229296d1613cd1c7f6740561d0c9?s=96&d=mm&r=g","contentUrl":"https:\/\/secure.gravatar.com\/avatar\/4cac5ea56d40d599bd7348d330a83b1c84cd229296d1613cd1c7f6740561d0c9?s=96&d=mm&r=g","caption":"Maria"},"description":"Me llamo Mar\u00eda. Me apasiona la teolog\u00eda y llevo 5 a\u00f1os escribiendo sobre el mundo religioso. Soy curioso e investigo todo sobre las religiones del mundo. Me encanta investigar las curiosidades que gu\u00edan las m\u00e1s variadas doctrinas en diferentes pa\u00edses y lenguas. Hoy en d\u00eda, soy editora y me encanta compartir mis conocimientos en el portal Oraci\u00f3n y Fe.","sameAs":["https:\/\/www.oracaoefe.com"],"url":"https:\/\/www.oracaoefe.com\/es\/author\/admin\/"}]}},"_links":{"self":[{"href":"https:\/\/www.oracaoefe.com\/es\/wp-json\/wp\/v2\/posts\/3959","targetHints":{"allow":["GET"]}}],"collection":[{"href":"https:\/\/www.oracaoefe.com\/es\/wp-json\/wp\/v2\/posts"}],"about":[{"href":"https:\/\/www.oracaoefe.com\/es\/wp-json\/wp\/v2\/types\/post"}],"author":[{"embeddable":true,"href":"https:\/\/www.oracaoefe.com\/es\/wp-json\/wp\/v2\/users\/1"}],"replies":[{"embeddable":true,"href":"https:\/\/www.oracaoefe.com\/es\/wp-json\/wp\/v2\/comments?post=3959"}],"version-history":[{"count":1,"href":"https:\/\/www.oracaoefe.com\/es\/wp-json\/wp\/v2\/posts\/3959\/revisions"}],"predecessor-version":[{"id":3961,"href":"https:\/\/www.oracaoefe.com\/es\/wp-json\/wp\/v2\/posts\/3959\/revisions\/3961"}],"wp:featuredmedia":[{"embeddable":true,"href":"https:\/\/www.oracaoefe.com\/es\/wp-json\/wp\/v2\/media\/3960"}],"wp:attachment":[{"href":"https:\/\/www.oracaoefe.com\/es\/wp-json\/wp\/v2\/media?parent=3959"}],"wp:term":[{"taxonomy":"category","embeddable":true,"href":"https:\/\/www.oracaoefe.com\/es\/wp-json\/wp\/v2\/categories?post=3959"},{"taxonomy":"post_tag","embeddable":true,"href":"https:\/\/www.oracaoefe.com\/es\/wp-json\/wp\/v2\/tags?post=3959"}],"curies":[{"name":"wp","href":"https:\/\/api.w.org\/{rel}","templated":true}]}}