{"id":3956,"date":"2026-01-24T20:49:33","date_gmt":"2026-01-24T23:49:33","guid":{"rendered":"https:\/\/www.oracaoefe.com\/?p=3956"},"modified":"2025-12-16T20:50:58","modified_gmt":"2025-12-16T23:50:58","slug":"la-oracion-de-la-tarde-como-terminar-el-dia-en-oracion-ayuda-a-reducir-la-ansiedad-y-mejorar-el-sueno","status":"publish","type":"post","link":"https:\/\/www.oracaoefe.com\/es\/oracao-da-noite-como-encerrar-o-dia-em-oracao-ajuda-a-reduzir-a-ansiedade-e-melhorar-o-sono\/","title":{"rendered":"Oraci\u00f3n de la tarde: c\u00f3mo terminar el d\u00eda en oraci\u00f3n ayuda a reducir la ansiedad y mejorar el sue\u00f1o."},"content":{"rendered":"<h2 class=\"wp-block-heading\">Introducci\u00f3n<\/h2>\n\n\n\n<p>El final del d\u00eda suele ser el momento en que la mente se ralentiza f\u00edsicamente, pero se acelera emocionalmente. Los pensamientos acumulados, las preocupaciones sin resolver, los di\u00e1logos internos repetitivos y la ansiedad por el d\u00eda siguiente suelen surgir justo cuando el cuerpo pide descanso. En un mundo marcado por el exceso de est\u00edmulos y la dificultad para desconectar mentalmente, a muchas personas les cuesta relajarse y dormir bien. En este contexto, la oraci\u00f3n vespertina ha cobrado prominencia como una pr\u00e1ctica sencilla y eficaz para terminar el d\u00eda con m\u00e1s calma, equilibrio emocional y paz interior.<\/p>\n\n\n\n<p>Este art\u00edculo analiza el significado de la oraci\u00f3n de la tarde, sus impactos emocionales y psicol\u00f3gicos, la relaci\u00f3n entre la oraci\u00f3n y la calidad del sue\u00f1o, y por qu\u00e9 esta pr\u00e1ctica ha demostrado ser tan relevante para quienes buscan descanso mental y espiritual al final del d\u00eda.<\/p>\n\n\n\n<h2 class=\"wp-block-heading\">El significado de la oraci\u00f3n nocturna<\/h2>\n\n\n\n<p>La oraci\u00f3n vespertina es una pr\u00e1ctica espiritual que se realiza antes de dormir, con el objetivo de terminar el d\u00eda conscientemente. A diferencia de la oraci\u00f3n matutina, que prepara a la persona para afrontar los desaf\u00edos del d\u00eda, la oraci\u00f3n vespertina tiene un car\u00e1cter de entrega, reflexi\u00f3n y descanso interior. Permite reflexionar sobre lo vivido, reconocer las emociones, agradecer los logros y liberar las preocupaciones.<\/p>\n\n\n\n<p>Hist\u00f3ricamente, diversas tradiciones espirituales fomentan la oraci\u00f3n nocturna como una forma de cerrar el ciclo diario. Este momento simboliza la confianza, la aceptaci\u00f3n y la entrega, creando un espacio donde la mente puede relajarse y el cuerpo prepararse para el descanso.<\/p>\n\n\n\n<h2 class=\"wp-block-heading\">Por qu\u00e9 orar antes de acostarse hace la diferencia<\/h2>\n\n\n\n<p>Orar antes de dormir influye directamente en el estado emocional en el que una persona se duerme. En lugar de llevarse a la cama pensamientos acelerados, listas de problemas y preocupaciones futuras, la oraci\u00f3n crea una transici\u00f3n consciente entre el descanso activo del d\u00eda y el descanso nocturno.<\/p>\n\n\n\n<p>Esta transici\u00f3n es crucial para reducir la ansiedad nocturna, uno de los principales factores asociados al insomnio. La oraci\u00f3n ayuda a organizar los pensamientos, disminuir la rumia mental y generar una sensaci\u00f3n de seguridad emocional, facilitando la relajaci\u00f3n necesaria para dormir.<\/p>\n\n\n\n<h2 class=\"wp-block-heading\">Oraci\u00f3n nocturna y reducci\u00f3n de la ansiedad<\/h2>\n\n\n\n<p>La ansiedad suele intensificarse por la noche porque, con menos est\u00edmulos externos, la mente se vuelve hacia el interior. Las preocupaciones que se ignoraron durante el d\u00eda tienden a aflorar con fuerza en este momento. La oraci\u00f3n nocturna act\u00faa como un canal estructurado para gestionar estas emociones.<\/p>\n\n\n\n<p>Al expresar miedos, frustraciones e inseguridades en la oraci\u00f3n, la persona evita que estos sentimientos circulen de forma desorganizada en su mente. Este proceso de externalizaci\u00f3n emocional contribuye a reducir la ansiedad y a una mayor sensaci\u00f3n de control interno.<\/p>\n\n\n\n<h2 class=\"wp-block-heading\">La relaci\u00f3n entre la oraci\u00f3n nocturna y la calidad del sue\u00f1o<\/h2>\n\n\n\n<p>La calidad del sue\u00f1o est\u00e1 directamente relacionada con el estado emocional antes de dormir. Las personas que se acuestan con la mente agitada tienen m\u00e1s dificultad para conciliar el sue\u00f1o y tienden a tener un sue\u00f1o m\u00e1s superficial. La oraci\u00f3n nocturna promueve un estado de relajaci\u00f3n profunda, similar al observado en la meditaci\u00f3n y las pr\u00e1cticas de respiraci\u00f3n consciente.<\/p>\n\n\n\n<p>Durante la oraci\u00f3n, la respiraci\u00f3n tiende a volverse m\u00e1s lenta y profunda, lo que ayuda a reducir la activaci\u00f3n del sistema nervioso. Este efecto fisiol\u00f3gico prepara el cuerpo para el descanso, aumentando las posibilidades de un sue\u00f1o m\u00e1s reparador y continuo.<\/p>\n\n\n\n<h2 class=\"wp-block-heading\">La oraci\u00f3n de la noche como pr\u00e1ctica de gratitud<\/h2>\n\n\n\n<p>La gratitud es un elemento central de la oraci\u00f3n nocturna. Al reflexionar sobre el d\u00eda y reconocer los aspectos positivos, incluso en medio de las dificultades, la persona cambia su enfoque de lo que le falt\u00f3 a lo que experiment\u00f3. Este cambio de atenci\u00f3n tiene un impacto directo en el bienestar emocional.<\/p>\n\n\n\n<p>Practicar la gratitud antes de dormir ayuda a reducir los pensamientos negativos recurrentes y contribuye a una percepci\u00f3n m\u00e1s equilibrada de la realidad. Con el tiempo, este h\u00e1bito influye en c\u00f3mo se viven y recuerdan los d\u00edas, fortaleciendo una mentalidad m\u00e1s positiva y resiliente.<\/p>\n\n\n\n<h2 class=\"wp-block-heading\">Oraci\u00f3n nocturna y liberaci\u00f3n de la culpa y las frustraciones<\/h2>\n\n\n\n<p>Muchas personas arrastran sentimientos de culpa, arrepentimiento o frustraci\u00f3n por la noche debido a decisiones tomadas durante el d\u00eda. Si no se atienden, estos sentimientos interfieren con el descanso y la salud emocional. La oraci\u00f3n vespertina ofrece un espacio seguro para reconocer los errores sin juzgarlos excesivamente.<\/p>\n\n\n\n<p>A trav\u00e9s de la reflexi\u00f3n espiritual, una persona puede aceptar sus limitaciones, perdonarse y liberarse de expectativas irrealistas. Este proceso de aceptaci\u00f3n emocional contribuye a una relaci\u00f3n m\u00e1s sana con uno mismo y facilita el descanso mental.<\/p>\n\n\n\n<h2 class=\"wp-block-heading\">El impacto de la oraci\u00f3n nocturna en el d\u00eda siguiente<\/h2>\n\n\n\n<p>Los efectos de la oraci\u00f3n nocturna no se limitan a la hora de dormir. Quienes terminan el d\u00eda orando tienden a despertarse con mayor ligereza emocional y claridad mental. Un sue\u00f1o m\u00e1s reparador influye directamente en el estado de \u00e1nimo, la concentraci\u00f3n y los niveles de energ\u00eda al d\u00eda siguiente.<\/p>\n\n\n\n<p>Adem\u00e1s, la oraci\u00f3n nocturna ayuda a cerrar ciclos emocionales, evitando que las preocupaciones del d\u00eda anterior se trasladen a la ma\u00f1ana siguiente. Este cierre consciente contribuye a una rutina m\u00e1s equilibrada y emocionalmente organizada.<\/p>\n\n\n\n<h2 class=\"wp-block-heading\">C\u00f3mo crear el h\u00e1bito de la oraci\u00f3n nocturna<\/h2>\n\n\n\n<p>Crear el h\u00e1bito de la oraci\u00f3n nocturna implica peque\u00f1os cambios en la rutina. Lo ideal es establecer una hora fija, cercana a la hora de dormir, y reducir los est\u00edmulos externos, como la luz brillante y el uso de pantallas. Este ambiente m\u00e1s tranquilo promueve la concentraci\u00f3n y la relajaci\u00f3n.<\/p>\n\n\n\n<p>La oraci\u00f3n puede ser silenciosa o verbal, espont\u00e1nea o guiada. Algunas personas prefieren incluir lecturas espirituales o momentos de silencio. El formato es menos importante que la constancia y la intenci\u00f3n de terminar el d\u00eda con consciencia.<\/p>\n\n\n\n<h2 class=\"wp-block-heading\">Oraci\u00f3n nocturna en diferentes realidades<\/h2>\n\n\n\n<p>La oraci\u00f3n vespertina se puede adaptar a diferentes estilos de vida. Las personas con agendas apretadas pueden ofrecer oraciones breves centradas en la gratitud y la entrega. Las familias pueden incluir momentos de oraci\u00f3n juntos, fortaleciendo los lazos emocionales antes del descanso.<\/p>\n\n\n\n<p>Independientemente del contexto, el objetivo sigue siendo el mismo: crear un espacio de pausa y reflexi\u00f3n que ayude a la mente y al cuerpo a desconectarse gradualmente de las exigencias del d\u00eda.<\/p>\n\n\n\n<h2 class=\"wp-block-heading\">L\u00edmites y equilibrio de la pr\u00e1ctica nocturna<\/h2>\n\n\n\n<p>Aunque la oraci\u00f3n vespertina ofrece beneficios significativos, es importante no convertirla en una obligaci\u00f3n r\u00edgida ni en una fuente de culpa. La espiritualidad debe ser un apoyo, no una carga m\u00e1s. En los d\u00edas cansados, basta con una oraci\u00f3n sencilla y sincera.<\/p>\n\n\n\n<p>La pr\u00e1ctica espiritual funciona mejor cuando se integra de forma equilibrada en la vida diaria, respetando los l\u00edmites f\u00edsicos y emocionales.<\/p>\n\n\n\n<h2 class=\"wp-block-heading\">La oraci\u00f3n de la noche como ritual de cierre<\/h2>\n\n\n\n<p>Los rituales ayudan al cerebro a comprender las transiciones. La oraci\u00f3n vespertina funciona como un ritual de cierre del d\u00eda, indicando que es hora de descansar. Este ritual fortalece la relaci\u00f3n con el propio tiempo y contribuye a una rutina m\u00e1s saludable y consciente.<\/p>\n\n\n\n<p>Con el tiempo, este h\u00e1bito crea una asociaci\u00f3n positiva entre la oraci\u00f3n, la relajaci\u00f3n y el descanso, haciendo que el proceso de conciliar el sue\u00f1o sea m\u00e1s natural y pac\u00edfico.<\/p>\n\n\n\n<h2 class=\"wp-block-heading\">Conclusi\u00f3n<\/h2>\n\n\n\n<p>La oraci\u00f3n vespertina es una pr\u00e1ctica sencilla pero profundamente efectiva para quienes buscan reducir la ansiedad, mejorar la calidad del sue\u00f1o y terminar el d\u00eda con mayor paz interior. Al crear un espacio para la reflexi\u00f3n, la gratitud y la entrega, esta pr\u00e1ctica ayuda a organizar las emociones, calmar la mente y preparar el cuerpo para el descanso.<\/p>\n\n\n\n<p>En un mundo donde desconectar se ha vuelto dif\u00edcil, la oraci\u00f3n nocturna ofrece un camino accesible hacia la reconexi\u00f3n, el equilibrio y el bienestar emocional. Al incorporarla a su rutina, muchas personas descubren que dormir mejor es solo una de las consecuencias de vivir con mayor consciencia y serenidad.<\/p>","protected":false},"excerpt":{"rendered":"<p>Introducci\u00f3n: El final del d\u00eda suele ser el momento en que la mente se ralentiza f\u00edsicamente, pero se acelera emocionalmente. Pensamientos acumulados, preocupaciones sin resolver, di\u00e1logos internos repetitivos y ansiedad por el d\u00eda siguiente suelen surgir justo cuando el cuerpo pide descanso. En un mundo marcado por el exceso de est\u00edmulos y la dificultad para desconectar mentalmente, muchos\u2026&nbsp;<\/p>","protected":false},"author":1,"featured_media":3957,"comment_status":"closed","ping_status":"closed","sticky":false,"template":"","format":"standard","meta":{"neve_meta_sidebar":"","neve_meta_container":"","neve_meta_enable_content_width":"","neve_meta_content_width":0,"neve_meta_title_alignment":"","neve_meta_author_avatar":"","neve_post_elements_order":"","neve_meta_disable_header":"","neve_meta_disable_footer":"","neve_meta_disable_title":"","footnotes":""},"categories":[2],"tags":[],"class_list":["post-3956","post","type-post","status-publish","format-standard","has-post-thumbnail","hentry","category-oracao"],"yoast_head":"<!-- This site is optimized with the Yoast SEO plugin v27.5 - https:\/\/yoast.com\/product\/yoast-seo-wordpress\/ -->\n<title>Ora\u00e7\u00e3o da Noite: Como Encerrar o Dia em Ora\u00e7\u00e3o Ajuda a Reduzir a Ansiedade e Melhorar o Sono - Ora\u00e7\u00e3o e F\u00e9<\/title>\n<meta name=\"description\" content=\"Deus tem pra voc\u00ea uma palavra de vida!\" \/>\n<meta name=\"robots\" content=\"index, follow, max-snippet:-1, max-image-preview:large, max-video-preview:-1\" \/>\n<link rel=\"canonical\" href=\"https:\/\/www.oracaoefe.com\/es\/la-oracion-de-la-tarde-como-terminar-el-dia-en-oracion-ayuda-a-reducir-la-ansiedad-y-mejorar-el-sueno\/\" \/>\n<meta property=\"og:locale\" content=\"es_ES\" \/>\n<meta property=\"og:type\" content=\"article\" \/>\n<meta property=\"og:title\" content=\"Ora\u00e7\u00e3o da Noite: Como Encerrar o Dia em Ora\u00e7\u00e3o Ajuda a Reduzir a Ansiedade e Melhorar o Sono - Ora\u00e7\u00e3o e F\u00e9\" \/>\n<meta property=\"og:description\" content=\"Deus tem pra voc\u00ea uma palavra de vida!\" \/>\n<meta property=\"og:url\" content=\"https:\/\/www.oracaoefe.com\/es\/la-oracion-de-la-tarde-como-terminar-el-dia-en-oracion-ayuda-a-reducir-la-ansiedad-y-mejorar-el-sueno\/\" \/>\n<meta property=\"og:site_name\" content=\"Ora\u00e7\u00e3o e F\u00e9\" \/>\n<meta property=\"article:published_time\" content=\"2026-01-24T23:49:33+00:00\" \/>\n<meta property=\"og:image\" content=\"https:\/\/www.oracaoefe.com\/wp-content\/uploads\/2025\/12\/oracao-da-noite.webp\" \/>\n\t<meta property=\"og:image:width\" content=\"1024\" \/>\n\t<meta property=\"og:image:height\" content=\"1024\" \/>\n\t<meta property=\"og:image:type\" content=\"image\/webp\" \/>\n<meta name=\"author\" content=\"Maria\" \/>\n<meta name=\"twitter:card\" content=\"summary_large_image\" \/>\n<meta name=\"twitter:label1\" content=\"Escrito por\" \/>\n\t<meta name=\"twitter:data1\" content=\"Maria\" \/>\n\t<meta name=\"twitter:label2\" content=\"Tiempo de lectura\" \/>\n\t<meta name=\"twitter:data2\" content=\"7 minutos\" \/>\n<script type=\"application\/ld+json\" class=\"yoast-schema-graph\">{\"@context\":\"https:\\\/\\\/schema.org\",\"@graph\":[{\"@type\":\"Article\",\"@id\":\"https:\\\/\\\/www.oracaoefe.com\\\/oracao-da-noite-como-encerrar-o-dia-em-oracao-ajuda-a-reduzir-a-ansiedade-e-melhorar-o-sono\\\/#article\",\"isPartOf\":{\"@id\":\"https:\\\/\\\/www.oracaoefe.com\\\/oracao-da-noite-como-encerrar-o-dia-em-oracao-ajuda-a-reduzir-a-ansiedade-e-melhorar-o-sono\\\/\"},\"author\":{\"name\":\"Maria\",\"@id\":\"https:\\\/\\\/www.oracaoefe.com\\\/#\\\/schema\\\/person\\\/27873f1e6043866689f5091b5139f23d\"},\"headline\":\"Ora\u00e7\u00e3o da Noite: Como Encerrar o Dia em Ora\u00e7\u00e3o Ajuda a Reduzir a Ansiedade e Melhorar o Sono\",\"datePublished\":\"2026-01-24T23:49:33+00:00\",\"mainEntityOfPage\":{\"@id\":\"https:\\\/\\\/www.oracaoefe.com\\\/oracao-da-noite-como-encerrar-o-dia-em-oracao-ajuda-a-reduzir-a-ansiedade-e-melhorar-o-sono\\\/\"},\"wordCount\":1381,\"image\":{\"@id\":\"https:\\\/\\\/www.oracaoefe.com\\\/oracao-da-noite-como-encerrar-o-dia-em-oracao-ajuda-a-reduzir-a-ansiedade-e-melhorar-o-sono\\\/#primaryimage\"},\"thumbnailUrl\":\"https:\\\/\\\/www.oracaoefe.com\\\/wp-content\\\/uploads\\\/2025\\\/12\\\/oracao-da-noite.webp\",\"articleSection\":[\"Ora\u00e7\u00e3o\"],\"inLanguage\":\"es\"},{\"@type\":\"WebPage\",\"@id\":\"https:\\\/\\\/www.oracaoefe.com\\\/oracao-da-noite-como-encerrar-o-dia-em-oracao-ajuda-a-reduzir-a-ansiedade-e-melhorar-o-sono\\\/\",\"url\":\"https:\\\/\\\/www.oracaoefe.com\\\/oracao-da-noite-como-encerrar-o-dia-em-oracao-ajuda-a-reduzir-a-ansiedade-e-melhorar-o-sono\\\/\",\"name\":\"Ora\u00e7\u00e3o da Noite: Como Encerrar o Dia em Ora\u00e7\u00e3o Ajuda a Reduzir a Ansiedade e Melhorar o Sono - Ora\u00e7\u00e3o e F\u00e9\",\"isPartOf\":{\"@id\":\"https:\\\/\\\/www.oracaoefe.com\\\/#website\"},\"primaryImageOfPage\":{\"@id\":\"https:\\\/\\\/www.oracaoefe.com\\\/oracao-da-noite-como-encerrar-o-dia-em-oracao-ajuda-a-reduzir-a-ansiedade-e-melhorar-o-sono\\\/#primaryimage\"},\"image\":{\"@id\":\"https:\\\/\\\/www.oracaoefe.com\\\/oracao-da-noite-como-encerrar-o-dia-em-oracao-ajuda-a-reduzir-a-ansiedade-e-melhorar-o-sono\\\/#primaryimage\"},\"thumbnailUrl\":\"https:\\\/\\\/www.oracaoefe.com\\\/wp-content\\\/uploads\\\/2025\\\/12\\\/oracao-da-noite.webp\",\"datePublished\":\"2026-01-24T23:49:33+00:00\",\"author\":{\"@id\":\"https:\\\/\\\/www.oracaoefe.com\\\/#\\\/schema\\\/person\\\/27873f1e6043866689f5091b5139f23d\"},\"description\":\"Deus tem pra voc\u00ea uma palavra de vida!\",\"breadcrumb\":{\"@id\":\"https:\\\/\\\/www.oracaoefe.com\\\/oracao-da-noite-como-encerrar-o-dia-em-oracao-ajuda-a-reduzir-a-ansiedade-e-melhorar-o-sono\\\/#breadcrumb\"},\"inLanguage\":\"es\",\"potentialAction\":[{\"@type\":\"ReadAction\",\"target\":[\"https:\\\/\\\/www.oracaoefe.com\\\/oracao-da-noite-como-encerrar-o-dia-em-oracao-ajuda-a-reduzir-a-ansiedade-e-melhorar-o-sono\\\/\"]}]},{\"@type\":\"ImageObject\",\"inLanguage\":\"es\",\"@id\":\"https:\\\/\\\/www.oracaoefe.com\\\/oracao-da-noite-como-encerrar-o-dia-em-oracao-ajuda-a-reduzir-a-ansiedade-e-melhorar-o-sono\\\/#primaryimage\",\"url\":\"https:\\\/\\\/www.oracaoefe.com\\\/wp-content\\\/uploads\\\/2025\\\/12\\\/oracao-da-noite.webp\",\"contentUrl\":\"https:\\\/\\\/www.oracaoefe.com\\\/wp-content\\\/uploads\\\/2025\\\/12\\\/oracao-da-noite.webp\",\"width\":1024,\"height\":1024},{\"@type\":\"BreadcrumbList\",\"@id\":\"https:\\\/\\\/www.oracaoefe.com\\\/oracao-da-noite-como-encerrar-o-dia-em-oracao-ajuda-a-reduzir-a-ansiedade-e-melhorar-o-sono\\\/#breadcrumb\",\"itemListElement\":[{\"@type\":\"ListItem\",\"position\":1,\"name\":\"Home\",\"item\":\"https:\\\/\\\/www.oracaoefe.com\\\/\"},{\"@type\":\"ListItem\",\"position\":2,\"name\":\"Ora\u00e7\u00e3o\",\"item\":\"https:\\\/\\\/www.oracaoefe.com\\\/category\\\/oracao\\\/\"},{\"@type\":\"ListItem\",\"position\":3,\"name\":\"Ora\u00e7\u00e3o da Noite: Como Encerrar o Dia em Ora\u00e7\u00e3o Ajuda a Reduzir a Ansiedade e Melhorar o Sono\"}]},{\"@type\":\"WebSite\",\"@id\":\"https:\\\/\\\/www.oracaoefe.com\\\/#website\",\"url\":\"https:\\\/\\\/www.oracaoefe.com\\\/\",\"name\":\"Ora\u00e7\u00e3o e F\u00e9\",\"description\":\"\",\"potentialAction\":[{\"@type\":\"SearchAction\",\"target\":{\"@type\":\"EntryPoint\",\"urlTemplate\":\"https:\\\/\\\/www.oracaoefe.com\\\/?s={search_term_string}\"},\"query-input\":{\"@type\":\"PropertyValueSpecification\",\"valueRequired\":true,\"valueName\":\"search_term_string\"}}],\"inLanguage\":\"es\"},{\"@type\":\"Person\",\"@id\":\"https:\\\/\\\/www.oracaoefe.com\\\/#\\\/schema\\\/person\\\/27873f1e6043866689f5091b5139f23d\",\"name\":\"Maria\",\"image\":{\"@type\":\"ImageObject\",\"inLanguage\":\"es\",\"@id\":\"https:\\\/\\\/secure.gravatar.com\\\/avatar\\\/4cac5ea56d40d599bd7348d330a83b1c84cd229296d1613cd1c7f6740561d0c9?s=96&d=mm&r=g\",\"url\":\"https:\\\/\\\/secure.gravatar.com\\\/avatar\\\/4cac5ea56d40d599bd7348d330a83b1c84cd229296d1613cd1c7f6740561d0c9?s=96&d=mm&r=g\",\"contentUrl\":\"https:\\\/\\\/secure.gravatar.com\\\/avatar\\\/4cac5ea56d40d599bd7348d330a83b1c84cd229296d1613cd1c7f6740561d0c9?s=96&d=mm&r=g\",\"caption\":\"Maria\"},\"description\":\"Meu nome \u00e9 Maria. Sou apaixonada por teologia e escrevo sobre o mundo religioso h\u00e1 5 anos. Sou curiosa e pesquiso tudo sobre as religi\u00f5es mundo afora. Adoro pesquisar sobre as curiosidades que norteiam as mais variadas doutrinas em diferentes pa\u00edses e idiomas. Hoje, sou redatora e amo compartilhar meu conhecimento no portal Ora\u00e7\u00e3o e F\u00e9.\",\"sameAs\":[\"https:\\\/\\\/www.oracaoefe.com\"],\"url\":\"https:\\\/\\\/www.oracaoefe.com\\\/es\\\/author\\\/admin\\\/\"}]}<\/script>\n<!-- \/ Yoast SEO plugin. -->","yoast_head_json":{"title":"Oraci\u00f3n de la tarde: c\u00f3mo terminar el d\u00eda en oraci\u00f3n ayuda a reducir la ansiedad y mejorar el sue\u00f1o - Oraci\u00f3n y fe","description":"\u00a1Dios tiene una palabra de vida para ti!","robots":{"index":"index","follow":"follow","max-snippet":"max-snippet:-1","max-image-preview":"max-image-preview:large","max-video-preview":"max-video-preview:-1"},"canonical":"https:\/\/www.oracaoefe.com\/es\/la-oracion-de-la-tarde-como-terminar-el-dia-en-oracion-ayuda-a-reducir-la-ansiedad-y-mejorar-el-sueno\/","og_locale":"es_ES","og_type":"article","og_title":"Ora\u00e7\u00e3o da Noite: Como Encerrar o Dia em Ora\u00e7\u00e3o Ajuda a Reduzir a Ansiedade e Melhorar o Sono - Ora\u00e7\u00e3o e F\u00e9","og_description":"Deus tem pra voc\u00ea uma palavra de vida!","og_url":"https:\/\/www.oracaoefe.com\/es\/la-oracion-de-la-tarde-como-terminar-el-dia-en-oracion-ayuda-a-reducir-la-ansiedad-y-mejorar-el-sueno\/","og_site_name":"Ora\u00e7\u00e3o e F\u00e9","article_published_time":"2026-01-24T23:49:33+00:00","og_image":[{"width":1024,"height":1024,"url":"https:\/\/www.oracaoefe.com\/wp-content\/uploads\/2025\/12\/oracao-da-noite.webp","type":"image\/webp"}],"author":"Maria","twitter_card":"summary_large_image","twitter_misc":{"Escrito por":"Maria","Tiempo de lectura":"7 minutos"},"schema":{"@context":"https:\/\/schema.org","@graph":[{"@type":"Article","@id":"https:\/\/www.oracaoefe.com\/oracao-da-noite-como-encerrar-o-dia-em-oracao-ajuda-a-reduzir-a-ansiedade-e-melhorar-o-sono\/#article","isPartOf":{"@id":"https:\/\/www.oracaoefe.com\/oracao-da-noite-como-encerrar-o-dia-em-oracao-ajuda-a-reduzir-a-ansiedade-e-melhorar-o-sono\/"},"author":{"name":"Maria","@id":"https:\/\/www.oracaoefe.com\/#\/schema\/person\/27873f1e6043866689f5091b5139f23d"},"headline":"Ora\u00e7\u00e3o da Noite: Como Encerrar o Dia em Ora\u00e7\u00e3o Ajuda a Reduzir a Ansiedade e Melhorar o Sono","datePublished":"2026-01-24T23:49:33+00:00","mainEntityOfPage":{"@id":"https:\/\/www.oracaoefe.com\/oracao-da-noite-como-encerrar-o-dia-em-oracao-ajuda-a-reduzir-a-ansiedade-e-melhorar-o-sono\/"},"wordCount":1381,"image":{"@id":"https:\/\/www.oracaoefe.com\/oracao-da-noite-como-encerrar-o-dia-em-oracao-ajuda-a-reduzir-a-ansiedade-e-melhorar-o-sono\/#primaryimage"},"thumbnailUrl":"https:\/\/www.oracaoefe.com\/wp-content\/uploads\/2025\/12\/oracao-da-noite.webp","articleSection":["Ora\u00e7\u00e3o"],"inLanguage":"es"},{"@type":"WebPage","@id":"https:\/\/www.oracaoefe.com\/oracao-da-noite-como-encerrar-o-dia-em-oracao-ajuda-a-reduzir-a-ansiedade-e-melhorar-o-sono\/","url":"https:\/\/www.oracaoefe.com\/oracao-da-noite-como-encerrar-o-dia-em-oracao-ajuda-a-reduzir-a-ansiedade-e-melhorar-o-sono\/","name":"Oraci\u00f3n de la tarde: c\u00f3mo terminar el d\u00eda en oraci\u00f3n ayuda a reducir la ansiedad y mejorar el sue\u00f1o - Oraci\u00f3n y fe","isPartOf":{"@id":"https:\/\/www.oracaoefe.com\/#website"},"primaryImageOfPage":{"@id":"https:\/\/www.oracaoefe.com\/oracao-da-noite-como-encerrar-o-dia-em-oracao-ajuda-a-reduzir-a-ansiedade-e-melhorar-o-sono\/#primaryimage"},"image":{"@id":"https:\/\/www.oracaoefe.com\/oracao-da-noite-como-encerrar-o-dia-em-oracao-ajuda-a-reduzir-a-ansiedade-e-melhorar-o-sono\/#primaryimage"},"thumbnailUrl":"https:\/\/www.oracaoefe.com\/wp-content\/uploads\/2025\/12\/oracao-da-noite.webp","datePublished":"2026-01-24T23:49:33+00:00","author":{"@id":"https:\/\/www.oracaoefe.com\/#\/schema\/person\/27873f1e6043866689f5091b5139f23d"},"description":"\u00a1Dios tiene una palabra de vida para ti!","breadcrumb":{"@id":"https:\/\/www.oracaoefe.com\/oracao-da-noite-como-encerrar-o-dia-em-oracao-ajuda-a-reduzir-a-ansiedade-e-melhorar-o-sono\/#breadcrumb"},"inLanguage":"es","potentialAction":[{"@type":"ReadAction","target":["https:\/\/www.oracaoefe.com\/oracao-da-noite-como-encerrar-o-dia-em-oracao-ajuda-a-reduzir-a-ansiedade-e-melhorar-o-sono\/"]}]},{"@type":"ImageObject","inLanguage":"es","@id":"https:\/\/www.oracaoefe.com\/oracao-da-noite-como-encerrar-o-dia-em-oracao-ajuda-a-reduzir-a-ansiedade-e-melhorar-o-sono\/#primaryimage","url":"https:\/\/www.oracaoefe.com\/wp-content\/uploads\/2025\/12\/oracao-da-noite.webp","contentUrl":"https:\/\/www.oracaoefe.com\/wp-content\/uploads\/2025\/12\/oracao-da-noite.webp","width":1024,"height":1024},{"@type":"BreadcrumbList","@id":"https:\/\/www.oracaoefe.com\/oracao-da-noite-como-encerrar-o-dia-em-oracao-ajuda-a-reduzir-a-ansiedade-e-melhorar-o-sono\/#breadcrumb","itemListElement":[{"@type":"ListItem","position":1,"name":"Home","item":"https:\/\/www.oracaoefe.com\/"},{"@type":"ListItem","position":2,"name":"Ora\u00e7\u00e3o","item":"https:\/\/www.oracaoefe.com\/category\/oracao\/"},{"@type":"ListItem","position":3,"name":"Ora\u00e7\u00e3o da Noite: Como Encerrar o Dia em Ora\u00e7\u00e3o Ajuda a Reduzir a Ansiedade e Melhorar o Sono"}]},{"@type":"WebSite","@id":"https:\/\/www.oracaoefe.com\/#website","url":"https:\/\/www.oracaoefe.com\/","name":"Oraci\u00f3n y fe","description":"","potentialAction":[{"@type":"SearchAction","target":{"@type":"EntryPoint","urlTemplate":"https:\/\/www.oracaoefe.com\/?s={search_term_string}"},"query-input":{"@type":"PropertyValueSpecification","valueRequired":true,"valueName":"search_term_string"}}],"inLanguage":"es"},{"@type":"Person","@id":"https:\/\/www.oracaoefe.com\/#\/schema\/person\/27873f1e6043866689f5091b5139f23d","name":"Mar\u00eda","image":{"@type":"ImageObject","inLanguage":"es","@id":"https:\/\/secure.gravatar.com\/avatar\/4cac5ea56d40d599bd7348d330a83b1c84cd229296d1613cd1c7f6740561d0c9?s=96&d=mm&r=g","url":"https:\/\/secure.gravatar.com\/avatar\/4cac5ea56d40d599bd7348d330a83b1c84cd229296d1613cd1c7f6740561d0c9?s=96&d=mm&r=g","contentUrl":"https:\/\/secure.gravatar.com\/avatar\/4cac5ea56d40d599bd7348d330a83b1c84cd229296d1613cd1c7f6740561d0c9?s=96&d=mm&r=g","caption":"Maria"},"description":"Me llamo Mar\u00eda. Me apasiona la teolog\u00eda y llevo 5 a\u00f1os escribiendo sobre el mundo religioso. Soy curioso e investigo todo sobre las religiones del mundo. Me encanta investigar las curiosidades que gu\u00edan las m\u00e1s variadas doctrinas en diferentes pa\u00edses y lenguas. Hoy en d\u00eda, soy editora y me encanta compartir mis conocimientos en el portal Oraci\u00f3n y Fe.","sameAs":["https:\/\/www.oracaoefe.com"],"url":"https:\/\/www.oracaoefe.com\/es\/author\/admin\/"}]}},"_links":{"self":[{"href":"https:\/\/www.oracaoefe.com\/es\/wp-json\/wp\/v2\/posts\/3956","targetHints":{"allow":["GET"]}}],"collection":[{"href":"https:\/\/www.oracaoefe.com\/es\/wp-json\/wp\/v2\/posts"}],"about":[{"href":"https:\/\/www.oracaoefe.com\/es\/wp-json\/wp\/v2\/types\/post"}],"author":[{"embeddable":true,"href":"https:\/\/www.oracaoefe.com\/es\/wp-json\/wp\/v2\/users\/1"}],"replies":[{"embeddable":true,"href":"https:\/\/www.oracaoefe.com\/es\/wp-json\/wp\/v2\/comments?post=3956"}],"version-history":[{"count":1,"href":"https:\/\/www.oracaoefe.com\/es\/wp-json\/wp\/v2\/posts\/3956\/revisions"}],"predecessor-version":[{"id":3958,"href":"https:\/\/www.oracaoefe.com\/es\/wp-json\/wp\/v2\/posts\/3956\/revisions\/3958"}],"wp:featuredmedia":[{"embeddable":true,"href":"https:\/\/www.oracaoefe.com\/es\/wp-json\/wp\/v2\/media\/3957"}],"wp:attachment":[{"href":"https:\/\/www.oracaoefe.com\/es\/wp-json\/wp\/v2\/media?parent=3956"}],"wp:term":[{"taxonomy":"category","embeddable":true,"href":"https:\/\/www.oracaoefe.com\/es\/wp-json\/wp\/v2\/categories?post=3956"},{"taxonomy":"post_tag","embeddable":true,"href":"https:\/\/www.oracaoefe.com\/es\/wp-json\/wp\/v2\/tags?post=3956"}],"curies":[{"name":"wp","href":"https:\/\/api.w.org\/{rel}","templated":true}]}}