{"id":3915,"date":"2026-01-17T14:25:01","date_gmt":"2026-01-17T17:25:01","guid":{"rendered":"https:\/\/www.oracaoefe.com\/?p=3915"},"modified":"2025-12-16T14:26:44","modified_gmt":"2025-12-16T17:26:44","slug":"la-oracion-en-medio-de-conflictos-internacionales-como-la-fe-ha-influido-en-las-poblaciones-afectadas-por-guerras-y-tensiones-globales","status":"publish","type":"post","link":"https:\/\/www.oracaoefe.com\/es\/oracao-em-meio-a-conflitos-internacionais-como-a-fe-tem-influenciado-populacoes-afetadas-por-guerras-e-tensoes-globais\/","title":{"rendered":"La oraci\u00f3n en medio de conflictos internacionales: c\u00f3mo la fe ha influido en las poblaciones afectadas por guerras y tensiones globales"},"content":{"rendered":"<h2 class=\"wp-block-heading\">Introducci\u00f3n<\/h2>\n\n\n\n<p>Los conflictos internacionales siempre han formado parte de la historia de la humanidad, pero en las \u00faltimas d\u00e9cadas han adquirido una caracter\u00edstica espec\u00edfica: ahora son seguidos en tiempo real por millones de personas en todo el mundo. Guerras, invasiones, ataques y crisis diplom\u00e1ticas han dejado de ser eventos distantes para pasar a formar parte de la informaci\u00f3n cotidiana, afectando emocionalmente tanto a quienes viven el conflicto directamente como a quienes lo siguen a distancia. En este escenario, la oraci\u00f3n surge como una respuesta colectiva e individual al miedo, la incertidumbre y la sensaci\u00f3n de impotencia.<\/p>\n\n\n\n<p>Este art\u00edculo analiza c\u00f3mo la fe y la oraci\u00f3n han jugado un papel central en regiones afectadas por guerras y tensiones pol\u00edticas, c\u00f3mo estas pr\u00e1cticas ayudan a las poblaciones a afrontar p\u00e9rdidas extremas y por qu\u00e9, incluso en contextos de violencia, la espiritualidad sigue siendo un elemento de resiliencia emocional y social.<\/p>\n\n\n\n<h2 class=\"wp-block-heading\">El impacto psicol\u00f3gico de los conflictos armados en las poblaciones civiles<\/h2>\n\n\n\n<p>Las guerras no solo afectan a ej\u00e9rcitos y gobiernos. El impacto m\u00e1s profundo recae en la poblaci\u00f3n civil, que se enfrenta al desplazamiento forzado, la p\u00e9rdida de familiares, la destrucci\u00f3n de viviendas y el colapso de los servicios b\u00e1sicos. La exposici\u00f3n constante al miedo y la violencia provoca traumas psicol\u00f3gicos duraderos, como el trastorno de estr\u00e9s postraum\u00e1tico, la ansiedad cr\u00f3nica y la depresi\u00f3n profunda.<\/p>\n\n\n\n<p>En regiones de conflicto prolongado, la vida cotidiana se caracteriza por la imprevisibilidad. La falta de seguridad crea un estado de alerta constante, en el que el cuerpo y la mente no pueden descansar plenamente. Ante esta realidad, la oraci\u00f3n se presenta como una de las pocas pr\u00e1cticas capaces de ofrecer cierta sensaci\u00f3n de estabilidad interior, funcionando como un ancla emocional en medio del caos externo.<\/p>\n\n\n\n<h2 class=\"wp-block-heading\">La oraci\u00f3n como recurso para la supervivencia emocional en zonas de guerra<\/h2>\n\n\n\n<p>Para muchas poblaciones afectadas por conflictos armados, la oraci\u00f3n no es solo un acto religioso, sino una herramienta pr\u00e1ctica para la supervivencia emocional. En contextos donde los recursos m\u00e9dicos, psicol\u00f3gicos y sociales son escasos o inexistentes, la fe se convierte en una de las \u00fanicas fuentes accesibles de consuelo.<\/p>\n\n\n\n<p>La pr\u00e1ctica de la oraci\u00f3n permite expresar el miedo, el dolor y la desesperaci\u00f3n de forma estructurada, evitando que estas emociones se acumulen de forma desorganizada. Al transformar el sufrimiento en palabras, peticiones o rituales, se crea un espacio simb\u00f3lico para el procesamiento emocional, lo que reduce la sensaci\u00f3n de absoluta impotencia. Este efecto se observa independientemente de la tradici\u00f3n religiosa, lo que indica que la oraci\u00f3n cumple una funci\u00f3n psicol\u00f3gica universal en situaciones extremas.<\/p>\n\n\n\n<h2 class=\"wp-block-heading\">La dimensi\u00f3n colectiva de la fe en los conflictos internacionales<\/h2>\n\n\n\n<p>M\u00e1s all\u00e1 de su impacto individual, la oraci\u00f3n desempe\u00f1a un papel fundamental en la cohesi\u00f3n social en regiones devastadas por la guerra. Las comunidades que rezan juntas tienden a desarrollar lazos de solidaridad m\u00e1s fuertes, compartiendo recursos, informaci\u00f3n y apoyo emocional. En muchos casos, las reuniones religiosas se convierten en espacios seguros donde las personas pueden llorar, lamentar p\u00e9rdidas y encontrar un sentido colectivo a su sufrimiento.<\/p>\n\n\n\n<p>Hist\u00f3ricamente, en diversos conflictos alrededor del mundo, los templos religiosos, iglesias, mezquitas y sinagogas han servido como puntos de refugio y organizaci\u00f3n comunitaria. Incluso cuando las estructuras f\u00edsicas son destruidas, la pr\u00e1ctica de la oraci\u00f3n colectiva persiste de forma improvisada, reforzando la identidad cultural y espiritual de las poblaciones afectadas.<\/p>\n\n\n\n<h2 class=\"wp-block-heading\">Oraci\u00f3n y esperanza en medio de la violencia prolongada<\/h2>\n\n\n\n<p>Uno de los mayores desaf\u00edos en los conflictos internacionales prolongados es la erosi\u00f3n de la esperanza. Cuando la violencia se prolonga durante a\u00f1os, generaciones enteras crecen sin conocer jam\u00e1s la paz. En este contexto, la oraci\u00f3n desempe\u00f1a un papel esencial para preservar la esperanza, incluso cuando las circunstancias externas no indican una soluci\u00f3n inmediata.<\/p>\n\n\n\n<p>La fe sustenta la idea de que el sufrimiento no es permanente y que existe la posibilidad de una reconstrucci\u00f3n futura. Esta esperanza no se limita a expectativas pol\u00edticas ni a acuerdos diplom\u00e1ticos, sino que se arraiga en una dimensi\u00f3n espiritual que trasciende el escenario inmediato. Para muchas personas, esta perspectiva es lo que previene el colapso emocional total ante p\u00e9rdidas repetidas y traumas acumulados.<\/p>\n\n\n\n<h2 class=\"wp-block-heading\">La visi\u00f3n de la comunidad internacional sobre la oraci\u00f3n en contextos de guerra<\/h2>\n\n\n\n<p>Aunque la oraci\u00f3n suele considerarse un acto privado o simb\u00f3lico, las organizaciones humanitarias y los investigadores han reconocido su importancia para abordar las crisis humanitarias. En los campos de refugiados, por ejemplo, se suelen fomentar las pr\u00e1cticas religiosas como parte del apoyo psicosocial que se ofrece a las poblaciones desplazadas.<\/p>\n\n\n\n<p>Estas iniciativas no buscan promover una religi\u00f3n espec\u00edfica, sino reconocer que la espiritualidad desempe\u00f1a un papel fundamental en la recuperaci\u00f3n emocional y la reconstrucci\u00f3n de la dignidad humana. La oraci\u00f3n ayuda a las personas a mantener una narrativa significativa sobre sus vidas, incluso cuando todo a su alrededor parece destruido.<\/p>\n\n\n\n<h2 class=\"wp-block-heading\">Oraci\u00f3n sin fronteras: Movilizaci\u00f3n global por la paz<\/h2>\n\n\n\n<p>Otro fen\u00f3meno relevante es la movilizaci\u00f3n global de oraci\u00f3n en respuesta a los conflictos internacionales. Quienes viven lejos de zonas de guerra suelen organizar sesiones de oraci\u00f3n colectivas, vigilias y campa\u00f1as espirituales en solidaridad con las poblaciones afectadas. Si bien estas acciones no alteran directamente el curso de los conflictos, fortalecen una conciencia global de empat\u00eda y responsabilidad colectiva.<\/p>\n\n\n\n<p>La oraci\u00f3n, en este contexto, funciona como un v\u00ednculo simb\u00f3lico entre personas separadas por fronteras geogr\u00e1ficas, culturales y pol\u00edticas. Crea un espacio com\u00fan de humanidad compartida, en el que el sufrimiento ajeno se reconoce y se abraza, incluso a distancia.<\/p>\n\n\n\n<h2 class=\"wp-block-heading\">Fe, perd\u00f3n y reconciliaci\u00f3n posconflicto<\/h2>\n\n\n\n<p>Tras el fin de los conflictos armados, las sociedades se enfrentan al complejo reto de la reconstrucci\u00f3n social y emocional. La oraci\u00f3n y la fe suelen desempe\u00f1ar un papel central en los procesos de reconciliaci\u00f3n, ayudando a las personas y a las comunidades a afrontar los sentimientos de odio, venganza y culpa.<\/p>\n\n\n\n<p>En diversos contextos de posguerra, l\u00edderes religiosos y comunidades de fe han actuado como mediadores en procesos de di\u00e1logo y perd\u00f3n, promoviendo narrativas de reconciliaci\u00f3n que van m\u00e1s all\u00e1 de los acuerdos pol\u00edticos formales. Si bien estos procesos son largos y dif\u00edciles, la espiritualidad ofrece una base simb\u00f3lica para reconstruir la confianza y la convivencia social.<\/p>\n\n\n\n<h2 class=\"wp-block-heading\">La oraci\u00f3n no como soluci\u00f3n pol\u00edtica, sino como sustento humano<\/h2>\n\n\n\n<p>Es importante reconocer que la oraci\u00f3n no reemplaza la acci\u00f3n diplom\u00e1tica, las intervenciones humanitarias ni las pol\u00edticas p\u00fablicas eficaces. Sin embargo, desempe\u00f1a un papel fundamental en el sustento humano en contextos donde las soluciones pol\u00edticas se demoran o fracasan. La fe no pone fin a las guerras, pero ayuda a las personas a sobrevivir emocionalmente mientras ocurren.<\/p>\n\n\n\n<p>Esta distinci\u00f3n es esencial para comprender el verdadero valor de la oraci\u00f3n en los conflictos internacionales. No act\u00faa como una herramienta para negar la realidad, sino como apoyo psicol\u00f3gico, emocional y social ante situaciones extremas.<\/p>\n\n\n\n<h2 class=\"wp-block-heading\">Conclusi\u00f3n<\/h2>\n\n\n\n<p>La presencia de la oraci\u00f3n en medio de conflictos internacionales revela una profunda dimensi\u00f3n de la experiencia humana ante la violencia y la incertidumbre. En escenarios marcados por p\u00e9rdidas irreparables y miedo constante, la fe sigue siendo una de las pocas fuentes de estabilidad emocional accesibles para las poblaciones afectadas. La oraci\u00f3n ofrece sentido, esperanza y cohesi\u00f3n social, funcionando como un pilar invisible de resistencia en medio del caos.<\/p>\n\n\n\n<p>Al analizar el papel de la fe en zonas de guerra, se hace evidente que la oraci\u00f3n no es un gesto vac\u00edo ni simb\u00f3lico, sino una pr\u00e1ctica esencial para afrontar las emociones y preservar la dignidad humana. En un mundo marcado por conflictos persistentes, comprender este fen\u00f3meno es fundamental para comprender c\u00f3mo las personas y las comunidades siguen resistiendo, incluso en las circunstancias m\u00e1s adversas.<\/p>","protected":false},"excerpt":{"rendered":"<p>Introdu\u00e7\u00e3o Conflitos internacionais sempre fizeram parte da hist\u00f3ria da humanidade, mas nas \u00faltimas d\u00e9cadas eles ganharam uma caracter\u00edstica espec\u00edfica: passaram a ser acompanhados em tempo real por milh\u00f5es de pessoas ao redor do mundo. Guerras, invas\u00f5es, ataques e crises diplom\u00e1ticas deixaram de ser eventos distantes para se tornarem parte do cotidiano informacional, afetando emocionalmente tanto&hellip;&nbsp;<\/p>","protected":false},"author":1,"featured_media":3916,"comment_status":"closed","ping_status":"closed","sticky":false,"template":"","format":"standard","meta":{"neve_meta_sidebar":"","neve_meta_container":"","neve_meta_enable_content_width":"","neve_meta_content_width":0,"neve_meta_title_alignment":"","neve_meta_author_avatar":"","neve_post_elements_order":"","neve_meta_disable_header":"","neve_meta_disable_footer":"","neve_meta_disable_title":"","footnotes":""},"categories":[4],"tags":[],"class_list":["post-3915","post","type-post","status-publish","format-standard","has-post-thumbnail","hentry","category-fique-por-dentro"],"yoast_head":"<!-- This site is optimized with the Yoast SEO plugin v27.5 - https:\/\/yoast.com\/product\/yoast-seo-wordpress\/ -->\n<title>Ora\u00e7\u00e3o em Meio a Conflitos Internacionais: Como a F\u00e9 Tem Influenciado Popula\u00e7\u00f5es Afetadas por Guerras e Tens\u00f5es Globais - Ora\u00e7\u00e3o e F\u00e9<\/title>\n<meta name=\"description\" content=\"Deus tem pra voc\u00ea uma palavra de vida!\" \/>\n<meta name=\"robots\" content=\"index, follow, max-snippet:-1, max-image-preview:large, max-video-preview:-1\" \/>\n<link rel=\"canonical\" href=\"https:\/\/www.oracaoefe.com\/es\/la-oracion-en-medio-de-conflictos-internacionales-como-la-fe-ha-influido-en-las-poblaciones-afectadas-por-guerras-y-tensiones-globales\/\" \/>\n<meta property=\"og:locale\" content=\"es_ES\" \/>\n<meta property=\"og:type\" content=\"article\" \/>\n<meta property=\"og:title\" content=\"Ora\u00e7\u00e3o em Meio a Conflitos Internacionais: Como a F\u00e9 Tem Influenciado Popula\u00e7\u00f5es Afetadas por Guerras e Tens\u00f5es Globais - Ora\u00e7\u00e3o e F\u00e9\" \/>\n<meta property=\"og:description\" content=\"Deus tem pra voc\u00ea uma palavra de vida!\" \/>\n<meta property=\"og:url\" content=\"https:\/\/www.oracaoefe.com\/es\/la-oracion-en-medio-de-conflictos-internacionales-como-la-fe-ha-influido-en-las-poblaciones-afectadas-por-guerras-y-tensiones-globales\/\" \/>\n<meta property=\"og:site_name\" content=\"Ora\u00e7\u00e3o e F\u00e9\" \/>\n<meta property=\"article:published_time\" content=\"2026-01-17T17:25:01+00:00\" \/>\n<meta property=\"og:image\" content=\"https:\/\/www.oracaoefe.com\/wp-content\/uploads\/2025\/12\/conflitos.webp\" \/>\n\t<meta property=\"og:image:width\" content=\"1024\" \/>\n\t<meta property=\"og:image:height\" content=\"1024\" \/>\n\t<meta property=\"og:image:type\" content=\"image\/webp\" \/>\n<meta name=\"author\" content=\"Maria\" \/>\n<meta name=\"twitter:card\" content=\"summary_large_image\" \/>\n<meta name=\"twitter:label1\" content=\"Escrito por\" \/>\n\t<meta name=\"twitter:data1\" content=\"Maria\" \/>\n\t<meta name=\"twitter:label2\" content=\"Tiempo de lectura\" \/>\n\t<meta name=\"twitter:data2\" content=\"7 minutos\" \/>\n<script type=\"application\/ld+json\" class=\"yoast-schema-graph\">{\"@context\":\"https:\\\/\\\/schema.org\",\"@graph\":[{\"@type\":\"Article\",\"@id\":\"https:\\\/\\\/www.oracaoefe.com\\\/oracao-em-meio-a-conflitos-internacionais-como-a-fe-tem-influenciado-populacoes-afetadas-por-guerras-e-tensoes-globais\\\/#article\",\"isPartOf\":{\"@id\":\"https:\\\/\\\/www.oracaoefe.com\\\/oracao-em-meio-a-conflitos-internacionais-como-a-fe-tem-influenciado-populacoes-afetadas-por-guerras-e-tensoes-globais\\\/\"},\"author\":{\"name\":\"Maria\",\"@id\":\"https:\\\/\\\/www.oracaoefe.com\\\/#\\\/schema\\\/person\\\/27873f1e6043866689f5091b5139f23d\"},\"headline\":\"Ora\u00e7\u00e3o em Meio a Conflitos Internacionais: Como a F\u00e9 Tem Influenciado Popula\u00e7\u00f5es Afetadas por Guerras e Tens\u00f5es Globais\",\"datePublished\":\"2026-01-17T17:25:01+00:00\",\"mainEntityOfPage\":{\"@id\":\"https:\\\/\\\/www.oracaoefe.com\\\/oracao-em-meio-a-conflitos-internacionais-como-a-fe-tem-influenciado-populacoes-afetadas-por-guerras-e-tensoes-globais\\\/\"},\"wordCount\":1377,\"image\":{\"@id\":\"https:\\\/\\\/www.oracaoefe.com\\\/oracao-em-meio-a-conflitos-internacionais-como-a-fe-tem-influenciado-populacoes-afetadas-por-guerras-e-tensoes-globais\\\/#primaryimage\"},\"thumbnailUrl\":\"https:\\\/\\\/www.oracaoefe.com\\\/wp-content\\\/uploads\\\/2025\\\/12\\\/conflitos.webp\",\"articleSection\":[\"Fique por Dentro\"],\"inLanguage\":\"es\"},{\"@type\":\"WebPage\",\"@id\":\"https:\\\/\\\/www.oracaoefe.com\\\/oracao-em-meio-a-conflitos-internacionais-como-a-fe-tem-influenciado-populacoes-afetadas-por-guerras-e-tensoes-globais\\\/\",\"url\":\"https:\\\/\\\/www.oracaoefe.com\\\/oracao-em-meio-a-conflitos-internacionais-como-a-fe-tem-influenciado-populacoes-afetadas-por-guerras-e-tensoes-globais\\\/\",\"name\":\"Ora\u00e7\u00e3o em Meio a Conflitos Internacionais: Como a F\u00e9 Tem Influenciado Popula\u00e7\u00f5es Afetadas por Guerras e Tens\u00f5es Globais - Ora\u00e7\u00e3o e F\u00e9\",\"isPartOf\":{\"@id\":\"https:\\\/\\\/www.oracaoefe.com\\\/#website\"},\"primaryImageOfPage\":{\"@id\":\"https:\\\/\\\/www.oracaoefe.com\\\/oracao-em-meio-a-conflitos-internacionais-como-a-fe-tem-influenciado-populacoes-afetadas-por-guerras-e-tensoes-globais\\\/#primaryimage\"},\"image\":{\"@id\":\"https:\\\/\\\/www.oracaoefe.com\\\/oracao-em-meio-a-conflitos-internacionais-como-a-fe-tem-influenciado-populacoes-afetadas-por-guerras-e-tensoes-globais\\\/#primaryimage\"},\"thumbnailUrl\":\"https:\\\/\\\/www.oracaoefe.com\\\/wp-content\\\/uploads\\\/2025\\\/12\\\/conflitos.webp\",\"datePublished\":\"2026-01-17T17:25:01+00:00\",\"author\":{\"@id\":\"https:\\\/\\\/www.oracaoefe.com\\\/#\\\/schema\\\/person\\\/27873f1e6043866689f5091b5139f23d\"},\"description\":\"Deus tem pra voc\u00ea uma palavra de vida!\",\"breadcrumb\":{\"@id\":\"https:\\\/\\\/www.oracaoefe.com\\\/oracao-em-meio-a-conflitos-internacionais-como-a-fe-tem-influenciado-populacoes-afetadas-por-guerras-e-tensoes-globais\\\/#breadcrumb\"},\"inLanguage\":\"es\",\"potentialAction\":[{\"@type\":\"ReadAction\",\"target\":[\"https:\\\/\\\/www.oracaoefe.com\\\/oracao-em-meio-a-conflitos-internacionais-como-a-fe-tem-influenciado-populacoes-afetadas-por-guerras-e-tensoes-globais\\\/\"]}]},{\"@type\":\"ImageObject\",\"inLanguage\":\"es\",\"@id\":\"https:\\\/\\\/www.oracaoefe.com\\\/oracao-em-meio-a-conflitos-internacionais-como-a-fe-tem-influenciado-populacoes-afetadas-por-guerras-e-tensoes-globais\\\/#primaryimage\",\"url\":\"https:\\\/\\\/www.oracaoefe.com\\\/wp-content\\\/uploads\\\/2025\\\/12\\\/conflitos.webp\",\"contentUrl\":\"https:\\\/\\\/www.oracaoefe.com\\\/wp-content\\\/uploads\\\/2025\\\/12\\\/conflitos.webp\",\"width\":1024,\"height\":1024},{\"@type\":\"BreadcrumbList\",\"@id\":\"https:\\\/\\\/www.oracaoefe.com\\\/oracao-em-meio-a-conflitos-internacionais-como-a-fe-tem-influenciado-populacoes-afetadas-por-guerras-e-tensoes-globais\\\/#breadcrumb\",\"itemListElement\":[{\"@type\":\"ListItem\",\"position\":1,\"name\":\"Home\",\"item\":\"https:\\\/\\\/www.oracaoefe.com\\\/\"},{\"@type\":\"ListItem\",\"position\":2,\"name\":\"Fique por Dentro\",\"item\":\"https:\\\/\\\/www.oracaoefe.com\\\/category\\\/fique-por-dentro\\\/\"},{\"@type\":\"ListItem\",\"position\":3,\"name\":\"Ora\u00e7\u00e3o em Meio a Conflitos Internacionais: Como a F\u00e9 Tem Influenciado Popula\u00e7\u00f5es Afetadas por Guerras e Tens\u00f5es Globais\"}]},{\"@type\":\"WebSite\",\"@id\":\"https:\\\/\\\/www.oracaoefe.com\\\/#website\",\"url\":\"https:\\\/\\\/www.oracaoefe.com\\\/\",\"name\":\"Ora\u00e7\u00e3o e F\u00e9\",\"description\":\"\",\"potentialAction\":[{\"@type\":\"SearchAction\",\"target\":{\"@type\":\"EntryPoint\",\"urlTemplate\":\"https:\\\/\\\/www.oracaoefe.com\\\/?s={search_term_string}\"},\"query-input\":{\"@type\":\"PropertyValueSpecification\",\"valueRequired\":true,\"valueName\":\"search_term_string\"}}],\"inLanguage\":\"es\"},{\"@type\":\"Person\",\"@id\":\"https:\\\/\\\/www.oracaoefe.com\\\/#\\\/schema\\\/person\\\/27873f1e6043866689f5091b5139f23d\",\"name\":\"Maria\",\"image\":{\"@type\":\"ImageObject\",\"inLanguage\":\"es\",\"@id\":\"https:\\\/\\\/secure.gravatar.com\\\/avatar\\\/4cac5ea56d40d599bd7348d330a83b1c84cd229296d1613cd1c7f6740561d0c9?s=96&d=mm&r=g\",\"url\":\"https:\\\/\\\/secure.gravatar.com\\\/avatar\\\/4cac5ea56d40d599bd7348d330a83b1c84cd229296d1613cd1c7f6740561d0c9?s=96&d=mm&r=g\",\"contentUrl\":\"https:\\\/\\\/secure.gravatar.com\\\/avatar\\\/4cac5ea56d40d599bd7348d330a83b1c84cd229296d1613cd1c7f6740561d0c9?s=96&d=mm&r=g\",\"caption\":\"Maria\"},\"description\":\"Meu nome \u00e9 Maria. Sou apaixonada por teologia e escrevo sobre o mundo religioso h\u00e1 5 anos. Sou curiosa e pesquiso tudo sobre as religi\u00f5es mundo afora. Adoro pesquisar sobre as curiosidades que norteiam as mais variadas doutrinas em diferentes pa\u00edses e idiomas. Hoje, sou redatora e amo compartilhar meu conhecimento no portal Ora\u00e7\u00e3o e F\u00e9.\",\"sameAs\":[\"https:\\\/\\\/www.oracaoefe.com\"],\"url\":\"https:\\\/\\\/www.oracaoefe.com\\\/es\\\/author\\\/admin\\\/\"}]}<\/script>\n<!-- \/ Yoast SEO plugin. -->","yoast_head_json":{"title":"Oraci\u00f3n en medio de conflictos internacionales: c\u00f3mo la fe ha influido en las poblaciones afectadas por guerras y tensiones globales - Oraci\u00f3n y fe","description":"\u00a1Dios tiene una palabra de vida para ti!","robots":{"index":"index","follow":"follow","max-snippet":"max-snippet:-1","max-image-preview":"max-image-preview:large","max-video-preview":"max-video-preview:-1"},"canonical":"https:\/\/www.oracaoefe.com\/es\/la-oracion-en-medio-de-conflictos-internacionales-como-la-fe-ha-influido-en-las-poblaciones-afectadas-por-guerras-y-tensiones-globales\/","og_locale":"es_ES","og_type":"article","og_title":"Ora\u00e7\u00e3o em Meio a Conflitos Internacionais: Como a F\u00e9 Tem Influenciado Popula\u00e7\u00f5es Afetadas por Guerras e Tens\u00f5es Globais - Ora\u00e7\u00e3o e F\u00e9","og_description":"Deus tem pra voc\u00ea uma palavra de vida!","og_url":"https:\/\/www.oracaoefe.com\/es\/la-oracion-en-medio-de-conflictos-internacionales-como-la-fe-ha-influido-en-las-poblaciones-afectadas-por-guerras-y-tensiones-globales\/","og_site_name":"Ora\u00e7\u00e3o e F\u00e9","article_published_time":"2026-01-17T17:25:01+00:00","og_image":[{"width":1024,"height":1024,"url":"https:\/\/www.oracaoefe.com\/wp-content\/uploads\/2025\/12\/conflitos.webp","type":"image\/webp"}],"author":"Maria","twitter_card":"summary_large_image","twitter_misc":{"Escrito por":"Maria","Tiempo de lectura":"7 minutos"},"schema":{"@context":"https:\/\/schema.org","@graph":[{"@type":"Article","@id":"https:\/\/www.oracaoefe.com\/oracao-em-meio-a-conflitos-internacionais-como-a-fe-tem-influenciado-populacoes-afetadas-por-guerras-e-tensoes-globais\/#article","isPartOf":{"@id":"https:\/\/www.oracaoefe.com\/oracao-em-meio-a-conflitos-internacionais-como-a-fe-tem-influenciado-populacoes-afetadas-por-guerras-e-tensoes-globais\/"},"author":{"name":"Maria","@id":"https:\/\/www.oracaoefe.com\/#\/schema\/person\/27873f1e6043866689f5091b5139f23d"},"headline":"Ora\u00e7\u00e3o em Meio a Conflitos Internacionais: Como a F\u00e9 Tem Influenciado Popula\u00e7\u00f5es Afetadas por Guerras e Tens\u00f5es Globais","datePublished":"2026-01-17T17:25:01+00:00","mainEntityOfPage":{"@id":"https:\/\/www.oracaoefe.com\/oracao-em-meio-a-conflitos-internacionais-como-a-fe-tem-influenciado-populacoes-afetadas-por-guerras-e-tensoes-globais\/"},"wordCount":1377,"image":{"@id":"https:\/\/www.oracaoefe.com\/oracao-em-meio-a-conflitos-internacionais-como-a-fe-tem-influenciado-populacoes-afetadas-por-guerras-e-tensoes-globais\/#primaryimage"},"thumbnailUrl":"https:\/\/www.oracaoefe.com\/wp-content\/uploads\/2025\/12\/conflitos.webp","articleSection":["Fique por Dentro"],"inLanguage":"es"},{"@type":"WebPage","@id":"https:\/\/www.oracaoefe.com\/oracao-em-meio-a-conflitos-internacionais-como-a-fe-tem-influenciado-populacoes-afetadas-por-guerras-e-tensoes-globais\/","url":"https:\/\/www.oracaoefe.com\/oracao-em-meio-a-conflitos-internacionais-como-a-fe-tem-influenciado-populacoes-afetadas-por-guerras-e-tensoes-globais\/","name":"Oraci\u00f3n en medio de conflictos internacionales: c\u00f3mo la fe ha influido en las poblaciones afectadas por guerras y tensiones globales - Oraci\u00f3n y fe","isPartOf":{"@id":"https:\/\/www.oracaoefe.com\/#website"},"primaryImageOfPage":{"@id":"https:\/\/www.oracaoefe.com\/oracao-em-meio-a-conflitos-internacionais-como-a-fe-tem-influenciado-populacoes-afetadas-por-guerras-e-tensoes-globais\/#primaryimage"},"image":{"@id":"https:\/\/www.oracaoefe.com\/oracao-em-meio-a-conflitos-internacionais-como-a-fe-tem-influenciado-populacoes-afetadas-por-guerras-e-tensoes-globais\/#primaryimage"},"thumbnailUrl":"https:\/\/www.oracaoefe.com\/wp-content\/uploads\/2025\/12\/conflitos.webp","datePublished":"2026-01-17T17:25:01+00:00","author":{"@id":"https:\/\/www.oracaoefe.com\/#\/schema\/person\/27873f1e6043866689f5091b5139f23d"},"description":"\u00a1Dios tiene una palabra de vida para ti!","breadcrumb":{"@id":"https:\/\/www.oracaoefe.com\/oracao-em-meio-a-conflitos-internacionais-como-a-fe-tem-influenciado-populacoes-afetadas-por-guerras-e-tensoes-globais\/#breadcrumb"},"inLanguage":"es","potentialAction":[{"@type":"ReadAction","target":["https:\/\/www.oracaoefe.com\/oracao-em-meio-a-conflitos-internacionais-como-a-fe-tem-influenciado-populacoes-afetadas-por-guerras-e-tensoes-globais\/"]}]},{"@type":"ImageObject","inLanguage":"es","@id":"https:\/\/www.oracaoefe.com\/oracao-em-meio-a-conflitos-internacionais-como-a-fe-tem-influenciado-populacoes-afetadas-por-guerras-e-tensoes-globais\/#primaryimage","url":"https:\/\/www.oracaoefe.com\/wp-content\/uploads\/2025\/12\/conflitos.webp","contentUrl":"https:\/\/www.oracaoefe.com\/wp-content\/uploads\/2025\/12\/conflitos.webp","width":1024,"height":1024},{"@type":"BreadcrumbList","@id":"https:\/\/www.oracaoefe.com\/oracao-em-meio-a-conflitos-internacionais-como-a-fe-tem-influenciado-populacoes-afetadas-por-guerras-e-tensoes-globais\/#breadcrumb","itemListElement":[{"@type":"ListItem","position":1,"name":"Home","item":"https:\/\/www.oracaoefe.com\/"},{"@type":"ListItem","position":2,"name":"Fique por Dentro","item":"https:\/\/www.oracaoefe.com\/category\/fique-por-dentro\/"},{"@type":"ListItem","position":3,"name":"Ora\u00e7\u00e3o em Meio a Conflitos Internacionais: Como a F\u00e9 Tem Influenciado Popula\u00e7\u00f5es Afetadas por Guerras e Tens\u00f5es Globais"}]},{"@type":"WebSite","@id":"https:\/\/www.oracaoefe.com\/#website","url":"https:\/\/www.oracaoefe.com\/","name":"Oraci\u00f3n y fe","description":"","potentialAction":[{"@type":"SearchAction","target":{"@type":"EntryPoint","urlTemplate":"https:\/\/www.oracaoefe.com\/?s={search_term_string}"},"query-input":{"@type":"PropertyValueSpecification","valueRequired":true,"valueName":"search_term_string"}}],"inLanguage":"es"},{"@type":"Person","@id":"https:\/\/www.oracaoefe.com\/#\/schema\/person\/27873f1e6043866689f5091b5139f23d","name":"Mar\u00eda","image":{"@type":"ImageObject","inLanguage":"es","@id":"https:\/\/secure.gravatar.com\/avatar\/4cac5ea56d40d599bd7348d330a83b1c84cd229296d1613cd1c7f6740561d0c9?s=96&d=mm&r=g","url":"https:\/\/secure.gravatar.com\/avatar\/4cac5ea56d40d599bd7348d330a83b1c84cd229296d1613cd1c7f6740561d0c9?s=96&d=mm&r=g","contentUrl":"https:\/\/secure.gravatar.com\/avatar\/4cac5ea56d40d599bd7348d330a83b1c84cd229296d1613cd1c7f6740561d0c9?s=96&d=mm&r=g","caption":"Maria"},"description":"Me llamo Mar\u00eda. Me apasiona la teolog\u00eda y llevo 5 a\u00f1os escribiendo sobre el mundo religioso. Soy curioso e investigo todo sobre las religiones del mundo. Me encanta investigar las curiosidades que gu\u00edan las m\u00e1s variadas doctrinas en diferentes pa\u00edses y lenguas. Hoy en d\u00eda, soy editora y me encanta compartir mis conocimientos en el portal Oraci\u00f3n y Fe.","sameAs":["https:\/\/www.oracaoefe.com"],"url":"https:\/\/www.oracaoefe.com\/es\/author\/admin\/"}]}},"_links":{"self":[{"href":"https:\/\/www.oracaoefe.com\/es\/wp-json\/wp\/v2\/posts\/3915","targetHints":{"allow":["GET"]}}],"collection":[{"href":"https:\/\/www.oracaoefe.com\/es\/wp-json\/wp\/v2\/posts"}],"about":[{"href":"https:\/\/www.oracaoefe.com\/es\/wp-json\/wp\/v2\/types\/post"}],"author":[{"embeddable":true,"href":"https:\/\/www.oracaoefe.com\/es\/wp-json\/wp\/v2\/users\/1"}],"replies":[{"embeddable":true,"href":"https:\/\/www.oracaoefe.com\/es\/wp-json\/wp\/v2\/comments?post=3915"}],"version-history":[{"count":1,"href":"https:\/\/www.oracaoefe.com\/es\/wp-json\/wp\/v2\/posts\/3915\/revisions"}],"predecessor-version":[{"id":3917,"href":"https:\/\/www.oracaoefe.com\/es\/wp-json\/wp\/v2\/posts\/3915\/revisions\/3917"}],"wp:featuredmedia":[{"embeddable":true,"href":"https:\/\/www.oracaoefe.com\/es\/wp-json\/wp\/v2\/media\/3916"}],"wp:attachment":[{"href":"https:\/\/www.oracaoefe.com\/es\/wp-json\/wp\/v2\/media?parent=3915"}],"wp:term":[{"taxonomy":"category","embeddable":true,"href":"https:\/\/www.oracaoefe.com\/es\/wp-json\/wp\/v2\/categories?post=3915"},{"taxonomy":"post_tag","embeddable":true,"href":"https:\/\/www.oracaoefe.com\/es\/wp-json\/wp\/v2\/tags?post=3915"}],"curies":[{"name":"wp","href":"https:\/\/api.w.org\/{rel}","templated":true}]}}