{"id":3795,"date":"2025-09-21T15:21:51","date_gmt":"2025-09-21T18:21:51","guid":{"rendered":"https:\/\/www.oracaoefe.com\/?p=3795"},"modified":"2025-12-16T13:10:15","modified_gmt":"2025-12-16T16:10:15","slug":"como-la-fe-puede-cambiar-la-forma-en-que-enfrentas-los-problemas","status":"publish","type":"post","link":"https:\/\/www.oracaoefe.com\/es\/como-a-fe-pode-mudar-a-forma-de-encarar-problemas\/","title":{"rendered":"C\u00f3mo la fe puede cambiar la manera en que enfrentas los problemas"},"content":{"rendered":"<p>Todos enfrentamos momentos dif\u00edciles. Ya sea una crisis financiera, un problema de salud o conflictos familiares, la vida siempre presenta desaf\u00edos. Pero hay algo que puede transformar nuestra reacci\u00f3n ante estas situaciones: la fe. No elimina los problemas, pero cambia nuestra perspectiva, brind\u00e1ndonos fortaleza, esperanza y equilibrio emocional.<\/p>\n\n\n\n<h2 class=\"wp-block-heading\">La fe como ancla en tiempos de incertidumbre<\/h2>\n\n\n\n<p>Cuando la vida parece descontrolada, la fe act\u00faa como un ancla. Brinda estabilidad en medio de las tormentas, record\u00e1ndonos un prop\u00f3sito mayor. Quienes cultivan la espiritualidad tienden a afrontar las dificultades con mayor resiliencia porque creen que no est\u00e1n solos en su camino.<\/p>\n\n\n\n<p>Esta confianza no significa que los problemas dejen de existir, sino que dejen de verse como cargas insoportables. La fe ense\u00f1a que cada desaf\u00edo puede ser una oportunidad para aprender y crecer.<\/p>\n\n\n\n<h2 class=\"wp-block-heading\">El impacto de la fe en la salud emocional<\/h2>\n\n\n\n<p>Los estudios demuestran que la fe y la espiritualidad tienen efectos positivos en la salud mental. Orar, meditar o participar en actividades religiosas ayuda a reducir la ansiedad, fortalece la autoestima y proporciona un sentido de pertenencia. Cuando creemos que hay algo superior que gu\u00eda nuestros pasos, el miedo al futuro disminuye y la esperanza se renueva.<\/p>\n\n\n\n<p>Muchas personas encuentran alivio del profundo dolor emocional en la fe. Esta no solo ofrece consuelo, sino tambi\u00e9n valent\u00eda para afrontar situaciones aparentemente insuperables.<\/p>\n\n\n\n<h2 class=\"wp-block-heading\">Ejemplos pr\u00e1cticos de transformaci\u00f3n<\/h2>\n\n\n\n<ul class=\"wp-block-list\">\n<li>Una persona endeudada que, en lugar de desesperarse, encuentra fuerza en la fe para reorganizar su vida financiera.<\/li>\n\n\n\n<li>Alguien que enfrenta una enfermedad y, apoyado en la espiritualidad, mantiene la esperanza y transmite confianza a quienes le rodean.<\/li>\n\n\n\n<li>Familias que experimentan p\u00e9rdidas dolorosas pero encuentran apoyo espiritual como una forma de seguir adelante.<\/li>\n<\/ul>\n\n\n\n<p>Estos ejemplos muestran c\u00f3mo la fe act\u00faa como combustible interno, transformando el dolor en resistencia y el miedo en coraje.<\/p>\n\n\n\n<h2 class=\"wp-block-heading\">Fe y cambio de perspectiva<\/h2>\n\n\n\n<p>La fe tambi\u00e9n cambia nuestra interpretaci\u00f3n de los acontecimientos. Los problemas que antes se consideraban castigos ahora se ven como etapas temporales que pueden abrir puertas a nuevas oportunidades. Este cambio de mentalidad ayuda a mantener el equilibrio y la claridad incluso en los momentos m\u00e1s turbulentos.<\/p>\n\n\n\n<p>Adem\u00e1s, la fe fomenta la pr\u00e1ctica de la gratitud, record\u00e1ndonos que incluso en medio de las dificultades, a\u00fan hay bendiciones que reconocer. Este h\u00e1bito fortalece el coraz\u00f3n y la mente, desarrollando una mayor resiliencia.<\/p>\n\n\n\n<h2 class=\"wp-block-heading\">C\u00f3mo cultivar la fe en la vida cotidiana<\/h2>\n\n\n\n<p>No es necesario esperar a que ocurran grandes crisis para recurrir a la espiritualidad. Cultivar la fe a diario fortalece la mente y prepara el coraz\u00f3n para afrontar cualquier desaf\u00edo. Esto se puede lograr mediante:<\/p>\n\n\n\n<ul class=\"wp-block-list\">\n<li>Momentos de oraci\u00f3n o reflexi\u00f3n.<\/li>\n\n\n\n<li>Lectura de textos sagrados.<\/li>\n\n\n\n<li>Pr\u00e1cticas de meditaci\u00f3n o silencio.<\/li>\n\n\n\n<li>Participaci\u00f3n en comunidades religiosas.<\/li>\n<\/ul>\n\n\n\n<p>Estos peque\u00f1os h\u00e1bitos crean una base s\u00f3lida que te ayudar\u00e1 a afrontar los problemas con m\u00e1s serenidad.<\/p>\n\n\n\n<h2 class=\"wp-block-heading\">El poder de la fe<\/h2>\n\n\n\n<p>La fe tiene el poder de cambiar nuestra forma de afrontar los problemas. No borra las dificultades, pero nos brinda valent\u00eda, esperanza y equilibrio para afrontarlas. Cultivada a diario, transforma los desaf\u00edos en lecciones y nos da la fuerza para seguir adelante, incluso cuando todo parece perdido.<\/p>\n\n\n\n<p>Afrontar la vida con fe significa ver m\u00e1s all\u00e1 de las dificultades, creyendo que cada batalla puede abrir camino hacia una victoria mayor.<\/p>\n\n\n\n<p><strong>V\u00e9ase tambi\u00e9n: <a href=\"https:\/\/www.oracaoefe.com\/es\/pasajes-de-la-biblia-sobre-la-fe-para-leer-a-diario\/\">Pasajes b\u00edblicos sobre la fe para leer cada d\u00eda<\/a><\/strong><\/p>\n\n\n\n<p>Publicado el 21 de septiembre de 2025<\/p>","protected":false},"excerpt":{"rendered":"<p>Todos enfrentamos momentos dif\u00edceis. Seja uma crise financeira, um problema de sa\u00fade ou conflitos familiares, a vida sempre apresenta desafios. Mas existe algo capaz de transformar a forma como reagimos a essas situa\u00e7\u00f5es: a f\u00e9. Ela n\u00e3o elimina os problemas, mas muda a maneira como os enxergamos, trazendo for\u00e7a, esperan\u00e7a e equil\u00edbrio emocional. A f\u00e9&hellip;&nbsp;<\/p>","protected":false},"author":3,"featured_media":3796,"comment_status":"closed","ping_status":"closed","sticky":false,"template":"","format":"standard","meta":{"neve_meta_sidebar":"","neve_meta_container":"","neve_meta_enable_content_width":"","neve_meta_content_width":0,"neve_meta_title_alignment":"","neve_meta_author_avatar":"","neve_post_elements_order":"","neve_meta_disable_header":"","neve_meta_disable_footer":"","neve_meta_disable_title":"","footnotes":""},"categories":[3],"tags":[],"class_list":["post-3795","post","type-post","status-publish","format-standard","has-post-thumbnail","hentry","category-fe"],"yoast_head":"<!-- This site is optimized with the Yoast SEO plugin v27.5 - https:\/\/yoast.com\/product\/yoast-seo-wordpress\/ -->\n<title>Como a f\u00e9 pode mudar a forma de encarar problemas - Ora\u00e7\u00e3o e F\u00e9<\/title>\n<meta name=\"description\" content=\"Deus tem pra voc\u00ea uma palavra de vida!\" \/>\n<meta name=\"robots\" content=\"index, follow, max-snippet:-1, max-image-preview:large, max-video-preview:-1\" \/>\n<link rel=\"canonical\" href=\"https:\/\/www.oracaoefe.com\/es\/como-la-fe-puede-cambiar-la-forma-en-que-enfrentas-los-problemas\/\" \/>\n<meta property=\"og:locale\" content=\"es_ES\" \/>\n<meta property=\"og:type\" content=\"article\" \/>\n<meta property=\"og:title\" content=\"Como a f\u00e9 pode mudar a forma de encarar problemas - Ora\u00e7\u00e3o e F\u00e9\" \/>\n<meta property=\"og:description\" content=\"Deus tem pra voc\u00ea uma palavra de vida!\" \/>\n<meta property=\"og:url\" content=\"https:\/\/www.oracaoefe.com\/es\/como-la-fe-puede-cambiar-la-forma-en-que-enfrentas-los-problemas\/\" \/>\n<meta property=\"og:site_name\" content=\"Ora\u00e7\u00e3o e F\u00e9\" \/>\n<meta property=\"article:published_time\" content=\"2025-09-21T18:21:51+00:00\" \/>\n<meta property=\"article:modified_time\" content=\"2025-12-16T16:10:15+00:00\" \/>\n<meta property=\"og:image\" content=\"https:\/\/www.oracaoefe.com\/wp-content\/uploads\/2025\/09\/poder-da-fe.png\" \/>\n\t<meta property=\"og:image:width\" content=\"1536\" \/>\n\t<meta property=\"og:image:height\" content=\"1024\" \/>\n\t<meta property=\"og:image:type\" content=\"image\/png\" \/>\n<meta name=\"author\" content=\"Michele Azevedo\" \/>\n<meta name=\"twitter:card\" content=\"summary_large_image\" \/>\n<meta name=\"twitter:label1\" content=\"Escrito por\" \/>\n\t<meta name=\"twitter:data1\" content=\"Michele Azevedo\" \/>\n\t<meta name=\"twitter:label2\" content=\"Tiempo de lectura\" \/>\n\t<meta name=\"twitter:data2\" content=\"3 minutos\" \/>\n<script type=\"application\/ld+json\" class=\"yoast-schema-graph\">{\"@context\":\"https:\\\/\\\/schema.org\",\"@graph\":[{\"@type\":\"Article\",\"@id\":\"https:\\\/\\\/www.oracaoefe.com\\\/como-a-fe-pode-mudar-a-forma-de-encarar-problemas\\\/#article\",\"isPartOf\":{\"@id\":\"https:\\\/\\\/www.oracaoefe.com\\\/como-a-fe-pode-mudar-a-forma-de-encarar-problemas\\\/\"},\"author\":{\"name\":\"Michele Azevedo\",\"@id\":\"https:\\\/\\\/www.oracaoefe.com\\\/#\\\/schema\\\/person\\\/17283c669442cf005c4d5bb58adfb7f5\"},\"headline\":\"Como a f\u00e9 pode mudar a forma de encarar problemas\",\"datePublished\":\"2025-09-21T18:21:51+00:00\",\"dateModified\":\"2025-12-16T16:10:15+00:00\",\"mainEntityOfPage\":{\"@id\":\"https:\\\/\\\/www.oracaoefe.com\\\/como-a-fe-pode-mudar-a-forma-de-encarar-problemas\\\/\"},\"wordCount\":627,\"image\":{\"@id\":\"https:\\\/\\\/www.oracaoefe.com\\\/como-a-fe-pode-mudar-a-forma-de-encarar-problemas\\\/#primaryimage\"},\"thumbnailUrl\":\"https:\\\/\\\/www.oracaoefe.com\\\/wp-content\\\/uploads\\\/2025\\\/09\\\/poder-da-fe.png\",\"articleSection\":[\"F\u00e9\"],\"inLanguage\":\"es\"},{\"@type\":\"WebPage\",\"@id\":\"https:\\\/\\\/www.oracaoefe.com\\\/como-a-fe-pode-mudar-a-forma-de-encarar-problemas\\\/\",\"url\":\"https:\\\/\\\/www.oracaoefe.com\\\/como-a-fe-pode-mudar-a-forma-de-encarar-problemas\\\/\",\"name\":\"Como a f\u00e9 pode mudar a forma de encarar problemas - Ora\u00e7\u00e3o e F\u00e9\",\"isPartOf\":{\"@id\":\"https:\\\/\\\/www.oracaoefe.com\\\/#website\"},\"primaryImageOfPage\":{\"@id\":\"https:\\\/\\\/www.oracaoefe.com\\\/como-a-fe-pode-mudar-a-forma-de-encarar-problemas\\\/#primaryimage\"},\"image\":{\"@id\":\"https:\\\/\\\/www.oracaoefe.com\\\/como-a-fe-pode-mudar-a-forma-de-encarar-problemas\\\/#primaryimage\"},\"thumbnailUrl\":\"https:\\\/\\\/www.oracaoefe.com\\\/wp-content\\\/uploads\\\/2025\\\/09\\\/poder-da-fe.png\",\"datePublished\":\"2025-09-21T18:21:51+00:00\",\"dateModified\":\"2025-12-16T16:10:15+00:00\",\"author\":{\"@id\":\"https:\\\/\\\/www.oracaoefe.com\\\/#\\\/schema\\\/person\\\/17283c669442cf005c4d5bb58adfb7f5\"},\"description\":\"Deus tem pra voc\u00ea uma palavra de vida!\",\"breadcrumb\":{\"@id\":\"https:\\\/\\\/www.oracaoefe.com\\\/como-a-fe-pode-mudar-a-forma-de-encarar-problemas\\\/#breadcrumb\"},\"inLanguage\":\"es\",\"potentialAction\":[{\"@type\":\"ReadAction\",\"target\":[\"https:\\\/\\\/www.oracaoefe.com\\\/como-a-fe-pode-mudar-a-forma-de-encarar-problemas\\\/\"]}]},{\"@type\":\"ImageObject\",\"inLanguage\":\"es\",\"@id\":\"https:\\\/\\\/www.oracaoefe.com\\\/como-a-fe-pode-mudar-a-forma-de-encarar-problemas\\\/#primaryimage\",\"url\":\"https:\\\/\\\/www.oracaoefe.com\\\/wp-content\\\/uploads\\\/2025\\\/09\\\/poder-da-fe.png\",\"contentUrl\":\"https:\\\/\\\/www.oracaoefe.com\\\/wp-content\\\/uploads\\\/2025\\\/09\\\/poder-da-fe.png\",\"width\":1536,\"height\":1024},{\"@type\":\"BreadcrumbList\",\"@id\":\"https:\\\/\\\/www.oracaoefe.com\\\/como-a-fe-pode-mudar-a-forma-de-encarar-problemas\\\/#breadcrumb\",\"itemListElement\":[{\"@type\":\"ListItem\",\"position\":1,\"name\":\"Home\",\"item\":\"https:\\\/\\\/www.oracaoefe.com\\\/\"},{\"@type\":\"ListItem\",\"position\":2,\"name\":\"F\u00e9\",\"item\":\"https:\\\/\\\/www.oracaoefe.com\\\/es\\\/categoria\\\/fe\\\/\"},{\"@type\":\"ListItem\",\"position\":3,\"name\":\"Como a f\u00e9 pode mudar a forma de encarar problemas\"}]},{\"@type\":\"WebSite\",\"@id\":\"https:\\\/\\\/www.oracaoefe.com\\\/#website\",\"url\":\"https:\\\/\\\/www.oracaoefe.com\\\/\",\"name\":\"Ora\u00e7\u00e3o e F\u00e9\",\"description\":\"\",\"potentialAction\":[{\"@type\":\"SearchAction\",\"target\":{\"@type\":\"EntryPoint\",\"urlTemplate\":\"https:\\\/\\\/www.oracaoefe.com\\\/?s={search_term_string}\"},\"query-input\":{\"@type\":\"PropertyValueSpecification\",\"valueRequired\":true,\"valueName\":\"search_term_string\"}}],\"inLanguage\":\"es\"},{\"@type\":\"Person\",\"@id\":\"https:\\\/\\\/www.oracaoefe.com\\\/#\\\/schema\\\/person\\\/17283c669442cf005c4d5bb58adfb7f5\",\"name\":\"Michele Azevedo\",\"image\":{\"@type\":\"ImageObject\",\"inLanguage\":\"es\",\"@id\":\"https:\\\/\\\/secure.gravatar.com\\\/avatar\\\/6b0eb9d22841282815e2cd856a0061c45e1761cd54b22e952d98c4746939aa85?s=96&d=mm&r=g\",\"url\":\"https:\\\/\\\/secure.gravatar.com\\\/avatar\\\/6b0eb9d22841282815e2cd856a0061c45e1761cd54b22e952d98c4746939aa85?s=96&d=mm&r=g\",\"contentUrl\":\"https:\\\/\\\/secure.gravatar.com\\\/avatar\\\/6b0eb9d22841282815e2cd856a0061c45e1761cd54b22e952d98c4746939aa85?s=96&d=mm&r=g\",\"caption\":\"Michele Azevedo\"},\"description\":\"Formada em Letras - Portugu\u00eas\\\/ Ingl\u00eas pela UEPG, p\u00f3s-graduada em Arte na Educa\u00e7\u00e3o e Psicopedagogia Escolar, idealizadora do site Escritora de Sucesso, redatora e revisora dos conte\u00fados do Ora\u00e7\u00e3o e F\u00e9 com muita f\u00e9 e positividade.\",\"url\":\"https:\\\/\\\/www.oracaoefe.com\\\/es\\\/author\\\/michele-azevedo\\\/\"}]}<\/script>\n<!-- \/ Yoast SEO plugin. -->","yoast_head_json":{"title":"C\u00f3mo la fe puede cambiar la manera en que enfrentas los problemas - Oraci\u00f3n y fe","description":"\u00a1Dios tiene una palabra de vida para ti!","robots":{"index":"index","follow":"follow","max-snippet":"max-snippet:-1","max-image-preview":"max-image-preview:large","max-video-preview":"max-video-preview:-1"},"canonical":"https:\/\/www.oracaoefe.com\/es\/como-la-fe-puede-cambiar-la-forma-en-que-enfrentas-los-problemas\/","og_locale":"es_ES","og_type":"article","og_title":"Como a f\u00e9 pode mudar a forma de encarar problemas - Ora\u00e7\u00e3o e F\u00e9","og_description":"Deus tem pra voc\u00ea uma palavra de vida!","og_url":"https:\/\/www.oracaoefe.com\/es\/como-la-fe-puede-cambiar-la-forma-en-que-enfrentas-los-problemas\/","og_site_name":"Ora\u00e7\u00e3o e F\u00e9","article_published_time":"2025-09-21T18:21:51+00:00","article_modified_time":"2025-12-16T16:10:15+00:00","og_image":[{"width":1536,"height":1024,"url":"https:\/\/www.oracaoefe.com\/wp-content\/uploads\/2025\/09\/poder-da-fe.png","type":"image\/png"}],"author":"Michele Azevedo","twitter_card":"summary_large_image","twitter_misc":{"Escrito por":"Michele Azevedo","Tiempo de lectura":"3 minutos"},"schema":{"@context":"https:\/\/schema.org","@graph":[{"@type":"Article","@id":"https:\/\/www.oracaoefe.com\/como-a-fe-pode-mudar-a-forma-de-encarar-problemas\/#article","isPartOf":{"@id":"https:\/\/www.oracaoefe.com\/como-a-fe-pode-mudar-a-forma-de-encarar-problemas\/"},"author":{"name":"Michele Azevedo","@id":"https:\/\/www.oracaoefe.com\/#\/schema\/person\/17283c669442cf005c4d5bb58adfb7f5"},"headline":"Como a f\u00e9 pode mudar a forma de encarar problemas","datePublished":"2025-09-21T18:21:51+00:00","dateModified":"2025-12-16T16:10:15+00:00","mainEntityOfPage":{"@id":"https:\/\/www.oracaoefe.com\/como-a-fe-pode-mudar-a-forma-de-encarar-problemas\/"},"wordCount":627,"image":{"@id":"https:\/\/www.oracaoefe.com\/como-a-fe-pode-mudar-a-forma-de-encarar-problemas\/#primaryimage"},"thumbnailUrl":"https:\/\/www.oracaoefe.com\/wp-content\/uploads\/2025\/09\/poder-da-fe.png","articleSection":["F\u00e9"],"inLanguage":"es"},{"@type":"WebPage","@id":"https:\/\/www.oracaoefe.com\/como-a-fe-pode-mudar-a-forma-de-encarar-problemas\/","url":"https:\/\/www.oracaoefe.com\/como-a-fe-pode-mudar-a-forma-de-encarar-problemas\/","name":"C\u00f3mo la fe puede cambiar la manera en que enfrentas los problemas - Oraci\u00f3n y fe","isPartOf":{"@id":"https:\/\/www.oracaoefe.com\/#website"},"primaryImageOfPage":{"@id":"https:\/\/www.oracaoefe.com\/como-a-fe-pode-mudar-a-forma-de-encarar-problemas\/#primaryimage"},"image":{"@id":"https:\/\/www.oracaoefe.com\/como-a-fe-pode-mudar-a-forma-de-encarar-problemas\/#primaryimage"},"thumbnailUrl":"https:\/\/www.oracaoefe.com\/wp-content\/uploads\/2025\/09\/poder-da-fe.png","datePublished":"2025-09-21T18:21:51+00:00","dateModified":"2025-12-16T16:10:15+00:00","author":{"@id":"https:\/\/www.oracaoefe.com\/#\/schema\/person\/17283c669442cf005c4d5bb58adfb7f5"},"description":"\u00a1Dios tiene una palabra de vida para ti!","breadcrumb":{"@id":"https:\/\/www.oracaoefe.com\/como-a-fe-pode-mudar-a-forma-de-encarar-problemas\/#breadcrumb"},"inLanguage":"es","potentialAction":[{"@type":"ReadAction","target":["https:\/\/www.oracaoefe.com\/como-a-fe-pode-mudar-a-forma-de-encarar-problemas\/"]}]},{"@type":"ImageObject","inLanguage":"es","@id":"https:\/\/www.oracaoefe.com\/como-a-fe-pode-mudar-a-forma-de-encarar-problemas\/#primaryimage","url":"https:\/\/www.oracaoefe.com\/wp-content\/uploads\/2025\/09\/poder-da-fe.png","contentUrl":"https:\/\/www.oracaoefe.com\/wp-content\/uploads\/2025\/09\/poder-da-fe.png","width":1536,"height":1024},{"@type":"BreadcrumbList","@id":"https:\/\/www.oracaoefe.com\/como-a-fe-pode-mudar-a-forma-de-encarar-problemas\/#breadcrumb","itemListElement":[{"@type":"ListItem","position":1,"name":"Home","item":"https:\/\/www.oracaoefe.com\/"},{"@type":"ListItem","position":2,"name":"F\u00e9","item":"https:\/\/www.oracaoefe.com\/es\/categoria\/fe\/"},{"@type":"ListItem","position":3,"name":"Como a f\u00e9 pode mudar a forma de encarar problemas"}]},{"@type":"WebSite","@id":"https:\/\/www.oracaoefe.com\/#website","url":"https:\/\/www.oracaoefe.com\/","name":"Oraci\u00f3n y fe","description":"","potentialAction":[{"@type":"SearchAction","target":{"@type":"EntryPoint","urlTemplate":"https:\/\/www.oracaoefe.com\/?s={search_term_string}"},"query-input":{"@type":"PropertyValueSpecification","valueRequired":true,"valueName":"search_term_string"}}],"inLanguage":"es"},{"@type":"Person","@id":"https:\/\/www.oracaoefe.com\/#\/schema\/person\/17283c669442cf005c4d5bb58adfb7f5","name":"Michele Azevedo","image":{"@type":"ImageObject","inLanguage":"es","@id":"https:\/\/secure.gravatar.com\/avatar\/6b0eb9d22841282815e2cd856a0061c45e1761cd54b22e952d98c4746939aa85?s=96&d=mm&r=g","url":"https:\/\/secure.gravatar.com\/avatar\/6b0eb9d22841282815e2cd856a0061c45e1761cd54b22e952d98c4746939aa85?s=96&d=mm&r=g","contentUrl":"https:\/\/secure.gravatar.com\/avatar\/6b0eb9d22841282815e2cd856a0061c45e1761cd54b22e952d98c4746939aa85?s=96&d=mm&r=g","caption":"Michele Azevedo"},"description":"Licenciada en Literatura Portuguesa\/Ingl\u00e9s por la UEPG, con posgrados en Arte en la Educaci\u00f3n y Psicopedagog\u00eda Escolar, es la creadora del sitio web Escritora de Sucesso, y escritora y editora de contenido para Ora\u00e7\u00e3o e F\u00e9 (Oraci\u00f3n y Fe) con gran fe y positividad.","url":"https:\/\/www.oracaoefe.com\/es\/author\/michele-azevedo\/"}]}},"_links":{"self":[{"href":"https:\/\/www.oracaoefe.com\/es\/wp-json\/wp\/v2\/posts\/3795","targetHints":{"allow":["GET"]}}],"collection":[{"href":"https:\/\/www.oracaoefe.com\/es\/wp-json\/wp\/v2\/posts"}],"about":[{"href":"https:\/\/www.oracaoefe.com\/es\/wp-json\/wp\/v2\/types\/post"}],"author":[{"embeddable":true,"href":"https:\/\/www.oracaoefe.com\/es\/wp-json\/wp\/v2\/users\/3"}],"replies":[{"embeddable":true,"href":"https:\/\/www.oracaoefe.com\/es\/wp-json\/wp\/v2\/comments?post=3795"}],"version-history":[{"count":1,"href":"https:\/\/www.oracaoefe.com\/es\/wp-json\/wp\/v2\/posts\/3795\/revisions"}],"predecessor-version":[{"id":3797,"href":"https:\/\/www.oracaoefe.com\/es\/wp-json\/wp\/v2\/posts\/3795\/revisions\/3797"}],"wp:featuredmedia":[{"embeddable":true,"href":"https:\/\/www.oracaoefe.com\/es\/wp-json\/wp\/v2\/media\/3796"}],"wp:attachment":[{"href":"https:\/\/www.oracaoefe.com\/es\/wp-json\/wp\/v2\/media?parent=3795"}],"wp:term":[{"taxonomy":"category","embeddable":true,"href":"https:\/\/www.oracaoefe.com\/es\/wp-json\/wp\/v2\/categories?post=3795"},{"taxonomy":"post_tag","embeddable":true,"href":"https:\/\/www.oracaoefe.com\/es\/wp-json\/wp\/v2\/tags?post=3795"}],"curies":[{"name":"wp","href":"https:\/\/api.w.org\/{rel}","templated":true}]}}