{"id":3534,"date":"2025-04-30T06:00:00","date_gmt":"2025-04-30T09:00:00","guid":{"rendered":"https:\/\/www.oracaoefe.com\/?p=3534"},"modified":"2025-12-16T13:11:13","modified_gmt":"2025-12-16T16:11:13","slug":"esta-breve-oracion-puede-cambiar-tu-dia-pruebala-hoy-mismo","status":"publish","type":"post","link":"https:\/\/www.oracaoefe.com\/es\/essa-oracao-curta-pode-mudar-seu-dia-experimente-hoje\/","title":{"rendered":"Esta breve oraci\u00f3n puede cambiar tu d\u00eda: pru\u00e9bala hoy mismo"},"content":{"rendered":"<p>Algunos d\u00edas todo se siente pesado. La mente se acelera, el coraz\u00f3n est\u00e1 inquieto, las noticias son malas, las preocupaciones no dan tregua. Lo que apetece es parar el mundo y respirar. Y a veces, <strong>todo lo que necesitamos es un momento de silencio y conexi\u00f3n.<\/strong> Un momento para volverse hacia dentro. Hacia las alturas. Hacia algo m\u00e1s grande.<\/p>\n\n\n\n<p>Ah\u00ed es donde <strong>el poder de una breve oraci\u00f3n.<\/strong><br>Sencillo, directo, sin formalismos, pero lleno de verdad.<br>Esa frase que, por peque\u00f1a que sea, <strong>alinea el alma con la esperanza.<\/strong><br>Y puede cambiar por completo el tono de tu d\u00eda.<\/p>\n\n\n\n<p>Hoy vas a aprender sobre una de estas oraciones. Y si quieres, puedes empezar ahora mismo.<\/p>\n\n\n\n<figure class=\"wp-block-image size-large\"><img loading=\"lazy\" decoding=\"async\" width=\"1024\" height=\"683\" src=\"https:\/\/www.oracaoefe.com\/wp-content\/uploads\/2025\/04\/oracao-1024x683.webp\" alt=\"\" class=\"wp-image-3548\" srcset=\"https:\/\/www.oracaoefe.com\/wp-content\/uploads\/2025\/04\/oracao-1024x683.webp 1024w, https:\/\/www.oracaoefe.com\/wp-content\/uploads\/2025\/04\/oracao-300x200.webp 300w, https:\/\/www.oracaoefe.com\/wp-content\/uploads\/2025\/04\/oracao-768x512.webp 768w, https:\/\/www.oracaoefe.com\/wp-content\/uploads\/2025\/04\/oracao-18x12.webp 18w, https:\/\/www.oracaoefe.com\/wp-content\/uploads\/2025\/04\/oracao.webp 1536w\" sizes=\"auto, (max-width: 1024px) 100vw, 1024px\" \/><\/figure>\n\n\n\n<h2 class=\"wp-block-heading\">\u00bfPor qu\u00e9 funcionan las frases cortas?<\/h2>\n\n\n\n<p>Porque no dependen del tiempo, el lugar o un ritual elaborado.<br>Encajan en cualquier descanso:<br>En la cola del banco, en el autob\u00fas, antes de una reuni\u00f3n, al levantarse, antes de irse a dormir.<\/p>\n\n\n\n<p>Y m\u00e1s que eso: oraciones breves <strong>calmar la mente sin necesidad de explicaciones.<\/strong><br>Son como un ancla espiritual.<br>Un recordatorio de que, incluso en el caos, se puede encontrar la paz.<\/p>\n\n\n\n<h2 class=\"wp-block-heading\">La oraci\u00f3n que puede cambiar tu d\u00eda<\/h2>\n\n\n\n<p>Repite, con calma y sintiendo cada palabra:<\/p>\n\n\n\n<p><strong>\"Se\u00f1or, cuida de m\u00ed hoy. Cuida de lo que no puedo controlar. Calma lo que me agita. Da paz a lo que me duele. Am\u00e9n\".<\/strong><\/p>\n\n\n\n<p>Ya est\u00e1.<br>Pero detr\u00e1s de estas pocas palabras, hay <strong>un profundo movimiento de entrega.<\/strong><\/p>\n\n\n\n<p>Cuando dices <em>\"Se\u00f1or, cuida de m\u00ed hoy\"<\/em>reconoces que no tienes que cargar con todo t\u00fa solo.<\/p>\n\n\n\n<p>Cuando dice <em>\"ocuparme de lo que no puedo controlar\"<\/em>Te liberas de la carga de intentar predecir, resolver y dominar lo que est\u00e1 m\u00e1s all\u00e1 de tus fuerzas.<\/p>\n\n\n\n<p>Y cuando termina con <em>\"am\u00e9n\"<\/em>Sella ese momento con fe.<\/p>\n\n\n\n<h2 class=\"wp-block-heading\">\u00bfQu\u00e9 cambia cuando rezas as\u00ed?<\/h2>\n\n\n\n<p>C\u00e1mbiate.<br>Puede que el mundo que te rodea siga igual durante un tiempo.<br>Pero por dentro, <strong>algo se reposiciona.<\/strong><\/p>\n\n\n\n<ul class=\"wp-block-list\">\n<li>La ansiedad disminuye<\/li>\n\n\n\n<li>La mente se vuelve menos ruidosa<\/li>\n\n\n\n<li>El coraz\u00f3n encuentra espacio para respirar<\/li>\n\n\n\n<li>La esperanza se reorganiza<\/li>\n\n\n\n<li>La presencia de Dios se hace sentir<\/li>\n<\/ul>\n\n\n\n<p>Y poco a poco, lo que parec\u00eda imposible empieza a parecer soportable.<br>Lo que parec\u00eda confuso empieza a aclararse.<br>Lo que tanto dol\u00eda empez\u00f3 a aliviarse.<\/p>\n\n\n\n<h2 class=\"wp-block-heading\">Una oraci\u00f3n corta no es una oraci\u00f3n d\u00e9bil<\/h2>\n\n\n\n<p>Muchas personas piensan que necesitan palabras hermosas o largas oraciones para ser escuchadas por Dios. Pero <strong>Dios escucha el coraz\u00f3n, no la longitud de la frase.<\/strong><\/p>\n\n\n\n<p>Jes\u00fas mismo ense\u00f1\u00f3 que no es el n\u00famero de palabras lo que hace que una oraci\u00f3n sea escuchada, sino <strong>por la sinceridad con la que est\u00e1 hecha.<\/strong><\/p>\n\n\n\n<p>Y algunas de las oraciones m\u00e1s poderosas son <strong>casi susurra.<\/strong><\/p>\n\n\n\n<ul class=\"wp-block-list\">\n<li>\"Se\u00f1or, ten piedad\".<\/li>\n\n\n\n<li>\"Me da fuerzas\".<\/li>\n\n\n\n<li>\"Gu\u00edame, por favor\".<\/li>\n\n\n\n<li>\"Conf\u00edo\".<\/li>\n\n\n\n<li>\"H\u00e1blame, Dios.\"<\/li>\n<\/ul>\n\n\n\n<p>Son frases peque\u00f1as que caben en un pensamiento r\u00e1pido. Pero <strong>abrir una conversaci\u00f3n con el cielo.<\/strong><\/p>\n\n\n\n<h2 class=\"wp-block-heading\">\u00bfCu\u00e1ndo utilizar esta breve oraci\u00f3n?<\/h2>\n\n\n\n<p>Cuando sientas que el d\u00eda es pesado.<br>Cuando no sabes qu\u00e9 decir.<br>Cuando la mente est\u00e1 confusa.<br>Cuando s\u00f3lo quieres sentirte c\u00f3modo.<br>Cuando necesites que te recuerden que no est\u00e1s solo.<\/p>\n\n\n\n<p>Puede ser <strong>el comienzo de una nueva forma de relacionarse con Dios:<\/strong> \u00edntimo, espont\u00e1neo, real.<\/p>\n\n\n\n<p>No tienes que arrodillarte, encender una vela o ir a un templo (a menos que quieras).<br><strong>Cierra los ojos un momento.<\/strong><br>O no. S\u00f3lo dilo con el coraz\u00f3n presente.<\/p>\n\n\n\n<h2 class=\"wp-block-heading\">Ad\u00e1ptalo a tu forma de hablar<\/h2>\n\n\n\n<p>Puede utilizar la oraci\u00f3n tal cual o adaptarla con sus propias palabras.<\/p>\n\n\n\n<p>Por ejemplo:<\/p>\n\n\n\n<ul class=\"wp-block-list\">\n<li>\"Dios, cuida de m\u00ed hoy. Calma mi coraz\u00f3n y ay\u00fadame con lo que no puedo resolver\".<\/li>\n\n\n\n<li>\"Se\u00f1or, dame ligereza este d\u00eda. Qu\u00e9date conmigo\".<\/li>\n\n\n\n<li>\"No s\u00e9 qu\u00e9 hacer, pero lo conf\u00edo todo en tus manos. Am\u00e9n\".<\/li>\n<\/ul>\n\n\n\n<p>La oraci\u00f3n no tiene por qu\u00e9 ser perfecta.<br>Tiene que ser <strong>honesto.<\/strong><\/p>\n\n\n\n<p><strong>V\u00e9ase tambi\u00e9n: <a href=\"https:\/\/www.oracaoefe.com\/es\/oracion-para-asentar-corazon-angustiado-y-traer-la-paz\/\">Oraci\u00f3n para calmar el coraz\u00f3n angustiado y traer la paz<\/a><\/strong><\/p>\n\n\n\n<p>30 de abril de 2025<\/p>","protected":false},"excerpt":{"rendered":"<p>Tem dias em que tudo parece pesado. A mente acelerada, o cora\u00e7\u00e3o inquieto, as not\u00edcias ruins, as preocupa\u00e7\u00f5es que n\u00e3o d\u00e3o tr\u00e9gua. A vontade \u00e9 de parar o mundo e respirar. E, \u00e0s vezes, tudo o que a gente precisa \u00e9 de um instante de sil\u00eancio e conex\u00e3o. Um momento para se voltar para dentro.&hellip;&nbsp;<\/p>","protected":false},"author":3,"featured_media":3548,"comment_status":"closed","ping_status":"closed","sticky":false,"template":"","format":"standard","meta":{"neve_meta_sidebar":"","neve_meta_container":"","neve_meta_enable_content_width":"","neve_meta_content_width":0,"neve_meta_title_alignment":"","neve_meta_author_avatar":"","neve_post_elements_order":"","neve_meta_disable_header":"","neve_meta_disable_footer":"","neve_meta_disable_title":"","footnotes":""},"categories":[2],"tags":[],"class_list":["post-3534","post","type-post","status-publish","format-standard","has-post-thumbnail","hentry","category-oracao"],"yoast_head":"<!-- This site is optimized with the Yoast SEO plugin v27.5 - https:\/\/yoast.com\/product\/yoast-seo-wordpress\/ -->\n<title>Essa ora\u00e7\u00e3o curta pode mudar seu dia: experimente hoje - Ora\u00e7\u00e3o e F\u00e9<\/title>\n<meta name=\"description\" content=\"Deus tem pra voc\u00ea uma palavra de vida!\" \/>\n<meta name=\"robots\" content=\"index, follow, max-snippet:-1, max-image-preview:large, max-video-preview:-1\" \/>\n<link rel=\"canonical\" href=\"https:\/\/www.oracaoefe.com\/es\/esta-breve-oracion-puede-cambiar-tu-dia-pruebala-hoy-mismo\/\" \/>\n<meta property=\"og:locale\" content=\"es_ES\" \/>\n<meta property=\"og:type\" content=\"article\" \/>\n<meta property=\"og:title\" content=\"Essa ora\u00e7\u00e3o curta pode mudar seu dia: experimente hoje - Ora\u00e7\u00e3o e F\u00e9\" \/>\n<meta property=\"og:description\" content=\"Deus tem pra voc\u00ea uma palavra de vida!\" \/>\n<meta property=\"og:url\" content=\"https:\/\/www.oracaoefe.com\/es\/esta-breve-oracion-puede-cambiar-tu-dia-pruebala-hoy-mismo\/\" \/>\n<meta property=\"og:site_name\" content=\"Ora\u00e7\u00e3o e F\u00e9\" \/>\n<meta property=\"article:published_time\" content=\"2025-04-30T09:00:00+00:00\" \/>\n<meta property=\"article:modified_time\" content=\"2025-12-16T16:11:13+00:00\" \/>\n<meta property=\"og:image\" content=\"https:\/\/www.oracaoefe.com\/wp-content\/uploads\/2025\/04\/oracao.webp\" \/>\n\t<meta property=\"og:image:width\" content=\"1536\" \/>\n\t<meta property=\"og:image:height\" content=\"1024\" \/>\n\t<meta property=\"og:image:type\" content=\"image\/webp\" \/>\n<meta name=\"author\" content=\"Michele Azevedo\" \/>\n<meta name=\"twitter:card\" content=\"summary_large_image\" \/>\n<meta name=\"twitter:label1\" content=\"Escrito por\" \/>\n\t<meta name=\"twitter:data1\" content=\"Michele Azevedo\" \/>\n\t<meta name=\"twitter:label2\" content=\"Tiempo de lectura\" \/>\n\t<meta name=\"twitter:data2\" content=\"3 minutos\" \/>\n<script type=\"application\/ld+json\" class=\"yoast-schema-graph\">{\"@context\":\"https:\\\/\\\/schema.org\",\"@graph\":[{\"@type\":\"Article\",\"@id\":\"https:\\\/\\\/www.oracaoefe.com\\\/essa-oracao-curta-pode-mudar-seu-dia-experimente-hoje\\\/#article\",\"isPartOf\":{\"@id\":\"https:\\\/\\\/www.oracaoefe.com\\\/essa-oracao-curta-pode-mudar-seu-dia-experimente-hoje\\\/\"},\"author\":{\"name\":\"Michele Azevedo\",\"@id\":\"https:\\\/\\\/www.oracaoefe.com\\\/#\\\/schema\\\/person\\\/17283c669442cf005c4d5bb58adfb7f5\"},\"headline\":\"Essa ora\u00e7\u00e3o curta pode mudar seu dia: experimente hoje\",\"datePublished\":\"2025-04-30T09:00:00+00:00\",\"dateModified\":\"2025-12-16T16:11:13+00:00\",\"mainEntityOfPage\":{\"@id\":\"https:\\\/\\\/www.oracaoefe.com\\\/essa-oracao-curta-pode-mudar-seu-dia-experimente-hoje\\\/\"},\"wordCount\":704,\"image\":{\"@id\":\"https:\\\/\\\/www.oracaoefe.com\\\/essa-oracao-curta-pode-mudar-seu-dia-experimente-hoje\\\/#primaryimage\"},\"thumbnailUrl\":\"https:\\\/\\\/www.oracaoefe.com\\\/wp-content\\\/uploads\\\/2025\\\/04\\\/oracao.webp\",\"articleSection\":[\"Ora\u00e7\u00e3o\"],\"inLanguage\":\"es\"},{\"@type\":\"WebPage\",\"@id\":\"https:\\\/\\\/www.oracaoefe.com\\\/essa-oracao-curta-pode-mudar-seu-dia-experimente-hoje\\\/\",\"url\":\"https:\\\/\\\/www.oracaoefe.com\\\/essa-oracao-curta-pode-mudar-seu-dia-experimente-hoje\\\/\",\"name\":\"Essa ora\u00e7\u00e3o curta pode mudar seu dia: experimente hoje - Ora\u00e7\u00e3o e F\u00e9\",\"isPartOf\":{\"@id\":\"https:\\\/\\\/www.oracaoefe.com\\\/#website\"},\"primaryImageOfPage\":{\"@id\":\"https:\\\/\\\/www.oracaoefe.com\\\/essa-oracao-curta-pode-mudar-seu-dia-experimente-hoje\\\/#primaryimage\"},\"image\":{\"@id\":\"https:\\\/\\\/www.oracaoefe.com\\\/essa-oracao-curta-pode-mudar-seu-dia-experimente-hoje\\\/#primaryimage\"},\"thumbnailUrl\":\"https:\\\/\\\/www.oracaoefe.com\\\/wp-content\\\/uploads\\\/2025\\\/04\\\/oracao.webp\",\"datePublished\":\"2025-04-30T09:00:00+00:00\",\"dateModified\":\"2025-12-16T16:11:13+00:00\",\"author\":{\"@id\":\"https:\\\/\\\/www.oracaoefe.com\\\/#\\\/schema\\\/person\\\/17283c669442cf005c4d5bb58adfb7f5\"},\"description\":\"Deus tem pra voc\u00ea uma palavra de vida!\",\"breadcrumb\":{\"@id\":\"https:\\\/\\\/www.oracaoefe.com\\\/essa-oracao-curta-pode-mudar-seu-dia-experimente-hoje\\\/#breadcrumb\"},\"inLanguage\":\"es\",\"potentialAction\":[{\"@type\":\"ReadAction\",\"target\":[\"https:\\\/\\\/www.oracaoefe.com\\\/essa-oracao-curta-pode-mudar-seu-dia-experimente-hoje\\\/\"]}]},{\"@type\":\"ImageObject\",\"inLanguage\":\"es\",\"@id\":\"https:\\\/\\\/www.oracaoefe.com\\\/essa-oracao-curta-pode-mudar-seu-dia-experimente-hoje\\\/#primaryimage\",\"url\":\"https:\\\/\\\/www.oracaoefe.com\\\/wp-content\\\/uploads\\\/2025\\\/04\\\/oracao.webp\",\"contentUrl\":\"https:\\\/\\\/www.oracaoefe.com\\\/wp-content\\\/uploads\\\/2025\\\/04\\\/oracao.webp\",\"width\":1536,\"height\":1024},{\"@type\":\"BreadcrumbList\",\"@id\":\"https:\\\/\\\/www.oracaoefe.com\\\/essa-oracao-curta-pode-mudar-seu-dia-experimente-hoje\\\/#breadcrumb\",\"itemListElement\":[{\"@type\":\"ListItem\",\"position\":1,\"name\":\"Home\",\"item\":\"https:\\\/\\\/www.oracaoefe.com\\\/\"},{\"@type\":\"ListItem\",\"position\":2,\"name\":\"Ora\u00e7\u00e3o\",\"item\":\"https:\\\/\\\/www.oracaoefe.com\\\/category\\\/oracao\\\/\"},{\"@type\":\"ListItem\",\"position\":3,\"name\":\"Essa ora\u00e7\u00e3o curta pode mudar seu dia: experimente hoje\"}]},{\"@type\":\"WebSite\",\"@id\":\"https:\\\/\\\/www.oracaoefe.com\\\/#website\",\"url\":\"https:\\\/\\\/www.oracaoefe.com\\\/\",\"name\":\"Ora\u00e7\u00e3o e F\u00e9\",\"description\":\"\",\"potentialAction\":[{\"@type\":\"SearchAction\",\"target\":{\"@type\":\"EntryPoint\",\"urlTemplate\":\"https:\\\/\\\/www.oracaoefe.com\\\/?s={search_term_string}\"},\"query-input\":{\"@type\":\"PropertyValueSpecification\",\"valueRequired\":true,\"valueName\":\"search_term_string\"}}],\"inLanguage\":\"es\"},{\"@type\":\"Person\",\"@id\":\"https:\\\/\\\/www.oracaoefe.com\\\/#\\\/schema\\\/person\\\/17283c669442cf005c4d5bb58adfb7f5\",\"name\":\"Michele Azevedo\",\"image\":{\"@type\":\"ImageObject\",\"inLanguage\":\"es\",\"@id\":\"https:\\\/\\\/secure.gravatar.com\\\/avatar\\\/6b0eb9d22841282815e2cd856a0061c45e1761cd54b22e952d98c4746939aa85?s=96&d=mm&r=g\",\"url\":\"https:\\\/\\\/secure.gravatar.com\\\/avatar\\\/6b0eb9d22841282815e2cd856a0061c45e1761cd54b22e952d98c4746939aa85?s=96&d=mm&r=g\",\"contentUrl\":\"https:\\\/\\\/secure.gravatar.com\\\/avatar\\\/6b0eb9d22841282815e2cd856a0061c45e1761cd54b22e952d98c4746939aa85?s=96&d=mm&r=g\",\"caption\":\"Michele Azevedo\"},\"description\":\"Formada em Letras - Portugu\u00eas\\\/ Ingl\u00eas pela UEPG, p\u00f3s-graduada em Arte na Educa\u00e7\u00e3o e Psicopedagogia Escolar, idealizadora do site Escritora de Sucesso, redatora e revisora dos conte\u00fados do Ora\u00e7\u00e3o e F\u00e9 com muita f\u00e9 e positividade.\",\"url\":\"https:\\\/\\\/www.oracaoefe.com\\\/es\\\/author\\\/michele-azevedo\\\/\"}]}<\/script>\n<!-- \/ Yoast SEO plugin. -->","yoast_head_json":{"title":"Esta breve oraci\u00f3n puede cambiar tu d\u00eda: pru\u00e9bala hoy - Oraci\u00f3n y Fe","description":"\u00a1Dios tiene una palabra de vida para ti!","robots":{"index":"index","follow":"follow","max-snippet":"max-snippet:-1","max-image-preview":"max-image-preview:large","max-video-preview":"max-video-preview:-1"},"canonical":"https:\/\/www.oracaoefe.com\/es\/esta-breve-oracion-puede-cambiar-tu-dia-pruebala-hoy-mismo\/","og_locale":"es_ES","og_type":"article","og_title":"Essa ora\u00e7\u00e3o curta pode mudar seu dia: experimente hoje - Ora\u00e7\u00e3o e F\u00e9","og_description":"Deus tem pra voc\u00ea uma palavra de vida!","og_url":"https:\/\/www.oracaoefe.com\/es\/esta-breve-oracion-puede-cambiar-tu-dia-pruebala-hoy-mismo\/","og_site_name":"Ora\u00e7\u00e3o e F\u00e9","article_published_time":"2025-04-30T09:00:00+00:00","article_modified_time":"2025-12-16T16:11:13+00:00","og_image":[{"width":1536,"height":1024,"url":"https:\/\/www.oracaoefe.com\/wp-content\/uploads\/2025\/04\/oracao.webp","type":"image\/webp"}],"author":"Michele Azevedo","twitter_card":"summary_large_image","twitter_misc":{"Escrito por":"Michele Azevedo","Tiempo de lectura":"3 minutos"},"schema":{"@context":"https:\/\/schema.org","@graph":[{"@type":"Article","@id":"https:\/\/www.oracaoefe.com\/essa-oracao-curta-pode-mudar-seu-dia-experimente-hoje\/#article","isPartOf":{"@id":"https:\/\/www.oracaoefe.com\/essa-oracao-curta-pode-mudar-seu-dia-experimente-hoje\/"},"author":{"name":"Michele Azevedo","@id":"https:\/\/www.oracaoefe.com\/#\/schema\/person\/17283c669442cf005c4d5bb58adfb7f5"},"headline":"Essa ora\u00e7\u00e3o curta pode mudar seu dia: experimente hoje","datePublished":"2025-04-30T09:00:00+00:00","dateModified":"2025-12-16T16:11:13+00:00","mainEntityOfPage":{"@id":"https:\/\/www.oracaoefe.com\/essa-oracao-curta-pode-mudar-seu-dia-experimente-hoje\/"},"wordCount":704,"image":{"@id":"https:\/\/www.oracaoefe.com\/essa-oracao-curta-pode-mudar-seu-dia-experimente-hoje\/#primaryimage"},"thumbnailUrl":"https:\/\/www.oracaoefe.com\/wp-content\/uploads\/2025\/04\/oracao.webp","articleSection":["Ora\u00e7\u00e3o"],"inLanguage":"es"},{"@type":"WebPage","@id":"https:\/\/www.oracaoefe.com\/essa-oracao-curta-pode-mudar-seu-dia-experimente-hoje\/","url":"https:\/\/www.oracaoefe.com\/essa-oracao-curta-pode-mudar-seu-dia-experimente-hoje\/","name":"Esta breve oraci\u00f3n puede cambiar tu d\u00eda: pru\u00e9bala hoy - Oraci\u00f3n y Fe","isPartOf":{"@id":"https:\/\/www.oracaoefe.com\/#website"},"primaryImageOfPage":{"@id":"https:\/\/www.oracaoefe.com\/essa-oracao-curta-pode-mudar-seu-dia-experimente-hoje\/#primaryimage"},"image":{"@id":"https:\/\/www.oracaoefe.com\/essa-oracao-curta-pode-mudar-seu-dia-experimente-hoje\/#primaryimage"},"thumbnailUrl":"https:\/\/www.oracaoefe.com\/wp-content\/uploads\/2025\/04\/oracao.webp","datePublished":"2025-04-30T09:00:00+00:00","dateModified":"2025-12-16T16:11:13+00:00","author":{"@id":"https:\/\/www.oracaoefe.com\/#\/schema\/person\/17283c669442cf005c4d5bb58adfb7f5"},"description":"\u00a1Dios tiene una palabra de vida para ti!","breadcrumb":{"@id":"https:\/\/www.oracaoefe.com\/essa-oracao-curta-pode-mudar-seu-dia-experimente-hoje\/#breadcrumb"},"inLanguage":"es","potentialAction":[{"@type":"ReadAction","target":["https:\/\/www.oracaoefe.com\/essa-oracao-curta-pode-mudar-seu-dia-experimente-hoje\/"]}]},{"@type":"ImageObject","inLanguage":"es","@id":"https:\/\/www.oracaoefe.com\/essa-oracao-curta-pode-mudar-seu-dia-experimente-hoje\/#primaryimage","url":"https:\/\/www.oracaoefe.com\/wp-content\/uploads\/2025\/04\/oracao.webp","contentUrl":"https:\/\/www.oracaoefe.com\/wp-content\/uploads\/2025\/04\/oracao.webp","width":1536,"height":1024},{"@type":"BreadcrumbList","@id":"https:\/\/www.oracaoefe.com\/essa-oracao-curta-pode-mudar-seu-dia-experimente-hoje\/#breadcrumb","itemListElement":[{"@type":"ListItem","position":1,"name":"Home","item":"https:\/\/www.oracaoefe.com\/"},{"@type":"ListItem","position":2,"name":"Ora\u00e7\u00e3o","item":"https:\/\/www.oracaoefe.com\/category\/oracao\/"},{"@type":"ListItem","position":3,"name":"Essa ora\u00e7\u00e3o curta pode mudar seu dia: experimente hoje"}]},{"@type":"WebSite","@id":"https:\/\/www.oracaoefe.com\/#website","url":"https:\/\/www.oracaoefe.com\/","name":"Oraci\u00f3n y fe","description":"","potentialAction":[{"@type":"SearchAction","target":{"@type":"EntryPoint","urlTemplate":"https:\/\/www.oracaoefe.com\/?s={search_term_string}"},"query-input":{"@type":"PropertyValueSpecification","valueRequired":true,"valueName":"search_term_string"}}],"inLanguage":"es"},{"@type":"Person","@id":"https:\/\/www.oracaoefe.com\/#\/schema\/person\/17283c669442cf005c4d5bb58adfb7f5","name":"Michele Azevedo","image":{"@type":"ImageObject","inLanguage":"es","@id":"https:\/\/secure.gravatar.com\/avatar\/6b0eb9d22841282815e2cd856a0061c45e1761cd54b22e952d98c4746939aa85?s=96&d=mm&r=g","url":"https:\/\/secure.gravatar.com\/avatar\/6b0eb9d22841282815e2cd856a0061c45e1761cd54b22e952d98c4746939aa85?s=96&d=mm&r=g","contentUrl":"https:\/\/secure.gravatar.com\/avatar\/6b0eb9d22841282815e2cd856a0061c45e1761cd54b22e952d98c4746939aa85?s=96&d=mm&r=g","caption":"Michele Azevedo"},"description":"Licenciada en Literatura Portuguesa\/Ingl\u00e9s por la UEPG, con posgrados en Arte en la Educaci\u00f3n y Psicopedagog\u00eda Escolar, es la creadora del sitio web Escritora de Sucesso, y escritora y editora de contenido para Ora\u00e7\u00e3o e F\u00e9 (Oraci\u00f3n y Fe) con gran fe y positividad.","url":"https:\/\/www.oracaoefe.com\/es\/author\/michele-azevedo\/"}]}},"_links":{"self":[{"href":"https:\/\/www.oracaoefe.com\/es\/wp-json\/wp\/v2\/posts\/3534","targetHints":{"allow":["GET"]}}],"collection":[{"href":"https:\/\/www.oracaoefe.com\/es\/wp-json\/wp\/v2\/posts"}],"about":[{"href":"https:\/\/www.oracaoefe.com\/es\/wp-json\/wp\/v2\/types\/post"}],"author":[{"embeddable":true,"href":"https:\/\/www.oracaoefe.com\/es\/wp-json\/wp\/v2\/users\/3"}],"replies":[{"embeddable":true,"href":"https:\/\/www.oracaoefe.com\/es\/wp-json\/wp\/v2\/comments?post=3534"}],"version-history":[{"count":2,"href":"https:\/\/www.oracaoefe.com\/es\/wp-json\/wp\/v2\/posts\/3534\/revisions"}],"predecessor-version":[{"id":3553,"href":"https:\/\/www.oracaoefe.com\/es\/wp-json\/wp\/v2\/posts\/3534\/revisions\/3553"}],"wp:featuredmedia":[{"embeddable":true,"href":"https:\/\/www.oracaoefe.com\/es\/wp-json\/wp\/v2\/media\/3548"}],"wp:attachment":[{"href":"https:\/\/www.oracaoefe.com\/es\/wp-json\/wp\/v2\/media?parent=3534"}],"wp:term":[{"taxonomy":"category","embeddable":true,"href":"https:\/\/www.oracaoefe.com\/es\/wp-json\/wp\/v2\/categories?post=3534"},{"taxonomy":"post_tag","embeddable":true,"href":"https:\/\/www.oracaoefe.com\/es\/wp-json\/wp\/v2\/tags?post=3534"}],"curies":[{"name":"wp","href":"https:\/\/api.w.org\/{rel}","templated":true}]}}