{"id":3530,"date":"2025-04-24T06:00:00","date_gmt":"2025-04-24T09:00:00","guid":{"rendered":"https:\/\/www.oracaoefe.com\/?p=3530"},"modified":"2025-12-16T13:11:14","modified_gmt":"2025-12-16T16:11:14","slug":"cuando-todo-parece-perdido-es-cuando-entra-en-juego-la-fe","status":"publish","type":"post","link":"https:\/\/www.oracaoefe.com\/es\/quando-tudo-parece-perdido-e-ai-que-a-fe-comeca-a-agir\/","title":{"rendered":"Cuando todo parece perdido, es cuando entra en acci\u00f3n la fe"},"content":{"rendered":"<p>Algunos d\u00edas parecen demasiado oscuros. El suelo desaparece, la esperanza se esconde, y todo lo que sentimos es un silencio \u00e1spero, casi asfixiante. La vida se convierte en una carga, y las preguntas surgen en el silencio: <em>\"\u00bfPuedo soportarlo?\"<\/em> o <em>\"\u00bfPor qu\u00e9 me pasa esto a m\u00ed?\"<\/em><\/p>\n\n\n\n<p>Es precisamente en esos momentos -cuando todo parece perdido- cuando <strong>la fe comienza a actuar.<\/strong><\/p>\n\n\n\n<p>No como magia instant\u00e1nea, sino como una semilla silenciosa que brota en medio del desierto. La fe no grita. Susurra. Te lleva de la mano por dentro, aunque no lo sientas. Y si est\u00e1s pasando por algo as\u00ed ahora mismo, que sepas que este dolor <strong>no es el final de tu historia.<\/strong><\/p>\n\n\n\n<figure class=\"wp-block-image size-large\"><img loading=\"lazy\" decoding=\"async\" width=\"1024\" height=\"683\" src=\"https:\/\/www.oracaoefe.com\/wp-content\/uploads\/2025\/04\/quando_tudo_parece_perdido_fe_paisagem-1024x683.webp\" alt=\"\" class=\"wp-image-3546\" srcset=\"https:\/\/www.oracaoefe.com\/wp-content\/uploads\/2025\/04\/quando_tudo_parece_perdido_fe_paisagem-1024x683.webp 1024w, https:\/\/www.oracaoefe.com\/wp-content\/uploads\/2025\/04\/quando_tudo_parece_perdido_fe_paisagem-300x200.webp 300w, https:\/\/www.oracaoefe.com\/wp-content\/uploads\/2025\/04\/quando_tudo_parece_perdido_fe_paisagem-768x512.webp 768w, https:\/\/www.oracaoefe.com\/wp-content\/uploads\/2025\/04\/quando_tudo_parece_perdido_fe_paisagem-18x12.webp 18w, https:\/\/www.oracaoefe.com\/wp-content\/uploads\/2025\/04\/quando_tudo_parece_perdido_fe_paisagem.webp 1536w\" sizes=\"auto, (max-width: 1024px) 100vw, 1024px\" \/><\/figure>\n\n\n\n<h2 class=\"wp-block-heading\">La fe no evita el sufrimiento, pero transforma nuestra perspectiva<\/h2>\n\n\n\n<p>Creer no es vivir en un cuento de hadas. La fe no es garant\u00eda de una vida sin p\u00e9rdidas, ca\u00eddas ni noches en vela. La fe es continuar incluso cuando tienes miedo. Es mirar el caos que te rodea y decir, con el coraz\u00f3n apretado: <em>\"Ya pasar\u00e1\".<\/em><\/p>\n\n\n\n<p>La fe es lo que te sostiene cuando falla la l\u00f3gica. Cuando el m\u00e9dico dice que no hay esperanza. Cuando se acaba el dinero. Cuando el coraz\u00f3n se rompe. Cuando la puerta se cierra. Es exactamente cuando <strong>la fe se levanta y comienza a actuar.<\/strong><\/p>\n\n\n\n<h2 class=\"wp-block-heading\">\u00bfPor qu\u00e9 la fe suele aparecer cuando todo se desmorona?<\/h2>\n\n\n\n<p>Porque ah\u00ed es donde <strong>deja de intentar controlarlo todo.<\/strong><br>Es entonces cuando nos damos cuenta de que nuestra fuerza humana tiene l\u00edmites. Y por mucho que planifiquemos, insistamos o luchemos, hay momentos en que todo se nos va de las manos.<\/p>\n\n\n\n<p>Y ah\u00ed es donde entra en juego la fe.<br>Porque la fe <strong>sin necesidad de garant\u00edas<\/strong>.<br>La fe nace cuando todo lo que era seguro se vuelve incierto.<br>La fe crece en la oscuridad.<\/p>\n\n\n\n<h2 class=\"wp-block-heading\">Historias que lo demuestran<\/h2>\n\n\n\n<p>\u00bfCu\u00e1ntas personas conoces que s\u00f3lo han descubierto el poder de la fe <strong>despu\u00e9s de una p\u00e9rdida<\/strong>?<br>\u00bfCu\u00e1ntos nuevos comienzos han nacido tras tocar fondo?<br>\u00bfCu\u00e1ntos peque\u00f1os -y a veces invisibles- milagros han aparecido en medio de momentos en los que todo parec\u00eda perdido?<\/p>\n\n\n\n<p>La madre que pens\u00f3 que no podr\u00eda soportar la p\u00e9rdida de su hijo - y hoy da la bienvenida a otras madres.<br>El hombre que lo perdi\u00f3 todo y hoy ha reconstruido no s\u00f3lo su carrera, sino el sentido de su vida.<br>La mujer que se enfrent\u00f3 al c\u00e1ncer con una serenidad que no proven\u00eda de ella, sino de una fuerza mayor.<\/p>\n\n\n\n<p>Nada de esto fue sin dolor.<br>Pero todo floreci\u00f3 <strong>por la fe que naci\u00f3 en el dolor.<\/strong><\/p>\n\n\n\n<h2 class=\"wp-block-heading\">La fe que viene de lo invisible<\/h2>\n\n\n\n<p>La fe no es ver con los ojos. \u00c9 <strong>siente con el alma.<\/strong><br>Es creer que pasa algo entre bastidores, aunque todo diga lo contrario.<\/p>\n\n\n\n<p>Es rezar y no obtener respuestas, pero seguir rezando.<br>Es dar las gracias sin comprender.<br>Es seguir adelante con l\u00e1grimas en los ojos y seguir diciendo: <em>\"Creo\".<\/em><\/p>\n\n\n\n<p>Esta fe es \u00edntima, silenciosa y a menudo solitaria. Pero es real. E <strong>potente.<\/strong><\/p>\n\n\n\n<h2 class=\"wp-block-heading\">Cuando todo parece perdido... respira<\/h2>\n\n\n\n<p>Si est\u00e1s viviendo un momento as\u00ed ahora mismo, aqu\u00ed tienes un sincero recordatorio:<\/p>\n\n\n\n<p>Sigues aqu\u00ed.<br>Sigues respirando.<br>Y s\u00f3lo eso demuestra que <strong>la historia no ha terminado.<\/strong><\/p>\n\n\n\n<p>No importa cu\u00e1ntas puertas est\u00e9n cerradas.<br>No importa cu\u00e1nta gente te haya abandonado.<br>No importa lo pesada que sea tu alma.<\/p>\n\n\n\n<p><strong>La fe act\u00faa en lo invisible.<\/strong> Ella te est\u00e1 apoyando ahora, aunque t\u00fa no lo sientas.<\/p>\n\n\n\n<h2 class=\"wp-block-heading\">\u00bfQu\u00e9 hacer cuando la fe parece d\u00e9bil?<\/h2>\n\n\n\n<p>Todos tenemos d\u00edas en los que <strong>la fe vacila.<\/strong><br>Cuando la duda grita m\u00e1s fuerte que la oraci\u00f3n.<br>Donde el dolor parece ganar.<\/p>\n\n\n\n<p>Y eso est\u00e1 bien. La fe no tiene por qu\u00e9 ser enorme.<br>S\u00f3lo tiene que existir.<br>Aunque sea del tama\u00f1o de un grano de mostaza, como dice la Escritura.<br>Y con ese peque\u00f1o grano, <strong>los milagros ocurren.<\/strong><\/p>\n\n\n\n<p>En los d\u00edas dif\u00edciles:<\/p>\n\n\n\n<ul class=\"wp-block-list\">\n<li>Rezar, incluso en silencio<\/li>\n\n\n\n<li>Lee algo que te conecte con lo sagrado<\/li>\n\n\n\n<li>Llora si lo necesitas - la fe no anula las l\u00e1grimas<\/li>\n\n\n\n<li>Habla con personas que te fortalezcan<\/li>\n\n\n\n<li>Pasea y observa la vida a tu alrededor: todo se renueva, incluso t\u00fa<\/li>\n\n\n\n<li>Escribe lo que sientes, aunque sea desordenado<\/li>\n<\/ul>\n\n\n\n<p>La fe se expresa de manera sencilla. Y se fortalece poco a poco, en la pr\u00e1ctica, en la vida cotidiana.<\/p>\n\n\n\n<h2 class=\"wp-block-heading\">La fe que transforma sin hacer ruido<\/h2>\n\n\n\n<p>No oir\u00e1s fuegos artificiales.<br>No sentir\u00e1s una ola m\u00e1gica de luz.<br>Pero de repente algo cambia: <strong>tu postura.<\/strong><br>Te levantas de la cama con m\u00e1s valor.<br>Puede sonre\u00edr, incluso en el dolor.<br>Empieza a ver posibilidades donde antes s\u00f3lo ve\u00eda muros.<br>Y entonces te das cuenta: <strong>la fe actu\u00f3.<\/strong><\/p>\n\n\n\n<p>Te apoy\u00f3 sin que te dieras cuenta.<br>Ech\u00f3 ra\u00edces en el caos.<br>Te estaba reconstruyendo desde dentro.<\/p>\n\n\n\n<h2 class=\"wp-block-heading\">\u00bfY el milagro? \u00bfVendr\u00e1?<\/h2>\n\n\n\n<p>S\u00ed. A veces llega como esperas.<br>Pero la mayor\u00eda de las veces, <strong>viene de otra manera.<\/strong><\/p>\n\n\n\n<ul class=\"wp-block-list\">\n<li>Viene en forma de paz, cuando todo sigue siendo un desastre<\/li>\n\n\n\n<li>Viene como una persona que aparece en el momento oportuno<\/li>\n\n\n\n<li>Llega como una fuerza inexplicable para seguir adelante<\/li>\n\n\n\n<li>Se presenta como una oportunidad inesperada<\/li>\n\n\n\n<li>Viene como el perd\u00f3n<\/li>\n\n\n\n<li>Es un alivio<\/li>\n\n\n\n<li>Viene como una fe renovada<\/li>\n<\/ul>\n\n\n\n<p>Un milagro no siempre es una cura o dinero o una soluci\u00f3n inmediata.<br>Milagro es <strong>no perder la esperanza cuando todo parece perdido.<\/strong><\/p>\n\n\n\n<p><strong>V\u00e9ase tambi\u00e9n: <a href=\"https:\/\/www.oracaoefe.com\/es\/oracion-para-asentar-corazon-angustiado-y-traer-la-paz\/\">Oraci\u00f3n para calmar el coraz\u00f3n angustiado y traer la paz<\/a><\/strong><\/p>\n\n\n\n<p>24 de abril de 2025<\/p>","protected":false},"excerpt":{"rendered":"<p>Tem dias que parecem escuros demais. O ch\u00e3o desaparece, a esperan\u00e7a se esconde, e tudo o que a gente sente \u00e9 um sil\u00eancio duro, quase sufocante. A vida vira um peso, e as perguntas surgem em sil\u00eancio: \u201cSer\u00e1 que eu aguento?\u201d ou \u201cPor que isso est\u00e1 acontecendo comigo?\u201d \u00c9 justamente nesses momentos \u2014 quando tudo&hellip;&nbsp;<\/p>","protected":false},"author":3,"featured_media":3546,"comment_status":"closed","ping_status":"closed","sticky":false,"template":"","format":"standard","meta":{"neve_meta_sidebar":"","neve_meta_container":"","neve_meta_enable_content_width":"","neve_meta_content_width":0,"neve_meta_title_alignment":"","neve_meta_author_avatar":"","neve_post_elements_order":"","neve_meta_disable_header":"","neve_meta_disable_footer":"","neve_meta_disable_title":"","footnotes":""},"categories":[3],"tags":[],"class_list":["post-3530","post","type-post","status-publish","format-standard","has-post-thumbnail","hentry","category-fe"],"yoast_head":"<!-- This site is optimized with the Yoast SEO plugin v27.5 - https:\/\/yoast.com\/product\/yoast-seo-wordpress\/ -->\n<title>Quando tudo parece perdido, \u00e9 a\u00ed que a f\u00e9 come\u00e7a a agir - Ora\u00e7\u00e3o e F\u00e9<\/title>\n<meta name=\"description\" content=\"Deus tem pra voc\u00ea uma palavra de vida!\" \/>\n<meta name=\"robots\" content=\"index, follow, max-snippet:-1, max-image-preview:large, max-video-preview:-1\" \/>\n<link rel=\"canonical\" href=\"https:\/\/www.oracaoefe.com\/es\/cuando-todo-parece-perdido-es-cuando-entra-en-juego-la-fe\/\" \/>\n<meta property=\"og:locale\" content=\"es_ES\" \/>\n<meta property=\"og:type\" content=\"article\" \/>\n<meta property=\"og:title\" content=\"Quando tudo parece perdido, \u00e9 a\u00ed que a f\u00e9 come\u00e7a a agir - Ora\u00e7\u00e3o e F\u00e9\" \/>\n<meta property=\"og:description\" content=\"Deus tem pra voc\u00ea uma palavra de vida!\" \/>\n<meta property=\"og:url\" content=\"https:\/\/www.oracaoefe.com\/es\/cuando-todo-parece-perdido-es-cuando-entra-en-juego-la-fe\/\" \/>\n<meta property=\"og:site_name\" content=\"Ora\u00e7\u00e3o e F\u00e9\" \/>\n<meta property=\"article:published_time\" content=\"2025-04-24T09:00:00+00:00\" \/>\n<meta property=\"article:modified_time\" content=\"2025-12-16T16:11:14+00:00\" \/>\n<meta property=\"og:image\" content=\"https:\/\/www.oracaoefe.com\/wp-content\/uploads\/2025\/04\/quando_tudo_parece_perdido_fe_paisagem.webp\" \/>\n\t<meta property=\"og:image:width\" content=\"1536\" \/>\n\t<meta property=\"og:image:height\" content=\"1024\" \/>\n\t<meta property=\"og:image:type\" content=\"image\/webp\" \/>\n<meta name=\"author\" content=\"Michele Azevedo\" \/>\n<meta name=\"twitter:card\" content=\"summary_large_image\" \/>\n<meta name=\"twitter:label1\" content=\"Escrito por\" \/>\n\t<meta name=\"twitter:data1\" content=\"Michele Azevedo\" \/>\n\t<meta name=\"twitter:label2\" content=\"Tiempo de lectura\" \/>\n\t<meta name=\"twitter:data2\" content=\"5 minutos\" \/>\n<script type=\"application\/ld+json\" class=\"yoast-schema-graph\">{\"@context\":\"https:\\\/\\\/schema.org\",\"@graph\":[{\"@type\":\"Article\",\"@id\":\"https:\\\/\\\/www.oracaoefe.com\\\/quando-tudo-parece-perdido-e-ai-que-a-fe-comeca-a-agir\\\/#article\",\"isPartOf\":{\"@id\":\"https:\\\/\\\/www.oracaoefe.com\\\/quando-tudo-parece-perdido-e-ai-que-a-fe-comeca-a-agir\\\/\"},\"author\":{\"name\":\"Michele Azevedo\",\"@id\":\"https:\\\/\\\/www.oracaoefe.com\\\/#\\\/schema\\\/person\\\/17283c669442cf005c4d5bb58adfb7f5\"},\"headline\":\"Quando tudo parece perdido, \u00e9 a\u00ed que a f\u00e9 come\u00e7a a agir\",\"datePublished\":\"2025-04-24T09:00:00+00:00\",\"dateModified\":\"2025-12-16T16:11:14+00:00\",\"mainEntityOfPage\":{\"@id\":\"https:\\\/\\\/www.oracaoefe.com\\\/quando-tudo-parece-perdido-e-ai-que-a-fe-comeca-a-agir\\\/\"},\"wordCount\":928,\"image\":{\"@id\":\"https:\\\/\\\/www.oracaoefe.com\\\/quando-tudo-parece-perdido-e-ai-que-a-fe-comeca-a-agir\\\/#primaryimage\"},\"thumbnailUrl\":\"https:\\\/\\\/www.oracaoefe.com\\\/wp-content\\\/uploads\\\/2025\\\/04\\\/quando_tudo_parece_perdido_fe_paisagem.webp\",\"articleSection\":[\"F\u00e9\"],\"inLanguage\":\"es\"},{\"@type\":\"WebPage\",\"@id\":\"https:\\\/\\\/www.oracaoefe.com\\\/quando-tudo-parece-perdido-e-ai-que-a-fe-comeca-a-agir\\\/\",\"url\":\"https:\\\/\\\/www.oracaoefe.com\\\/quando-tudo-parece-perdido-e-ai-que-a-fe-comeca-a-agir\\\/\",\"name\":\"Quando tudo parece perdido, \u00e9 a\u00ed que a f\u00e9 come\u00e7a a agir - Ora\u00e7\u00e3o e F\u00e9\",\"isPartOf\":{\"@id\":\"https:\\\/\\\/www.oracaoefe.com\\\/#website\"},\"primaryImageOfPage\":{\"@id\":\"https:\\\/\\\/www.oracaoefe.com\\\/quando-tudo-parece-perdido-e-ai-que-a-fe-comeca-a-agir\\\/#primaryimage\"},\"image\":{\"@id\":\"https:\\\/\\\/www.oracaoefe.com\\\/quando-tudo-parece-perdido-e-ai-que-a-fe-comeca-a-agir\\\/#primaryimage\"},\"thumbnailUrl\":\"https:\\\/\\\/www.oracaoefe.com\\\/wp-content\\\/uploads\\\/2025\\\/04\\\/quando_tudo_parece_perdido_fe_paisagem.webp\",\"datePublished\":\"2025-04-24T09:00:00+00:00\",\"dateModified\":\"2025-12-16T16:11:14+00:00\",\"author\":{\"@id\":\"https:\\\/\\\/www.oracaoefe.com\\\/#\\\/schema\\\/person\\\/17283c669442cf005c4d5bb58adfb7f5\"},\"description\":\"Deus tem pra voc\u00ea uma palavra de vida!\",\"breadcrumb\":{\"@id\":\"https:\\\/\\\/www.oracaoefe.com\\\/quando-tudo-parece-perdido-e-ai-que-a-fe-comeca-a-agir\\\/#breadcrumb\"},\"inLanguage\":\"es\",\"potentialAction\":[{\"@type\":\"ReadAction\",\"target\":[\"https:\\\/\\\/www.oracaoefe.com\\\/quando-tudo-parece-perdido-e-ai-que-a-fe-comeca-a-agir\\\/\"]}]},{\"@type\":\"ImageObject\",\"inLanguage\":\"es\",\"@id\":\"https:\\\/\\\/www.oracaoefe.com\\\/quando-tudo-parece-perdido-e-ai-que-a-fe-comeca-a-agir\\\/#primaryimage\",\"url\":\"https:\\\/\\\/www.oracaoefe.com\\\/wp-content\\\/uploads\\\/2025\\\/04\\\/quando_tudo_parece_perdido_fe_paisagem.webp\",\"contentUrl\":\"https:\\\/\\\/www.oracaoefe.com\\\/wp-content\\\/uploads\\\/2025\\\/04\\\/quando_tudo_parece_perdido_fe_paisagem.webp\",\"width\":1536,\"height\":1024},{\"@type\":\"BreadcrumbList\",\"@id\":\"https:\\\/\\\/www.oracaoefe.com\\\/quando-tudo-parece-perdido-e-ai-que-a-fe-comeca-a-agir\\\/#breadcrumb\",\"itemListElement\":[{\"@type\":\"ListItem\",\"position\":1,\"name\":\"Home\",\"item\":\"https:\\\/\\\/www.oracaoefe.com\\\/\"},{\"@type\":\"ListItem\",\"position\":2,\"name\":\"F\u00e9\",\"item\":\"https:\\\/\\\/www.oracaoefe.com\\\/es\\\/categoria\\\/fe\\\/\"},{\"@type\":\"ListItem\",\"position\":3,\"name\":\"Quando tudo parece perdido, \u00e9 a\u00ed que a f\u00e9 come\u00e7a a agir\"}]},{\"@type\":\"WebSite\",\"@id\":\"https:\\\/\\\/www.oracaoefe.com\\\/#website\",\"url\":\"https:\\\/\\\/www.oracaoefe.com\\\/\",\"name\":\"Ora\u00e7\u00e3o e F\u00e9\",\"description\":\"\",\"potentialAction\":[{\"@type\":\"SearchAction\",\"target\":{\"@type\":\"EntryPoint\",\"urlTemplate\":\"https:\\\/\\\/www.oracaoefe.com\\\/?s={search_term_string}\"},\"query-input\":{\"@type\":\"PropertyValueSpecification\",\"valueRequired\":true,\"valueName\":\"search_term_string\"}}],\"inLanguage\":\"es\"},{\"@type\":\"Person\",\"@id\":\"https:\\\/\\\/www.oracaoefe.com\\\/#\\\/schema\\\/person\\\/17283c669442cf005c4d5bb58adfb7f5\",\"name\":\"Michele Azevedo\",\"image\":{\"@type\":\"ImageObject\",\"inLanguage\":\"es\",\"@id\":\"https:\\\/\\\/secure.gravatar.com\\\/avatar\\\/6b0eb9d22841282815e2cd856a0061c45e1761cd54b22e952d98c4746939aa85?s=96&d=mm&r=g\",\"url\":\"https:\\\/\\\/secure.gravatar.com\\\/avatar\\\/6b0eb9d22841282815e2cd856a0061c45e1761cd54b22e952d98c4746939aa85?s=96&d=mm&r=g\",\"contentUrl\":\"https:\\\/\\\/secure.gravatar.com\\\/avatar\\\/6b0eb9d22841282815e2cd856a0061c45e1761cd54b22e952d98c4746939aa85?s=96&d=mm&r=g\",\"caption\":\"Michele Azevedo\"},\"description\":\"Formada em Letras - Portugu\u00eas\\\/ Ingl\u00eas pela UEPG, p\u00f3s-graduada em Arte na Educa\u00e7\u00e3o e Psicopedagogia Escolar, idealizadora do site Escritora de Sucesso, redatora e revisora dos conte\u00fados do Ora\u00e7\u00e3o e F\u00e9 com muita f\u00e9 e positividade.\",\"url\":\"https:\\\/\\\/www.oracaoefe.com\\\/es\\\/author\\\/michele-azevedo\\\/\"}]}<\/script>\n<!-- \/ Yoast SEO plugin. -->","yoast_head_json":{"title":"Cuando todo parece perdido, es cuando entra en acci\u00f3n la fe - Oraci\u00f3n y fe","description":"\u00a1Dios tiene una palabra de vida para ti!","robots":{"index":"index","follow":"follow","max-snippet":"max-snippet:-1","max-image-preview":"max-image-preview:large","max-video-preview":"max-video-preview:-1"},"canonical":"https:\/\/www.oracaoefe.com\/es\/cuando-todo-parece-perdido-es-cuando-entra-en-juego-la-fe\/","og_locale":"es_ES","og_type":"article","og_title":"Quando tudo parece perdido, \u00e9 a\u00ed que a f\u00e9 come\u00e7a a agir - Ora\u00e7\u00e3o e F\u00e9","og_description":"Deus tem pra voc\u00ea uma palavra de vida!","og_url":"https:\/\/www.oracaoefe.com\/es\/cuando-todo-parece-perdido-es-cuando-entra-en-juego-la-fe\/","og_site_name":"Ora\u00e7\u00e3o e F\u00e9","article_published_time":"2025-04-24T09:00:00+00:00","article_modified_time":"2025-12-16T16:11:14+00:00","og_image":[{"width":1536,"height":1024,"url":"https:\/\/www.oracaoefe.com\/wp-content\/uploads\/2025\/04\/quando_tudo_parece_perdido_fe_paisagem.webp","type":"image\/webp"}],"author":"Michele Azevedo","twitter_card":"summary_large_image","twitter_misc":{"Escrito por":"Michele Azevedo","Tiempo de lectura":"5 minutos"},"schema":{"@context":"https:\/\/schema.org","@graph":[{"@type":"Article","@id":"https:\/\/www.oracaoefe.com\/quando-tudo-parece-perdido-e-ai-que-a-fe-comeca-a-agir\/#article","isPartOf":{"@id":"https:\/\/www.oracaoefe.com\/quando-tudo-parece-perdido-e-ai-que-a-fe-comeca-a-agir\/"},"author":{"name":"Michele Azevedo","@id":"https:\/\/www.oracaoefe.com\/#\/schema\/person\/17283c669442cf005c4d5bb58adfb7f5"},"headline":"Quando tudo parece perdido, \u00e9 a\u00ed que a f\u00e9 come\u00e7a a agir","datePublished":"2025-04-24T09:00:00+00:00","dateModified":"2025-12-16T16:11:14+00:00","mainEntityOfPage":{"@id":"https:\/\/www.oracaoefe.com\/quando-tudo-parece-perdido-e-ai-que-a-fe-comeca-a-agir\/"},"wordCount":928,"image":{"@id":"https:\/\/www.oracaoefe.com\/quando-tudo-parece-perdido-e-ai-que-a-fe-comeca-a-agir\/#primaryimage"},"thumbnailUrl":"https:\/\/www.oracaoefe.com\/wp-content\/uploads\/2025\/04\/quando_tudo_parece_perdido_fe_paisagem.webp","articleSection":["F\u00e9"],"inLanguage":"es"},{"@type":"WebPage","@id":"https:\/\/www.oracaoefe.com\/quando-tudo-parece-perdido-e-ai-que-a-fe-comeca-a-agir\/","url":"https:\/\/www.oracaoefe.com\/quando-tudo-parece-perdido-e-ai-que-a-fe-comeca-a-agir\/","name":"Cuando todo parece perdido, es cuando entra en acci\u00f3n la fe - Oraci\u00f3n y fe","isPartOf":{"@id":"https:\/\/www.oracaoefe.com\/#website"},"primaryImageOfPage":{"@id":"https:\/\/www.oracaoefe.com\/quando-tudo-parece-perdido-e-ai-que-a-fe-comeca-a-agir\/#primaryimage"},"image":{"@id":"https:\/\/www.oracaoefe.com\/quando-tudo-parece-perdido-e-ai-que-a-fe-comeca-a-agir\/#primaryimage"},"thumbnailUrl":"https:\/\/www.oracaoefe.com\/wp-content\/uploads\/2025\/04\/quando_tudo_parece_perdido_fe_paisagem.webp","datePublished":"2025-04-24T09:00:00+00:00","dateModified":"2025-12-16T16:11:14+00:00","author":{"@id":"https:\/\/www.oracaoefe.com\/#\/schema\/person\/17283c669442cf005c4d5bb58adfb7f5"},"description":"\u00a1Dios tiene una palabra de vida para ti!","breadcrumb":{"@id":"https:\/\/www.oracaoefe.com\/quando-tudo-parece-perdido-e-ai-que-a-fe-comeca-a-agir\/#breadcrumb"},"inLanguage":"es","potentialAction":[{"@type":"ReadAction","target":["https:\/\/www.oracaoefe.com\/quando-tudo-parece-perdido-e-ai-que-a-fe-comeca-a-agir\/"]}]},{"@type":"ImageObject","inLanguage":"es","@id":"https:\/\/www.oracaoefe.com\/quando-tudo-parece-perdido-e-ai-que-a-fe-comeca-a-agir\/#primaryimage","url":"https:\/\/www.oracaoefe.com\/wp-content\/uploads\/2025\/04\/quando_tudo_parece_perdido_fe_paisagem.webp","contentUrl":"https:\/\/www.oracaoefe.com\/wp-content\/uploads\/2025\/04\/quando_tudo_parece_perdido_fe_paisagem.webp","width":1536,"height":1024},{"@type":"BreadcrumbList","@id":"https:\/\/www.oracaoefe.com\/quando-tudo-parece-perdido-e-ai-que-a-fe-comeca-a-agir\/#breadcrumb","itemListElement":[{"@type":"ListItem","position":1,"name":"Home","item":"https:\/\/www.oracaoefe.com\/"},{"@type":"ListItem","position":2,"name":"F\u00e9","item":"https:\/\/www.oracaoefe.com\/es\/categoria\/fe\/"},{"@type":"ListItem","position":3,"name":"Quando tudo parece perdido, \u00e9 a\u00ed que a f\u00e9 come\u00e7a a agir"}]},{"@type":"WebSite","@id":"https:\/\/www.oracaoefe.com\/#website","url":"https:\/\/www.oracaoefe.com\/","name":"Oraci\u00f3n y fe","description":"","potentialAction":[{"@type":"SearchAction","target":{"@type":"EntryPoint","urlTemplate":"https:\/\/www.oracaoefe.com\/?s={search_term_string}"},"query-input":{"@type":"PropertyValueSpecification","valueRequired":true,"valueName":"search_term_string"}}],"inLanguage":"es"},{"@type":"Person","@id":"https:\/\/www.oracaoefe.com\/#\/schema\/person\/17283c669442cf005c4d5bb58adfb7f5","name":"Michele Azevedo","image":{"@type":"ImageObject","inLanguage":"es","@id":"https:\/\/secure.gravatar.com\/avatar\/6b0eb9d22841282815e2cd856a0061c45e1761cd54b22e952d98c4746939aa85?s=96&d=mm&r=g","url":"https:\/\/secure.gravatar.com\/avatar\/6b0eb9d22841282815e2cd856a0061c45e1761cd54b22e952d98c4746939aa85?s=96&d=mm&r=g","contentUrl":"https:\/\/secure.gravatar.com\/avatar\/6b0eb9d22841282815e2cd856a0061c45e1761cd54b22e952d98c4746939aa85?s=96&d=mm&r=g","caption":"Michele Azevedo"},"description":"Licenciada en Literatura Portuguesa\/Ingl\u00e9s por la UEPG, con posgrados en Arte en la Educaci\u00f3n y Psicopedagog\u00eda Escolar, es la creadora del sitio web Escritora de Sucesso, y escritora y editora de contenido para Ora\u00e7\u00e3o e F\u00e9 (Oraci\u00f3n y Fe) con gran fe y positividad.","url":"https:\/\/www.oracaoefe.com\/es\/author\/michele-azevedo\/"}]}},"_links":{"self":[{"href":"https:\/\/www.oracaoefe.com\/es\/wp-json\/wp\/v2\/posts\/3530","targetHints":{"allow":["GET"]}}],"collection":[{"href":"https:\/\/www.oracaoefe.com\/es\/wp-json\/wp\/v2\/posts"}],"about":[{"href":"https:\/\/www.oracaoefe.com\/es\/wp-json\/wp\/v2\/types\/post"}],"author":[{"embeddable":true,"href":"https:\/\/www.oracaoefe.com\/es\/wp-json\/wp\/v2\/users\/3"}],"replies":[{"embeddable":true,"href":"https:\/\/www.oracaoefe.com\/es\/wp-json\/wp\/v2\/comments?post=3530"}],"version-history":[{"count":2,"href":"https:\/\/www.oracaoefe.com\/es\/wp-json\/wp\/v2\/posts\/3530\/revisions"}],"predecessor-version":[{"id":3551,"href":"https:\/\/www.oracaoefe.com\/es\/wp-json\/wp\/v2\/posts\/3530\/revisions\/3551"}],"wp:featuredmedia":[{"embeddable":true,"href":"https:\/\/www.oracaoefe.com\/es\/wp-json\/wp\/v2\/media\/3546"}],"wp:attachment":[{"href":"https:\/\/www.oracaoefe.com\/es\/wp-json\/wp\/v2\/media?parent=3530"}],"wp:term":[{"taxonomy":"category","embeddable":true,"href":"https:\/\/www.oracaoefe.com\/es\/wp-json\/wp\/v2\/categories?post=3530"},{"taxonomy":"post_tag","embeddable":true,"href":"https:\/\/www.oracaoefe.com\/es\/wp-json\/wp\/v2\/tags?post=3530"}],"curies":[{"name":"wp","href":"https:\/\/api.w.org\/{rel}","templated":true}]}}