{"id":3406,"date":"2025-02-09T06:00:00","date_gmt":"2025-02-09T09:00:00","guid":{"rendered":"https:\/\/www.oracaoefe.com\/?p=3406"},"modified":"2025-01-23T18:21:50","modified_gmt":"2025-01-23T21:21:50","slug":"lucha-por-la-fe-ver-la-sinopsis-de-la-pelicula","status":"publish","type":"post","link":"https:\/\/www.oracaoefe.com\/es\/luta-pela-fe-veja-a-sinopse-do-filme\/","title":{"rendered":"Luchando por la fe: vea la sinopsis de la pel\u00edcula"},"content":{"rendered":"<p>\"Lucha por la fe\" es una pel\u00edcula inspiradora que narra el viaje de un hombre en busca de redenci\u00f3n y sentido a trav\u00e9s de su relaci\u00f3n con la fe. Este drama apasionante y emocional explora temas como el perd\u00f3n, la resiliencia y la b\u00fasqueda constante de un prop\u00f3sito espiritual en medio de la adversidad. Sumerj\u00e1monos en la sinopsis de esta pel\u00edcula que ha llegado al coraz\u00f3n de muchos espectadores.<\/p>\n\n\n\n<figure class=\"wp-block-image size-large\"><img loading=\"lazy\" decoding=\"async\" width=\"1024\" height=\"683\" src=\"https:\/\/www.oracaoefe.com\/wp-content\/uploads\/2025\/01\/image-5-1024x683.png\" alt=\"\" class=\"wp-image-3417\" srcset=\"https:\/\/www.oracaoefe.com\/wp-content\/uploads\/2025\/01\/image-5-1024x683.png 1024w, https:\/\/www.oracaoefe.com\/wp-content\/uploads\/2025\/01\/image-5-300x200.png 300w, https:\/\/www.oracaoefe.com\/wp-content\/uploads\/2025\/01\/image-5-768x512.png 768w, https:\/\/www.oracaoefe.com\/wp-content\/uploads\/2025\/01\/image-5-18x12.png 18w, https:\/\/www.oracaoefe.com\/wp-content\/uploads\/2025\/01\/image-5.png 1170w\" sizes=\"auto, (max-width: 1024px) 100vw, 1024px\" \/><\/figure>\n\n\n\n<h2 class=\"wp-block-heading\">Sinopsis de \"Lucha por la fe\"<\/h2>\n\n\n\n<p>La pel\u00edcula sigue la historia de Daniel, un antiguo boxeador que ha luchado contra numerosos retos, tanto dentro como fuera del ring. Despu\u00e9s de que una prometedora carrera se viera bruscamente truncada por una grave lesi\u00f3n, Daniel se encuentra perdido y sin rumbo. Su viaje de ca\u00edda y redenci\u00f3n comienza con un encuentro inesperado en un centro de rehabilitaci\u00f3n, donde conoce a Esther, una capellana que introduce a Daniel en la fe cristiana.<\/p>\n\n\n\n<h3 class=\"wp-block-heading\">Personajes principales<\/h3>\n\n\n\n<ul class=\"wp-block-list\">\n<li><strong>Daniel<\/strong>Un ex boxeador cuya vida da un giro inesperado tras una lesi\u00f3n que pone fin a su carrera. Se enfrenta a cuestiones de identidad, prop\u00f3sito y redenci\u00f3n.<\/li>\n\n\n\n<li><strong>Esther<\/strong>Capell\u00e1n del centro de rehabilitaci\u00f3n, cuya fe inquebrantable y compasi\u00f3n por Daniel le ayudan a encontrar un nuevo camino. Es el pilar espiritual de la pel\u00edcula, ofreciendo sabidur\u00eda y orientaci\u00f3n.<\/li>\n<\/ul>\n\n\n\n<h3 class=\"wp-block-heading\">Trama y desarrollo<\/h3>\n\n\n\n<p>Mientras Daniel lucha por aceptar su nueva realidad, se enfrenta a sus demonios interiores y a los errores del pasado que siguen persigui\u00e9ndole. A trav\u00e9s de su amistad con Esther y de las ense\u00f1anzas que ella comparte, Daniel empieza a ver la fe como una forma de purificar su vida y buscar el perd\u00f3n por sus fallos.<\/p>\n\n\n\n<p>Esther, haciendo uso de su experiencia y paciencia, gu\u00eda a Daniel a trav\u00e9s de sus dudas y temores, ense\u00f1\u00e1ndole la importancia de la oraci\u00f3n, el servicio a los dem\u00e1s y el amor al pr\u00f3jimo. A medida que Daniel se involucra m\u00e1s en la comunidad eclesi\u00e1stica local, encuentra un nuevo sentido de comunidad y esperanza.<\/p>\n\n\n\n<h2 class=\"wp-block-heading\">Temas explorados<\/h2>\n\n\n\n<p>\"Lucha por la fe\" aborda en profundidad los temas de la transformaci\u00f3n personal y espiritual. La pel\u00edcula destaca la lucha de una persona por encontrar la paz interior y el prop\u00f3sito a trav\u00e9s de la fe, incluso cuando se enfrenta a obst\u00e1culos aparentemente insuperables. Tambi\u00e9n explora la capacidad de perd\u00f3n, tanto divina como humana, y c\u00f3mo esta pr\u00e1ctica puede conducir a la curaci\u00f3n y el renacimiento.<\/p>\n\n\n\n<h2 class=\"wp-block-heading\">Impacto y acogida<\/h2>\n\n\n\n<p>La pel\u00edcula fue bien recibida por la cr\u00edtica y el p\u00fablico por su aut\u00e9ntica narraci\u00f3n y sus poderosas interpretaciones. Se ha elogiado la capacidad de Lucha por la fe para abordar temas espirituales complejos de forma accesible, as\u00ed como su capacidad para inspirar y motivar a los espectadores a reflexionar sobre sus propias vidas y creencias.<\/p>\n\n\n\n<h2 class=\"wp-block-heading\">Una pel\u00edcula para reflexionar<\/h2>\n\n\n\n<p>\"Lucha por la fe\" es una pel\u00edcula que no s\u00f3lo entretiene, sino que tambi\u00e9n provoca la reflexi\u00f3n, ofreciendo una ventana a las luchas y triunfos del viaje espiritual de un hombre. Es una pel\u00edcula que resuena en cualquiera que se haya enfrentado alguna vez a retos en busca de redenci\u00f3n y de un sentido m\u00e1s profundo de la vida. Al ver Lucha por la fe, se invita a los espectadores a explorar sus propias creencias y el poder transformador de la fe.<\/p>\n\n\n\n<p><strong>V\u00e9ase tambi\u00e9n: <a href=\"https:\/\/www.oracaoefe.com\/es\/oracion-comienza-el-dia-amando-a-tu-proximo\/\">Oraci\u00f3n para empezar el d\u00eda: \u00a1Ama a tu pr\u00f3jimo!<\/a><\/strong><\/p>\n\n\n\n<p>9 de febrero de 2025<\/p>","protected":false},"excerpt":{"rendered":"<p>&#8220;Luta pela f\u00e9&#8221; \u00e9 um filme inspirador que narra a jornada de um homem em busca de reden\u00e7\u00e3o e significado atrav\u00e9s da sua rela\u00e7\u00e3o com a f\u00e9. Este drama, envolvente e emocionante, explora temas de perd\u00e3o, resili\u00eancia e a busca constante pelo prop\u00f3sito espiritual em meio a adversidades. Vamos mergulhar na sinopse deste filme que&hellip;&nbsp;<\/p>","protected":false},"author":3,"featured_media":3417,"comment_status":"closed","ping_status":"closed","sticky":false,"template":"","format":"standard","meta":{"neve_meta_sidebar":"","neve_meta_container":"","neve_meta_enable_content_width":"","neve_meta_content_width":0,"neve_meta_title_alignment":"","neve_meta_author_avatar":"","neve_post_elements_order":"","neve_meta_disable_header":"","neve_meta_disable_footer":"","neve_meta_disable_title":"","footnotes":""},"categories":[1],"tags":[],"class_list":["post-3406","post","type-post","status-publish","format-standard","has-post-thumbnail","hentry","category-curiosidades"],"yoast_head":"<!-- This site is optimized with the Yoast SEO plugin v27.5 - https:\/\/yoast.com\/product\/yoast-seo-wordpress\/ -->\n<title>Luta pela f\u00e9: veja a sinopse do filme - Ora\u00e7\u00e3o e F\u00e9<\/title>\n<meta name=\"description\" content=\"Deus tem pra voc\u00ea uma palavra de vida!\" \/>\n<meta name=\"robots\" content=\"index, follow, max-snippet:-1, max-image-preview:large, max-video-preview:-1\" \/>\n<link rel=\"canonical\" href=\"https:\/\/www.oracaoefe.com\/es\/lucha-por-la-fe-ver-la-sinopsis-de-la-pelicula\/\" \/>\n<meta property=\"og:locale\" content=\"es_ES\" \/>\n<meta property=\"og:type\" content=\"article\" \/>\n<meta property=\"og:title\" content=\"Luta pela f\u00e9: veja a sinopse do filme - Ora\u00e7\u00e3o e F\u00e9\" \/>\n<meta property=\"og:description\" content=\"Deus tem pra voc\u00ea uma palavra de vida!\" \/>\n<meta property=\"og:url\" content=\"https:\/\/www.oracaoefe.com\/es\/lucha-por-la-fe-ver-la-sinopsis-de-la-pelicula\/\" \/>\n<meta property=\"og:site_name\" content=\"Ora\u00e7\u00e3o e F\u00e9\" \/>\n<meta property=\"article:published_time\" content=\"2025-02-09T09:00:00+00:00\" \/>\n<meta property=\"og:image\" content=\"https:\/\/www.oracaoefe.com\/wp-content\/uploads\/2025\/01\/image-5-1024x683.png\" \/>\n\t<meta property=\"og:image:width\" content=\"1024\" \/>\n\t<meta property=\"og:image:height\" content=\"683\" \/>\n\t<meta property=\"og:image:type\" content=\"image\/png\" \/>\n<meta name=\"author\" content=\"Michele Azevedo\" \/>\n<meta name=\"twitter:card\" content=\"summary_large_image\" \/>\n<meta name=\"twitter:label1\" content=\"Escrito por\" \/>\n\t<meta name=\"twitter:data1\" content=\"Michele Azevedo\" \/>\n\t<meta name=\"twitter:label2\" content=\"Tiempo de lectura\" \/>\n\t<meta name=\"twitter:data2\" content=\"3 minutos\" \/>\n<script type=\"application\/ld+json\" class=\"yoast-schema-graph\">{\"@context\":\"https:\\\/\\\/schema.org\",\"@graph\":[{\"@type\":\"Article\",\"@id\":\"https:\\\/\\\/www.oracaoefe.com\\\/luta-pela-fe-veja-a-sinopse-do-filme\\\/#article\",\"isPartOf\":{\"@id\":\"https:\\\/\\\/www.oracaoefe.com\\\/luta-pela-fe-veja-a-sinopse-do-filme\\\/\"},\"author\":{\"name\":\"Michele Azevedo\",\"@id\":\"https:\\\/\\\/www.oracaoefe.com\\\/#\\\/schema\\\/person\\\/17283c669442cf005c4d5bb58adfb7f5\"},\"headline\":\"Luta pela f\u00e9: veja a sinopse do filme\",\"datePublished\":\"2025-02-09T09:00:00+00:00\",\"mainEntityOfPage\":{\"@id\":\"https:\\\/\\\/www.oracaoefe.com\\\/luta-pela-fe-veja-a-sinopse-do-filme\\\/\"},\"wordCount\":571,\"image\":{\"@id\":\"https:\\\/\\\/www.oracaoefe.com\\\/luta-pela-fe-veja-a-sinopse-do-filme\\\/#primaryimage\"},\"thumbnailUrl\":\"https:\\\/\\\/www.oracaoefe.com\\\/wp-content\\\/uploads\\\/2025\\\/01\\\/image-5.png\",\"articleSection\":[\"Curiosidades\"],\"inLanguage\":\"es\"},{\"@type\":\"WebPage\",\"@id\":\"https:\\\/\\\/www.oracaoefe.com\\\/luta-pela-fe-veja-a-sinopse-do-filme\\\/\",\"url\":\"https:\\\/\\\/www.oracaoefe.com\\\/luta-pela-fe-veja-a-sinopse-do-filme\\\/\",\"name\":\"Luta pela f\u00e9: veja a sinopse do filme - Ora\u00e7\u00e3o e F\u00e9\",\"isPartOf\":{\"@id\":\"https:\\\/\\\/www.oracaoefe.com\\\/#website\"},\"primaryImageOfPage\":{\"@id\":\"https:\\\/\\\/www.oracaoefe.com\\\/luta-pela-fe-veja-a-sinopse-do-filme\\\/#primaryimage\"},\"image\":{\"@id\":\"https:\\\/\\\/www.oracaoefe.com\\\/luta-pela-fe-veja-a-sinopse-do-filme\\\/#primaryimage\"},\"thumbnailUrl\":\"https:\\\/\\\/www.oracaoefe.com\\\/wp-content\\\/uploads\\\/2025\\\/01\\\/image-5.png\",\"datePublished\":\"2025-02-09T09:00:00+00:00\",\"author\":{\"@id\":\"https:\\\/\\\/www.oracaoefe.com\\\/#\\\/schema\\\/person\\\/17283c669442cf005c4d5bb58adfb7f5\"},\"description\":\"Deus tem pra voc\u00ea uma palavra de vida!\",\"breadcrumb\":{\"@id\":\"https:\\\/\\\/www.oracaoefe.com\\\/luta-pela-fe-veja-a-sinopse-do-filme\\\/#breadcrumb\"},\"inLanguage\":\"es\",\"potentialAction\":[{\"@type\":\"ReadAction\",\"target\":[\"https:\\\/\\\/www.oracaoefe.com\\\/luta-pela-fe-veja-a-sinopse-do-filme\\\/\"]}]},{\"@type\":\"ImageObject\",\"inLanguage\":\"es\",\"@id\":\"https:\\\/\\\/www.oracaoefe.com\\\/luta-pela-fe-veja-a-sinopse-do-filme\\\/#primaryimage\",\"url\":\"https:\\\/\\\/www.oracaoefe.com\\\/wp-content\\\/uploads\\\/2025\\\/01\\\/image-5.png\",\"contentUrl\":\"https:\\\/\\\/www.oracaoefe.com\\\/wp-content\\\/uploads\\\/2025\\\/01\\\/image-5.png\",\"width\":1170,\"height\":780},{\"@type\":\"BreadcrumbList\",\"@id\":\"https:\\\/\\\/www.oracaoefe.com\\\/luta-pela-fe-veja-a-sinopse-do-filme\\\/#breadcrumb\",\"itemListElement\":[{\"@type\":\"ListItem\",\"position\":1,\"name\":\"Home\",\"item\":\"https:\\\/\\\/www.oracaoefe.com\\\/\"},{\"@type\":\"ListItem\",\"position\":2,\"name\":\"Curiosidades\",\"item\":\"https:\\\/\\\/www.oracaoefe.com\\\/es\\\/categoria\\\/curiosidades\\\/\"},{\"@type\":\"ListItem\",\"position\":3,\"name\":\"Luta pela f\u00e9: veja a sinopse do filme\"}]},{\"@type\":\"WebSite\",\"@id\":\"https:\\\/\\\/www.oracaoefe.com\\\/#website\",\"url\":\"https:\\\/\\\/www.oracaoefe.com\\\/\",\"name\":\"Ora\u00e7\u00e3o e F\u00e9\",\"description\":\"\",\"potentialAction\":[{\"@type\":\"SearchAction\",\"target\":{\"@type\":\"EntryPoint\",\"urlTemplate\":\"https:\\\/\\\/www.oracaoefe.com\\\/?s={search_term_string}\"},\"query-input\":{\"@type\":\"PropertyValueSpecification\",\"valueRequired\":true,\"valueName\":\"search_term_string\"}}],\"inLanguage\":\"es\"},{\"@type\":\"Person\",\"@id\":\"https:\\\/\\\/www.oracaoefe.com\\\/#\\\/schema\\\/person\\\/17283c669442cf005c4d5bb58adfb7f5\",\"name\":\"Michele Azevedo\",\"image\":{\"@type\":\"ImageObject\",\"inLanguage\":\"es\",\"@id\":\"https:\\\/\\\/secure.gravatar.com\\\/avatar\\\/6b0eb9d22841282815e2cd856a0061c45e1761cd54b22e952d98c4746939aa85?s=96&d=mm&r=g\",\"url\":\"https:\\\/\\\/secure.gravatar.com\\\/avatar\\\/6b0eb9d22841282815e2cd856a0061c45e1761cd54b22e952d98c4746939aa85?s=96&d=mm&r=g\",\"contentUrl\":\"https:\\\/\\\/secure.gravatar.com\\\/avatar\\\/6b0eb9d22841282815e2cd856a0061c45e1761cd54b22e952d98c4746939aa85?s=96&d=mm&r=g\",\"caption\":\"Michele Azevedo\"},\"description\":\"Formada em Letras - Portugu\u00eas\\\/ Ingl\u00eas pela UEPG, p\u00f3s-graduada em Arte na Educa\u00e7\u00e3o e Psicopedagogia Escolar, idealizadora do site Escritora de Sucesso, redatora e revisora dos conte\u00fados do Ora\u00e7\u00e3o e F\u00e9 com muita f\u00e9 e positividade.\",\"url\":\"https:\\\/\\\/www.oracaoefe.com\\\/es\\\/author\\\/michele-azevedo\\\/\"}]}<\/script>\n<!-- \/ Yoast SEO plugin. -->","yoast_head_json":{"title":"Luchar por la fe: vea la sinopsis de la pel\u00edcula - Prayer and Faith","description":"\u00a1Dios tiene una palabra de vida para ti!","robots":{"index":"index","follow":"follow","max-snippet":"max-snippet:-1","max-image-preview":"max-image-preview:large","max-video-preview":"max-video-preview:-1"},"canonical":"https:\/\/www.oracaoefe.com\/es\/lucha-por-la-fe-ver-la-sinopsis-de-la-pelicula\/","og_locale":"es_ES","og_type":"article","og_title":"Luta pela f\u00e9: veja a sinopse do filme - Ora\u00e7\u00e3o e F\u00e9","og_description":"Deus tem pra voc\u00ea uma palavra de vida!","og_url":"https:\/\/www.oracaoefe.com\/es\/lucha-por-la-fe-ver-la-sinopsis-de-la-pelicula\/","og_site_name":"Ora\u00e7\u00e3o e F\u00e9","article_published_time":"2025-02-09T09:00:00+00:00","og_image":[{"width":1024,"height":683,"url":"https:\/\/www.oracaoefe.com\/wp-content\/uploads\/2025\/01\/image-5-1024x683.png","type":"image\/png"}],"author":"Michele Azevedo","twitter_card":"summary_large_image","twitter_misc":{"Escrito por":"Michele Azevedo","Tiempo de lectura":"3 minutos"},"schema":{"@context":"https:\/\/schema.org","@graph":[{"@type":"Article","@id":"https:\/\/www.oracaoefe.com\/luta-pela-fe-veja-a-sinopse-do-filme\/#article","isPartOf":{"@id":"https:\/\/www.oracaoefe.com\/luta-pela-fe-veja-a-sinopse-do-filme\/"},"author":{"name":"Michele Azevedo","@id":"https:\/\/www.oracaoefe.com\/#\/schema\/person\/17283c669442cf005c4d5bb58adfb7f5"},"headline":"Luta pela f\u00e9: veja a sinopse do filme","datePublished":"2025-02-09T09:00:00+00:00","mainEntityOfPage":{"@id":"https:\/\/www.oracaoefe.com\/luta-pela-fe-veja-a-sinopse-do-filme\/"},"wordCount":571,"image":{"@id":"https:\/\/www.oracaoefe.com\/luta-pela-fe-veja-a-sinopse-do-filme\/#primaryimage"},"thumbnailUrl":"https:\/\/www.oracaoefe.com\/wp-content\/uploads\/2025\/01\/image-5.png","articleSection":["Curiosidades"],"inLanguage":"es"},{"@type":"WebPage","@id":"https:\/\/www.oracaoefe.com\/luta-pela-fe-veja-a-sinopse-do-filme\/","url":"https:\/\/www.oracaoefe.com\/luta-pela-fe-veja-a-sinopse-do-filme\/","name":"Luchar por la fe: vea la sinopsis de la pel\u00edcula - Prayer and Faith","isPartOf":{"@id":"https:\/\/www.oracaoefe.com\/#website"},"primaryImageOfPage":{"@id":"https:\/\/www.oracaoefe.com\/luta-pela-fe-veja-a-sinopse-do-filme\/#primaryimage"},"image":{"@id":"https:\/\/www.oracaoefe.com\/luta-pela-fe-veja-a-sinopse-do-filme\/#primaryimage"},"thumbnailUrl":"https:\/\/www.oracaoefe.com\/wp-content\/uploads\/2025\/01\/image-5.png","datePublished":"2025-02-09T09:00:00+00:00","author":{"@id":"https:\/\/www.oracaoefe.com\/#\/schema\/person\/17283c669442cf005c4d5bb58adfb7f5"},"description":"\u00a1Dios tiene una palabra de vida para ti!","breadcrumb":{"@id":"https:\/\/www.oracaoefe.com\/luta-pela-fe-veja-a-sinopse-do-filme\/#breadcrumb"},"inLanguage":"es","potentialAction":[{"@type":"ReadAction","target":["https:\/\/www.oracaoefe.com\/luta-pela-fe-veja-a-sinopse-do-filme\/"]}]},{"@type":"ImageObject","inLanguage":"es","@id":"https:\/\/www.oracaoefe.com\/luta-pela-fe-veja-a-sinopse-do-filme\/#primaryimage","url":"https:\/\/www.oracaoefe.com\/wp-content\/uploads\/2025\/01\/image-5.png","contentUrl":"https:\/\/www.oracaoefe.com\/wp-content\/uploads\/2025\/01\/image-5.png","width":1170,"height":780},{"@type":"BreadcrumbList","@id":"https:\/\/www.oracaoefe.com\/luta-pela-fe-veja-a-sinopse-do-filme\/#breadcrumb","itemListElement":[{"@type":"ListItem","position":1,"name":"Home","item":"https:\/\/www.oracaoefe.com\/"},{"@type":"ListItem","position":2,"name":"Curiosidades","item":"https:\/\/www.oracaoefe.com\/es\/categoria\/curiosidades\/"},{"@type":"ListItem","position":3,"name":"Luta pela f\u00e9: veja a sinopse do filme"}]},{"@type":"WebSite","@id":"https:\/\/www.oracaoefe.com\/#website","url":"https:\/\/www.oracaoefe.com\/","name":"Oraci\u00f3n y fe","description":"","potentialAction":[{"@type":"SearchAction","target":{"@type":"EntryPoint","urlTemplate":"https:\/\/www.oracaoefe.com\/?s={search_term_string}"},"query-input":{"@type":"PropertyValueSpecification","valueRequired":true,"valueName":"search_term_string"}}],"inLanguage":"es"},{"@type":"Person","@id":"https:\/\/www.oracaoefe.com\/#\/schema\/person\/17283c669442cf005c4d5bb58adfb7f5","name":"Michele Azevedo","image":{"@type":"ImageObject","inLanguage":"es","@id":"https:\/\/secure.gravatar.com\/avatar\/6b0eb9d22841282815e2cd856a0061c45e1761cd54b22e952d98c4746939aa85?s=96&d=mm&r=g","url":"https:\/\/secure.gravatar.com\/avatar\/6b0eb9d22841282815e2cd856a0061c45e1761cd54b22e952d98c4746939aa85?s=96&d=mm&r=g","contentUrl":"https:\/\/secure.gravatar.com\/avatar\/6b0eb9d22841282815e2cd856a0061c45e1761cd54b22e952d98c4746939aa85?s=96&d=mm&r=g","caption":"Michele Azevedo"},"description":"Licenciada en Literatura Portuguesa\/Ingl\u00e9s por la UEPG, con posgrados en Arte en la Educaci\u00f3n y Psicopedagog\u00eda Escolar, es la creadora del sitio web Escritora de Sucesso, y escritora y editora de contenido para Ora\u00e7\u00e3o e F\u00e9 (Oraci\u00f3n y Fe) con gran fe y positividad.","url":"https:\/\/www.oracaoefe.com\/es\/author\/michele-azevedo\/"}]}},"_links":{"self":[{"href":"https:\/\/www.oracaoefe.com\/es\/wp-json\/wp\/v2\/posts\/3406","targetHints":{"allow":["GET"]}}],"collection":[{"href":"https:\/\/www.oracaoefe.com\/es\/wp-json\/wp\/v2\/posts"}],"about":[{"href":"https:\/\/www.oracaoefe.com\/es\/wp-json\/wp\/v2\/types\/post"}],"author":[{"embeddable":true,"href":"https:\/\/www.oracaoefe.com\/es\/wp-json\/wp\/v2\/users\/3"}],"replies":[{"embeddable":true,"href":"https:\/\/www.oracaoefe.com\/es\/wp-json\/wp\/v2\/comments?post=3406"}],"version-history":[{"count":2,"href":"https:\/\/www.oracaoefe.com\/es\/wp-json\/wp\/v2\/posts\/3406\/revisions"}],"predecessor-version":[{"id":3425,"href":"https:\/\/www.oracaoefe.com\/es\/wp-json\/wp\/v2\/posts\/3406\/revisions\/3425"}],"wp:featuredmedia":[{"embeddable":true,"href":"https:\/\/www.oracaoefe.com\/es\/wp-json\/wp\/v2\/media\/3417"}],"wp:attachment":[{"href":"https:\/\/www.oracaoefe.com\/es\/wp-json\/wp\/v2\/media?parent=3406"}],"wp:term":[{"taxonomy":"category","embeddable":true,"href":"https:\/\/www.oracaoefe.com\/es\/wp-json\/wp\/v2\/categories?post=3406"},{"taxonomy":"post_tag","embeddable":true,"href":"https:\/\/www.oracaoefe.com\/es\/wp-json\/wp\/v2\/tags?post=3406"}],"curies":[{"name":"wp","href":"https:\/\/api.w.org\/{rel}","templated":true}]}}