{"id":3232,"date":"2024-11-08T06:00:00","date_gmt":"2024-11-08T09:00:00","guid":{"rendered":"https:\/\/www.oracaoefe.com\/?p=3232"},"modified":"2024-10-18T00:43:28","modified_gmt":"2024-10-18T03:43:28","slug":"por-que-cristo-tuvo-que-ser-crucificado","status":"publish","type":"post","link":"https:\/\/www.oracaoefe.com\/es\/por-que-cristo-teve-que-ser-crucificado\/","title":{"rendered":"Por qu\u00e9 hubo que crucificar a Cristo"},"content":{"rendered":"<p>A <strong>crucifixi\u00f3n de Cristo<\/strong> es uno de los acontecimientos m\u00e1s notables de la historia de la humanidad, central para la fe cristiana. Muchos se preguntan por qu\u00e9 fue necesaria una muerte tan dolorosa y p\u00fablica. Comprender este sacrificio implica entender conceptos espirituales, hist\u00f3ricos y teol\u00f3gicos que explican el prop\u00f3sito mayor que subyace a este acto.<\/p>\n\n\n\n<h2 class=\"wp-block-heading\">El plan de la redenci\u00f3n divina<\/h2>\n\n\n\n<p>La crucifixi\u00f3n de Jes\u00fas no fue un accidente hist\u00f3rico, sino un acontecimiento planeado para redimir a la humanidad del pecado. En la teolog\u00eda cristiana, el pecado entr\u00f3 en el mundo por la desobediencia de Ad\u00e1n y Eva, rompiendo la relaci\u00f3n entre Dios y los seres humanos. Por lo tanto, se necesitaba un sacrificio perfecto para restaurar esa conexi\u00f3n.<\/p>\n\n\n\n<figure class=\"wp-block-image size-full is-resized\"><img loading=\"lazy\" decoding=\"async\" width=\"740\" height=\"493\" src=\"https:\/\/www.oracaoefe.com\/wp-content\/uploads\/2024\/10\/image-7.png\" alt=\"\" class=\"wp-image-3245\" style=\"width:840px;height:auto\" srcset=\"https:\/\/www.oracaoefe.com\/wp-content\/uploads\/2024\/10\/image-7.png 740w, https:\/\/www.oracaoefe.com\/wp-content\/uploads\/2024\/10\/image-7-300x200.png 300w, https:\/\/www.oracaoefe.com\/wp-content\/uploads\/2024\/10\/image-7-18x12.png 18w\" sizes=\"auto, (max-width: 740px) 100vw, 740px\" \/><\/figure>\n\n\n\n<p>Jes\u00fas, considerado el Hijo de Dios sin pecado, vino a la tierra para cumplir definitivamente esta misi\u00f3n. Asumi\u00f3 el papel de sustituto, ofreciendo su vida para que la humanidad pudiera reconciliarse con Dios.<\/p>\n\n\n\n<h2 class=\"wp-block-heading\">Por qu\u00e9 fue necesaria la muerte en la cruz<\/h2>\n\n\n\n<p>La muerte de Cristo en la cruz tiene un profundo significado. No fue una muerte cualquiera; la crucifixi\u00f3n era la forma de ejecuci\u00f3n m\u00e1s dolorosa y humillante de la \u00e9poca. Su elecci\u00f3n tiene varios significados espirituales:<\/p>\n\n\n\n<p>1# Demostrar el amor incondicional de Dios por la humanidad ofreciendo a su propio Hijo.<br>2# Cumplir las antiguas profec\u00edas que preve\u00edan un Mes\u00edas sufriente, como se relata en Isa\u00edas 53.<br>3# Para satisfacer la justicia divina, porque el castigo por el pecado es la muerte, y s\u00f3lo un sacrificio perfecto pod\u00eda pagar esa deuda.<\/p>\n\n\n\n<h2 class=\"wp-block-heading\">La conexi\u00f3n entre justicia y gracia<\/h2>\n\n\n\n<p>La justicia y la gracia son conceptos esenciales para entender por qu\u00e9 Cristo fue crucificado. La justicia de Dios exige que el pecado sea castigado, pero su gracia permite que los pecadores sean perdonados. Por esta raz\u00f3n, Cristo asumi\u00f3 la culpa de los pecados de la humanidad, pagando con su vida para que los seres humanos pudieran recibir la gracia divina.<\/p>\n\n\n\n<p>La cruz se convierte as\u00ed en s\u00edmbolo de la uni\u00f3n de estos dos principios: la justicia queda satisfecha y la gracia se derrama sobre los creyentes.<\/p>\n\n\n\n<h2 class=\"wp-block-heading\">La importancia de la resurrecci\u00f3n tras la crucifixi\u00f3n<\/h2>\n\n\n\n<p>La historia de la crucifixi\u00f3n no termina con la muerte de Cristo. Tres d\u00edas despu\u00e9s, resucit\u00f3, demostrando que la muerte no ten\u00eda poder sobre \u00c9l. La resurrecci\u00f3n es la prueba de la victoria sobre el pecado y la muerte, y ofrece la esperanza de la vida eterna a todos los que creen.<\/p>\n\n\n\n<p>Sin la resurrecci\u00f3n, la crucifixi\u00f3n no ser\u00eda m\u00e1s que un sacrificio ordinario. Sin embargo, la resurrecci\u00f3n confirma que Jes\u00fas era realmente el Hijo de Dios y que su misi\u00f3n se cumpli\u00f3 con \u00e9xito.<\/p>\n\n\n\n<h2 class=\"wp-block-heading\">El significado de la crucifixi\u00f3n para los cristianos de hoy<\/h2>\n\n\n\n<p>Para los cristianos, la crucifixi\u00f3n de Cristo no es s\u00f3lo un acontecimiento hist\u00f3rico, sino un recordatorio constante de que el amor y la gracia de Dios est\u00e1n al alcance de todos. Simboliza la esperanza de una vida nueva, el perd\u00f3n de los pecados y la certeza de que Dios no abandona a sus hijos, ni siquiera en tiempos de sufrimiento.<\/p>\n\n\n\n<p>La cruz tambi\u00e9n inspira la pr\u00e1ctica del amor y el perd\u00f3n. Al igual que Cristo perdon\u00f3 a sus verdugos, los cristianos est\u00e1n llamados a perdonar a los dem\u00e1s y a vivir con compasi\u00f3n.<\/p>\n\n\n\n<h2 class=\"wp-block-heading\">Lo que aprendemos del sacrificio de Cristo<\/h2>\n\n\n\n<p>La crucifixi\u00f3n de Cristo nos ense\u00f1a humildad, amor y sacrificio. A trav\u00e9s de este acto, aprendemos que no hay sufrimiento en vano y que el dolor puede tener un prop\u00f3sito mayor. La vida cristiana est\u00e1 marcada por la esperanza de que, al igual que Cristo venci\u00f3 a la muerte, nosotros tambi\u00e9n podemos superar los desaf\u00edos y encontrar la redenci\u00f3n.<\/p>\n\n\n\n<p>As\u00ed que la crucifixi\u00f3n no es s\u00f3lo la muerte, sino la promesa de una nueva vida y una relaci\u00f3n restaurada con Dios.<\/p>\n\n\n\n<p><strong>V\u00e9ase tambi\u00e9n: <a href=\"https:\/\/www.oracaoefe.com\/es\/lo-que-dice-la-biblia-sobre-el-eclipse-solar-ver-curiosidad\/\">Lo que dice la Biblia sobre los eclipses solares; vea las curiosidades<\/a><\/strong><\/p>\n\n\n\n<p>8 de noviembre de 2024<\/p>","protected":false},"excerpt":{"rendered":"<p>La crucifixi\u00f3n de Cristo es uno de los acontecimientos m\u00e1s significativos de la historia de la humanidad, fundamental para la fe cristiana. Muchos se preguntan por qu\u00e9 fue necesaria una muerte tan dolorosa y p\u00fablica. Comprender este sacrificio implica entender conceptos espirituales, hist\u00f3ricos y teol\u00f3gicos que explican el prop\u00f3sito superior de este acto. El plan de redenci\u00f3n\u2026&nbsp;<\/p>","protected":false},"author":3,"featured_media":3245,"comment_status":"closed","ping_status":"closed","sticky":false,"template":"","format":"standard","meta":{"neve_meta_sidebar":"","neve_meta_container":"","neve_meta_enable_content_width":"","neve_meta_content_width":0,"neve_meta_title_alignment":"","neve_meta_author_avatar":"","neve_post_elements_order":"","neve_meta_disable_header":"","neve_meta_disable_footer":"","neve_meta_disable_title":"","footnotes":""},"categories":[4],"tags":[],"class_list":["post-3232","post","type-post","status-publish","format-standard","has-post-thumbnail","hentry","category-fique-por-dentro"],"yoast_head":"<!-- This site is optimized with the Yoast SEO plugin v27.5 - https:\/\/yoast.com\/product\/yoast-seo-wordpress\/ -->\n<title>Por que Cristo teve que ser crucificado - Ora\u00e7\u00e3o e F\u00e9<\/title>\n<meta name=\"description\" content=\"Deus tem pra voc\u00ea uma palavra de vida!\" \/>\n<meta name=\"robots\" content=\"index, follow, max-snippet:-1, max-image-preview:large, max-video-preview:-1\" \/>\n<link rel=\"canonical\" href=\"https:\/\/www.oracaoefe.com\/es\/por-que-cristo-tuvo-que-ser-crucificado\/\" \/>\n<meta property=\"og:locale\" content=\"es_ES\" \/>\n<meta property=\"og:type\" content=\"article\" \/>\n<meta property=\"og:title\" content=\"Por que Cristo teve que ser crucificado - Ora\u00e7\u00e3o e F\u00e9\" \/>\n<meta property=\"og:description\" content=\"Deus tem pra voc\u00ea uma palavra de vida!\" \/>\n<meta property=\"og:url\" content=\"https:\/\/www.oracaoefe.com\/es\/por-que-cristo-tuvo-que-ser-crucificado\/\" \/>\n<meta property=\"og:site_name\" content=\"Ora\u00e7\u00e3o e F\u00e9\" \/>\n<meta property=\"article:published_time\" content=\"2024-11-08T09:00:00+00:00\" \/>\n<meta property=\"og:image\" content=\"https:\/\/www.oracaoefe.com\/wp-content\/uploads\/2024\/10\/image-7.png\" \/>\n\t<meta property=\"og:image:width\" content=\"740\" \/>\n\t<meta property=\"og:image:height\" content=\"493\" \/>\n\t<meta property=\"og:image:type\" content=\"image\/png\" \/>\n<meta name=\"author\" content=\"Michele Azevedo\" \/>\n<meta name=\"twitter:card\" content=\"summary_large_image\" \/>\n<meta name=\"twitter:label1\" content=\"Escrito por\" \/>\n\t<meta name=\"twitter:data1\" content=\"Michele Azevedo\" \/>\n\t<meta name=\"twitter:label2\" content=\"Tiempo de lectura\" \/>\n\t<meta name=\"twitter:data2\" content=\"3 minutos\" \/>\n<script type=\"application\/ld+json\" class=\"yoast-schema-graph\">{\"@context\":\"https:\\\/\\\/schema.org\",\"@graph\":[{\"@type\":\"Article\",\"@id\":\"https:\\\/\\\/www.oracaoefe.com\\\/por-que-cristo-teve-que-ser-crucificado\\\/#article\",\"isPartOf\":{\"@id\":\"https:\\\/\\\/www.oracaoefe.com\\\/por-que-cristo-teve-que-ser-crucificado\\\/\"},\"author\":{\"name\":\"Michele Azevedo\",\"@id\":\"https:\\\/\\\/www.oracaoefe.com\\\/#\\\/schema\\\/person\\\/17283c669442cf005c4d5bb58adfb7f5\"},\"headline\":\"Por que Cristo teve que ser crucificado\",\"datePublished\":\"2024-11-08T09:00:00+00:00\",\"mainEntityOfPage\":{\"@id\":\"https:\\\/\\\/www.oracaoefe.com\\\/por-que-cristo-teve-que-ser-crucificado\\\/\"},\"wordCount\":699,\"image\":{\"@id\":\"https:\\\/\\\/www.oracaoefe.com\\\/por-que-cristo-teve-que-ser-crucificado\\\/#primaryimage\"},\"thumbnailUrl\":\"https:\\\/\\\/www.oracaoefe.com\\\/wp-content\\\/uploads\\\/2024\\\/10\\\/image-7.png\",\"articleSection\":[\"Fique por Dentro\"],\"inLanguage\":\"es\"},{\"@type\":\"WebPage\",\"@id\":\"https:\\\/\\\/www.oracaoefe.com\\\/por-que-cristo-teve-que-ser-crucificado\\\/\",\"url\":\"https:\\\/\\\/www.oracaoefe.com\\\/por-que-cristo-teve-que-ser-crucificado\\\/\",\"name\":\"Por que Cristo teve que ser crucificado - Ora\u00e7\u00e3o e F\u00e9\",\"isPartOf\":{\"@id\":\"https:\\\/\\\/www.oracaoefe.com\\\/#website\"},\"primaryImageOfPage\":{\"@id\":\"https:\\\/\\\/www.oracaoefe.com\\\/por-que-cristo-teve-que-ser-crucificado\\\/#primaryimage\"},\"image\":{\"@id\":\"https:\\\/\\\/www.oracaoefe.com\\\/por-que-cristo-teve-que-ser-crucificado\\\/#primaryimage\"},\"thumbnailUrl\":\"https:\\\/\\\/www.oracaoefe.com\\\/wp-content\\\/uploads\\\/2024\\\/10\\\/image-7.png\",\"datePublished\":\"2024-11-08T09:00:00+00:00\",\"author\":{\"@id\":\"https:\\\/\\\/www.oracaoefe.com\\\/#\\\/schema\\\/person\\\/17283c669442cf005c4d5bb58adfb7f5\"},\"description\":\"Deus tem pra voc\u00ea uma palavra de vida!\",\"breadcrumb\":{\"@id\":\"https:\\\/\\\/www.oracaoefe.com\\\/por-que-cristo-teve-que-ser-crucificado\\\/#breadcrumb\"},\"inLanguage\":\"es\",\"potentialAction\":[{\"@type\":\"ReadAction\",\"target\":[\"https:\\\/\\\/www.oracaoefe.com\\\/por-que-cristo-teve-que-ser-crucificado\\\/\"]}]},{\"@type\":\"ImageObject\",\"inLanguage\":\"es\",\"@id\":\"https:\\\/\\\/www.oracaoefe.com\\\/por-que-cristo-teve-que-ser-crucificado\\\/#primaryimage\",\"url\":\"https:\\\/\\\/www.oracaoefe.com\\\/wp-content\\\/uploads\\\/2024\\\/10\\\/image-7.png\",\"contentUrl\":\"https:\\\/\\\/www.oracaoefe.com\\\/wp-content\\\/uploads\\\/2024\\\/10\\\/image-7.png\",\"width\":740,\"height\":493},{\"@type\":\"BreadcrumbList\",\"@id\":\"https:\\\/\\\/www.oracaoefe.com\\\/por-que-cristo-teve-que-ser-crucificado\\\/#breadcrumb\",\"itemListElement\":[{\"@type\":\"ListItem\",\"position\":1,\"name\":\"Home\",\"item\":\"https:\\\/\\\/www.oracaoefe.com\\\/\"},{\"@type\":\"ListItem\",\"position\":2,\"name\":\"Fique por Dentro\",\"item\":\"https:\\\/\\\/www.oracaoefe.com\\\/category\\\/fique-por-dentro\\\/\"},{\"@type\":\"ListItem\",\"position\":3,\"name\":\"Por que Cristo teve que ser crucificado\"}]},{\"@type\":\"WebSite\",\"@id\":\"https:\\\/\\\/www.oracaoefe.com\\\/#website\",\"url\":\"https:\\\/\\\/www.oracaoefe.com\\\/\",\"name\":\"Ora\u00e7\u00e3o e F\u00e9\",\"description\":\"\",\"potentialAction\":[{\"@type\":\"SearchAction\",\"target\":{\"@type\":\"EntryPoint\",\"urlTemplate\":\"https:\\\/\\\/www.oracaoefe.com\\\/?s={search_term_string}\"},\"query-input\":{\"@type\":\"PropertyValueSpecification\",\"valueRequired\":true,\"valueName\":\"search_term_string\"}}],\"inLanguage\":\"es\"},{\"@type\":\"Person\",\"@id\":\"https:\\\/\\\/www.oracaoefe.com\\\/#\\\/schema\\\/person\\\/17283c669442cf005c4d5bb58adfb7f5\",\"name\":\"Michele Azevedo\",\"image\":{\"@type\":\"ImageObject\",\"inLanguage\":\"es\",\"@id\":\"https:\\\/\\\/secure.gravatar.com\\\/avatar\\\/6b0eb9d22841282815e2cd856a0061c45e1761cd54b22e952d98c4746939aa85?s=96&d=mm&r=g\",\"url\":\"https:\\\/\\\/secure.gravatar.com\\\/avatar\\\/6b0eb9d22841282815e2cd856a0061c45e1761cd54b22e952d98c4746939aa85?s=96&d=mm&r=g\",\"contentUrl\":\"https:\\\/\\\/secure.gravatar.com\\\/avatar\\\/6b0eb9d22841282815e2cd856a0061c45e1761cd54b22e952d98c4746939aa85?s=96&d=mm&r=g\",\"caption\":\"Michele Azevedo\"},\"description\":\"Formada em Letras - Portugu\u00eas\\\/ Ingl\u00eas pela UEPG, p\u00f3s-graduada em Arte na Educa\u00e7\u00e3o e Psicopedagogia Escolar, idealizadora do site Escritora de Sucesso, redatora e revisora dos conte\u00fados do Ora\u00e7\u00e3o e F\u00e9 com muita f\u00e9 e positividade.\",\"url\":\"https:\\\/\\\/www.oracaoefe.com\\\/es\\\/author\\\/michele-azevedo\\\/\"}]}<\/script>\n<!-- \/ Yoast SEO plugin. -->","yoast_head_json":{"title":"Por qu\u00e9 Cristo tuvo que ser crucificado - Oraci\u00f3n y Fe","description":"\u00a1Dios tiene una palabra de vida para ti!","robots":{"index":"index","follow":"follow","max-snippet":"max-snippet:-1","max-image-preview":"max-image-preview:large","max-video-preview":"max-video-preview:-1"},"canonical":"https:\/\/www.oracaoefe.com\/es\/por-que-cristo-tuvo-que-ser-crucificado\/","og_locale":"es_ES","og_type":"article","og_title":"Por que Cristo teve que ser crucificado - Ora\u00e7\u00e3o e F\u00e9","og_description":"Deus tem pra voc\u00ea uma palavra de vida!","og_url":"https:\/\/www.oracaoefe.com\/es\/por-que-cristo-tuvo-que-ser-crucificado\/","og_site_name":"Ora\u00e7\u00e3o e F\u00e9","article_published_time":"2024-11-08T09:00:00+00:00","og_image":[{"width":740,"height":493,"url":"https:\/\/www.oracaoefe.com\/wp-content\/uploads\/2024\/10\/image-7.png","type":"image\/png"}],"author":"Michele Azevedo","twitter_card":"summary_large_image","twitter_misc":{"Escrito por":"Michele Azevedo","Tiempo de lectura":"3 minutos"},"schema":{"@context":"https:\/\/schema.org","@graph":[{"@type":"Article","@id":"https:\/\/www.oracaoefe.com\/por-que-cristo-teve-que-ser-crucificado\/#article","isPartOf":{"@id":"https:\/\/www.oracaoefe.com\/por-que-cristo-teve-que-ser-crucificado\/"},"author":{"name":"Michele Azevedo","@id":"https:\/\/www.oracaoefe.com\/#\/schema\/person\/17283c669442cf005c4d5bb58adfb7f5"},"headline":"Por que Cristo teve que ser crucificado","datePublished":"2024-11-08T09:00:00+00:00","mainEntityOfPage":{"@id":"https:\/\/www.oracaoefe.com\/por-que-cristo-teve-que-ser-crucificado\/"},"wordCount":699,"image":{"@id":"https:\/\/www.oracaoefe.com\/por-que-cristo-teve-que-ser-crucificado\/#primaryimage"},"thumbnailUrl":"https:\/\/www.oracaoefe.com\/wp-content\/uploads\/2024\/10\/image-7.png","articleSection":["Fique por Dentro"],"inLanguage":"es"},{"@type":"WebPage","@id":"https:\/\/www.oracaoefe.com\/por-que-cristo-teve-que-ser-crucificado\/","url":"https:\/\/www.oracaoefe.com\/por-que-cristo-teve-que-ser-crucificado\/","name":"Por qu\u00e9 Cristo tuvo que ser crucificado - Oraci\u00f3n y Fe","isPartOf":{"@id":"https:\/\/www.oracaoefe.com\/#website"},"primaryImageOfPage":{"@id":"https:\/\/www.oracaoefe.com\/por-que-cristo-teve-que-ser-crucificado\/#primaryimage"},"image":{"@id":"https:\/\/www.oracaoefe.com\/por-que-cristo-teve-que-ser-crucificado\/#primaryimage"},"thumbnailUrl":"https:\/\/www.oracaoefe.com\/wp-content\/uploads\/2024\/10\/image-7.png","datePublished":"2024-11-08T09:00:00+00:00","author":{"@id":"https:\/\/www.oracaoefe.com\/#\/schema\/person\/17283c669442cf005c4d5bb58adfb7f5"},"description":"\u00a1Dios tiene una palabra de vida para ti!","breadcrumb":{"@id":"https:\/\/www.oracaoefe.com\/por-que-cristo-teve-que-ser-crucificado\/#breadcrumb"},"inLanguage":"es","potentialAction":[{"@type":"ReadAction","target":["https:\/\/www.oracaoefe.com\/por-que-cristo-teve-que-ser-crucificado\/"]}]},{"@type":"ImageObject","inLanguage":"es","@id":"https:\/\/www.oracaoefe.com\/por-que-cristo-teve-que-ser-crucificado\/#primaryimage","url":"https:\/\/www.oracaoefe.com\/wp-content\/uploads\/2024\/10\/image-7.png","contentUrl":"https:\/\/www.oracaoefe.com\/wp-content\/uploads\/2024\/10\/image-7.png","width":740,"height":493},{"@type":"BreadcrumbList","@id":"https:\/\/www.oracaoefe.com\/por-que-cristo-teve-que-ser-crucificado\/#breadcrumb","itemListElement":[{"@type":"ListItem","position":1,"name":"Home","item":"https:\/\/www.oracaoefe.com\/"},{"@type":"ListItem","position":2,"name":"Fique por Dentro","item":"https:\/\/www.oracaoefe.com\/category\/fique-por-dentro\/"},{"@type":"ListItem","position":3,"name":"Por que Cristo teve que ser crucificado"}]},{"@type":"WebSite","@id":"https:\/\/www.oracaoefe.com\/#website","url":"https:\/\/www.oracaoefe.com\/","name":"Oraci\u00f3n y fe","description":"","potentialAction":[{"@type":"SearchAction","target":{"@type":"EntryPoint","urlTemplate":"https:\/\/www.oracaoefe.com\/?s={search_term_string}"},"query-input":{"@type":"PropertyValueSpecification","valueRequired":true,"valueName":"search_term_string"}}],"inLanguage":"es"},{"@type":"Person","@id":"https:\/\/www.oracaoefe.com\/#\/schema\/person\/17283c669442cf005c4d5bb58adfb7f5","name":"Michele Azevedo","image":{"@type":"ImageObject","inLanguage":"es","@id":"https:\/\/secure.gravatar.com\/avatar\/6b0eb9d22841282815e2cd856a0061c45e1761cd54b22e952d98c4746939aa85?s=96&d=mm&r=g","url":"https:\/\/secure.gravatar.com\/avatar\/6b0eb9d22841282815e2cd856a0061c45e1761cd54b22e952d98c4746939aa85?s=96&d=mm&r=g","contentUrl":"https:\/\/secure.gravatar.com\/avatar\/6b0eb9d22841282815e2cd856a0061c45e1761cd54b22e952d98c4746939aa85?s=96&d=mm&r=g","caption":"Michele Azevedo"},"description":"Licenciada en Literatura Portuguesa\/Ingl\u00e9s por la UEPG, con posgrados en Arte en la Educaci\u00f3n y Psicopedagog\u00eda Escolar, es la creadora del sitio web Escritora de Sucesso, y escritora y editora de contenido para Ora\u00e7\u00e3o e F\u00e9 (Oraci\u00f3n y Fe) con gran fe y positividad.","url":"https:\/\/www.oracaoefe.com\/es\/author\/michele-azevedo\/"}]}},"_links":{"self":[{"href":"https:\/\/www.oracaoefe.com\/es\/wp-json\/wp\/v2\/posts\/3232","targetHints":{"allow":["GET"]}}],"collection":[{"href":"https:\/\/www.oracaoefe.com\/es\/wp-json\/wp\/v2\/posts"}],"about":[{"href":"https:\/\/www.oracaoefe.com\/es\/wp-json\/wp\/v2\/types\/post"}],"author":[{"embeddable":true,"href":"https:\/\/www.oracaoefe.com\/es\/wp-json\/wp\/v2\/users\/3"}],"replies":[{"embeddable":true,"href":"https:\/\/www.oracaoefe.com\/es\/wp-json\/wp\/v2\/comments?post=3232"}],"version-history":[{"count":2,"href":"https:\/\/www.oracaoefe.com\/es\/wp-json\/wp\/v2\/posts\/3232\/revisions"}],"predecessor-version":[{"id":3255,"href":"https:\/\/www.oracaoefe.com\/es\/wp-json\/wp\/v2\/posts\/3232\/revisions\/3255"}],"wp:featuredmedia":[{"embeddable":true,"href":"https:\/\/www.oracaoefe.com\/es\/wp-json\/wp\/v2\/media\/3245"}],"wp:attachment":[{"href":"https:\/\/www.oracaoefe.com\/es\/wp-json\/wp\/v2\/media?parent=3232"}],"wp:term":[{"taxonomy":"category","embeddable":true,"href":"https:\/\/www.oracaoefe.com\/es\/wp-json\/wp\/v2\/categories?post=3232"},{"taxonomy":"post_tag","embeddable":true,"href":"https:\/\/www.oracaoefe.com\/es\/wp-json\/wp\/v2\/tags?post=3232"}],"curies":[{"name":"wp","href":"https:\/\/api.w.org\/{rel}","templated":true}]}}