{"id":3220,"date":"2024-10-21T06:00:00","date_gmt":"2024-10-21T09:00:00","guid":{"rendered":"https:\/\/www.oracaoefe.com\/?p=3220"},"modified":"2024-10-18T00:41:58","modified_gmt":"2024-10-18T03:41:58","slug":"dios-esta-en-control-de-todo-y-tiene-todo-el-poder-entiendan-esto","status":"publish","type":"post","link":"https:\/\/www.oracaoefe.com\/es\/deus-esta-no-controle-de-tudo-e-tem-todo-poder-entenda\/","title":{"rendered":"Dios lo controla todo y tiene todo el poder; comprenda"},"content":{"rendered":"<p>En tiempos de incertidumbre, muchas personas buscan consuelo en la idea de que Dios lo controla todo. Esta creencia puede aportar paz y esperanza, especialmente en tiempos dif\u00edciles. Sin embargo, \u00bfqu\u00e9 significa realmente que Dios tiene todo el poder? Analicemos esta idea a continuaci\u00f3n, tratando de entender c\u00f3mo se aplica a nuestra vida cotidiana.<\/p>\n\n\n\n<h2 class=\"wp-block-heading\">La naturaleza del control divino<\/h2>\n\n\n\n<p>La creencia de que Dios tiene el control implica que \u00c9l tiene autoridad sobre todas las cosas. Este punto de vista es com\u00fan en varias tradiciones religiosas y ofrece la perspectiva de que, a pesar de las dificultades, hay un prop\u00f3sito mayor en todo lo que ocurre. Este control no s\u00f3lo se ejerce sobre los acontecimientos grandiosos, sino tambi\u00e9n sobre los peque\u00f1os detalles de nuestras vidas.<\/p>\n\n\n\n<figure class=\"wp-block-image size-full is-resized\"><img loading=\"lazy\" decoding=\"async\" width=\"740\" height=\"415\" src=\"https:\/\/www.oracaoefe.com\/wp-content\/uploads\/2024\/10\/image-1.png\" alt=\"\" class=\"wp-image-3239\" style=\"width:840px;height:auto\" srcset=\"https:\/\/www.oracaoefe.com\/wp-content\/uploads\/2024\/10\/image-1.png 740w, https:\/\/www.oracaoefe.com\/wp-content\/uploads\/2024\/10\/image-1-300x168.png 300w, https:\/\/www.oracaoefe.com\/wp-content\/uploads\/2024\/10\/image-1-18x10.png 18w, https:\/\/www.oracaoefe.com\/wp-content\/uploads\/2024\/10\/image-1-350x195.png 350w, https:\/\/www.oracaoefe.com\/wp-content\/uploads\/2024\/10\/image-1-383x215.png 383w\" sizes=\"auto, (max-width: 740px) 100vw, 740px\" \/><\/figure>\n\n\n\n<h3 class=\"wp-block-heading\">1# La visi\u00f3n teol\u00f3gica<\/h3>\n\n\n\n<p>Desde un punto de vista teol\u00f3gico, el control de Dios se describe a menudo como soberan\u00eda. Esto significa que \u00c9l es supremo y no est\u00e1 sujeto a nada ni a nadie. Esta soberan\u00eda es un tema recurrente en las Sagradas Escrituras, donde se subraya que Dios conoce el futuro y act\u00faa de acuerdo con su plan divino. Esta certeza puede ser reconfortante, ya que sugiere que, incluso en medio del caos, existe un orden subyacente.<\/p>\n\n\n\n<h3 class=\"wp-block-heading\">2# El poder de Dios en la creaci\u00f3n<\/h3>\n\n\n\n<p>La creaci\u00f3n del mundo se cita a menudo como ejemplo del poder de Dios. Seg\u00fan la tradici\u00f3n, cre\u00f3 todo de la nada. Esto demuestra no s\u00f3lo su poder absoluto, sino tambi\u00e9n su capacidad para dar vida y orden donde antes hab\u00eda vac\u00edo. Esta idea nos invita a reflexionar sobre la belleza y la complejidad del mundo que nos rodea, llev\u00e1ndonos a reconocer la mano divina en todos los aspectos de la vida.<\/p>\n\n\n\n<h3 class=\"wp-block-heading\">3# La presencia de Dios en nuestras vidas<\/h3>\n\n\n\n<p>La idea de que Dios tiene el control se extiende tambi\u00e9n a su presencia en nuestras vidas. Muchas personas relatan experiencias en las que sienten que Dios act\u00faa activamente en sus situaciones, guiando sus decisiones y ofreci\u00e9ndoles consuelo en momentos de tristeza. Esta conexi\u00f3n personal con lo divino puede ser una fuente de fuerza y aliento, que nos ayuda a afrontar los retos diarios con fe y confianza.<\/p>\n\n\n\n<h2 class=\"wp-block-heading\">\u00bfC\u00f3mo afrontar la incertidumbre?<\/h2>\n\n\n\n<p>La vida est\u00e1 llena de incertidumbres y situaciones imprevistas. Saber que Dios tiene el control puede ser un b\u00e1lsamo para las almas ansiosas. La fe en Su soberan\u00eda puede ayudarnos a encontrar sentido a acontecimientos que parecen aleatorios o injustos.<\/p>\n\n\n\n<h3 class=\"wp-block-heading\">1# La importancia de la oraci\u00f3n<\/h3>\n\n\n\n<p>La oraci\u00f3n es una pr\u00e1ctica fundamental para quienes creen que Dios tiene el control. Cuando rezamos, no s\u00f3lo expresamos nuestras preocupaciones y peticiones, sino que tambi\u00e9n tratamos de alinear nuestros deseos con la voluntad de Dios. La oraci\u00f3n puede proporcionar una sensaci\u00f3n de paz, incluso cuando las respuestas no llegan de la forma que esperamos.<\/p>\n\n\n\n<h3 class=\"wp-block-heading\">2# Confiar en los planes de Dios<\/h3>\n\n\n\n<p>Confiar en que Dios tiene un plan para cada uno de nosotros es esencial. Aunque puede que no entendamos los acontecimientos de nuestras vidas en ese momento, muchas tradiciones religiosas ense\u00f1an que todo ocurre por una raz\u00f3n. Esta comprensi\u00f3n nos anima a mantener la esperanza, incluso cuando nos enfrentamos a retos importantes. La fe se convierte en una gu\u00eda que nos permite seguir adelante.<\/p>\n\n\n\n<h3 class=\"wp-block-heading\">3# Resiliencia ante la adversidad<\/h3>\n\n\n\n<p>Cuando reconocemos que Dios tiene el control, podemos afrontar la adversidad con mayor resistencia. Confiar en que \u00c9l tiene todo el poder nos permite afrontar los retos con valent\u00eda. Esta actitud no significa que no tengamos momentos de debilidad, sino que podemos levantarnos y seguir adelante, seguros de que no estamos solos.<\/p>\n\n\n\n<h2 class=\"wp-block-heading\">El poder transformador de la fe<\/h2>\n\n\n\n<p>La fe en un Dios que tiene el control puede transformar nuestra forma de vivir la vida. Esta perspectiva nos invita a ver cada d\u00eda como una nueva oportunidad para crecer y aprender, independientemente de las circunstancias.<\/p>\n\n\n\n<h3 class=\"wp-block-heading\">1# Cambio de perspectiva<\/h3>\n\n\n\n<p>Cuando adoptamos la creencia de que Dios lo controla todo, empezamos a ver los retos de otra manera. En lugar de dejarnos consumir por el miedo y la ansiedad, podemos ver las dificultades como oportunidades de crecimiento. Este cambio de perspectiva es crucial para cultivar una vida m\u00e1s plena y significativa.<\/p>\n\n\n\n<h3 class=\"wp-block-heading\">2# El poder de la comunidad<\/h3>\n\n\n\n<p>Tener fe en un Dios soberano tambi\u00e9n nos conecta con otras personas que comparten esta creencia. Las comunidades de fe ofrecen apoyo y aliento, lo que nos permite fortalecernos mutuamente. Juntos, podemos afrontar las dificultades, sabiendo que no estamos solos en nuestro camino.<\/p>\n\n\n\n<h3 class=\"wp-block-heading\">3# Esperanza en el futuro<\/h3>\n\n\n\n<p>Creer que Dios tiene el control nos da esperanza para el futuro. Saber que \u00c9l tiene un prop\u00f3sito mayor nos permite mirar hacia adelante con optimismo. Esta esperanza es uno de los mayores regalos que nos puede dar la fe, que nos permite vivir con confianza y alegr\u00eda, incluso en tiempos de incertidumbre.<\/p>\n\n\n\n<h2 class=\"wp-block-heading\">Reflexiones finales<\/h2>\n\n\n\n<p>La creencia de que Dios tiene el control y todo el poder es una invitaci\u00f3n a confiar en algo m\u00e1s grande que nosotros mismos. Esta idea no s\u00f3lo nos reconforta, sino que transforma nuestra forma de vivir la vida. Al reconocer esta verdad, podemos afrontar los retos con valent\u00eda y resistencia, sabiendo que hay un prop\u00f3sito mayor en cada situaci\u00f3n.<\/p>\n\n\n\n<h3 class=\"wp-block-heading\">Abrazar la fe a diario<\/h3>\n\n\n\n<p>Vivir con la conciencia de que Dios tiene el control nos invita a abrazar la fe a diario. Cada peque\u00f1o paso, cada oraci\u00f3n, cada acto de bondad es una forma de afirmar nuestra confianza en Su soberan\u00eda. A medida que profundizamos en esta fe, encontramos no s\u00f3lo paz, sino tambi\u00e9n un prop\u00f3sito renovado en nuestras vidas. Que sigamos buscando esta verdad y vivamos con la certeza de que estamos en manos de un Dios que cuida de nosotros.<\/p>\n\n\n\n<p><strong>V\u00e9ase tambi\u00e9n: <a href=\"https:\/\/www.oracaoefe.com\/es\/lo-que-dice-la-biblia-sobre-el-eclipse-solar-ver-curiosidad\/\">Lo que dice la Biblia sobre los eclipses solares; vea las curiosidades<\/a><\/strong><\/p>\n\n\n\n<p>21 de octubre de 2024<\/p>","protected":false},"excerpt":{"rendered":"<p>En tiempos de incertidumbre, muchas personas buscan consuelo en la idea de que Dios tiene el control de todo. Esta creencia puede brindar paz y esperanza, especialmente en momentos dif\u00edciles. Sin embargo, \u00bfqu\u00e9 significa realmente que Dios tenga todo el poder? Reflexionemos sobre esta idea a continuaci\u00f3n, buscando comprender c\u00f3mo se aplica a nuestra vida diaria\u2026&nbsp;<\/p>","protected":false},"author":3,"featured_media":3239,"comment_status":"closed","ping_status":"closed","sticky":false,"template":"","format":"standard","meta":{"neve_meta_sidebar":"","neve_meta_container":"","neve_meta_enable_content_width":"","neve_meta_content_width":0,"neve_meta_title_alignment":"","neve_meta_author_avatar":"","neve_post_elements_order":"","neve_meta_disable_header":"","neve_meta_disable_footer":"","neve_meta_disable_title":"","footnotes":""},"categories":[3],"tags":[],"class_list":["post-3220","post","type-post","status-publish","format-standard","has-post-thumbnail","hentry","category-fe"],"yoast_head":"<!-- This site is optimized with the Yoast SEO plugin v27.5 - https:\/\/yoast.com\/product\/yoast-seo-wordpress\/ -->\n<title>Deus est\u00e1 no controle de tudo e tem todo poder; entenda - Ora\u00e7\u00e3o e F\u00e9<\/title>\n<meta name=\"description\" content=\"Deus tem pra voc\u00ea uma palavra de vida!\" \/>\n<meta name=\"robots\" content=\"index, follow, max-snippet:-1, max-image-preview:large, max-video-preview:-1\" \/>\n<link rel=\"canonical\" href=\"https:\/\/www.oracaoefe.com\/es\/dios-esta-en-control-de-todo-y-tiene-todo-el-poder-entiendan-esto\/\" \/>\n<meta property=\"og:locale\" content=\"es_ES\" \/>\n<meta property=\"og:type\" content=\"article\" \/>\n<meta property=\"og:title\" content=\"Deus est\u00e1 no controle de tudo e tem todo poder; entenda - Ora\u00e7\u00e3o e F\u00e9\" \/>\n<meta property=\"og:description\" content=\"Deus tem pra voc\u00ea uma palavra de vida!\" \/>\n<meta property=\"og:url\" content=\"https:\/\/www.oracaoefe.com\/es\/dios-esta-en-control-de-todo-y-tiene-todo-el-poder-entiendan-esto\/\" \/>\n<meta property=\"og:site_name\" content=\"Ora\u00e7\u00e3o e F\u00e9\" \/>\n<meta property=\"article:published_time\" content=\"2024-10-21T09:00:00+00:00\" \/>\n<meta property=\"og:image\" content=\"https:\/\/www.oracaoefe.com\/wp-content\/uploads\/2024\/10\/image-1.png\" \/>\n\t<meta property=\"og:image:width\" content=\"740\" \/>\n\t<meta property=\"og:image:height\" content=\"415\" \/>\n\t<meta property=\"og:image:type\" content=\"image\/png\" \/>\n<meta name=\"author\" content=\"Michele Azevedo\" \/>\n<meta name=\"twitter:card\" content=\"summary_large_image\" \/>\n<meta name=\"twitter:label1\" content=\"Escrito por\" \/>\n\t<meta name=\"twitter:data1\" content=\"Michele Azevedo\" \/>\n\t<meta name=\"twitter:label2\" content=\"Tiempo de lectura\" \/>\n\t<meta name=\"twitter:data2\" content=\"5 minutos\" \/>\n<script type=\"application\/ld+json\" class=\"yoast-schema-graph\">{\"@context\":\"https:\\\/\\\/schema.org\",\"@graph\":[{\"@type\":\"Article\",\"@id\":\"https:\\\/\\\/www.oracaoefe.com\\\/deus-esta-no-controle-de-tudo-e-tem-todo-poder-entenda\\\/#article\",\"isPartOf\":{\"@id\":\"https:\\\/\\\/www.oracaoefe.com\\\/deus-esta-no-controle-de-tudo-e-tem-todo-poder-entenda\\\/\"},\"author\":{\"name\":\"Michele Azevedo\",\"@id\":\"https:\\\/\\\/www.oracaoefe.com\\\/#\\\/schema\\\/person\\\/17283c669442cf005c4d5bb58adfb7f5\"},\"headline\":\"Deus est\u00e1 no controle de tudo e tem todo poder; entenda\",\"datePublished\":\"2024-10-21T09:00:00+00:00\",\"mainEntityOfPage\":{\"@id\":\"https:\\\/\\\/www.oracaoefe.com\\\/deus-esta-no-controle-de-tudo-e-tem-todo-poder-entenda\\\/\"},\"wordCount\":1019,\"image\":{\"@id\":\"https:\\\/\\\/www.oracaoefe.com\\\/deus-esta-no-controle-de-tudo-e-tem-todo-poder-entenda\\\/#primaryimage\"},\"thumbnailUrl\":\"https:\\\/\\\/www.oracaoefe.com\\\/wp-content\\\/uploads\\\/2024\\\/10\\\/image-1.png\",\"articleSection\":[\"F\u00e9\"],\"inLanguage\":\"es\"},{\"@type\":\"WebPage\",\"@id\":\"https:\\\/\\\/www.oracaoefe.com\\\/deus-esta-no-controle-de-tudo-e-tem-todo-poder-entenda\\\/\",\"url\":\"https:\\\/\\\/www.oracaoefe.com\\\/deus-esta-no-controle-de-tudo-e-tem-todo-poder-entenda\\\/\",\"name\":\"Deus est\u00e1 no controle de tudo e tem todo poder; entenda - Ora\u00e7\u00e3o e F\u00e9\",\"isPartOf\":{\"@id\":\"https:\\\/\\\/www.oracaoefe.com\\\/#website\"},\"primaryImageOfPage\":{\"@id\":\"https:\\\/\\\/www.oracaoefe.com\\\/deus-esta-no-controle-de-tudo-e-tem-todo-poder-entenda\\\/#primaryimage\"},\"image\":{\"@id\":\"https:\\\/\\\/www.oracaoefe.com\\\/deus-esta-no-controle-de-tudo-e-tem-todo-poder-entenda\\\/#primaryimage\"},\"thumbnailUrl\":\"https:\\\/\\\/www.oracaoefe.com\\\/wp-content\\\/uploads\\\/2024\\\/10\\\/image-1.png\",\"datePublished\":\"2024-10-21T09:00:00+00:00\",\"author\":{\"@id\":\"https:\\\/\\\/www.oracaoefe.com\\\/#\\\/schema\\\/person\\\/17283c669442cf005c4d5bb58adfb7f5\"},\"description\":\"Deus tem pra voc\u00ea uma palavra de vida!\",\"breadcrumb\":{\"@id\":\"https:\\\/\\\/www.oracaoefe.com\\\/deus-esta-no-controle-de-tudo-e-tem-todo-poder-entenda\\\/#breadcrumb\"},\"inLanguage\":\"es\",\"potentialAction\":[{\"@type\":\"ReadAction\",\"target\":[\"https:\\\/\\\/www.oracaoefe.com\\\/deus-esta-no-controle-de-tudo-e-tem-todo-poder-entenda\\\/\"]}]},{\"@type\":\"ImageObject\",\"inLanguage\":\"es\",\"@id\":\"https:\\\/\\\/www.oracaoefe.com\\\/deus-esta-no-controle-de-tudo-e-tem-todo-poder-entenda\\\/#primaryimage\",\"url\":\"https:\\\/\\\/www.oracaoefe.com\\\/wp-content\\\/uploads\\\/2024\\\/10\\\/image-1.png\",\"contentUrl\":\"https:\\\/\\\/www.oracaoefe.com\\\/wp-content\\\/uploads\\\/2024\\\/10\\\/image-1.png\",\"width\":740,\"height\":415,\"caption\":\"Deus est\u00e1 no controle de tudo\"},{\"@type\":\"BreadcrumbList\",\"@id\":\"https:\\\/\\\/www.oracaoefe.com\\\/deus-esta-no-controle-de-tudo-e-tem-todo-poder-entenda\\\/#breadcrumb\",\"itemListElement\":[{\"@type\":\"ListItem\",\"position\":1,\"name\":\"Home\",\"item\":\"https:\\\/\\\/www.oracaoefe.com\\\/\"},{\"@type\":\"ListItem\",\"position\":2,\"name\":\"F\u00e9\",\"item\":\"https:\\\/\\\/www.oracaoefe.com\\\/es\\\/categoria\\\/fe\\\/\"},{\"@type\":\"ListItem\",\"position\":3,\"name\":\"Deus est\u00e1 no controle de tudo e tem todo poder; entenda\"}]},{\"@type\":\"WebSite\",\"@id\":\"https:\\\/\\\/www.oracaoefe.com\\\/#website\",\"url\":\"https:\\\/\\\/www.oracaoefe.com\\\/\",\"name\":\"Ora\u00e7\u00e3o e F\u00e9\",\"description\":\"\",\"potentialAction\":[{\"@type\":\"SearchAction\",\"target\":{\"@type\":\"EntryPoint\",\"urlTemplate\":\"https:\\\/\\\/www.oracaoefe.com\\\/?s={search_term_string}\"},\"query-input\":{\"@type\":\"PropertyValueSpecification\",\"valueRequired\":true,\"valueName\":\"search_term_string\"}}],\"inLanguage\":\"es\"},{\"@type\":\"Person\",\"@id\":\"https:\\\/\\\/www.oracaoefe.com\\\/#\\\/schema\\\/person\\\/17283c669442cf005c4d5bb58adfb7f5\",\"name\":\"Michele Azevedo\",\"image\":{\"@type\":\"ImageObject\",\"inLanguage\":\"es\",\"@id\":\"https:\\\/\\\/secure.gravatar.com\\\/avatar\\\/6b0eb9d22841282815e2cd856a0061c45e1761cd54b22e952d98c4746939aa85?s=96&d=mm&r=g\",\"url\":\"https:\\\/\\\/secure.gravatar.com\\\/avatar\\\/6b0eb9d22841282815e2cd856a0061c45e1761cd54b22e952d98c4746939aa85?s=96&d=mm&r=g\",\"contentUrl\":\"https:\\\/\\\/secure.gravatar.com\\\/avatar\\\/6b0eb9d22841282815e2cd856a0061c45e1761cd54b22e952d98c4746939aa85?s=96&d=mm&r=g\",\"caption\":\"Michele Azevedo\"},\"description\":\"Formada em Letras - Portugu\u00eas\\\/ Ingl\u00eas pela UEPG, p\u00f3s-graduada em Arte na Educa\u00e7\u00e3o e Psicopedagogia Escolar, idealizadora do site Escritora de Sucesso, redatora e revisora dos conte\u00fados do Ora\u00e7\u00e3o e F\u00e9 com muita f\u00e9 e positividade.\",\"url\":\"https:\\\/\\\/www.oracaoefe.com\\\/es\\\/author\\\/michele-azevedo\\\/\"}]}<\/script>\n<!-- \/ Yoast SEO plugin. -->","yoast_head_json":{"title":"Dios lo controla todo y tiene todo el poder; enti\u00e9ndelo - Oraci\u00f3n y fe","description":"\u00a1Dios tiene una palabra de vida para ti!","robots":{"index":"index","follow":"follow","max-snippet":"max-snippet:-1","max-image-preview":"max-image-preview:large","max-video-preview":"max-video-preview:-1"},"canonical":"https:\/\/www.oracaoefe.com\/es\/dios-esta-en-control-de-todo-y-tiene-todo-el-poder-entiendan-esto\/","og_locale":"es_ES","og_type":"article","og_title":"Deus est\u00e1 no controle de tudo e tem todo poder; entenda - Ora\u00e7\u00e3o e F\u00e9","og_description":"Deus tem pra voc\u00ea uma palavra de vida!","og_url":"https:\/\/www.oracaoefe.com\/es\/dios-esta-en-control-de-todo-y-tiene-todo-el-poder-entiendan-esto\/","og_site_name":"Ora\u00e7\u00e3o e F\u00e9","article_published_time":"2024-10-21T09:00:00+00:00","og_image":[{"width":740,"height":415,"url":"https:\/\/www.oracaoefe.com\/wp-content\/uploads\/2024\/10\/image-1.png","type":"image\/png"}],"author":"Michele Azevedo","twitter_card":"summary_large_image","twitter_misc":{"Escrito por":"Michele Azevedo","Tiempo de lectura":"5 minutos"},"schema":{"@context":"https:\/\/schema.org","@graph":[{"@type":"Article","@id":"https:\/\/www.oracaoefe.com\/deus-esta-no-controle-de-tudo-e-tem-todo-poder-entenda\/#article","isPartOf":{"@id":"https:\/\/www.oracaoefe.com\/deus-esta-no-controle-de-tudo-e-tem-todo-poder-entenda\/"},"author":{"name":"Michele Azevedo","@id":"https:\/\/www.oracaoefe.com\/#\/schema\/person\/17283c669442cf005c4d5bb58adfb7f5"},"headline":"Deus est\u00e1 no controle de tudo e tem todo poder; entenda","datePublished":"2024-10-21T09:00:00+00:00","mainEntityOfPage":{"@id":"https:\/\/www.oracaoefe.com\/deus-esta-no-controle-de-tudo-e-tem-todo-poder-entenda\/"},"wordCount":1019,"image":{"@id":"https:\/\/www.oracaoefe.com\/deus-esta-no-controle-de-tudo-e-tem-todo-poder-entenda\/#primaryimage"},"thumbnailUrl":"https:\/\/www.oracaoefe.com\/wp-content\/uploads\/2024\/10\/image-1.png","articleSection":["F\u00e9"],"inLanguage":"es"},{"@type":"WebPage","@id":"https:\/\/www.oracaoefe.com\/deus-esta-no-controle-de-tudo-e-tem-todo-poder-entenda\/","url":"https:\/\/www.oracaoefe.com\/deus-esta-no-controle-de-tudo-e-tem-todo-poder-entenda\/","name":"Dios lo controla todo y tiene todo el poder; enti\u00e9ndelo - Oraci\u00f3n y fe","isPartOf":{"@id":"https:\/\/www.oracaoefe.com\/#website"},"primaryImageOfPage":{"@id":"https:\/\/www.oracaoefe.com\/deus-esta-no-controle-de-tudo-e-tem-todo-poder-entenda\/#primaryimage"},"image":{"@id":"https:\/\/www.oracaoefe.com\/deus-esta-no-controle-de-tudo-e-tem-todo-poder-entenda\/#primaryimage"},"thumbnailUrl":"https:\/\/www.oracaoefe.com\/wp-content\/uploads\/2024\/10\/image-1.png","datePublished":"2024-10-21T09:00:00+00:00","author":{"@id":"https:\/\/www.oracaoefe.com\/#\/schema\/person\/17283c669442cf005c4d5bb58adfb7f5"},"description":"\u00a1Dios tiene una palabra de vida para ti!","breadcrumb":{"@id":"https:\/\/www.oracaoefe.com\/deus-esta-no-controle-de-tudo-e-tem-todo-poder-entenda\/#breadcrumb"},"inLanguage":"es","potentialAction":[{"@type":"ReadAction","target":["https:\/\/www.oracaoefe.com\/deus-esta-no-controle-de-tudo-e-tem-todo-poder-entenda\/"]}]},{"@type":"ImageObject","inLanguage":"es","@id":"https:\/\/www.oracaoefe.com\/deus-esta-no-controle-de-tudo-e-tem-todo-poder-entenda\/#primaryimage","url":"https:\/\/www.oracaoefe.com\/wp-content\/uploads\/2024\/10\/image-1.png","contentUrl":"https:\/\/www.oracaoefe.com\/wp-content\/uploads\/2024\/10\/image-1.png","width":740,"height":415,"caption":"Deus est\u00e1 no controle de tudo"},{"@type":"BreadcrumbList","@id":"https:\/\/www.oracaoefe.com\/deus-esta-no-controle-de-tudo-e-tem-todo-poder-entenda\/#breadcrumb","itemListElement":[{"@type":"ListItem","position":1,"name":"Home","item":"https:\/\/www.oracaoefe.com\/"},{"@type":"ListItem","position":2,"name":"F\u00e9","item":"https:\/\/www.oracaoefe.com\/es\/categoria\/fe\/"},{"@type":"ListItem","position":3,"name":"Deus est\u00e1 no controle de tudo e tem todo poder; entenda"}]},{"@type":"WebSite","@id":"https:\/\/www.oracaoefe.com\/#website","url":"https:\/\/www.oracaoefe.com\/","name":"Oraci\u00f3n y fe","description":"","potentialAction":[{"@type":"SearchAction","target":{"@type":"EntryPoint","urlTemplate":"https:\/\/www.oracaoefe.com\/?s={search_term_string}"},"query-input":{"@type":"PropertyValueSpecification","valueRequired":true,"valueName":"search_term_string"}}],"inLanguage":"es"},{"@type":"Person","@id":"https:\/\/www.oracaoefe.com\/#\/schema\/person\/17283c669442cf005c4d5bb58adfb7f5","name":"Michele Azevedo","image":{"@type":"ImageObject","inLanguage":"es","@id":"https:\/\/secure.gravatar.com\/avatar\/6b0eb9d22841282815e2cd856a0061c45e1761cd54b22e952d98c4746939aa85?s=96&d=mm&r=g","url":"https:\/\/secure.gravatar.com\/avatar\/6b0eb9d22841282815e2cd856a0061c45e1761cd54b22e952d98c4746939aa85?s=96&d=mm&r=g","contentUrl":"https:\/\/secure.gravatar.com\/avatar\/6b0eb9d22841282815e2cd856a0061c45e1761cd54b22e952d98c4746939aa85?s=96&d=mm&r=g","caption":"Michele Azevedo"},"description":"Licenciada en Literatura Portuguesa\/Ingl\u00e9s por la UEPG, con posgrados en Arte en la Educaci\u00f3n y Psicopedagog\u00eda Escolar, es la creadora del sitio web Escritora de Sucesso, y escritora y editora de contenido para Ora\u00e7\u00e3o e F\u00e9 (Oraci\u00f3n y Fe) con gran fe y positividad.","url":"https:\/\/www.oracaoefe.com\/es\/author\/michele-azevedo\/"}]}},"_links":{"self":[{"href":"https:\/\/www.oracaoefe.com\/es\/wp-json\/wp\/v2\/posts\/3220","targetHints":{"allow":["GET"]}}],"collection":[{"href":"https:\/\/www.oracaoefe.com\/es\/wp-json\/wp\/v2\/posts"}],"about":[{"href":"https:\/\/www.oracaoefe.com\/es\/wp-json\/wp\/v2\/types\/post"}],"author":[{"embeddable":true,"href":"https:\/\/www.oracaoefe.com\/es\/wp-json\/wp\/v2\/users\/3"}],"replies":[{"embeddable":true,"href":"https:\/\/www.oracaoefe.com\/es\/wp-json\/wp\/v2\/comments?post=3220"}],"version-history":[{"count":2,"href":"https:\/\/www.oracaoefe.com\/es\/wp-json\/wp\/v2\/posts\/3220\/revisions"}],"predecessor-version":[{"id":3249,"href":"https:\/\/www.oracaoefe.com\/es\/wp-json\/wp\/v2\/posts\/3220\/revisions\/3249"}],"wp:featuredmedia":[{"embeddable":true,"href":"https:\/\/www.oracaoefe.com\/es\/wp-json\/wp\/v2\/media\/3239"}],"wp:attachment":[{"href":"https:\/\/www.oracaoefe.com\/es\/wp-json\/wp\/v2\/media?parent=3220"}],"wp:term":[{"taxonomy":"category","embeddable":true,"href":"https:\/\/www.oracaoefe.com\/es\/wp-json\/wp\/v2\/categories?post=3220"},{"taxonomy":"post_tag","embeddable":true,"href":"https:\/\/www.oracaoefe.com\/es\/wp-json\/wp\/v2\/tags?post=3220"}],"curies":[{"name":"wp","href":"https:\/\/api.w.org\/{rel}","templated":true}]}}