{"id":3119,"date":"2024-09-21T06:00:00","date_gmt":"2024-09-21T09:00:00","guid":{"rendered":"https:\/\/www.oracaoefe.com\/?p=3119"},"modified":"2025-07-12T09:55:34","modified_gmt":"2025-07-12T12:55:34","slug":"como-se-abordara-la-fe-en-las-redes-sociales-en-2024","status":"publish","type":"post","link":"https:\/\/www.oracaoefe.com\/es\/como-a-fe-esta-sendo-abordada-nas-redes-sociais-em-2024\/","title":{"rendered":"C\u00f3mo se abordar\u00e1 la fe en las redes sociales en 2024"},"content":{"rendered":"<p>En 2024, las redes sociales siguen desempe\u00f1ando un papel vital en la forma en que las personas expresan y comparten su fe. Con el crecimiento de las plataformas digitales y la evoluci\u00f3n de las interacciones en l\u00ednea, la fe no es solo un asunto privado, sino un tema cada vez m\u00e1s visible y accesible. Vea c\u00f3mo se aborda la fe en las redes sociales, las nuevas tendencias que est\u00e1n surgiendo y las personas influyentes que est\u00e1n configurando este escenario.<\/p>\n\n\n\n<h2 class=\"wp-block-heading\">La creciente visibilidad de la fe en las redes sociales<\/h2>\n\n\n\n<p>Las redes sociales ofrecen un espacio \u00fanico donde la gente puede compartir sus experiencias de fe, reflexiones y pr\u00e1cticas espirituales. Esta visibilidad se ha intensificado, y muchos usuarios utilizan plataformas como Instagram, TikTok y YouTube para debatir y promover sus creencias. La fe ya no es s\u00f3lo una cuesti\u00f3n de tradici\u00f3n o pr\u00e1ctica religiosa; se ha convertido en un tema de conversaci\u00f3n activa y p\u00fablica.<\/p>\n\n\n\n<figure class=\"wp-block-image size-full is-resized\"><img loading=\"lazy\" decoding=\"async\" width=\"740\" height=\"494\" src=\"https:\/\/www.oracaoefe.com\/wp-content\/uploads\/2024\/09\/image-3.png\" alt=\"\" class=\"wp-image-3138\" style=\"width:840px;height:auto\" srcset=\"https:\/\/www.oracaoefe.com\/wp-content\/uploads\/2024\/09\/image-3.png 740w, https:\/\/www.oracaoefe.com\/wp-content\/uploads\/2024\/09\/image-3-300x200.png 300w, https:\/\/www.oracaoefe.com\/wp-content\/uploads\/2024\/09\/image-3-18x12.png 18w\" sizes=\"auto, (max-width: 740px) 100vw, 740px\" \/><\/figure>\n\n\n\n<p>Tambi\u00e9n han crecido los grupos de apoyo y las comunidades virtuales, que ofrecen un espacio seguro para debatir sobre espiritualidad. Estos grupos permiten a los individuos compartir sus luchas, experiencias y testimonios, fomentando un sentimiento de pertenencia.<\/p>\n\n\n\n<h2 class=\"wp-block-heading\">Nuevas tendencias para compartir la fe<\/h2>\n\n\n\n<p>En 2024 han surgido varias tendencias que reflejan la forma en que se presenta y experimenta la fe en las redes sociales:<\/p>\n\n\n\n<ul class=\"wp-block-list\">\n<li><strong>Contenidos multimedia<\/strong>El uso de v\u00eddeos cortos y creativos, como los de TikTok, se ha convertido en una forma popular de compartir mensajes de fe. Las personas influyentes y los l\u00edderes religiosos est\u00e1n creando contenidos que no solo son informativos, sino tambi\u00e9n visualmente atractivos, lo que hace que el mensaje sea accesible a un p\u00fablico m\u00e1s amplio.<\/li>\n\n\n\n<li><strong>Espiritualidad m\u00e1s all\u00e1 de la religi\u00f3n<\/strong>Muchas personas se acercan a la fe de una manera m\u00e1s amplia, incluyendo pr\u00e1cticas espirituales que no est\u00e1n necesariamente vinculadas a una religi\u00f3n espec\u00edfica. Esto ha dado lugar a una diversidad de voces y perspectivas, atrayendo a quienes buscan un significado m\u00e1s personal y menos institucionalizado.<\/li>\n\n\n\n<li><strong>Interactividad y compromiso<\/strong>Las redes sociales permiten la interacci\u00f3n en tiempo real. Cada vez son m\u00e1s frecuentes los \"lives\", las preguntas y respuestas y los debates, que permiten a los seguidores conectar directamente con personas influyentes y l\u00edderes espirituales. Esta interactividad crea una comunidad m\u00e1s comprometida y participativa.<\/li>\n\n\n\n<li><strong>Autenticidad y vulnerabilidad<\/strong>La transparencia es una tendencia cada vez m\u00e1s extendida, con personas influyentes que comparten no solo momentos de fe, sino tambi\u00e9n sus dudas y luchas personales. Este enfoque humano y aut\u00e9ntico resuena entre los seguidores, que buscan conexiones genuinas.<\/li>\n<\/ul>\n\n\n\n<h2 class=\"wp-block-heading\">Influenciadores en alza<\/h2>\n\n\n\n<p>A medida que ha aumentado la visibilidad de la fe en las redes sociales, ha surgido una nueva generaci\u00f3n de personas influyentes. Estas personas no s\u00f3lo comparten sus creencias, sino que tambi\u00e9n inspiran y motivan a sus seguidores a explorar la espiritualidad de forma significativa. He aqu\u00ed algunas categor\u00edas de personas influyentes que est\u00e1n configurando el panorama:<\/p>\n\n\n\n<ul class=\"wp-block-list\">\n<li><strong>L\u00edderes religiosos digitales<\/strong>Los pastores, sacerdotes y otros l\u00edderes religiosos est\u00e1n adoptando las redes sociales como una extensi\u00f3n de su ministerio. Comparten sermones, reflexiones diarias y mensajes de esperanza, llegando a una audiencia global.<\/li>\n\n\n\n<li><strong>Creadores de contenidos espirituales<\/strong>Influyentes que no son necesariamente l\u00edderes religiosos, pero que hablan de espiritualidad, meditaci\u00f3n y desarrollo personal. Utilizan un lenguaje accesible y atractivo, que atrae a j\u00f3venes y adultos que buscan un sentido a sus vidas.<\/li>\n\n\n\n<li><strong>Artistas y m\u00fasicos<\/strong>Muchos artistas y m\u00fasicos han utilizado las redes sociales para expresar su fe a trav\u00e9s del arte. Cantautores y artistas visuales cristianos comparten sus obras y reflexiones, impactando a sus seguidores con mensajes poderosos e inspiradores.<\/li>\n\n\n\n<li><strong>Autores y ponentes<\/strong>Las mujeres que escriben sobre fe y espiritualidad est\u00e1n ganando terreno en las redes sociales, promoviendo di\u00e1logos sobre temas como el empoderamiento, la igualdad y el autodescubrimiento dentro de un contexto espiritual.<\/li>\n<\/ul>\n\n\n\n<h2 class=\"wp-block-heading\">El impacto de las redes sociales en la pr\u00e1ctica de la fe<\/h2>\n\n\n\n<p>Las redes sociales no s\u00f3lo promueven la visibilidad de la fe, sino que tambi\u00e9n influyen de diferentes maneras en la pr\u00e1ctica religiosa. Las iglesias y comunidades religiosas se est\u00e1n adaptando al nuevo escenario, utilizando plataformas digitales para llegar a nuevos p\u00fablicos. Los servicios en l\u00ednea, los grupos virtuales de estudio de la Biblia y los actos comunitarios son ahora parte integrante de la vida religiosa.<\/p>\n\n\n\n<p>Las redes sociales tambi\u00e9n se han convertido en una herramienta para defender causas sociales. Muchos influencers y l\u00edderes religiosos utilizan sus plataformas para abordar cuestiones de justicia social, inclusi\u00f3n y compasi\u00f3n, alineando sus mensajes de fe con acciones pr\u00e1cticas a favor del cambio.<\/p>\n\n\n\n<h2 class=\"wp-block-heading\">Retos y cr\u00edticas<\/h2>\n\n\n\n<p>A pesar de las oportunidades que ofrecen las redes sociales para la expresi\u00f3n de la fe, tambi\u00e9n existen retos y cr\u00edticas. La difusi\u00f3n de informaci\u00f3n err\u00f3nea, la polarizaci\u00f3n religiosa y la superficialidad de las interacciones son motivos de creciente preocupaci\u00f3n. Algunos cr\u00edticos sostienen que la transformaci\u00f3n de la fe en contenidos digitales puede llevar a una desconexi\u00f3n con las pr\u00e1cticas espirituales tradicionales.<\/p>\n\n\n\n<p>Adem\u00e1s, la presi\u00f3n por seguir siendo relevante y atractivo en las redes sociales puede hacer que algunos influencers den prioridad al compromiso sobre la autenticidad, lo que conduce a una superficializaci\u00f3n del mensaje espiritual.<\/p>\n\n\n\n<p><\/p>\n\n\n\n<p>21 de septiembre de 2024<\/p>","protected":false},"excerpt":{"rendered":"<p>Em 2024, as redes sociais continuam a desempenhar um papel vital na maneira como as pessoas expressam e compartilham sua f\u00e9. Com o crescimento de plataformas digitais e a evolu\u00e7\u00e3o das intera\u00e7\u00f5es online, a f\u00e9 n\u00e3o \u00e9 apenas um assunto privado, mas um tema que est\u00e1 se tornando cada vez mais vis\u00edvel e acess\u00edvel. Veja&hellip;&nbsp;<\/p>","protected":false},"author":3,"featured_media":3138,"comment_status":"closed","ping_status":"closed","sticky":false,"template":"","format":"standard","meta":{"neve_meta_sidebar":"","neve_meta_container":"","neve_meta_enable_content_width":"","neve_meta_content_width":0,"neve_meta_title_alignment":"","neve_meta_author_avatar":"","neve_post_elements_order":"","neve_meta_disable_header":"","neve_meta_disable_footer":"","neve_meta_disable_title":"","footnotes":""},"categories":[3],"tags":[],"class_list":["post-3119","post","type-post","status-publish","format-standard","has-post-thumbnail","hentry","category-fe"],"yoast_head":"<!-- This site is optimized with the Yoast SEO plugin v27.5 - https:\/\/yoast.com\/product\/yoast-seo-wordpress\/ -->\n<title>Como a f\u00e9 est\u00e1 sendo abordada nas redes sociais em 2024 - Ora\u00e7\u00e3o e F\u00e9<\/title>\n<meta name=\"description\" content=\"Deus tem pra voc\u00ea uma palavra de vida!\" \/>\n<meta name=\"robots\" content=\"index, follow, max-snippet:-1, max-image-preview:large, max-video-preview:-1\" \/>\n<link rel=\"canonical\" href=\"https:\/\/www.oracaoefe.com\/es\/como-se-abordara-la-fe-en-las-redes-sociales-en-2024\/\" \/>\n<meta property=\"og:locale\" content=\"es_ES\" \/>\n<meta property=\"og:type\" content=\"article\" \/>\n<meta property=\"og:title\" content=\"Como a f\u00e9 est\u00e1 sendo abordada nas redes sociais em 2024 - Ora\u00e7\u00e3o e F\u00e9\" \/>\n<meta property=\"og:description\" content=\"Deus tem pra voc\u00ea uma palavra de vida!\" \/>\n<meta property=\"og:url\" content=\"https:\/\/www.oracaoefe.com\/es\/como-se-abordara-la-fe-en-las-redes-sociales-en-2024\/\" \/>\n<meta property=\"og:site_name\" content=\"Ora\u00e7\u00e3o e F\u00e9\" \/>\n<meta property=\"article:published_time\" content=\"2024-09-21T09:00:00+00:00\" \/>\n<meta property=\"article:modified_time\" content=\"2025-07-12T12:55:34+00:00\" \/>\n<meta property=\"og:image\" content=\"https:\/\/www.oracaoefe.com\/wp-content\/uploads\/2024\/09\/image-3.png\" \/>\n\t<meta property=\"og:image:width\" content=\"740\" \/>\n\t<meta property=\"og:image:height\" content=\"494\" \/>\n\t<meta property=\"og:image:type\" content=\"image\/png\" \/>\n<meta name=\"author\" content=\"Michele Azevedo\" \/>\n<meta name=\"twitter:card\" content=\"summary_large_image\" \/>\n<meta name=\"twitter:label1\" content=\"Escrito por\" \/>\n\t<meta name=\"twitter:data1\" content=\"Michele Azevedo\" \/>\n\t<meta name=\"twitter:label2\" content=\"Tiempo de lectura\" \/>\n\t<meta name=\"twitter:data2\" content=\"5 minutos\" \/>\n<script type=\"application\/ld+json\" class=\"yoast-schema-graph\">{\"@context\":\"https:\\\/\\\/schema.org\",\"@graph\":[{\"@type\":\"Article\",\"@id\":\"https:\\\/\\\/www.oracaoefe.com\\\/como-a-fe-esta-sendo-abordada-nas-redes-sociais-em-2024\\\/#article\",\"isPartOf\":{\"@id\":\"https:\\\/\\\/www.oracaoefe.com\\\/como-a-fe-esta-sendo-abordada-nas-redes-sociais-em-2024\\\/\"},\"author\":{\"name\":\"Michele Azevedo\",\"@id\":\"https:\\\/\\\/www.oracaoefe.com\\\/#\\\/schema\\\/person\\\/17283c669442cf005c4d5bb58adfb7f5\"},\"headline\":\"Como a f\u00e9 est\u00e1 sendo abordada nas redes sociais em 2024\",\"datePublished\":\"2024-09-21T09:00:00+00:00\",\"dateModified\":\"2025-07-12T12:55:34+00:00\",\"mainEntityOfPage\":{\"@id\":\"https:\\\/\\\/www.oracaoefe.com\\\/como-a-fe-esta-sendo-abordada-nas-redes-sociais-em-2024\\\/\"},\"wordCount\":923,\"image\":{\"@id\":\"https:\\\/\\\/www.oracaoefe.com\\\/como-a-fe-esta-sendo-abordada-nas-redes-sociais-em-2024\\\/#primaryimage\"},\"thumbnailUrl\":\"https:\\\/\\\/www.oracaoefe.com\\\/wp-content\\\/uploads\\\/2024\\\/09\\\/image-3.png\",\"articleSection\":[\"F\u00e9\"],\"inLanguage\":\"es\"},{\"@type\":\"WebPage\",\"@id\":\"https:\\\/\\\/www.oracaoefe.com\\\/como-a-fe-esta-sendo-abordada-nas-redes-sociais-em-2024\\\/\",\"url\":\"https:\\\/\\\/www.oracaoefe.com\\\/como-a-fe-esta-sendo-abordada-nas-redes-sociais-em-2024\\\/\",\"name\":\"Como a f\u00e9 est\u00e1 sendo abordada nas redes sociais em 2024 - Ora\u00e7\u00e3o e F\u00e9\",\"isPartOf\":{\"@id\":\"https:\\\/\\\/www.oracaoefe.com\\\/#website\"},\"primaryImageOfPage\":{\"@id\":\"https:\\\/\\\/www.oracaoefe.com\\\/como-a-fe-esta-sendo-abordada-nas-redes-sociais-em-2024\\\/#primaryimage\"},\"image\":{\"@id\":\"https:\\\/\\\/www.oracaoefe.com\\\/como-a-fe-esta-sendo-abordada-nas-redes-sociais-em-2024\\\/#primaryimage\"},\"thumbnailUrl\":\"https:\\\/\\\/www.oracaoefe.com\\\/wp-content\\\/uploads\\\/2024\\\/09\\\/image-3.png\",\"datePublished\":\"2024-09-21T09:00:00+00:00\",\"dateModified\":\"2025-07-12T12:55:34+00:00\",\"author\":{\"@id\":\"https:\\\/\\\/www.oracaoefe.com\\\/#\\\/schema\\\/person\\\/17283c669442cf005c4d5bb58adfb7f5\"},\"description\":\"Deus tem pra voc\u00ea uma palavra de vida!\",\"breadcrumb\":{\"@id\":\"https:\\\/\\\/www.oracaoefe.com\\\/como-a-fe-esta-sendo-abordada-nas-redes-sociais-em-2024\\\/#breadcrumb\"},\"inLanguage\":\"es\",\"potentialAction\":[{\"@type\":\"ReadAction\",\"target\":[\"https:\\\/\\\/www.oracaoefe.com\\\/como-a-fe-esta-sendo-abordada-nas-redes-sociais-em-2024\\\/\"]}]},{\"@type\":\"ImageObject\",\"inLanguage\":\"es\",\"@id\":\"https:\\\/\\\/www.oracaoefe.com\\\/como-a-fe-esta-sendo-abordada-nas-redes-sociais-em-2024\\\/#primaryimage\",\"url\":\"https:\\\/\\\/www.oracaoefe.com\\\/wp-content\\\/uploads\\\/2024\\\/09\\\/image-3.png\",\"contentUrl\":\"https:\\\/\\\/www.oracaoefe.com\\\/wp-content\\\/uploads\\\/2024\\\/09\\\/image-3.png\",\"width\":740,\"height\":494},{\"@type\":\"BreadcrumbList\",\"@id\":\"https:\\\/\\\/www.oracaoefe.com\\\/como-a-fe-esta-sendo-abordada-nas-redes-sociais-em-2024\\\/#breadcrumb\",\"itemListElement\":[{\"@type\":\"ListItem\",\"position\":1,\"name\":\"Home\",\"item\":\"https:\\\/\\\/www.oracaoefe.com\\\/\"},{\"@type\":\"ListItem\",\"position\":2,\"name\":\"F\u00e9\",\"item\":\"https:\\\/\\\/www.oracaoefe.com\\\/es\\\/categoria\\\/fe\\\/\"},{\"@type\":\"ListItem\",\"position\":3,\"name\":\"Como a f\u00e9 est\u00e1 sendo abordada nas redes sociais em 2024\"}]},{\"@type\":\"WebSite\",\"@id\":\"https:\\\/\\\/www.oracaoefe.com\\\/#website\",\"url\":\"https:\\\/\\\/www.oracaoefe.com\\\/\",\"name\":\"Ora\u00e7\u00e3o e F\u00e9\",\"description\":\"\",\"potentialAction\":[{\"@type\":\"SearchAction\",\"target\":{\"@type\":\"EntryPoint\",\"urlTemplate\":\"https:\\\/\\\/www.oracaoefe.com\\\/?s={search_term_string}\"},\"query-input\":{\"@type\":\"PropertyValueSpecification\",\"valueRequired\":true,\"valueName\":\"search_term_string\"}}],\"inLanguage\":\"es\"},{\"@type\":\"Person\",\"@id\":\"https:\\\/\\\/www.oracaoefe.com\\\/#\\\/schema\\\/person\\\/17283c669442cf005c4d5bb58adfb7f5\",\"name\":\"Michele Azevedo\",\"image\":{\"@type\":\"ImageObject\",\"inLanguage\":\"es\",\"@id\":\"https:\\\/\\\/secure.gravatar.com\\\/avatar\\\/6b0eb9d22841282815e2cd856a0061c45e1761cd54b22e952d98c4746939aa85?s=96&d=mm&r=g\",\"url\":\"https:\\\/\\\/secure.gravatar.com\\\/avatar\\\/6b0eb9d22841282815e2cd856a0061c45e1761cd54b22e952d98c4746939aa85?s=96&d=mm&r=g\",\"contentUrl\":\"https:\\\/\\\/secure.gravatar.com\\\/avatar\\\/6b0eb9d22841282815e2cd856a0061c45e1761cd54b22e952d98c4746939aa85?s=96&d=mm&r=g\",\"caption\":\"Michele Azevedo\"},\"description\":\"Formada em Letras - Portugu\u00eas\\\/ Ingl\u00eas pela UEPG, p\u00f3s-graduada em Arte na Educa\u00e7\u00e3o e Psicopedagogia Escolar, idealizadora do site Escritora de Sucesso, redatora e revisora dos conte\u00fados do Ora\u00e7\u00e3o e F\u00e9 com muita f\u00e9 e positividade.\",\"url\":\"https:\\\/\\\/www.oracaoefe.com\\\/es\\\/author\\\/michele-azevedo\\\/\"}]}<\/script>\n<!-- \/ Yoast SEO plugin. -->","yoast_head_json":{"title":"C\u00f3mo se aborda la fe en las redes sociales en 2024 - Oraci\u00f3n y Fe","description":"\u00a1Dios tiene una palabra de vida para ti!","robots":{"index":"index","follow":"follow","max-snippet":"max-snippet:-1","max-image-preview":"max-image-preview:large","max-video-preview":"max-video-preview:-1"},"canonical":"https:\/\/www.oracaoefe.com\/es\/como-se-abordara-la-fe-en-las-redes-sociales-en-2024\/","og_locale":"es_ES","og_type":"article","og_title":"Como a f\u00e9 est\u00e1 sendo abordada nas redes sociais em 2024 - Ora\u00e7\u00e3o e F\u00e9","og_description":"Deus tem pra voc\u00ea uma palavra de vida!","og_url":"https:\/\/www.oracaoefe.com\/es\/como-se-abordara-la-fe-en-las-redes-sociales-en-2024\/","og_site_name":"Ora\u00e7\u00e3o e F\u00e9","article_published_time":"2024-09-21T09:00:00+00:00","article_modified_time":"2025-07-12T12:55:34+00:00","og_image":[{"width":740,"height":494,"url":"https:\/\/www.oracaoefe.com\/wp-content\/uploads\/2024\/09\/image-3.png","type":"image\/png"}],"author":"Michele Azevedo","twitter_card":"summary_large_image","twitter_misc":{"Escrito por":"Michele Azevedo","Tiempo de lectura":"5 minutos"},"schema":{"@context":"https:\/\/schema.org","@graph":[{"@type":"Article","@id":"https:\/\/www.oracaoefe.com\/como-a-fe-esta-sendo-abordada-nas-redes-sociais-em-2024\/#article","isPartOf":{"@id":"https:\/\/www.oracaoefe.com\/como-a-fe-esta-sendo-abordada-nas-redes-sociais-em-2024\/"},"author":{"name":"Michele Azevedo","@id":"https:\/\/www.oracaoefe.com\/#\/schema\/person\/17283c669442cf005c4d5bb58adfb7f5"},"headline":"Como a f\u00e9 est\u00e1 sendo abordada nas redes sociais em 2024","datePublished":"2024-09-21T09:00:00+00:00","dateModified":"2025-07-12T12:55:34+00:00","mainEntityOfPage":{"@id":"https:\/\/www.oracaoefe.com\/como-a-fe-esta-sendo-abordada-nas-redes-sociais-em-2024\/"},"wordCount":923,"image":{"@id":"https:\/\/www.oracaoefe.com\/como-a-fe-esta-sendo-abordada-nas-redes-sociais-em-2024\/#primaryimage"},"thumbnailUrl":"https:\/\/www.oracaoefe.com\/wp-content\/uploads\/2024\/09\/image-3.png","articleSection":["F\u00e9"],"inLanguage":"es"},{"@type":"WebPage","@id":"https:\/\/www.oracaoefe.com\/como-a-fe-esta-sendo-abordada-nas-redes-sociais-em-2024\/","url":"https:\/\/www.oracaoefe.com\/como-a-fe-esta-sendo-abordada-nas-redes-sociais-em-2024\/","name":"C\u00f3mo se aborda la fe en las redes sociales en 2024 - Oraci\u00f3n y Fe","isPartOf":{"@id":"https:\/\/www.oracaoefe.com\/#website"},"primaryImageOfPage":{"@id":"https:\/\/www.oracaoefe.com\/como-a-fe-esta-sendo-abordada-nas-redes-sociais-em-2024\/#primaryimage"},"image":{"@id":"https:\/\/www.oracaoefe.com\/como-a-fe-esta-sendo-abordada-nas-redes-sociais-em-2024\/#primaryimage"},"thumbnailUrl":"https:\/\/www.oracaoefe.com\/wp-content\/uploads\/2024\/09\/image-3.png","datePublished":"2024-09-21T09:00:00+00:00","dateModified":"2025-07-12T12:55:34+00:00","author":{"@id":"https:\/\/www.oracaoefe.com\/#\/schema\/person\/17283c669442cf005c4d5bb58adfb7f5"},"description":"\u00a1Dios tiene una palabra de vida para ti!","breadcrumb":{"@id":"https:\/\/www.oracaoefe.com\/como-a-fe-esta-sendo-abordada-nas-redes-sociais-em-2024\/#breadcrumb"},"inLanguage":"es","potentialAction":[{"@type":"ReadAction","target":["https:\/\/www.oracaoefe.com\/como-a-fe-esta-sendo-abordada-nas-redes-sociais-em-2024\/"]}]},{"@type":"ImageObject","inLanguage":"es","@id":"https:\/\/www.oracaoefe.com\/como-a-fe-esta-sendo-abordada-nas-redes-sociais-em-2024\/#primaryimage","url":"https:\/\/www.oracaoefe.com\/wp-content\/uploads\/2024\/09\/image-3.png","contentUrl":"https:\/\/www.oracaoefe.com\/wp-content\/uploads\/2024\/09\/image-3.png","width":740,"height":494},{"@type":"BreadcrumbList","@id":"https:\/\/www.oracaoefe.com\/como-a-fe-esta-sendo-abordada-nas-redes-sociais-em-2024\/#breadcrumb","itemListElement":[{"@type":"ListItem","position":1,"name":"Home","item":"https:\/\/www.oracaoefe.com\/"},{"@type":"ListItem","position":2,"name":"F\u00e9","item":"https:\/\/www.oracaoefe.com\/es\/categoria\/fe\/"},{"@type":"ListItem","position":3,"name":"Como a f\u00e9 est\u00e1 sendo abordada nas redes sociais em 2024"}]},{"@type":"WebSite","@id":"https:\/\/www.oracaoefe.com\/#website","url":"https:\/\/www.oracaoefe.com\/","name":"Oraci\u00f3n y fe","description":"","potentialAction":[{"@type":"SearchAction","target":{"@type":"EntryPoint","urlTemplate":"https:\/\/www.oracaoefe.com\/?s={search_term_string}"},"query-input":{"@type":"PropertyValueSpecification","valueRequired":true,"valueName":"search_term_string"}}],"inLanguage":"es"},{"@type":"Person","@id":"https:\/\/www.oracaoefe.com\/#\/schema\/person\/17283c669442cf005c4d5bb58adfb7f5","name":"Michele Azevedo","image":{"@type":"ImageObject","inLanguage":"es","@id":"https:\/\/secure.gravatar.com\/avatar\/6b0eb9d22841282815e2cd856a0061c45e1761cd54b22e952d98c4746939aa85?s=96&d=mm&r=g","url":"https:\/\/secure.gravatar.com\/avatar\/6b0eb9d22841282815e2cd856a0061c45e1761cd54b22e952d98c4746939aa85?s=96&d=mm&r=g","contentUrl":"https:\/\/secure.gravatar.com\/avatar\/6b0eb9d22841282815e2cd856a0061c45e1761cd54b22e952d98c4746939aa85?s=96&d=mm&r=g","caption":"Michele Azevedo"},"description":"Licenciada en Literatura Portuguesa\/Ingl\u00e9s por la UEPG, con posgrados en Arte en la Educaci\u00f3n y Psicopedagog\u00eda Escolar, es la creadora del sitio web Escritora de Sucesso, y escritora y editora de contenido para Ora\u00e7\u00e3o e F\u00e9 (Oraci\u00f3n y Fe) con gran fe y positividad.","url":"https:\/\/www.oracaoefe.com\/es\/author\/michele-azevedo\/"}]}},"_links":{"self":[{"href":"https:\/\/www.oracaoefe.com\/es\/wp-json\/wp\/v2\/posts\/3119","targetHints":{"allow":["GET"]}}],"collection":[{"href":"https:\/\/www.oracaoefe.com\/es\/wp-json\/wp\/v2\/posts"}],"about":[{"href":"https:\/\/www.oracaoefe.com\/es\/wp-json\/wp\/v2\/types\/post"}],"author":[{"embeddable":true,"href":"https:\/\/www.oracaoefe.com\/es\/wp-json\/wp\/v2\/users\/3"}],"replies":[{"embeddable":true,"href":"https:\/\/www.oracaoefe.com\/es\/wp-json\/wp\/v2\/comments?post=3119"}],"version-history":[{"count":3,"href":"https:\/\/www.oracaoefe.com\/es\/wp-json\/wp\/v2\/posts\/3119\/revisions"}],"predecessor-version":[{"id":3741,"href":"https:\/\/www.oracaoefe.com\/es\/wp-json\/wp\/v2\/posts\/3119\/revisions\/3741"}],"wp:featuredmedia":[{"embeddable":true,"href":"https:\/\/www.oracaoefe.com\/es\/wp-json\/wp\/v2\/media\/3138"}],"wp:attachment":[{"href":"https:\/\/www.oracaoefe.com\/es\/wp-json\/wp\/v2\/media?parent=3119"}],"wp:term":[{"taxonomy":"category","embeddable":true,"href":"https:\/\/www.oracaoefe.com\/es\/wp-json\/wp\/v2\/categories?post=3119"},{"taxonomy":"post_tag","embeddable":true,"href":"https:\/\/www.oracaoefe.com\/es\/wp-json\/wp\/v2\/tags?post=3119"}],"curies":[{"name":"wp","href":"https:\/\/api.w.org\/{rel}","templated":true}]}}