{"id":3004,"date":"2024-09-12T06:00:00","date_gmt":"2024-09-12T09:00:00","guid":{"rendered":"https:\/\/www.oracaoefe.com\/?p=3004"},"modified":"2024-08-19T20:09:45","modified_gmt":"2024-08-19T23:09:45","slug":"oracion-para-pedir-orientacion-en-tiempos-de-cambio","status":"publish","type":"post","link":"https:\/\/www.oracaoefe.com\/es\/oracao-para-encontrar-direcao-em-momentos-de-mudanca-de-vida\/","title":{"rendered":"Oraci\u00f3n para encontrar direcci\u00f3n en tiempos de cambio vital"},"content":{"rendered":"<p>Los cambios en la vida son inevitables y pueden presentarse de muchas formas, desde cambios profesionales y de residencia hasta profundas transformaciones personales. Aunque estas transiciones pueden ser dif\u00edciles y a menudo desconcertantes, muchos encuentran consuelo y claridad en la oraci\u00f3n. La oraci\u00f3n puede ser una herramienta poderosa para buscar orientaci\u00f3n, encontrar fuerzas y comprender el prop\u00f3sito durante los periodos de cambio.<\/p>\n\n\n\n<h2 class=\"wp-block-heading\">La oraci\u00f3n en tiempos de cambio<\/h2>\n\n\n\n<figure class=\"wp-block-image size-full is-resized\"><img loading=\"lazy\" decoding=\"async\" width=\"740\" height=\"416\" src=\"https:\/\/www.oracaoefe.com\/wp-content\/uploads\/2024\/08\/image-8.png\" alt=\"\" class=\"wp-image-3024\" style=\"width:840px;height:auto\" srcset=\"https:\/\/www.oracaoefe.com\/wp-content\/uploads\/2024\/08\/image-8.png 740w, https:\/\/www.oracaoefe.com\/wp-content\/uploads\/2024\/08\/image-8-300x169.png 300w, https:\/\/www.oracaoefe.com\/wp-content\/uploads\/2024\/08\/image-8-18x10.png 18w, https:\/\/www.oracaoefe.com\/wp-content\/uploads\/2024\/08\/image-8-383x215.png 383w\" sizes=\"auto, (max-width: 740px) 100vw, 740px\" \/><\/figure>\n\n\n\n<p>La oraci\u00f3n es una pr\u00e1ctica espiritual que ha sido utilizada por muchas tradiciones religiosas y espirituales como medio para conectar con lo divino, buscar orientaci\u00f3n y encontrar consuelo. En momentos de cambio en la vida, la oraci\u00f3n puede proporcionar un espacio para reflexionar, expresar preocupaciones y pedir claridad sobre el camino a seguir. A trav\u00e9s de la oraci\u00f3n, las personas pueden encontrar un sentido de paz y prop\u00f3sito, ayud\u00e1ndoles a navegar por las incertidumbres y desaf\u00edos que acompa\u00f1an a las transiciones.<\/p>\n\n\n\n<h2 class=\"wp-block-heading\">Oraci\u00f3n para orientarse en tiempos de cambio<\/h2>\n\n\n\n<p>Antes de empezar la oraci\u00f3n, es \u00fatil reflexionar sobre tus intenciones y preocupaciones. Piensa en el cambio concreto al que te enfrentas y en c\u00f3mo quieres encontrar direcci\u00f3n y claridad. La oraci\u00f3n es una oportunidad para conectar con tus esperanzas y temores, y para buscar una gu\u00eda que resuene con tu coraz\u00f3n y tu esp\u00edritu.<\/p>\n\n\n\n<h3 class=\"wp-block-heading\">Oraci\u00f3n de orientaci\u00f3n<\/h3>\n\n\n\n<p><strong>Querido Dios\/Esp\u00edritu Divino\/Universo,<\/strong><\/p>\n\n\n\n<p><strong>En tiempos de cambio e incertidumbre, acudo a ti con el coraz\u00f3n abierto y la mente en busca de claridad. Estoy atravesando una fase de transformaci\u00f3n en mi vida, y siento la necesidad de gu\u00eda y sabidur\u00eda para encontrar el camino correcto.<\/strong><\/p>\n\n\n\n<p><strong>Se\u00f1or\/Se\u00f1ora, conc\u00e9deme la paz interior para aceptar los cambios que se est\u00e1n produciendo y la confianza para avanzar con valent\u00eda. Ay\u00fadame a escuchar tu voz en medio del caos y a discernir la direcci\u00f3n que quieres que tome.<\/strong><\/p>\n\n\n\n<p><strong>Te pido que ilumines mi mente y mi coraz\u00f3n, para que pueda ver con claridad las oportunidades y los retos que me esperan. Que pueda reconocer las se\u00f1ales y comprender el prop\u00f3sito mayor que hay detr\u00e1s de estos cambios.<\/strong><\/p>\n\n\n\n<p><strong>Dame la fuerza para afrontar los retos con gracia y resistencia, y la sabidur\u00eda para tomar decisiones que est\u00e9n en consonancia con mi verdadero yo y con tu voluntad. Ay\u00fadame a confiar en el proceso y a permanecer fiel a mi viaje, incluso cuando el camino parezca incierto.<\/strong><\/p>\n\n\n\n<p><strong>Que encuentre paz en tu presencia y conf\u00ede en tu gu\u00eda, sabiendo que est\u00e1s conmigo en cada paso del camino. Que aproveche esta fase de cambio como una oportunidad para crecer, aprender y acercarme m\u00e1s a ti.<\/strong><\/p>\n\n\n\n<p><strong>Gracias por tu gu\u00eda y tu amor incondicional. Conf\u00edo en que, con tu ayuda, encontrar\u00e9 la direcci\u00f3n correcta y podr\u00e9 afrontar esta nueva etapa de mi vida con esperanza y determinaci\u00f3n.<\/strong><\/p>\n\n\n\n<p><strong>Am\u00e9n.<\/strong><\/p>\n\n\n\n<h2 class=\"wp-block-heading\">C\u00f3mo puede ayudar la oraci\u00f3n en tiempos de cambio<\/h2>\n\n\n\n<p>La oraci\u00f3n puede aportar claridad sobre el camino a seguir, permiti\u00e9ndole conectar con sus valores e intuiciones m\u00e1s profundos. Al buscar orientaci\u00f3n espiritual, puedes encontrar un nuevo sentido de prop\u00f3sito y direcci\u00f3n, lo que te ayudar\u00e1 a tomar decisiones que est\u00e9n en consonancia con tus aspiraciones y objetivos.<\/p>\n\n\n\n<h3 class=\"wp-block-heading\">Fomentar la paz interior<\/h3>\n\n\n\n<p>En tiempos de cambio, es frecuente sentirse ansioso e inseguro. La oraci\u00f3n puede ofrecer un espacio para calmar la mente y encontrar la paz interior. Practicar la oraci\u00f3n puede ayudar a reducir el estr\u00e9s y promover una sensaci\u00f3n de calma, permiti\u00e9ndote afrontar los cambios con una mente m\u00e1s serena y centrada.<\/p>\n\n\n\n<h3 class=\"wp-block-heading\">Reforzar la resistencia<\/h3>\n\n\n\n<p>La oraci\u00f3n puede ser una fuente de fuerza y resistencia, que le ayudar\u00e1 a afrontar los retos y la adversidad con valor y determinaci\u00f3n. Pedir la gu\u00eda y el apoyo divinos puede reforzar tu capacidad para afrontar las dificultades y avanzar con confianza, incluso cuando el camino no est\u00e1 claro.<\/p>\n\n\n\n<h2 class=\"wp-block-heading\">Reflexiones sobre el poder de la oraci\u00f3n en tiempos de cambio<\/h2>\n\n\n\n<p>La conexi\u00f3n espiritual que se establece a trav\u00e9s de la oraci\u00f3n puede servir de apoyo significativo durante los cambios vitales. La sensaci\u00f3n de estar en sinton\u00eda con algo m\u00e1s grande puede proporcionar una sensaci\u00f3n de prop\u00f3sito y seguridad, ayudando a afrontar las transiciones con una perspectiva m\u00e1s positiva.<\/p>\n\n\n\n<h3 class=\"wp-block-heading\">La importancia de confiar en el proceso<\/h3>\n\n\n\n<p>La oraci\u00f3n tambi\u00e9n puede ayudar a cultivar la confianza en el proceso de cambio. Al buscar orientaci\u00f3n y expresar tus preocupaciones, puedes desarrollar una mayor fe en tu capacidad para encontrar soluciones y crecer a partir de tus experiencias. La confianza en el proceso puede facilitar la adaptaci\u00f3n y el aprendizaje durante el cambio.<\/p>\n\n\n\n<h2 class=\"wp-block-heading\">C\u00f3mo orientarse mediante la oraci\u00f3n<\/h2>\n\n\n\n<p>La oraci\u00f3n para encontrar direcci\u00f3n en tiempos de cambio es una pr\u00e1ctica que ofrece apoyo, claridad y consuelo durante los periodos de transici\u00f3n. Al buscar orientaci\u00f3n espiritual y expresar tus intenciones, puedes encontrar la fuerza y la sabidur\u00eda que necesitas para navegar por los cambios de la vida con valent\u00eda y confianza. La oraci\u00f3n no s\u00f3lo proporciona una profunda conexi\u00f3n con lo divino, sino que tambi\u00e9n ayuda a cultivar la paz interior y la resiliencia, permiti\u00e9ndole afrontar los cambios con una perspectiva m\u00e1s positiva y esperanzada.<\/p>\n\n\n\n<p><strong>V\u00e9ase tambi\u00e9n: <a href=\"https:\/\/www.oracaoefe.com\/es\/oraciones-para-calmar-a-alguien\/\">Oraci\u00f3n para calmar a una persona urgente<\/a><\/strong><\/p>\n\n\n\n<p>12 de septiembre de 2024<\/p>","protected":false},"excerpt":{"rendered":"<p>Mudan\u00e7as de vida s\u00e3o inevit\u00e1veis e podem ocorrer em diversas formas, desde mudan\u00e7as de carreira e mudan\u00e7as de resid\u00eancia at\u00e9 transforma\u00e7\u00f5es pessoais profundas. Embora essas transi\u00e7\u00f5es possam ser desafiadoras e, muitas vezes, desconcertantes, muitos encontram conforto e clareza na ora\u00e7\u00e3o. A ora\u00e7\u00e3o pode ser uma ferramenta poderosa para buscar orienta\u00e7\u00e3o, encontrar for\u00e7a e entender o&hellip;&nbsp;<\/p>","protected":false},"author":3,"featured_media":3024,"comment_status":"closed","ping_status":"closed","sticky":false,"template":"","format":"standard","meta":{"neve_meta_sidebar":"","neve_meta_container":"","neve_meta_enable_content_width":"","neve_meta_content_width":0,"neve_meta_title_alignment":"","neve_meta_author_avatar":"","neve_post_elements_order":"","neve_meta_disable_header":"","neve_meta_disable_footer":"","neve_meta_disable_title":"","footnotes":""},"categories":[2],"tags":[],"class_list":["post-3004","post","type-post","status-publish","format-standard","has-post-thumbnail","hentry","category-oracao"],"yoast_head":"<!-- This site is optimized with the Yoast SEO plugin v27.5 - https:\/\/yoast.com\/product\/yoast-seo-wordpress\/ -->\n<title>Ora\u00e7\u00e3o para encontrar dire\u00e7\u00e3o em momentos de mudan\u00e7a de vida - Ora\u00e7\u00e3o e F\u00e9<\/title>\n<meta name=\"description\" content=\"Deus tem pra voc\u00ea uma palavra de vida!\" \/>\n<meta name=\"robots\" content=\"index, follow, max-snippet:-1, max-image-preview:large, max-video-preview:-1\" \/>\n<link rel=\"canonical\" href=\"https:\/\/www.oracaoefe.com\/es\/oracion-para-pedir-orientacion-en-tiempos-de-cambio\/\" \/>\n<meta property=\"og:locale\" content=\"es_ES\" \/>\n<meta property=\"og:type\" content=\"article\" \/>\n<meta property=\"og:title\" content=\"Ora\u00e7\u00e3o para encontrar dire\u00e7\u00e3o em momentos de mudan\u00e7a de vida - Ora\u00e7\u00e3o e F\u00e9\" \/>\n<meta property=\"og:description\" content=\"Deus tem pra voc\u00ea uma palavra de vida!\" \/>\n<meta property=\"og:url\" content=\"https:\/\/www.oracaoefe.com\/es\/oracion-para-pedir-orientacion-en-tiempos-de-cambio\/\" \/>\n<meta property=\"og:site_name\" content=\"Ora\u00e7\u00e3o e F\u00e9\" \/>\n<meta property=\"article:published_time\" content=\"2024-09-12T09:00:00+00:00\" \/>\n<meta property=\"og:image\" content=\"https:\/\/www.oracaoefe.com\/wp-content\/uploads\/2024\/08\/image-8.png\" \/>\n\t<meta property=\"og:image:width\" content=\"740\" \/>\n\t<meta property=\"og:image:height\" content=\"416\" \/>\n\t<meta property=\"og:image:type\" content=\"image\/png\" \/>\n<meta name=\"author\" content=\"Michele Azevedo\" \/>\n<meta name=\"twitter:card\" content=\"summary_large_image\" \/>\n<meta name=\"twitter:label1\" content=\"Escrito por\" \/>\n\t<meta name=\"twitter:data1\" content=\"Michele Azevedo\" \/>\n\t<meta name=\"twitter:label2\" content=\"Tiempo de lectura\" \/>\n\t<meta name=\"twitter:data2\" content=\"5 minutos\" \/>\n<script type=\"application\/ld+json\" class=\"yoast-schema-graph\">{\"@context\":\"https:\\\/\\\/schema.org\",\"@graph\":[{\"@type\":\"Article\",\"@id\":\"https:\\\/\\\/www.oracaoefe.com\\\/oracao-para-encontrar-direcao-em-momentos-de-mudanca-de-vida\\\/#article\",\"isPartOf\":{\"@id\":\"https:\\\/\\\/www.oracaoefe.com\\\/oracao-para-encontrar-direcao-em-momentos-de-mudanca-de-vida\\\/\"},\"author\":{\"name\":\"Michele Azevedo\",\"@id\":\"https:\\\/\\\/www.oracaoefe.com\\\/#\\\/schema\\\/person\\\/17283c669442cf005c4d5bb58adfb7f5\"},\"headline\":\"Ora\u00e7\u00e3o para encontrar dire\u00e7\u00e3o em momentos de mudan\u00e7a de vida\",\"datePublished\":\"2024-09-12T09:00:00+00:00\",\"mainEntityOfPage\":{\"@id\":\"https:\\\/\\\/www.oracaoefe.com\\\/oracao-para-encontrar-direcao-em-momentos-de-mudanca-de-vida\\\/\"},\"wordCount\":993,\"image\":{\"@id\":\"https:\\\/\\\/www.oracaoefe.com\\\/oracao-para-encontrar-direcao-em-momentos-de-mudanca-de-vida\\\/#primaryimage\"},\"thumbnailUrl\":\"https:\\\/\\\/www.oracaoefe.com\\\/wp-content\\\/uploads\\\/2024\\\/08\\\/image-8.png\",\"articleSection\":[\"Ora\u00e7\u00e3o\"],\"inLanguage\":\"es\"},{\"@type\":\"WebPage\",\"@id\":\"https:\\\/\\\/www.oracaoefe.com\\\/oracao-para-encontrar-direcao-em-momentos-de-mudanca-de-vida\\\/\",\"url\":\"https:\\\/\\\/www.oracaoefe.com\\\/oracao-para-encontrar-direcao-em-momentos-de-mudanca-de-vida\\\/\",\"name\":\"Ora\u00e7\u00e3o para encontrar dire\u00e7\u00e3o em momentos de mudan\u00e7a de vida - Ora\u00e7\u00e3o e F\u00e9\",\"isPartOf\":{\"@id\":\"https:\\\/\\\/www.oracaoefe.com\\\/#website\"},\"primaryImageOfPage\":{\"@id\":\"https:\\\/\\\/www.oracaoefe.com\\\/oracao-para-encontrar-direcao-em-momentos-de-mudanca-de-vida\\\/#primaryimage\"},\"image\":{\"@id\":\"https:\\\/\\\/www.oracaoefe.com\\\/oracao-para-encontrar-direcao-em-momentos-de-mudanca-de-vida\\\/#primaryimage\"},\"thumbnailUrl\":\"https:\\\/\\\/www.oracaoefe.com\\\/wp-content\\\/uploads\\\/2024\\\/08\\\/image-8.png\",\"datePublished\":\"2024-09-12T09:00:00+00:00\",\"author\":{\"@id\":\"https:\\\/\\\/www.oracaoefe.com\\\/#\\\/schema\\\/person\\\/17283c669442cf005c4d5bb58adfb7f5\"},\"description\":\"Deus tem pra voc\u00ea uma palavra de vida!\",\"breadcrumb\":{\"@id\":\"https:\\\/\\\/www.oracaoefe.com\\\/oracao-para-encontrar-direcao-em-momentos-de-mudanca-de-vida\\\/#breadcrumb\"},\"inLanguage\":\"es\",\"potentialAction\":[{\"@type\":\"ReadAction\",\"target\":[\"https:\\\/\\\/www.oracaoefe.com\\\/oracao-para-encontrar-direcao-em-momentos-de-mudanca-de-vida\\\/\"]}]},{\"@type\":\"ImageObject\",\"inLanguage\":\"es\",\"@id\":\"https:\\\/\\\/www.oracaoefe.com\\\/oracao-para-encontrar-direcao-em-momentos-de-mudanca-de-vida\\\/#primaryimage\",\"url\":\"https:\\\/\\\/www.oracaoefe.com\\\/wp-content\\\/uploads\\\/2024\\\/08\\\/image-8.png\",\"contentUrl\":\"https:\\\/\\\/www.oracaoefe.com\\\/wp-content\\\/uploads\\\/2024\\\/08\\\/image-8.png\",\"width\":740,\"height\":416},{\"@type\":\"BreadcrumbList\",\"@id\":\"https:\\\/\\\/www.oracaoefe.com\\\/oracao-para-encontrar-direcao-em-momentos-de-mudanca-de-vida\\\/#breadcrumb\",\"itemListElement\":[{\"@type\":\"ListItem\",\"position\":1,\"name\":\"Home\",\"item\":\"https:\\\/\\\/www.oracaoefe.com\\\/\"},{\"@type\":\"ListItem\",\"position\":2,\"name\":\"Ora\u00e7\u00e3o\",\"item\":\"https:\\\/\\\/www.oracaoefe.com\\\/category\\\/oracao\\\/\"},{\"@type\":\"ListItem\",\"position\":3,\"name\":\"Ora\u00e7\u00e3o para encontrar dire\u00e7\u00e3o em momentos de mudan\u00e7a de vida\"}]},{\"@type\":\"WebSite\",\"@id\":\"https:\\\/\\\/www.oracaoefe.com\\\/#website\",\"url\":\"https:\\\/\\\/www.oracaoefe.com\\\/\",\"name\":\"Ora\u00e7\u00e3o e F\u00e9\",\"description\":\"\",\"potentialAction\":[{\"@type\":\"SearchAction\",\"target\":{\"@type\":\"EntryPoint\",\"urlTemplate\":\"https:\\\/\\\/www.oracaoefe.com\\\/?s={search_term_string}\"},\"query-input\":{\"@type\":\"PropertyValueSpecification\",\"valueRequired\":true,\"valueName\":\"search_term_string\"}}],\"inLanguage\":\"es\"},{\"@type\":\"Person\",\"@id\":\"https:\\\/\\\/www.oracaoefe.com\\\/#\\\/schema\\\/person\\\/17283c669442cf005c4d5bb58adfb7f5\",\"name\":\"Michele Azevedo\",\"image\":{\"@type\":\"ImageObject\",\"inLanguage\":\"es\",\"@id\":\"https:\\\/\\\/secure.gravatar.com\\\/avatar\\\/6b0eb9d22841282815e2cd856a0061c45e1761cd54b22e952d98c4746939aa85?s=96&d=mm&r=g\",\"url\":\"https:\\\/\\\/secure.gravatar.com\\\/avatar\\\/6b0eb9d22841282815e2cd856a0061c45e1761cd54b22e952d98c4746939aa85?s=96&d=mm&r=g\",\"contentUrl\":\"https:\\\/\\\/secure.gravatar.com\\\/avatar\\\/6b0eb9d22841282815e2cd856a0061c45e1761cd54b22e952d98c4746939aa85?s=96&d=mm&r=g\",\"caption\":\"Michele Azevedo\"},\"description\":\"Formada em Letras - Portugu\u00eas\\\/ Ingl\u00eas pela UEPG, p\u00f3s-graduada em Arte na Educa\u00e7\u00e3o e Psicopedagogia Escolar, idealizadora do site Escritora de Sucesso, redatora e revisora dos conte\u00fados do Ora\u00e7\u00e3o e F\u00e9 com muita f\u00e9 e positividade.\",\"url\":\"https:\\\/\\\/www.oracaoefe.com\\\/es\\\/author\\\/michele-azevedo\\\/\"}]}<\/script>\n<!-- \/ Yoast SEO plugin. -->","yoast_head_json":{"title":"Oraci\u00f3n para encontrar direcci\u00f3n en tiempos de cambio de vida - Oraci\u00f3n y Fe","description":"\u00a1Dios tiene una palabra de vida para ti!","robots":{"index":"index","follow":"follow","max-snippet":"max-snippet:-1","max-image-preview":"max-image-preview:large","max-video-preview":"max-video-preview:-1"},"canonical":"https:\/\/www.oracaoefe.com\/es\/oracion-para-pedir-orientacion-en-tiempos-de-cambio\/","og_locale":"es_ES","og_type":"article","og_title":"Ora\u00e7\u00e3o para encontrar dire\u00e7\u00e3o em momentos de mudan\u00e7a de vida - Ora\u00e7\u00e3o e F\u00e9","og_description":"Deus tem pra voc\u00ea uma palavra de vida!","og_url":"https:\/\/www.oracaoefe.com\/es\/oracion-para-pedir-orientacion-en-tiempos-de-cambio\/","og_site_name":"Ora\u00e7\u00e3o e F\u00e9","article_published_time":"2024-09-12T09:00:00+00:00","og_image":[{"width":740,"height":416,"url":"https:\/\/www.oracaoefe.com\/wp-content\/uploads\/2024\/08\/image-8.png","type":"image\/png"}],"author":"Michele Azevedo","twitter_card":"summary_large_image","twitter_misc":{"Escrito por":"Michele Azevedo","Tiempo de lectura":"5 minutos"},"schema":{"@context":"https:\/\/schema.org","@graph":[{"@type":"Article","@id":"https:\/\/www.oracaoefe.com\/oracao-para-encontrar-direcao-em-momentos-de-mudanca-de-vida\/#article","isPartOf":{"@id":"https:\/\/www.oracaoefe.com\/oracao-para-encontrar-direcao-em-momentos-de-mudanca-de-vida\/"},"author":{"name":"Michele Azevedo","@id":"https:\/\/www.oracaoefe.com\/#\/schema\/person\/17283c669442cf005c4d5bb58adfb7f5"},"headline":"Ora\u00e7\u00e3o para encontrar dire\u00e7\u00e3o em momentos de mudan\u00e7a de vida","datePublished":"2024-09-12T09:00:00+00:00","mainEntityOfPage":{"@id":"https:\/\/www.oracaoefe.com\/oracao-para-encontrar-direcao-em-momentos-de-mudanca-de-vida\/"},"wordCount":993,"image":{"@id":"https:\/\/www.oracaoefe.com\/oracao-para-encontrar-direcao-em-momentos-de-mudanca-de-vida\/#primaryimage"},"thumbnailUrl":"https:\/\/www.oracaoefe.com\/wp-content\/uploads\/2024\/08\/image-8.png","articleSection":["Ora\u00e7\u00e3o"],"inLanguage":"es"},{"@type":"WebPage","@id":"https:\/\/www.oracaoefe.com\/oracao-para-encontrar-direcao-em-momentos-de-mudanca-de-vida\/","url":"https:\/\/www.oracaoefe.com\/oracao-para-encontrar-direcao-em-momentos-de-mudanca-de-vida\/","name":"Oraci\u00f3n para encontrar direcci\u00f3n en tiempos de cambio de vida - Oraci\u00f3n y Fe","isPartOf":{"@id":"https:\/\/www.oracaoefe.com\/#website"},"primaryImageOfPage":{"@id":"https:\/\/www.oracaoefe.com\/oracao-para-encontrar-direcao-em-momentos-de-mudanca-de-vida\/#primaryimage"},"image":{"@id":"https:\/\/www.oracaoefe.com\/oracao-para-encontrar-direcao-em-momentos-de-mudanca-de-vida\/#primaryimage"},"thumbnailUrl":"https:\/\/www.oracaoefe.com\/wp-content\/uploads\/2024\/08\/image-8.png","datePublished":"2024-09-12T09:00:00+00:00","author":{"@id":"https:\/\/www.oracaoefe.com\/#\/schema\/person\/17283c669442cf005c4d5bb58adfb7f5"},"description":"\u00a1Dios tiene una palabra de vida para ti!","breadcrumb":{"@id":"https:\/\/www.oracaoefe.com\/oracao-para-encontrar-direcao-em-momentos-de-mudanca-de-vida\/#breadcrumb"},"inLanguage":"es","potentialAction":[{"@type":"ReadAction","target":["https:\/\/www.oracaoefe.com\/oracao-para-encontrar-direcao-em-momentos-de-mudanca-de-vida\/"]}]},{"@type":"ImageObject","inLanguage":"es","@id":"https:\/\/www.oracaoefe.com\/oracao-para-encontrar-direcao-em-momentos-de-mudanca-de-vida\/#primaryimage","url":"https:\/\/www.oracaoefe.com\/wp-content\/uploads\/2024\/08\/image-8.png","contentUrl":"https:\/\/www.oracaoefe.com\/wp-content\/uploads\/2024\/08\/image-8.png","width":740,"height":416},{"@type":"BreadcrumbList","@id":"https:\/\/www.oracaoefe.com\/oracao-para-encontrar-direcao-em-momentos-de-mudanca-de-vida\/#breadcrumb","itemListElement":[{"@type":"ListItem","position":1,"name":"Home","item":"https:\/\/www.oracaoefe.com\/"},{"@type":"ListItem","position":2,"name":"Ora\u00e7\u00e3o","item":"https:\/\/www.oracaoefe.com\/category\/oracao\/"},{"@type":"ListItem","position":3,"name":"Ora\u00e7\u00e3o para encontrar dire\u00e7\u00e3o em momentos de mudan\u00e7a de vida"}]},{"@type":"WebSite","@id":"https:\/\/www.oracaoefe.com\/#website","url":"https:\/\/www.oracaoefe.com\/","name":"Oraci\u00f3n y fe","description":"","potentialAction":[{"@type":"SearchAction","target":{"@type":"EntryPoint","urlTemplate":"https:\/\/www.oracaoefe.com\/?s={search_term_string}"},"query-input":{"@type":"PropertyValueSpecification","valueRequired":true,"valueName":"search_term_string"}}],"inLanguage":"es"},{"@type":"Person","@id":"https:\/\/www.oracaoefe.com\/#\/schema\/person\/17283c669442cf005c4d5bb58adfb7f5","name":"Michele Azevedo","image":{"@type":"ImageObject","inLanguage":"es","@id":"https:\/\/secure.gravatar.com\/avatar\/6b0eb9d22841282815e2cd856a0061c45e1761cd54b22e952d98c4746939aa85?s=96&d=mm&r=g","url":"https:\/\/secure.gravatar.com\/avatar\/6b0eb9d22841282815e2cd856a0061c45e1761cd54b22e952d98c4746939aa85?s=96&d=mm&r=g","contentUrl":"https:\/\/secure.gravatar.com\/avatar\/6b0eb9d22841282815e2cd856a0061c45e1761cd54b22e952d98c4746939aa85?s=96&d=mm&r=g","caption":"Michele Azevedo"},"description":"Licenciada en Literatura Portuguesa\/Ingl\u00e9s por la UEPG, con posgrados en Arte en la Educaci\u00f3n y Psicopedagog\u00eda Escolar, es la creadora del sitio web Escritora de Sucesso, y escritora y editora de contenido para Ora\u00e7\u00e3o e F\u00e9 (Oraci\u00f3n y Fe) con gran fe y positividad.","url":"https:\/\/www.oracaoefe.com\/es\/author\/michele-azevedo\/"}]}},"_links":{"self":[{"href":"https:\/\/www.oracaoefe.com\/es\/wp-json\/wp\/v2\/posts\/3004","targetHints":{"allow":["GET"]}}],"collection":[{"href":"https:\/\/www.oracaoefe.com\/es\/wp-json\/wp\/v2\/posts"}],"about":[{"href":"https:\/\/www.oracaoefe.com\/es\/wp-json\/wp\/v2\/types\/post"}],"author":[{"embeddable":true,"href":"https:\/\/www.oracaoefe.com\/es\/wp-json\/wp\/v2\/users\/3"}],"replies":[{"embeddable":true,"href":"https:\/\/www.oracaoefe.com\/es\/wp-json\/wp\/v2\/comments?post=3004"}],"version-history":[{"count":2,"href":"https:\/\/www.oracaoefe.com\/es\/wp-json\/wp\/v2\/posts\/3004\/revisions"}],"predecessor-version":[{"id":3025,"href":"https:\/\/www.oracaoefe.com\/es\/wp-json\/wp\/v2\/posts\/3004\/revisions\/3025"}],"wp:featuredmedia":[{"embeddable":true,"href":"https:\/\/www.oracaoefe.com\/es\/wp-json\/wp\/v2\/media\/3024"}],"wp:attachment":[{"href":"https:\/\/www.oracaoefe.com\/es\/wp-json\/wp\/v2\/media?parent=3004"}],"wp:term":[{"taxonomy":"category","embeddable":true,"href":"https:\/\/www.oracaoefe.com\/es\/wp-json\/wp\/v2\/categories?post=3004"},{"taxonomy":"post_tag","embeddable":true,"href":"https:\/\/www.oracaoefe.com\/es\/wp-json\/wp\/v2\/tags?post=3004"}],"curies":[{"name":"wp","href":"https:\/\/api.w.org\/{rel}","templated":true}]}}