{"id":2926,"date":"2024-07-14T01:00:00","date_gmt":"2024-07-14T04:00:00","guid":{"rendered":"https:\/\/www.oracaoefe.com\/?p=2926"},"modified":"2024-07-02T20:41:37","modified_gmt":"2024-07-02T23:41:37","slug":"3-opciones-de-oracion-para-proteger-a-los-ninos-del-peligro","status":"publish","type":"post","link":"https:\/\/www.oracaoefe.com\/es\/3-opcoes-de-oracao-para-proteger-os-filhos-de-perigos\/","title":{"rendered":"3 opciones de oraci\u00f3n para proteger a los ni\u00f1os del peligro"},"content":{"rendered":"<p>Cuando se trata de la seguridad de nuestros hijos, todos los padres queremos lo mejor. Sin embargo, no siempre tenemos el control sobre todos los aspectos de sus vidas. Ante esta situaci\u00f3n, muchos padres recurren a la fe y a la oraci\u00f3n como forma de buscar la protecci\u00f3n divina para sus hijos.&nbsp;<\/p>\n\n\n\n<h2 class=\"wp-block-heading\">El poder de la oraci\u00f3n para proteger a los ni\u00f1os<\/h2>\n\n\n\n<p>La oraci\u00f3n es una pr\u00e1ctica espiritual profundamente personal y significativa para muchas personas en todo el mundo. No s\u00f3lo refuerza nuestra conexi\u00f3n con lo divino, sino que tambi\u00e9n se considera un medio para pedir ayuda, orientaci\u00f3n y protecci\u00f3n para nuestros seres queridos, especialmente nuestros hijos.&nbsp;<\/p>\n\n\n\n<p>Independientemente de su creencia espec\u00edfica, la idea de dirigir intenciones positivas y peticiones de protecci\u00f3n a trav\u00e9s de la oraci\u00f3n es una pr\u00e1ctica com\u00fan y reconfortante para muchos padres.<\/p>\n\n\n\n<figure class=\"wp-block-image size-full is-resized\"><img loading=\"lazy\" decoding=\"async\" width=\"740\" height=\"493\" src=\"https:\/\/www.oracaoefe.com\/wp-content\/uploads\/2024\/07\/image-4.png\" alt=\"\" class=\"wp-image-2938\" style=\"width:840px;height:auto\" srcset=\"https:\/\/www.oracaoefe.com\/wp-content\/uploads\/2024\/07\/image-4.png 740w, https:\/\/www.oracaoefe.com\/wp-content\/uploads\/2024\/07\/image-4-300x200.png 300w, https:\/\/www.oracaoefe.com\/wp-content\/uploads\/2024\/07\/image-4-18x12.png 18w\" sizes=\"auto, (max-width: 740px) 100vw, 740px\" \/><\/figure>\n\n\n\n<h3 class=\"wp-block-heading\">Oraci\u00f3n de San Miguel Arc\u00e1ngel<\/h3>\n\n\n\n<p>Una de las oraciones de protecci\u00f3n m\u00e1s veneradas es la Oraci\u00f3n de San Miguel Arc\u00e1ngel. San Miguel es considerado uno de los m\u00e1s poderosos defensores contra el mal, por lo que sus oraciones suelen invocarse en momentos de extrema necesidad, especialmente para proteger a los ni\u00f1os de influencias negativas y peligros f\u00edsicos o espirituales.<\/p>\n\n\n\n<p><em>\"San Miguel Arc\u00e1ngel, defi\u00e9ndenos en la batalla; s\u00e9 nuestro auxilio contra la maldad y las asechanzas del demonio.&nbsp;<\/em><\/p>\n\n\n\n<p><em>Que Dios manifieste su poder sobre \u00e9l, te lo pedimos humildemente;&nbsp;<\/em><\/p>\n\n\n\n<p><em>y t\u00fa, pr\u00edncipe de la milicia celestial, con el poder divino, arroja al infierno a satan\u00e1s y a los dem\u00e1s esp\u00edritus malignos que andan por el mundo para perder almas.&nbsp;<\/em><\/p>\n\n\n\n<p><em>Am\u00e9n\".<\/em><\/p>\n\n\n\n<p>Esta oraci\u00f3n es una poderosa invocaci\u00f3n a la protecci\u00f3n espiritual, que busca la ayuda divina a trav\u00e9s de la intercesi\u00f3n de San Miguel Arc\u00e1ngel, considerado tradicionalmente como el guardi\u00e1n contra el mal y los peligros espirituales que pueden afectar a nuestros hijos.<\/p>\n\n\n\n<h3 class=\"wp-block-heading\">Oraci\u00f3n a Nuestra Se\u00f1ora Desatar los Nudos<\/h3>\n\n\n\n<p>Otra figura venerada en la tradici\u00f3n cat\u00f3lica es Nuestra Se\u00f1ora Desatando Nudos, conocida por su intercesi\u00f3n en asuntos dif\u00edciles y problemas complicados de la vida. Esta oraci\u00f3n es especialmente \u00fatil para los padres que desean proteger a sus hijos de situaciones dif\u00edciles y retos emocionales o espirituales.<\/p>\n\n\n\n<p><em>\"Oh Mar\u00eda, Desatadora de Nudos, madre amorosa, acudo a ti en busca de tu protecci\u00f3n para mis hijos.&nbsp;<\/em><\/p>\n\n\n\n<p><em>Intercede por ellos ante tu Hijo, para que sean preservados de todos los males y peligros que les rodean.&nbsp;<\/em><\/p>\n\n\n\n<p><em>Que tu bondad maternal los rodee y tu intercesi\u00f3n los proteja siempre.&nbsp;<\/em><\/p>\n\n\n\n<p><em>Am\u00e9n\".<\/em><\/p>\n\n\n\n<p>Esta oraci\u00f3n pone de relieve la confianza en la intercesi\u00f3n maternal de Mar\u00eda y en su capacidad para deshacer los nudos y las dificultades que puedan surgir en el camino de sus hijos, proporcion\u00e1ndoles seguridad y protecci\u00f3n espiritual.<\/p>\n\n\n\n<h3 class=\"wp-block-heading\">Oraci\u00f3n de gratitud y protecci\u00f3n<\/h3>\n\n\n\n<p>Adem\u00e1s de oraciones espec\u00edficas a figuras religiosas, muchos padres tambi\u00e9n optan por crear sus propias oraciones personales, expresando gratitud y pidiendo la protecci\u00f3n divina de una forma m\u00e1s personal y directa.&nbsp;<\/p>\n\n\n\n<p>Estas oraciones pueden realizarse de forma espont\u00e1nea o estructurada, en funci\u00f3n de las necesidades y deseos de cada persona.<\/p>\n\n\n\n<p><em>\"Querido Dios, estoy inmensamente agradecida por el regalo de mis hijos.&nbsp;<\/em><\/p>\n\n\n\n<p><em>Te pido que los protejas cada d\u00eda, protegi\u00e9ndolos de todo da\u00f1o f\u00edsico, emocional y espiritual. Conc\u00e9deles el discernimiento para tomar decisiones sabias y el valor para afrontar los desaf\u00edos. Que tu luz los gu\u00ede siempre y tu paz los rodee en todo momento.&nbsp;<\/em><\/p>\n\n\n\n<p><em>Am\u00e9n\".<\/em><\/p>\n\n\n\n<p>Esta oraci\u00f3n refleja una conexi\u00f3n personal con lo divino, combinando la gratitud con una s\u00faplica de protecci\u00f3n y gu\u00eda constantes para los ni\u00f1os.<\/p>\n\n\n\n<h2 class=\"wp-block-heading\">Invocar la protecci\u00f3n divina<\/h2>\n\n\n\n<p>La pr\u00e1ctica de la oraci\u00f3n como medio para proteger a los ni\u00f1os tiene un profundo significado para muchos padres de todo el mundo. Ya sea a trav\u00e9s de oraciones tradicionales como San Miguel Arc\u00e1ngel y Nuestra Se\u00f1ora Desatando los Nudos, o a trav\u00e9s de oraciones personales y espont\u00e1neas, la intenci\u00f3n es la misma: invocar la protecci\u00f3n divina para nuestros queridos hijos.&nbsp;<\/p>\n\n\n\n<p>Al confiar en pr\u00e1cticas espirituales que trascienden las preocupaciones terrenales, los padres encuentran consuelo en la creencia de que sus hijos est\u00e1n siendo cuidados y protegidos por algo m\u00e1s grande que ellos mismos. Que estas oraciones no s\u00f3lo fortalezcan nuestra fe, sino que tambi\u00e9n promuevan una sensaci\u00f3n de seguridad y paz para las familias en su camino diario.<\/p>\n\n\n\n<p><p><strong>V\u00e9ase tambi\u00e9n: <a href=\"https:\/\/www.oracaoefe.com\/es\/oraciones-para-la-proteccion-y-la-salud-durante-el-embarazo\/\">Oraci\u00f3n por la protecci\u00f3n y la salud durante el embarazo<\/a><\/strong><\/p><\/p>\n\n\n\n<p><p>14 de julio de 2024<\/p><\/p>","protected":false},"excerpt":{"rendered":"<p>Quando se trata da seguran\u00e7a e prote\u00e7\u00e3o dos nossos filhos, todos os pais desejam o melhor. No entanto, nem sempre temos controle sobre todos os aspectos da vida deles. Diante disso, muitos pais recorrem \u00e0 f\u00e9 e \u00e0 ora\u00e7\u00e3o como uma forma de buscar prote\u00e7\u00e3o divina para seus filhos.&nbsp; O poder da ora\u00e7\u00e3o na prote\u00e7\u00e3o&hellip;&nbsp;<\/p>","protected":false},"author":3,"featured_media":2938,"comment_status":"closed","ping_status":"closed","sticky":false,"template":"","format":"standard","meta":{"neve_meta_sidebar":"","neve_meta_container":"","neve_meta_enable_content_width":"","neve_meta_content_width":0,"neve_meta_title_alignment":"","neve_meta_author_avatar":"","neve_post_elements_order":"","neve_meta_disable_header":"","neve_meta_disable_footer":"","neve_meta_disable_title":"","footnotes":""},"categories":[2],"tags":[],"class_list":["post-2926","post","type-post","status-publish","format-standard","has-post-thumbnail","hentry","category-oracao"],"yoast_head":"<!-- This site is optimized with the Yoast SEO plugin v27.4 - https:\/\/yoast.com\/product\/yoast-seo-wordpress\/ -->\n<title>3 op\u00e7\u00f5es de ora\u00e7\u00e3o para proteger os filhos de perigos - Ora\u00e7\u00e3o e F\u00e9<\/title>\n<meta name=\"description\" content=\"Deus tem pra voc\u00ea uma palavra de vida!\" \/>\n<meta name=\"robots\" content=\"index, follow, max-snippet:-1, max-image-preview:large, max-video-preview:-1\" \/>\n<link rel=\"canonical\" href=\"https:\/\/www.oracaoefe.com\/es\/3-opciones-de-oracion-para-proteger-a-los-ninos-del-peligro\/\" \/>\n<meta property=\"og:locale\" content=\"es_ES\" \/>\n<meta property=\"og:type\" content=\"article\" \/>\n<meta property=\"og:title\" content=\"3 op\u00e7\u00f5es de ora\u00e7\u00e3o para proteger os filhos de perigos - Ora\u00e7\u00e3o e F\u00e9\" \/>\n<meta property=\"og:description\" content=\"Deus tem pra voc\u00ea uma palavra de vida!\" \/>\n<meta property=\"og:url\" content=\"https:\/\/www.oracaoefe.com\/es\/3-opciones-de-oracion-para-proteger-a-los-ninos-del-peligro\/\" \/>\n<meta property=\"og:site_name\" content=\"Ora\u00e7\u00e3o e F\u00e9\" \/>\n<meta property=\"article:published_time\" content=\"2024-07-14T04:00:00+00:00\" \/>\n<meta property=\"og:image\" content=\"https:\/\/www.oracaoefe.com\/wp-content\/uploads\/2024\/07\/image-4.png\" \/>\n\t<meta property=\"og:image:width\" content=\"740\" \/>\n\t<meta property=\"og:image:height\" content=\"493\" \/>\n\t<meta property=\"og:image:type\" content=\"image\/png\" \/>\n<meta name=\"author\" content=\"Michele Azevedo\" \/>\n<meta name=\"twitter:card\" content=\"summary_large_image\" \/>\n<meta name=\"twitter:label1\" content=\"Escrito por\" \/>\n\t<meta name=\"twitter:data1\" content=\"Michele Azevedo\" \/>\n\t<meta name=\"twitter:label2\" content=\"Tiempo de lectura\" \/>\n\t<meta name=\"twitter:data2\" content=\"4 minutos\" \/>\n<script type=\"application\/ld+json\" class=\"yoast-schema-graph\">{\"@context\":\"https:\\\/\\\/schema.org\",\"@graph\":[{\"@type\":\"Article\",\"@id\":\"https:\\\/\\\/www.oracaoefe.com\\\/3-opcoes-de-oracao-para-proteger-os-filhos-de-perigos\\\/#article\",\"isPartOf\":{\"@id\":\"https:\\\/\\\/www.oracaoefe.com\\\/3-opcoes-de-oracao-para-proteger-os-filhos-de-perigos\\\/\"},\"author\":{\"name\":\"Michele Azevedo\",\"@id\":\"https:\\\/\\\/www.oracaoefe.com\\\/#\\\/schema\\\/person\\\/17283c669442cf005c4d5bb58adfb7f5\"},\"headline\":\"3 op\u00e7\u00f5es de ora\u00e7\u00e3o para proteger os filhos de perigos\",\"datePublished\":\"2024-07-14T04:00:00+00:00\",\"mainEntityOfPage\":{\"@id\":\"https:\\\/\\\/www.oracaoefe.com\\\/3-opcoes-de-oracao-para-proteger-os-filhos-de-perigos\\\/\"},\"wordCount\":802,\"image\":{\"@id\":\"https:\\\/\\\/www.oracaoefe.com\\\/3-opcoes-de-oracao-para-proteger-os-filhos-de-perigos\\\/#primaryimage\"},\"thumbnailUrl\":\"https:\\\/\\\/www.oracaoefe.com\\\/wp-content\\\/uploads\\\/2024\\\/07\\\/image-4.png\",\"articleSection\":[\"Ora\u00e7\u00e3o\"],\"inLanguage\":\"es\"},{\"@type\":\"WebPage\",\"@id\":\"https:\\\/\\\/www.oracaoefe.com\\\/3-opcoes-de-oracao-para-proteger-os-filhos-de-perigos\\\/\",\"url\":\"https:\\\/\\\/www.oracaoefe.com\\\/3-opcoes-de-oracao-para-proteger-os-filhos-de-perigos\\\/\",\"name\":\"3 op\u00e7\u00f5es de ora\u00e7\u00e3o para proteger os filhos de perigos - Ora\u00e7\u00e3o e F\u00e9\",\"isPartOf\":{\"@id\":\"https:\\\/\\\/www.oracaoefe.com\\\/#website\"},\"primaryImageOfPage\":{\"@id\":\"https:\\\/\\\/www.oracaoefe.com\\\/3-opcoes-de-oracao-para-proteger-os-filhos-de-perigos\\\/#primaryimage\"},\"image\":{\"@id\":\"https:\\\/\\\/www.oracaoefe.com\\\/3-opcoes-de-oracao-para-proteger-os-filhos-de-perigos\\\/#primaryimage\"},\"thumbnailUrl\":\"https:\\\/\\\/www.oracaoefe.com\\\/wp-content\\\/uploads\\\/2024\\\/07\\\/image-4.png\",\"datePublished\":\"2024-07-14T04:00:00+00:00\",\"author\":{\"@id\":\"https:\\\/\\\/www.oracaoefe.com\\\/#\\\/schema\\\/person\\\/17283c669442cf005c4d5bb58adfb7f5\"},\"description\":\"Deus tem pra voc\u00ea uma palavra de vida!\",\"breadcrumb\":{\"@id\":\"https:\\\/\\\/www.oracaoefe.com\\\/3-opcoes-de-oracao-para-proteger-os-filhos-de-perigos\\\/#breadcrumb\"},\"inLanguage\":\"es\",\"potentialAction\":[{\"@type\":\"ReadAction\",\"target\":[\"https:\\\/\\\/www.oracaoefe.com\\\/3-opcoes-de-oracao-para-proteger-os-filhos-de-perigos\\\/\"]}]},{\"@type\":\"ImageObject\",\"inLanguage\":\"es\",\"@id\":\"https:\\\/\\\/www.oracaoefe.com\\\/3-opcoes-de-oracao-para-proteger-os-filhos-de-perigos\\\/#primaryimage\",\"url\":\"https:\\\/\\\/www.oracaoefe.com\\\/wp-content\\\/uploads\\\/2024\\\/07\\\/image-4.png\",\"contentUrl\":\"https:\\\/\\\/www.oracaoefe.com\\\/wp-content\\\/uploads\\\/2024\\\/07\\\/image-4.png\",\"width\":740,\"height\":493},{\"@type\":\"BreadcrumbList\",\"@id\":\"https:\\\/\\\/www.oracaoefe.com\\\/3-opcoes-de-oracao-para-proteger-os-filhos-de-perigos\\\/#breadcrumb\",\"itemListElement\":[{\"@type\":\"ListItem\",\"position\":1,\"name\":\"Home\",\"item\":\"https:\\\/\\\/www.oracaoefe.com\\\/\"},{\"@type\":\"ListItem\",\"position\":2,\"name\":\"Ora\u00e7\u00e3o\",\"item\":\"https:\\\/\\\/www.oracaoefe.com\\\/category\\\/oracao\\\/\"},{\"@type\":\"ListItem\",\"position\":3,\"name\":\"3 op\u00e7\u00f5es de ora\u00e7\u00e3o para proteger os filhos de perigos\"}]},{\"@type\":\"WebSite\",\"@id\":\"https:\\\/\\\/www.oracaoefe.com\\\/#website\",\"url\":\"https:\\\/\\\/www.oracaoefe.com\\\/\",\"name\":\"Ora\u00e7\u00e3o e F\u00e9\",\"description\":\"\",\"potentialAction\":[{\"@type\":\"SearchAction\",\"target\":{\"@type\":\"EntryPoint\",\"urlTemplate\":\"https:\\\/\\\/www.oracaoefe.com\\\/?s={search_term_string}\"},\"query-input\":{\"@type\":\"PropertyValueSpecification\",\"valueRequired\":true,\"valueName\":\"search_term_string\"}}],\"inLanguage\":\"es\"},{\"@type\":\"Person\",\"@id\":\"https:\\\/\\\/www.oracaoefe.com\\\/#\\\/schema\\\/person\\\/17283c669442cf005c4d5bb58adfb7f5\",\"name\":\"Michele Azevedo\",\"image\":{\"@type\":\"ImageObject\",\"inLanguage\":\"es\",\"@id\":\"https:\\\/\\\/secure.gravatar.com\\\/avatar\\\/6b0eb9d22841282815e2cd856a0061c45e1761cd54b22e952d98c4746939aa85?s=96&d=mm&r=g\",\"url\":\"https:\\\/\\\/secure.gravatar.com\\\/avatar\\\/6b0eb9d22841282815e2cd856a0061c45e1761cd54b22e952d98c4746939aa85?s=96&d=mm&r=g\",\"contentUrl\":\"https:\\\/\\\/secure.gravatar.com\\\/avatar\\\/6b0eb9d22841282815e2cd856a0061c45e1761cd54b22e952d98c4746939aa85?s=96&d=mm&r=g\",\"caption\":\"Michele Azevedo\"},\"description\":\"Formada em Letras - Portugu\u00eas\\\/ Ingl\u00eas pela UEPG, p\u00f3s-graduada em Arte na Educa\u00e7\u00e3o e Psicopedagogia Escolar, idealizadora do site Escritora de Sucesso, redatora e revisora dos conte\u00fados do Ora\u00e7\u00e3o e F\u00e9 com muita f\u00e9 e positividade.\",\"url\":\"https:\\\/\\\/www.oracaoefe.com\\\/es\\\/author\\\/michele-azevedo\\\/\"}]}<\/script>\n<!-- \/ Yoast SEO plugin. -->","yoast_head_json":{"title":"3 opciones de oraci\u00f3n para proteger a los ni\u00f1os del peligro - Oraci\u00f3n y Fe","description":"\u00a1Dios tiene una palabra de vida para ti!","robots":{"index":"index","follow":"follow","max-snippet":"max-snippet:-1","max-image-preview":"max-image-preview:large","max-video-preview":"max-video-preview:-1"},"canonical":"https:\/\/www.oracaoefe.com\/es\/3-opciones-de-oracion-para-proteger-a-los-ninos-del-peligro\/","og_locale":"es_ES","og_type":"article","og_title":"3 op\u00e7\u00f5es de ora\u00e7\u00e3o para proteger os filhos de perigos - Ora\u00e7\u00e3o e F\u00e9","og_description":"Deus tem pra voc\u00ea uma palavra de vida!","og_url":"https:\/\/www.oracaoefe.com\/es\/3-opciones-de-oracion-para-proteger-a-los-ninos-del-peligro\/","og_site_name":"Ora\u00e7\u00e3o e F\u00e9","article_published_time":"2024-07-14T04:00:00+00:00","og_image":[{"width":740,"height":493,"url":"https:\/\/www.oracaoefe.com\/wp-content\/uploads\/2024\/07\/image-4.png","type":"image\/png"}],"author":"Michele Azevedo","twitter_card":"summary_large_image","twitter_misc":{"Escrito por":"Michele Azevedo","Tiempo de lectura":"4 minutos"},"schema":{"@context":"https:\/\/schema.org","@graph":[{"@type":"Article","@id":"https:\/\/www.oracaoefe.com\/3-opcoes-de-oracao-para-proteger-os-filhos-de-perigos\/#article","isPartOf":{"@id":"https:\/\/www.oracaoefe.com\/3-opcoes-de-oracao-para-proteger-os-filhos-de-perigos\/"},"author":{"name":"Michele Azevedo","@id":"https:\/\/www.oracaoefe.com\/#\/schema\/person\/17283c669442cf005c4d5bb58adfb7f5"},"headline":"3 op\u00e7\u00f5es de ora\u00e7\u00e3o para proteger os filhos de perigos","datePublished":"2024-07-14T04:00:00+00:00","mainEntityOfPage":{"@id":"https:\/\/www.oracaoefe.com\/3-opcoes-de-oracao-para-proteger-os-filhos-de-perigos\/"},"wordCount":802,"image":{"@id":"https:\/\/www.oracaoefe.com\/3-opcoes-de-oracao-para-proteger-os-filhos-de-perigos\/#primaryimage"},"thumbnailUrl":"https:\/\/www.oracaoefe.com\/wp-content\/uploads\/2024\/07\/image-4.png","articleSection":["Ora\u00e7\u00e3o"],"inLanguage":"es"},{"@type":"WebPage","@id":"https:\/\/www.oracaoefe.com\/3-opcoes-de-oracao-para-proteger-os-filhos-de-perigos\/","url":"https:\/\/www.oracaoefe.com\/3-opcoes-de-oracao-para-proteger-os-filhos-de-perigos\/","name":"3 opciones de oraci\u00f3n para proteger a los ni\u00f1os del peligro - Oraci\u00f3n y Fe","isPartOf":{"@id":"https:\/\/www.oracaoefe.com\/#website"},"primaryImageOfPage":{"@id":"https:\/\/www.oracaoefe.com\/3-opcoes-de-oracao-para-proteger-os-filhos-de-perigos\/#primaryimage"},"image":{"@id":"https:\/\/www.oracaoefe.com\/3-opcoes-de-oracao-para-proteger-os-filhos-de-perigos\/#primaryimage"},"thumbnailUrl":"https:\/\/www.oracaoefe.com\/wp-content\/uploads\/2024\/07\/image-4.png","datePublished":"2024-07-14T04:00:00+00:00","author":{"@id":"https:\/\/www.oracaoefe.com\/#\/schema\/person\/17283c669442cf005c4d5bb58adfb7f5"},"description":"\u00a1Dios tiene una palabra de vida para ti!","breadcrumb":{"@id":"https:\/\/www.oracaoefe.com\/3-opcoes-de-oracao-para-proteger-os-filhos-de-perigos\/#breadcrumb"},"inLanguage":"es","potentialAction":[{"@type":"ReadAction","target":["https:\/\/www.oracaoefe.com\/3-opcoes-de-oracao-para-proteger-os-filhos-de-perigos\/"]}]},{"@type":"ImageObject","inLanguage":"es","@id":"https:\/\/www.oracaoefe.com\/3-opcoes-de-oracao-para-proteger-os-filhos-de-perigos\/#primaryimage","url":"https:\/\/www.oracaoefe.com\/wp-content\/uploads\/2024\/07\/image-4.png","contentUrl":"https:\/\/www.oracaoefe.com\/wp-content\/uploads\/2024\/07\/image-4.png","width":740,"height":493},{"@type":"BreadcrumbList","@id":"https:\/\/www.oracaoefe.com\/3-opcoes-de-oracao-para-proteger-os-filhos-de-perigos\/#breadcrumb","itemListElement":[{"@type":"ListItem","position":1,"name":"Home","item":"https:\/\/www.oracaoefe.com\/"},{"@type":"ListItem","position":2,"name":"Ora\u00e7\u00e3o","item":"https:\/\/www.oracaoefe.com\/category\/oracao\/"},{"@type":"ListItem","position":3,"name":"3 op\u00e7\u00f5es de ora\u00e7\u00e3o para proteger os filhos de perigos"}]},{"@type":"WebSite","@id":"https:\/\/www.oracaoefe.com\/#website","url":"https:\/\/www.oracaoefe.com\/","name":"Oraci\u00f3n y fe","description":"","potentialAction":[{"@type":"SearchAction","target":{"@type":"EntryPoint","urlTemplate":"https:\/\/www.oracaoefe.com\/?s={search_term_string}"},"query-input":{"@type":"PropertyValueSpecification","valueRequired":true,"valueName":"search_term_string"}}],"inLanguage":"es"},{"@type":"Person","@id":"https:\/\/www.oracaoefe.com\/#\/schema\/person\/17283c669442cf005c4d5bb58adfb7f5","name":"Michele Azevedo","image":{"@type":"ImageObject","inLanguage":"es","@id":"https:\/\/secure.gravatar.com\/avatar\/6b0eb9d22841282815e2cd856a0061c45e1761cd54b22e952d98c4746939aa85?s=96&d=mm&r=g","url":"https:\/\/secure.gravatar.com\/avatar\/6b0eb9d22841282815e2cd856a0061c45e1761cd54b22e952d98c4746939aa85?s=96&d=mm&r=g","contentUrl":"https:\/\/secure.gravatar.com\/avatar\/6b0eb9d22841282815e2cd856a0061c45e1761cd54b22e952d98c4746939aa85?s=96&d=mm&r=g","caption":"Michele Azevedo"},"description":"Licenciada en Literatura Portuguesa\/Ingl\u00e9s por la UEPG, con posgrados en Arte en la Educaci\u00f3n y Psicopedagog\u00eda Escolar, es la creadora del sitio web Escritora de Sucesso, y escritora y editora de contenido para Ora\u00e7\u00e3o e F\u00e9 (Oraci\u00f3n y Fe) con gran fe y positividad.","url":"https:\/\/www.oracaoefe.com\/es\/author\/michele-azevedo\/"}]}},"_links":{"self":[{"href":"https:\/\/www.oracaoefe.com\/es\/wp-json\/wp\/v2\/posts\/2926","targetHints":{"allow":["GET"]}}],"collection":[{"href":"https:\/\/www.oracaoefe.com\/es\/wp-json\/wp\/v2\/posts"}],"about":[{"href":"https:\/\/www.oracaoefe.com\/es\/wp-json\/wp\/v2\/types\/post"}],"author":[{"embeddable":true,"href":"https:\/\/www.oracaoefe.com\/es\/wp-json\/wp\/v2\/users\/3"}],"replies":[{"embeddable":true,"href":"https:\/\/www.oracaoefe.com\/es\/wp-json\/wp\/v2\/comments?post=2926"}],"version-history":[{"count":2,"href":"https:\/\/www.oracaoefe.com\/es\/wp-json\/wp\/v2\/posts\/2926\/revisions"}],"predecessor-version":[{"id":2939,"href":"https:\/\/www.oracaoefe.com\/es\/wp-json\/wp\/v2\/posts\/2926\/revisions\/2939"}],"wp:featuredmedia":[{"embeddable":true,"href":"https:\/\/www.oracaoefe.com\/es\/wp-json\/wp\/v2\/media\/2938"}],"wp:attachment":[{"href":"https:\/\/www.oracaoefe.com\/es\/wp-json\/wp\/v2\/media?parent=2926"}],"wp:term":[{"taxonomy":"category","embeddable":true,"href":"https:\/\/www.oracaoefe.com\/es\/wp-json\/wp\/v2\/categories?post=2926"},{"taxonomy":"post_tag","embeddable":true,"href":"https:\/\/www.oracaoefe.com\/es\/wp-json\/wp\/v2\/tags?post=2926"}],"curies":[{"name":"wp","href":"https:\/\/api.w.org\/{rel}","templated":true}]}}