{"id":2851,"date":"2024-06-11T01:00:00","date_gmt":"2024-06-11T04:00:00","guid":{"rendered":"https:\/\/www.oracaoefe.com\/?p=2851"},"modified":"2024-05-30T22:39:53","modified_gmt":"2024-05-31T01:39:53","slug":"por-que-dios-endurecio-el-corazon-de-faraon","status":"publish","type":"post","link":"https:\/\/www.oracaoefe.com\/es\/por-que-deus-endureceu-o-coracao-de-farao\/","title":{"rendered":"\u00bfPor qu\u00e9 endureci\u00f3 Dios el coraz\u00f3n del fara\u00f3n?"},"content":{"rendered":"<p>El relato b\u00edblico del \u00c9xodo es uno de los m\u00e1s fascinantes y ricos en simbolismo y lecciones espirituales. Una de las cuestiones m\u00e1s intrigantes y debatidas de esta historia es por qu\u00e9 Dios endureci\u00f3 el coraz\u00f3n del Fara\u00f3n. Este acto divino ha provocado muchas discusiones teol\u00f3gicas, filos\u00f3ficas y \u00e9ticas a lo largo de los siglos.&nbsp;<\/p>\n\n\n\n<h2 class=\"wp-block-heading\">El contexto b\u00edblico<\/h2>\n\n\n\n<p>La historia del \u00c9xodo comienza con los hijos de Israel viviendo como esclavos en Egipto. Dios elige a Mois\u00e9s para sacar al pueblo de Israel de la esclavitud y llevarlo a la Tierra Prometida. Mois\u00e9s recibe instrucciones de ir a ver al Fara\u00f3n y exigirle que libere a los israelitas. El Fara\u00f3n se niega repetidamente, y a cada negativa le sigue una plaga enviada por Dios. El coraz\u00f3n del Fara\u00f3n es descrito como endurecido, tanto por \u00e9l mismo como por Dios.<\/p>\n\n\n\n<h2 class=\"wp-block-heading\">Referencias b\u00edblicas<\/h2>\n\n\n\n<p>La narraci\u00f3n sobre el endurecimiento del coraz\u00f3n del Fara\u00f3n aparece varias veces en el libro del \u00c9xodo. Algunos vers\u00edculos importantes son:<\/p>\n\n\n\n<ul class=\"wp-block-list\">\n<li>\u00c9xodo 4:21: \"El Se\u00f1or dijo a Mois\u00e9s: \"Cuando vuelvas a Egipto, procura hacer ante el fara\u00f3n todas las maravillas que he puesto en tus manos; pero yo endurecer\u00e9 su coraz\u00f3n para que no deje marchar al pueblo.\"\"<\/li>\n\n\n\n<li>\u00c9xodo 7:3: \"Pero yo endurecer\u00e9 el coraz\u00f3n del fara\u00f3n, y multiplicar\u00e9 mis se\u00f1ales y mis prodigios en la tierra de Egipto\".<\/li>\n\n\n\n<li>\u00c9xodo 9:12: \"El Se\u00f1or endureci\u00f3 el coraz\u00f3n del fara\u00f3n, y no escuch\u00f3 a Mois\u00e9s y a Aar\u00f3n, como el Se\u00f1or hab\u00eda hablado a Mois\u00e9s\".<\/li>\n\n\n\n<li>Estos vers\u00edculos indican que el endurecimiento del coraz\u00f3n del fara\u00f3n fue en parte un acto divino. Sin embargo, tambi\u00e9n hay pasajes en los que el propio Fara\u00f3n endurece su coraz\u00f3n (\u00c9xodo 8:15, 8:32, 9:34).<\/li>\n<\/ul>\n\n\n\n<h2 class=\"wp-block-heading\">Interpretaci\u00f3n del endurecimiento del coraz\u00f3n<\/h2>\n\n\n\n<figure class=\"wp-block-image size-large\"><img loading=\"lazy\" decoding=\"async\" width=\"1024\" height=\"678\" src=\"https:\/\/www.oracaoefe.com\/wp-content\/uploads\/2024\/05\/image-13-1024x678.png\" alt=\"\" class=\"wp-image-2865\" srcset=\"https:\/\/www.oracaoefe.com\/wp-content\/uploads\/2024\/05\/image-13-1024x678.png 1024w, https:\/\/www.oracaoefe.com\/wp-content\/uploads\/2024\/05\/image-13-300x199.png 300w, https:\/\/www.oracaoefe.com\/wp-content\/uploads\/2024\/05\/image-13-768x509.png 768w, https:\/\/www.oracaoefe.com\/wp-content\/uploads\/2024\/05\/image-13-18x12.png 18w, https:\/\/www.oracaoefe.com\/wp-content\/uploads\/2024\/05\/image-13.png 1280w\" sizes=\"auto, (max-width: 1024px) 100vw, 1024px\" \/><\/figure>\n\n\n\n<h3 class=\"wp-block-heading\">Libre albedr\u00edo y soberan\u00eda divina<\/h3>\n\n\n\n<p>Una de las primeras cuestiones que se plantean es la relaci\u00f3n entre el libre albedr\u00edo humano y la soberan\u00eda divina. \u00bfC\u00f3mo conciliar la idea de que Dios endureci\u00f3 el coraz\u00f3n del fara\u00f3n con el concepto de libre albedr\u00edo? Una perspectiva es que Dios, en su omnisciencia, sab\u00eda c\u00f3mo reaccionar\u00eda el fara\u00f3n en cada situaci\u00f3n y utiliz\u00f3 esas reacciones para cumplir sus prop\u00f3sitos. El endurecimiento del coraz\u00f3n puede verse como que Dios permiti\u00f3 al fara\u00f3n seguir su propio camino obstinado y orgulloso, amplificando sus propias elecciones.<\/p>\n\n\n\n<h3 class=\"wp-block-heading\">Justicia y sentencia<\/h3>\n\n\n\n<p>Otra interpretaci\u00f3n es que el endurecimiento del coraz\u00f3n del fara\u00f3n es un acto de justicia divina. Egipto hab\u00eda esclavizado y oprimido a los israelitas durante generaciones, y las plagas eran un juicio contra esta opresi\u00f3n. Al endurecer el coraz\u00f3n del fara\u00f3n, Dios se aseguraba de que las plagas se cumplieran por completo, demostrando su poder y justicia no s\u00f3lo para Egipto, sino para todas las naciones.<\/p>\n\n\n\n<h3 class=\"wp-block-heading\">Prop\u00f3sito y revelaci\u00f3n<\/h3>\n\n\n\n<p>Adem\u00e1s, el endurecimiento del coraz\u00f3n del fara\u00f3n sirvi\u00f3 para revelar el poder de Dios de forma clara e incuestionable. En \u00c9xodo 9:16, Dios dice: \"Pero te he guardado precisamente para esto, para mostrarte mi poder y para que mi nombre sea proclamado en toda la tierra\". Las plagas y la liberaci\u00f3n de Israel no fueron s\u00f3lo para beneficio inmediato de los israelitas, sino para que el mundo entero conociera y reconociera el poder de Dios.<\/p>\n\n\n\n<h3 class=\"wp-block-heading\">\u00bfUn acto de misericordia?<\/h3>\n\n\n\n<p>Curiosamente, algunos te\u00f3logos sostienen que el endurecimiento del coraz\u00f3n del fara\u00f3n tambi\u00e9n puede considerarse un acto de misericordia. Cada plaga era una oportunidad para que el Fara\u00f3n se arrepintiera y reconociera al Dios de Israel. Aunque se resisti\u00f3 repetidamente, cada vez que su coraz\u00f3n se endurec\u00eda, ten\u00eda otra oportunidad de cambiar de actitud.<\/p>\n\n\n\n<h2 class=\"wp-block-heading\">Perspectivas teol\u00f3gicas<\/h2>\n\n\n\n<h3 class=\"wp-block-heading\">La perspectiva reformada<\/h3>\n\n\n\n<p>En la teolog\u00eda reformada, especialmente en la tradici\u00f3n calvinista, el endurecimiento del coraz\u00f3n del fara\u00f3n suele considerarse un ejemplo de la soberan\u00eda absoluta de Dios. Dios, en su voluntad soberana, elige endurecer el coraz\u00f3n del fara\u00f3n para cumplir sus prop\u00f3sitos. Esta perspectiva subraya que Dios es justo en todas sus acciones, aunque los seres humanos no comprendan plenamente sus caminos.<\/p>\n\n\n\n<h3 class=\"wp-block-heading\">La perspectiva arminiana<\/h3>\n\n\n\n<p>Por el contrario, la teolog\u00eda arminiana pone mayor \u00e9nfasis en el libre albedr\u00edo humano. Algunos te\u00f3logos arminianos interpretan el endurecimiento del coraz\u00f3n del fara\u00f3n como una retirada de la gracia de Dios, que permite al fara\u00f3n seguir su propio camino de endurecimiento. Este punto de vista trata de mantener la responsabilidad del fara\u00f3n por sus propias acciones, sin dejar de reconocer la soberan\u00eda de Dios.<\/p>\n\n\n\n<h2 class=\"wp-block-heading\">Implicaciones contempor\u00e1neas<\/h2>\n\n\n\n<h3 class=\"wp-block-heading\">Lecciones de fe y obediencia<\/h3>\n\n\n\n<p>Para los creyentes de hoy, la historia del endurecimiento del coraz\u00f3n del Fara\u00f3n puede servir de advertencia sobre los peligros de resistirse a la voluntad de Dios. Nos invita a reflexionar sobre nuestro propio coraz\u00f3n y nuestra voluntad de obedecer a Dios. Es un recordatorio de que la resistencia obstinada contra Dios puede acarrear graves consecuencias.<\/p>\n\n\n\n<h3 class=\"wp-block-heading\">La soberan\u00eda de Dios en nuestras vidas<\/h3>\n\n\n\n<p>Adem\u00e1s, esta narraci\u00f3n refuerza la soberan\u00eda de Dios en todas las circunstancias. Incluso cuando no entendemos por qu\u00e9 suceden ciertas cosas, podemos confiar en que Dios tiene el control y un prop\u00f3sito mayor. Esto puede reconfortarnos en momentos de dificultad e incertidumbre.<\/p>\n\n\n\n<h3 class=\"wp-block-heading\">Justicia y misericordia<\/h3>\n\n\n\n<p>Por \u00faltimo, la historia nos desaf\u00eda a contemplar la naturaleza de Dios como justo y misericordioso. Aunque el endurecimiento del coraz\u00f3n del Fara\u00f3n pueda parecer duro, forma parte del plan de Dios de demostrar justicia contra la opresi\u00f3n y misericordia mediante la liberaci\u00f3n. Esto nos invita a confiar en la justicia y la misericordia de Dios en nuestras propias vidas y en el mundo que nos rodea.<\/p>\n\n\n\n<h2 class=\"wp-block-heading\">Por qu\u00e9 Dios endureci\u00f3 el coraz\u00f3n de Fara\u00f3n<\/h2>\n\n\n\n<p>La cuesti\u00f3n de por qu\u00e9 Dios endureci\u00f3 el coraz\u00f3n del fara\u00f3n es compleja y polifac\u00e9tica. Implica la soberan\u00eda de Dios, el libre albedr\u00edo humano, la justicia divina y el prop\u00f3sito de la revelaci\u00f3n. Aunque no tengamos todas las respuestas, podemos ver que esta narraci\u00f3n es rica en lecciones espirituales y teol\u00f3gicas. Nos llama a reflexionar sobre nuestra propia relaci\u00f3n con Dios, a confiar en su soberan\u00eda y a tratar de comprender y vivir de acuerdo con su justicia y misericordia.<\/p>\n\n\n\n<p><strong>V\u00e9ase tambi\u00e9n: <a href=\"https:\/\/www.oracaoefe.com\/es\/rezar-para-que-dios-abra-las-puertas-financieras-ver-las-oraciones\/\">Oraciones para que Dios abra puertas financieras; ver las oraciones<\/a><\/strong><\/p>\n\n\n\n<p>11 de junio de 2024<\/p>","protected":false},"excerpt":{"rendered":"<p>El relato b\u00edblico del \u00c9xodo es uno de los m\u00e1s fascinantes y ricos en simbolismo y ense\u00f1anzas espirituales. Una de las preguntas m\u00e1s intrigantes y debatidas de esta historia es por qu\u00e9 Dios endureci\u00f3 el coraz\u00f3n del fara\u00f3n. Este acto divino ha provocado numerosas discusiones teol\u00f3gicas, filos\u00f3ficas y \u00e9ticas a lo largo de los siglos. El contexto b\u00edblico\u2026&nbsp;<\/p>","protected":false},"author":3,"featured_media":2865,"comment_status":"closed","ping_status":"closed","sticky":false,"template":"","format":"standard","meta":{"neve_meta_sidebar":"","neve_meta_container":"","neve_meta_enable_content_width":"","neve_meta_content_width":0,"neve_meta_title_alignment":"","neve_meta_author_avatar":"","neve_post_elements_order":"","neve_meta_disable_header":"","neve_meta_disable_footer":"","neve_meta_disable_title":"","footnotes":""},"categories":[4],"tags":[],"class_list":["post-2851","post","type-post","status-publish","format-standard","has-post-thumbnail","hentry","category-fique-por-dentro"],"yoast_head":"<!-- This site is optimized with the Yoast SEO plugin v27.5 - https:\/\/yoast.com\/product\/yoast-seo-wordpress\/ -->\n<title>Por que Deus endureceu o cora\u00e7\u00e3o de Fara\u00f3? - Ora\u00e7\u00e3o e F\u00e9<\/title>\n<meta name=\"description\" content=\"Deus tem pra voc\u00ea uma palavra de vida!\" \/>\n<meta name=\"robots\" content=\"index, follow, max-snippet:-1, max-image-preview:large, max-video-preview:-1\" \/>\n<link rel=\"canonical\" href=\"https:\/\/www.oracaoefe.com\/es\/por-que-dios-endurecio-el-corazon-de-faraon\/\" \/>\n<meta property=\"og:locale\" content=\"es_ES\" \/>\n<meta property=\"og:type\" content=\"article\" \/>\n<meta property=\"og:title\" content=\"Por que Deus endureceu o cora\u00e7\u00e3o de Fara\u00f3? - Ora\u00e7\u00e3o e F\u00e9\" \/>\n<meta property=\"og:description\" content=\"Deus tem pra voc\u00ea uma palavra de vida!\" \/>\n<meta property=\"og:url\" content=\"https:\/\/www.oracaoefe.com\/es\/por-que-dios-endurecio-el-corazon-de-faraon\/\" \/>\n<meta property=\"og:site_name\" content=\"Ora\u00e7\u00e3o e F\u00e9\" \/>\n<meta property=\"article:published_time\" content=\"2024-06-11T04:00:00+00:00\" \/>\n<meta property=\"og:image\" content=\"https:\/\/www.oracaoefe.com\/wp-content\/uploads\/2024\/05\/image-13-1024x678.png\" \/>\n\t<meta property=\"og:image:width\" content=\"1024\" \/>\n\t<meta property=\"og:image:height\" content=\"678\" \/>\n\t<meta property=\"og:image:type\" content=\"image\/png\" \/>\n<meta name=\"author\" content=\"Michele Azevedo\" \/>\n<meta name=\"twitter:card\" content=\"summary_large_image\" \/>\n<meta name=\"twitter:label1\" content=\"Escrito por\" \/>\n\t<meta name=\"twitter:data1\" content=\"Michele Azevedo\" \/>\n\t<meta name=\"twitter:label2\" content=\"Tiempo de lectura\" \/>\n\t<meta name=\"twitter:data2\" content=\"6 minutos\" \/>\n<script type=\"application\/ld+json\" class=\"yoast-schema-graph\">{\"@context\":\"https:\\\/\\\/schema.org\",\"@graph\":[{\"@type\":\"Article\",\"@id\":\"https:\\\/\\\/www.oracaoefe.com\\\/por-que-deus-endureceu-o-coracao-de-farao\\\/#article\",\"isPartOf\":{\"@id\":\"https:\\\/\\\/www.oracaoefe.com\\\/por-que-deus-endureceu-o-coracao-de-farao\\\/\"},\"author\":{\"name\":\"Michele Azevedo\",\"@id\":\"https:\\\/\\\/www.oracaoefe.com\\\/#\\\/schema\\\/person\\\/17283c669442cf005c4d5bb58adfb7f5\"},\"headline\":\"Por que Deus endureceu o cora\u00e7\u00e3o de Fara\u00f3?\",\"datePublished\":\"2024-06-11T04:00:00+00:00\",\"mainEntityOfPage\":{\"@id\":\"https:\\\/\\\/www.oracaoefe.com\\\/por-que-deus-endureceu-o-coracao-de-farao\\\/\"},\"wordCount\":1119,\"image\":{\"@id\":\"https:\\\/\\\/www.oracaoefe.com\\\/por-que-deus-endureceu-o-coracao-de-farao\\\/#primaryimage\"},\"thumbnailUrl\":\"https:\\\/\\\/www.oracaoefe.com\\\/wp-content\\\/uploads\\\/2024\\\/05\\\/image-13.png\",\"articleSection\":[\"Fique por Dentro\"],\"inLanguage\":\"es\"},{\"@type\":\"WebPage\",\"@id\":\"https:\\\/\\\/www.oracaoefe.com\\\/por-que-deus-endureceu-o-coracao-de-farao\\\/\",\"url\":\"https:\\\/\\\/www.oracaoefe.com\\\/por-que-deus-endureceu-o-coracao-de-farao\\\/\",\"name\":\"Por que Deus endureceu o cora\u00e7\u00e3o de Fara\u00f3? - Ora\u00e7\u00e3o e F\u00e9\",\"isPartOf\":{\"@id\":\"https:\\\/\\\/www.oracaoefe.com\\\/#website\"},\"primaryImageOfPage\":{\"@id\":\"https:\\\/\\\/www.oracaoefe.com\\\/por-que-deus-endureceu-o-coracao-de-farao\\\/#primaryimage\"},\"image\":{\"@id\":\"https:\\\/\\\/www.oracaoefe.com\\\/por-que-deus-endureceu-o-coracao-de-farao\\\/#primaryimage\"},\"thumbnailUrl\":\"https:\\\/\\\/www.oracaoefe.com\\\/wp-content\\\/uploads\\\/2024\\\/05\\\/image-13.png\",\"datePublished\":\"2024-06-11T04:00:00+00:00\",\"author\":{\"@id\":\"https:\\\/\\\/www.oracaoefe.com\\\/#\\\/schema\\\/person\\\/17283c669442cf005c4d5bb58adfb7f5\"},\"description\":\"Deus tem pra voc\u00ea uma palavra de vida!\",\"breadcrumb\":{\"@id\":\"https:\\\/\\\/www.oracaoefe.com\\\/por-que-deus-endureceu-o-coracao-de-farao\\\/#breadcrumb\"},\"inLanguage\":\"es\",\"potentialAction\":[{\"@type\":\"ReadAction\",\"target\":[\"https:\\\/\\\/www.oracaoefe.com\\\/por-que-deus-endureceu-o-coracao-de-farao\\\/\"]}]},{\"@type\":\"ImageObject\",\"inLanguage\":\"es\",\"@id\":\"https:\\\/\\\/www.oracaoefe.com\\\/por-que-deus-endureceu-o-coracao-de-farao\\\/#primaryimage\",\"url\":\"https:\\\/\\\/www.oracaoefe.com\\\/wp-content\\\/uploads\\\/2024\\\/05\\\/image-13.png\",\"contentUrl\":\"https:\\\/\\\/www.oracaoefe.com\\\/wp-content\\\/uploads\\\/2024\\\/05\\\/image-13.png\",\"width\":1280,\"height\":848},{\"@type\":\"BreadcrumbList\",\"@id\":\"https:\\\/\\\/www.oracaoefe.com\\\/por-que-deus-endureceu-o-coracao-de-farao\\\/#breadcrumb\",\"itemListElement\":[{\"@type\":\"ListItem\",\"position\":1,\"name\":\"Home\",\"item\":\"https:\\\/\\\/www.oracaoefe.com\\\/\"},{\"@type\":\"ListItem\",\"position\":2,\"name\":\"Fique por Dentro\",\"item\":\"https:\\\/\\\/www.oracaoefe.com\\\/category\\\/fique-por-dentro\\\/\"},{\"@type\":\"ListItem\",\"position\":3,\"name\":\"Por que Deus endureceu o cora\u00e7\u00e3o de Fara\u00f3?\"}]},{\"@type\":\"WebSite\",\"@id\":\"https:\\\/\\\/www.oracaoefe.com\\\/#website\",\"url\":\"https:\\\/\\\/www.oracaoefe.com\\\/\",\"name\":\"Ora\u00e7\u00e3o e F\u00e9\",\"description\":\"\",\"potentialAction\":[{\"@type\":\"SearchAction\",\"target\":{\"@type\":\"EntryPoint\",\"urlTemplate\":\"https:\\\/\\\/www.oracaoefe.com\\\/?s={search_term_string}\"},\"query-input\":{\"@type\":\"PropertyValueSpecification\",\"valueRequired\":true,\"valueName\":\"search_term_string\"}}],\"inLanguage\":\"es\"},{\"@type\":\"Person\",\"@id\":\"https:\\\/\\\/www.oracaoefe.com\\\/#\\\/schema\\\/person\\\/17283c669442cf005c4d5bb58adfb7f5\",\"name\":\"Michele Azevedo\",\"image\":{\"@type\":\"ImageObject\",\"inLanguage\":\"es\",\"@id\":\"https:\\\/\\\/secure.gravatar.com\\\/avatar\\\/6b0eb9d22841282815e2cd856a0061c45e1761cd54b22e952d98c4746939aa85?s=96&d=mm&r=g\",\"url\":\"https:\\\/\\\/secure.gravatar.com\\\/avatar\\\/6b0eb9d22841282815e2cd856a0061c45e1761cd54b22e952d98c4746939aa85?s=96&d=mm&r=g\",\"contentUrl\":\"https:\\\/\\\/secure.gravatar.com\\\/avatar\\\/6b0eb9d22841282815e2cd856a0061c45e1761cd54b22e952d98c4746939aa85?s=96&d=mm&r=g\",\"caption\":\"Michele Azevedo\"},\"description\":\"Formada em Letras - Portugu\u00eas\\\/ Ingl\u00eas pela UEPG, p\u00f3s-graduada em Arte na Educa\u00e7\u00e3o e Psicopedagogia Escolar, idealizadora do site Escritora de Sucesso, redatora e revisora dos conte\u00fados do Ora\u00e7\u00e3o e F\u00e9 com muita f\u00e9 e positividade.\",\"url\":\"https:\\\/\\\/www.oracaoefe.com\\\/es\\\/author\\\/michele-azevedo\\\/\"}]}<\/script>\n<!-- \/ Yoast SEO plugin. -->","yoast_head_json":{"title":"\u00bfPor qu\u00e9 endureci\u00f3 Dios el coraz\u00f3n de Fara\u00f3n? - Oraci\u00f3n y fe","description":"\u00a1Dios tiene una palabra de vida para ti!","robots":{"index":"index","follow":"follow","max-snippet":"max-snippet:-1","max-image-preview":"max-image-preview:large","max-video-preview":"max-video-preview:-1"},"canonical":"https:\/\/www.oracaoefe.com\/es\/por-que-dios-endurecio-el-corazon-de-faraon\/","og_locale":"es_ES","og_type":"article","og_title":"Por que Deus endureceu o cora\u00e7\u00e3o de Fara\u00f3? - Ora\u00e7\u00e3o e F\u00e9","og_description":"Deus tem pra voc\u00ea uma palavra de vida!","og_url":"https:\/\/www.oracaoefe.com\/es\/por-que-dios-endurecio-el-corazon-de-faraon\/","og_site_name":"Ora\u00e7\u00e3o e F\u00e9","article_published_time":"2024-06-11T04:00:00+00:00","og_image":[{"width":1024,"height":678,"url":"https:\/\/www.oracaoefe.com\/wp-content\/uploads\/2024\/05\/image-13-1024x678.png","type":"image\/png"}],"author":"Michele Azevedo","twitter_card":"summary_large_image","twitter_misc":{"Escrito por":"Michele Azevedo","Tiempo de lectura":"6 minutos"},"schema":{"@context":"https:\/\/schema.org","@graph":[{"@type":"Article","@id":"https:\/\/www.oracaoefe.com\/por-que-deus-endureceu-o-coracao-de-farao\/#article","isPartOf":{"@id":"https:\/\/www.oracaoefe.com\/por-que-deus-endureceu-o-coracao-de-farao\/"},"author":{"name":"Michele Azevedo","@id":"https:\/\/www.oracaoefe.com\/#\/schema\/person\/17283c669442cf005c4d5bb58adfb7f5"},"headline":"Por que Deus endureceu o cora\u00e7\u00e3o de Fara\u00f3?","datePublished":"2024-06-11T04:00:00+00:00","mainEntityOfPage":{"@id":"https:\/\/www.oracaoefe.com\/por-que-deus-endureceu-o-coracao-de-farao\/"},"wordCount":1119,"image":{"@id":"https:\/\/www.oracaoefe.com\/por-que-deus-endureceu-o-coracao-de-farao\/#primaryimage"},"thumbnailUrl":"https:\/\/www.oracaoefe.com\/wp-content\/uploads\/2024\/05\/image-13.png","articleSection":["Fique por Dentro"],"inLanguage":"es"},{"@type":"WebPage","@id":"https:\/\/www.oracaoefe.com\/por-que-deus-endureceu-o-coracao-de-farao\/","url":"https:\/\/www.oracaoefe.com\/por-que-deus-endureceu-o-coracao-de-farao\/","name":"\u00bfPor qu\u00e9 endureci\u00f3 Dios el coraz\u00f3n de Fara\u00f3n? - Oraci\u00f3n y fe","isPartOf":{"@id":"https:\/\/www.oracaoefe.com\/#website"},"primaryImageOfPage":{"@id":"https:\/\/www.oracaoefe.com\/por-que-deus-endureceu-o-coracao-de-farao\/#primaryimage"},"image":{"@id":"https:\/\/www.oracaoefe.com\/por-que-deus-endureceu-o-coracao-de-farao\/#primaryimage"},"thumbnailUrl":"https:\/\/www.oracaoefe.com\/wp-content\/uploads\/2024\/05\/image-13.png","datePublished":"2024-06-11T04:00:00+00:00","author":{"@id":"https:\/\/www.oracaoefe.com\/#\/schema\/person\/17283c669442cf005c4d5bb58adfb7f5"},"description":"\u00a1Dios tiene una palabra de vida para ti!","breadcrumb":{"@id":"https:\/\/www.oracaoefe.com\/por-que-deus-endureceu-o-coracao-de-farao\/#breadcrumb"},"inLanguage":"es","potentialAction":[{"@type":"ReadAction","target":["https:\/\/www.oracaoefe.com\/por-que-deus-endureceu-o-coracao-de-farao\/"]}]},{"@type":"ImageObject","inLanguage":"es","@id":"https:\/\/www.oracaoefe.com\/por-que-deus-endureceu-o-coracao-de-farao\/#primaryimage","url":"https:\/\/www.oracaoefe.com\/wp-content\/uploads\/2024\/05\/image-13.png","contentUrl":"https:\/\/www.oracaoefe.com\/wp-content\/uploads\/2024\/05\/image-13.png","width":1280,"height":848},{"@type":"BreadcrumbList","@id":"https:\/\/www.oracaoefe.com\/por-que-deus-endureceu-o-coracao-de-farao\/#breadcrumb","itemListElement":[{"@type":"ListItem","position":1,"name":"Home","item":"https:\/\/www.oracaoefe.com\/"},{"@type":"ListItem","position":2,"name":"Fique por Dentro","item":"https:\/\/www.oracaoefe.com\/category\/fique-por-dentro\/"},{"@type":"ListItem","position":3,"name":"Por que Deus endureceu o cora\u00e7\u00e3o de Fara\u00f3?"}]},{"@type":"WebSite","@id":"https:\/\/www.oracaoefe.com\/#website","url":"https:\/\/www.oracaoefe.com\/","name":"Oraci\u00f3n y fe","description":"","potentialAction":[{"@type":"SearchAction","target":{"@type":"EntryPoint","urlTemplate":"https:\/\/www.oracaoefe.com\/?s={search_term_string}"},"query-input":{"@type":"PropertyValueSpecification","valueRequired":true,"valueName":"search_term_string"}}],"inLanguage":"es"},{"@type":"Person","@id":"https:\/\/www.oracaoefe.com\/#\/schema\/person\/17283c669442cf005c4d5bb58adfb7f5","name":"Michele Azevedo","image":{"@type":"ImageObject","inLanguage":"es","@id":"https:\/\/secure.gravatar.com\/avatar\/6b0eb9d22841282815e2cd856a0061c45e1761cd54b22e952d98c4746939aa85?s=96&d=mm&r=g","url":"https:\/\/secure.gravatar.com\/avatar\/6b0eb9d22841282815e2cd856a0061c45e1761cd54b22e952d98c4746939aa85?s=96&d=mm&r=g","contentUrl":"https:\/\/secure.gravatar.com\/avatar\/6b0eb9d22841282815e2cd856a0061c45e1761cd54b22e952d98c4746939aa85?s=96&d=mm&r=g","caption":"Michele Azevedo"},"description":"Licenciada en Literatura Portuguesa\/Ingl\u00e9s por la UEPG, con posgrados en Arte en la Educaci\u00f3n y Psicopedagog\u00eda Escolar, es la creadora del sitio web Escritora de Sucesso, y escritora y editora de contenido para Ora\u00e7\u00e3o e F\u00e9 (Oraci\u00f3n y Fe) con gran fe y positividad.","url":"https:\/\/www.oracaoefe.com\/es\/author\/michele-azevedo\/"}]}},"_links":{"self":[{"href":"https:\/\/www.oracaoefe.com\/es\/wp-json\/wp\/v2\/posts\/2851","targetHints":{"allow":["GET"]}}],"collection":[{"href":"https:\/\/www.oracaoefe.com\/es\/wp-json\/wp\/v2\/posts"}],"about":[{"href":"https:\/\/www.oracaoefe.com\/es\/wp-json\/wp\/v2\/types\/post"}],"author":[{"embeddable":true,"href":"https:\/\/www.oracaoefe.com\/es\/wp-json\/wp\/v2\/users\/3"}],"replies":[{"embeddable":true,"href":"https:\/\/www.oracaoefe.com\/es\/wp-json\/wp\/v2\/comments?post=2851"}],"version-history":[{"count":2,"href":"https:\/\/www.oracaoefe.com\/es\/wp-json\/wp\/v2\/posts\/2851\/revisions"}],"predecessor-version":[{"id":2866,"href":"https:\/\/www.oracaoefe.com\/es\/wp-json\/wp\/v2\/posts\/2851\/revisions\/2866"}],"wp:featuredmedia":[{"embeddable":true,"href":"https:\/\/www.oracaoefe.com\/es\/wp-json\/wp\/v2\/media\/2865"}],"wp:attachment":[{"href":"https:\/\/www.oracaoefe.com\/es\/wp-json\/wp\/v2\/media?parent=2851"}],"wp:term":[{"taxonomy":"category","embeddable":true,"href":"https:\/\/www.oracaoefe.com\/es\/wp-json\/wp\/v2\/categories?post=2851"},{"taxonomy":"post_tag","embeddable":true,"href":"https:\/\/www.oracaoefe.com\/es\/wp-json\/wp\/v2\/tags?post=2851"}],"curies":[{"name":"wp","href":"https:\/\/api.w.org\/{rel}","templated":true}]}}