{"id":2849,"date":"2024-06-08T01:00:00","date_gmt":"2024-06-08T04:00:00","guid":{"rendered":"https:\/\/www.oracaoefe.com\/?p=2849"},"modified":"2024-05-30T22:37:46","modified_gmt":"2024-05-31T01:37:46","slug":"empatia-y-fe-por-que-debemos-unirlas","status":"publish","type":"post","link":"https:\/\/www.oracaoefe.com\/es\/empatia-e-fe-por-que-devemos-uni-las\/","title":{"rendered":"Empat\u00eda y fe: \u00bfpor qu\u00e9 debemos combinarlas?"},"content":{"rendered":"<p>En un mundo marcado por las divisiones y los conflictos, la uni\u00f3n de la empat\u00eda y la fe puede ser la clave para crear una sociedad m\u00e1s armoniosa y compasiva. Aunque la empat\u00eda y la fe puedan parecer conceptos distintos, comparten una profunda conexi\u00f3n que, cuando se explora, puede aportar importantes beneficios a la vida individual y comunitaria.&nbsp;<\/p>\n\n\n\n<h2 class=\"wp-block-heading\">\u00bfQu\u00e9 es la empat\u00eda?<\/h2>\n\n\n\n<p>La empat\u00eda es la capacidad de comprender y compartir los sentimientos de otra persona. Es m\u00e1s que simpat\u00eda, que es sentir l\u00e1stima por alguien; la empat\u00eda implica ponerse en el lugar del otro y experimentar sus emociones como si fueran propias. Esta habilidad es esencial para construir relaciones sanas y fomentar una comunidad cohesionada.<\/p>\n\n\n\n<p>La empat\u00eda puede dividirse en tres tipos principales:<\/p>\n\n\n\n<ul class=\"wp-block-list\">\n<li>Empat\u00eda cognitiva: capacidad de comprender la perspectiva o el estado mental de otra persona.<\/li>\n\n\n\n<li>Empat\u00eda emocional: capacidad de compartir los sentimientos de otra persona y responder adecuadamente.<\/li>\n\n\n\n<li>Empat\u00eda compasiva: No s\u00f3lo comprendes y compartes los sentimientos de los dem\u00e1s, sino que tambi\u00e9n te sientes movido a ayudar.<\/li>\n<\/ul>\n\n\n\n<h2 class=\"wp-block-heading\">\u00bfQu\u00e9 es la fe?<\/h2>\n\n\n\n<p>La fe es una creencia profunda y duradera en algo m\u00e1s grande que nosotros mismos. Puede adoptar muchas formas, como la fe religiosa, la fe en principios o valores, o la fe en la humanidad. La fe nos proporciona un sentido de prop\u00f3sito, direcci\u00f3n y esperanza, especialmente en tiempos de adversidad.<\/p>\n\n\n\n<p>La fe religiosa, por ejemplo, ofrece a menudo un marco para entender el mundo y nuestro lugar en \u00e9l, proporcionando una base para la moral y la \u00e9tica. La fe en principios o valores como la justicia, la igualdad o la libertad puede guiar nuestras acciones y decisiones, motiv\u00e1ndonos a trabajar por un mundo mejor.<\/p>\n\n\n\n<h2 class=\"wp-block-heading\">La conexi\u00f3n entre empat\u00eda y fe<\/h2>\n\n\n\n<figure class=\"wp-block-image size-full\"><img loading=\"lazy\" decoding=\"async\" width=\"960\" height=\"640\" src=\"https:\/\/www.oracaoefe.com\/wp-content\/uploads\/2024\/05\/image-12.png\" alt=\"\" class=\"wp-image-2863\" srcset=\"https:\/\/www.oracaoefe.com\/wp-content\/uploads\/2024\/05\/image-12.png 960w, https:\/\/www.oracaoefe.com\/wp-content\/uploads\/2024\/05\/image-12-300x200.png 300w, https:\/\/www.oracaoefe.com\/wp-content\/uploads\/2024\/05\/image-12-768x512.png 768w, https:\/\/www.oracaoefe.com\/wp-content\/uploads\/2024\/05\/image-12-18x12.png 18w\" sizes=\"auto, (max-width: 960px) 100vw, 960px\" \/><\/figure>\n\n\n\n<h3 class=\"wp-block-heading\">Valores comunes<\/h3>\n\n\n\n<p>La empat\u00eda y la fe suelen compartir valores comunes como el amor, la compasi\u00f3n, el respeto y la justicia. Muchas tradiciones religiosas y espirituales animan a los creyentes a tratar a los dem\u00e1s con amabilidad y a tender la mano para ayudar a los necesitados. Por ejemplo, el cristianismo ense\u00f1a el mandamiento de \"amar al pr\u00f3jimo como a uno mismo\", mientras que el budismo subraya la importancia de la compasi\u00f3n por todos los seres sensibles.<\/p>\n\n\n\n<h3 class=\"wp-block-heading\">Motivaci\u00f3n para la acci\u00f3n<\/h3>\n\n\n\n<p>La fe puede ser una poderosa motivaci\u00f3n para practicar la empat\u00eda. Creer en un prop\u00f3sito superior o en principios \u00e9ticos elevados puede inspirar a las personas a actuar de forma altruista. Por otra parte, la empat\u00eda puede reforzar la fe al demostrar que nuestras acciones tienen un impacto positivo real en el mundo y en la vida de las personas.<\/p>\n\n\n\n<h3 class=\"wp-block-heading\">Resiliencia en tiempos dif\u00edciles<\/h3>\n\n\n\n<p>Tanto la empat\u00eda como la fe pueden proporcionar resiliencia en tiempos de crisis. La empat\u00eda nos permite conectar con los dem\u00e1s y encontrar apoyo emocional, mientras que la fe ofrece esperanza y un sentido de prop\u00f3sito. Juntas, pueden ayudar a las personas a superar los retos y encontrar fuerzas en medio de las dificultades.<\/p>\n\n\n\n<h2 class=\"wp-block-heading\">\u00bfPor qu\u00e9 debemos unir empat\u00eda y fe?<\/h2>\n\n\n\n<h3 class=\"wp-block-heading\">Promover la paz y la comprensi\u00f3n<\/h3>\n\n\n\n<p>Combinar la empat\u00eda y la fe puede ser una poderosa herramienta para promover la paz y el entendimiento. Cuando combinamos la profunda conexi\u00f3n emocional de la empat\u00eda con la orientaci\u00f3n moral de la fe, estamos mejor equipados para resolver los conflictos de forma pac\u00edfica y constructiva. La empat\u00eda nos permite ver los puntos de vista de los dem\u00e1s y la fe nos motiva a buscar soluciones que beneficien a todos.<\/p>\n\n\n\n<h3 class=\"wp-block-heading\">Construir comunidades m\u00e1s fuertes<\/h3>\n\n\n\n<p>Las comunidades que valoran tanto la empat\u00eda como la fe tienden a ser m\u00e1s cohesionadas y solidarias. La empat\u00eda crea v\u00ednculos entre los miembros de la comunidad, mientras que la fe proporciona una base com\u00fan de valores y objetivos. Juntos, pueden fortalecer el tejido social y promover un sentimiento de pertenencia y un prop\u00f3sito compartido.<\/p>\n\n\n\n<h3 class=\"wp-block-heading\">Desarrollo personal y espiritual<\/h3>\n\n\n\n<p>Para el individuo, unir empat\u00eda y fe puede promover un importante crecimiento personal y espiritual. Practicar la empat\u00eda puede profundizar la comprensi\u00f3n y la experiencia de la fe, mientras que la fe puede proporcionar la fuerza y la motivaci\u00f3n necesarias para practicar la empat\u00eda, incluso en situaciones dif\u00edciles. Esta combinaci\u00f3n puede conducir a una vida m\u00e1s plena y significativa.<\/p>\n\n\n\n<h3 class=\"wp-block-heading\">Responder a las necesidades sociales<\/h3>\n\n\n\n<p>Muchos de los problemas sociales a los que nos enfrentamos hoy en d\u00eda, como la desigualdad, la injusticia y la discriminaci\u00f3n, pueden abordarse mejor cuando unimos empat\u00eda y fe. La empat\u00eda nos sensibiliza ante el sufrimiento ajeno y la fe nos incita a actuar en favor de la justicia y la dignidad humana. Juntas, pueden inspirar acciones concretas y eficaces para resolver estos problemas.<\/p>\n\n\n\n<h2 class=\"wp-block-heading\">C\u00f3mo practicar la uni\u00f3n de empat\u00eda y fe<\/h2>\n\n\n\n<h3 class=\"wp-block-heading\">Educaci\u00f3n y reflexi\u00f3n<\/h3>\n\n\n\n<p>La educaci\u00f3n sobre las distintas tradiciones religiosas y el fomento de la empat\u00eda desde una edad temprana pueden ayudar a cultivar esta unidad. La reflexi\u00f3n personal y comunitaria sobre c\u00f3mo integrar estos conceptos en nuestra vida cotidiana es un paso crucial.<\/p>\n\n\n\n<h3 class=\"wp-block-heading\">Pr\u00e1ctica diaria<\/h3>\n\n\n\n<p>Incorporar pr\u00e1cticas diarias que refuercen tanto la empat\u00eda como la fe puede marcar una gran diferencia. Esto puede incluir la meditaci\u00f3n, la oraci\u00f3n, los actos de bondad, el voluntariado y la b\u00fasqueda de una comprensi\u00f3n m\u00e1s profunda de los dem\u00e1s.<\/p>\n\n\n\n<h3 class=\"wp-block-heading\">Di\u00e1logo interreligioso<\/h3>\n\n\n\n<p>Promover el di\u00e1logo entre distintas tradiciones religiosas puede reforzar el v\u00ednculo entre empat\u00eda y fe. Este di\u00e1logo puede ayudar a tender puentes entre distintas comunidades y fomentar el respeto mutuo y una comprensi\u00f3n m\u00e1s profunda.<\/p>\n\n\n\n<h3 class=\"wp-block-heading\">Ejemplos positivos<\/h3>\n\n\n\n<p>Buscar y dejarse inspirar por ejemplos de personas y comunidades que viven esta uni\u00f3n puede ser extremadamente motivador. L\u00edderes como la Madre Teresa, Mahatma Gandhi y Nelson Mandela han demostrado c\u00f3mo la combinaci\u00f3n de empat\u00eda y fe puede transformar vidas y sociedades.<\/p>\n\n\n\n<h2 class=\"wp-block-heading\">Una uni\u00f3n entre empat\u00eda y fe<\/h2>\n\n\n\n<p>La uni\u00f3n de empat\u00eda y fe no es s\u00f3lo una idea inspiradora, sino una necesidad pr\u00e1ctica en nuestro mundo cada vez m\u00e1s dividido. Cultivando estas cualidades en nuestras vidas y comunidades, podemos promover la paz, la comprensi\u00f3n y la justicia.&nbsp;<\/p>\n\n\n\n<p>La empat\u00eda y la fe, cuando se unen, tienen el poder de transformar no s\u00f3lo nuestras relaciones personales, sino tambi\u00e9n la sociedad en su conjunto. Por ello, es esencial que cada uno de nosotros trabaje para integrar estas dos fuerzas en nuestra vida cotidiana, construyendo un futuro m\u00e1s compasivo y esperanzador.<\/p>\n\n\n\n<p><strong>V\u00e9ase tambi\u00e9n: <a href=\"https:\/\/www.oracaoefe.com\/es\/rezar-para-que-dios-abra-las-puertas-financieras-ver-las-oraciones\/\">Oraciones para que Dios abra puertas financieras; ver las oraciones<\/a><\/strong><\/p>\n\n\n\n<p>8 de junio de 2024<\/p>","protected":false},"excerpt":{"rendered":"<p>Num universo marcado por divis\u00f5es e conflitos, a uni\u00e3o entre empatia e f\u00e9 pode ser a chave para criar uma sociedade mais harm\u00f4nica e compassiva. Embora a empatia e a f\u00e9 possam parecer conceitos distintos, elas compartilham uma profunda conex\u00e3o que, quando explorada, pode trazer benef\u00edcios significativos para a vida individual e comunit\u00e1ria.&nbsp; O Que&hellip;&nbsp;<\/p>","protected":false},"author":3,"featured_media":2863,"comment_status":"closed","ping_status":"closed","sticky":false,"template":"","format":"standard","meta":{"neve_meta_sidebar":"","neve_meta_container":"","neve_meta_enable_content_width":"","neve_meta_content_width":0,"neve_meta_title_alignment":"","neve_meta_author_avatar":"","neve_post_elements_order":"","neve_meta_disable_header":"","neve_meta_disable_footer":"","neve_meta_disable_title":"","footnotes":""},"categories":[3],"tags":[],"class_list":["post-2849","post","type-post","status-publish","format-standard","has-post-thumbnail","hentry","category-fe"],"yoast_head":"<!-- This site is optimized with the Yoast SEO plugin v27.5 - https:\/\/yoast.com\/product\/yoast-seo-wordpress\/ -->\n<title>Empatia e f\u00e9: Por que devemos uni-las? - Ora\u00e7\u00e3o e F\u00e9<\/title>\n<meta name=\"description\" content=\"Deus tem pra voc\u00ea uma palavra de vida!\" \/>\n<meta name=\"robots\" content=\"index, follow, max-snippet:-1, max-image-preview:large, max-video-preview:-1\" \/>\n<link rel=\"canonical\" href=\"https:\/\/www.oracaoefe.com\/es\/empatia-y-fe-por-que-debemos-unirlas\/\" \/>\n<meta property=\"og:locale\" content=\"es_ES\" \/>\n<meta property=\"og:type\" content=\"article\" \/>\n<meta property=\"og:title\" content=\"Empatia e f\u00e9: Por que devemos uni-las? - Ora\u00e7\u00e3o e F\u00e9\" \/>\n<meta property=\"og:description\" content=\"Deus tem pra voc\u00ea uma palavra de vida!\" \/>\n<meta property=\"og:url\" content=\"https:\/\/www.oracaoefe.com\/es\/empatia-y-fe-por-que-debemos-unirlas\/\" \/>\n<meta property=\"og:site_name\" content=\"Ora\u00e7\u00e3o e F\u00e9\" \/>\n<meta property=\"article:published_time\" content=\"2024-06-08T04:00:00+00:00\" \/>\n<meta property=\"og:image\" content=\"https:\/\/www.oracaoefe.com\/wp-content\/uploads\/2024\/05\/image-12.png\" \/>\n\t<meta property=\"og:image:width\" content=\"960\" \/>\n\t<meta property=\"og:image:height\" content=\"640\" \/>\n\t<meta property=\"og:image:type\" content=\"image\/png\" \/>\n<meta name=\"author\" content=\"Michele Azevedo\" \/>\n<meta name=\"twitter:card\" content=\"summary_large_image\" \/>\n<meta name=\"twitter:label1\" content=\"Escrito por\" \/>\n\t<meta name=\"twitter:data1\" content=\"Michele Azevedo\" \/>\n\t<meta name=\"twitter:label2\" content=\"Tiempo de lectura\" \/>\n\t<meta name=\"twitter:data2\" content=\"6 minutos\" \/>\n<script type=\"application\/ld+json\" class=\"yoast-schema-graph\">{\"@context\":\"https:\\\/\\\/schema.org\",\"@graph\":[{\"@type\":\"Article\",\"@id\":\"https:\\\/\\\/www.oracaoefe.com\\\/empatia-e-fe-por-que-devemos-uni-las\\\/#article\",\"isPartOf\":{\"@id\":\"https:\\\/\\\/www.oracaoefe.com\\\/empatia-e-fe-por-que-devemos-uni-las\\\/\"},\"author\":{\"name\":\"Michele Azevedo\",\"@id\":\"https:\\\/\\\/www.oracaoefe.com\\\/#\\\/schema\\\/person\\\/17283c669442cf005c4d5bb58adfb7f5\"},\"headline\":\"Empatia e f\u00e9: Por que devemos uni-las?\",\"datePublished\":\"2024-06-08T04:00:00+00:00\",\"mainEntityOfPage\":{\"@id\":\"https:\\\/\\\/www.oracaoefe.com\\\/empatia-e-fe-por-que-devemos-uni-las\\\/\"},\"wordCount\":1122,\"image\":{\"@id\":\"https:\\\/\\\/www.oracaoefe.com\\\/empatia-e-fe-por-que-devemos-uni-las\\\/#primaryimage\"},\"thumbnailUrl\":\"https:\\\/\\\/www.oracaoefe.com\\\/wp-content\\\/uploads\\\/2024\\\/05\\\/image-12.png\",\"articleSection\":[\"F\u00e9\"],\"inLanguage\":\"es\"},{\"@type\":\"WebPage\",\"@id\":\"https:\\\/\\\/www.oracaoefe.com\\\/empatia-e-fe-por-que-devemos-uni-las\\\/\",\"url\":\"https:\\\/\\\/www.oracaoefe.com\\\/empatia-e-fe-por-que-devemos-uni-las\\\/\",\"name\":\"Empatia e f\u00e9: Por que devemos uni-las? - Ora\u00e7\u00e3o e F\u00e9\",\"isPartOf\":{\"@id\":\"https:\\\/\\\/www.oracaoefe.com\\\/#website\"},\"primaryImageOfPage\":{\"@id\":\"https:\\\/\\\/www.oracaoefe.com\\\/empatia-e-fe-por-que-devemos-uni-las\\\/#primaryimage\"},\"image\":{\"@id\":\"https:\\\/\\\/www.oracaoefe.com\\\/empatia-e-fe-por-que-devemos-uni-las\\\/#primaryimage\"},\"thumbnailUrl\":\"https:\\\/\\\/www.oracaoefe.com\\\/wp-content\\\/uploads\\\/2024\\\/05\\\/image-12.png\",\"datePublished\":\"2024-06-08T04:00:00+00:00\",\"author\":{\"@id\":\"https:\\\/\\\/www.oracaoefe.com\\\/#\\\/schema\\\/person\\\/17283c669442cf005c4d5bb58adfb7f5\"},\"description\":\"Deus tem pra voc\u00ea uma palavra de vida!\",\"breadcrumb\":{\"@id\":\"https:\\\/\\\/www.oracaoefe.com\\\/empatia-e-fe-por-que-devemos-uni-las\\\/#breadcrumb\"},\"inLanguage\":\"es\",\"potentialAction\":[{\"@type\":\"ReadAction\",\"target\":[\"https:\\\/\\\/www.oracaoefe.com\\\/empatia-e-fe-por-que-devemos-uni-las\\\/\"]}]},{\"@type\":\"ImageObject\",\"inLanguage\":\"es\",\"@id\":\"https:\\\/\\\/www.oracaoefe.com\\\/empatia-e-fe-por-que-devemos-uni-las\\\/#primaryimage\",\"url\":\"https:\\\/\\\/www.oracaoefe.com\\\/wp-content\\\/uploads\\\/2024\\\/05\\\/image-12.png\",\"contentUrl\":\"https:\\\/\\\/www.oracaoefe.com\\\/wp-content\\\/uploads\\\/2024\\\/05\\\/image-12.png\",\"width\":960,\"height\":640},{\"@type\":\"BreadcrumbList\",\"@id\":\"https:\\\/\\\/www.oracaoefe.com\\\/empatia-e-fe-por-que-devemos-uni-las\\\/#breadcrumb\",\"itemListElement\":[{\"@type\":\"ListItem\",\"position\":1,\"name\":\"Home\",\"item\":\"https:\\\/\\\/www.oracaoefe.com\\\/\"},{\"@type\":\"ListItem\",\"position\":2,\"name\":\"F\u00e9\",\"item\":\"https:\\\/\\\/www.oracaoefe.com\\\/es\\\/categoria\\\/fe\\\/\"},{\"@type\":\"ListItem\",\"position\":3,\"name\":\"Empatia e f\u00e9: Por que devemos uni-las?\"}]},{\"@type\":\"WebSite\",\"@id\":\"https:\\\/\\\/www.oracaoefe.com\\\/#website\",\"url\":\"https:\\\/\\\/www.oracaoefe.com\\\/\",\"name\":\"Ora\u00e7\u00e3o e F\u00e9\",\"description\":\"\",\"potentialAction\":[{\"@type\":\"SearchAction\",\"target\":{\"@type\":\"EntryPoint\",\"urlTemplate\":\"https:\\\/\\\/www.oracaoefe.com\\\/?s={search_term_string}\"},\"query-input\":{\"@type\":\"PropertyValueSpecification\",\"valueRequired\":true,\"valueName\":\"search_term_string\"}}],\"inLanguage\":\"es\"},{\"@type\":\"Person\",\"@id\":\"https:\\\/\\\/www.oracaoefe.com\\\/#\\\/schema\\\/person\\\/17283c669442cf005c4d5bb58adfb7f5\",\"name\":\"Michele Azevedo\",\"image\":{\"@type\":\"ImageObject\",\"inLanguage\":\"es\",\"@id\":\"https:\\\/\\\/secure.gravatar.com\\\/avatar\\\/6b0eb9d22841282815e2cd856a0061c45e1761cd54b22e952d98c4746939aa85?s=96&d=mm&r=g\",\"url\":\"https:\\\/\\\/secure.gravatar.com\\\/avatar\\\/6b0eb9d22841282815e2cd856a0061c45e1761cd54b22e952d98c4746939aa85?s=96&d=mm&r=g\",\"contentUrl\":\"https:\\\/\\\/secure.gravatar.com\\\/avatar\\\/6b0eb9d22841282815e2cd856a0061c45e1761cd54b22e952d98c4746939aa85?s=96&d=mm&r=g\",\"caption\":\"Michele Azevedo\"},\"description\":\"Formada em Letras - Portugu\u00eas\\\/ Ingl\u00eas pela UEPG, p\u00f3s-graduada em Arte na Educa\u00e7\u00e3o e Psicopedagogia Escolar, idealizadora do site Escritora de Sucesso, redatora e revisora dos conte\u00fados do Ora\u00e7\u00e3o e F\u00e9 com muita f\u00e9 e positividade.\",\"url\":\"https:\\\/\\\/www.oracaoefe.com\\\/es\\\/author\\\/michele-azevedo\\\/\"}]}<\/script>\n<!-- \/ Yoast SEO plugin. -->","yoast_head_json":{"title":"Empat\u00eda y fe: \u00bfpor qu\u00e9 combinarlas? - Oraci\u00f3n y fe","description":"\u00a1Dios tiene una palabra de vida para ti!","robots":{"index":"index","follow":"follow","max-snippet":"max-snippet:-1","max-image-preview":"max-image-preview:large","max-video-preview":"max-video-preview:-1"},"canonical":"https:\/\/www.oracaoefe.com\/es\/empatia-y-fe-por-que-debemos-unirlas\/","og_locale":"es_ES","og_type":"article","og_title":"Empatia e f\u00e9: Por que devemos uni-las? - Ora\u00e7\u00e3o e F\u00e9","og_description":"Deus tem pra voc\u00ea uma palavra de vida!","og_url":"https:\/\/www.oracaoefe.com\/es\/empatia-y-fe-por-que-debemos-unirlas\/","og_site_name":"Ora\u00e7\u00e3o e F\u00e9","article_published_time":"2024-06-08T04:00:00+00:00","og_image":[{"width":960,"height":640,"url":"https:\/\/www.oracaoefe.com\/wp-content\/uploads\/2024\/05\/image-12.png","type":"image\/png"}],"author":"Michele Azevedo","twitter_card":"summary_large_image","twitter_misc":{"Escrito por":"Michele Azevedo","Tiempo de lectura":"6 minutos"},"schema":{"@context":"https:\/\/schema.org","@graph":[{"@type":"Article","@id":"https:\/\/www.oracaoefe.com\/empatia-e-fe-por-que-devemos-uni-las\/#article","isPartOf":{"@id":"https:\/\/www.oracaoefe.com\/empatia-e-fe-por-que-devemos-uni-las\/"},"author":{"name":"Michele Azevedo","@id":"https:\/\/www.oracaoefe.com\/#\/schema\/person\/17283c669442cf005c4d5bb58adfb7f5"},"headline":"Empatia e f\u00e9: Por que devemos uni-las?","datePublished":"2024-06-08T04:00:00+00:00","mainEntityOfPage":{"@id":"https:\/\/www.oracaoefe.com\/empatia-e-fe-por-que-devemos-uni-las\/"},"wordCount":1122,"image":{"@id":"https:\/\/www.oracaoefe.com\/empatia-e-fe-por-que-devemos-uni-las\/#primaryimage"},"thumbnailUrl":"https:\/\/www.oracaoefe.com\/wp-content\/uploads\/2024\/05\/image-12.png","articleSection":["F\u00e9"],"inLanguage":"es"},{"@type":"WebPage","@id":"https:\/\/www.oracaoefe.com\/empatia-e-fe-por-que-devemos-uni-las\/","url":"https:\/\/www.oracaoefe.com\/empatia-e-fe-por-que-devemos-uni-las\/","name":"Empat\u00eda y fe: \u00bfpor qu\u00e9 combinarlas? - Oraci\u00f3n y fe","isPartOf":{"@id":"https:\/\/www.oracaoefe.com\/#website"},"primaryImageOfPage":{"@id":"https:\/\/www.oracaoefe.com\/empatia-e-fe-por-que-devemos-uni-las\/#primaryimage"},"image":{"@id":"https:\/\/www.oracaoefe.com\/empatia-e-fe-por-que-devemos-uni-las\/#primaryimage"},"thumbnailUrl":"https:\/\/www.oracaoefe.com\/wp-content\/uploads\/2024\/05\/image-12.png","datePublished":"2024-06-08T04:00:00+00:00","author":{"@id":"https:\/\/www.oracaoefe.com\/#\/schema\/person\/17283c669442cf005c4d5bb58adfb7f5"},"description":"\u00a1Dios tiene una palabra de vida para ti!","breadcrumb":{"@id":"https:\/\/www.oracaoefe.com\/empatia-e-fe-por-que-devemos-uni-las\/#breadcrumb"},"inLanguage":"es","potentialAction":[{"@type":"ReadAction","target":["https:\/\/www.oracaoefe.com\/empatia-e-fe-por-que-devemos-uni-las\/"]}]},{"@type":"ImageObject","inLanguage":"es","@id":"https:\/\/www.oracaoefe.com\/empatia-e-fe-por-que-devemos-uni-las\/#primaryimage","url":"https:\/\/www.oracaoefe.com\/wp-content\/uploads\/2024\/05\/image-12.png","contentUrl":"https:\/\/www.oracaoefe.com\/wp-content\/uploads\/2024\/05\/image-12.png","width":960,"height":640},{"@type":"BreadcrumbList","@id":"https:\/\/www.oracaoefe.com\/empatia-e-fe-por-que-devemos-uni-las\/#breadcrumb","itemListElement":[{"@type":"ListItem","position":1,"name":"Home","item":"https:\/\/www.oracaoefe.com\/"},{"@type":"ListItem","position":2,"name":"F\u00e9","item":"https:\/\/www.oracaoefe.com\/es\/categoria\/fe\/"},{"@type":"ListItem","position":3,"name":"Empatia e f\u00e9: Por que devemos uni-las?"}]},{"@type":"WebSite","@id":"https:\/\/www.oracaoefe.com\/#website","url":"https:\/\/www.oracaoefe.com\/","name":"Oraci\u00f3n y fe","description":"","potentialAction":[{"@type":"SearchAction","target":{"@type":"EntryPoint","urlTemplate":"https:\/\/www.oracaoefe.com\/?s={search_term_string}"},"query-input":{"@type":"PropertyValueSpecification","valueRequired":true,"valueName":"search_term_string"}}],"inLanguage":"es"},{"@type":"Person","@id":"https:\/\/www.oracaoefe.com\/#\/schema\/person\/17283c669442cf005c4d5bb58adfb7f5","name":"Michele Azevedo","image":{"@type":"ImageObject","inLanguage":"es","@id":"https:\/\/secure.gravatar.com\/avatar\/6b0eb9d22841282815e2cd856a0061c45e1761cd54b22e952d98c4746939aa85?s=96&d=mm&r=g","url":"https:\/\/secure.gravatar.com\/avatar\/6b0eb9d22841282815e2cd856a0061c45e1761cd54b22e952d98c4746939aa85?s=96&d=mm&r=g","contentUrl":"https:\/\/secure.gravatar.com\/avatar\/6b0eb9d22841282815e2cd856a0061c45e1761cd54b22e952d98c4746939aa85?s=96&d=mm&r=g","caption":"Michele Azevedo"},"description":"Licenciada en Literatura Portuguesa\/Ingl\u00e9s por la UEPG, con posgrados en Arte en la Educaci\u00f3n y Psicopedagog\u00eda Escolar, es la creadora del sitio web Escritora de Sucesso, y escritora y editora de contenido para Ora\u00e7\u00e3o e F\u00e9 (Oraci\u00f3n y Fe) con gran fe y positividad.","url":"https:\/\/www.oracaoefe.com\/es\/author\/michele-azevedo\/"}]}},"_links":{"self":[{"href":"https:\/\/www.oracaoefe.com\/es\/wp-json\/wp\/v2\/posts\/2849","targetHints":{"allow":["GET"]}}],"collection":[{"href":"https:\/\/www.oracaoefe.com\/es\/wp-json\/wp\/v2\/posts"}],"about":[{"href":"https:\/\/www.oracaoefe.com\/es\/wp-json\/wp\/v2\/types\/post"}],"author":[{"embeddable":true,"href":"https:\/\/www.oracaoefe.com\/es\/wp-json\/wp\/v2\/users\/3"}],"replies":[{"embeddable":true,"href":"https:\/\/www.oracaoefe.com\/es\/wp-json\/wp\/v2\/comments?post=2849"}],"version-history":[{"count":2,"href":"https:\/\/www.oracaoefe.com\/es\/wp-json\/wp\/v2\/posts\/2849\/revisions"}],"predecessor-version":[{"id":2864,"href":"https:\/\/www.oracaoefe.com\/es\/wp-json\/wp\/v2\/posts\/2849\/revisions\/2864"}],"wp:featuredmedia":[{"embeddable":true,"href":"https:\/\/www.oracaoefe.com\/es\/wp-json\/wp\/v2\/media\/2863"}],"wp:attachment":[{"href":"https:\/\/www.oracaoefe.com\/es\/wp-json\/wp\/v2\/media?parent=2849"}],"wp:term":[{"taxonomy":"category","embeddable":true,"href":"https:\/\/www.oracaoefe.com\/es\/wp-json\/wp\/v2\/categories?post=2849"},{"taxonomy":"post_tag","embeddable":true,"href":"https:\/\/www.oracaoefe.com\/es\/wp-json\/wp\/v2\/tags?post=2849"}],"curies":[{"name":"wp","href":"https:\/\/api.w.org\/{rel}","templated":true}]}}