{"id":2733,"date":"2024-03-28T01:00:00","date_gmt":"2024-03-28T04:00:00","guid":{"rendered":"https:\/\/www.oracaoefe.com\/?p=2733"},"modified":"2024-03-26T22:45:30","modified_gmt":"2024-03-27T01:45:30","slug":"oracion-para-dormir-bien-toda-la-noche-4-opciones-para-rezar-con-fe","status":"publish","type":"post","link":"https:\/\/www.oracaoefe.com\/es\/oracao-para-dormir-bem-a-noite-toda-4-opcoes-para-orar-com-fe\/","title":{"rendered":"Oraci\u00f3n para dormir bien: 4 opciones para rezar con fe"},"content":{"rendered":"<p>Dormir bien es esencial para nuestra salud f\u00edsica, mental y espiritual. Sin embargo, a menudo nuestra mente est\u00e1 agitada y preocupada, lo que dificulta un sue\u00f1o profundo. La oraci\u00f3n puede ser una poderosa herramienta para calmar la mente y preparar el cuerpo para un sue\u00f1o reparador.&nbsp;<\/p>\n\n\n\n<h2 class=\"wp-block-heading\">Oraci\u00f3n para dormir bien<\/h2>\n\n\n\n<p>En un mundo cada vez m\u00e1s agitado y lleno de preocupaciones, la calidad del sue\u00f1o se sacrifica a menudo en medio del estr\u00e9s de la vida cotidiana. Sin embargo, no hay que subestimar la importancia de un descanso adecuado para nuestra salud f\u00edsica, mental y espiritual.&nbsp;<\/p>\n\n\n\n<p>En este contexto, la oraci\u00f3n para dormir bien se revela como un poderoso aliado. Al conectar con lo divino y desprendernos de las preocupaciones cotidianas, podemos encontrar la paz interior y preparar nuestro cuerpo y nuestra mente para un sue\u00f1o tranquilo y reparador.<\/p>\n\n\n\n<h3 class=\"wp-block-heading\">1. Oraci\u00f3n de gratitud<\/h3>\n\n\n\n<p>Antes de irte a dormir, dedica un momento a reflexionar sobre las bendiciones de tu d\u00eda y expresa tu gratitud a Dios por ellas. Esta sencilla oraci\u00f3n puede ayudar a calmar tu mente y dirigir tus pensamientos hacia lo positivo, creando un estado mental propicio para un sue\u00f1o tranquilo.<\/p>\n\n\n\n<p>\"Querido Dios, te doy las gracias por este d\u00eda que llega a su fin. Estoy agradecido por las bendiciones que he recibido, las personas que amo y las experiencias que he tenido. Te pido que me ayudes a dejar atr\u00e1s todas las preocupaciones y ansiedades, confiando en que t\u00fa tienes el control de todas las cosas. Que tu amor y tu paz envuelvan mi coraz\u00f3n mientras me preparo para descansar. Am\u00e9n\".<\/p>\n\n\n\n<p>Recitar esta oraci\u00f3n con sinceridad puede ayudar a aliviar el estr\u00e9s y la tensi\u00f3n acumulados durante el d\u00eda, permiti\u00e9ndote conciliar el sue\u00f1o con un coraz\u00f3n agradecido.<\/p>\n\n\n\n<figure class=\"wp-block-image size-large\"><img loading=\"lazy\" decoding=\"async\" width=\"1024\" height=\"682\" src=\"https:\/\/www.oracaoefe.com\/wp-content\/uploads\/2024\/03\/image-3-1024x682.png\" alt=\"\" class=\"wp-image-2749\" srcset=\"https:\/\/www.oracaoefe.com\/wp-content\/uploads\/2024\/03\/image-3-1024x682.png 1024w, https:\/\/www.oracaoefe.com\/wp-content\/uploads\/2024\/03\/image-3-300x200.png 300w, https:\/\/www.oracaoefe.com\/wp-content\/uploads\/2024\/03\/image-3-768x512.png 768w, https:\/\/www.oracaoefe.com\/wp-content\/uploads\/2024\/03\/image-3-18x12.png 18w, https:\/\/www.oracaoefe.com\/wp-content\/uploads\/2024\/03\/image-3.png 1280w\" sizes=\"auto, (max-width: 1024px) 100vw, 1024px\" \/><\/figure>\n\n\n\n<h3 class=\"wp-block-heading\">2. Oraci\u00f3n por la paz interior<\/h3>\n\n\n\n<p>A veces nuestra mente est\u00e1 tan agitada que resulta dif\u00edcil encontrar la paz interior suficiente para conciliar el sue\u00f1o. Esta oraci\u00f3n centrada en la b\u00fasqueda de la tranquilidad puede ayudar a calmar los pensamientos ansiosos y favorecer un sue\u00f1o reparador.<\/p>\n\n\n\n<p>\"Se\u00f1or, en este momento te pido que me concedas la paz interior. Que tus manos divinas toquen mi mente y calmen todos los pensamientos inquietos. Ay\u00fadame a confiar plenamente en Ti, sabiendo que siempre est\u00e1s conmigo. Que esta noche me acueste con la certeza de que estoy a salvo bajo Tu protecci\u00f3n. Am\u00e9n\".<\/p>\n\n\n\n<p>Mientras recitas esta oraci\u00f3n, conc\u00e9ntrate en el sentimiento de paz que quieres alcanzar. Visual\u00edzate relajado y entregando todas tus preocupaciones a Dios, permitiendo que Su paz llene tu coraz\u00f3n y tu mente.<\/p>\n\n\n\n<h3 class=\"wp-block-heading\">3. Oraci\u00f3n de protecci\u00f3n durante el sue\u00f1o<\/h3>\n\n\n\n<p>A veces, nuestros miedos y preocupaciones pueden perseguirnos por la noche, dificultando que durmamos tranquilos. Esta oraci\u00f3n para pedir protecci\u00f3n durante el sue\u00f1o puede aportar consuelo y seguridad, record\u00e1ndonos que siempre estamos bajo el amoroso cuidado de Dios.<\/p>\n\n\n\n<p>\"Padre celestial, mientras me preparo para acostarme, te pido tu protecci\u00f3n durante toda la noche. L\u00edbrame de todos los miedos y pesadillas, y conc\u00e9deme un sue\u00f1o profundo y reparador. Pongo mi confianza en Ti, sabiendo que T\u00fa eres mi refugio y mi fortaleza. Que Tu presencia me envuelva mientras descanso, y que me despierte renovado y vigorizado por Tu gracia. Am\u00e9n\".<\/p>\n\n\n\n<p>Recita esta oraci\u00f3n con fe, confiando en que Dios est\u00e1 siempre a tu lado, protegi\u00e9ndote y cuidando de ti, incluso mientras duermes.<\/p>\n\n\n\n<h3 class=\"wp-block-heading\">4. Oraci\u00f3n por la renovaci\u00f3n espiritual<\/h3>\n\n\n\n<p>As\u00ed como nuestro cuerpo f\u00edsico necesita descanso, nuestra alma tambi\u00e9n necesita renovaci\u00f3n espiritual. Esta oraci\u00f3n para la renovaci\u00f3n espiritual antes de dormir puede ayudarte a encontrar descanso no s\u00f3lo para tu cuerpo, sino tambi\u00e9n para tu alma.<\/p>\n\n\n\n<p>\"Divino Creador, mientras me preparo para dormir, te pido que renueves mi mente, cuerpo y alma. L\u00edmpiame de toda impureza y fortal\u00e9ceme con Tu divina presencia. Que ma\u00f1ana me despierte fresco y renovado, listo para afrontar un nuevo d\u00eda con fe y valor. Gracias por tus infinitas bendiciones y por este momento de descanso en tu presencia. Am\u00e9n\".<\/p>\n\n\n\n<p>Recitar esta oraci\u00f3n antes de acostarte puede ayudarte a reconectar con tu espiritualidad y a encontrar descanso y renovaci\u00f3n en Dios.<\/p>\n\n\n\n<h2 class=\"wp-block-heading\">Calma tu mente y tu esp\u00edritu<\/h2>\n\n\n\n<p>La oraci\u00f3n es una poderosa herramienta para calmar la mente y el esp\u00edritu, prepar\u00e1ndonos para un sue\u00f1o reparador y rejuvenecedor. Prueba estas cuatro oraciones diferentes antes de acostarte y descubre cu\u00e1l resuena m\u00e1s profundamente en ti.&nbsp;<\/p>\n\n\n\n<p>Que estos momentos de conexi\u00f3n espiritual traigan paz, consuelo y renovaci\u00f3n a tu vida, permiti\u00e9ndote disfrutar de un sue\u00f1o tranquilo y reparador cada noche. Que Dios bendiga tu descanso y tu viaje espiritual.<\/p>\n\n\n\n<p><strong>V\u00e9ase tambi\u00e9n: <a href=\"https:\/\/www.oracaoefe.com\/es\/rezar-puede-cambiarlo-todo-entienda-las-razones\/\">Rezar puede cambiarlo todo; entienda las razones<\/a><\/strong><\/p>\n\n\n\n<p>28 de marzo de 2024<\/p>","protected":false},"excerpt":{"rendered":"<p>Dormir bem \u00e9 essencial para a nossa sa\u00fade f\u00edsica, mental e espiritual. No entanto, muitas vezes, nossas mentes est\u00e3o agitadas e preocupadas, dificultando o sono tranquilo. A ora\u00e7\u00e3o pode ser uma ferramenta poderosa para acalmar a mente e preparar o corpo para um descanso reparador.&nbsp; Ora\u00e7\u00e3o para dormir bem a noite toda Em um mundo&hellip;&nbsp;<\/p>","protected":false},"author":3,"featured_media":2749,"comment_status":"closed","ping_status":"closed","sticky":false,"template":"","format":"standard","meta":{"neve_meta_sidebar":"","neve_meta_container":"","neve_meta_enable_content_width":"","neve_meta_content_width":0,"neve_meta_title_alignment":"","neve_meta_author_avatar":"","neve_post_elements_order":"","neve_meta_disable_header":"","neve_meta_disable_footer":"","neve_meta_disable_title":"","footnotes":""},"categories":[2],"tags":[],"class_list":["post-2733","post","type-post","status-publish","format-standard","has-post-thumbnail","hentry","category-oracao"],"yoast_head":"<!-- This site is optimized with the Yoast SEO plugin v27.5 - https:\/\/yoast.com\/product\/yoast-seo-wordpress\/ -->\n<title>Ora\u00e7\u00e3o para dormir bem a noite toda: 4 op\u00e7\u00f5es para orar com f\u00e9 - Ora\u00e7\u00e3o e F\u00e9<\/title>\n<meta name=\"description\" content=\"Deus tem pra voc\u00ea uma palavra de vida!\" \/>\n<meta name=\"robots\" content=\"index, follow, max-snippet:-1, max-image-preview:large, max-video-preview:-1\" \/>\n<link rel=\"canonical\" href=\"https:\/\/www.oracaoefe.com\/es\/oracion-para-dormir-bien-toda-la-noche-4-opciones-para-rezar-con-fe\/\" \/>\n<meta property=\"og:locale\" content=\"es_ES\" \/>\n<meta property=\"og:type\" content=\"article\" \/>\n<meta property=\"og:title\" content=\"Ora\u00e7\u00e3o para dormir bem a noite toda: 4 op\u00e7\u00f5es para orar com f\u00e9 - Ora\u00e7\u00e3o e F\u00e9\" \/>\n<meta property=\"og:description\" content=\"Deus tem pra voc\u00ea uma palavra de vida!\" \/>\n<meta property=\"og:url\" content=\"https:\/\/www.oracaoefe.com\/es\/oracion-para-dormir-bien-toda-la-noche-4-opciones-para-rezar-con-fe\/\" \/>\n<meta property=\"og:site_name\" content=\"Ora\u00e7\u00e3o e F\u00e9\" \/>\n<meta property=\"article:published_time\" content=\"2024-03-28T04:00:00+00:00\" \/>\n<meta property=\"og:image\" content=\"https:\/\/www.oracaoefe.com\/wp-content\/uploads\/2024\/03\/image-3.png\" \/>\n\t<meta property=\"og:image:width\" content=\"1280\" \/>\n\t<meta property=\"og:image:height\" content=\"853\" \/>\n\t<meta property=\"og:image:type\" content=\"image\/png\" \/>\n<meta name=\"author\" content=\"Michele Azevedo\" \/>\n<meta name=\"twitter:card\" content=\"summary_large_image\" \/>\n<meta name=\"twitter:label1\" content=\"Escrito por\" \/>\n\t<meta name=\"twitter:data1\" content=\"Michele Azevedo\" \/>\n\t<meta name=\"twitter:label2\" content=\"Tiempo de lectura\" \/>\n\t<meta name=\"twitter:data2\" content=\"4 minutos\" \/>\n<script type=\"application\/ld+json\" class=\"yoast-schema-graph\">{\"@context\":\"https:\\\/\\\/schema.org\",\"@graph\":[{\"@type\":\"Article\",\"@id\":\"https:\\\/\\\/www.oracaoefe.com\\\/oracao-para-dormir-bem-a-noite-toda-4-opcoes-para-orar-com-fe\\\/#article\",\"isPartOf\":{\"@id\":\"https:\\\/\\\/www.oracaoefe.com\\\/oracao-para-dormir-bem-a-noite-toda-4-opcoes-para-orar-com-fe\\\/\"},\"author\":{\"name\":\"Michele Azevedo\",\"@id\":\"https:\\\/\\\/www.oracaoefe.com\\\/#\\\/schema\\\/person\\\/17283c669442cf005c4d5bb58adfb7f5\"},\"headline\":\"Ora\u00e7\u00e3o para dormir bem a noite toda: 4 op\u00e7\u00f5es para orar com f\u00e9\",\"datePublished\":\"2024-03-28T04:00:00+00:00\",\"mainEntityOfPage\":{\"@id\":\"https:\\\/\\\/www.oracaoefe.com\\\/oracao-para-dormir-bem-a-noite-toda-4-opcoes-para-orar-com-fe\\\/\"},\"wordCount\":860,\"image\":{\"@id\":\"https:\\\/\\\/www.oracaoefe.com\\\/oracao-para-dormir-bem-a-noite-toda-4-opcoes-para-orar-com-fe\\\/#primaryimage\"},\"thumbnailUrl\":\"https:\\\/\\\/www.oracaoefe.com\\\/wp-content\\\/uploads\\\/2024\\\/03\\\/image-3.png\",\"articleSection\":[\"Ora\u00e7\u00e3o\"],\"inLanguage\":\"es\"},{\"@type\":\"WebPage\",\"@id\":\"https:\\\/\\\/www.oracaoefe.com\\\/oracao-para-dormir-bem-a-noite-toda-4-opcoes-para-orar-com-fe\\\/\",\"url\":\"https:\\\/\\\/www.oracaoefe.com\\\/oracao-para-dormir-bem-a-noite-toda-4-opcoes-para-orar-com-fe\\\/\",\"name\":\"Ora\u00e7\u00e3o para dormir bem a noite toda: 4 op\u00e7\u00f5es para orar com f\u00e9 - Ora\u00e7\u00e3o e F\u00e9\",\"isPartOf\":{\"@id\":\"https:\\\/\\\/www.oracaoefe.com\\\/#website\"},\"primaryImageOfPage\":{\"@id\":\"https:\\\/\\\/www.oracaoefe.com\\\/oracao-para-dormir-bem-a-noite-toda-4-opcoes-para-orar-com-fe\\\/#primaryimage\"},\"image\":{\"@id\":\"https:\\\/\\\/www.oracaoefe.com\\\/oracao-para-dormir-bem-a-noite-toda-4-opcoes-para-orar-com-fe\\\/#primaryimage\"},\"thumbnailUrl\":\"https:\\\/\\\/www.oracaoefe.com\\\/wp-content\\\/uploads\\\/2024\\\/03\\\/image-3.png\",\"datePublished\":\"2024-03-28T04:00:00+00:00\",\"author\":{\"@id\":\"https:\\\/\\\/www.oracaoefe.com\\\/#\\\/schema\\\/person\\\/17283c669442cf005c4d5bb58adfb7f5\"},\"description\":\"Deus tem pra voc\u00ea uma palavra de vida!\",\"breadcrumb\":{\"@id\":\"https:\\\/\\\/www.oracaoefe.com\\\/oracao-para-dormir-bem-a-noite-toda-4-opcoes-para-orar-com-fe\\\/#breadcrumb\"},\"inLanguage\":\"es\",\"potentialAction\":[{\"@type\":\"ReadAction\",\"target\":[\"https:\\\/\\\/www.oracaoefe.com\\\/oracao-para-dormir-bem-a-noite-toda-4-opcoes-para-orar-com-fe\\\/\"]}]},{\"@type\":\"ImageObject\",\"inLanguage\":\"es\",\"@id\":\"https:\\\/\\\/www.oracaoefe.com\\\/oracao-para-dormir-bem-a-noite-toda-4-opcoes-para-orar-com-fe\\\/#primaryimage\",\"url\":\"https:\\\/\\\/www.oracaoefe.com\\\/wp-content\\\/uploads\\\/2024\\\/03\\\/image-3.png\",\"contentUrl\":\"https:\\\/\\\/www.oracaoefe.com\\\/wp-content\\\/uploads\\\/2024\\\/03\\\/image-3.png\",\"width\":1280,\"height\":853},{\"@type\":\"BreadcrumbList\",\"@id\":\"https:\\\/\\\/www.oracaoefe.com\\\/oracao-para-dormir-bem-a-noite-toda-4-opcoes-para-orar-com-fe\\\/#breadcrumb\",\"itemListElement\":[{\"@type\":\"ListItem\",\"position\":1,\"name\":\"Home\",\"item\":\"https:\\\/\\\/www.oracaoefe.com\\\/\"},{\"@type\":\"ListItem\",\"position\":2,\"name\":\"Ora\u00e7\u00e3o\",\"item\":\"https:\\\/\\\/www.oracaoefe.com\\\/category\\\/oracao\\\/\"},{\"@type\":\"ListItem\",\"position\":3,\"name\":\"Ora\u00e7\u00e3o para dormir bem a noite toda: 4 op\u00e7\u00f5es para orar com f\u00e9\"}]},{\"@type\":\"WebSite\",\"@id\":\"https:\\\/\\\/www.oracaoefe.com\\\/#website\",\"url\":\"https:\\\/\\\/www.oracaoefe.com\\\/\",\"name\":\"Ora\u00e7\u00e3o e F\u00e9\",\"description\":\"\",\"potentialAction\":[{\"@type\":\"SearchAction\",\"target\":{\"@type\":\"EntryPoint\",\"urlTemplate\":\"https:\\\/\\\/www.oracaoefe.com\\\/?s={search_term_string}\"},\"query-input\":{\"@type\":\"PropertyValueSpecification\",\"valueRequired\":true,\"valueName\":\"search_term_string\"}}],\"inLanguage\":\"es\"},{\"@type\":\"Person\",\"@id\":\"https:\\\/\\\/www.oracaoefe.com\\\/#\\\/schema\\\/person\\\/17283c669442cf005c4d5bb58adfb7f5\",\"name\":\"Michele Azevedo\",\"image\":{\"@type\":\"ImageObject\",\"inLanguage\":\"es\",\"@id\":\"https:\\\/\\\/secure.gravatar.com\\\/avatar\\\/6b0eb9d22841282815e2cd856a0061c45e1761cd54b22e952d98c4746939aa85?s=96&d=mm&r=g\",\"url\":\"https:\\\/\\\/secure.gravatar.com\\\/avatar\\\/6b0eb9d22841282815e2cd856a0061c45e1761cd54b22e952d98c4746939aa85?s=96&d=mm&r=g\",\"contentUrl\":\"https:\\\/\\\/secure.gravatar.com\\\/avatar\\\/6b0eb9d22841282815e2cd856a0061c45e1761cd54b22e952d98c4746939aa85?s=96&d=mm&r=g\",\"caption\":\"Michele Azevedo\"},\"description\":\"Formada em Letras - Portugu\u00eas\\\/ Ingl\u00eas pela UEPG, p\u00f3s-graduada em Arte na Educa\u00e7\u00e3o e Psicopedagogia Escolar, idealizadora do site Escritora de Sucesso, redatora e revisora dos conte\u00fados do Ora\u00e7\u00e3o e F\u00e9 com muita f\u00e9 e positividade.\",\"url\":\"https:\\\/\\\/www.oracaoefe.com\\\/es\\\/author\\\/michele-azevedo\\\/\"}]}<\/script>\n<!-- \/ Yoast SEO plugin. -->","yoast_head_json":{"title":"Oraci\u00f3n para dormir bien: 4 opciones para rezar con fe - Oraci\u00f3n y Fe","description":"\u00a1Dios tiene una palabra de vida para ti!","robots":{"index":"index","follow":"follow","max-snippet":"max-snippet:-1","max-image-preview":"max-image-preview:large","max-video-preview":"max-video-preview:-1"},"canonical":"https:\/\/www.oracaoefe.com\/es\/oracion-para-dormir-bien-toda-la-noche-4-opciones-para-rezar-con-fe\/","og_locale":"es_ES","og_type":"article","og_title":"Ora\u00e7\u00e3o para dormir bem a noite toda: 4 op\u00e7\u00f5es para orar com f\u00e9 - Ora\u00e7\u00e3o e F\u00e9","og_description":"Deus tem pra voc\u00ea uma palavra de vida!","og_url":"https:\/\/www.oracaoefe.com\/es\/oracion-para-dormir-bien-toda-la-noche-4-opciones-para-rezar-con-fe\/","og_site_name":"Ora\u00e7\u00e3o e F\u00e9","article_published_time":"2024-03-28T04:00:00+00:00","og_image":[{"width":1280,"height":853,"url":"https:\/\/www.oracaoefe.com\/wp-content\/uploads\/2024\/03\/image-3.png","type":"image\/png"}],"author":"Michele Azevedo","twitter_card":"summary_large_image","twitter_misc":{"Escrito por":"Michele Azevedo","Tiempo de lectura":"4 minutos"},"schema":{"@context":"https:\/\/schema.org","@graph":[{"@type":"Article","@id":"https:\/\/www.oracaoefe.com\/oracao-para-dormir-bem-a-noite-toda-4-opcoes-para-orar-com-fe\/#article","isPartOf":{"@id":"https:\/\/www.oracaoefe.com\/oracao-para-dormir-bem-a-noite-toda-4-opcoes-para-orar-com-fe\/"},"author":{"name":"Michele Azevedo","@id":"https:\/\/www.oracaoefe.com\/#\/schema\/person\/17283c669442cf005c4d5bb58adfb7f5"},"headline":"Ora\u00e7\u00e3o para dormir bem a noite toda: 4 op\u00e7\u00f5es para orar com f\u00e9","datePublished":"2024-03-28T04:00:00+00:00","mainEntityOfPage":{"@id":"https:\/\/www.oracaoefe.com\/oracao-para-dormir-bem-a-noite-toda-4-opcoes-para-orar-com-fe\/"},"wordCount":860,"image":{"@id":"https:\/\/www.oracaoefe.com\/oracao-para-dormir-bem-a-noite-toda-4-opcoes-para-orar-com-fe\/#primaryimage"},"thumbnailUrl":"https:\/\/www.oracaoefe.com\/wp-content\/uploads\/2024\/03\/image-3.png","articleSection":["Ora\u00e7\u00e3o"],"inLanguage":"es"},{"@type":"WebPage","@id":"https:\/\/www.oracaoefe.com\/oracao-para-dormir-bem-a-noite-toda-4-opcoes-para-orar-com-fe\/","url":"https:\/\/www.oracaoefe.com\/oracao-para-dormir-bem-a-noite-toda-4-opcoes-para-orar-com-fe\/","name":"Oraci\u00f3n para dormir bien: 4 opciones para rezar con fe - Oraci\u00f3n y Fe","isPartOf":{"@id":"https:\/\/www.oracaoefe.com\/#website"},"primaryImageOfPage":{"@id":"https:\/\/www.oracaoefe.com\/oracao-para-dormir-bem-a-noite-toda-4-opcoes-para-orar-com-fe\/#primaryimage"},"image":{"@id":"https:\/\/www.oracaoefe.com\/oracao-para-dormir-bem-a-noite-toda-4-opcoes-para-orar-com-fe\/#primaryimage"},"thumbnailUrl":"https:\/\/www.oracaoefe.com\/wp-content\/uploads\/2024\/03\/image-3.png","datePublished":"2024-03-28T04:00:00+00:00","author":{"@id":"https:\/\/www.oracaoefe.com\/#\/schema\/person\/17283c669442cf005c4d5bb58adfb7f5"},"description":"\u00a1Dios tiene una palabra de vida para ti!","breadcrumb":{"@id":"https:\/\/www.oracaoefe.com\/oracao-para-dormir-bem-a-noite-toda-4-opcoes-para-orar-com-fe\/#breadcrumb"},"inLanguage":"es","potentialAction":[{"@type":"ReadAction","target":["https:\/\/www.oracaoefe.com\/oracao-para-dormir-bem-a-noite-toda-4-opcoes-para-orar-com-fe\/"]}]},{"@type":"ImageObject","inLanguage":"es","@id":"https:\/\/www.oracaoefe.com\/oracao-para-dormir-bem-a-noite-toda-4-opcoes-para-orar-com-fe\/#primaryimage","url":"https:\/\/www.oracaoefe.com\/wp-content\/uploads\/2024\/03\/image-3.png","contentUrl":"https:\/\/www.oracaoefe.com\/wp-content\/uploads\/2024\/03\/image-3.png","width":1280,"height":853},{"@type":"BreadcrumbList","@id":"https:\/\/www.oracaoefe.com\/oracao-para-dormir-bem-a-noite-toda-4-opcoes-para-orar-com-fe\/#breadcrumb","itemListElement":[{"@type":"ListItem","position":1,"name":"Home","item":"https:\/\/www.oracaoefe.com\/"},{"@type":"ListItem","position":2,"name":"Ora\u00e7\u00e3o","item":"https:\/\/www.oracaoefe.com\/category\/oracao\/"},{"@type":"ListItem","position":3,"name":"Ora\u00e7\u00e3o para dormir bem a noite toda: 4 op\u00e7\u00f5es para orar com f\u00e9"}]},{"@type":"WebSite","@id":"https:\/\/www.oracaoefe.com\/#website","url":"https:\/\/www.oracaoefe.com\/","name":"Oraci\u00f3n y fe","description":"","potentialAction":[{"@type":"SearchAction","target":{"@type":"EntryPoint","urlTemplate":"https:\/\/www.oracaoefe.com\/?s={search_term_string}"},"query-input":{"@type":"PropertyValueSpecification","valueRequired":true,"valueName":"search_term_string"}}],"inLanguage":"es"},{"@type":"Person","@id":"https:\/\/www.oracaoefe.com\/#\/schema\/person\/17283c669442cf005c4d5bb58adfb7f5","name":"Michele Azevedo","image":{"@type":"ImageObject","inLanguage":"es","@id":"https:\/\/secure.gravatar.com\/avatar\/6b0eb9d22841282815e2cd856a0061c45e1761cd54b22e952d98c4746939aa85?s=96&d=mm&r=g","url":"https:\/\/secure.gravatar.com\/avatar\/6b0eb9d22841282815e2cd856a0061c45e1761cd54b22e952d98c4746939aa85?s=96&d=mm&r=g","contentUrl":"https:\/\/secure.gravatar.com\/avatar\/6b0eb9d22841282815e2cd856a0061c45e1761cd54b22e952d98c4746939aa85?s=96&d=mm&r=g","caption":"Michele Azevedo"},"description":"Licenciada en Literatura Portuguesa\/Ingl\u00e9s por la UEPG, con posgrados en Arte en la Educaci\u00f3n y Psicopedagog\u00eda Escolar, es la creadora del sitio web Escritora de Sucesso, y escritora y editora de contenido para Ora\u00e7\u00e3o e F\u00e9 (Oraci\u00f3n y Fe) con gran fe y positividad.","url":"https:\/\/www.oracaoefe.com\/es\/author\/michele-azevedo\/"}]}},"_links":{"self":[{"href":"https:\/\/www.oracaoefe.com\/es\/wp-json\/wp\/v2\/posts\/2733","targetHints":{"allow":["GET"]}}],"collection":[{"href":"https:\/\/www.oracaoefe.com\/es\/wp-json\/wp\/v2\/posts"}],"about":[{"href":"https:\/\/www.oracaoefe.com\/es\/wp-json\/wp\/v2\/types\/post"}],"author":[{"embeddable":true,"href":"https:\/\/www.oracaoefe.com\/es\/wp-json\/wp\/v2\/users\/3"}],"replies":[{"embeddable":true,"href":"https:\/\/www.oracaoefe.com\/es\/wp-json\/wp\/v2\/comments?post=2733"}],"version-history":[{"count":2,"href":"https:\/\/www.oracaoefe.com\/es\/wp-json\/wp\/v2\/posts\/2733\/revisions"}],"predecessor-version":[{"id":2750,"href":"https:\/\/www.oracaoefe.com\/es\/wp-json\/wp\/v2\/posts\/2733\/revisions\/2750"}],"wp:featuredmedia":[{"embeddable":true,"href":"https:\/\/www.oracaoefe.com\/es\/wp-json\/wp\/v2\/media\/2749"}],"wp:attachment":[{"href":"https:\/\/www.oracaoefe.com\/es\/wp-json\/wp\/v2\/media?parent=2733"}],"wp:term":[{"taxonomy":"category","embeddable":true,"href":"https:\/\/www.oracaoefe.com\/es\/wp-json\/wp\/v2\/categories?post=2733"},{"taxonomy":"post_tag","embeddable":true,"href":"https:\/\/www.oracaoefe.com\/es\/wp-json\/wp\/v2\/tags?post=2733"}],"curies":[{"name":"wp","href":"https:\/\/api.w.org\/{rel}","templated":true}]}}