{"id":2722,"date":"2024-03-22T13:28:45","date_gmt":"2024-03-22T16:28:45","guid":{"rendered":"https:\/\/www.oracaoefe.com\/?p=2722"},"modified":"2024-03-22T13:28:46","modified_gmt":"2024-03-22T16:28:46","slug":"como-la-fe-puede-curar-comprende-el-poder-que-hay-en-ti","status":"publish","type":"post","link":"https:\/\/www.oracaoefe.com\/es\/como-a-fe-pode-curar-entenda-o-poder-dentro-de-si\/","title":{"rendered":"\u00bfC\u00f3mo puede curar la fe? Comprende el poder que hay en ti"},"content":{"rendered":"<p>La fe es una fuerza poderosa que ha sido objeto de estudio, debate y pr\u00e1ctica durante siglos. Muchas personas relatan experiencias de curaci\u00f3n y superaci\u00f3n a trav\u00e9s de la fe, ya sea religiosa, espiritual o simplemente una creencia profunda en algo m\u00e1s grande que nosotros mismos. Pero, \u00bfc\u00f3mo puede curar exactamente la fe? Entendamos esta pregunta y el poder que reside en cada uno de nosotros.<\/p>\n\n\n\n<h2 class=\"wp-block-heading\">La naturaleza de la fe<\/h2>\n\n\n\n<p>Antes de adentrarnos en la relaci\u00f3n entre la fe y la curaci\u00f3n, es importante entender qu\u00e9 es exactamente la fe. La fe puede definirse como una creencia inquebrantable en algo que no puede demostrarse mediante la raz\u00f3n o la ciencia. Va m\u00e1s all\u00e1 de la comprensi\u00f3n intelectual y llega al n\u00facleo del ser humano, trascendiendo a menudo las barreras de la l\u00f3gica y las pruebas emp\u00edricas.<\/p>\n\n\n\n<p>La fe puede adoptar muchas formas, desde la fe religiosa en un poder superior hasta la fe en el potencial humano o la capacidad de superaci\u00f3n. Sea cual sea la forma que adopte, la fe comparte una caracter\u00edstica fundamental: la capacidad de inspirar esperanza, valor y perseverancia.<\/p>\n\n\n\n<h2 class=\"wp-block-heading\">El poder de la mente sobre el cuerpo<\/h2>\n\n\n\n<p>Numerosos estudios han investigado la relaci\u00f3n entre la mente y el cuerpo, y cada vez m\u00e1s pruebas sugieren que nuestros pensamientos, emociones y creencias pueden influir directamente en nuestra salud f\u00edsica. La mente y el cuerpo est\u00e1n interconectados de forma compleja, y la forma en que pensamos y sentimos puede afectar directamente a nuestro bienestar f\u00edsico.<\/p>\n\n\n\n<p>Aqu\u00ed es donde entra en juego la fe. Cuando alguien cree firmemente en la posibilidad de curarse, ya sea mediante la oraci\u00f3n, la meditaci\u00f3n, la visualizaci\u00f3n o simplemente confiando en su propia capacidad de recuperaci\u00f3n, esta creencia puede desencadenar una serie de procesos fisiol\u00f3gicos que favorecen la curaci\u00f3n. La fe puede reducir el estr\u00e9s, reforzar el sistema inmunitario, aumentar la producci\u00f3n de sustancias qu\u00edmicas en el cerebro asociadas al bienestar e incluso influir en la expresi\u00f3n de genes relacionados con la salud.<\/p>\n\n\n\n<figure class=\"wp-block-image size-large\"><img loading=\"lazy\" decoding=\"async\" width=\"1024\" height=\"537\" src=\"https:\/\/www.oracaoefe.com\/wp-content\/uploads\/2024\/03\/image-1-1024x537.png\" alt=\"\" class=\"wp-image-2723\" srcset=\"https:\/\/www.oracaoefe.com\/wp-content\/uploads\/2024\/03\/image-1-1024x537.png 1024w, https:\/\/www.oracaoefe.com\/wp-content\/uploads\/2024\/03\/image-1-300x157.png 300w, https:\/\/www.oracaoefe.com\/wp-content\/uploads\/2024\/03\/image-1-768x403.png 768w, https:\/\/www.oracaoefe.com\/wp-content\/uploads\/2024\/03\/image-1-18x9.png 18w, https:\/\/www.oracaoefe.com\/wp-content\/uploads\/2024\/03\/image-1.png 1280w\" sizes=\"auto, (max-width: 1024px) 100vw, 1024px\" \/><\/figure>\n\n\n\n<h2 class=\"wp-block-heading\">El papel de la esperanza y el prop\u00f3sito<\/h2>\n\n\n\n<p>Adem\u00e1s de sus efectos directos sobre el cuerpo, la fe tambi\u00e9n puede alimentar la esperanza y el prop\u00f3sito en la vida de una persona. La esperanza es una poderosa motivaci\u00f3n que puede impulsar a alguien a buscar tratamiento m\u00e9dico, adoptar h\u00e1bitos de vida saludables y afrontar los retos con resiliencia. El prop\u00f3sito, a su vez, da sentido a la vida y puede proporcionar un ancla emocional en los momentos dif\u00edciles.<\/p>\n\n\n\n<p>Cuando alguien encuentra sentido y prop\u00f3sito en su fe, \u00e9sta puede proporcionarle una fuente de fuerza y consuelo inquebrantables, incluso en las circunstancias m\u00e1s adversas. Esta sensaci\u00f3n de conexi\u00f3n con algo m\u00e1s grande que nosotros mismos puede proporcionar un sentimiento de paz interior profundamente sanador.<\/p>\n\n\n\n<h2 class=\"wp-block-heading\">Integrar fe y ciencia<\/h2>\n\n\n\n<p>Es importante subrayar que la fe no es una panacea para todas las enfermedades y no sustituye a una atenci\u00f3n m\u00e9dica adecuada. Sin embargo, la ciencia empieza a reconocer cada vez m\u00e1s el papel de la mente y el esp\u00edritu en la salud y la curaci\u00f3n. Integrar los enfoques basados en la fe con la atenci\u00f3n m\u00e9dica convencional puede ofrecer un planteamiento hol\u00edstico y global del bienestar general.<\/p>\n\n\n\n<h2 class=\"wp-block-heading\">Descubrir el poder interior<\/h2>\n\n\n\n<p>En \u00faltima instancia, la cuesti\u00f3n de c\u00f3mo puede curar la fe es compleja y polifac\u00e9tica. La fe no s\u00f3lo puede influir directamente en la salud f\u00edsica, sino tambi\u00e9n fortalecer la resistencia emocional, alimentar la esperanza y el prop\u00f3sito, y proporcionar un sentido de conexi\u00f3n y significado.<\/p>\n\n\n\n<p>Independientemente de las creencias individuales, es importante reconocer el poder que reside en cada uno de nosotros para cultivar una fe que inspire curaci\u00f3n y transformaci\u00f3n. Al alimentar nuestra fe y nuestra conexi\u00f3n con algo m\u00e1s grande que nosotros mismos, podemos acceder a una reserva de fuerza y resistencia que puede ayudarnos a afrontar los retos de la vida con valent\u00eda y gratitud.<\/p>\n\n\n\n<p>Que todos descubramos y cultivemos el poder de la fe en nuestro interior, y que ese poder nos gu\u00ede en nuestro camino de curaci\u00f3n y crecimiento personal.<\/p>\n\n\n\n<p>Si te ha gustado este art\u00edculo, comp\u00e1rtelo con tus amigos y familiares. Deja tus comentarios a continuaci\u00f3n y \u00a1continuemos esta conversaci\u00f3n sobre el poder de la fe y la sanaci\u00f3n!<\/p>\n\n\n\n<p><strong>V\u00e9ase tambi\u00e9n: <a href=\"https:\/\/www.oracaoefe.com\/es\/como-la-fe-nos-prepara-para-los-retos-de-la-vida\/\">C\u00f3mo la fe nos prepara para los retos de la vida<\/a><\/strong><\/p>\n\n\n\n<p>22 de marzo de 2024<\/p>","protected":false},"excerpt":{"rendered":"<p>A f\u00e9 \u00e9 uma for\u00e7a poderosa que tem sido objeto de estudo, debate e pr\u00e1tica ao longo dos s\u00e9culos. Muitas pessoas relatam experi\u00eancias de cura e supera\u00e7\u00e3o atrav\u00e9s da f\u00e9, seja ela religiosa, espiritual ou simplesmente uma cren\u00e7a profunda em algo maior do que n\u00f3s mesmos. Mas como exatamente a f\u00e9 pode curar? Vamos entender&hellip;&nbsp;<\/p>","protected":false},"author":3,"featured_media":2723,"comment_status":"closed","ping_status":"closed","sticky":false,"template":"","format":"standard","meta":{"neve_meta_sidebar":"","neve_meta_container":"","neve_meta_enable_content_width":"","neve_meta_content_width":0,"neve_meta_title_alignment":"","neve_meta_author_avatar":"","neve_post_elements_order":"","neve_meta_disable_header":"","neve_meta_disable_footer":"","neve_meta_disable_title":"","footnotes":""},"categories":[3],"tags":[],"class_list":["post-2722","post","type-post","status-publish","format-standard","has-post-thumbnail","hentry","category-fe"],"yoast_head":"<!-- This site is optimized with the Yoast SEO plugin v27.5 - https:\/\/yoast.com\/product\/yoast-seo-wordpress\/ -->\n<title>Como a f\u00e9 pode curar? Entenda o poder dentro de si - Ora\u00e7\u00e3o e F\u00e9<\/title>\n<meta name=\"description\" content=\"Deus tem pra voc\u00ea uma palavra de vida!\" \/>\n<meta name=\"robots\" content=\"index, follow, max-snippet:-1, max-image-preview:large, max-video-preview:-1\" \/>\n<link rel=\"canonical\" href=\"https:\/\/www.oracaoefe.com\/es\/como-la-fe-puede-curar-comprende-el-poder-que-hay-en-ti\/\" \/>\n<meta property=\"og:locale\" content=\"es_ES\" \/>\n<meta property=\"og:type\" content=\"article\" \/>\n<meta property=\"og:title\" content=\"Como a f\u00e9 pode curar? Entenda o poder dentro de si - Ora\u00e7\u00e3o e F\u00e9\" \/>\n<meta property=\"og:description\" content=\"Deus tem pra voc\u00ea uma palavra de vida!\" \/>\n<meta property=\"og:url\" content=\"https:\/\/www.oracaoefe.com\/es\/como-la-fe-puede-curar-comprende-el-poder-que-hay-en-ti\/\" \/>\n<meta property=\"og:site_name\" content=\"Ora\u00e7\u00e3o e F\u00e9\" \/>\n<meta property=\"article:published_time\" content=\"2024-03-22T16:28:45+00:00\" \/>\n<meta property=\"article:modified_time\" content=\"2024-03-22T16:28:46+00:00\" \/>\n<meta property=\"og:image\" content=\"https:\/\/www.oracaoefe.com\/wp-content\/uploads\/2024\/03\/image-1.png\" \/>\n\t<meta property=\"og:image:width\" content=\"1280\" \/>\n\t<meta property=\"og:image:height\" content=\"671\" \/>\n\t<meta property=\"og:image:type\" content=\"image\/png\" \/>\n<meta name=\"author\" content=\"Michele Azevedo\" \/>\n<meta name=\"twitter:card\" content=\"summary_large_image\" \/>\n<meta name=\"twitter:label1\" content=\"Escrito por\" \/>\n\t<meta name=\"twitter:data1\" content=\"Michele Azevedo\" \/>\n\t<meta name=\"twitter:label2\" content=\"Tiempo de lectura\" \/>\n\t<meta name=\"twitter:data2\" content=\"4 minutos\" \/>\n<script type=\"application\/ld+json\" class=\"yoast-schema-graph\">{\"@context\":\"https:\\\/\\\/schema.org\",\"@graph\":[{\"@type\":\"Article\",\"@id\":\"https:\\\/\\\/www.oracaoefe.com\\\/como-a-fe-pode-curar-entenda-o-poder-dentro-de-si\\\/#article\",\"isPartOf\":{\"@id\":\"https:\\\/\\\/www.oracaoefe.com\\\/como-a-fe-pode-curar-entenda-o-poder-dentro-de-si\\\/\"},\"author\":{\"name\":\"Michele Azevedo\",\"@id\":\"https:\\\/\\\/www.oracaoefe.com\\\/#\\\/schema\\\/person\\\/17283c669442cf005c4d5bb58adfb7f5\"},\"headline\":\"Como a f\u00e9 pode curar? Entenda o poder dentro de si\",\"datePublished\":\"2024-03-22T16:28:45+00:00\",\"dateModified\":\"2024-03-22T16:28:46+00:00\",\"mainEntityOfPage\":{\"@id\":\"https:\\\/\\\/www.oracaoefe.com\\\/como-a-fe-pode-curar-entenda-o-poder-dentro-de-si\\\/\"},\"wordCount\":795,\"image\":{\"@id\":\"https:\\\/\\\/www.oracaoefe.com\\\/como-a-fe-pode-curar-entenda-o-poder-dentro-de-si\\\/#primaryimage\"},\"thumbnailUrl\":\"https:\\\/\\\/www.oracaoefe.com\\\/wp-content\\\/uploads\\\/2024\\\/03\\\/image-1.png\",\"articleSection\":[\"F\u00e9\"],\"inLanguage\":\"es\"},{\"@type\":\"WebPage\",\"@id\":\"https:\\\/\\\/www.oracaoefe.com\\\/como-a-fe-pode-curar-entenda-o-poder-dentro-de-si\\\/\",\"url\":\"https:\\\/\\\/www.oracaoefe.com\\\/como-a-fe-pode-curar-entenda-o-poder-dentro-de-si\\\/\",\"name\":\"Como a f\u00e9 pode curar? Entenda o poder dentro de si - Ora\u00e7\u00e3o e F\u00e9\",\"isPartOf\":{\"@id\":\"https:\\\/\\\/www.oracaoefe.com\\\/#website\"},\"primaryImageOfPage\":{\"@id\":\"https:\\\/\\\/www.oracaoefe.com\\\/como-a-fe-pode-curar-entenda-o-poder-dentro-de-si\\\/#primaryimage\"},\"image\":{\"@id\":\"https:\\\/\\\/www.oracaoefe.com\\\/como-a-fe-pode-curar-entenda-o-poder-dentro-de-si\\\/#primaryimage\"},\"thumbnailUrl\":\"https:\\\/\\\/www.oracaoefe.com\\\/wp-content\\\/uploads\\\/2024\\\/03\\\/image-1.png\",\"datePublished\":\"2024-03-22T16:28:45+00:00\",\"dateModified\":\"2024-03-22T16:28:46+00:00\",\"author\":{\"@id\":\"https:\\\/\\\/www.oracaoefe.com\\\/#\\\/schema\\\/person\\\/17283c669442cf005c4d5bb58adfb7f5\"},\"description\":\"Deus tem pra voc\u00ea uma palavra de vida!\",\"breadcrumb\":{\"@id\":\"https:\\\/\\\/www.oracaoefe.com\\\/como-a-fe-pode-curar-entenda-o-poder-dentro-de-si\\\/#breadcrumb\"},\"inLanguage\":\"es\",\"potentialAction\":[{\"@type\":\"ReadAction\",\"target\":[\"https:\\\/\\\/www.oracaoefe.com\\\/como-a-fe-pode-curar-entenda-o-poder-dentro-de-si\\\/\"]}]},{\"@type\":\"ImageObject\",\"inLanguage\":\"es\",\"@id\":\"https:\\\/\\\/www.oracaoefe.com\\\/como-a-fe-pode-curar-entenda-o-poder-dentro-de-si\\\/#primaryimage\",\"url\":\"https:\\\/\\\/www.oracaoefe.com\\\/wp-content\\\/uploads\\\/2024\\\/03\\\/image-1.png\",\"contentUrl\":\"https:\\\/\\\/www.oracaoefe.com\\\/wp-content\\\/uploads\\\/2024\\\/03\\\/image-1.png\",\"width\":1280,\"height\":671},{\"@type\":\"BreadcrumbList\",\"@id\":\"https:\\\/\\\/www.oracaoefe.com\\\/como-a-fe-pode-curar-entenda-o-poder-dentro-de-si\\\/#breadcrumb\",\"itemListElement\":[{\"@type\":\"ListItem\",\"position\":1,\"name\":\"Home\",\"item\":\"https:\\\/\\\/www.oracaoefe.com\\\/\"},{\"@type\":\"ListItem\",\"position\":2,\"name\":\"F\u00e9\",\"item\":\"https:\\\/\\\/www.oracaoefe.com\\\/es\\\/categoria\\\/fe\\\/\"},{\"@type\":\"ListItem\",\"position\":3,\"name\":\"Como a f\u00e9 pode curar? Entenda o poder dentro de si\"}]},{\"@type\":\"WebSite\",\"@id\":\"https:\\\/\\\/www.oracaoefe.com\\\/#website\",\"url\":\"https:\\\/\\\/www.oracaoefe.com\\\/\",\"name\":\"Ora\u00e7\u00e3o e F\u00e9\",\"description\":\"\",\"potentialAction\":[{\"@type\":\"SearchAction\",\"target\":{\"@type\":\"EntryPoint\",\"urlTemplate\":\"https:\\\/\\\/www.oracaoefe.com\\\/?s={search_term_string}\"},\"query-input\":{\"@type\":\"PropertyValueSpecification\",\"valueRequired\":true,\"valueName\":\"search_term_string\"}}],\"inLanguage\":\"es\"},{\"@type\":\"Person\",\"@id\":\"https:\\\/\\\/www.oracaoefe.com\\\/#\\\/schema\\\/person\\\/17283c669442cf005c4d5bb58adfb7f5\",\"name\":\"Michele Azevedo\",\"image\":{\"@type\":\"ImageObject\",\"inLanguage\":\"es\",\"@id\":\"https:\\\/\\\/secure.gravatar.com\\\/avatar\\\/6b0eb9d22841282815e2cd856a0061c45e1761cd54b22e952d98c4746939aa85?s=96&d=mm&r=g\",\"url\":\"https:\\\/\\\/secure.gravatar.com\\\/avatar\\\/6b0eb9d22841282815e2cd856a0061c45e1761cd54b22e952d98c4746939aa85?s=96&d=mm&r=g\",\"contentUrl\":\"https:\\\/\\\/secure.gravatar.com\\\/avatar\\\/6b0eb9d22841282815e2cd856a0061c45e1761cd54b22e952d98c4746939aa85?s=96&d=mm&r=g\",\"caption\":\"Michele Azevedo\"},\"description\":\"Formada em Letras - Portugu\u00eas\\\/ Ingl\u00eas pela UEPG, p\u00f3s-graduada em Arte na Educa\u00e7\u00e3o e Psicopedagogia Escolar, idealizadora do site Escritora de Sucesso, redatora e revisora dos conte\u00fados do Ora\u00e7\u00e3o e F\u00e9 com muita f\u00e9 e positividade.\",\"url\":\"https:\\\/\\\/www.oracaoefe.com\\\/es\\\/author\\\/michele-azevedo\\\/\"}]}<\/script>\n<!-- \/ Yoast SEO plugin. -->","yoast_head_json":{"title":"\u00bfC\u00f3mo puede curar la fe? Comprender el poder interior - Oraci\u00f3n y fe","description":"\u00a1Dios tiene una palabra de vida para ti!","robots":{"index":"index","follow":"follow","max-snippet":"max-snippet:-1","max-image-preview":"max-image-preview:large","max-video-preview":"max-video-preview:-1"},"canonical":"https:\/\/www.oracaoefe.com\/es\/como-la-fe-puede-curar-comprende-el-poder-que-hay-en-ti\/","og_locale":"es_ES","og_type":"article","og_title":"Como a f\u00e9 pode curar? Entenda o poder dentro de si - Ora\u00e7\u00e3o e F\u00e9","og_description":"Deus tem pra voc\u00ea uma palavra de vida!","og_url":"https:\/\/www.oracaoefe.com\/es\/como-la-fe-puede-curar-comprende-el-poder-que-hay-en-ti\/","og_site_name":"Ora\u00e7\u00e3o e F\u00e9","article_published_time":"2024-03-22T16:28:45+00:00","article_modified_time":"2024-03-22T16:28:46+00:00","og_image":[{"width":1280,"height":671,"url":"https:\/\/www.oracaoefe.com\/wp-content\/uploads\/2024\/03\/image-1.png","type":"image\/png"}],"author":"Michele Azevedo","twitter_card":"summary_large_image","twitter_misc":{"Escrito por":"Michele Azevedo","Tiempo de lectura":"4 minutos"},"schema":{"@context":"https:\/\/schema.org","@graph":[{"@type":"Article","@id":"https:\/\/www.oracaoefe.com\/como-a-fe-pode-curar-entenda-o-poder-dentro-de-si\/#article","isPartOf":{"@id":"https:\/\/www.oracaoefe.com\/como-a-fe-pode-curar-entenda-o-poder-dentro-de-si\/"},"author":{"name":"Michele Azevedo","@id":"https:\/\/www.oracaoefe.com\/#\/schema\/person\/17283c669442cf005c4d5bb58adfb7f5"},"headline":"Como a f\u00e9 pode curar? Entenda o poder dentro de si","datePublished":"2024-03-22T16:28:45+00:00","dateModified":"2024-03-22T16:28:46+00:00","mainEntityOfPage":{"@id":"https:\/\/www.oracaoefe.com\/como-a-fe-pode-curar-entenda-o-poder-dentro-de-si\/"},"wordCount":795,"image":{"@id":"https:\/\/www.oracaoefe.com\/como-a-fe-pode-curar-entenda-o-poder-dentro-de-si\/#primaryimage"},"thumbnailUrl":"https:\/\/www.oracaoefe.com\/wp-content\/uploads\/2024\/03\/image-1.png","articleSection":["F\u00e9"],"inLanguage":"es"},{"@type":"WebPage","@id":"https:\/\/www.oracaoefe.com\/como-a-fe-pode-curar-entenda-o-poder-dentro-de-si\/","url":"https:\/\/www.oracaoefe.com\/como-a-fe-pode-curar-entenda-o-poder-dentro-de-si\/","name":"\u00bfC\u00f3mo puede curar la fe? Comprender el poder interior - Oraci\u00f3n y fe","isPartOf":{"@id":"https:\/\/www.oracaoefe.com\/#website"},"primaryImageOfPage":{"@id":"https:\/\/www.oracaoefe.com\/como-a-fe-pode-curar-entenda-o-poder-dentro-de-si\/#primaryimage"},"image":{"@id":"https:\/\/www.oracaoefe.com\/como-a-fe-pode-curar-entenda-o-poder-dentro-de-si\/#primaryimage"},"thumbnailUrl":"https:\/\/www.oracaoefe.com\/wp-content\/uploads\/2024\/03\/image-1.png","datePublished":"2024-03-22T16:28:45+00:00","dateModified":"2024-03-22T16:28:46+00:00","author":{"@id":"https:\/\/www.oracaoefe.com\/#\/schema\/person\/17283c669442cf005c4d5bb58adfb7f5"},"description":"\u00a1Dios tiene una palabra de vida para ti!","breadcrumb":{"@id":"https:\/\/www.oracaoefe.com\/como-a-fe-pode-curar-entenda-o-poder-dentro-de-si\/#breadcrumb"},"inLanguage":"es","potentialAction":[{"@type":"ReadAction","target":["https:\/\/www.oracaoefe.com\/como-a-fe-pode-curar-entenda-o-poder-dentro-de-si\/"]}]},{"@type":"ImageObject","inLanguage":"es","@id":"https:\/\/www.oracaoefe.com\/como-a-fe-pode-curar-entenda-o-poder-dentro-de-si\/#primaryimage","url":"https:\/\/www.oracaoefe.com\/wp-content\/uploads\/2024\/03\/image-1.png","contentUrl":"https:\/\/www.oracaoefe.com\/wp-content\/uploads\/2024\/03\/image-1.png","width":1280,"height":671},{"@type":"BreadcrumbList","@id":"https:\/\/www.oracaoefe.com\/como-a-fe-pode-curar-entenda-o-poder-dentro-de-si\/#breadcrumb","itemListElement":[{"@type":"ListItem","position":1,"name":"Home","item":"https:\/\/www.oracaoefe.com\/"},{"@type":"ListItem","position":2,"name":"F\u00e9","item":"https:\/\/www.oracaoefe.com\/es\/categoria\/fe\/"},{"@type":"ListItem","position":3,"name":"Como a f\u00e9 pode curar? Entenda o poder dentro de si"}]},{"@type":"WebSite","@id":"https:\/\/www.oracaoefe.com\/#website","url":"https:\/\/www.oracaoefe.com\/","name":"Oraci\u00f3n y fe","description":"","potentialAction":[{"@type":"SearchAction","target":{"@type":"EntryPoint","urlTemplate":"https:\/\/www.oracaoefe.com\/?s={search_term_string}"},"query-input":{"@type":"PropertyValueSpecification","valueRequired":true,"valueName":"search_term_string"}}],"inLanguage":"es"},{"@type":"Person","@id":"https:\/\/www.oracaoefe.com\/#\/schema\/person\/17283c669442cf005c4d5bb58adfb7f5","name":"Michele Azevedo","image":{"@type":"ImageObject","inLanguage":"es","@id":"https:\/\/secure.gravatar.com\/avatar\/6b0eb9d22841282815e2cd856a0061c45e1761cd54b22e952d98c4746939aa85?s=96&d=mm&r=g","url":"https:\/\/secure.gravatar.com\/avatar\/6b0eb9d22841282815e2cd856a0061c45e1761cd54b22e952d98c4746939aa85?s=96&d=mm&r=g","contentUrl":"https:\/\/secure.gravatar.com\/avatar\/6b0eb9d22841282815e2cd856a0061c45e1761cd54b22e952d98c4746939aa85?s=96&d=mm&r=g","caption":"Michele Azevedo"},"description":"Licenciada en Literatura Portuguesa\/Ingl\u00e9s por la UEPG, con posgrados en Arte en la Educaci\u00f3n y Psicopedagog\u00eda Escolar, es la creadora del sitio web Escritora de Sucesso, y escritora y editora de contenido para Ora\u00e7\u00e3o e F\u00e9 (Oraci\u00f3n y Fe) con gran fe y positividad.","url":"https:\/\/www.oracaoefe.com\/es\/author\/michele-azevedo\/"}]}},"_links":{"self":[{"href":"https:\/\/www.oracaoefe.com\/es\/wp-json\/wp\/v2\/posts\/2722","targetHints":{"allow":["GET"]}}],"collection":[{"href":"https:\/\/www.oracaoefe.com\/es\/wp-json\/wp\/v2\/posts"}],"about":[{"href":"https:\/\/www.oracaoefe.com\/es\/wp-json\/wp\/v2\/types\/post"}],"author":[{"embeddable":true,"href":"https:\/\/www.oracaoefe.com\/es\/wp-json\/wp\/v2\/users\/3"}],"replies":[{"embeddable":true,"href":"https:\/\/www.oracaoefe.com\/es\/wp-json\/wp\/v2\/comments?post=2722"}],"version-history":[{"count":1,"href":"https:\/\/www.oracaoefe.com\/es\/wp-json\/wp\/v2\/posts\/2722\/revisions"}],"predecessor-version":[{"id":2724,"href":"https:\/\/www.oracaoefe.com\/es\/wp-json\/wp\/v2\/posts\/2722\/revisions\/2724"}],"wp:featuredmedia":[{"embeddable":true,"href":"https:\/\/www.oracaoefe.com\/es\/wp-json\/wp\/v2\/media\/2723"}],"wp:attachment":[{"href":"https:\/\/www.oracaoefe.com\/es\/wp-json\/wp\/v2\/media?parent=2722"}],"wp:term":[{"taxonomy":"category","embeddable":true,"href":"https:\/\/www.oracaoefe.com\/es\/wp-json\/wp\/v2\/categories?post=2722"},{"taxonomy":"post_tag","embeddable":true,"href":"https:\/\/www.oracaoefe.com\/es\/wp-json\/wp\/v2\/tags?post=2722"}],"curies":[{"name":"wp","href":"https:\/\/api.w.org\/{rel}","templated":true}]}}