{"id":2641,"date":"2024-03-19T21:32:33","date_gmt":"2024-03-20T00:32:33","guid":{"rendered":"https:\/\/www.oracaoefe.com\/?p=2641"},"modified":"2024-03-19T21:32:34","modified_gmt":"2024-03-20T00:32:34","slug":"rezar-puede-cambiarlo-todo-entienda-las-razones","status":"publish","type":"post","link":"https:\/\/www.oracaoefe.com\/es\/orar-pode-mudar-tudo-entenda-as-razoes-desse-fato\/","title":{"rendered":"Rezar puede cambiarlo todo; entienda las razones"},"content":{"rendered":"<p>La pr\u00e1ctica de la oraci\u00f3n es una constante en diversas tradiciones religiosas y espirituales de todo el mundo. Desde tiempos inmemoriales, la gente ha recurrido a la oraci\u00f3n en momentos de necesidad, gratitud, reflexi\u00f3n o simplemente para buscar una conexi\u00f3n m\u00e1s profunda con lo divino. Pero adem\u00e1s de ser una expresi\u00f3n de devoci\u00f3n o fe, la oraci\u00f3n tambi\u00e9n se ha asociado a cambios reales y tangibles en la vida de quienes la practican.&nbsp;<\/p>\n\n\n\n<h2 class=\"wp-block-heading\">La naturaleza de la oraci\u00f3n<\/h2>\n\n\n\n<p>Antes de adentrarnos en las razones por las que la oraci\u00f3n puede tener un impacto tan significativo, es importante comprender la naturaleza de esta pr\u00e1ctica. Rezar es mucho m\u00e1s que hacer peticiones o expresar gratitud. Implica una conexi\u00f3n profunda con el ser interior y lo divino, sea cual sea la forma que adopte esa divinidad para el practicante.<\/p>\n\n\n\n<h2 class=\"wp-block-heading\">Concentraci\u00f3n y claridad mental<\/h2>\n\n\n\n<p>Cuando nos dedicamos a rezar, estamos dirigiendo nuestra atenci\u00f3n a algo m\u00e1s grande que nosotros mismos. Este acto de centrar nuestros pensamientos e intenciones puede ayudarnos a despejar la mente y concentrar nuestras energ\u00edas en lo que realmente importa. En lugar de dejarnos llevar por el caos y la confusi\u00f3n del mundo exterior, la oraci\u00f3n nos permite encontrar un espacio de tranquilidad interior en el que podemos reflexionar y discernir con claridad.<\/p>\n\n\n\n<h2 class=\"wp-block-heading\">Expresi\u00f3n de intenciones<\/h2>\n\n\n\n<p>Muchas tradiciones espirituales ense\u00f1an que la oraci\u00f3n tiene el poder de manifestar nuestras intenciones en el mundo f\u00edsico. Al expresar nuestros deseos m\u00e1s profundos con sinceridad y convicci\u00f3n, estamos enviando un mensaje al universo sobre lo que realmente buscamos. Esta energ\u00eda dirigida puede, a su vez, atraer circunstancias y oportunidades que est\u00e9n alineadas con nuestros objetivos y aspiraciones.<\/p>\n\n\n\n<figure class=\"wp-block-image size-large\"><img loading=\"lazy\" decoding=\"async\" width=\"1024\" height=\"683\" src=\"https:\/\/www.oracaoefe.com\/wp-content\/uploads\/2024\/03\/image-1024x683.png\" alt=\"\" class=\"wp-image-2642\" srcset=\"https:\/\/www.oracaoefe.com\/wp-content\/uploads\/2024\/03\/image-1024x683.png 1024w, https:\/\/www.oracaoefe.com\/wp-content\/uploads\/2024\/03\/image-300x200.png 300w, https:\/\/www.oracaoefe.com\/wp-content\/uploads\/2024\/03\/image-768x512.png 768w, https:\/\/www.oracaoefe.com\/wp-content\/uploads\/2024\/03\/image-18x12.png 18w, https:\/\/www.oracaoefe.com\/wp-content\/uploads\/2024\/03\/image.png 1280w\" sizes=\"auto, (max-width: 1024px) 100vw, 1024px\" \/><\/figure>\n\n\n\n<h2 class=\"wp-block-heading\">Reforzar el sentido de comunidad<\/h2>\n\n\n\n<p>La oraci\u00f3n tiene tambi\u00e9n un aspecto social y comunitario muy importante. Cuando nos unimos en oraci\u00f3n con otros, no s\u00f3lo compartimos nuestras esperanzas y preocupaciones, sino tambi\u00e9n nuestra energ\u00eda e intenci\u00f3n colectivas. Este sentido de comunidad refuerza los lazos entre los practicantes y crea un entorno de apoyo mutuo, en el que todos se sienten respaldados y comprendidos.<\/p>\n\n\n\n<h2 class=\"wp-block-heading\">Alivio del estr\u00e9s y la ansiedad<\/h2>\n\n\n\n<p>En un mundo cada vez m\u00e1s fren\u00e9tico y exigente, la pr\u00e1ctica de la oraci\u00f3n puede ser un b\u00e1lsamo para el alma. Al tomarnos un tiempo para conectar con lo divino e interiorizarlo, nos damos permiso para relajarnos y liberar el estr\u00e9s acumulado. La oraci\u00f3n puede ser un refugio seguro en medio de las tormentas de la vida, un momento de paz y serenidad que nos ayuda a afrontar los retos con m\u00e1s equilibrio y confianza.<\/p>\n\n\n\n<h2 class=\"wp-block-heading\">Transformaci\u00f3n personal y espiritual<\/h2>\n\n\n\n<p>Uno de los aspectos m\u00e1s poderosos de la oraci\u00f3n es su potencial para provocar una profunda transformaci\u00f3n en nosotros mismos. Al abrirnos a la gu\u00eda e inspiraci\u00f3n divinas, estamos invitando al cambio en nuestras vidas, permiti\u00e9ndonos convertirnos en versiones mejores y m\u00e1s aut\u00e9nticas de lo que somos. Este proceso de crecimiento espiritual puede conducirnos a una comprensi\u00f3n m\u00e1s profunda de nuestro prop\u00f3sito y sentido de la vida, as\u00ed como a una mayor armon\u00eda con el universo que nos rodea.<\/p>\n\n\n\n<h2 class=\"wp-block-heading\">Una oraci\u00f3n puede cambiarlo todo<\/h2>\n\n\n\n<p>En \u00faltima instancia, el poder de la fe es el motor que mueve monta\u00f1as e impulsa el cambio en nuestras vidas. La oraci\u00f3n, como manifestaci\u00f3n de esta fe, tiene un poder transformador que trasciende las barreras del tiempo y el espacio.&nbsp;<\/p>\n\n\n\n<p>Al conectar con lo divino a trav\u00e9s de <a href=\"https:\/\/www.youversion.com\/the-bible-app\/\">oraci\u00f3n<\/a>Estamos abriendo puertas a infinitas posibilidades, guiados por la convicci\u00f3n de que, s\u00ed, la oraci\u00f3n puede cambiarlo todo. Que, por tanto, sigamos cultivando esta pr\u00e1ctica con confianza y devoci\u00f3n, sabiendo que siempre estamos rodeados del amor y la sabidur\u00eda divinos.<\/p>\n\n\n\n<p><strong>V\u00e9ase tambi\u00e9n: <a href=\"https:\/\/www.oracaoefe.com\/es\/oraciones-de-intercesion-como-rezar-por-los-demas-con-eficacia\/\">Oraciones de intercesi\u00f3n: c\u00f3mo rezar por los dem\u00e1s con eficacia<\/a><\/strong><\/p>\n\n\n\n<p>19 de marzo de 2024<\/p>","protected":false},"excerpt":{"rendered":"<p>A pr\u00e1tica da ora\u00e7\u00e3o \u00e9 uma constante em diversas tradi\u00e7\u00f5es religiosas e espirituais ao redor do mundo. Desde tempos imemoriais, as pessoas recorrem \u00e0 ora\u00e7\u00e3o em momentos de necessidade, gratid\u00e3o, reflex\u00e3o ou simplesmente para buscar uma conex\u00e3o mais profunda com o divino. Mas al\u00e9m de ser uma express\u00e3o de devo\u00e7\u00e3o ou f\u00e9, a ora\u00e7\u00e3o tamb\u00e9m&hellip;&nbsp;<\/p>","protected":false},"author":3,"featured_media":2642,"comment_status":"closed","ping_status":"closed","sticky":false,"template":"","format":"standard","meta":{"neve_meta_sidebar":"","neve_meta_container":"","neve_meta_enable_content_width":"","neve_meta_content_width":0,"neve_meta_title_alignment":"","neve_meta_author_avatar":"","neve_post_elements_order":"","neve_meta_disable_header":"","neve_meta_disable_footer":"","neve_meta_disable_title":"","footnotes":""},"categories":[1],"tags":[],"class_list":["post-2641","post","type-post","status-publish","format-standard","has-post-thumbnail","hentry","category-curiosidades"],"yoast_head":"<!-- This site is optimized with the Yoast SEO plugin v27.5 - https:\/\/yoast.com\/product\/yoast-seo-wordpress\/ -->\n<title>Orar pode mudar tudo; entenda as raz\u00f5es desse fato - Ora\u00e7\u00e3o e F\u00e9<\/title>\n<meta name=\"description\" content=\"Deus tem pra voc\u00ea uma palavra de vida!\" \/>\n<meta name=\"robots\" content=\"index, follow, max-snippet:-1, max-image-preview:large, max-video-preview:-1\" \/>\n<link rel=\"canonical\" href=\"https:\/\/www.oracaoefe.com\/es\/rezar-puede-cambiarlo-todo-entienda-las-razones\/\" \/>\n<meta property=\"og:locale\" content=\"es_ES\" \/>\n<meta property=\"og:type\" content=\"article\" \/>\n<meta property=\"og:title\" content=\"Orar pode mudar tudo; entenda as raz\u00f5es desse fato - Ora\u00e7\u00e3o e F\u00e9\" \/>\n<meta property=\"og:description\" content=\"Deus tem pra voc\u00ea uma palavra de vida!\" \/>\n<meta property=\"og:url\" content=\"https:\/\/www.oracaoefe.com\/es\/rezar-puede-cambiarlo-todo-entienda-las-razones\/\" \/>\n<meta property=\"og:site_name\" content=\"Ora\u00e7\u00e3o e F\u00e9\" \/>\n<meta property=\"article:published_time\" content=\"2024-03-20T00:32:33+00:00\" \/>\n<meta property=\"article:modified_time\" content=\"2024-03-20T00:32:34+00:00\" \/>\n<meta property=\"og:image\" content=\"https:\/\/www.oracaoefe.com\/wp-content\/uploads\/2024\/03\/image-1024x683.png\" \/>\n\t<meta property=\"og:image:width\" content=\"1024\" \/>\n\t<meta property=\"og:image:height\" content=\"683\" \/>\n\t<meta property=\"og:image:type\" content=\"image\/png\" \/>\n<meta name=\"author\" content=\"Michele Azevedo\" \/>\n<meta name=\"twitter:card\" content=\"summary_large_image\" \/>\n<meta name=\"twitter:label1\" content=\"Escrito por\" \/>\n\t<meta name=\"twitter:data1\" content=\"Michele Azevedo\" \/>\n\t<meta name=\"twitter:label2\" content=\"Tiempo de lectura\" \/>\n\t<meta name=\"twitter:data2\" content=\"3 minutos\" \/>\n<script type=\"application\/ld+json\" class=\"yoast-schema-graph\">{\"@context\":\"https:\\\/\\\/schema.org\",\"@graph\":[{\"@type\":\"Article\",\"@id\":\"https:\\\/\\\/www.oracaoefe.com\\\/orar-pode-mudar-tudo-entenda-as-razoes-desse-fato\\\/#article\",\"isPartOf\":{\"@id\":\"https:\\\/\\\/www.oracaoefe.com\\\/orar-pode-mudar-tudo-entenda-as-razoes-desse-fato\\\/\"},\"author\":{\"name\":\"Michele Azevedo\",\"@id\":\"https:\\\/\\\/www.oracaoefe.com\\\/#\\\/schema\\\/person\\\/17283c669442cf005c4d5bb58adfb7f5\"},\"headline\":\"Orar pode mudar tudo; entenda as raz\u00f5es desse fato\",\"datePublished\":\"2024-03-20T00:32:33+00:00\",\"dateModified\":\"2024-03-20T00:32:34+00:00\",\"mainEntityOfPage\":{\"@id\":\"https:\\\/\\\/www.oracaoefe.com\\\/orar-pode-mudar-tudo-entenda-as-razoes-desse-fato\\\/\"},\"wordCount\":693,\"image\":{\"@id\":\"https:\\\/\\\/www.oracaoefe.com\\\/orar-pode-mudar-tudo-entenda-as-razoes-desse-fato\\\/#primaryimage\"},\"thumbnailUrl\":\"https:\\\/\\\/www.oracaoefe.com\\\/wp-content\\\/uploads\\\/2024\\\/03\\\/image.png\",\"articleSection\":[\"Curiosidades\"],\"inLanguage\":\"es\"},{\"@type\":\"WebPage\",\"@id\":\"https:\\\/\\\/www.oracaoefe.com\\\/orar-pode-mudar-tudo-entenda-as-razoes-desse-fato\\\/\",\"url\":\"https:\\\/\\\/www.oracaoefe.com\\\/orar-pode-mudar-tudo-entenda-as-razoes-desse-fato\\\/\",\"name\":\"Orar pode mudar tudo; entenda as raz\u00f5es desse fato - Ora\u00e7\u00e3o e F\u00e9\",\"isPartOf\":{\"@id\":\"https:\\\/\\\/www.oracaoefe.com\\\/#website\"},\"primaryImageOfPage\":{\"@id\":\"https:\\\/\\\/www.oracaoefe.com\\\/orar-pode-mudar-tudo-entenda-as-razoes-desse-fato\\\/#primaryimage\"},\"image\":{\"@id\":\"https:\\\/\\\/www.oracaoefe.com\\\/orar-pode-mudar-tudo-entenda-as-razoes-desse-fato\\\/#primaryimage\"},\"thumbnailUrl\":\"https:\\\/\\\/www.oracaoefe.com\\\/wp-content\\\/uploads\\\/2024\\\/03\\\/image.png\",\"datePublished\":\"2024-03-20T00:32:33+00:00\",\"dateModified\":\"2024-03-20T00:32:34+00:00\",\"author\":{\"@id\":\"https:\\\/\\\/www.oracaoefe.com\\\/#\\\/schema\\\/person\\\/17283c669442cf005c4d5bb58adfb7f5\"},\"description\":\"Deus tem pra voc\u00ea uma palavra de vida!\",\"breadcrumb\":{\"@id\":\"https:\\\/\\\/www.oracaoefe.com\\\/orar-pode-mudar-tudo-entenda-as-razoes-desse-fato\\\/#breadcrumb\"},\"inLanguage\":\"es\",\"potentialAction\":[{\"@type\":\"ReadAction\",\"target\":[\"https:\\\/\\\/www.oracaoefe.com\\\/orar-pode-mudar-tudo-entenda-as-razoes-desse-fato\\\/\"]}]},{\"@type\":\"ImageObject\",\"inLanguage\":\"es\",\"@id\":\"https:\\\/\\\/www.oracaoefe.com\\\/orar-pode-mudar-tudo-entenda-as-razoes-desse-fato\\\/#primaryimage\",\"url\":\"https:\\\/\\\/www.oracaoefe.com\\\/wp-content\\\/uploads\\\/2024\\\/03\\\/image.png\",\"contentUrl\":\"https:\\\/\\\/www.oracaoefe.com\\\/wp-content\\\/uploads\\\/2024\\\/03\\\/image.png\",\"width\":1280,\"height\":854},{\"@type\":\"BreadcrumbList\",\"@id\":\"https:\\\/\\\/www.oracaoefe.com\\\/orar-pode-mudar-tudo-entenda-as-razoes-desse-fato\\\/#breadcrumb\",\"itemListElement\":[{\"@type\":\"ListItem\",\"position\":1,\"name\":\"Home\",\"item\":\"https:\\\/\\\/www.oracaoefe.com\\\/\"},{\"@type\":\"ListItem\",\"position\":2,\"name\":\"Curiosidades\",\"item\":\"https:\\\/\\\/www.oracaoefe.com\\\/es\\\/categoria\\\/curiosidades\\\/\"},{\"@type\":\"ListItem\",\"position\":3,\"name\":\"Orar pode mudar tudo; entenda as raz\u00f5es desse fato\"}]},{\"@type\":\"WebSite\",\"@id\":\"https:\\\/\\\/www.oracaoefe.com\\\/#website\",\"url\":\"https:\\\/\\\/www.oracaoefe.com\\\/\",\"name\":\"Ora\u00e7\u00e3o e F\u00e9\",\"description\":\"\",\"potentialAction\":[{\"@type\":\"SearchAction\",\"target\":{\"@type\":\"EntryPoint\",\"urlTemplate\":\"https:\\\/\\\/www.oracaoefe.com\\\/?s={search_term_string}\"},\"query-input\":{\"@type\":\"PropertyValueSpecification\",\"valueRequired\":true,\"valueName\":\"search_term_string\"}}],\"inLanguage\":\"es\"},{\"@type\":\"Person\",\"@id\":\"https:\\\/\\\/www.oracaoefe.com\\\/#\\\/schema\\\/person\\\/17283c669442cf005c4d5bb58adfb7f5\",\"name\":\"Michele Azevedo\",\"image\":{\"@type\":\"ImageObject\",\"inLanguage\":\"es\",\"@id\":\"https:\\\/\\\/secure.gravatar.com\\\/avatar\\\/6b0eb9d22841282815e2cd856a0061c45e1761cd54b22e952d98c4746939aa85?s=96&d=mm&r=g\",\"url\":\"https:\\\/\\\/secure.gravatar.com\\\/avatar\\\/6b0eb9d22841282815e2cd856a0061c45e1761cd54b22e952d98c4746939aa85?s=96&d=mm&r=g\",\"contentUrl\":\"https:\\\/\\\/secure.gravatar.com\\\/avatar\\\/6b0eb9d22841282815e2cd856a0061c45e1761cd54b22e952d98c4746939aa85?s=96&d=mm&r=g\",\"caption\":\"Michele Azevedo\"},\"description\":\"Formada em Letras - Portugu\u00eas\\\/ Ingl\u00eas pela UEPG, p\u00f3s-graduada em Arte na Educa\u00e7\u00e3o e Psicopedagogia Escolar, idealizadora do site Escritora de Sucesso, redatora e revisora dos conte\u00fados do Ora\u00e7\u00e3o e F\u00e9 com muita f\u00e9 e positividade.\",\"url\":\"https:\\\/\\\/www.oracaoefe.com\\\/es\\\/author\\\/michele-azevedo\\\/\"}]}<\/script>\n<!-- \/ Yoast SEO plugin. -->","yoast_head_json":{"title":"Rezar puede cambiarlo todo; entienda las razones - Oraci\u00f3n y fe","description":"\u00a1Dios tiene una palabra de vida para ti!","robots":{"index":"index","follow":"follow","max-snippet":"max-snippet:-1","max-image-preview":"max-image-preview:large","max-video-preview":"max-video-preview:-1"},"canonical":"https:\/\/www.oracaoefe.com\/es\/rezar-puede-cambiarlo-todo-entienda-las-razones\/","og_locale":"es_ES","og_type":"article","og_title":"Orar pode mudar tudo; entenda as raz\u00f5es desse fato - Ora\u00e7\u00e3o e F\u00e9","og_description":"Deus tem pra voc\u00ea uma palavra de vida!","og_url":"https:\/\/www.oracaoefe.com\/es\/rezar-puede-cambiarlo-todo-entienda-las-razones\/","og_site_name":"Ora\u00e7\u00e3o e F\u00e9","article_published_time":"2024-03-20T00:32:33+00:00","article_modified_time":"2024-03-20T00:32:34+00:00","og_image":[{"width":1024,"height":683,"url":"https:\/\/www.oracaoefe.com\/wp-content\/uploads\/2024\/03\/image-1024x683.png","type":"image\/png"}],"author":"Michele Azevedo","twitter_card":"summary_large_image","twitter_misc":{"Escrito por":"Michele Azevedo","Tiempo de lectura":"3 minutos"},"schema":{"@context":"https:\/\/schema.org","@graph":[{"@type":"Article","@id":"https:\/\/www.oracaoefe.com\/orar-pode-mudar-tudo-entenda-as-razoes-desse-fato\/#article","isPartOf":{"@id":"https:\/\/www.oracaoefe.com\/orar-pode-mudar-tudo-entenda-as-razoes-desse-fato\/"},"author":{"name":"Michele Azevedo","@id":"https:\/\/www.oracaoefe.com\/#\/schema\/person\/17283c669442cf005c4d5bb58adfb7f5"},"headline":"Orar pode mudar tudo; entenda as raz\u00f5es desse fato","datePublished":"2024-03-20T00:32:33+00:00","dateModified":"2024-03-20T00:32:34+00:00","mainEntityOfPage":{"@id":"https:\/\/www.oracaoefe.com\/orar-pode-mudar-tudo-entenda-as-razoes-desse-fato\/"},"wordCount":693,"image":{"@id":"https:\/\/www.oracaoefe.com\/orar-pode-mudar-tudo-entenda-as-razoes-desse-fato\/#primaryimage"},"thumbnailUrl":"https:\/\/www.oracaoefe.com\/wp-content\/uploads\/2024\/03\/image.png","articleSection":["Curiosidades"],"inLanguage":"es"},{"@type":"WebPage","@id":"https:\/\/www.oracaoefe.com\/orar-pode-mudar-tudo-entenda-as-razoes-desse-fato\/","url":"https:\/\/www.oracaoefe.com\/orar-pode-mudar-tudo-entenda-as-razoes-desse-fato\/","name":"Rezar puede cambiarlo todo; entienda las razones - Oraci\u00f3n y fe","isPartOf":{"@id":"https:\/\/www.oracaoefe.com\/#website"},"primaryImageOfPage":{"@id":"https:\/\/www.oracaoefe.com\/orar-pode-mudar-tudo-entenda-as-razoes-desse-fato\/#primaryimage"},"image":{"@id":"https:\/\/www.oracaoefe.com\/orar-pode-mudar-tudo-entenda-as-razoes-desse-fato\/#primaryimage"},"thumbnailUrl":"https:\/\/www.oracaoefe.com\/wp-content\/uploads\/2024\/03\/image.png","datePublished":"2024-03-20T00:32:33+00:00","dateModified":"2024-03-20T00:32:34+00:00","author":{"@id":"https:\/\/www.oracaoefe.com\/#\/schema\/person\/17283c669442cf005c4d5bb58adfb7f5"},"description":"\u00a1Dios tiene una palabra de vida para ti!","breadcrumb":{"@id":"https:\/\/www.oracaoefe.com\/orar-pode-mudar-tudo-entenda-as-razoes-desse-fato\/#breadcrumb"},"inLanguage":"es","potentialAction":[{"@type":"ReadAction","target":["https:\/\/www.oracaoefe.com\/orar-pode-mudar-tudo-entenda-as-razoes-desse-fato\/"]}]},{"@type":"ImageObject","inLanguage":"es","@id":"https:\/\/www.oracaoefe.com\/orar-pode-mudar-tudo-entenda-as-razoes-desse-fato\/#primaryimage","url":"https:\/\/www.oracaoefe.com\/wp-content\/uploads\/2024\/03\/image.png","contentUrl":"https:\/\/www.oracaoefe.com\/wp-content\/uploads\/2024\/03\/image.png","width":1280,"height":854},{"@type":"BreadcrumbList","@id":"https:\/\/www.oracaoefe.com\/orar-pode-mudar-tudo-entenda-as-razoes-desse-fato\/#breadcrumb","itemListElement":[{"@type":"ListItem","position":1,"name":"Home","item":"https:\/\/www.oracaoefe.com\/"},{"@type":"ListItem","position":2,"name":"Curiosidades","item":"https:\/\/www.oracaoefe.com\/es\/categoria\/curiosidades\/"},{"@type":"ListItem","position":3,"name":"Orar pode mudar tudo; entenda as raz\u00f5es desse fato"}]},{"@type":"WebSite","@id":"https:\/\/www.oracaoefe.com\/#website","url":"https:\/\/www.oracaoefe.com\/","name":"Oraci\u00f3n y fe","description":"","potentialAction":[{"@type":"SearchAction","target":{"@type":"EntryPoint","urlTemplate":"https:\/\/www.oracaoefe.com\/?s={search_term_string}"},"query-input":{"@type":"PropertyValueSpecification","valueRequired":true,"valueName":"search_term_string"}}],"inLanguage":"es"},{"@type":"Person","@id":"https:\/\/www.oracaoefe.com\/#\/schema\/person\/17283c669442cf005c4d5bb58adfb7f5","name":"Michele Azevedo","image":{"@type":"ImageObject","inLanguage":"es","@id":"https:\/\/secure.gravatar.com\/avatar\/6b0eb9d22841282815e2cd856a0061c45e1761cd54b22e952d98c4746939aa85?s=96&d=mm&r=g","url":"https:\/\/secure.gravatar.com\/avatar\/6b0eb9d22841282815e2cd856a0061c45e1761cd54b22e952d98c4746939aa85?s=96&d=mm&r=g","contentUrl":"https:\/\/secure.gravatar.com\/avatar\/6b0eb9d22841282815e2cd856a0061c45e1761cd54b22e952d98c4746939aa85?s=96&d=mm&r=g","caption":"Michele Azevedo"},"description":"Licenciada en Literatura Portuguesa\/Ingl\u00e9s por la UEPG, con posgrados en Arte en la Educaci\u00f3n y Psicopedagog\u00eda Escolar, es la creadora del sitio web Escritora de Sucesso, y escritora y editora de contenido para Ora\u00e7\u00e3o e F\u00e9 (Oraci\u00f3n y Fe) con gran fe y positividad.","url":"https:\/\/www.oracaoefe.com\/es\/author\/michele-azevedo\/"}]}},"_links":{"self":[{"href":"https:\/\/www.oracaoefe.com\/es\/wp-json\/wp\/v2\/posts\/2641","targetHints":{"allow":["GET"]}}],"collection":[{"href":"https:\/\/www.oracaoefe.com\/es\/wp-json\/wp\/v2\/posts"}],"about":[{"href":"https:\/\/www.oracaoefe.com\/es\/wp-json\/wp\/v2\/types\/post"}],"author":[{"embeddable":true,"href":"https:\/\/www.oracaoefe.com\/es\/wp-json\/wp\/v2\/users\/3"}],"replies":[{"embeddable":true,"href":"https:\/\/www.oracaoefe.com\/es\/wp-json\/wp\/v2\/comments?post=2641"}],"version-history":[{"count":1,"href":"https:\/\/www.oracaoefe.com\/es\/wp-json\/wp\/v2\/posts\/2641\/revisions"}],"predecessor-version":[{"id":2643,"href":"https:\/\/www.oracaoefe.com\/es\/wp-json\/wp\/v2\/posts\/2641\/revisions\/2643"}],"wp:featuredmedia":[{"embeddable":true,"href":"https:\/\/www.oracaoefe.com\/es\/wp-json\/wp\/v2\/media\/2642"}],"wp:attachment":[{"href":"https:\/\/www.oracaoefe.com\/es\/wp-json\/wp\/v2\/media?parent=2641"}],"wp:term":[{"taxonomy":"category","embeddable":true,"href":"https:\/\/www.oracaoefe.com\/es\/wp-json\/wp\/v2\/categories?post=2641"},{"taxonomy":"post_tag","embeddable":true,"href":"https:\/\/www.oracaoefe.com\/es\/wp-json\/wp\/v2\/tags?post=2641"}],"curies":[{"name":"wp","href":"https:\/\/api.w.org\/{rel}","templated":true}]}}