{"id":2577,"date":"2024-03-04T01:01:00","date_gmt":"2024-03-04T04:01:00","guid":{"rendered":"https:\/\/www.oracaoefe.com\/?p=2577"},"modified":"2024-02-18T20:11:09","modified_gmt":"2024-02-18T23:11:09","slug":"como-la-fe-nos-prepara-para-los-retos-de-la-vida","status":"publish","type":"post","link":"https:\/\/www.oracaoefe.com\/es\/como-a-fe-nos-prepara-para-os-desafios-da-vida\/","title":{"rendered":"C\u00f3mo la fe nos prepara para los retos de la vida"},"content":{"rendered":"<p>La vida es un viaje lleno de altibajos, en el que cada reto supone una oportunidad para crecer y aprender. Sin embargo, enfrentarse a estos obst\u00e1culos puede ser desalentador y a veces abrumador. Aqu\u00ed es donde la fe se convierte en un ancla, ofreciendo no s\u00f3lo consuelo, sino tambi\u00e9n la fuerza y la resistencia necesarias para superar la adversidad.&nbsp;<\/p>\n\n\n\n<h2 class=\"wp-block-heading\">C\u00f3mo la fe nos prepara para los retos de la vida<\/h2>\n\n\n\n<p>La fe, ya est\u00e9 anclada en creencias religiosas o espirituales, o incluso en profundas convicciones personales, surge como una br\u00fajula esencial en esta b\u00fasqueda. No s\u00f3lo ilumina el camino en tiempos de oscuridad, sino que tambi\u00e9n nos fortalece, dot\u00e1ndonos de la resistencia necesaria para afrontar las tormentas de la vida.<\/p>\n\n\n\n<h3 class=\"wp-block-heading\">Los cimientos de la resiliencia<\/h3>\n\n\n\n<p>La fe, ya sea espiritual, religiosa o una creencia profunda en los valores personales, act\u00faa como base de la resiliencia. En tiempos de crisis o dificultades, la fe ofrece una br\u00fajula moral y emocional que gu\u00eda a las personas a trav\u00e9s de las tormentas. Ense\u00f1a paciencia, perseverancia y aceptaci\u00f3n, mostrando que incluso en la adversidad hay valiosas lecciones que aprender y fortalezas que descubrir.<\/p>\n\n\n\n<h3 class=\"wp-block-heading\">Fuente de consuelo y esperanza<\/h3>\n\n\n\n<p>Uno de los aspectos m\u00e1s poderosos de la fe es su capacidad para ofrecer consuelo y esperanza. Saber que no estamos solos en nuestras luchas y que existe una fuerza o un prop\u00f3sito mayor m\u00e1s all\u00e1 de nuestra comprensi\u00f3n inmediata puede ser profundamente consolador. La fe nos anima a mirar m\u00e1s all\u00e1 de nuestras circunstancias actuales y a aferrarnos a la esperanza de que vendr\u00e1n d\u00edas mejores.<\/p>\n\n\n\n<figure class=\"wp-block-image size-large\"><img loading=\"lazy\" decoding=\"async\" width=\"1024\" height=\"580\" src=\"https:\/\/www.oracaoefe.com\/wp-content\/uploads\/2024\/02\/image-6-1024x580.png\" alt=\"\" class=\"wp-image-2597\" srcset=\"https:\/\/www.oracaoefe.com\/wp-content\/uploads\/2024\/02\/image-6-1024x580.png 1024w, https:\/\/www.oracaoefe.com\/wp-content\/uploads\/2024\/02\/image-6-300x170.png 300w, https:\/\/www.oracaoefe.com\/wp-content\/uploads\/2024\/02\/image-6-768x435.png 768w, https:\/\/www.oracaoefe.com\/wp-content\/uploads\/2024\/02\/image-6-18x10.png 18w, https:\/\/www.oracaoefe.com\/wp-content\/uploads\/2024\/02\/image-6.png 1280w\" sizes=\"auto, (max-width: 1024px) 100vw, 1024px\" \/><\/figure>\n\n\n\n<h3 class=\"wp-block-heading\">Reforzar las relaciones comunitarias<\/h3>\n\n\n\n<p>La fe nos conecta a menudo con una comunidad de personas que comparten creencias y valores similares. Estas comunidades proporcionan apoyo emocional, espiritual y a veces f\u00edsico en momentos dif\u00edciles. El sentido de pertenencia y el apoyo mutuo que encontramos en estas comunidades pueden ser inestimables, especialmente cuando nos enfrentamos a retos que parecen insuperables.<\/p>\n\n\n\n<h3 class=\"wp-block-heading\">Fomentar el altruismo y la empat\u00eda<\/h3>\n\n\n\n<p>Adem\u00e1s de prepararnos internamente para los retos, la fe tambi\u00e9n fomenta el altruismo y la empat\u00eda. Nos ense\u00f1a a mirar fuera de nosotros mismos, a servir a los dem\u00e1s y a tender la mano a los necesitados. Al hacerlo, no s\u00f3lo ayudamos a los dem\u00e1s, sino que tambi\u00e9n adquirimos una perspectiva y un prop\u00f3sito mayores, lo que puede ser muy fortalecedor ante las dificultades personales.<\/p>\n\n\n\n<h3 class=\"wp-block-heading\">Encontrar sentido a los retos<\/h3>\n\n\n\n<p>Uno de los aspectos m\u00e1s transformadores de la fe es su capacidad para ayudarnos a encontrar sentido a los retos. En lugar de ver la adversidad como un castigo o una desgracia sin sentido, la fe puede ayudarnos a ver estos momentos como oportunidades de crecimiento espiritual, personal y emocional. Este replanteamiento puede cambiar radicalmente nuestra experiencia del sufrimiento, transformando el dolor en un camino hacia la profundidad y el enriquecimiento vital.<\/p>\n\n\n\n<h3 class=\"wp-block-heading\">Cultivar la paz interior<\/h3>\n\n\n\n<p>Por \u00faltimo, la fe nos ense\u00f1a a cultivar la paz interior, incluso frente a la tormenta exterior. Mediante la oraci\u00f3n, la meditaci\u00f3n, la reflexi\u00f3n o simplemente manteni\u00e9ndonos firmes en nuestras creencias, podemos encontrar una sensaci\u00f3n de calma y claridad. Esta paz interior nos permite afrontar los retos con una mente m\u00e1s equilibrada y un coraz\u00f3n m\u00e1s abierto, aumentando nuestra capacidad para sortear las dificultades con gracia y determinaci\u00f3n.<\/p>\n\n\n\n<h2 class=\"wp-block-heading\">Una herramienta de poder<\/h2>\n\n\n\n<p>La fe, en sus m\u00faltiples formas, es una poderosa herramienta para preparar y fortalecer a las personas ante los retos de la vida. Ofrece consuelo, esperanza, conexi\u00f3n con la comunidad, fomenta el altruismo, ayuda a encontrar sentido a la adversidad y cultiva la paz interior.&nbsp;<\/p>\n\n\n\n<p>Al abrazar la fe, no s\u00f3lo podemos sobrevivir a los tiempos dif\u00edciles, sino tambi\u00e9n salir de ellos m\u00e1s fuertes, m\u00e1s sabios y m\u00e1s compasivos. En \u00faltima instancia, la fe nos equipa no s\u00f3lo para afrontar los retos de la vida, sino para convertirlos en oportunidades de crecimiento profundo y duradero.<\/p>\n\n\n\n<p><strong>V\u00e9ase tambi\u00e9n: <a href=\"https:\/\/www.oracaoefe.com\/es\/efectos-beneficiosos-de-la-fe-demostrados-por-estudios-ver-mas\/\">Efectos beneficiosos de la fe demostrados por estudios; ver m\u00e1s<\/a><\/strong><\/p>\n\n\n\n<p>4 de marzo de 2024<\/p>","protected":false},"excerpt":{"rendered":"<p>A vida \u00e9 uma jornada repleta de altos e baixos, onde cada desafio apresenta uma oportunidade para crescimento e aprendizado. No entanto, enfrentar esses obst\u00e1culos pode ser intimidador e, \u00e0s vezes, esmagador. \u00c9 aqui que a f\u00e9 se torna uma \u00e2ncora, oferecendo n\u00e3o apenas conforto, mas tamb\u00e9m a for\u00e7a e a resili\u00eancia necess\u00e1rias para superar&hellip;&nbsp;<\/p>","protected":false},"author":3,"featured_media":2597,"comment_status":"closed","ping_status":"closed","sticky":false,"template":"","format":"standard","meta":{"neve_meta_sidebar":"","neve_meta_container":"","neve_meta_enable_content_width":"","neve_meta_content_width":0,"neve_meta_title_alignment":"","neve_meta_author_avatar":"","neve_post_elements_order":"","neve_meta_disable_header":"","neve_meta_disable_footer":"","neve_meta_disable_title":"","footnotes":""},"categories":[3],"tags":[],"class_list":["post-2577","post","type-post","status-publish","format-standard","has-post-thumbnail","hentry","category-fe"],"yoast_head":"<!-- This site is optimized with the Yoast SEO plugin v27.5 - https:\/\/yoast.com\/product\/yoast-seo-wordpress\/ -->\n<title>Como a F\u00e9 nos Prepara para os Desafios da Vida - Ora\u00e7\u00e3o e F\u00e9<\/title>\n<meta name=\"description\" content=\"Deus tem pra voc\u00ea uma palavra de vida!\" \/>\n<meta name=\"robots\" content=\"index, follow, max-snippet:-1, max-image-preview:large, max-video-preview:-1\" \/>\n<link rel=\"canonical\" href=\"https:\/\/www.oracaoefe.com\/es\/como-la-fe-nos-prepara-para-los-retos-de-la-vida\/\" \/>\n<meta property=\"og:locale\" content=\"es_ES\" \/>\n<meta property=\"og:type\" content=\"article\" \/>\n<meta property=\"og:title\" content=\"Como a F\u00e9 nos Prepara para os Desafios da Vida - Ora\u00e7\u00e3o e F\u00e9\" \/>\n<meta property=\"og:description\" content=\"Deus tem pra voc\u00ea uma palavra de vida!\" \/>\n<meta property=\"og:url\" content=\"https:\/\/www.oracaoefe.com\/es\/como-la-fe-nos-prepara-para-los-retos-de-la-vida\/\" \/>\n<meta property=\"og:site_name\" content=\"Ora\u00e7\u00e3o e F\u00e9\" \/>\n<meta property=\"article:published_time\" content=\"2024-03-04T04:01:00+00:00\" \/>\n<meta property=\"og:image\" content=\"https:\/\/www.oracaoefe.com\/wp-content\/uploads\/2024\/02\/image-6.png\" \/>\n\t<meta property=\"og:image:width\" content=\"1280\" \/>\n\t<meta property=\"og:image:height\" content=\"725\" \/>\n\t<meta property=\"og:image:type\" content=\"image\/png\" \/>\n<meta name=\"author\" content=\"Michele Azevedo\" \/>\n<meta name=\"twitter:card\" content=\"summary_large_image\" \/>\n<meta name=\"twitter:label1\" content=\"Escrito por\" \/>\n\t<meta name=\"twitter:data1\" content=\"Michele Azevedo\" \/>\n\t<meta name=\"twitter:label2\" content=\"Tiempo de lectura\" \/>\n\t<meta name=\"twitter:data2\" content=\"4 minutos\" \/>\n<script type=\"application\/ld+json\" class=\"yoast-schema-graph\">{\"@context\":\"https:\\\/\\\/schema.org\",\"@graph\":[{\"@type\":\"Article\",\"@id\":\"https:\\\/\\\/www.oracaoefe.com\\\/como-a-fe-nos-prepara-para-os-desafios-da-vida\\\/#article\",\"isPartOf\":{\"@id\":\"https:\\\/\\\/www.oracaoefe.com\\\/como-a-fe-nos-prepara-para-os-desafios-da-vida\\\/\"},\"author\":{\"name\":\"Michele Azevedo\",\"@id\":\"https:\\\/\\\/www.oracaoefe.com\\\/#\\\/schema\\\/person\\\/17283c669442cf005c4d5bb58adfb7f5\"},\"headline\":\"Como a F\u00e9 nos Prepara para os Desafios da Vida\",\"datePublished\":\"2024-03-04T04:01:00+00:00\",\"mainEntityOfPage\":{\"@id\":\"https:\\\/\\\/www.oracaoefe.com\\\/como-a-fe-nos-prepara-para-os-desafios-da-vida\\\/\"},\"wordCount\":720,\"image\":{\"@id\":\"https:\\\/\\\/www.oracaoefe.com\\\/como-a-fe-nos-prepara-para-os-desafios-da-vida\\\/#primaryimage\"},\"thumbnailUrl\":\"https:\\\/\\\/www.oracaoefe.com\\\/wp-content\\\/uploads\\\/2024\\\/02\\\/image-6.png\",\"articleSection\":[\"F\u00e9\"],\"inLanguage\":\"es\"},{\"@type\":\"WebPage\",\"@id\":\"https:\\\/\\\/www.oracaoefe.com\\\/como-a-fe-nos-prepara-para-os-desafios-da-vida\\\/\",\"url\":\"https:\\\/\\\/www.oracaoefe.com\\\/como-a-fe-nos-prepara-para-os-desafios-da-vida\\\/\",\"name\":\"Como a F\u00e9 nos Prepara para os Desafios da Vida - Ora\u00e7\u00e3o e F\u00e9\",\"isPartOf\":{\"@id\":\"https:\\\/\\\/www.oracaoefe.com\\\/#website\"},\"primaryImageOfPage\":{\"@id\":\"https:\\\/\\\/www.oracaoefe.com\\\/como-a-fe-nos-prepara-para-os-desafios-da-vida\\\/#primaryimage\"},\"image\":{\"@id\":\"https:\\\/\\\/www.oracaoefe.com\\\/como-a-fe-nos-prepara-para-os-desafios-da-vida\\\/#primaryimage\"},\"thumbnailUrl\":\"https:\\\/\\\/www.oracaoefe.com\\\/wp-content\\\/uploads\\\/2024\\\/02\\\/image-6.png\",\"datePublished\":\"2024-03-04T04:01:00+00:00\",\"author\":{\"@id\":\"https:\\\/\\\/www.oracaoefe.com\\\/#\\\/schema\\\/person\\\/17283c669442cf005c4d5bb58adfb7f5\"},\"description\":\"Deus tem pra voc\u00ea uma palavra de vida!\",\"breadcrumb\":{\"@id\":\"https:\\\/\\\/www.oracaoefe.com\\\/como-a-fe-nos-prepara-para-os-desafios-da-vida\\\/#breadcrumb\"},\"inLanguage\":\"es\",\"potentialAction\":[{\"@type\":\"ReadAction\",\"target\":[\"https:\\\/\\\/www.oracaoefe.com\\\/como-a-fe-nos-prepara-para-os-desafios-da-vida\\\/\"]}]},{\"@type\":\"ImageObject\",\"inLanguage\":\"es\",\"@id\":\"https:\\\/\\\/www.oracaoefe.com\\\/como-a-fe-nos-prepara-para-os-desafios-da-vida\\\/#primaryimage\",\"url\":\"https:\\\/\\\/www.oracaoefe.com\\\/wp-content\\\/uploads\\\/2024\\\/02\\\/image-6.png\",\"contentUrl\":\"https:\\\/\\\/www.oracaoefe.com\\\/wp-content\\\/uploads\\\/2024\\\/02\\\/image-6.png\",\"width\":1280,\"height\":725},{\"@type\":\"BreadcrumbList\",\"@id\":\"https:\\\/\\\/www.oracaoefe.com\\\/como-a-fe-nos-prepara-para-os-desafios-da-vida\\\/#breadcrumb\",\"itemListElement\":[{\"@type\":\"ListItem\",\"position\":1,\"name\":\"Home\",\"item\":\"https:\\\/\\\/www.oracaoefe.com\\\/\"},{\"@type\":\"ListItem\",\"position\":2,\"name\":\"F\u00e9\",\"item\":\"https:\\\/\\\/www.oracaoefe.com\\\/es\\\/categoria\\\/fe\\\/\"},{\"@type\":\"ListItem\",\"position\":3,\"name\":\"Como a F\u00e9 nos Prepara para os Desafios da Vida\"}]},{\"@type\":\"WebSite\",\"@id\":\"https:\\\/\\\/www.oracaoefe.com\\\/#website\",\"url\":\"https:\\\/\\\/www.oracaoefe.com\\\/\",\"name\":\"Ora\u00e7\u00e3o e F\u00e9\",\"description\":\"\",\"potentialAction\":[{\"@type\":\"SearchAction\",\"target\":{\"@type\":\"EntryPoint\",\"urlTemplate\":\"https:\\\/\\\/www.oracaoefe.com\\\/?s={search_term_string}\"},\"query-input\":{\"@type\":\"PropertyValueSpecification\",\"valueRequired\":true,\"valueName\":\"search_term_string\"}}],\"inLanguage\":\"es\"},{\"@type\":\"Person\",\"@id\":\"https:\\\/\\\/www.oracaoefe.com\\\/#\\\/schema\\\/person\\\/17283c669442cf005c4d5bb58adfb7f5\",\"name\":\"Michele Azevedo\",\"image\":{\"@type\":\"ImageObject\",\"inLanguage\":\"es\",\"@id\":\"https:\\\/\\\/secure.gravatar.com\\\/avatar\\\/6b0eb9d22841282815e2cd856a0061c45e1761cd54b22e952d98c4746939aa85?s=96&d=mm&r=g\",\"url\":\"https:\\\/\\\/secure.gravatar.com\\\/avatar\\\/6b0eb9d22841282815e2cd856a0061c45e1761cd54b22e952d98c4746939aa85?s=96&d=mm&r=g\",\"contentUrl\":\"https:\\\/\\\/secure.gravatar.com\\\/avatar\\\/6b0eb9d22841282815e2cd856a0061c45e1761cd54b22e952d98c4746939aa85?s=96&d=mm&r=g\",\"caption\":\"Michele Azevedo\"},\"description\":\"Formada em Letras - Portugu\u00eas\\\/ Ingl\u00eas pela UEPG, p\u00f3s-graduada em Arte na Educa\u00e7\u00e3o e Psicopedagogia Escolar, idealizadora do site Escritora de Sucesso, redatora e revisora dos conte\u00fados do Ora\u00e7\u00e3o e F\u00e9 com muita f\u00e9 e positividade.\",\"url\":\"https:\\\/\\\/www.oracaoefe.com\\\/es\\\/author\\\/michele-azevedo\\\/\"}]}<\/script>\n<!-- \/ Yoast SEO plugin. -->","yoast_head_json":{"title":"C\u00f3mo la fe nos prepara para los retos de la vida - Oraci\u00f3n y fe","description":"\u00a1Dios tiene una palabra de vida para ti!","robots":{"index":"index","follow":"follow","max-snippet":"max-snippet:-1","max-image-preview":"max-image-preview:large","max-video-preview":"max-video-preview:-1"},"canonical":"https:\/\/www.oracaoefe.com\/es\/como-la-fe-nos-prepara-para-los-retos-de-la-vida\/","og_locale":"es_ES","og_type":"article","og_title":"Como a F\u00e9 nos Prepara para os Desafios da Vida - Ora\u00e7\u00e3o e F\u00e9","og_description":"Deus tem pra voc\u00ea uma palavra de vida!","og_url":"https:\/\/www.oracaoefe.com\/es\/como-la-fe-nos-prepara-para-los-retos-de-la-vida\/","og_site_name":"Ora\u00e7\u00e3o e F\u00e9","article_published_time":"2024-03-04T04:01:00+00:00","og_image":[{"width":1280,"height":725,"url":"https:\/\/www.oracaoefe.com\/wp-content\/uploads\/2024\/02\/image-6.png","type":"image\/png"}],"author":"Michele Azevedo","twitter_card":"summary_large_image","twitter_misc":{"Escrito por":"Michele Azevedo","Tiempo de lectura":"4 minutos"},"schema":{"@context":"https:\/\/schema.org","@graph":[{"@type":"Article","@id":"https:\/\/www.oracaoefe.com\/como-a-fe-nos-prepara-para-os-desafios-da-vida\/#article","isPartOf":{"@id":"https:\/\/www.oracaoefe.com\/como-a-fe-nos-prepara-para-os-desafios-da-vida\/"},"author":{"name":"Michele Azevedo","@id":"https:\/\/www.oracaoefe.com\/#\/schema\/person\/17283c669442cf005c4d5bb58adfb7f5"},"headline":"Como a F\u00e9 nos Prepara para os Desafios da Vida","datePublished":"2024-03-04T04:01:00+00:00","mainEntityOfPage":{"@id":"https:\/\/www.oracaoefe.com\/como-a-fe-nos-prepara-para-os-desafios-da-vida\/"},"wordCount":720,"image":{"@id":"https:\/\/www.oracaoefe.com\/como-a-fe-nos-prepara-para-os-desafios-da-vida\/#primaryimage"},"thumbnailUrl":"https:\/\/www.oracaoefe.com\/wp-content\/uploads\/2024\/02\/image-6.png","articleSection":["F\u00e9"],"inLanguage":"es"},{"@type":"WebPage","@id":"https:\/\/www.oracaoefe.com\/como-a-fe-nos-prepara-para-os-desafios-da-vida\/","url":"https:\/\/www.oracaoefe.com\/como-a-fe-nos-prepara-para-os-desafios-da-vida\/","name":"C\u00f3mo la fe nos prepara para los retos de la vida - Oraci\u00f3n y fe","isPartOf":{"@id":"https:\/\/www.oracaoefe.com\/#website"},"primaryImageOfPage":{"@id":"https:\/\/www.oracaoefe.com\/como-a-fe-nos-prepara-para-os-desafios-da-vida\/#primaryimage"},"image":{"@id":"https:\/\/www.oracaoefe.com\/como-a-fe-nos-prepara-para-os-desafios-da-vida\/#primaryimage"},"thumbnailUrl":"https:\/\/www.oracaoefe.com\/wp-content\/uploads\/2024\/02\/image-6.png","datePublished":"2024-03-04T04:01:00+00:00","author":{"@id":"https:\/\/www.oracaoefe.com\/#\/schema\/person\/17283c669442cf005c4d5bb58adfb7f5"},"description":"\u00a1Dios tiene una palabra de vida para ti!","breadcrumb":{"@id":"https:\/\/www.oracaoefe.com\/como-a-fe-nos-prepara-para-os-desafios-da-vida\/#breadcrumb"},"inLanguage":"es","potentialAction":[{"@type":"ReadAction","target":["https:\/\/www.oracaoefe.com\/como-a-fe-nos-prepara-para-os-desafios-da-vida\/"]}]},{"@type":"ImageObject","inLanguage":"es","@id":"https:\/\/www.oracaoefe.com\/como-a-fe-nos-prepara-para-os-desafios-da-vida\/#primaryimage","url":"https:\/\/www.oracaoefe.com\/wp-content\/uploads\/2024\/02\/image-6.png","contentUrl":"https:\/\/www.oracaoefe.com\/wp-content\/uploads\/2024\/02\/image-6.png","width":1280,"height":725},{"@type":"BreadcrumbList","@id":"https:\/\/www.oracaoefe.com\/como-a-fe-nos-prepara-para-os-desafios-da-vida\/#breadcrumb","itemListElement":[{"@type":"ListItem","position":1,"name":"Home","item":"https:\/\/www.oracaoefe.com\/"},{"@type":"ListItem","position":2,"name":"F\u00e9","item":"https:\/\/www.oracaoefe.com\/es\/categoria\/fe\/"},{"@type":"ListItem","position":3,"name":"Como a F\u00e9 nos Prepara para os Desafios da Vida"}]},{"@type":"WebSite","@id":"https:\/\/www.oracaoefe.com\/#website","url":"https:\/\/www.oracaoefe.com\/","name":"Oraci\u00f3n y fe","description":"","potentialAction":[{"@type":"SearchAction","target":{"@type":"EntryPoint","urlTemplate":"https:\/\/www.oracaoefe.com\/?s={search_term_string}"},"query-input":{"@type":"PropertyValueSpecification","valueRequired":true,"valueName":"search_term_string"}}],"inLanguage":"es"},{"@type":"Person","@id":"https:\/\/www.oracaoefe.com\/#\/schema\/person\/17283c669442cf005c4d5bb58adfb7f5","name":"Michele Azevedo","image":{"@type":"ImageObject","inLanguage":"es","@id":"https:\/\/secure.gravatar.com\/avatar\/6b0eb9d22841282815e2cd856a0061c45e1761cd54b22e952d98c4746939aa85?s=96&d=mm&r=g","url":"https:\/\/secure.gravatar.com\/avatar\/6b0eb9d22841282815e2cd856a0061c45e1761cd54b22e952d98c4746939aa85?s=96&d=mm&r=g","contentUrl":"https:\/\/secure.gravatar.com\/avatar\/6b0eb9d22841282815e2cd856a0061c45e1761cd54b22e952d98c4746939aa85?s=96&d=mm&r=g","caption":"Michele Azevedo"},"description":"Licenciada en Literatura Portuguesa\/Ingl\u00e9s por la UEPG, con posgrados en Arte en la Educaci\u00f3n y Psicopedagog\u00eda Escolar, es la creadora del sitio web Escritora de Sucesso, y escritora y editora de contenido para Ora\u00e7\u00e3o e F\u00e9 (Oraci\u00f3n y Fe) con gran fe y positividad.","url":"https:\/\/www.oracaoefe.com\/es\/author\/michele-azevedo\/"}]}},"_links":{"self":[{"href":"https:\/\/www.oracaoefe.com\/es\/wp-json\/wp\/v2\/posts\/2577","targetHints":{"allow":["GET"]}}],"collection":[{"href":"https:\/\/www.oracaoefe.com\/es\/wp-json\/wp\/v2\/posts"}],"about":[{"href":"https:\/\/www.oracaoefe.com\/es\/wp-json\/wp\/v2\/types\/post"}],"author":[{"embeddable":true,"href":"https:\/\/www.oracaoefe.com\/es\/wp-json\/wp\/v2\/users\/3"}],"replies":[{"embeddable":true,"href":"https:\/\/www.oracaoefe.com\/es\/wp-json\/wp\/v2\/comments?post=2577"}],"version-history":[{"count":2,"href":"https:\/\/www.oracaoefe.com\/es\/wp-json\/wp\/v2\/posts\/2577\/revisions"}],"predecessor-version":[{"id":2598,"href":"https:\/\/www.oracaoefe.com\/es\/wp-json\/wp\/v2\/posts\/2577\/revisions\/2598"}],"wp:featuredmedia":[{"embeddable":true,"href":"https:\/\/www.oracaoefe.com\/es\/wp-json\/wp\/v2\/media\/2597"}],"wp:attachment":[{"href":"https:\/\/www.oracaoefe.com\/es\/wp-json\/wp\/v2\/media?parent=2577"}],"wp:term":[{"taxonomy":"category","embeddable":true,"href":"https:\/\/www.oracaoefe.com\/es\/wp-json\/wp\/v2\/categories?post=2577"},{"taxonomy":"post_tag","embeddable":true,"href":"https:\/\/www.oracaoefe.com\/es\/wp-json\/wp\/v2\/tags?post=2577"}],"curies":[{"name":"wp","href":"https:\/\/api.w.org\/{rel}","templated":true}]}}