{"id":251,"date":"2022-09-24T19:22:32","date_gmt":"2022-09-24T22:22:32","guid":{"rendered":"https:\/\/www.oracaoefe.com\/?p=251"},"modified":"2022-09-25T16:39:44","modified_gmt":"2022-09-25T19:39:44","slug":"fe-esperanza-y-caridad-virtudes-teologicas","status":"publish","type":"post","link":"https:\/\/www.oracaoefe.com\/es\/fe-esperanca-e-caridade-virtudes-teologais\/","title":{"rendered":"Fe, esperanza y caridad: virtudes teologales"},"content":{"rendered":"<div class=\"wp-block-post-date\"><time datetime=\"2022-09-24T19:22:32-03:00\">24 de septiembre de 2022<\/time><\/div>\n\n\n<p>La fe, la esperanza y la caridad son s\u00f3lo algunas de las virtudes que el hombre debe cultivar para ser considerado bueno y digno.<\/p>\n\n\n\n<p>En primer lugar, intentemos aclarar qu\u00e9 es una virtud. Para ello, nada mejor que acudir al Catecismo de la Iglesia cat\u00f3lica, seg\u00fan el cual la virtud es una disposici\u00f3n habitual y firme a hacer el bien. Por tanto, podemos considerar virtudes todos aquellos aspectos del temperamento humano que conducen a la realizaci\u00f3n de buenas acciones, pero no s\u00f3lo ellas. Las virtudes son la mejor parte de nosotros mismos, aquellos componentes de nuestro ser que nos permiten dar lo mejor en cada situaci\u00f3n.<\/p>\n\n\n\n<h2 class=\"wp-block-heading\">Despu\u00e9s de todo, \u00bfqu\u00e9 son las virtudes teologales?<\/h2>\n\n\n\n<p>Esta tendencia a la bondad se traduce en una tensi\u00f3n en relaci\u00f3n con Dios. El que practica las virtudes aspira a asemejarse lo m\u00e1s posible a \u00c9l.<\/p>\n\n\n\n<p>A lo largo de los siglos, los hombres han intentado codificar las virtudes de diferentes maneras.<\/p>\n\n\n\n<p>Los antiguos griegos inclu\u00edan en Aret\u00e9 la totalidad de las virtudes humanas, entre las que figuraban la fortaleza, el vigor moral y el porte f\u00edsico. Quien la poseyera podr\u00eda utilizar todos sus talentos. Plat\u00f3n, en el texto La Rep\u00fablica, enumera ya las que ser\u00edan para los cristianos las cuatro virtudes cardinales, es decir, aquellas capaces de ejercer el control en la parte racional del alma sobre las pasiones: templanza, valor, sabidur\u00eda, justicia.<\/p>\n\n\n\n<p>Para los romanos, la virtud era la disposici\u00f3n del alma hacia el bien, hacia la realizaci\u00f3n \u00f3ptima de acciones y modos de ser. El hombre romano virtuoso intenta hacerlo lo mejor posible y ser lo m\u00e1s perfecto posible con sus propios talentos y disposiciones naturales.<\/p>\n\n\n\n<p>Los fil\u00f3sofos de cada \u00e9poca elaboraron sus interpretaciones de las virtudes, con la consiguiente codificaci\u00f3n de la vida y de la actitud del hombre ante el mundo.<\/p>\n\n\n\n<p>En este contexto nos limitaremos a hablar de virtudes desde el punto de vista cristiano, entendiendo por tales todas aquellas actitudes y disposiciones del alma que regulan la acci\u00f3n humana, ordenando las pasiones, determinando la conducta, impulsando al hombre a llevar una vida moralmente digna. Quien persigue las virtudes, persigue el bien, consciente y determinado por su voluntad.<\/p>\n\n\n\n<p>La b\u00fasqueda de las virtudes conduce al hombre a la comuni\u00f3n con Dios.<\/p>\n\n\n\n<h3 class=\"wp-block-heading\">Virtudes cardinales<\/h3>\n\n\n\n<p>Las virtudes cardinales son aquellas que podemos considerar como la base de la excelencia del ser humano. Su propio nombre nos sugiere hasta qu\u00e9 punto son los pilares en torno a los cuales descansa la naturaleza del hombre virtuoso. Son :<\/p>\n\n\n\n<ul class=\"wp-block-list\"><li>prudencia, impulsando al hombre a controlar sus pasiones y a reconocer el bien en cada situaci\u00f3n, adem\u00e1s de hacerle comprender c\u00f3mo perpetuarlo;<\/li><li>la justicia, la voluntad de dar a Dios y a los dem\u00e1s lo que es justo y debido. Seg\u00fan Plat\u00f3n, aportaba armon\u00eda y equilibrio a todas las dem\u00e1s virtudes, conduciendo al hombre a la perfecci\u00f3n;<\/li><li>fuerza, lo que Plat\u00f3n llamaba coraje, que proporciona la fortaleza necesaria para perseguir las dem\u00e1s virtudes y perseguir el bien;<\/li><li>la templanza, el impulso a buscar el bien y el control sobre las pasiones y los instintos.<\/li><\/ul>\n\n\n\n<h3 class=\"wp-block-heading\">Virtudes intelectuales<\/h3>\n\n\n\n<p>Son las virtudes que regulan el buen uso de la inteligencia para perfeccionar el intelecto y acercar al hombre al conocimiento de la religi\u00f3n y de Dios. Lo son:<\/p>\n\n\n\n<ul class=\"wp-block-list\"><li>la sabidur\u00eda , el conocimiento te\u00f3rico de las cosas, gracias al cual el intelecto puede ascender hasta Dios y lo intangible;<\/li><li>ciencia , permitiendo al hombre conocer los diferentes aspectos de la realidad en su verdad y secuencia, desarrollando nociones adecuadas;<\/li><li>intelecto , permitiendo al hombre ascender pensamientos y conceptos para abarcar realidades supremas, comprendiendo la esencialidad en todo y en cada acci\u00f3n.<\/li><\/ul>\n\n\n\n<h3 class=\"wp-block-heading\">Virtudes teologales<\/h3>\n\n\n\n<p>Volvamos a las virtudes teologales, fe, esperanza y caridad, objeto de este art\u00edculo. Estas son las virtudes que determinan la relaci\u00f3n entre el hombre y lo divino, las tres dirigidas directamente a Dios. La propia etimolog\u00eda del t\u00e9rmino teol\u00f3gico as\u00ed lo sugiere: deriva del griego \u03b8\u03b5\u03cc\u03c2, \"Dios\" y \u03bb\u03cc\u03b3\u03bf\u03c2, \"palabra\".<\/p>\n\n\n\n<p>Son, pues, virtudes que, partiendo del hombre, tienden hacia lo divino, y en \u00e9l encuentran su origen, objeto y raz\u00f3n de ser. A diferencia de las virtudes cardinales e intelectuales, seg\u00fan los te\u00f3logos de la Iglesia, las virtudes teologales no pueden obtenerse s\u00f3lo con el esfuerzo humano, sino que deben ser infundidas en el hombre por la gracia divina.<\/p>\n\n\n\n<p>Como ya hemos dicho, hay tres:<\/p>\n\n\n\n<ul class=\"wp-block-list\"><li>la fe, relativa a conocer a Dios y creer en \u00e9l, que lleva a conocer a Dios por revelaci\u00f3n;<\/li><li>esperanza, que regula la vida humana en relaci\u00f3n con la Trinidad, y la promesa de salvaci\u00f3n, que conduce a la posesi\u00f3n de Dios, entendida como vida eterna a la luz de su gloria;<\/li><li>la caridad, fundamento de la vida de todo cristiano, fuente y meta de todas las dem\u00e1s virtudes, que expresa el amor a Dios a trav\u00e9s del amor al pr\u00f3jimo y conduce al amor a Dios y a Dios como m\u00e1xima expresi\u00f3n del hombre en la vida y en la muerte.<\/li><\/ul>\n\n\n\n<p>Estas tres virtudes est\u00e1n estrechamente vinculadas: la caridad, entendida como amor a Dios, deriva de la fe, es decir, de la revelaci\u00f3n de Dios, y tambi\u00e9n de la esperanza en la vida eterna que produce el conocimiento de Dios.&nbsp;<\/p>\n\n\n\n<p>En realidad, el camino por el que nos gu\u00edan estas tres virtudes es un camino de gracia y de elevaci\u00f3n espiritual, destinado a conducir a quienes lo emprenden a la m\u00e1xima expresi\u00f3n de santidad que Dios puede ofrecer a sus hijos.<\/p>","protected":false},"excerpt":{"rendered":"<p>La fe, la esperanza y la caridad son s\u00f3lo algunas de las virtudes que el hombre debe cultivar para ser considerado bueno y digno.<\/p>","protected":false},"author":1,"featured_media":334,"comment_status":"open","ping_status":"closed","sticky":false,"template":"","format":"standard","meta":{"neve_meta_sidebar":"","neve_meta_container":"","neve_meta_enable_content_width":"","neve_meta_content_width":0,"neve_meta_title_alignment":"","neve_meta_author_avatar":"","neve_post_elements_order":"","neve_meta_disable_header":"","neve_meta_disable_footer":"","neve_meta_disable_title":"","footnotes":""},"categories":[3],"tags":[33,32,29,35],"class_list":["post-251","post","type-post","status-publish","format-standard","has-post-thumbnail","hentry","category-fe","tag-caridade","tag-esperanca-2","tag-fe","tag-teologais"],"yoast_head":"<!-- This site is optimized with the Yoast SEO plugin v27.5 - https:\/\/yoast.com\/product\/yoast-seo-wordpress\/ -->\n<title>F\u00e9, esperan\u00e7a e caridade: virtudes teologais - Ora\u00e7\u00e3o e F\u00e9<\/title>\n<meta name=\"description\" content=\"F\u00e9, esperan\u00e7a e caridade s\u00e3o apenas algumas das virtudes que o homem deve cultivar para ser considerado bom e digno...\" \/>\n<meta name=\"robots\" content=\"index, follow, max-snippet:-1, max-image-preview:large, max-video-preview:-1\" \/>\n<link rel=\"canonical\" href=\"https:\/\/www.oracaoefe.com\/es\/fe-esperanza-y-caridad-virtudes-teologicas\/\" \/>\n<meta property=\"og:locale\" content=\"es_ES\" \/>\n<meta property=\"og:type\" content=\"article\" \/>\n<meta property=\"og:title\" content=\"F\u00e9, esperan\u00e7a e caridade: virtudes teologais - Ora\u00e7\u00e3o e F\u00e9\" \/>\n<meta property=\"og:description\" content=\"F\u00e9, esperan\u00e7a e caridade s\u00e3o apenas algumas das virtudes que o homem deve cultivar para ser considerado bom e digno...\" \/>\n<meta property=\"og:url\" content=\"https:\/\/www.oracaoefe.com\/es\/fe-esperanza-y-caridad-virtudes-teologicas\/\" \/>\n<meta property=\"og:site_name\" content=\"Ora\u00e7\u00e3o e F\u00e9\" \/>\n<meta property=\"article:published_time\" content=\"2022-09-24T22:22:32+00:00\" \/>\n<meta property=\"article:modified_time\" content=\"2022-09-25T19:39:44+00:00\" \/>\n<meta property=\"og:image\" content=\"https:\/\/www.oracaoefe.com\/wp-content\/uploads\/2022\/09\/Fe-esperanca-e-caridade-virtudes-teologais.jpg\" \/>\n\t<meta property=\"og:image:width\" content=\"1200\" \/>\n\t<meta property=\"og:image:height\" content=\"675\" \/>\n\t<meta property=\"og:image:type\" content=\"image\/jpeg\" \/>\n<meta name=\"author\" content=\"Maria\" \/>\n<meta name=\"twitter:card\" content=\"summary_large_image\" \/>\n<meta name=\"twitter:label1\" content=\"Escrito por\" \/>\n\t<meta name=\"twitter:data1\" content=\"Maria\" \/>\n\t<meta name=\"twitter:label2\" content=\"Tiempo de lectura\" \/>\n\t<meta name=\"twitter:data2\" content=\"5 minutos\" \/>\n<script type=\"application\/ld+json\" class=\"yoast-schema-graph\">{\"@context\":\"https:\\\/\\\/schema.org\",\"@graph\":[{\"@type\":\"Article\",\"@id\":\"https:\\\/\\\/www.oracaoefe.com\\\/fe-esperanca-e-caridade-virtudes-teologais\\\/#article\",\"isPartOf\":{\"@id\":\"https:\\\/\\\/www.oracaoefe.com\\\/fe-esperanca-e-caridade-virtudes-teologais\\\/\"},\"author\":{\"name\":\"Maria\",\"@id\":\"https:\\\/\\\/www.oracaoefe.com\\\/#\\\/schema\\\/person\\\/27873f1e6043866689f5091b5139f23d\"},\"headline\":\"F\u00e9, esperan\u00e7a e caridade: virtudes teologais\",\"datePublished\":\"2022-09-24T22:22:32+00:00\",\"dateModified\":\"2022-09-25T19:39:44+00:00\",\"mainEntityOfPage\":{\"@id\":\"https:\\\/\\\/www.oracaoefe.com\\\/fe-esperanca-e-caridade-virtudes-teologais\\\/\"},\"wordCount\":955,\"commentCount\":0,\"image\":{\"@id\":\"https:\\\/\\\/www.oracaoefe.com\\\/fe-esperanca-e-caridade-virtudes-teologais\\\/#primaryimage\"},\"thumbnailUrl\":\"https:\\\/\\\/www.oracaoefe.com\\\/wp-content\\\/uploads\\\/2022\\\/09\\\/Fe-esperanca-e-caridade-virtudes-teologais.jpg\",\"keywords\":[\"caridade\",\"esperanca\",\"fe\",\"teologais\"],\"articleSection\":[\"F\u00e9\"],\"inLanguage\":\"es\",\"potentialAction\":[{\"@type\":\"CommentAction\",\"name\":\"Comment\",\"target\":[\"https:\\\/\\\/www.oracaoefe.com\\\/fe-esperanca-e-caridade-virtudes-teologais\\\/#respond\"]}]},{\"@type\":\"WebPage\",\"@id\":\"https:\\\/\\\/www.oracaoefe.com\\\/fe-esperanca-e-caridade-virtudes-teologais\\\/\",\"url\":\"https:\\\/\\\/www.oracaoefe.com\\\/fe-esperanca-e-caridade-virtudes-teologais\\\/\",\"name\":\"F\u00e9, esperan\u00e7a e caridade: virtudes teologais - Ora\u00e7\u00e3o e F\u00e9\",\"isPartOf\":{\"@id\":\"https:\\\/\\\/www.oracaoefe.com\\\/#website\"},\"primaryImageOfPage\":{\"@id\":\"https:\\\/\\\/www.oracaoefe.com\\\/fe-esperanca-e-caridade-virtudes-teologais\\\/#primaryimage\"},\"image\":{\"@id\":\"https:\\\/\\\/www.oracaoefe.com\\\/fe-esperanca-e-caridade-virtudes-teologais\\\/#primaryimage\"},\"thumbnailUrl\":\"https:\\\/\\\/www.oracaoefe.com\\\/wp-content\\\/uploads\\\/2022\\\/09\\\/Fe-esperanca-e-caridade-virtudes-teologais.jpg\",\"datePublished\":\"2022-09-24T22:22:32+00:00\",\"dateModified\":\"2022-09-25T19:39:44+00:00\",\"author\":{\"@id\":\"https:\\\/\\\/www.oracaoefe.com\\\/#\\\/schema\\\/person\\\/27873f1e6043866689f5091b5139f23d\"},\"description\":\"F\u00e9, esperan\u00e7a e caridade s\u00e3o apenas algumas das virtudes que o homem deve cultivar para ser considerado bom e digno...\",\"breadcrumb\":{\"@id\":\"https:\\\/\\\/www.oracaoefe.com\\\/fe-esperanca-e-caridade-virtudes-teologais\\\/#breadcrumb\"},\"inLanguage\":\"es\",\"potentialAction\":[{\"@type\":\"ReadAction\",\"target\":[\"https:\\\/\\\/www.oracaoefe.com\\\/fe-esperanca-e-caridade-virtudes-teologais\\\/\"]}]},{\"@type\":\"ImageObject\",\"inLanguage\":\"es\",\"@id\":\"https:\\\/\\\/www.oracaoefe.com\\\/fe-esperanca-e-caridade-virtudes-teologais\\\/#primaryimage\",\"url\":\"https:\\\/\\\/www.oracaoefe.com\\\/wp-content\\\/uploads\\\/2022\\\/09\\\/Fe-esperanca-e-caridade-virtudes-teologais.jpg\",\"contentUrl\":\"https:\\\/\\\/www.oracaoefe.com\\\/wp-content\\\/uploads\\\/2022\\\/09\\\/Fe-esperanca-e-caridade-virtudes-teologais.jpg\",\"width\":1200,\"height\":675,\"caption\":\"F\u00e9 esperan\u00e7a e caridade virtudes teologais\"},{\"@type\":\"BreadcrumbList\",\"@id\":\"https:\\\/\\\/www.oracaoefe.com\\\/fe-esperanca-e-caridade-virtudes-teologais\\\/#breadcrumb\",\"itemListElement\":[{\"@type\":\"ListItem\",\"position\":1,\"name\":\"Home\",\"item\":\"https:\\\/\\\/www.oracaoefe.com\\\/\"},{\"@type\":\"ListItem\",\"position\":2,\"name\":\"F\u00e9\",\"item\":\"https:\\\/\\\/www.oracaoefe.com\\\/es\\\/categoria\\\/fe\\\/\"},{\"@type\":\"ListItem\",\"position\":3,\"name\":\"F\u00e9, esperan\u00e7a e caridade: virtudes teologais\"}]},{\"@type\":\"WebSite\",\"@id\":\"https:\\\/\\\/www.oracaoefe.com\\\/#website\",\"url\":\"https:\\\/\\\/www.oracaoefe.com\\\/\",\"name\":\"Ora\u00e7\u00e3o e F\u00e9\",\"description\":\"\",\"potentialAction\":[{\"@type\":\"SearchAction\",\"target\":{\"@type\":\"EntryPoint\",\"urlTemplate\":\"https:\\\/\\\/www.oracaoefe.com\\\/?s={search_term_string}\"},\"query-input\":{\"@type\":\"PropertyValueSpecification\",\"valueRequired\":true,\"valueName\":\"search_term_string\"}}],\"inLanguage\":\"es\"},{\"@type\":\"Person\",\"@id\":\"https:\\\/\\\/www.oracaoefe.com\\\/#\\\/schema\\\/person\\\/27873f1e6043866689f5091b5139f23d\",\"name\":\"Maria\",\"image\":{\"@type\":\"ImageObject\",\"inLanguage\":\"es\",\"@id\":\"https:\\\/\\\/secure.gravatar.com\\\/avatar\\\/4cac5ea56d40d599bd7348d330a83b1c84cd229296d1613cd1c7f6740561d0c9?s=96&d=mm&r=g\",\"url\":\"https:\\\/\\\/secure.gravatar.com\\\/avatar\\\/4cac5ea56d40d599bd7348d330a83b1c84cd229296d1613cd1c7f6740561d0c9?s=96&d=mm&r=g\",\"contentUrl\":\"https:\\\/\\\/secure.gravatar.com\\\/avatar\\\/4cac5ea56d40d599bd7348d330a83b1c84cd229296d1613cd1c7f6740561d0c9?s=96&d=mm&r=g\",\"caption\":\"Maria\"},\"description\":\"Meu nome \u00e9 Maria. Sou apaixonada por teologia e escrevo sobre o mundo religioso h\u00e1 5 anos. Sou curiosa e pesquiso tudo sobre as religi\u00f5es mundo afora. Adoro pesquisar sobre as curiosidades que norteiam as mais variadas doutrinas em diferentes pa\u00edses e idiomas. Hoje, sou redatora e amo compartilhar meu conhecimento no portal Ora\u00e7\u00e3o e F\u00e9.\",\"sameAs\":[\"https:\\\/\\\/www.oracaoefe.com\"],\"url\":\"https:\\\/\\\/www.oracaoefe.com\\\/es\\\/author\\\/admin\\\/\"}]}<\/script>\n<!-- \/ Yoast SEO plugin. -->","yoast_head_json":{"title":"Fe, esperanza y caridad: virtudes teologales - Oraci\u00f3n y Fe","description":"La fe, la esperanza y la caridad son s\u00f3lo algunas de las virtudes que el hombre debe cultivar para ser considerado bueno y digno...","robots":{"index":"index","follow":"follow","max-snippet":"max-snippet:-1","max-image-preview":"max-image-preview:large","max-video-preview":"max-video-preview:-1"},"canonical":"https:\/\/www.oracaoefe.com\/es\/fe-esperanza-y-caridad-virtudes-teologicas\/","og_locale":"es_ES","og_type":"article","og_title":"F\u00e9, esperan\u00e7a e caridade: virtudes teologais - Ora\u00e7\u00e3o e F\u00e9","og_description":"F\u00e9, esperan\u00e7a e caridade s\u00e3o apenas algumas das virtudes que o homem deve cultivar para ser considerado bom e digno...","og_url":"https:\/\/www.oracaoefe.com\/es\/fe-esperanza-y-caridad-virtudes-teologicas\/","og_site_name":"Ora\u00e7\u00e3o e F\u00e9","article_published_time":"2022-09-24T22:22:32+00:00","article_modified_time":"2022-09-25T19:39:44+00:00","og_image":[{"width":1200,"height":675,"url":"https:\/\/www.oracaoefe.com\/wp-content\/uploads\/2022\/09\/Fe-esperanca-e-caridade-virtudes-teologais.jpg","type":"image\/jpeg"}],"author":"Maria","twitter_card":"summary_large_image","twitter_misc":{"Escrito por":"Maria","Tiempo de lectura":"5 minutos"},"schema":{"@context":"https:\/\/schema.org","@graph":[{"@type":"Article","@id":"https:\/\/www.oracaoefe.com\/fe-esperanca-e-caridade-virtudes-teologais\/#article","isPartOf":{"@id":"https:\/\/www.oracaoefe.com\/fe-esperanca-e-caridade-virtudes-teologais\/"},"author":{"name":"Maria","@id":"https:\/\/www.oracaoefe.com\/#\/schema\/person\/27873f1e6043866689f5091b5139f23d"},"headline":"F\u00e9, esperan\u00e7a e caridade: virtudes teologais","datePublished":"2022-09-24T22:22:32+00:00","dateModified":"2022-09-25T19:39:44+00:00","mainEntityOfPage":{"@id":"https:\/\/www.oracaoefe.com\/fe-esperanca-e-caridade-virtudes-teologais\/"},"wordCount":955,"commentCount":0,"image":{"@id":"https:\/\/www.oracaoefe.com\/fe-esperanca-e-caridade-virtudes-teologais\/#primaryimage"},"thumbnailUrl":"https:\/\/www.oracaoefe.com\/wp-content\/uploads\/2022\/09\/Fe-esperanca-e-caridade-virtudes-teologais.jpg","keywords":["caridade","esperanca","fe","teologais"],"articleSection":["F\u00e9"],"inLanguage":"es","potentialAction":[{"@type":"CommentAction","name":"Comment","target":["https:\/\/www.oracaoefe.com\/fe-esperanca-e-caridade-virtudes-teologais\/#respond"]}]},{"@type":"WebPage","@id":"https:\/\/www.oracaoefe.com\/fe-esperanca-e-caridade-virtudes-teologais\/","url":"https:\/\/www.oracaoefe.com\/fe-esperanca-e-caridade-virtudes-teologais\/","name":"Fe, esperanza y caridad: virtudes teologales - Oraci\u00f3n y Fe","isPartOf":{"@id":"https:\/\/www.oracaoefe.com\/#website"},"primaryImageOfPage":{"@id":"https:\/\/www.oracaoefe.com\/fe-esperanca-e-caridade-virtudes-teologais\/#primaryimage"},"image":{"@id":"https:\/\/www.oracaoefe.com\/fe-esperanca-e-caridade-virtudes-teologais\/#primaryimage"},"thumbnailUrl":"https:\/\/www.oracaoefe.com\/wp-content\/uploads\/2022\/09\/Fe-esperanca-e-caridade-virtudes-teologais.jpg","datePublished":"2022-09-24T22:22:32+00:00","dateModified":"2022-09-25T19:39:44+00:00","author":{"@id":"https:\/\/www.oracaoefe.com\/#\/schema\/person\/27873f1e6043866689f5091b5139f23d"},"description":"La fe, la esperanza y la caridad son s\u00f3lo algunas de las virtudes que el hombre debe cultivar para ser considerado bueno y digno...","breadcrumb":{"@id":"https:\/\/www.oracaoefe.com\/fe-esperanca-e-caridade-virtudes-teologais\/#breadcrumb"},"inLanguage":"es","potentialAction":[{"@type":"ReadAction","target":["https:\/\/www.oracaoefe.com\/fe-esperanca-e-caridade-virtudes-teologais\/"]}]},{"@type":"ImageObject","inLanguage":"es","@id":"https:\/\/www.oracaoefe.com\/fe-esperanca-e-caridade-virtudes-teologais\/#primaryimage","url":"https:\/\/www.oracaoefe.com\/wp-content\/uploads\/2022\/09\/Fe-esperanca-e-caridade-virtudes-teologais.jpg","contentUrl":"https:\/\/www.oracaoefe.com\/wp-content\/uploads\/2022\/09\/Fe-esperanca-e-caridade-virtudes-teologais.jpg","width":1200,"height":675,"caption":"F\u00e9 esperan\u00e7a e caridade virtudes teologais"},{"@type":"BreadcrumbList","@id":"https:\/\/www.oracaoefe.com\/fe-esperanca-e-caridade-virtudes-teologais\/#breadcrumb","itemListElement":[{"@type":"ListItem","position":1,"name":"Home","item":"https:\/\/www.oracaoefe.com\/"},{"@type":"ListItem","position":2,"name":"F\u00e9","item":"https:\/\/www.oracaoefe.com\/es\/categoria\/fe\/"},{"@type":"ListItem","position":3,"name":"F\u00e9, esperan\u00e7a e caridade: virtudes teologais"}]},{"@type":"WebSite","@id":"https:\/\/www.oracaoefe.com\/#website","url":"https:\/\/www.oracaoefe.com\/","name":"Oraci\u00f3n y fe","description":"","potentialAction":[{"@type":"SearchAction","target":{"@type":"EntryPoint","urlTemplate":"https:\/\/www.oracaoefe.com\/?s={search_term_string}"},"query-input":{"@type":"PropertyValueSpecification","valueRequired":true,"valueName":"search_term_string"}}],"inLanguage":"es"},{"@type":"Person","@id":"https:\/\/www.oracaoefe.com\/#\/schema\/person\/27873f1e6043866689f5091b5139f23d","name":"Mar\u00eda","image":{"@type":"ImageObject","inLanguage":"es","@id":"https:\/\/secure.gravatar.com\/avatar\/4cac5ea56d40d599bd7348d330a83b1c84cd229296d1613cd1c7f6740561d0c9?s=96&d=mm&r=g","url":"https:\/\/secure.gravatar.com\/avatar\/4cac5ea56d40d599bd7348d330a83b1c84cd229296d1613cd1c7f6740561d0c9?s=96&d=mm&r=g","contentUrl":"https:\/\/secure.gravatar.com\/avatar\/4cac5ea56d40d599bd7348d330a83b1c84cd229296d1613cd1c7f6740561d0c9?s=96&d=mm&r=g","caption":"Maria"},"description":"Me llamo Mar\u00eda. Me apasiona la teolog\u00eda y llevo 5 a\u00f1os escribiendo sobre el mundo religioso. Soy curioso e investigo todo sobre las religiones del mundo. Me encanta investigar las curiosidades que gu\u00edan las m\u00e1s variadas doctrinas en diferentes pa\u00edses y lenguas. Hoy en d\u00eda, soy editora y me encanta compartir mis conocimientos en el portal Oraci\u00f3n y Fe.","sameAs":["https:\/\/www.oracaoefe.com"],"url":"https:\/\/www.oracaoefe.com\/es\/author\/admin\/"}]}},"_links":{"self":[{"href":"https:\/\/www.oracaoefe.com\/es\/wp-json\/wp\/v2\/posts\/251","targetHints":{"allow":["GET"]}}],"collection":[{"href":"https:\/\/www.oracaoefe.com\/es\/wp-json\/wp\/v2\/posts"}],"about":[{"href":"https:\/\/www.oracaoefe.com\/es\/wp-json\/wp\/v2\/types\/post"}],"author":[{"embeddable":true,"href":"https:\/\/www.oracaoefe.com\/es\/wp-json\/wp\/v2\/users\/1"}],"replies":[{"embeddable":true,"href":"https:\/\/www.oracaoefe.com\/es\/wp-json\/wp\/v2\/comments?post=251"}],"version-history":[{"count":3,"href":"https:\/\/www.oracaoefe.com\/es\/wp-json\/wp\/v2\/posts\/251\/revisions"}],"predecessor-version":[{"id":365,"href":"https:\/\/www.oracaoefe.com\/es\/wp-json\/wp\/v2\/posts\/251\/revisions\/365"}],"wp:featuredmedia":[{"embeddable":true,"href":"https:\/\/www.oracaoefe.com\/es\/wp-json\/wp\/v2\/media\/334"}],"wp:attachment":[{"href":"https:\/\/www.oracaoefe.com\/es\/wp-json\/wp\/v2\/media?parent=251"}],"wp:term":[{"taxonomy":"category","embeddable":true,"href":"https:\/\/www.oracaoefe.com\/es\/wp-json\/wp\/v2\/categories?post=251"},{"taxonomy":"post_tag","embeddable":true,"href":"https:\/\/www.oracaoefe.com\/es\/wp-json\/wp\/v2\/tags?post=251"}],"curies":[{"name":"wp","href":"https:\/\/api.w.org\/{rel}","templated":true}]}}