{"id":2466,"date":"2023-11-29T13:01:00","date_gmt":"2023-11-29T16:01:00","guid":{"rendered":"https:\/\/www.oracaoefe.com\/?p=2466"},"modified":"2025-06-15T15:17:27","modified_gmt":"2025-06-15T18:17:27","slug":"la-palabra-transformadora-de-la-vida-reflexiones-profundas-para-el-cristiano-catolico","status":"publish","type":"post","link":"https:\/\/www.oracaoefe.com\/es\/a-transformadora-palavra-de-vida-reflexoes-profundas-para-o-cristao-catolico\/","title":{"rendered":"La palabra transformadora de la vida: reflexiones profundas para el cristiano cat\u00f3lico"},"content":{"rendered":"<p>En la agitaci\u00f3n de la vida moderna, a menudo nos perdemos en las corrientes de la rutina, las preocupaciones y las exigencias incesantes. En medio de este caos, es esencial encontrar un ancla s\u00f3lida que nos gu\u00ede y nos inspire para vivir una vida significativa y plena. Para los cat\u00f3licos, esta ancla es la Palabra de Vida, un faro que ilumina nuestro camino y nos conecta con lo divino.&nbsp;<\/p>\n\n\n\n<h2 class=\"wp-block-heading\">Palabra de vida: \"Misericordia<\/h2>\n\n\n\n<p>La palabra \"misericordia\" es una de las piedras angulares de la fe cat\u00f3lica, que encuentra profundas ra\u00edces en la Biblia. Desde el Antiguo Testamento, donde vemos la misericordia de Dios extendida a su pueblo elegido, hasta el Nuevo Testamento, donde Jes\u00fas personifica la misericordia divina, esta palabra resuena en cada p\u00e1gina sagrada.&nbsp;<\/p>\n\n\n\n<p>En el Salmo 103:8 leemos: \"El Se\u00f1or es misericordioso y clemente, lento a la c\u00f3lera y abundante en amor\". Esta promesa de misericordia se reitera constantemente, proporcionando consuelo y esperanza a quienes tratan de vivir de acuerdo con las ense\u00f1anzas cristianas.<\/p>\n\n\n\n<figure class=\"wp-block-image size-large\"><img loading=\"lazy\" decoding=\"async\" width=\"1024\" height=\"682\" src=\"https:\/\/www.oracaoefe.com\/wp-content\/uploads\/2023\/11\/image-1-1024x682.png\" alt=\"\" class=\"wp-image-2467\" srcset=\"https:\/\/www.oracaoefe.com\/wp-content\/uploads\/2023\/11\/image-1-1024x682.png 1024w, https:\/\/www.oracaoefe.com\/wp-content\/uploads\/2023\/11\/image-1-300x200.png 300w, https:\/\/www.oracaoefe.com\/wp-content\/uploads\/2023\/11\/image-1-768x512.png 768w, https:\/\/www.oracaoefe.com\/wp-content\/uploads\/2023\/11\/image-1-18x12.png 18w, https:\/\/www.oracaoefe.com\/wp-content\/uploads\/2023\/11\/image-1.png 1280w\" sizes=\"auto, (max-width: 1024px) 100vw, 1024px\" \/><figcaption class=\"wp-element-caption\">Imagen: Reproducci\u00f3n<\/figcaption><\/figure>\n\n\n\n<h2 class=\"wp-block-heading\">Misericordia viva<\/h2>\n\n\n\n<p>En el mundo actual, la misericordia se pierde a menudo en medio del juicio y la intolerancia. Sin embargo, para el cat\u00f3lico comprometido, la pr\u00e1ctica de la misericordia es una llamada constante. Vivir la misericordia implica mirar al pr\u00f3jimo con compasi\u00f3n, perdonar a los que nos han herido y tender la mano a los necesitados. A trav\u00e9s de estos actos cotidianos de misericordia, los cristianos se convierten en testigos vivos del amor de Dios.<\/p>\n\n\n\n<h2 class=\"wp-block-heading\">Reflexiones profundas<\/h2>\n\n\n\n<p>En el coraz\u00f3n de la misericordia est\u00e1 el perd\u00f3n. Jes\u00fas nos ense\u00f1\u00f3 a perdonar no s\u00f3lo siete veces, sino setenta veces siete (Mateo 18:22). El perd\u00f3n no es s\u00f3lo un acto de olvido, sino un acto de amor compasivo. Cuando perdonamos, imitamos la misericordia divina, que nos acoge a pesar de nuestras faltas. Al perdonar, abrimos el camino a la curaci\u00f3n y la reconciliaci\u00f3n, construyendo puentes en lugar de muros.<\/p>\n\n\n\n<h3 class=\"wp-block-heading\">Misericordia en la Comunidad<\/h3>\n\n\n\n<p>Vivir la misericordia no es un viaje solitario; es un viaje que compartimos con nuestra comunidad. Al tender la mano a los necesitados, participamos activamente en la construcci\u00f3n del Reino de Dios en la Tierra.<\/p>\n\n\n\n<p>Al comprometernos en obras de caridad, promover la justicia social y acoger a los marginados, nos convertimos en agentes de la misericordia divina en el mundo. As\u00ed, la misericordia trasciende las palabras; se manifiesta en acciones concretas que transforman vidas.<\/p>\n\n\n\n<h2 class=\"wp-block-heading\">Aplicaciones pr\u00e1cticas<\/h2>\n\n\n\n<p>Para integrar la misericordia en nuestra vida cotidiana, es \u00fatil adoptar pr\u00e1cticas espirituales espec\u00edficas. La oraci\u00f3n es una herramienta poderosa para cultivar un coraz\u00f3n misericordioso. Rezando por la capacidad de perdonar, la compasi\u00f3n por los necesitados y la valent\u00eda para actuar en favor de la justicia, dejamos espacio para que el Esp\u00edritu Santo act\u00fae en nuestras vidas.<\/p>\n\n\n\n<h3 class=\"wp-block-heading\">Participaci\u00f3n comunitaria<\/h3>\n\n\n\n<p>Adem\u00e1s de la oraci\u00f3n, es esencial la participaci\u00f3n activa en la comunidad. Unirse a grupos de caridad, colaborar en iniciativas sociales y dedicar tiempo al voluntariado son formas tangibles de vivir la misericordia. Al hacerlo, no s\u00f3lo transformamos la vida de los dem\u00e1s, sino que tambi\u00e9n crecemos espiritualmente, asemej\u00e1ndonos m\u00e1s a Cristo misericordioso.<\/p>\n\n\n\n<h2 class=\"wp-block-heading\">\u00bfC\u00f3mo vivir la misericordia?<\/h2>\n\n\n\n<p>Vivir en la misericordia es una llamada profunda para los cristianos cat\u00f3licos, e implica la pr\u00e1ctica continua de valores y acciones que reflejen la misericordia de Dios. He aqu\u00ed algunas pautas pr\u00e1cticas para incorporar la misericordia a tu vida cotidiana:<\/p>\n\n\n\n<h3 class=\"wp-block-heading\">Cultivar la compasi\u00f3n<\/h3>\n\n\n\n<p>Desarrolla una actitud compasiva hacia los dem\u00e1s. S\u00e9 consciente de las necesidades y dificultades de las personas que te rodean. Trata de comprender las experiencias de los dem\u00e1s y mu\u00e9strate dispuesto a ofrecer apoyo emocional.<\/p>\n\n\n\n<h3 class=\"wp-block-heading\">Practicar el perd\u00f3n<\/h3>\n\n\n\n<p>El perd\u00f3n es una manifestaci\u00f3n fundamental de la misericordia. Hay que estar dispuesto a perdonar a quienes te han hecho da\u00f1o, reconociendo que todo el mundo es susceptible de cometer errores. Perdonar no significa olvidar, sino liberar el peso del da\u00f1o para permitir la curaci\u00f3n.<\/p>\n\n\n\n<h3 class=\"wp-block-heading\">Implicarse en obras de caridad<\/h3>\n\n\n\n<p>Participe activamente en iniciativas ben\u00e9ficas y de voluntariado. Dedica tiempo a ayudar a los menos afortunados, ya sea distribuyendo alimentos a los necesitados, ofreciendo apoyo a centros de acogida o contribuyendo a causas sociales. El servicio a los dem\u00e1s es una expresi\u00f3n tangible de misericordia.<\/p>\n\n\n\n<h3 class=\"wp-block-heading\">Promover la justicia social<\/h3>\n\n\n\n<p>Lucha por la justicia en todos los \u00e1mbitos de la vida. S\u00e9 consciente de las desigualdades e injusticias que te rodean y busca formas de promover un cambio positivo. Defender los derechos de los oprimidos y trabajar para construir una sociedad m\u00e1s justa son actitudes fundamentales de la misericordia.<\/p>\n\n\n\n<h3 class=\"wp-block-heading\">Cultivar la paciencia<\/h3>\n\n\n\n<p>La misericordia suele ir unida a la paciencia. Desarrolle la capacidad de esperar y soportar las dificultades con paciencia. Esto se aplica no solo a situaciones externas, sino tambi\u00e9n en las interacciones cotidianas con amigos, familiares y compa\u00f1eros.<\/p>\n\n\n\n<h3 class=\"wp-block-heading\">Viva la humildad<\/h3>\n\n\n\n<p>La humildad es una virtud que nos acerca a la misericordia. Reconoce tus propios defectos y limitaciones, evitando juzgar precipitadamente a los dem\u00e1s. La humildad te permite relacionarte con los dem\u00e1s de una forma m\u00e1s aut\u00e9ntica y compasiva.<\/p>\n\n\n\n<h3 class=\"wp-block-heading\">Cultivar la oraci\u00f3n<\/h3>\n\n\n\n<p>La oraci\u00f3n es una poderosa herramienta para cultivar la misericordia. Reza por un coraz\u00f3n misericordioso, pidiendo a Dios la gracia de vivir de acuerdo con sus ense\u00f1anzas. La oraci\u00f3n tambi\u00e9n puede fortalecer tu capacidad de perdonar y amar.<\/p>\n\n\n\n<h3 class=\"wp-block-heading\">Participar en los Sacramentos<\/h3>\n\n\n\n<p>La participaci\u00f3n regular en los sacramentos, como la confesi\u00f3n y la Eucarist\u00eda, fortalece la vida espiritual y ayuda a mantener una conexi\u00f3n \u00edntima con Dios. La Eucarist\u00eda, en particular, es una celebraci\u00f3n del sacrificio y el amor misericordioso de Cristo.<\/p>\n\n\n\n<h3 class=\"wp-block-heading\">Cree un ambiente de misericordia en su hogar<\/h3>\n\n\n\n<p>Fomenta un ambiente de misericordia en tu familia promoviendo el di\u00e1logo abierto, la comprensi\u00f3n mutua y el apoyo rec\u00edproco. Ense\u00f1a y modela los valores de la misericordia a tus hijos y a los dem\u00e1s miembros de la familia.<\/p>\n\n\n\n<h3 class=\"wp-block-heading\">S\u00e9 testigo de la misericordia<\/h3>\n\n\n\n<p>Mu\u00e9strate dispuesto a ser un testimonio vivo de la misericordia de Dios. Tus acciones cotidianas y el modo en que tratas a los dem\u00e1s son oportunidades para reflejar la bondad de Dios. S\u00e9 un faro de misericordia en tus c\u00edrculos sociales y profesionales.<\/p>\n\n\n\n<p>Recuerda que vivir en la misericordia es un proceso continuo de crecimiento espiritual. Busca constantemente la gu\u00eda de Dios y mantente abierto a las oportunidades de mostrar misericordia en todas las \u00e1reas de tu vida.<\/p>\n\n\n\n<h2 class=\"wp-block-heading\">Conclusi\u00f3n<\/h2>\n\n\n\n<p>En un mundo marcado a menudo por la crueldad y la indiferencia, la palabra de vida \"misericordia\" resuena como una llamada divina a vivir de otra manera. Al abrazar la misericordia en nuestras vidas, nos transformamos no s\u00f3lo a nosotros mismos, sino tambi\u00e9n al mundo que nos rodea.&nbsp;<\/p>\n\n\n\n<p>Que nosotros, como cristianos cat\u00f3licos, seamos portadores de esta palabra de vida, irradiando la misericordia de Dios en cada acci\u00f3n, palabra y pensamiento. Que la misericordia sea nuestra gu\u00eda constante, conduci\u00e9ndonos a una vida llena de sentido y prop\u00f3sito.<\/p>\n\n\n\n<p><strong>V\u00e9ase tambi\u00e9n: <a href=\"https:\/\/www.oracaoefe.com\/es\/la-palabra-de-hoy-para-la-vida-como-seguir-adelante-tras-un-duelo\/\">Today's Word for Life: C\u00f3mo seguir adelante tras un duelo<\/a><\/strong><\/p>\n\n\n\n<p>29 de noviembre de 2023<\/p>","protected":false},"excerpt":{"rendered":"<p>No tumulto da vida moderna, muitas vezes nos perdemos nas correntes da rotina, das preocupa\u00e7\u00f5es e das demandas incessantes. Em meio a esse caos, \u00e9 essencial encontrar uma \u00e2ncora s\u00f3lida que nos guie e nos inspire a viver uma vida significativa e plena. Para os cat\u00f3licos, essa \u00e2ncora \u00e9 a Palavra de Vida, um farol&hellip;&nbsp;<\/p>","protected":false},"author":3,"featured_media":2467,"comment_status":"closed","ping_status":"closed","sticky":false,"template":"","format":"standard","meta":{"neve_meta_sidebar":"","neve_meta_container":"","neve_meta_enable_content_width":"","neve_meta_content_width":0,"neve_meta_title_alignment":"","neve_meta_author_avatar":"","neve_post_elements_order":"","neve_meta_disable_header":"","neve_meta_disable_footer":"","neve_meta_disable_title":"","footnotes":""},"categories":[3],"tags":[],"class_list":["post-2466","post","type-post","status-publish","format-standard","has-post-thumbnail","hentry","category-fe"],"yoast_head":"<!-- This site is optimized with the Yoast SEO plugin v27.5 - https:\/\/yoast.com\/product\/yoast-seo-wordpress\/ -->\n<title>A Transformadora Palavra de Vida: Reflex\u00f5es Profundas para o Crist\u00e3o Cat\u00f3lico - Ora\u00e7\u00e3o e F\u00e9<\/title>\n<meta name=\"description\" content=\"Deus tem pra voc\u00ea uma palavra de vida!\" \/>\n<meta name=\"robots\" content=\"index, follow, max-snippet:-1, max-image-preview:large, max-video-preview:-1\" \/>\n<link rel=\"canonical\" href=\"https:\/\/www.oracaoefe.com\/es\/la-palabra-transformadora-de-la-vida-reflexiones-profundas-para-el-cristiano-catolico\/\" \/>\n<meta property=\"og:locale\" content=\"es_ES\" \/>\n<meta property=\"og:type\" content=\"article\" \/>\n<meta property=\"og:title\" content=\"A Transformadora Palavra de Vida: Reflex\u00f5es Profundas para o Crist\u00e3o Cat\u00f3lico - Ora\u00e7\u00e3o e F\u00e9\" \/>\n<meta property=\"og:description\" content=\"Deus tem pra voc\u00ea uma palavra de vida!\" \/>\n<meta property=\"og:url\" content=\"https:\/\/www.oracaoefe.com\/es\/la-palabra-transformadora-de-la-vida-reflexiones-profundas-para-el-cristiano-catolico\/\" \/>\n<meta property=\"og:site_name\" content=\"Ora\u00e7\u00e3o e F\u00e9\" \/>\n<meta property=\"article:published_time\" content=\"2023-11-29T16:01:00+00:00\" \/>\n<meta property=\"article:modified_time\" content=\"2025-06-15T18:17:27+00:00\" \/>\n<meta property=\"og:image\" content=\"https:\/\/www.oracaoefe.com\/wp-content\/uploads\/2023\/11\/image-1.png\" \/>\n\t<meta property=\"og:image:width\" content=\"1280\" \/>\n\t<meta property=\"og:image:height\" content=\"853\" \/>\n\t<meta property=\"og:image:type\" content=\"image\/png\" \/>\n<meta name=\"author\" content=\"Michele Azevedo\" \/>\n<meta name=\"twitter:card\" content=\"summary_large_image\" \/>\n<meta name=\"twitter:label1\" content=\"Escrito por\" \/>\n\t<meta name=\"twitter:data1\" content=\"Michele Azevedo\" \/>\n\t<meta name=\"twitter:label2\" content=\"Tiempo de lectura\" \/>\n\t<meta name=\"twitter:data2\" content=\"6 minutos\" \/>\n<script type=\"application\/ld+json\" class=\"yoast-schema-graph\">{\"@context\":\"https:\\\/\\\/schema.org\",\"@graph\":[{\"@type\":\"Article\",\"@id\":\"https:\\\/\\\/www.oracaoefe.com\\\/a-transformadora-palavra-de-vida-reflexoes-profundas-para-o-cristao-catolico\\\/#article\",\"isPartOf\":{\"@id\":\"https:\\\/\\\/www.oracaoefe.com\\\/a-transformadora-palavra-de-vida-reflexoes-profundas-para-o-cristao-catolico\\\/\"},\"author\":{\"name\":\"Michele Azevedo\",\"@id\":\"https:\\\/\\\/www.oracaoefe.com\\\/#\\\/schema\\\/person\\\/17283c669442cf005c4d5bb58adfb7f5\"},\"headline\":\"A Transformadora Palavra de Vida: Reflex\u00f5es Profundas para o Crist\u00e3o Cat\u00f3lico\",\"datePublished\":\"2023-11-29T16:01:00+00:00\",\"dateModified\":\"2025-06-15T18:17:27+00:00\",\"mainEntityOfPage\":{\"@id\":\"https:\\\/\\\/www.oracaoefe.com\\\/a-transformadora-palavra-de-vida-reflexoes-profundas-para-o-cristao-catolico\\\/\"},\"wordCount\":1239,\"image\":{\"@id\":\"https:\\\/\\\/www.oracaoefe.com\\\/a-transformadora-palavra-de-vida-reflexoes-profundas-para-o-cristao-catolico\\\/#primaryimage\"},\"thumbnailUrl\":\"https:\\\/\\\/www.oracaoefe.com\\\/wp-content\\\/uploads\\\/2023\\\/11\\\/image-1.png\",\"articleSection\":[\"F\u00e9\"],\"inLanguage\":\"es\"},{\"@type\":\"WebPage\",\"@id\":\"https:\\\/\\\/www.oracaoefe.com\\\/a-transformadora-palavra-de-vida-reflexoes-profundas-para-o-cristao-catolico\\\/\",\"url\":\"https:\\\/\\\/www.oracaoefe.com\\\/a-transformadora-palavra-de-vida-reflexoes-profundas-para-o-cristao-catolico\\\/\",\"name\":\"A Transformadora Palavra de Vida: Reflex\u00f5es Profundas para o Crist\u00e3o Cat\u00f3lico - Ora\u00e7\u00e3o e F\u00e9\",\"isPartOf\":{\"@id\":\"https:\\\/\\\/www.oracaoefe.com\\\/#website\"},\"primaryImageOfPage\":{\"@id\":\"https:\\\/\\\/www.oracaoefe.com\\\/a-transformadora-palavra-de-vida-reflexoes-profundas-para-o-cristao-catolico\\\/#primaryimage\"},\"image\":{\"@id\":\"https:\\\/\\\/www.oracaoefe.com\\\/a-transformadora-palavra-de-vida-reflexoes-profundas-para-o-cristao-catolico\\\/#primaryimage\"},\"thumbnailUrl\":\"https:\\\/\\\/www.oracaoefe.com\\\/wp-content\\\/uploads\\\/2023\\\/11\\\/image-1.png\",\"datePublished\":\"2023-11-29T16:01:00+00:00\",\"dateModified\":\"2025-06-15T18:17:27+00:00\",\"author\":{\"@id\":\"https:\\\/\\\/www.oracaoefe.com\\\/#\\\/schema\\\/person\\\/17283c669442cf005c4d5bb58adfb7f5\"},\"description\":\"Deus tem pra voc\u00ea uma palavra de vida!\",\"breadcrumb\":{\"@id\":\"https:\\\/\\\/www.oracaoefe.com\\\/a-transformadora-palavra-de-vida-reflexoes-profundas-para-o-cristao-catolico\\\/#breadcrumb\"},\"inLanguage\":\"es\",\"potentialAction\":[{\"@type\":\"ReadAction\",\"target\":[\"https:\\\/\\\/www.oracaoefe.com\\\/a-transformadora-palavra-de-vida-reflexoes-profundas-para-o-cristao-catolico\\\/\"]}]},{\"@type\":\"ImageObject\",\"inLanguage\":\"es\",\"@id\":\"https:\\\/\\\/www.oracaoefe.com\\\/a-transformadora-palavra-de-vida-reflexoes-profundas-para-o-cristao-catolico\\\/#primaryimage\",\"url\":\"https:\\\/\\\/www.oracaoefe.com\\\/wp-content\\\/uploads\\\/2023\\\/11\\\/image-1.png\",\"contentUrl\":\"https:\\\/\\\/www.oracaoefe.com\\\/wp-content\\\/uploads\\\/2023\\\/11\\\/image-1.png\",\"width\":1280,\"height\":853},{\"@type\":\"BreadcrumbList\",\"@id\":\"https:\\\/\\\/www.oracaoefe.com\\\/a-transformadora-palavra-de-vida-reflexoes-profundas-para-o-cristao-catolico\\\/#breadcrumb\",\"itemListElement\":[{\"@type\":\"ListItem\",\"position\":1,\"name\":\"Home\",\"item\":\"https:\\\/\\\/www.oracaoefe.com\\\/\"},{\"@type\":\"ListItem\",\"position\":2,\"name\":\"A Transformadora Palavra de Vida: Reflex\u00f5es Profundas para o Crist\u00e3o Cat\u00f3lico\"}]},{\"@type\":\"WebSite\",\"@id\":\"https:\\\/\\\/www.oracaoefe.com\\\/#website\",\"url\":\"https:\\\/\\\/www.oracaoefe.com\\\/\",\"name\":\"Ora\u00e7\u00e3o e F\u00e9\",\"description\":\"\",\"potentialAction\":[{\"@type\":\"SearchAction\",\"target\":{\"@type\":\"EntryPoint\",\"urlTemplate\":\"https:\\\/\\\/www.oracaoefe.com\\\/?s={search_term_string}\"},\"query-input\":{\"@type\":\"PropertyValueSpecification\",\"valueRequired\":true,\"valueName\":\"search_term_string\"}}],\"inLanguage\":\"es\"},{\"@type\":\"Person\",\"@id\":\"https:\\\/\\\/www.oracaoefe.com\\\/#\\\/schema\\\/person\\\/17283c669442cf005c4d5bb58adfb7f5\",\"name\":\"Michele Azevedo\",\"image\":{\"@type\":\"ImageObject\",\"inLanguage\":\"es\",\"@id\":\"https:\\\/\\\/secure.gravatar.com\\\/avatar\\\/6b0eb9d22841282815e2cd856a0061c45e1761cd54b22e952d98c4746939aa85?s=96&d=mm&r=g\",\"url\":\"https:\\\/\\\/secure.gravatar.com\\\/avatar\\\/6b0eb9d22841282815e2cd856a0061c45e1761cd54b22e952d98c4746939aa85?s=96&d=mm&r=g\",\"contentUrl\":\"https:\\\/\\\/secure.gravatar.com\\\/avatar\\\/6b0eb9d22841282815e2cd856a0061c45e1761cd54b22e952d98c4746939aa85?s=96&d=mm&r=g\",\"caption\":\"Michele Azevedo\"},\"description\":\"Formada em Letras - Portugu\u00eas\\\/ Ingl\u00eas pela UEPG, p\u00f3s-graduada em Arte na Educa\u00e7\u00e3o e Psicopedagogia Escolar, idealizadora do site Escritora de Sucesso, redatora e revisora dos conte\u00fados do Ora\u00e7\u00e3o e F\u00e9 com muita f\u00e9 e positividade.\",\"url\":\"https:\\\/\\\/www.oracaoefe.com\\\/es\\\/author\\\/michele-azevedo\\\/\"}]}<\/script>\n<!-- \/ Yoast SEO plugin. -->","yoast_head_json":{"title":"La Palabra transformadora de la vida: Reflexiones profundas para el cristiano cat\u00f3lico - Oraci\u00f3n y fe","description":"\u00a1Dios tiene una palabra de vida para ti!","robots":{"index":"index","follow":"follow","max-snippet":"max-snippet:-1","max-image-preview":"max-image-preview:large","max-video-preview":"max-video-preview:-1"},"canonical":"https:\/\/www.oracaoefe.com\/es\/la-palabra-transformadora-de-la-vida-reflexiones-profundas-para-el-cristiano-catolico\/","og_locale":"es_ES","og_type":"article","og_title":"A Transformadora Palavra de Vida: Reflex\u00f5es Profundas para o Crist\u00e3o Cat\u00f3lico - Ora\u00e7\u00e3o e F\u00e9","og_description":"Deus tem pra voc\u00ea uma palavra de vida!","og_url":"https:\/\/www.oracaoefe.com\/es\/la-palabra-transformadora-de-la-vida-reflexiones-profundas-para-el-cristiano-catolico\/","og_site_name":"Ora\u00e7\u00e3o e F\u00e9","article_published_time":"2023-11-29T16:01:00+00:00","article_modified_time":"2025-06-15T18:17:27+00:00","og_image":[{"width":1280,"height":853,"url":"https:\/\/www.oracaoefe.com\/wp-content\/uploads\/2023\/11\/image-1.png","type":"image\/png"}],"author":"Michele Azevedo","twitter_card":"summary_large_image","twitter_misc":{"Escrito por":"Michele Azevedo","Tiempo de lectura":"6 minutos"},"schema":{"@context":"https:\/\/schema.org","@graph":[{"@type":"Article","@id":"https:\/\/www.oracaoefe.com\/a-transformadora-palavra-de-vida-reflexoes-profundas-para-o-cristao-catolico\/#article","isPartOf":{"@id":"https:\/\/www.oracaoefe.com\/a-transformadora-palavra-de-vida-reflexoes-profundas-para-o-cristao-catolico\/"},"author":{"name":"Michele Azevedo","@id":"https:\/\/www.oracaoefe.com\/#\/schema\/person\/17283c669442cf005c4d5bb58adfb7f5"},"headline":"A Transformadora Palavra de Vida: Reflex\u00f5es Profundas para o Crist\u00e3o Cat\u00f3lico","datePublished":"2023-11-29T16:01:00+00:00","dateModified":"2025-06-15T18:17:27+00:00","mainEntityOfPage":{"@id":"https:\/\/www.oracaoefe.com\/a-transformadora-palavra-de-vida-reflexoes-profundas-para-o-cristao-catolico\/"},"wordCount":1239,"image":{"@id":"https:\/\/www.oracaoefe.com\/a-transformadora-palavra-de-vida-reflexoes-profundas-para-o-cristao-catolico\/#primaryimage"},"thumbnailUrl":"https:\/\/www.oracaoefe.com\/wp-content\/uploads\/2023\/11\/image-1.png","articleSection":["F\u00e9"],"inLanguage":"es"},{"@type":"WebPage","@id":"https:\/\/www.oracaoefe.com\/a-transformadora-palavra-de-vida-reflexoes-profundas-para-o-cristao-catolico\/","url":"https:\/\/www.oracaoefe.com\/a-transformadora-palavra-de-vida-reflexoes-profundas-para-o-cristao-catolico\/","name":"La Palabra transformadora de la vida: Reflexiones profundas para el cristiano cat\u00f3lico - Oraci\u00f3n y fe","isPartOf":{"@id":"https:\/\/www.oracaoefe.com\/#website"},"primaryImageOfPage":{"@id":"https:\/\/www.oracaoefe.com\/a-transformadora-palavra-de-vida-reflexoes-profundas-para-o-cristao-catolico\/#primaryimage"},"image":{"@id":"https:\/\/www.oracaoefe.com\/a-transformadora-palavra-de-vida-reflexoes-profundas-para-o-cristao-catolico\/#primaryimage"},"thumbnailUrl":"https:\/\/www.oracaoefe.com\/wp-content\/uploads\/2023\/11\/image-1.png","datePublished":"2023-11-29T16:01:00+00:00","dateModified":"2025-06-15T18:17:27+00:00","author":{"@id":"https:\/\/www.oracaoefe.com\/#\/schema\/person\/17283c669442cf005c4d5bb58adfb7f5"},"description":"\u00a1Dios tiene una palabra de vida para ti!","breadcrumb":{"@id":"https:\/\/www.oracaoefe.com\/a-transformadora-palavra-de-vida-reflexoes-profundas-para-o-cristao-catolico\/#breadcrumb"},"inLanguage":"es","potentialAction":[{"@type":"ReadAction","target":["https:\/\/www.oracaoefe.com\/a-transformadora-palavra-de-vida-reflexoes-profundas-para-o-cristao-catolico\/"]}]},{"@type":"ImageObject","inLanguage":"es","@id":"https:\/\/www.oracaoefe.com\/a-transformadora-palavra-de-vida-reflexoes-profundas-para-o-cristao-catolico\/#primaryimage","url":"https:\/\/www.oracaoefe.com\/wp-content\/uploads\/2023\/11\/image-1.png","contentUrl":"https:\/\/www.oracaoefe.com\/wp-content\/uploads\/2023\/11\/image-1.png","width":1280,"height":853},{"@type":"BreadcrumbList","@id":"https:\/\/www.oracaoefe.com\/a-transformadora-palavra-de-vida-reflexoes-profundas-para-o-cristao-catolico\/#breadcrumb","itemListElement":[{"@type":"ListItem","position":1,"name":"Home","item":"https:\/\/www.oracaoefe.com\/"},{"@type":"ListItem","position":2,"name":"A Transformadora Palavra de Vida: Reflex\u00f5es Profundas para o Crist\u00e3o Cat\u00f3lico"}]},{"@type":"WebSite","@id":"https:\/\/www.oracaoefe.com\/#website","url":"https:\/\/www.oracaoefe.com\/","name":"Oraci\u00f3n y fe","description":"","potentialAction":[{"@type":"SearchAction","target":{"@type":"EntryPoint","urlTemplate":"https:\/\/www.oracaoefe.com\/?s={search_term_string}"},"query-input":{"@type":"PropertyValueSpecification","valueRequired":true,"valueName":"search_term_string"}}],"inLanguage":"es"},{"@type":"Person","@id":"https:\/\/www.oracaoefe.com\/#\/schema\/person\/17283c669442cf005c4d5bb58adfb7f5","name":"Michele Azevedo","image":{"@type":"ImageObject","inLanguage":"es","@id":"https:\/\/secure.gravatar.com\/avatar\/6b0eb9d22841282815e2cd856a0061c45e1761cd54b22e952d98c4746939aa85?s=96&d=mm&r=g","url":"https:\/\/secure.gravatar.com\/avatar\/6b0eb9d22841282815e2cd856a0061c45e1761cd54b22e952d98c4746939aa85?s=96&d=mm&r=g","contentUrl":"https:\/\/secure.gravatar.com\/avatar\/6b0eb9d22841282815e2cd856a0061c45e1761cd54b22e952d98c4746939aa85?s=96&d=mm&r=g","caption":"Michele Azevedo"},"description":"Licenciada en Literatura Portuguesa\/Ingl\u00e9s por la UEPG, con posgrados en Arte en la Educaci\u00f3n y Psicopedagog\u00eda Escolar, es la creadora del sitio web Escritora de Sucesso, y escritora y editora de contenido para Ora\u00e7\u00e3o e F\u00e9 (Oraci\u00f3n y Fe) con gran fe y positividad.","url":"https:\/\/www.oracaoefe.com\/es\/author\/michele-azevedo\/"}]}},"_links":{"self":[{"href":"https:\/\/www.oracaoefe.com\/es\/wp-json\/wp\/v2\/posts\/2466","targetHints":{"allow":["GET"]}}],"collection":[{"href":"https:\/\/www.oracaoefe.com\/es\/wp-json\/wp\/v2\/posts"}],"about":[{"href":"https:\/\/www.oracaoefe.com\/es\/wp-json\/wp\/v2\/types\/post"}],"author":[{"embeddable":true,"href":"https:\/\/www.oracaoefe.com\/es\/wp-json\/wp\/v2\/users\/3"}],"replies":[{"embeddable":true,"href":"https:\/\/www.oracaoefe.com\/es\/wp-json\/wp\/v2\/comments?post=2466"}],"version-history":[{"count":1,"href":"https:\/\/www.oracaoefe.com\/es\/wp-json\/wp\/v2\/posts\/2466\/revisions"}],"predecessor-version":[{"id":2468,"href":"https:\/\/www.oracaoefe.com\/es\/wp-json\/wp\/v2\/posts\/2466\/revisions\/2468"}],"wp:featuredmedia":[{"embeddable":true,"href":"https:\/\/www.oracaoefe.com\/es\/wp-json\/wp\/v2\/media\/2467"}],"wp:attachment":[{"href":"https:\/\/www.oracaoefe.com\/es\/wp-json\/wp\/v2\/media?parent=2466"}],"wp:term":[{"taxonomy":"category","embeddable":true,"href":"https:\/\/www.oracaoefe.com\/es\/wp-json\/wp\/v2\/categories?post=2466"},{"taxonomy":"post_tag","embeddable":true,"href":"https:\/\/www.oracaoefe.com\/es\/wp-json\/wp\/v2\/tags?post=2466"}],"curies":[{"name":"wp","href":"https:\/\/api.w.org\/{rel}","templated":true}]}}