{"id":2380,"date":"2023-06-12T11:49:21","date_gmt":"2023-06-12T14:49:21","guid":{"rendered":"https:\/\/www.oracaoefe.com\/?p=2380"},"modified":"2023-06-12T11:49:22","modified_gmt":"2023-06-12T14:49:22","slug":"mosaico-de-fe-a-intrincada-tapecaria-das-religioses-no-brasil","status":"publish","type":"post","link":"https:\/\/www.oracaoefe.com\/es\/mosaico-de-fe-a-intrincada-tapecaria-das-religioes-no-brasil\/","title":{"rendered":"Mosaico de fe: el intrincado tapiz de las religiones en Brasil"},"content":{"rendered":"<p>La religi\u00f3n en Brasil constituye un rico tapiz de creencias y pr\u00e1cticas que han conformado el tejido social y cultural de esta diversa naci\u00f3n. Desde tiempos inmemoriales, el pa\u00eds ha sido un crisol de tradiciones religiosas, donde pueblos ind\u00edgenas, colonizadores europeos, africanos esclavizados e inmigrantes de diversos or\u00edgenes han contribuido a la formaci\u00f3n de un mosaico de fe sin parang\u00f3n.<\/p>\n\n\n\n<figure class=\"wp-block-image size-large\"><img loading=\"lazy\" decoding=\"async\" width=\"1024\" height=\"576\" src=\"https:\/\/www.oracaoefe.com\/wp-content\/uploads\/2023\/06\/THUMB-SITE-52-1024x576.jpg\" alt=\"\" class=\"wp-image-2381\" srcset=\"https:\/\/www.oracaoefe.com\/wp-content\/uploads\/2023\/06\/THUMB-SITE-52-1024x576.jpg 1024w, https:\/\/www.oracaoefe.com\/wp-content\/uploads\/2023\/06\/THUMB-SITE-52-300x169.jpg 300w, https:\/\/www.oracaoefe.com\/wp-content\/uploads\/2023\/06\/THUMB-SITE-52-768x432.jpg 768w, https:\/\/www.oracaoefe.com\/wp-content\/uploads\/2023\/06\/THUMB-SITE-52-18x10.jpg 18w, https:\/\/www.oracaoefe.com\/wp-content\/uploads\/2023\/06\/THUMB-SITE-52-383x215.jpg 383w, https:\/\/www.oracaoefe.com\/wp-content\/uploads\/2023\/06\/THUMB-SITE-52.jpg 1200w\" sizes=\"auto, (max-width: 1024px) 100vw, 1024px\" \/><\/figure>\n\n\n\n<p>Inicialmente, antes de la llegada de los europeos, los pueblos ind\u00edgenas practicaban sus religiones animistas y polite\u00edstas, conectando con la naturaleza y venerando a diversos dioses y esp\u00edritus. Con la llegada de los portugueses en 1500, el catolicismo se introdujo en Brasil como religi\u00f3n oficial. Durante el periodo colonial, los jesuitas desempe\u00f1aron un papel clave en la conversi\u00f3n de gran parte de la poblaci\u00f3n ind\u00edgena al cristianismo, al tiempo que ayudaban a preservar algunos elementos de las tradiciones ind\u00edgenas.<\/p>\n\n\n\n<p>Junto con el catolicismo, los africanos trajeron consigo a Brasil sus religiones tradicionales como esclavos. Frente a la imposici\u00f3n del cristianismo, encontraron formas de mantener sus creencias mediante la s\u00edntesis de elementos cat\u00f3licos y africanos, lo que dio lugar a religiones afrobrasile\u00f1as como el Candombl\u00e9 y la Umbanda. Estas religiones tienen sus ra\u00edces en las tradiciones yoruba, bant\u00fa y fon, y se caracterizan por la veneraci\u00f3n de los orix\u00e1s (deidades) y el uso de rituales, m\u00fasica y danza.<\/p>\n\n\n\n<h2 class=\"wp-block-heading\">C\u00f3mo empez\u00f3<\/h2>\n\n\n\n<p>En el siglo XIX, una nueva oleada de inmigraci\u00f3n trajo nuevas influencias religiosas a Brasil. Los inmigrantes italianos, alemanes y polacos reforzaron la presencia cat\u00f3lica romana, mientras que otros, como los japoneses, trajeron consigo el budismo y el sinto\u00edsmo.<\/p>\n\n\n\n<p>A medida que Brasil se modernizaba en el siglo XX, empez\u00f3 a surgir un movimiento m\u00e1s amplio de diversificaci\u00f3n religiosa. El protestantismo, en particular, empez\u00f3 a ganar terreno. Los evang\u00e9licos pentecostales y neopentecostales experimentaron un crecimiento significativo, con iglesias como la Asamblea de Dios y la Iglesia Universal del Reino de Dios estableciendo una presencia considerable.<\/p>\n\n\n\n<p>La espiritualidad brasile\u00f1a tambi\u00e9n se manifiesta en formas menos institucionalizadas, como el espiritismo, popularizado por Allan Kardec, que atrae adeptos con su \u00e9nfasis en la reencarnaci\u00f3n, la comunicaci\u00f3n con el m\u00e1s all\u00e1 y la curaci\u00f3n espiritual. Adem\u00e1s, hay un segmento creciente de la poblaci\u00f3n que se identifica como no creyente, incluidos agn\u00f3sticos y ateos.<\/p>\n\n\n\n<p>Actualmente, la sociedad brasile\u00f1a presenta una complejidad religiosa que refleja la diversidad \u00e9tnica y cultural del pa\u00eds. El catolicismo sigue siendo la religi\u00f3n mayoritaria, pero est\u00e1 perdiendo adeptos en favor de las iglesias evang\u00e9licas y del grupo de los sin religi\u00f3n. Brasil tambi\u00e9n alberga comunidades jud\u00edas, isl\u00e1micas y de otras religiones que, aunque m\u00e1s peque\u00f1as, enriquecen a\u00fan m\u00e1s el panorama religioso.<\/p>\n\n\n\n<p>En el contexto pol\u00edtico y social, las religiones desempe\u00f1an un papel importante. Los l\u00edderes religiosos suelen ejercer influencia sobre sus seguidores y, a veces, sobre la pol\u00edtica. Esto es especialmente visible entre los evang\u00e9licos, que han aumentado su representaci\u00f3n pol\u00edtica en las \u00faltimas d\u00e9cadas.<\/p>\n\n\n\n<p>Sin embargo, la diversidad religiosa tambi\u00e9n conlleva desaf\u00edos, como la intolerancia y la discriminaci\u00f3n, especialmente contra los practicantes de religiones afrobrasile\u00f1as. Es imperativo que la sociedad brasile\u00f1a siga cultivando el respeto mutuo y la comprensi\u00f3n entre las diferentes tradiciones religiosas.<\/p>\n\n\n\n<h2 class=\"wp-block-heading\">Conclusi\u00f3n<\/h2>\n\n\n\n<p>En resumen, la religi\u00f3n en Brasil es una entidad multifac\u00e9tica y din\u00e1mica que impregna muchos aspectos de la vida y de la identidad nacional. El car\u00e1cter inclusivo y sincr\u00e9tico de muchas pr\u00e1cticas religiosas refleja la propia naturaleza del pueblo brasile\u00f1o: una mezcla de tradiciones, culturas y creencias que se unen para crear una sociedad vibrante y \u00fanica. La coexistencia pac\u00edfica y el di\u00e1logo interreligioso ser\u00e1n cruciales para el enriquecimiento cultural y la armon\u00eda social en esta naci\u00f3n bendecida con una riqueza espiritual incomparable.<\/p>\n\n\n<div class=\"wp-block-post-date\"><time datetime=\"2023-06-12T11:49:21-03:00\">12 de junio de 2023<\/time><\/div>","protected":false},"excerpt":{"rendered":"<p>A religi\u00e3o no Brasil constitui uma rica tape\u00e7aria de cren\u00e7as e pr\u00e1ticas que t\u00eam moldado o tecido social e cultural desta na\u00e7\u00e3o diversificada. Desde tempos imemoriais, o pa\u00eds tem sido um caldeir\u00e3o de tradi\u00e7\u00f5es religiosas, onde povos ind\u00edgenas, colonizadores europeus, africanos escravizados e imigrantes de diversas origens t\u00eam contribu\u00eddo para a forma\u00e7\u00e3o de um mosaico&hellip;&nbsp;<\/p>","protected":false},"author":1,"featured_media":2381,"comment_status":"closed","ping_status":"closed","sticky":false,"template":"","format":"standard","meta":{"neve_meta_sidebar":"","neve_meta_container":"","neve_meta_enable_content_width":"","neve_meta_content_width":0,"neve_meta_title_alignment":"","neve_meta_author_avatar":"","neve_post_elements_order":"","neve_meta_disable_header":"","neve_meta_disable_footer":"","neve_meta_disable_title":"","footnotes":""},"categories":[1],"tags":[],"class_list":["post-2380","post","type-post","status-publish","format-standard","has-post-thumbnail","hentry","category-curiosidades"],"yoast_head":"<!-- This site is optimized with the Yoast SEO plugin v27.4 - https:\/\/yoast.com\/product\/yoast-seo-wordpress\/ -->\n<title>Mosaico de F\u00e9: A Intrincada Tape\u00e7aria das Religi\u00f5es no Brasil - Ora\u00e7\u00e3o e F\u00e9<\/title>\n<meta name=\"description\" content=\"A religi\u00e3o no Brasil constitui uma rica tape\u00e7aria de cren\u00e7as e pr\u00e1ticas que t\u00eam moldado o tecido social e cultural desta na\u00e7\u00e3o...\" \/>\n<meta name=\"robots\" content=\"index, follow, max-snippet:-1, max-image-preview:large, max-video-preview:-1\" \/>\n<link rel=\"canonical\" href=\"https:\/\/www.oracaoefe.com\/es\/mosaico-de-fe-a-intrincada-tapecaria-das-religioses-no-brasil\/\" \/>\n<meta property=\"og:locale\" content=\"es_ES\" \/>\n<meta property=\"og:type\" content=\"article\" \/>\n<meta property=\"og:title\" content=\"Mosaico de F\u00e9: A Intrincada Tape\u00e7aria das Religi\u00f5es no Brasil - Ora\u00e7\u00e3o e F\u00e9\" \/>\n<meta property=\"og:description\" content=\"A religi\u00e3o no Brasil constitui uma rica tape\u00e7aria de cren\u00e7as e pr\u00e1ticas que t\u00eam moldado o tecido social e cultural desta na\u00e7\u00e3o...\" \/>\n<meta property=\"og:url\" content=\"https:\/\/www.oracaoefe.com\/es\/mosaico-de-fe-a-intrincada-tapecaria-das-religioses-no-brasil\/\" \/>\n<meta property=\"og:site_name\" content=\"Ora\u00e7\u00e3o e F\u00e9\" \/>\n<meta property=\"article:published_time\" content=\"2023-06-12T14:49:21+00:00\" \/>\n<meta property=\"article:modified_time\" content=\"2023-06-12T14:49:22+00:00\" \/>\n<meta property=\"og:image\" content=\"https:\/\/www.oracaoefe.com\/wp-content\/uploads\/2023\/06\/THUMB-SITE-52.jpg\" \/>\n\t<meta property=\"og:image:width\" content=\"1200\" \/>\n\t<meta property=\"og:image:height\" content=\"675\" \/>\n\t<meta property=\"og:image:type\" content=\"image\/jpeg\" \/>\n<meta name=\"author\" content=\"Maria\" \/>\n<meta name=\"twitter:card\" content=\"summary_large_image\" \/>\n<meta name=\"twitter:label1\" content=\"Escrito por\" \/>\n\t<meta name=\"twitter:data1\" content=\"Maria\" \/>\n\t<meta name=\"twitter:label2\" content=\"Tiempo de lectura\" \/>\n\t<meta name=\"twitter:data2\" content=\"3 minutos\" \/>\n<script type=\"application\/ld+json\" class=\"yoast-schema-graph\">{\"@context\":\"https:\\\/\\\/schema.org\",\"@graph\":[{\"@type\":\"Article\",\"@id\":\"https:\\\/\\\/www.oracaoefe.com\\\/mosaico-de-fe-a-intrincada-tapecaria-das-religioes-no-brasil\\\/#article\",\"isPartOf\":{\"@id\":\"https:\\\/\\\/www.oracaoefe.com\\\/mosaico-de-fe-a-intrincada-tapecaria-das-religioes-no-brasil\\\/\"},\"author\":{\"name\":\"Maria\",\"@id\":\"https:\\\/\\\/www.oracaoefe.com\\\/#\\\/schema\\\/person\\\/27873f1e6043866689f5091b5139f23d\"},\"headline\":\"Mosaico de F\u00e9: A Intrincada Tape\u00e7aria das Religi\u00f5es no Brasil\",\"datePublished\":\"2023-06-12T14:49:21+00:00\",\"dateModified\":\"2023-06-12T14:49:22+00:00\",\"mainEntityOfPage\":{\"@id\":\"https:\\\/\\\/www.oracaoefe.com\\\/mosaico-de-fe-a-intrincada-tapecaria-das-religioes-no-brasil\\\/\"},\"wordCount\":685,\"image\":{\"@id\":\"https:\\\/\\\/www.oracaoefe.com\\\/mosaico-de-fe-a-intrincada-tapecaria-das-religioes-no-brasil\\\/#primaryimage\"},\"thumbnailUrl\":\"https:\\\/\\\/www.oracaoefe.com\\\/wp-content\\\/uploads\\\/2023\\\/06\\\/THUMB-SITE-52.jpg\",\"articleSection\":[\"Curiosidades\"],\"inLanguage\":\"es\"},{\"@type\":\"WebPage\",\"@id\":\"https:\\\/\\\/www.oracaoefe.com\\\/mosaico-de-fe-a-intrincada-tapecaria-das-religioes-no-brasil\\\/\",\"url\":\"https:\\\/\\\/www.oracaoefe.com\\\/mosaico-de-fe-a-intrincada-tapecaria-das-religioes-no-brasil\\\/\",\"name\":\"Mosaico de F\u00e9: A Intrincada Tape\u00e7aria das Religi\u00f5es no Brasil - Ora\u00e7\u00e3o e F\u00e9\",\"isPartOf\":{\"@id\":\"https:\\\/\\\/www.oracaoefe.com\\\/#website\"},\"primaryImageOfPage\":{\"@id\":\"https:\\\/\\\/www.oracaoefe.com\\\/mosaico-de-fe-a-intrincada-tapecaria-das-religioes-no-brasil\\\/#primaryimage\"},\"image\":{\"@id\":\"https:\\\/\\\/www.oracaoefe.com\\\/mosaico-de-fe-a-intrincada-tapecaria-das-religioes-no-brasil\\\/#primaryimage\"},\"thumbnailUrl\":\"https:\\\/\\\/www.oracaoefe.com\\\/wp-content\\\/uploads\\\/2023\\\/06\\\/THUMB-SITE-52.jpg\",\"datePublished\":\"2023-06-12T14:49:21+00:00\",\"dateModified\":\"2023-06-12T14:49:22+00:00\",\"author\":{\"@id\":\"https:\\\/\\\/www.oracaoefe.com\\\/#\\\/schema\\\/person\\\/27873f1e6043866689f5091b5139f23d\"},\"description\":\"A religi\u00e3o no Brasil constitui uma rica tape\u00e7aria de cren\u00e7as e pr\u00e1ticas que t\u00eam moldado o tecido social e cultural desta na\u00e7\u00e3o...\",\"breadcrumb\":{\"@id\":\"https:\\\/\\\/www.oracaoefe.com\\\/mosaico-de-fe-a-intrincada-tapecaria-das-religioes-no-brasil\\\/#breadcrumb\"},\"inLanguage\":\"es\",\"potentialAction\":[{\"@type\":\"ReadAction\",\"target\":[\"https:\\\/\\\/www.oracaoefe.com\\\/mosaico-de-fe-a-intrincada-tapecaria-das-religioes-no-brasil\\\/\"]}]},{\"@type\":\"ImageObject\",\"inLanguage\":\"es\",\"@id\":\"https:\\\/\\\/www.oracaoefe.com\\\/mosaico-de-fe-a-intrincada-tapecaria-das-religioes-no-brasil\\\/#primaryimage\",\"url\":\"https:\\\/\\\/www.oracaoefe.com\\\/wp-content\\\/uploads\\\/2023\\\/06\\\/THUMB-SITE-52.jpg\",\"contentUrl\":\"https:\\\/\\\/www.oracaoefe.com\\\/wp-content\\\/uploads\\\/2023\\\/06\\\/THUMB-SITE-52.jpg\",\"width\":1200,\"height\":675},{\"@type\":\"BreadcrumbList\",\"@id\":\"https:\\\/\\\/www.oracaoefe.com\\\/mosaico-de-fe-a-intrincada-tapecaria-das-religioes-no-brasil\\\/#breadcrumb\",\"itemListElement\":[{\"@type\":\"ListItem\",\"position\":1,\"name\":\"Home\",\"item\":\"https:\\\/\\\/www.oracaoefe.com\\\/\"},{\"@type\":\"ListItem\",\"position\":2,\"name\":\"Curiosidades\",\"item\":\"https:\\\/\\\/www.oracaoefe.com\\\/es\\\/categoria\\\/curiosidades\\\/\"},{\"@type\":\"ListItem\",\"position\":3,\"name\":\"Mosaico de F\u00e9: A Intrincada Tape\u00e7aria das Religi\u00f5es no Brasil\"}]},{\"@type\":\"WebSite\",\"@id\":\"https:\\\/\\\/www.oracaoefe.com\\\/#website\",\"url\":\"https:\\\/\\\/www.oracaoefe.com\\\/\",\"name\":\"Ora\u00e7\u00e3o e F\u00e9\",\"description\":\"\",\"potentialAction\":[{\"@type\":\"SearchAction\",\"target\":{\"@type\":\"EntryPoint\",\"urlTemplate\":\"https:\\\/\\\/www.oracaoefe.com\\\/?s={search_term_string}\"},\"query-input\":{\"@type\":\"PropertyValueSpecification\",\"valueRequired\":true,\"valueName\":\"search_term_string\"}}],\"inLanguage\":\"es\"},{\"@type\":\"Person\",\"@id\":\"https:\\\/\\\/www.oracaoefe.com\\\/#\\\/schema\\\/person\\\/27873f1e6043866689f5091b5139f23d\",\"name\":\"Maria\",\"image\":{\"@type\":\"ImageObject\",\"inLanguage\":\"es\",\"@id\":\"https:\\\/\\\/secure.gravatar.com\\\/avatar\\\/4cac5ea56d40d599bd7348d330a83b1c84cd229296d1613cd1c7f6740561d0c9?s=96&d=mm&r=g\",\"url\":\"https:\\\/\\\/secure.gravatar.com\\\/avatar\\\/4cac5ea56d40d599bd7348d330a83b1c84cd229296d1613cd1c7f6740561d0c9?s=96&d=mm&r=g\",\"contentUrl\":\"https:\\\/\\\/secure.gravatar.com\\\/avatar\\\/4cac5ea56d40d599bd7348d330a83b1c84cd229296d1613cd1c7f6740561d0c9?s=96&d=mm&r=g\",\"caption\":\"Maria\"},\"description\":\"Meu nome \u00e9 Maria. Sou apaixonada por teologia e escrevo sobre o mundo religioso h\u00e1 5 anos. Sou curiosa e pesquiso tudo sobre as religi\u00f5es mundo afora. Adoro pesquisar sobre as curiosidades que norteiam as mais variadas doutrinas em diferentes pa\u00edses e idiomas. Hoje, sou redatora e amo compartilhar meu conhecimento no portal Ora\u00e7\u00e3o e F\u00e9.\",\"sameAs\":[\"https:\\\/\\\/www.oracaoefe.com\"],\"url\":\"https:\\\/\\\/www.oracaoefe.com\\\/es\\\/author\\\/admin\\\/\"}]}<\/script>\n<!-- \/ Yoast SEO plugin. -->","yoast_head_json":{"title":"Mosaico de fe: el intrincado tapiz de las religiones en Brasil - Oraci\u00f3n y fe","description":"La religi\u00f3n en Brasil constituye un rico tapiz de creencias y pr\u00e1cticas que han conformado el tejido social y cultural de esta naci\u00f3n...","robots":{"index":"index","follow":"follow","max-snippet":"max-snippet:-1","max-image-preview":"max-image-preview:large","max-video-preview":"max-video-preview:-1"},"canonical":"https:\/\/www.oracaoefe.com\/es\/mosaico-de-fe-a-intrincada-tapecaria-das-religioses-no-brasil\/","og_locale":"es_ES","og_type":"article","og_title":"Mosaico de F\u00e9: A Intrincada Tape\u00e7aria das Religi\u00f5es no Brasil - Ora\u00e7\u00e3o e F\u00e9","og_description":"A religi\u00e3o no Brasil constitui uma rica tape\u00e7aria de cren\u00e7as e pr\u00e1ticas que t\u00eam moldado o tecido social e cultural desta na\u00e7\u00e3o...","og_url":"https:\/\/www.oracaoefe.com\/es\/mosaico-de-fe-a-intrincada-tapecaria-das-religioses-no-brasil\/","og_site_name":"Ora\u00e7\u00e3o e F\u00e9","article_published_time":"2023-06-12T14:49:21+00:00","article_modified_time":"2023-06-12T14:49:22+00:00","og_image":[{"width":1200,"height":675,"url":"https:\/\/www.oracaoefe.com\/wp-content\/uploads\/2023\/06\/THUMB-SITE-52.jpg","type":"image\/jpeg"}],"author":"Maria","twitter_card":"summary_large_image","twitter_misc":{"Escrito por":"Maria","Tiempo de lectura":"3 minutos"},"schema":{"@context":"https:\/\/schema.org","@graph":[{"@type":"Article","@id":"https:\/\/www.oracaoefe.com\/mosaico-de-fe-a-intrincada-tapecaria-das-religioes-no-brasil\/#article","isPartOf":{"@id":"https:\/\/www.oracaoefe.com\/mosaico-de-fe-a-intrincada-tapecaria-das-religioes-no-brasil\/"},"author":{"name":"Maria","@id":"https:\/\/www.oracaoefe.com\/#\/schema\/person\/27873f1e6043866689f5091b5139f23d"},"headline":"Mosaico de F\u00e9: A Intrincada Tape\u00e7aria das Religi\u00f5es no Brasil","datePublished":"2023-06-12T14:49:21+00:00","dateModified":"2023-06-12T14:49:22+00:00","mainEntityOfPage":{"@id":"https:\/\/www.oracaoefe.com\/mosaico-de-fe-a-intrincada-tapecaria-das-religioes-no-brasil\/"},"wordCount":685,"image":{"@id":"https:\/\/www.oracaoefe.com\/mosaico-de-fe-a-intrincada-tapecaria-das-religioes-no-brasil\/#primaryimage"},"thumbnailUrl":"https:\/\/www.oracaoefe.com\/wp-content\/uploads\/2023\/06\/THUMB-SITE-52.jpg","articleSection":["Curiosidades"],"inLanguage":"es"},{"@type":"WebPage","@id":"https:\/\/www.oracaoefe.com\/mosaico-de-fe-a-intrincada-tapecaria-das-religioes-no-brasil\/","url":"https:\/\/www.oracaoefe.com\/mosaico-de-fe-a-intrincada-tapecaria-das-religioes-no-brasil\/","name":"Mosaico de fe: el intrincado tapiz de las religiones en Brasil - Oraci\u00f3n y fe","isPartOf":{"@id":"https:\/\/www.oracaoefe.com\/#website"},"primaryImageOfPage":{"@id":"https:\/\/www.oracaoefe.com\/mosaico-de-fe-a-intrincada-tapecaria-das-religioes-no-brasil\/#primaryimage"},"image":{"@id":"https:\/\/www.oracaoefe.com\/mosaico-de-fe-a-intrincada-tapecaria-das-religioes-no-brasil\/#primaryimage"},"thumbnailUrl":"https:\/\/www.oracaoefe.com\/wp-content\/uploads\/2023\/06\/THUMB-SITE-52.jpg","datePublished":"2023-06-12T14:49:21+00:00","dateModified":"2023-06-12T14:49:22+00:00","author":{"@id":"https:\/\/www.oracaoefe.com\/#\/schema\/person\/27873f1e6043866689f5091b5139f23d"},"description":"La religi\u00f3n en Brasil constituye un rico tapiz de creencias y pr\u00e1cticas que han conformado el tejido social y cultural de esta naci\u00f3n...","breadcrumb":{"@id":"https:\/\/www.oracaoefe.com\/mosaico-de-fe-a-intrincada-tapecaria-das-religioes-no-brasil\/#breadcrumb"},"inLanguage":"es","potentialAction":[{"@type":"ReadAction","target":["https:\/\/www.oracaoefe.com\/mosaico-de-fe-a-intrincada-tapecaria-das-religioes-no-brasil\/"]}]},{"@type":"ImageObject","inLanguage":"es","@id":"https:\/\/www.oracaoefe.com\/mosaico-de-fe-a-intrincada-tapecaria-das-religioes-no-brasil\/#primaryimage","url":"https:\/\/www.oracaoefe.com\/wp-content\/uploads\/2023\/06\/THUMB-SITE-52.jpg","contentUrl":"https:\/\/www.oracaoefe.com\/wp-content\/uploads\/2023\/06\/THUMB-SITE-52.jpg","width":1200,"height":675},{"@type":"BreadcrumbList","@id":"https:\/\/www.oracaoefe.com\/mosaico-de-fe-a-intrincada-tapecaria-das-religioes-no-brasil\/#breadcrumb","itemListElement":[{"@type":"ListItem","position":1,"name":"Home","item":"https:\/\/www.oracaoefe.com\/"},{"@type":"ListItem","position":2,"name":"Curiosidades","item":"https:\/\/www.oracaoefe.com\/es\/categoria\/curiosidades\/"},{"@type":"ListItem","position":3,"name":"Mosaico de F\u00e9: A Intrincada Tape\u00e7aria das Religi\u00f5es no Brasil"}]},{"@type":"WebSite","@id":"https:\/\/www.oracaoefe.com\/#website","url":"https:\/\/www.oracaoefe.com\/","name":"Oraci\u00f3n y fe","description":"","potentialAction":[{"@type":"SearchAction","target":{"@type":"EntryPoint","urlTemplate":"https:\/\/www.oracaoefe.com\/?s={search_term_string}"},"query-input":{"@type":"PropertyValueSpecification","valueRequired":true,"valueName":"search_term_string"}}],"inLanguage":"es"},{"@type":"Person","@id":"https:\/\/www.oracaoefe.com\/#\/schema\/person\/27873f1e6043866689f5091b5139f23d","name":"Mar\u00eda","image":{"@type":"ImageObject","inLanguage":"es","@id":"https:\/\/secure.gravatar.com\/avatar\/4cac5ea56d40d599bd7348d330a83b1c84cd229296d1613cd1c7f6740561d0c9?s=96&d=mm&r=g","url":"https:\/\/secure.gravatar.com\/avatar\/4cac5ea56d40d599bd7348d330a83b1c84cd229296d1613cd1c7f6740561d0c9?s=96&d=mm&r=g","contentUrl":"https:\/\/secure.gravatar.com\/avatar\/4cac5ea56d40d599bd7348d330a83b1c84cd229296d1613cd1c7f6740561d0c9?s=96&d=mm&r=g","caption":"Maria"},"description":"Me llamo Mar\u00eda. Me apasiona la teolog\u00eda y llevo 5 a\u00f1os escribiendo sobre el mundo religioso. Soy curioso e investigo todo sobre las religiones del mundo. Me encanta investigar las curiosidades que gu\u00edan las m\u00e1s variadas doctrinas en diferentes pa\u00edses y lenguas. Hoy en d\u00eda, soy editora y me encanta compartir mis conocimientos en el portal Oraci\u00f3n y Fe.","sameAs":["https:\/\/www.oracaoefe.com"],"url":"https:\/\/www.oracaoefe.com\/es\/author\/admin\/"}]}},"_links":{"self":[{"href":"https:\/\/www.oracaoefe.com\/es\/wp-json\/wp\/v2\/posts\/2380","targetHints":{"allow":["GET"]}}],"collection":[{"href":"https:\/\/www.oracaoefe.com\/es\/wp-json\/wp\/v2\/posts"}],"about":[{"href":"https:\/\/www.oracaoefe.com\/es\/wp-json\/wp\/v2\/types\/post"}],"author":[{"embeddable":true,"href":"https:\/\/www.oracaoefe.com\/es\/wp-json\/wp\/v2\/users\/1"}],"replies":[{"embeddable":true,"href":"https:\/\/www.oracaoefe.com\/es\/wp-json\/wp\/v2\/comments?post=2380"}],"version-history":[{"count":1,"href":"https:\/\/www.oracaoefe.com\/es\/wp-json\/wp\/v2\/posts\/2380\/revisions"}],"predecessor-version":[{"id":2382,"href":"https:\/\/www.oracaoefe.com\/es\/wp-json\/wp\/v2\/posts\/2380\/revisions\/2382"}],"wp:featuredmedia":[{"embeddable":true,"href":"https:\/\/www.oracaoefe.com\/es\/wp-json\/wp\/v2\/media\/2381"}],"wp:attachment":[{"href":"https:\/\/www.oracaoefe.com\/es\/wp-json\/wp\/v2\/media?parent=2380"}],"wp:term":[{"taxonomy":"category","embeddable":true,"href":"https:\/\/www.oracaoefe.com\/es\/wp-json\/wp\/v2\/categories?post=2380"},{"taxonomy":"post_tag","embeddable":true,"href":"https:\/\/www.oracaoefe.com\/es\/wp-json\/wp\/v2\/tags?post=2380"}],"curies":[{"name":"wp","href":"https:\/\/api.w.org\/{rel}","templated":true}]}}